{"id":120478,"date":"2025-08-13T09:53:09","date_gmt":"2025-08-13T12:53:09","guid":{"rendered":"https:\/\/redenoticiaz.com.br\/litoralsp\/2025\/08\/13\/lula-anuncia-pacote-brasil-soberano-para-reduzir-impacto-de-tarifas-dos-eua"},"modified":"2025-08-13T09:53:09","modified_gmt":"2025-08-13T12:53:09","slug":"lula-anuncia-pacote-brasil-soberano-para-reduzir-impacto-de-tarifas-dos-eua","status":"publish","type":"post","link":"https:\/\/redenoticiaz.com.br\/litoralsp\/2025\/08\/13\/lula-anuncia-pacote-brasil-soberano-para-reduzir-impacto-de-tarifas-dos-eua","title":{"rendered":"Lula anuncia pacote \u201cBrasil Soberano\u201d para reduzir impacto de tarifas dos EUA"},"content":{"rendered":"<p>O <strong>presidente Lula<\/strong> apresenta, nesta quarta-feira (13), em Bras\u00edlia, o pacote de medidas batizado de <strong>\u201cBrasil Soberano\u201d,<\/strong> criado para reduzir os efeitos das <strong>tarifas impostas pelos Estados Unidos<\/strong> a produtos brasileiros.<\/p>\n<p>Segundo integrantes do governo, o plano ter\u00e1 alcance restrito, beneficiando apenas empresas comprovadamente afetadas pelo chamado tarifa\u00e7o. Um levantamento est\u00e1 em andamento para identificar quem realmente sofreu preju\u00edzos, evitando distor\u00e7\u00f5es como as registradas no Programa Emergencial de Retomada do Setor de Eventos (Perse) durante a pandemia.<\/p>\n<p>A medida provis\u00f3ria ser\u00e1 assinada em cerim\u00f4nia com a presen\u00e7a de autoridades e empres\u00e1rios. O texto tamb\u00e9m incluir\u00e1 mecanismos que obrigam as empresas contempladas a assumir compromissos de manuten\u00e7\u00e3o de empregos, como contrapartida ao benef\u00edcio recebido.<\/p>\n<p>Com o \u201cBrasil Soberano\u201d, o Planalto busca preservar postos de trabalho e proteger setores estrat\u00e9gicos da economia nacional diante da nova pol\u00edtica comercial norte-americana.<\/p>\n<p>LEIA MAIS<\/p>\n<p><a href=\"https:\/\/redenoticiaz.com.br\/blog\/2025\/08\/13\/homem-invade-casa-da-ex-e-a-ameaca-com-tesoura\">Homem invade casa da ex e a amea\u00e7a com tesoura<\/a><\/p>\n<p><a href=\"https:\/\/redenoticiaz.com.br\/blog\/2025\/08\/12\/traficante-tenta-escapar-apos-mulher-alertar-sobre-viatura\">Traficante tenta escapar ap\u00f3s mulher alertar sobre viatura<\/a><\/p>\n","protected":false},"excerpt":{"rendered":"<p>O presidente Lula apresenta, nesta quarta-feira (13), em Bras\u00edlia, o pacote de medidas batizado de \u201cBrasil Soberano\u201d, criado para reduzir os efeitos das tarifas impostas pelos Estados Unidos a produtos brasileiros. Segundo integrantes do governo, o plano ter\u00e1 alcance restrito, beneficiando apenas empresas comprovadamente afetadas pelo chamado tarifa\u00e7o. Um levantamento est\u00e1 em andamento para identificar &hellip;<\/p>\n","protected":false},"author":30,"featured_media":115678,"comment_status":"open","ping_status":"closed","sticky":false,"template":"","format":"standard","meta":{"footnotes":""},"categories":[97],"tags":[69318,4170,69192],"class_list":["post-120478","post","type-post","status-publish","format-standard","has-post-thumbnail","hentry","category-economia","tag-brasil-soberano","tag-lula","tag-tarifaco"],"yoast_head":"<!-- This site is optimized with the Yoast SEO plugin v27.4 - https:\/\/yoast.com\/product\/yoast-seo-wordpress\/ -->\n<title>Lula anuncia pacote \u201cBrasil Soberano\u201d para reduzir impacto de tarifas dos EUA - Litoral SP<\/title>\n<meta name=\"description\" content=\"Lula apresenta, nesta quarta-feira (13), em Bras\u00edlia, o pacote de medidas batizado de \u201cBrasil Soberano\u201d, criado para reduzir os efeitos das tarifas impostas pelo EUA\" \/>\n<meta name=\"robots\" content=\"index, follow, max-snippet:-1, max-image-preview:large, max-video-preview:-1\" \/>\n<link rel=\"canonical\" href=\"https:\/\/redenoticiaz.com.br\/litoralsp\/2025\/08\/13\/lula-anuncia-pacote-brasil-soberano-para-reduzir-impacto-de-tarifas-dos-eua\" \/>\n<meta property=\"og:locale\" content=\"pt_BR\" \/>\n<meta property=\"og:type\" content=\"article\" \/>\n<meta property=\"og:title\" content=\"Lula anuncia pacote \u201cBrasil Soberano\u201d para reduzir impacto de tarifas dos EUA - Litoral SP\" \/>\n<meta property=\"og:description\" content=\"Lula apresenta, nesta quarta-feira (13), em Bras\u00edlia, o pacote de medidas batizado de \u201cBrasil Soberano\u201d, criado para reduzir os efeitos das tarifas impostas pelo EUA\" \/>\n<meta property=\"og:url\" content=\"https:\/\/redenoticiaz.com.br\/litoralsp\/2025\/08\/13\/lula-anuncia-pacote-brasil-soberano-para-reduzir-impacto-de-tarifas-dos-eua\" \/>\n<meta property=\"og:site_name\" content=\"Litoral SP\" \/>\n<meta property=\"article:published_time\" content=\"2025-08-13T12:53:09+00:00\" \/>\n<meta property=\"og:image\" content=\"https:\/\/redenoticiaz.com.br\/litoralsp\/wp-content\/uploads\/sites\/3\/2024\/04\/Captura-de-tela-2024-04-12-163407.png?v=1712950539\" \/>\n\t<meta property=\"og:image:width\" content=\"474\" \/>\n\t<meta property=\"og:image:height\" content=\"292\" \/>\n\t<meta property=\"og:image:type\" content=\"image\/png\" \/>\n<meta name=\"author\" content=\"Carina Reifonas\" \/>\n<meta name=\"twitter:card\" content=\"summary_large_image\" \/>\n<meta name=\"twitter:label1\" content=\"Escrito por\" \/>\n\t<meta name=\"twitter:data1\" content=\"Carina Reifonas\" \/>\n\t<meta name=\"twitter:label2\" content=\"Est. tempo de leitura\" \/>\n\t<meta name=\"twitter:data2\" content=\"2 minutos\" \/>\n<script type=\"application\/ld+json\" class=\"yoast-schema-graph\">{\"@context\":\"https:\\\/\\\/schema.org\",\"@graph\":[{\"@type\":\"Article\",\"@id\":\"https:\\\/\\\/redenoticiaz.com.br\\\/litoralsp\\\/2025\\\/08\\\/13\\\/lula-anuncia-pacote-brasil-soberano-para-reduzir-impacto-de-tarifas-dos-eua#article\",\"isPartOf\":{\"@id\":\"https:\\\/\\\/redenoticiaz.com.br\\\/litoralsp\\\/2025\\\/08\\\/13\\\/lula-anuncia-pacote-brasil-soberano-para-reduzir-impacto-de-tarifas-dos-eua\"},\"author\":{\"name\":\"Carina Reifonas\",\"@id\":\"https:\\\/\\\/redenoticiaz.com.br\\\/litoralsp\\\/#\\\/schema\\\/person\\\/1f84d6e94e6a62d2d81199d7503e9e90\"},\"headline\":\"Lula anuncia pacote \u201cBrasil Soberano\u201d para reduzir impacto de tarifas dos EUA\",\"datePublished\":\"2025-08-13T12:53:09+00:00\",\"mainEntityOfPage\":{\"@id\":\"https:\\\/\\\/redenoticiaz.com.br\\\/litoralsp\\\/2025\\\/08\\\/13\\\/lula-anuncia-pacote-brasil-soberano-para-reduzir-impacto-de-tarifas-dos-eua\"},\"wordCount\":183,\"commentCount\":0,\"publisher\":{\"@id\":\"https:\\\/\\\/redenoticiaz.com.br\\\/litoralsp\\\/#organization\"},\"image\":{\"@id\":\"https:\\\/\\\/redenoticiaz.com.br\\\/litoralsp\\\/2025\\\/08\\\/13\\\/lula-anuncia-pacote-brasil-soberano-para-reduzir-impacto-de-tarifas-dos-eua#primaryimage\"},\"thumbnailUrl\":\"https:\\\/\\\/redenoticiaz.com.br\\\/litoralsp\\\/wp-content\\\/uploads\\\/sites\\\/3\\\/2024\\\/04\\\/Captura-de-tela-2024-04-12-163407.png?v=1712950539\",\"keywords\":[\"Brasil Soberano\",\"Lula\",\"tarifa\u00e7o\"],\"articleSection\":[\"Economia\"],\"inLanguage\":\"pt-BR\",\"potentialAction\":[{\"@type\":\"CommentAction\",\"name\":\"Comment\",\"target\":[\"https:\\\/\\\/redenoticiaz.com.br\\\/litoralsp\\\/2025\\\/08\\\/13\\\/lula-anuncia-pacote-brasil-soberano-para-reduzir-impacto-de-tarifas-dos-eua#respond\"]}]},{\"@type\":\"WebPage\",\"@id\":\"https:\\\/\\\/redenoticiaz.com.br\\\/litoralsp\\\/2025\\\/08\\\/13\\\/lula-anuncia-pacote-brasil-soberano-para-reduzir-impacto-de-tarifas-dos-eua\",\"url\":\"https:\\\/\\\/redenoticiaz.com.br\\\/litoralsp\\\/2025\\\/08\\\/13\\\/lula-anuncia-pacote-brasil-soberano-para-reduzir-impacto-de-tarifas-dos-eua\",\"name\":\"Lula anuncia pacote \u201cBrasil Soberano\u201d para reduzir impacto de tarifas dos EUA - Litoral SP\",\"isPartOf\":{\"@id\":\"https:\\\/\\\/redenoticiaz.com.br\\\/litoralsp\\\/#website\"},\"primaryImageOfPage\":{\"@id\":\"https:\\\/\\\/redenoticiaz.com.br\\\/litoralsp\\\/2025\\\/08\\\/13\\\/lula-anuncia-pacote-brasil-soberano-para-reduzir-impacto-de-tarifas-dos-eua#primaryimage\"},\"image\":{\"@id\":\"https:\\\/\\\/redenoticiaz.com.br\\\/litoralsp\\\/2025\\\/08\\\/13\\\/lula-anuncia-pacote-brasil-soberano-para-reduzir-impacto-de-tarifas-dos-eua#primaryimage\"},\"thumbnailUrl\":\"https:\\\/\\\/redenoticiaz.com.br\\\/litoralsp\\\/wp-content\\\/uploads\\\/sites\\\/3\\\/2024\\\/04\\\/Captura-de-tela-2024-04-12-163407.png?v=1712950539\",\"datePublished\":\"2025-08-13T12:53:09+00:00\",\"description\":\"Lula apresenta, nesta quarta-feira (13), em Bras\u00edlia, o pacote de medidas batizado de \u201cBrasil Soberano\u201d, criado para reduzir os efeitos das tarifas impostas pelo EUA\",\"inLanguage\":\"pt-BR\",\"potentialAction\":[{\"@type\":\"ReadAction\",\"target\":[\"https:\\\/\\\/redenoticiaz.com.br\\\/litoralsp\\\/2025\\\/08\\\/13\\\/lula-anuncia-pacote-brasil-soberano-para-reduzir-impacto-de-tarifas-dos-eua\"]}]},{\"@type\":\"ImageObject\",\"inLanguage\":\"pt-BR\",\"@id\":\"https:\\\/\\\/redenoticiaz.com.br\\\/litoralsp\\\/2025\\\/08\\\/13\\\/lula-anuncia-pacote-brasil-soberano-para-reduzir-impacto-de-tarifas-dos-eua#primaryimage\",\"url\":\"https:\\\/\\\/redenoticiaz.com.br\\\/litoralsp\\\/wp-content\\\/uploads\\\/sites\\\/3\\\/2024\\\/04\\\/Captura-de-tela-2024-04-12-163407.png?v=1712950539\",\"contentUrl\":\"https:\\\/\\\/redenoticiaz.com.br\\\/litoralsp\\\/wp-content\\\/uploads\\\/sites\\\/3\\\/2024\\\/04\\\/Captura-de-tela-2024-04-12-163407.png?v=1712950539\",\"width\":474,\"height\":292},{\"@type\":\"WebSite\",\"@id\":\"https:\\\/\\\/redenoticiaz.com.br\\\/litoralsp\\\/#website\",\"url\":\"https:\\\/\\\/redenoticiaz.com.br\\\/litoralsp\\\/\",\"name\":\"Litoral SP\",\"description\":\"Rede NoticiaZ\",\"publisher\":{\"@id\":\"https:\\\/\\\/redenoticiaz.com.br\\\/litoralsp\\\/#organization\"},\"potentialAction\":[{\"@type\":\"SearchAction\",\"target\":{\"@type\":\"EntryPoint\",\"urlTemplate\":\"https:\\\/\\\/redenoticiaz.com.br\\\/litoralsp\\\/?s={search_term_string}\"},\"query-input\":{\"@type\":\"PropertyValueSpecification\",\"valueRequired\":true,\"valueName\":\"search_term_string\"}}],\"inLanguage\":\"pt-BR\"},{\"@type\":\"Organization\",\"@id\":\"https:\\\/\\\/redenoticiaz.com.br\\\/litoralsp\\\/#organization\",\"name\":\"Litoral SP\",\"url\":\"https:\\\/\\\/redenoticiaz.com.br\\\/litoralsp\\\/\",\"logo\":{\"@type\":\"ImageObject\",\"inLanguage\":\"pt-BR\",\"@id\":\"https:\\\/\\\/redenoticiaz.com.br\\\/litoralsp\\\/#\\\/schema\\\/logo\\\/image\\\/\",\"url\":\"https:\\\/\\\/redenoticiaz.com.br\\\/litoralsp\\\/wp-content\\\/uploads\\\/sites\\\/3\\\/2020\\\/11\\\/logo.jpg\",\"contentUrl\":\"https:\\\/\\\/redenoticiaz.com.br\\\/litoralsp\\\/wp-content\\\/uploads\\\/sites\\\/3\\\/2020\\\/11\\\/logo.jpg\",\"width\":400,\"height\":250,\"caption\":\"Litoral SP\"},\"image\":{\"@id\":\"https:\\\/\\\/redenoticiaz.com.br\\\/litoralsp\\\/#\\\/schema\\\/logo\\\/image\\\/\"}},{\"@type\":\"Person\",\"@id\":\"https:\\\/\\\/redenoticiaz.com.br\\\/litoralsp\\\/#\\\/schema\\\/person\\\/1f84d6e94e6a62d2d81199d7503e9e90\",\"name\":\"Carina Reifonas\",\"image\":{\"@type\":\"ImageObject\",\"inLanguage\":\"pt-BR\",\"@id\":\"https:\\\/\\\/secure.gravatar.com\\\/avatar\\\/04c59859b23696cf867715880f81d5c037e60109730bdb4e6670ec2a2245bc97?s=96&d=mm&r=g\",\"url\":\"https:\\\/\\\/secure.gravatar.com\\\/avatar\\\/04c59859b23696cf867715880f81d5c037e60109730bdb4e6670ec2a2245bc97?s=96&d=mm&r=g\",\"contentUrl\":\"https:\\\/\\\/secure.gravatar.com\\\/avatar\\\/04c59859b23696cf867715880f81d5c037e60109730bdb4e6670ec2a2245bc97?s=96&d=mm&r=g\",\"caption\":\"Carina Reifonas\"},\"url\":\"https:\\\/\\\/redenoticiaz.com.br\\\/litoralsp\\\/author\\\/carinareifonas\"}]}<\/script>\n<!-- \/ Yoast SEO plugin. -->","yoast_head_json":{"title":"Lula anuncia pacote \u201cBrasil Soberano\u201d para reduzir impacto de tarifas dos EUA - Litoral SP","description":"Lula apresenta, nesta quarta-feira (13), em Bras\u00edlia, o pacote de medidas batizado de \u201cBrasil Soberano\u201d, criado para reduzir os efeitos das tarifas impostas pelo EUA","robots":{"index":"index","follow":"follow","max-snippet":"max-snippet:-1","max-image-preview":"max-image-preview:large","max-video-preview":"max-video-preview:-1"},"canonical":"https:\/\/redenoticiaz.com.br\/litoralsp\/2025\/08\/13\/lula-anuncia-pacote-brasil-soberano-para-reduzir-impacto-de-tarifas-dos-eua","og_locale":"pt_BR","og_type":"article","og_title":"Lula anuncia pacote \u201cBrasil Soberano\u201d para reduzir impacto de tarifas dos EUA - Litoral SP","og_description":"Lula apresenta, nesta quarta-feira (13), em Bras\u00edlia, o pacote de medidas batizado de \u201cBrasil Soberano\u201d, criado para reduzir os efeitos das tarifas impostas pelo EUA","og_url":"https:\/\/redenoticiaz.com.br\/litoralsp\/2025\/08\/13\/lula-anuncia-pacote-brasil-soberano-para-reduzir-impacto-de-tarifas-dos-eua","og_site_name":"Litoral SP","article_published_time":"2025-08-13T12:53:09+00:00","og_image":[{"width":474,"height":292,"url":"https:\/\/redenoticiaz.com.br\/litoralsp\/wp-content\/uploads\/sites\/3\/2024\/04\/Captura-de-tela-2024-04-12-163407.png?v=1712950539","type":"image\/png"}],"author":"Carina Reifonas","twitter_card":"summary_large_image","twitter_misc":{"Escrito por":"Carina Reifonas","Est. tempo de leitura":"2 minutos"},"schema":{"@context":"https:\/\/schema.org","@graph":[{"@type":"Article","@id":"https:\/\/redenoticiaz.com.br\/litoralsp\/2025\/08\/13\/lula-anuncia-pacote-brasil-soberano-para-reduzir-impacto-de-tarifas-dos-eua#article","isPartOf":{"@id":"https:\/\/redenoticiaz.com.br\/litoralsp\/2025\/08\/13\/lula-anuncia-pacote-brasil-soberano-para-reduzir-impacto-de-tarifas-dos-eua"},"author":{"name":"Carina Reifonas","@id":"https:\/\/redenoticiaz.com.br\/litoralsp\/#\/schema\/person\/1f84d6e94e6a62d2d81199d7503e9e90"},"headline":"Lula anuncia pacote \u201cBrasil Soberano\u201d para reduzir impacto de tarifas dos EUA","datePublished":"2025-08-13T12:53:09+00:00","mainEntityOfPage":{"@id":"https:\/\/redenoticiaz.com.br\/litoralsp\/2025\/08\/13\/lula-anuncia-pacote-brasil-soberano-para-reduzir-impacto-de-tarifas-dos-eua"},"wordCount":183,"commentCount":0,"publisher":{"@id":"https:\/\/redenoticiaz.com.br\/litoralsp\/#organization"},"image":{"@id":"https:\/\/redenoticiaz.com.br\/litoralsp\/2025\/08\/13\/lula-anuncia-pacote-brasil-soberano-para-reduzir-impacto-de-tarifas-dos-eua#primaryimage"},"thumbnailUrl":"https:\/\/redenoticiaz.com.br\/litoralsp\/wp-content\/uploads\/sites\/3\/2024\/04\/Captura-de-tela-2024-04-12-163407.png?v=1712950539","keywords":["Brasil Soberano","Lula","tarifa\u00e7o"],"articleSection":["Economia"],"inLanguage":"pt-BR","potentialAction":[{"@type":"CommentAction","name":"Comment","target":["https:\/\/redenoticiaz.com.br\/litoralsp\/2025\/08\/13\/lula-anuncia-pacote-brasil-soberano-para-reduzir-impacto-de-tarifas-dos-eua#respond"]}]},{"@type":"WebPage","@id":"https:\/\/redenoticiaz.com.br\/litoralsp\/2025\/08\/13\/lula-anuncia-pacote-brasil-soberano-para-reduzir-impacto-de-tarifas-dos-eua","url":"https:\/\/redenoticiaz.com.br\/litoralsp\/2025\/08\/13\/lula-anuncia-pacote-brasil-soberano-para-reduzir-impacto-de-tarifas-dos-eua","name":"Lula anuncia pacote \u201cBrasil Soberano\u201d para reduzir impacto de tarifas dos EUA - Litoral SP","isPartOf":{"@id":"https:\/\/redenoticiaz.com.br\/litoralsp\/#website"},"primaryImageOfPage":{"@id":"https:\/\/redenoticiaz.com.br\/litoralsp\/2025\/08\/13\/lula-anuncia-pacote-brasil-soberano-para-reduzir-impacto-de-tarifas-dos-eua#primaryimage"},"image":{"@id":"https:\/\/redenoticiaz.com.br\/litoralsp\/2025\/08\/13\/lula-anuncia-pacote-brasil-soberano-para-reduzir-impacto-de-tarifas-dos-eua#primaryimage"},"thumbnailUrl":"https:\/\/redenoticiaz.com.br\/litoralsp\/wp-content\/uploads\/sites\/3\/2024\/04\/Captura-de-tela-2024-04-12-163407.png?v=1712950539","datePublished":"2025-08-13T12:53:09+00:00","description":"Lula apresenta, nesta quarta-feira (13), em Bras\u00edlia, o pacote de medidas batizado de \u201cBrasil Soberano\u201d, criado para reduzir os efeitos das tarifas impostas pelo EUA","inLanguage":"pt-BR","potentialAction":[{"@type":"ReadAction","target":["https:\/\/redenoticiaz.com.br\/litoralsp\/2025\/08\/13\/lula-anuncia-pacote-brasil-soberano-para-reduzir-impacto-de-tarifas-dos-eua"]}]},{"@type":"ImageObject","inLanguage":"pt-BR","@id":"https:\/\/redenoticiaz.com.br\/litoralsp\/2025\/08\/13\/lula-anuncia-pacote-brasil-soberano-para-reduzir-impacto-de-tarifas-dos-eua#primaryimage","url":"https:\/\/redenoticiaz.com.br\/litoralsp\/wp-content\/uploads\/sites\/3\/2024\/04\/Captura-de-tela-2024-04-12-163407.png?v=1712950539","contentUrl":"https:\/\/redenoticiaz.com.br\/litoralsp\/wp-content\/uploads\/sites\/3\/2024\/04\/Captura-de-tela-2024-04-12-163407.png?v=1712950539","width":474,"height":292},{"@type":"WebSite","@id":"https:\/\/redenoticiaz.com.br\/litoralsp\/#website","url":"https:\/\/redenoticiaz.com.br\/litoralsp\/","name":"Litoral SP","description":"Rede NoticiaZ","publisher":{"@id":"https:\/\/redenoticiaz.com.br\/litoralsp\/#organization"},"potentialAction":[{"@type":"SearchAction","target":{"@type":"EntryPoint","urlTemplate":"https:\/\/redenoticiaz.com.br\/litoralsp\/?s={search_term_string}"},"query-input":{"@type":"PropertyValueSpecification","valueRequired":true,"valueName":"search_term_string"}}],"inLanguage":"pt-BR"},{"@type":"Organization","@id":"https:\/\/redenoticiaz.com.br\/litoralsp\/#organization","name":"Litoral SP","url":"https:\/\/redenoticiaz.com.br\/litoralsp\/","logo":{"@type":"ImageObject","inLanguage":"pt-BR","@id":"https:\/\/redenoticiaz.com.br\/litoralsp\/#\/schema\/logo\/image\/","url":"https:\/\/redenoticiaz.com.br\/litoralsp\/wp-content\/uploads\/sites\/3\/2020\/11\/logo.jpg","contentUrl":"https:\/\/redenoticiaz.com.br\/litoralsp\/wp-content\/uploads\/sites\/3\/2020\/11\/logo.jpg","width":400,"height":250,"caption":"Litoral SP"},"image":{"@id":"https:\/\/redenoticiaz.com.br\/litoralsp\/#\/schema\/logo\/image\/"}},{"@type":"Person","@id":"https:\/\/redenoticiaz.com.br\/litoralsp\/#\/schema\/person\/1f84d6e94e6a62d2d81199d7503e9e90","name":"Carina Reifonas","image":{"@type":"ImageObject","inLanguage":"pt-BR","@id":"https:\/\/secure.gravatar.com\/avatar\/04c59859b23696cf867715880f81d5c037e60109730bdb4e6670ec2a2245bc97?s=96&d=mm&r=g","url":"https:\/\/secure.gravatar.com\/avatar\/04c59859b23696cf867715880f81d5c037e60109730bdb4e6670ec2a2245bc97?s=96&d=mm&r=g","contentUrl":"https:\/\/secure.gravatar.com\/avatar\/04c59859b23696cf867715880f81d5c037e60109730bdb4e6670ec2a2245bc97?s=96&d=mm&r=g","caption":"Carina Reifonas"},"url":"https:\/\/redenoticiaz.com.br\/litoralsp\/author\/carinareifonas"}]}},"_links":{"self":[{"href":"https:\/\/redenoticiaz.com.br\/litoralsp\/wp-json\/wp\/v2\/posts\/120478","targetHints":{"allow":["GET"]}}],"collection":[{"href":"https:\/\/redenoticiaz.com.br\/litoralsp\/wp-json\/wp\/v2\/posts"}],"about":[{"href":"https:\/\/redenoticiaz.com.br\/litoralsp\/wp-json\/wp\/v2\/types\/post"}],"author":[{"embeddable":true,"href":"https:\/\/redenoticiaz.com.br\/litoralsp\/wp-json\/wp\/v2\/users\/30"}],"replies":[{"embeddable":true,"href":"https:\/\/redenoticiaz.com.br\/litoralsp\/wp-json\/wp\/v2\/comments?post=120478"}],"version-history":[{"count":0,"href":"https:\/\/redenoticiaz.com.br\/litoralsp\/wp-json\/wp\/v2\/posts\/120478\/revisions"}],"wp:featuredmedia":[{"embeddable":true,"href":"https:\/\/redenoticiaz.com.br\/litoralsp\/wp-json\/wp\/v2\/media\/115678"}],"wp:attachment":[{"href":"https:\/\/redenoticiaz.com.br\/litoralsp\/wp-json\/wp\/v2\/media?parent=120478"}],"wp:term":[{"taxonomy":"category","embeddable":true,"href":"https:\/\/redenoticiaz.com.br\/litoralsp\/wp-json\/wp\/v2\/categories?post=120478"},{"taxonomy":"post_tag","embeddable":true,"href":"https:\/\/redenoticiaz.com.br\/litoralsp\/wp-json\/wp\/v2\/tags?post=120478"}],"curies":[{"name":"wp","href":"https:\/\/api.w.org\/{rel}","templated":true}]}}