{"id":120489,"date":"2025-08-17T11:00:23","date_gmt":"2025-08-17T14:00:23","guid":{"rendered":"https:\/\/redenoticiaz.com.br\/litoralsp\/?p=120489"},"modified":"2025-08-13T14:01:46","modified_gmt":"2025-08-13T17:01:46","slug":"casamento-as-cegas-brasil-5-traz-elenco-100-acima-de-50-anos-e-estreia-em-setembro-na-netflix","status":"publish","type":"post","link":"https:\/\/redenoticiaz.com.br\/litoralsp\/2025\/08\/17\/casamento-as-cegas-brasil-5-traz-elenco-100-acima-de-50-anos-e-estreia-em-setembro-na-netflix","title":{"rendered":"Casamento \u00e0s Cegas Brasil 5 traz elenco 100% acima de 50 anos e estreia em setembro na Netflix"},"content":{"rendered":"<p data-start=\"324\" data-end=\"661\">A Netflix divulgou o trailer e os participantes de <em data-start=\"375\" data-end=\"417\">Casamento \u00e0s Cegas Brasil: Nunca \u00e9 Tarde<\/em>, quinta temporada do reality show que estreia em <strong data-start=\"467\" data-end=\"485\">10 de setembro<\/strong>. Pela primeira vez, o elenco ser\u00e1 formado exclusivamente por pessoas <strong data-start=\"555\" data-end=\"575\">acima de 50 anos<\/strong>, refor\u00e7ando a ideia de que o amor e a paix\u00e3o podem nascer em qualquer fase da vida.<\/p>\n<p data-start=\"663\" data-end=\"985\">O formato segue o sucesso das temporadas anteriores: participantes se conhecem em cabines, sem se ver, e precisam decidir se querem ou n\u00e3o se casar com base apenas na conex\u00e3o emocional. Esta edi\u00e7\u00e3o ter\u00e1 tr\u00eas partes: <strong data-start=\"879\" data-end=\"901\">10\/9 (4 epis\u00f3dios)<\/strong>, <strong data-start=\"903\" data-end=\"925\">17\/9 (4 epis\u00f3dios)<\/strong> e <strong data-start=\"928\" data-end=\"957\">24\/9 (2 epis\u00f3dios finais)<\/strong>, com foco nos casamentos.<\/p>\n<p><iframe loading=\"lazy\" title=\"Casamento \u00e0s Cegas: Brasil: Temporada 5 | Trailer oficial | Netflix Brasil\" width=\"500\" height=\"281\" src=\"https:\/\/www.youtube.com\/embed\/YJU3l7RsOT8?feature=oembed\" frameborder=\"0\" allow=\"accelerometer; autoplay; clipboard-write; encrypted-media; gyroscope; picture-in-picture; web-share\" referrerpolicy=\"strict-origin-when-cross-origin\" allowfullscreen><\/iframe><\/p>\n<p data-start=\"987\" data-end=\"1228\">Segundo Camila Queiroz, que apresenta o programa ao lado do marido, Klebber Toledo, a temporada mostra que \u201cos sentimentos continuam os mesmos em qualquer idade \u2014 inseguran\u00e7as, paix\u00f5es e d\u00favidas fazem parte do amor, seja aos 30 ou aos 60\u201d.<\/p>\n<h3 data-start=\"1230\" data-end=\"1259\">Elenco maduro e diverso<\/h3>\n<div id='gallery-1' class='gallery galleryid-120489 gallery-columns-2 gallery-size-full'><figure class='gallery-item'>\n\t\t\t<div class='gallery-icon landscape'>\n\t\t\t\t<a href='https:\/\/redenoticiaz.com.br\/litoralsp\/2025\/08\/17\/casamento-as-cegas-brasil-5-traz-elenco-100-acima-de-50-anos-e-estreia-em-setembro-na-netflix\/casamento-as-cegas-5-cr-julia-mataruna-netflix-2025'><img loading=\"lazy\" decoding=\"async\" width=\"1560\" height=\"1080\" src=\"https:\/\/redenoticiaz.com.br\/litoralsp\/wp-content\/uploads\/sites\/3\/2025\/08\/CAC5-WOMENCAST-_0001-scaled.jpg?v=1755104191\" class=\"attachment-full size-full\" alt=\"\" aria-describedby=\"gallery-1-120492\" srcset=\"https:\/\/redenoticiaz.com.br\/litoralsp\/wp-content\/uploads\/sites\/3\/2025\/08\/CAC5-WOMENCAST-_0001-scaled.jpg?v=1755104191 1560w, https:\/\/redenoticiaz.com.br\/litoralsp\/wp-content\/uploads\/sites\/3\/2025\/08\/CAC5-WOMENCAST-_0001-scaled-300x208.jpg?v=1755104191 300w, https:\/\/redenoticiaz.com.br\/litoralsp\/wp-content\/uploads\/sites\/3\/2025\/08\/CAC5-WOMENCAST-_0001-scaled-1024x709.jpg?v=1755104191 1024w, https:\/\/redenoticiaz.com.br\/litoralsp\/wp-content\/uploads\/sites\/3\/2025\/08\/CAC5-WOMENCAST-_0001-scaled-768x532.jpg?v=1755104191 768w, https:\/\/redenoticiaz.com.br\/litoralsp\/wp-content\/uploads\/sites\/3\/2025\/08\/CAC5-WOMENCAST-_0001-scaled-1536x1063.jpg?v=1755104191 1536w\" sizes=\"auto, (max-width: 1560px) 100vw, 1560px\" \/><\/a>\n\t\t\t<\/div>\n\t\t\t\t<figcaption class='wp-caption-text gallery-caption' id='gallery-1-120492'>\n\t\t\t\tCASAMENTO \u00c0S CEGAS 5. Cr. Julia Mataruna\/Netflix \u00a9 2025\n\t\t\t\t<\/figcaption><\/figure><figure class='gallery-item'>\n\t\t\t<div class='gallery-icon landscape'>\n\t\t\t\t<a href='https:\/\/redenoticiaz.com.br\/litoralsp\/2025\/08\/17\/casamento-as-cegas-brasil-5-traz-elenco-100-acima-de-50-anos-e-estreia-em-setembro-na-netflix\/casamento-as-cegas-5-cr-julia-mataruna-netflix-2025-2'><img loading=\"lazy\" decoding=\"async\" width=\"1560\" height=\"1080\" src=\"https:\/\/redenoticiaz.com.br\/litoralsp\/wp-content\/uploads\/sites\/3\/2025\/08\/CAC5-MENCAST-_0001-scaled.jpg?v=1755104213\" class=\"attachment-full size-full\" alt=\"\" aria-describedby=\"gallery-1-120491\" srcset=\"https:\/\/redenoticiaz.com.br\/litoralsp\/wp-content\/uploads\/sites\/3\/2025\/08\/CAC5-MENCAST-_0001-scaled.jpg?v=1755104213 1560w, https:\/\/redenoticiaz.com.br\/litoralsp\/wp-content\/uploads\/sites\/3\/2025\/08\/CAC5-MENCAST-_0001-scaled-300x208.jpg?v=1755104213 300w, https:\/\/redenoticiaz.com.br\/litoralsp\/wp-content\/uploads\/sites\/3\/2025\/08\/CAC5-MENCAST-_0001-scaled-1024x709.jpg?v=1755104213 1024w, https:\/\/redenoticiaz.com.br\/litoralsp\/wp-content\/uploads\/sites\/3\/2025\/08\/CAC5-MENCAST-_0001-scaled-768x532.jpg?v=1755104213 768w, https:\/\/redenoticiaz.com.br\/litoralsp\/wp-content\/uploads\/sites\/3\/2025\/08\/CAC5-MENCAST-_0001-scaled-1536x1063.jpg?v=1755104213 1536w\" sizes=\"auto, (max-width: 1560px) 100vw, 1560px\" \/><\/a>\n\t\t\t<\/div>\n\t\t\t\t<figcaption class='wp-caption-text gallery-caption' id='gallery-1-120491'>\n\t\t\t\tCASAMENTO \u00c0S CEGAS 5. Cr. Julia Mataruna\/Netflix \u00a9 2025\n\t\t\t\t<\/figcaption><\/figure>\n\t\t<\/div>\n\n<p data-start=\"1260\" data-end=\"1669\">Os participantes v\u00eam de diferentes hist\u00f3rias de vida: h\u00e1 vi\u00favos, divorciados, solteiros de longa data, av\u00f3s e pessoas que nunca se casaram. Entre as mulheres, est\u00e3o <strong data-start=\"1425\" data-end=\"1441\">F\u00e1tima Taffo<\/strong>, 70 anos, av\u00f3 de nove netos e f\u00e3 de pubs de rock; <strong data-start=\"1492\" data-end=\"1508\">N\u00edvia G\u00e4lego<\/strong>, 57, vi\u00fava que busca um amor para \u201cos pr\u00f3ximos 30 anos\u201d; e <strong data-start=\"1568\" data-end=\"1588\">Lucielma Cardeal<\/strong>, 51, nordestina que sonha com uma rela\u00e7\u00e3o saud\u00e1vel ap\u00f3s experi\u00eancias abusivas.<\/p>\n<p data-start=\"1671\" data-end=\"1918\">Entre os homens, destaque para <strong data-start=\"1702\" data-end=\"1720\">Edmilson Assis<\/strong>, 65, produtor de eventos que quer se casar pela primeira vez; <strong data-start=\"1783\" data-end=\"1802\">Gustavo Cardoso<\/strong>, 54, terapeuta corporal e faixa preta de carat\u00ea; e <strong data-start=\"1854\" data-end=\"1868\">Rivo Abreu<\/strong>, 67, gestor de c\u00e2mbio e praticante de crossfit.<\/p>\n<h3 data-start=\"1920\" data-end=\"1948\">Produ\u00e7\u00e3o e expectativa<\/h3>\n<p data-start=\"1949\" data-end=\"2129\">A quinta temporada \u00e9 produzida pela <strong data-start=\"1985\" data-end=\"2009\">Endemol Shine Brasil<\/strong> e dirigida por <strong data-start=\"2025\" data-end=\"2040\">Cassia Dian<\/strong>. A Netflix promete ainda revelar outras novidades sobre a edi\u00e7\u00e3o nas pr\u00f3ximas semanas.<\/p>\n<p data-start=\"2131\" data-end=\"2343\">Com um elenco in\u00e9dito e hist\u00f3rias de vida intensas, <em data-start=\"2183\" data-end=\"2225\">Casamento \u00e0s Cegas Brasil: Nunca \u00e9 Tarde<\/em> aposta em mostrar que <strong data-start=\"2248\" data-end=\"2283\">nunca \u00e9 tarde para se apaixonar<\/strong> \u2014 e que a conex\u00e3o verdadeira vai muito al\u00e9m da apar\u00eancia.<\/p>\n<p data-start=\"2131\" data-end=\"2343\">LEIA MAIS<\/p>\n<p data-start=\"2131\" data-end=\"2343\"><a href=\"https:\/\/redenoticiaz.com.br\/blog\/2025\/08\/13\/confira-as-principais-vagas-de-emprego-na-netshoes-e-candidate-se-ja\">Confira as principais vagas de emprego na NETSHOES e candidate-se j\u00e1!<\/a><\/p>\n<p data-start=\"2131\" data-end=\"2343\"><a href=\"https:\/\/redenoticiaz.com.br\/blog\/2025\/08\/12\/concurso-publico-com-862-vagas-e-salarios-de-ate-r-69-mil\">Concurso P\u00fablico com 862 vagas e sal\u00e1rios de at\u00e9 R$ 6,9 mil<\/a><\/p>\n<p>&nbsp;<\/p>\n","protected":false},"excerpt":{"rendered":"<p>A Netflix divulgou o trailer e os participantes de Casamento \u00e0s Cegas Brasil: Nunca \u00e9 Tarde, quinta temporada do reality show que estreia em 10 de setembro. Pela primeira vez, o elenco ser\u00e1 formado exclusivamente por pessoas acima de 50 anos, refor\u00e7ando a ideia de que o amor e a paix\u00e3o podem nascer em qualquer &hellip;<\/p>\n","protected":false},"author":30,"featured_media":120490,"comment_status":"open","ping_status":"closed","sticky":false,"template":"","format":"standard","meta":{"footnotes":""},"categories":[62064],"tags":[],"class_list":["post-120489","post","type-post","status-publish","format-standard","has-post-thumbnail","hentry","category-cameraz"],"yoast_head":"<!-- This site is optimized with the Yoast SEO plugin v27.5 - https:\/\/yoast.com\/product\/yoast-seo-wordpress\/ -->\n<title>Casamento \u00e0s Cegas Brasil 5 traz elenco 100% acima de 50 anos e estreia em setembro na Netflix - Litoral SP<\/title>\n<meta name=\"description\" content=\"A Netflix divulgou o trailer e os participantes de Casamento \u00e0s Cegas Brasil: Nunca \u00e9 Tarde, quinta temporada do reality show que estreia em 10 de setembro.\" \/>\n<meta name=\"robots\" content=\"index, follow, max-snippet:-1, max-image-preview:large, max-video-preview:-1\" \/>\n<link rel=\"canonical\" href=\"https:\/\/redenoticiaz.com.br\/litoralsp\/2025\/08\/17\/casamento-as-cegas-brasil-5-traz-elenco-100-acima-de-50-anos-e-estreia-em-setembro-na-netflix\" \/>\n<meta property=\"og:locale\" content=\"pt_BR\" \/>\n<meta property=\"og:type\" content=\"article\" \/>\n<meta property=\"og:title\" content=\"Casamento \u00e0s Cegas Brasil 5 traz elenco 100% acima de 50 anos e estreia em setembro na Netflix - Litoral SP\" \/>\n<meta property=\"og:description\" content=\"A Netflix divulgou o trailer e os participantes de Casamento \u00e0s Cegas Brasil: Nunca \u00e9 Tarde, quinta temporada do reality show que estreia em 10 de setembro.\" \/>\n<meta property=\"og:url\" content=\"https:\/\/redenoticiaz.com.br\/litoralsp\/2025\/08\/17\/casamento-as-cegas-brasil-5-traz-elenco-100-acima-de-50-anos-e-estreia-em-setembro-na-netflix\" \/>\n<meta property=\"og:site_name\" content=\"Litoral SP\" \/>\n<meta property=\"article:published_time\" content=\"2025-08-17T14:00:23+00:00\" \/>\n<meta property=\"og:image\" content=\"https:\/\/redenoticiaz.com.br\/litoralsp\/wp-content\/uploads\/sites\/3\/2025\/08\/Casamento-as-Cegas-Brasil-5-traz-elenco-100-acima-de-50-anos-e-estreia-em-setembro-na-Netflix-scaled.jpg?v=1755104252\" \/>\n\t<meta property=\"og:image:width\" content=\"1619\" \/>\n\t<meta property=\"og:image:height\" content=\"1080\" \/>\n\t<meta property=\"og:image:type\" content=\"image\/jpeg\" \/>\n<meta name=\"author\" content=\"Carina Reifonas\" \/>\n<meta name=\"twitter:card\" content=\"summary_large_image\" \/>\n<meta name=\"twitter:label1\" content=\"Escrito por\" \/>\n\t<meta name=\"twitter:data1\" content=\"Carina Reifonas\" \/>\n\t<meta name=\"twitter:label2\" content=\"Est. tempo de leitura\" \/>\n\t<meta name=\"twitter:data2\" content=\"3 minutos\" \/>\n<script type=\"application\/ld+json\" class=\"yoast-schema-graph\">{\"@context\":\"https:\\\/\\\/schema.org\",\"@graph\":[{\"@type\":\"Article\",\"@id\":\"https:\\\/\\\/redenoticiaz.com.br\\\/litoralsp\\\/2025\\\/08\\\/17\\\/casamento-as-cegas-brasil-5-traz-elenco-100-acima-de-50-anos-e-estreia-em-setembro-na-netflix#article\",\"isPartOf\":{\"@id\":\"https:\\\/\\\/redenoticiaz.com.br\\\/litoralsp\\\/2025\\\/08\\\/17\\\/casamento-as-cegas-brasil-5-traz-elenco-100-acima-de-50-anos-e-estreia-em-setembro-na-netflix\"},\"author\":{\"name\":\"Carina Reifonas\",\"@id\":\"https:\\\/\\\/redenoticiaz.com.br\\\/litoralsp\\\/#\\\/schema\\\/person\\\/1f84d6e94e6a62d2d81199d7503e9e90\"},\"headline\":\"Casamento \u00e0s Cegas Brasil 5 traz elenco 100% acima de 50 anos e estreia em setembro na Netflix\",\"datePublished\":\"2025-08-17T14:00:23+00:00\",\"mainEntityOfPage\":{\"@id\":\"https:\\\/\\\/redenoticiaz.com.br\\\/litoralsp\\\/2025\\\/08\\\/17\\\/casamento-as-cegas-brasil-5-traz-elenco-100-acima-de-50-anos-e-estreia-em-setembro-na-netflix\"},\"wordCount\":393,\"commentCount\":0,\"publisher\":{\"@id\":\"https:\\\/\\\/redenoticiaz.com.br\\\/litoralsp\\\/#organization\"},\"image\":{\"@id\":\"https:\\\/\\\/redenoticiaz.com.br\\\/litoralsp\\\/2025\\\/08\\\/17\\\/casamento-as-cegas-brasil-5-traz-elenco-100-acima-de-50-anos-e-estreia-em-setembro-na-netflix#primaryimage\"},\"thumbnailUrl\":\"https:\\\/\\\/redenoticiaz.com.br\\\/litoralsp\\\/wp-content\\\/uploads\\\/sites\\\/3\\\/2025\\\/08\\\/Casamento-as-Cegas-Brasil-5-traz-elenco-100-acima-de-50-anos-e-estreia-em-setembro-na-Netflix-scaled.jpg?v=1755104252\",\"articleSection\":[\"C\u00e2mera Z\"],\"inLanguage\":\"pt-BR\",\"potentialAction\":[{\"@type\":\"CommentAction\",\"name\":\"Comment\",\"target\":[\"https:\\\/\\\/redenoticiaz.com.br\\\/litoralsp\\\/2025\\\/08\\\/17\\\/casamento-as-cegas-brasil-5-traz-elenco-100-acima-de-50-anos-e-estreia-em-setembro-na-netflix#respond\"]}]},{\"@type\":\"WebPage\",\"@id\":\"https:\\\/\\\/redenoticiaz.com.br\\\/litoralsp\\\/2025\\\/08\\\/17\\\/casamento-as-cegas-brasil-5-traz-elenco-100-acima-de-50-anos-e-estreia-em-setembro-na-netflix\",\"url\":\"https:\\\/\\\/redenoticiaz.com.br\\\/litoralsp\\\/2025\\\/08\\\/17\\\/casamento-as-cegas-brasil-5-traz-elenco-100-acima-de-50-anos-e-estreia-em-setembro-na-netflix\",\"name\":\"Casamento \u00e0s Cegas Brasil 5 traz elenco 100% acima de 50 anos e estreia em setembro na Netflix - Litoral SP\",\"isPartOf\":{\"@id\":\"https:\\\/\\\/redenoticiaz.com.br\\\/litoralsp\\\/#website\"},\"primaryImageOfPage\":{\"@id\":\"https:\\\/\\\/redenoticiaz.com.br\\\/litoralsp\\\/2025\\\/08\\\/17\\\/casamento-as-cegas-brasil-5-traz-elenco-100-acima-de-50-anos-e-estreia-em-setembro-na-netflix#primaryimage\"},\"image\":{\"@id\":\"https:\\\/\\\/redenoticiaz.com.br\\\/litoralsp\\\/2025\\\/08\\\/17\\\/casamento-as-cegas-brasil-5-traz-elenco-100-acima-de-50-anos-e-estreia-em-setembro-na-netflix#primaryimage\"},\"thumbnailUrl\":\"https:\\\/\\\/redenoticiaz.com.br\\\/litoralsp\\\/wp-content\\\/uploads\\\/sites\\\/3\\\/2025\\\/08\\\/Casamento-as-Cegas-Brasil-5-traz-elenco-100-acima-de-50-anos-e-estreia-em-setembro-na-Netflix-scaled.jpg?v=1755104252\",\"datePublished\":\"2025-08-17T14:00:23+00:00\",\"description\":\"A Netflix divulgou o trailer e os participantes de Casamento \u00e0s Cegas Brasil: Nunca \u00e9 Tarde, quinta temporada do reality show que estreia em 10 de setembro.\",\"inLanguage\":\"pt-BR\",\"potentialAction\":[{\"@type\":\"ReadAction\",\"target\":[\"https:\\\/\\\/redenoticiaz.com.br\\\/litoralsp\\\/2025\\\/08\\\/17\\\/casamento-as-cegas-brasil-5-traz-elenco-100-acima-de-50-anos-e-estreia-em-setembro-na-netflix\"]}]},{\"@type\":\"ImageObject\",\"inLanguage\":\"pt-BR\",\"@id\":\"https:\\\/\\\/redenoticiaz.com.br\\\/litoralsp\\\/2025\\\/08\\\/17\\\/casamento-as-cegas-brasil-5-traz-elenco-100-acima-de-50-anos-e-estreia-em-setembro-na-netflix#primaryimage\",\"url\":\"https:\\\/\\\/redenoticiaz.com.br\\\/litoralsp\\\/wp-content\\\/uploads\\\/sites\\\/3\\\/2025\\\/08\\\/Casamento-as-Cegas-Brasil-5-traz-elenco-100-acima-de-50-anos-e-estreia-em-setembro-na-Netflix-scaled.jpg?v=1755104252\",\"contentUrl\":\"https:\\\/\\\/redenoticiaz.com.br\\\/litoralsp\\\/wp-content\\\/uploads\\\/sites\\\/3\\\/2025\\\/08\\\/Casamento-as-Cegas-Brasil-5-traz-elenco-100-acima-de-50-anos-e-estreia-em-setembro-na-Netflix-scaled.jpg?v=1755104252\",\"width\":1619,\"height\":1080,\"caption\":\"CASAMENTO \u00c0S CEGAS 5. Cr. Julia Mataruna\\\/Netflix \u00a9 2025\"},{\"@type\":\"WebSite\",\"@id\":\"https:\\\/\\\/redenoticiaz.com.br\\\/litoralsp\\\/#website\",\"url\":\"https:\\\/\\\/redenoticiaz.com.br\\\/litoralsp\\\/\",\"name\":\"Litoral SP\",\"description\":\"Rede NoticiaZ\",\"publisher\":{\"@id\":\"https:\\\/\\\/redenoticiaz.com.br\\\/litoralsp\\\/#organization\"},\"potentialAction\":[{\"@type\":\"SearchAction\",\"target\":{\"@type\":\"EntryPoint\",\"urlTemplate\":\"https:\\\/\\\/redenoticiaz.com.br\\\/litoralsp\\\/?s={search_term_string}\"},\"query-input\":{\"@type\":\"PropertyValueSpecification\",\"valueRequired\":true,\"valueName\":\"search_term_string\"}}],\"inLanguage\":\"pt-BR\"},{\"@type\":\"Organization\",\"@id\":\"https:\\\/\\\/redenoticiaz.com.br\\\/litoralsp\\\/#organization\",\"name\":\"Litoral SP\",\"url\":\"https:\\\/\\\/redenoticiaz.com.br\\\/litoralsp\\\/\",\"logo\":{\"@type\":\"ImageObject\",\"inLanguage\":\"pt-BR\",\"@id\":\"https:\\\/\\\/redenoticiaz.com.br\\\/litoralsp\\\/#\\\/schema\\\/logo\\\/image\\\/\",\"url\":\"https:\\\/\\\/redenoticiaz.com.br\\\/litoralsp\\\/wp-content\\\/uploads\\\/sites\\\/3\\\/2020\\\/11\\\/logo.jpg\",\"contentUrl\":\"https:\\\/\\\/redenoticiaz.com.br\\\/litoralsp\\\/wp-content\\\/uploads\\\/sites\\\/3\\\/2020\\\/11\\\/logo.jpg\",\"width\":400,\"height\":250,\"caption\":\"Litoral SP\"},\"image\":{\"@id\":\"https:\\\/\\\/redenoticiaz.com.br\\\/litoralsp\\\/#\\\/schema\\\/logo\\\/image\\\/\"}},{\"@type\":\"Person\",\"@id\":\"https:\\\/\\\/redenoticiaz.com.br\\\/litoralsp\\\/#\\\/schema\\\/person\\\/1f84d6e94e6a62d2d81199d7503e9e90\",\"name\":\"Carina Reifonas\",\"image\":{\"@type\":\"ImageObject\",\"inLanguage\":\"pt-BR\",\"@id\":\"https:\\\/\\\/secure.gravatar.com\\\/avatar\\\/04c59859b23696cf867715880f81d5c037e60109730bdb4e6670ec2a2245bc97?s=96&d=mm&r=g\",\"url\":\"https:\\\/\\\/secure.gravatar.com\\\/avatar\\\/04c59859b23696cf867715880f81d5c037e60109730bdb4e6670ec2a2245bc97?s=96&d=mm&r=g\",\"contentUrl\":\"https:\\\/\\\/secure.gravatar.com\\\/avatar\\\/04c59859b23696cf867715880f81d5c037e60109730bdb4e6670ec2a2245bc97?s=96&d=mm&r=g\",\"caption\":\"Carina Reifonas\"},\"url\":\"https:\\\/\\\/redenoticiaz.com.br\\\/litoralsp\\\/author\\\/carinareifonas\"}]}<\/script>\n<!-- \/ Yoast SEO plugin. -->","yoast_head_json":{"title":"Casamento \u00e0s Cegas Brasil 5 traz elenco 100% acima de 50 anos e estreia em setembro na Netflix - Litoral SP","description":"A Netflix divulgou o trailer e os participantes de Casamento \u00e0s Cegas Brasil: Nunca \u00e9 Tarde, quinta temporada do reality show que estreia em 10 de setembro.","robots":{"index":"index","follow":"follow","max-snippet":"max-snippet:-1","max-image-preview":"max-image-preview:large","max-video-preview":"max-video-preview:-1"},"canonical":"https:\/\/redenoticiaz.com.br\/litoralsp\/2025\/08\/17\/casamento-as-cegas-brasil-5-traz-elenco-100-acima-de-50-anos-e-estreia-em-setembro-na-netflix","og_locale":"pt_BR","og_type":"article","og_title":"Casamento \u00e0s Cegas Brasil 5 traz elenco 100% acima de 50 anos e estreia em setembro na Netflix - Litoral SP","og_description":"A Netflix divulgou o trailer e os participantes de Casamento \u00e0s Cegas Brasil: Nunca \u00e9 Tarde, quinta temporada do reality show que estreia em 10 de setembro.","og_url":"https:\/\/redenoticiaz.com.br\/litoralsp\/2025\/08\/17\/casamento-as-cegas-brasil-5-traz-elenco-100-acima-de-50-anos-e-estreia-em-setembro-na-netflix","og_site_name":"Litoral SP","article_published_time":"2025-08-17T14:00:23+00:00","og_image":[{"width":1619,"height":1080,"url":"https:\/\/redenoticiaz.com.br\/litoralsp\/wp-content\/uploads\/sites\/3\/2025\/08\/Casamento-as-Cegas-Brasil-5-traz-elenco-100-acima-de-50-anos-e-estreia-em-setembro-na-Netflix-scaled.jpg?v=1755104252","type":"image\/jpeg"}],"author":"Carina Reifonas","twitter_card":"summary_large_image","twitter_misc":{"Escrito por":"Carina Reifonas","Est. tempo de leitura":"3 minutos"},"schema":{"@context":"https:\/\/schema.org","@graph":[{"@type":"Article","@id":"https:\/\/redenoticiaz.com.br\/litoralsp\/2025\/08\/17\/casamento-as-cegas-brasil-5-traz-elenco-100-acima-de-50-anos-e-estreia-em-setembro-na-netflix#article","isPartOf":{"@id":"https:\/\/redenoticiaz.com.br\/litoralsp\/2025\/08\/17\/casamento-as-cegas-brasil-5-traz-elenco-100-acima-de-50-anos-e-estreia-em-setembro-na-netflix"},"author":{"name":"Carina Reifonas","@id":"https:\/\/redenoticiaz.com.br\/litoralsp\/#\/schema\/person\/1f84d6e94e6a62d2d81199d7503e9e90"},"headline":"Casamento \u00e0s Cegas Brasil 5 traz elenco 100% acima de 50 anos e estreia em setembro na Netflix","datePublished":"2025-08-17T14:00:23+00:00","mainEntityOfPage":{"@id":"https:\/\/redenoticiaz.com.br\/litoralsp\/2025\/08\/17\/casamento-as-cegas-brasil-5-traz-elenco-100-acima-de-50-anos-e-estreia-em-setembro-na-netflix"},"wordCount":393,"commentCount":0,"publisher":{"@id":"https:\/\/redenoticiaz.com.br\/litoralsp\/#organization"},"image":{"@id":"https:\/\/redenoticiaz.com.br\/litoralsp\/2025\/08\/17\/casamento-as-cegas-brasil-5-traz-elenco-100-acima-de-50-anos-e-estreia-em-setembro-na-netflix#primaryimage"},"thumbnailUrl":"https:\/\/redenoticiaz.com.br\/litoralsp\/wp-content\/uploads\/sites\/3\/2025\/08\/Casamento-as-Cegas-Brasil-5-traz-elenco-100-acima-de-50-anos-e-estreia-em-setembro-na-Netflix-scaled.jpg?v=1755104252","articleSection":["C\u00e2mera Z"],"inLanguage":"pt-BR","potentialAction":[{"@type":"CommentAction","name":"Comment","target":["https:\/\/redenoticiaz.com.br\/litoralsp\/2025\/08\/17\/casamento-as-cegas-brasil-5-traz-elenco-100-acima-de-50-anos-e-estreia-em-setembro-na-netflix#respond"]}]},{"@type":"WebPage","@id":"https:\/\/redenoticiaz.com.br\/litoralsp\/2025\/08\/17\/casamento-as-cegas-brasil-5-traz-elenco-100-acima-de-50-anos-e-estreia-em-setembro-na-netflix","url":"https:\/\/redenoticiaz.com.br\/litoralsp\/2025\/08\/17\/casamento-as-cegas-brasil-5-traz-elenco-100-acima-de-50-anos-e-estreia-em-setembro-na-netflix","name":"Casamento \u00e0s Cegas Brasil 5 traz elenco 100% acima de 50 anos e estreia em setembro na Netflix - Litoral SP","isPartOf":{"@id":"https:\/\/redenoticiaz.com.br\/litoralsp\/#website"},"primaryImageOfPage":{"@id":"https:\/\/redenoticiaz.com.br\/litoralsp\/2025\/08\/17\/casamento-as-cegas-brasil-5-traz-elenco-100-acima-de-50-anos-e-estreia-em-setembro-na-netflix#primaryimage"},"image":{"@id":"https:\/\/redenoticiaz.com.br\/litoralsp\/2025\/08\/17\/casamento-as-cegas-brasil-5-traz-elenco-100-acima-de-50-anos-e-estreia-em-setembro-na-netflix#primaryimage"},"thumbnailUrl":"https:\/\/redenoticiaz.com.br\/litoralsp\/wp-content\/uploads\/sites\/3\/2025\/08\/Casamento-as-Cegas-Brasil-5-traz-elenco-100-acima-de-50-anos-e-estreia-em-setembro-na-Netflix-scaled.jpg?v=1755104252","datePublished":"2025-08-17T14:00:23+00:00","description":"A Netflix divulgou o trailer e os participantes de Casamento \u00e0s Cegas Brasil: Nunca \u00e9 Tarde, quinta temporada do reality show que estreia em 10 de setembro.","inLanguage":"pt-BR","potentialAction":[{"@type":"ReadAction","target":["https:\/\/redenoticiaz.com.br\/litoralsp\/2025\/08\/17\/casamento-as-cegas-brasil-5-traz-elenco-100-acima-de-50-anos-e-estreia-em-setembro-na-netflix"]}]},{"@type":"ImageObject","inLanguage":"pt-BR","@id":"https:\/\/redenoticiaz.com.br\/litoralsp\/2025\/08\/17\/casamento-as-cegas-brasil-5-traz-elenco-100-acima-de-50-anos-e-estreia-em-setembro-na-netflix#primaryimage","url":"https:\/\/redenoticiaz.com.br\/litoralsp\/wp-content\/uploads\/sites\/3\/2025\/08\/Casamento-as-Cegas-Brasil-5-traz-elenco-100-acima-de-50-anos-e-estreia-em-setembro-na-Netflix-scaled.jpg?v=1755104252","contentUrl":"https:\/\/redenoticiaz.com.br\/litoralsp\/wp-content\/uploads\/sites\/3\/2025\/08\/Casamento-as-Cegas-Brasil-5-traz-elenco-100-acima-de-50-anos-e-estreia-em-setembro-na-Netflix-scaled.jpg?v=1755104252","width":1619,"height":1080,"caption":"CASAMENTO \u00c0S CEGAS 5. Cr. Julia Mataruna\/Netflix \u00a9 2025"},{"@type":"WebSite","@id":"https:\/\/redenoticiaz.com.br\/litoralsp\/#website","url":"https:\/\/redenoticiaz.com.br\/litoralsp\/","name":"Litoral SP","description":"Rede NoticiaZ","publisher":{"@id":"https:\/\/redenoticiaz.com.br\/litoralsp\/#organization"},"potentialAction":[{"@type":"SearchAction","target":{"@type":"EntryPoint","urlTemplate":"https:\/\/redenoticiaz.com.br\/litoralsp\/?s={search_term_string}"},"query-input":{"@type":"PropertyValueSpecification","valueRequired":true,"valueName":"search_term_string"}}],"inLanguage":"pt-BR"},{"@type":"Organization","@id":"https:\/\/redenoticiaz.com.br\/litoralsp\/#organization","name":"Litoral SP","url":"https:\/\/redenoticiaz.com.br\/litoralsp\/","logo":{"@type":"ImageObject","inLanguage":"pt-BR","@id":"https:\/\/redenoticiaz.com.br\/litoralsp\/#\/schema\/logo\/image\/","url":"https:\/\/redenoticiaz.com.br\/litoralsp\/wp-content\/uploads\/sites\/3\/2020\/11\/logo.jpg","contentUrl":"https:\/\/redenoticiaz.com.br\/litoralsp\/wp-content\/uploads\/sites\/3\/2020\/11\/logo.jpg","width":400,"height":250,"caption":"Litoral SP"},"image":{"@id":"https:\/\/redenoticiaz.com.br\/litoralsp\/#\/schema\/logo\/image\/"}},{"@type":"Person","@id":"https:\/\/redenoticiaz.com.br\/litoralsp\/#\/schema\/person\/1f84d6e94e6a62d2d81199d7503e9e90","name":"Carina Reifonas","image":{"@type":"ImageObject","inLanguage":"pt-BR","@id":"https:\/\/secure.gravatar.com\/avatar\/04c59859b23696cf867715880f81d5c037e60109730bdb4e6670ec2a2245bc97?s=96&d=mm&r=g","url":"https:\/\/secure.gravatar.com\/avatar\/04c59859b23696cf867715880f81d5c037e60109730bdb4e6670ec2a2245bc97?s=96&d=mm&r=g","contentUrl":"https:\/\/secure.gravatar.com\/avatar\/04c59859b23696cf867715880f81d5c037e60109730bdb4e6670ec2a2245bc97?s=96&d=mm&r=g","caption":"Carina Reifonas"},"url":"https:\/\/redenoticiaz.com.br\/litoralsp\/author\/carinareifonas"}]}},"_links":{"self":[{"href":"https:\/\/redenoticiaz.com.br\/litoralsp\/wp-json\/wp\/v2\/posts\/120489","targetHints":{"allow":["GET"]}}],"collection":[{"href":"https:\/\/redenoticiaz.com.br\/litoralsp\/wp-json\/wp\/v2\/posts"}],"about":[{"href":"https:\/\/redenoticiaz.com.br\/litoralsp\/wp-json\/wp\/v2\/types\/post"}],"author":[{"embeddable":true,"href":"https:\/\/redenoticiaz.com.br\/litoralsp\/wp-json\/wp\/v2\/users\/30"}],"replies":[{"embeddable":true,"href":"https:\/\/redenoticiaz.com.br\/litoralsp\/wp-json\/wp\/v2\/comments?post=120489"}],"version-history":[{"count":3,"href":"https:\/\/redenoticiaz.com.br\/litoralsp\/wp-json\/wp\/v2\/posts\/120489\/revisions"}],"predecessor-version":[{"id":120495,"href":"https:\/\/redenoticiaz.com.br\/litoralsp\/wp-json\/wp\/v2\/posts\/120489\/revisions\/120495"}],"wp:featuredmedia":[{"embeddable":true,"href":"https:\/\/redenoticiaz.com.br\/litoralsp\/wp-json\/wp\/v2\/media\/120490"}],"wp:attachment":[{"href":"https:\/\/redenoticiaz.com.br\/litoralsp\/wp-json\/wp\/v2\/media?parent=120489"}],"wp:term":[{"taxonomy":"category","embeddable":true,"href":"https:\/\/redenoticiaz.com.br\/litoralsp\/wp-json\/wp\/v2\/categories?post=120489"},{"taxonomy":"post_tag","embeddable":true,"href":"https:\/\/redenoticiaz.com.br\/litoralsp\/wp-json\/wp\/v2\/tags?post=120489"}],"curies":[{"name":"wp","href":"https:\/\/api.w.org\/{rel}","templated":true}]}}