{"id":120688,"date":"2025-09-14T11:00:32","date_gmt":"2025-09-14T14:00:32","guid":{"rendered":"https:\/\/redenoticiaz.com.br\/litoralsp\/?p=120688"},"modified":"2025-09-10T14:04:40","modified_gmt":"2025-09-10T17:04:40","slug":"brasil-registra-mais-de-45-mil-internacoes-por-envenenamento","status":"publish","type":"post","link":"https:\/\/redenoticiaz.com.br\/litoralsp\/2025\/09\/14\/brasil-registra-mais-de-45-mil-internacoes-por-envenenamento","title":{"rendered":"Brasil registra mais de 45 mil interna\u00e7\u00f5es por envenenamento"},"content":{"rendered":"<p>O Brasil registrou 45.511 interna\u00e7\u00f5es por envenenamento no Sistema \u00danico de Sa\u00fade (SUS) ao longo dos \u00faltimos dez anos. O levantamento da Associa\u00e7\u00e3o Brasileira de Medicina de Emerg\u00eancia (Abramede), divulgado nesta segunda-feira (8), aponta que a cada duas horas, em m\u00e9dia, uma pessoa deu entrada em emerg\u00eancias da rede p\u00fablica devido \u00e0 ingest\u00e3o de subst\u00e2ncias t\u00f3xicas.<\/p>\n<p>Do total, 3.461 casos foram provocados de forma intencional por terceiros. As ocorr\u00eancias mais comuns est\u00e3o relacionadas a medicamentos para dor e febre, pesticidas, \u00e1lcool e sedativos.<\/p>\n<p>A Regi\u00e3o Sudeste lidera o ranking, concentrando quase metade dos atendimentos (mais de 19 mil), com destaque para S\u00e3o Paulo (10.161) e Minas Gerais (6.154). O Sul aparece em segundo lugar, seguido por Nordeste, Centro-Oeste e Norte.<\/p>\n<p>O perfil das v\u00edtimas \u00e9 majoritariamente masculino, com destaque para adultos jovens de 20 a 29 anos e crian\u00e7as de 1 a 4 anos.<\/p>\n<p>Nos \u00faltimos meses, o pa\u00eds registrou casos de grande repercuss\u00e3o, como mortes ap\u00f3s consumo de alimentos envenenados no Rio Grande do Sul, Piau\u00ed, Maranh\u00e3o e Rio Grande do Norte. A Abramede alerta para a necessidade de fiscaliza\u00e7\u00e3o mais r\u00edgida e de pol\u00edticas p\u00fablicas que co\u00edbam o f\u00e1cil acesso a subst\u00e2ncias perigosas.Fa\u00e7a uma nova vers\u00e3o da mat\u00e9ria, com uma abordagem mais jornal\u00edstica, fluida, enxuta e diferente do formato original que eu mandei. E mantendo o foco informativo, direto e com SEO.<\/p>\n<p>Fonte: Ag\u00eancia Brasil<\/p>\n<p>LEIA MAIS<\/p>\n<p><a href=\"https:\/\/redenoticiaz.com.br\/blog\/2025\/09\/10\/homem-com-quase-20-passagens-criminais-e-preso-em-jundiai\">Homem com quase 20 passagens criminais \u00e9 preso em Jundia\u00ed<\/a><\/p>\n<p><a href=\"https:\/\/redenoticiaz.com.br\/blog\/2025\/09\/10\/hopi-hari-abre-novas-vagas-de-emprego-veja-como-se-candidatar\">Hopi Hari abre novas vagas de emprego; veja como se candidatar<\/a><\/p>\n<p>&nbsp;<\/p>\n","protected":false},"excerpt":{"rendered":"<p>O Brasil registrou 45.511 interna\u00e7\u00f5es por envenenamento no Sistema \u00danico de Sa\u00fade (SUS) ao longo dos \u00faltimos dez anos. O levantamento da Associa\u00e7\u00e3o Brasileira de Medicina de Emerg\u00eancia (Abramede), divulgado nesta segunda-feira (8), aponta que a cada duas horas, em m\u00e9dia, uma pessoa deu entrada em emerg\u00eancias da rede p\u00fablica devido \u00e0 ingest\u00e3o de subst\u00e2ncias &hellip;<\/p>\n","protected":false},"author":30,"featured_media":120689,"comment_status":"open","ping_status":"closed","sticky":false,"template":"","format":"standard","meta":{"footnotes":""},"categories":[23],"tags":[173,69369,59952],"class_list":["post-120688","post","type-post","status-publish","format-standard","has-post-thumbnail","hentry","category-saude","tag-brasil","tag-envenenamento","tag-sistema-unico-de-saude"],"yoast_head":"<!-- This site is optimized with the Yoast SEO plugin v27.4 - https:\/\/yoast.com\/product\/yoast-seo-wordpress\/ -->\n<title>Brasil registra mais de 45 mil interna\u00e7\u00f5es por envenenamento - Litoral SP<\/title>\n<meta name=\"description\" content=\"O Brasil registrou 45.511 interna\u00e7\u00f5es por envenenamento no Sistema \u00danico de Sa\u00fade (SUS) ao longo dos \u00faltimos dez anos.\" \/>\n<meta name=\"robots\" content=\"index, follow, max-snippet:-1, max-image-preview:large, max-video-preview:-1\" \/>\n<link rel=\"canonical\" href=\"https:\/\/redenoticiaz.com.br\/litoralsp\/2025\/09\/14\/brasil-registra-mais-de-45-mil-internacoes-por-envenenamento\" \/>\n<meta property=\"og:locale\" content=\"pt_BR\" \/>\n<meta property=\"og:type\" content=\"article\" \/>\n<meta property=\"og:title\" content=\"Brasil registra mais de 45 mil interna\u00e7\u00f5es por envenenamento - Litoral SP\" \/>\n<meta property=\"og:description\" content=\"O Brasil registrou 45.511 interna\u00e7\u00f5es por envenenamento no Sistema \u00danico de Sa\u00fade (SUS) ao longo dos \u00faltimos dez anos.\" \/>\n<meta property=\"og:url\" content=\"https:\/\/redenoticiaz.com.br\/litoralsp\/2025\/09\/14\/brasil-registra-mais-de-45-mil-internacoes-por-envenenamento\" \/>\n<meta property=\"og:site_name\" content=\"Litoral SP\" \/>\n<meta property=\"article:published_time\" content=\"2025-09-14T14:00:32+00:00\" \/>\n<meta property=\"og:image\" content=\"https:\/\/redenoticiaz.com.br\/litoralsp\/wp-content\/uploads\/sites\/3\/2025\/09\/Captura-de-tela-2025-09-10-140208.jpg?v=1757523788\" \/>\n\t<meta property=\"og:image:width\" content=\"771\" \/>\n\t<meta property=\"og:image:height\" content=\"475\" \/>\n\t<meta property=\"og:image:type\" content=\"image\/jpeg\" \/>\n<meta name=\"author\" content=\"Carina Reifonas\" \/>\n<meta name=\"twitter:card\" content=\"summary_large_image\" \/>\n<meta name=\"twitter:label1\" content=\"Escrito por\" \/>\n\t<meta name=\"twitter:data1\" content=\"Carina Reifonas\" \/>\n\t<meta name=\"twitter:label2\" content=\"Est. tempo de leitura\" \/>\n\t<meta name=\"twitter:data2\" content=\"2 minutos\" \/>\n<script type=\"application\/ld+json\" class=\"yoast-schema-graph\">{\"@context\":\"https:\\\/\\\/schema.org\",\"@graph\":[{\"@type\":\"Article\",\"@id\":\"https:\\\/\\\/redenoticiaz.com.br\\\/litoralsp\\\/2025\\\/09\\\/14\\\/brasil-registra-mais-de-45-mil-internacoes-por-envenenamento#article\",\"isPartOf\":{\"@id\":\"https:\\\/\\\/redenoticiaz.com.br\\\/litoralsp\\\/2025\\\/09\\\/14\\\/brasil-registra-mais-de-45-mil-internacoes-por-envenenamento\"},\"author\":{\"name\":\"Carina Reifonas\",\"@id\":\"https:\\\/\\\/redenoticiaz.com.br\\\/litoralsp\\\/#\\\/schema\\\/person\\\/1f84d6e94e6a62d2d81199d7503e9e90\"},\"headline\":\"Brasil registra mais de 45 mil interna\u00e7\u00f5es por envenenamento\",\"datePublished\":\"2025-09-14T14:00:32+00:00\",\"mainEntityOfPage\":{\"@id\":\"https:\\\/\\\/redenoticiaz.com.br\\\/litoralsp\\\/2025\\\/09\\\/14\\\/brasil-registra-mais-de-45-mil-internacoes-por-envenenamento\"},\"wordCount\":279,\"commentCount\":0,\"publisher\":{\"@id\":\"https:\\\/\\\/redenoticiaz.com.br\\\/litoralsp\\\/#organization\"},\"image\":{\"@id\":\"https:\\\/\\\/redenoticiaz.com.br\\\/litoralsp\\\/2025\\\/09\\\/14\\\/brasil-registra-mais-de-45-mil-internacoes-por-envenenamento#primaryimage\"},\"thumbnailUrl\":\"https:\\\/\\\/redenoticiaz.com.br\\\/litoralsp\\\/wp-content\\\/uploads\\\/sites\\\/3\\\/2025\\\/09\\\/Captura-de-tela-2025-09-10-140208.jpg?v=1757523788\",\"keywords\":[\"Brasil\",\"Envenenamento\",\"Sistema \u00danico de Sa\u00fade\"],\"articleSection\":[\"Sa\u00fade\"],\"inLanguage\":\"pt-BR\",\"potentialAction\":[{\"@type\":\"CommentAction\",\"name\":\"Comment\",\"target\":[\"https:\\\/\\\/redenoticiaz.com.br\\\/litoralsp\\\/2025\\\/09\\\/14\\\/brasil-registra-mais-de-45-mil-internacoes-por-envenenamento#respond\"]}]},{\"@type\":\"WebPage\",\"@id\":\"https:\\\/\\\/redenoticiaz.com.br\\\/litoralsp\\\/2025\\\/09\\\/14\\\/brasil-registra-mais-de-45-mil-internacoes-por-envenenamento\",\"url\":\"https:\\\/\\\/redenoticiaz.com.br\\\/litoralsp\\\/2025\\\/09\\\/14\\\/brasil-registra-mais-de-45-mil-internacoes-por-envenenamento\",\"name\":\"Brasil registra mais de 45 mil interna\u00e7\u00f5es por envenenamento - Litoral SP\",\"isPartOf\":{\"@id\":\"https:\\\/\\\/redenoticiaz.com.br\\\/litoralsp\\\/#website\"},\"primaryImageOfPage\":{\"@id\":\"https:\\\/\\\/redenoticiaz.com.br\\\/litoralsp\\\/2025\\\/09\\\/14\\\/brasil-registra-mais-de-45-mil-internacoes-por-envenenamento#primaryimage\"},\"image\":{\"@id\":\"https:\\\/\\\/redenoticiaz.com.br\\\/litoralsp\\\/2025\\\/09\\\/14\\\/brasil-registra-mais-de-45-mil-internacoes-por-envenenamento#primaryimage\"},\"thumbnailUrl\":\"https:\\\/\\\/redenoticiaz.com.br\\\/litoralsp\\\/wp-content\\\/uploads\\\/sites\\\/3\\\/2025\\\/09\\\/Captura-de-tela-2025-09-10-140208.jpg?v=1757523788\",\"datePublished\":\"2025-09-14T14:00:32+00:00\",\"description\":\"O Brasil registrou 45.511 interna\u00e7\u00f5es por envenenamento no Sistema \u00danico de Sa\u00fade (SUS) ao longo dos \u00faltimos dez anos.\",\"inLanguage\":\"pt-BR\",\"potentialAction\":[{\"@type\":\"ReadAction\",\"target\":[\"https:\\\/\\\/redenoticiaz.com.br\\\/litoralsp\\\/2025\\\/09\\\/14\\\/brasil-registra-mais-de-45-mil-internacoes-por-envenenamento\"]}]},{\"@type\":\"ImageObject\",\"inLanguage\":\"pt-BR\",\"@id\":\"https:\\\/\\\/redenoticiaz.com.br\\\/litoralsp\\\/2025\\\/09\\\/14\\\/brasil-registra-mais-de-45-mil-internacoes-por-envenenamento#primaryimage\",\"url\":\"https:\\\/\\\/redenoticiaz.com.br\\\/litoralsp\\\/wp-content\\\/uploads\\\/sites\\\/3\\\/2025\\\/09\\\/Captura-de-tela-2025-09-10-140208.jpg?v=1757523788\",\"contentUrl\":\"https:\\\/\\\/redenoticiaz.com.br\\\/litoralsp\\\/wp-content\\\/uploads\\\/sites\\\/3\\\/2025\\\/09\\\/Captura-de-tela-2025-09-10-140208.jpg?v=1757523788\",\"width\":771,\"height\":475,\"caption\":\"Brasil registra mais de 45 mil interna\u00e7\u00f5es por envenenamento \u2014 Foto: Marcello Casal Jr.\\\/Ag\u00eancia Brasil\"},{\"@type\":\"WebSite\",\"@id\":\"https:\\\/\\\/redenoticiaz.com.br\\\/litoralsp\\\/#website\",\"url\":\"https:\\\/\\\/redenoticiaz.com.br\\\/litoralsp\\\/\",\"name\":\"Litoral SP\",\"description\":\"Rede NoticiaZ\",\"publisher\":{\"@id\":\"https:\\\/\\\/redenoticiaz.com.br\\\/litoralsp\\\/#organization\"},\"potentialAction\":[{\"@type\":\"SearchAction\",\"target\":{\"@type\":\"EntryPoint\",\"urlTemplate\":\"https:\\\/\\\/redenoticiaz.com.br\\\/litoralsp\\\/?s={search_term_string}\"},\"query-input\":{\"@type\":\"PropertyValueSpecification\",\"valueRequired\":true,\"valueName\":\"search_term_string\"}}],\"inLanguage\":\"pt-BR\"},{\"@type\":\"Organization\",\"@id\":\"https:\\\/\\\/redenoticiaz.com.br\\\/litoralsp\\\/#organization\",\"name\":\"Litoral SP\",\"url\":\"https:\\\/\\\/redenoticiaz.com.br\\\/litoralsp\\\/\",\"logo\":{\"@type\":\"ImageObject\",\"inLanguage\":\"pt-BR\",\"@id\":\"https:\\\/\\\/redenoticiaz.com.br\\\/litoralsp\\\/#\\\/schema\\\/logo\\\/image\\\/\",\"url\":\"https:\\\/\\\/redenoticiaz.com.br\\\/litoralsp\\\/wp-content\\\/uploads\\\/sites\\\/3\\\/2020\\\/11\\\/logo.jpg\",\"contentUrl\":\"https:\\\/\\\/redenoticiaz.com.br\\\/litoralsp\\\/wp-content\\\/uploads\\\/sites\\\/3\\\/2020\\\/11\\\/logo.jpg\",\"width\":400,\"height\":250,\"caption\":\"Litoral SP\"},\"image\":{\"@id\":\"https:\\\/\\\/redenoticiaz.com.br\\\/litoralsp\\\/#\\\/schema\\\/logo\\\/image\\\/\"}},{\"@type\":\"Person\",\"@id\":\"https:\\\/\\\/redenoticiaz.com.br\\\/litoralsp\\\/#\\\/schema\\\/person\\\/1f84d6e94e6a62d2d81199d7503e9e90\",\"name\":\"Carina Reifonas\",\"image\":{\"@type\":\"ImageObject\",\"inLanguage\":\"pt-BR\",\"@id\":\"https:\\\/\\\/secure.gravatar.com\\\/avatar\\\/04c59859b23696cf867715880f81d5c037e60109730bdb4e6670ec2a2245bc97?s=96&d=mm&r=g\",\"url\":\"https:\\\/\\\/secure.gravatar.com\\\/avatar\\\/04c59859b23696cf867715880f81d5c037e60109730bdb4e6670ec2a2245bc97?s=96&d=mm&r=g\",\"contentUrl\":\"https:\\\/\\\/secure.gravatar.com\\\/avatar\\\/04c59859b23696cf867715880f81d5c037e60109730bdb4e6670ec2a2245bc97?s=96&d=mm&r=g\",\"caption\":\"Carina Reifonas\"},\"url\":\"https:\\\/\\\/redenoticiaz.com.br\\\/litoralsp\\\/author\\\/carinareifonas\"}]}<\/script>\n<!-- \/ Yoast SEO plugin. -->","yoast_head_json":{"title":"Brasil registra mais de 45 mil interna\u00e7\u00f5es por envenenamento - Litoral SP","description":"O Brasil registrou 45.511 interna\u00e7\u00f5es por envenenamento no Sistema \u00danico de Sa\u00fade (SUS) ao longo dos \u00faltimos dez anos.","robots":{"index":"index","follow":"follow","max-snippet":"max-snippet:-1","max-image-preview":"max-image-preview:large","max-video-preview":"max-video-preview:-1"},"canonical":"https:\/\/redenoticiaz.com.br\/litoralsp\/2025\/09\/14\/brasil-registra-mais-de-45-mil-internacoes-por-envenenamento","og_locale":"pt_BR","og_type":"article","og_title":"Brasil registra mais de 45 mil interna\u00e7\u00f5es por envenenamento - Litoral SP","og_description":"O Brasil registrou 45.511 interna\u00e7\u00f5es por envenenamento no Sistema \u00danico de Sa\u00fade (SUS) ao longo dos \u00faltimos dez anos.","og_url":"https:\/\/redenoticiaz.com.br\/litoralsp\/2025\/09\/14\/brasil-registra-mais-de-45-mil-internacoes-por-envenenamento","og_site_name":"Litoral SP","article_published_time":"2025-09-14T14:00:32+00:00","og_image":[{"width":771,"height":475,"url":"https:\/\/redenoticiaz.com.br\/litoralsp\/wp-content\/uploads\/sites\/3\/2025\/09\/Captura-de-tela-2025-09-10-140208.jpg?v=1757523788","type":"image\/jpeg"}],"author":"Carina Reifonas","twitter_card":"summary_large_image","twitter_misc":{"Escrito por":"Carina Reifonas","Est. tempo de leitura":"2 minutos"},"schema":{"@context":"https:\/\/schema.org","@graph":[{"@type":"Article","@id":"https:\/\/redenoticiaz.com.br\/litoralsp\/2025\/09\/14\/brasil-registra-mais-de-45-mil-internacoes-por-envenenamento#article","isPartOf":{"@id":"https:\/\/redenoticiaz.com.br\/litoralsp\/2025\/09\/14\/brasil-registra-mais-de-45-mil-internacoes-por-envenenamento"},"author":{"name":"Carina Reifonas","@id":"https:\/\/redenoticiaz.com.br\/litoralsp\/#\/schema\/person\/1f84d6e94e6a62d2d81199d7503e9e90"},"headline":"Brasil registra mais de 45 mil interna\u00e7\u00f5es por envenenamento","datePublished":"2025-09-14T14:00:32+00:00","mainEntityOfPage":{"@id":"https:\/\/redenoticiaz.com.br\/litoralsp\/2025\/09\/14\/brasil-registra-mais-de-45-mil-internacoes-por-envenenamento"},"wordCount":279,"commentCount":0,"publisher":{"@id":"https:\/\/redenoticiaz.com.br\/litoralsp\/#organization"},"image":{"@id":"https:\/\/redenoticiaz.com.br\/litoralsp\/2025\/09\/14\/brasil-registra-mais-de-45-mil-internacoes-por-envenenamento#primaryimage"},"thumbnailUrl":"https:\/\/redenoticiaz.com.br\/litoralsp\/wp-content\/uploads\/sites\/3\/2025\/09\/Captura-de-tela-2025-09-10-140208.jpg?v=1757523788","keywords":["Brasil","Envenenamento","Sistema \u00danico de Sa\u00fade"],"articleSection":["Sa\u00fade"],"inLanguage":"pt-BR","potentialAction":[{"@type":"CommentAction","name":"Comment","target":["https:\/\/redenoticiaz.com.br\/litoralsp\/2025\/09\/14\/brasil-registra-mais-de-45-mil-internacoes-por-envenenamento#respond"]}]},{"@type":"WebPage","@id":"https:\/\/redenoticiaz.com.br\/litoralsp\/2025\/09\/14\/brasil-registra-mais-de-45-mil-internacoes-por-envenenamento","url":"https:\/\/redenoticiaz.com.br\/litoralsp\/2025\/09\/14\/brasil-registra-mais-de-45-mil-internacoes-por-envenenamento","name":"Brasil registra mais de 45 mil interna\u00e7\u00f5es por envenenamento - Litoral SP","isPartOf":{"@id":"https:\/\/redenoticiaz.com.br\/litoralsp\/#website"},"primaryImageOfPage":{"@id":"https:\/\/redenoticiaz.com.br\/litoralsp\/2025\/09\/14\/brasil-registra-mais-de-45-mil-internacoes-por-envenenamento#primaryimage"},"image":{"@id":"https:\/\/redenoticiaz.com.br\/litoralsp\/2025\/09\/14\/brasil-registra-mais-de-45-mil-internacoes-por-envenenamento#primaryimage"},"thumbnailUrl":"https:\/\/redenoticiaz.com.br\/litoralsp\/wp-content\/uploads\/sites\/3\/2025\/09\/Captura-de-tela-2025-09-10-140208.jpg?v=1757523788","datePublished":"2025-09-14T14:00:32+00:00","description":"O Brasil registrou 45.511 interna\u00e7\u00f5es por envenenamento no Sistema \u00danico de Sa\u00fade (SUS) ao longo dos \u00faltimos dez anos.","inLanguage":"pt-BR","potentialAction":[{"@type":"ReadAction","target":["https:\/\/redenoticiaz.com.br\/litoralsp\/2025\/09\/14\/brasil-registra-mais-de-45-mil-internacoes-por-envenenamento"]}]},{"@type":"ImageObject","inLanguage":"pt-BR","@id":"https:\/\/redenoticiaz.com.br\/litoralsp\/2025\/09\/14\/brasil-registra-mais-de-45-mil-internacoes-por-envenenamento#primaryimage","url":"https:\/\/redenoticiaz.com.br\/litoralsp\/wp-content\/uploads\/sites\/3\/2025\/09\/Captura-de-tela-2025-09-10-140208.jpg?v=1757523788","contentUrl":"https:\/\/redenoticiaz.com.br\/litoralsp\/wp-content\/uploads\/sites\/3\/2025\/09\/Captura-de-tela-2025-09-10-140208.jpg?v=1757523788","width":771,"height":475,"caption":"Brasil registra mais de 45 mil interna\u00e7\u00f5es por envenenamento \u2014 Foto: Marcello Casal Jr.\/Ag\u00eancia Brasil"},{"@type":"WebSite","@id":"https:\/\/redenoticiaz.com.br\/litoralsp\/#website","url":"https:\/\/redenoticiaz.com.br\/litoralsp\/","name":"Litoral SP","description":"Rede NoticiaZ","publisher":{"@id":"https:\/\/redenoticiaz.com.br\/litoralsp\/#organization"},"potentialAction":[{"@type":"SearchAction","target":{"@type":"EntryPoint","urlTemplate":"https:\/\/redenoticiaz.com.br\/litoralsp\/?s={search_term_string}"},"query-input":{"@type":"PropertyValueSpecification","valueRequired":true,"valueName":"search_term_string"}}],"inLanguage":"pt-BR"},{"@type":"Organization","@id":"https:\/\/redenoticiaz.com.br\/litoralsp\/#organization","name":"Litoral SP","url":"https:\/\/redenoticiaz.com.br\/litoralsp\/","logo":{"@type":"ImageObject","inLanguage":"pt-BR","@id":"https:\/\/redenoticiaz.com.br\/litoralsp\/#\/schema\/logo\/image\/","url":"https:\/\/redenoticiaz.com.br\/litoralsp\/wp-content\/uploads\/sites\/3\/2020\/11\/logo.jpg","contentUrl":"https:\/\/redenoticiaz.com.br\/litoralsp\/wp-content\/uploads\/sites\/3\/2020\/11\/logo.jpg","width":400,"height":250,"caption":"Litoral SP"},"image":{"@id":"https:\/\/redenoticiaz.com.br\/litoralsp\/#\/schema\/logo\/image\/"}},{"@type":"Person","@id":"https:\/\/redenoticiaz.com.br\/litoralsp\/#\/schema\/person\/1f84d6e94e6a62d2d81199d7503e9e90","name":"Carina Reifonas","image":{"@type":"ImageObject","inLanguage":"pt-BR","@id":"https:\/\/secure.gravatar.com\/avatar\/04c59859b23696cf867715880f81d5c037e60109730bdb4e6670ec2a2245bc97?s=96&d=mm&r=g","url":"https:\/\/secure.gravatar.com\/avatar\/04c59859b23696cf867715880f81d5c037e60109730bdb4e6670ec2a2245bc97?s=96&d=mm&r=g","contentUrl":"https:\/\/secure.gravatar.com\/avatar\/04c59859b23696cf867715880f81d5c037e60109730bdb4e6670ec2a2245bc97?s=96&d=mm&r=g","caption":"Carina Reifonas"},"url":"https:\/\/redenoticiaz.com.br\/litoralsp\/author\/carinareifonas"}]}},"_links":{"self":[{"href":"https:\/\/redenoticiaz.com.br\/litoralsp\/wp-json\/wp\/v2\/posts\/120688","targetHints":{"allow":["GET"]}}],"collection":[{"href":"https:\/\/redenoticiaz.com.br\/litoralsp\/wp-json\/wp\/v2\/posts"}],"about":[{"href":"https:\/\/redenoticiaz.com.br\/litoralsp\/wp-json\/wp\/v2\/types\/post"}],"author":[{"embeddable":true,"href":"https:\/\/redenoticiaz.com.br\/litoralsp\/wp-json\/wp\/v2\/users\/30"}],"replies":[{"embeddable":true,"href":"https:\/\/redenoticiaz.com.br\/litoralsp\/wp-json\/wp\/v2\/comments?post=120688"}],"version-history":[{"count":1,"href":"https:\/\/redenoticiaz.com.br\/litoralsp\/wp-json\/wp\/v2\/posts\/120688\/revisions"}],"predecessor-version":[{"id":120713,"href":"https:\/\/redenoticiaz.com.br\/litoralsp\/wp-json\/wp\/v2\/posts\/120688\/revisions\/120713"}],"wp:featuredmedia":[{"embeddable":true,"href":"https:\/\/redenoticiaz.com.br\/litoralsp\/wp-json\/wp\/v2\/media\/120689"}],"wp:attachment":[{"href":"https:\/\/redenoticiaz.com.br\/litoralsp\/wp-json\/wp\/v2\/media?parent=120688"}],"wp:term":[{"taxonomy":"category","embeddable":true,"href":"https:\/\/redenoticiaz.com.br\/litoralsp\/wp-json\/wp\/v2\/categories?post=120688"},{"taxonomy":"post_tag","embeddable":true,"href":"https:\/\/redenoticiaz.com.br\/litoralsp\/wp-json\/wp\/v2\/tags?post=120688"}],"curies":[{"name":"wp","href":"https:\/\/api.w.org\/{rel}","templated":true}]}}