{"id":120846,"date":"2025-10-12T11:00:42","date_gmt":"2025-10-12T14:00:42","guid":{"rendered":"https:\/\/redenoticiaz.com.br\/litoralsp\/?p=120846"},"modified":"2025-10-09T14:26:54","modified_gmt":"2025-10-09T17:26:54","slug":"cursos-profissionalizantes-gratuitos-oferecem-960-vagas-inscricoes-ja-abertas","status":"publish","type":"post","link":"https:\/\/redenoticiaz.com.br\/litoralsp\/2025\/10\/12\/cursos-profissionalizantes-gratuitos-oferecem-960-vagas-inscricoes-ja-abertas","title":{"rendered":"Cursos profissionalizantes gratuitos oferecem 960 vagas; inscri\u00e7\u00f5es j\u00e1 abertas"},"content":{"rendered":"<p class=\"v1ql-align-justify\">O Governo do Estado de S\u00e3o Paulo, por meio da Secretaria de Desenvolvimento Econ\u00f4mico (SDE), est\u00e1 com 960 vagas abertas para cursos gratuitos de qualifica\u00e7\u00e3o profissional, com o objetivo de introduzir ou recolocar as pessoas no mercado de trabalho. Os interessados devem se inscrever pelo Portal Trampolim\u00a0<a href=\"https:\/\/click.cse360.com.br\/Click\/AddCampaignEmailClick\/07b099c4-1c83-4aaa-4b4b-08ddfba34a14\/https%253a%252f%252fwww.trampolim.sp.gov.br%252fpt%252f\/de0e6cd2-87da-4d44-ae62-002ee80d897c\/pauta@redenoticiaz.com.br\/True\" target=\"_blank\" rel=\"noopener noreferrer\">www.trampolim.sp.gov.br<\/a>\u00a0at\u00e9 o dia 12 de outubro.<\/p>\n<p class=\"v1ql-align-justify\">A oferta do Qualifica SP conta com aulas presenciais em 47 munic\u00edpios do estado e ser\u00e3o promovidas por professores do da Funda\u00e7\u00e3o de Apoio \u00e0 Tecnologia (FAT) nas unidades da institui\u00e7\u00e3o e em algumas cidades de forma descentralizada. Confira as 27 op\u00e7\u00f5es de cursos dispon\u00edveis:<\/p>\n<ul>\n<li class=\"v1ql-align-justify\">Almoxarife e Estoquista (20 vagas);<\/li>\n<li>Assistente Administrativo (60 vagas);<\/li>\n<li>Assistente Administrativo com inclus\u00e3o digital (40 vagas);<\/li>\n<li>Assistente Cont\u00e1bil (20 vagas);<\/li>\n<li>Assistente de Log\u00edstica (60 vagas);<\/li>\n<li>Assistente de Recursos Humanos (60 vagas);<\/li>\n<li>Atendente de Farm\u00e1cia (20 vagas);<\/li>\n<li>Atendimento e Recep\u00e7\u00e3o (20 vagas);<\/li>\n<li>B\u00e1sico em Excel (20 vagas);<\/li>\n<li>Coloca\u00e7\u00e3o de Pisos e Azulejos (20 vagas);<\/li>\n<li>Controlador de Acesso (20 vagas);<\/li>\n<li>Cuidador de Idosos (40 vagas);<\/li>\n<li>Cuidador de Idosos com inclus\u00e3o digital (20 vagas);<\/li>\n<li>El\u00e9trica Residencial B\u00e1sica (60 vagas);<\/li>\n<li>Eletricista Instalador Residencial &#8211; B\u00e1sico (20 vagas);<\/li>\n<li>Gest\u00e3o de Pequenos Neg\u00f3cios com inclus\u00e3o digital (20 vagas);<\/li>\n<li>Inform\u00e1tica B\u00e1sica com inclus\u00e3o digital (40 vagas);<\/li>\n<li>Ingl\u00eas para Recep\u00e7\u00e3o (20 vagas);<\/li>\n<li>Marketing Digital na Pr\u00e1tica (40 vagas);<\/li>\n<li>Mec\u00e2nica Automotiva &#8211; B\u00e1sico (20 vagas);<\/li>\n<li>Metrologia (20 vagas);<\/li>\n<li>Operador de Caixa (40 vagas);<\/li>\n<li>Porteiro e Controlador de Acesso com inclus\u00e3o digital (20 vagas);<\/li>\n<li>Rotinas B\u00e1sicas de Gar\u00e7om (100 vagas);<\/li>\n<li>T\u00e9cnicas de Vendas (20 vagas);<\/li>\n<li>T\u00e9cnicas de Vendas com inclus\u00e3o digital (100 vagas);<\/li>\n<li>Tratorista (20 vagas).<\/li>\n<\/ul>\n<p class=\"v1ql-align-justify\">As vagas est\u00e3o distribu\u00eddas entre duas modalidades:\u00a0<strong>Novo Emprego<\/strong>, voltado a jovens e adultos entre 25 e 59 anos que desejam se qualificar em uma nova \u00e1rea ou iniciar uma nova carreira; e\u00a0<strong>Meu Primeiro Emprego<\/strong>, direcionado a jovens de 16 a 24 anos que buscam a sua primeira oportunidade no mercado de trabalho.<\/p>\n<p class=\"v1ql-align-justify\">A escolha dos cursos foi realizada ap\u00f3s an\u00e1lises das demandas de mercado em todo o territ\u00f3rio estadual. O objetivo \u00e9 fazer a conex\u00e3o entre aprendizado e empregabilidade, oferecendo treinamento em segmentos em que h\u00e1 vagas abertas. Verifique mais detalhes sobre os munic\u00edpios com cursos dispon\u00edveis e os locais das aulas na plataforma no ato da inscri\u00e7\u00e3o.<\/p>\n<h3 class=\"v1ql-align-justify\"><strong>Como se inscrever<\/strong><\/h3>\n<p class=\"v1ql-align-justify\">Basta acessar o\u00a0<a href=\"https:\/\/click.cse360.com.br\/Click\/AddCampaignEmailClick\/07b099c4-1c83-4aaa-4b4b-08ddfba34a14\/https%253a%252f%252fwww.trampolim.sp.gov.br%252fpt%252f\/de0e6cd2-87da-4d44-ae62-002ee80d897c\/pauta@redenoticiaz.com.br\/True\" target=\"_blank\" rel=\"noopener noreferrer\">www.trampolim.sp.gov.br<\/a>, fazer o login na sua conta gov.br e escolher o curso desejado. Tudo isso dentro do prazo de inscri\u00e7\u00f5es, que vai at\u00e9 o dia 12 de outubro. Podem participar candidatos alfabetizados, domiciliados no estado de S\u00e3o Paulo e com idade compat\u00edvel com a modalidade escolhida.<\/p>\n<p class=\"v1ql-align-justify\">Caso o n\u00famero de inscritos ultrapasse o n\u00famero de vagas, ser\u00e3o priorizadas pessoas menores de idade, com defici\u00eancia, desempregadas e com baixa renda.<\/p>\n<p class=\"v1ql-align-justify\">As aulas t\u00eam previs\u00e3o de in\u00edcio para o dia 20 de outubro. Para receber o certificado, o aluno deve ter ao menos 75% de presen\u00e7a nas aulas do curso.<\/p>\n<p>LEIA MAIS<\/p>\n<p><a href=\"https:\/\/redenoticiaz.com.br\/blog\/2025\/10\/09\/dexco-abre-16-vagas-em-jundiai-e-oferece-oportunidades-em-diversas-areas\">Dexco abre 16 vagas em Jundia\u00ed e oferece oportunidades em diversas \u00e1reas<\/a><\/p>\n<p><a href=\"https:\/\/redenoticiaz.com.br\/blog\/2025\/10\/09\/viveo-oferece-26-vagas-com-salarios-de-mais-de-r-2-mil\">Viveo oferece 26 vagas com sal\u00e1rios de mais de R$ 2 mil<\/a><\/p>\n<p>&nbsp;<\/p>\n<p>&nbsp;<\/p>\n","protected":false},"excerpt":{"rendered":"<p>O Governo do Estado de S\u00e3o Paulo, por meio da Secretaria de Desenvolvimento Econ\u00f4mico (SDE), est\u00e1 com 960 vagas abertas para cursos gratuitos de qualifica\u00e7\u00e3o profissional, com o objetivo de introduzir ou recolocar as pessoas no mercado de trabalho. Os interessados devem se inscrever pelo Portal Trampolim\u00a0www.trampolim.sp.gov.br\u00a0at\u00e9 o dia 12 de outubro. A oferta do &hellip;<\/p>\n","protected":false},"author":30,"featured_media":120847,"comment_status":"open","ping_status":"closed","sticky":false,"template":"","format":"standard","meta":{"footnotes":""},"categories":[67963],"tags":[36900],"class_list":["post-120846","post","type-post","status-publish","format-standard","has-post-thumbnail","hentry","category-emprego","tag-curso-gratuito"],"yoast_head":"<!-- This site is optimized with the Yoast SEO plugin v27.5 - https:\/\/yoast.com\/product\/yoast-seo-wordpress\/ -->\n<title>Cursos profissionalizantes gratuitos oferecem 960 vagas; inscri\u00e7\u00f5es j\u00e1 abertas - Litoral SP<\/title>\n<meta name=\"description\" content=\"O Governo do Estado de S\u00e3o Paulo, por meio da Secretaria de Desenvolvimento Econ\u00f4mico (SDE), est\u00e1 com 960 vagas abertas para cursos gratuitos\" \/>\n<meta name=\"robots\" content=\"index, follow, max-snippet:-1, max-image-preview:large, max-video-preview:-1\" \/>\n<link rel=\"canonical\" href=\"https:\/\/redenoticiaz.com.br\/litoralsp\/2025\/10\/12\/cursos-profissionalizantes-gratuitos-oferecem-960-vagas-inscricoes-ja-abertas\" \/>\n<meta property=\"og:locale\" content=\"pt_BR\" \/>\n<meta property=\"og:type\" content=\"article\" \/>\n<meta property=\"og:title\" content=\"Cursos profissionalizantes gratuitos oferecem 960 vagas; inscri\u00e7\u00f5es j\u00e1 abertas - Litoral SP\" \/>\n<meta property=\"og:description\" content=\"O Governo do Estado de S\u00e3o Paulo, por meio da Secretaria de Desenvolvimento Econ\u00f4mico (SDE), est\u00e1 com 960 vagas abertas para cursos gratuitos\" \/>\n<meta property=\"og:url\" content=\"https:\/\/redenoticiaz.com.br\/litoralsp\/2025\/10\/12\/cursos-profissionalizantes-gratuitos-oferecem-960-vagas-inscricoes-ja-abertas\" \/>\n<meta property=\"og:site_name\" content=\"Litoral SP\" \/>\n<meta property=\"article:published_time\" content=\"2025-10-12T14:00:42+00:00\" \/>\n<meta property=\"og:image\" content=\"https:\/\/redenoticiaz.com.br\/litoralsp\/wp-content\/uploads\/sites\/3\/2025\/10\/Captura-de-tela-2025-07-17-115308.jpg?v=1752764023\" \/>\n\t<meta property=\"og:image:width\" content=\"597\" \/>\n\t<meta property=\"og:image:height\" content=\"452\" \/>\n\t<meta property=\"og:image:type\" content=\"image\/jpeg\" \/>\n<meta name=\"author\" content=\"Carina Reifonas\" \/>\n<meta name=\"twitter:card\" content=\"summary_large_image\" \/>\n<meta name=\"twitter:label1\" content=\"Escrito por\" \/>\n\t<meta name=\"twitter:data1\" content=\"Carina Reifonas\" \/>\n\t<meta name=\"twitter:label2\" content=\"Est. tempo de leitura\" \/>\n\t<meta name=\"twitter:data2\" content=\"3 minutos\" \/>\n<script type=\"application\/ld+json\" class=\"yoast-schema-graph\">{\"@context\":\"https:\\\/\\\/schema.org\",\"@graph\":[{\"@type\":\"Article\",\"@id\":\"https:\\\/\\\/redenoticiaz.com.br\\\/litoralsp\\\/2025\\\/10\\\/12\\\/cursos-profissionalizantes-gratuitos-oferecem-960-vagas-inscricoes-ja-abertas#article\",\"isPartOf\":{\"@id\":\"https:\\\/\\\/redenoticiaz.com.br\\\/litoralsp\\\/2025\\\/10\\\/12\\\/cursos-profissionalizantes-gratuitos-oferecem-960-vagas-inscricoes-ja-abertas\"},\"author\":{\"name\":\"Carina Reifonas\",\"@id\":\"https:\\\/\\\/redenoticiaz.com.br\\\/litoralsp\\\/#\\\/schema\\\/person\\\/1f84d6e94e6a62d2d81199d7503e9e90\"},\"headline\":\"Cursos profissionalizantes gratuitos oferecem 960 vagas; inscri\u00e7\u00f5es j\u00e1 abertas\",\"datePublished\":\"2025-10-12T14:00:42+00:00\",\"mainEntityOfPage\":{\"@id\":\"https:\\\/\\\/redenoticiaz.com.br\\\/litoralsp\\\/2025\\\/10\\\/12\\\/cursos-profissionalizantes-gratuitos-oferecem-960-vagas-inscricoes-ja-abertas\"},\"wordCount\":530,\"commentCount\":0,\"publisher\":{\"@id\":\"https:\\\/\\\/redenoticiaz.com.br\\\/litoralsp\\\/#organization\"},\"image\":{\"@id\":\"https:\\\/\\\/redenoticiaz.com.br\\\/litoralsp\\\/2025\\\/10\\\/12\\\/cursos-profissionalizantes-gratuitos-oferecem-960-vagas-inscricoes-ja-abertas#primaryimage\"},\"thumbnailUrl\":\"https:\\\/\\\/redenoticiaz.com.br\\\/litoralsp\\\/wp-content\\\/uploads\\\/sites\\\/3\\\/2025\\\/10\\\/Captura-de-tela-2025-07-17-115308.jpg?v=1752764023\",\"keywords\":[\"CURSO GRATUITO\"],\"articleSection\":[\"Emprego\"],\"inLanguage\":\"pt-BR\",\"potentialAction\":[{\"@type\":\"CommentAction\",\"name\":\"Comment\",\"target\":[\"https:\\\/\\\/redenoticiaz.com.br\\\/litoralsp\\\/2025\\\/10\\\/12\\\/cursos-profissionalizantes-gratuitos-oferecem-960-vagas-inscricoes-ja-abertas#respond\"]}]},{\"@type\":\"WebPage\",\"@id\":\"https:\\\/\\\/redenoticiaz.com.br\\\/litoralsp\\\/2025\\\/10\\\/12\\\/cursos-profissionalizantes-gratuitos-oferecem-960-vagas-inscricoes-ja-abertas\",\"url\":\"https:\\\/\\\/redenoticiaz.com.br\\\/litoralsp\\\/2025\\\/10\\\/12\\\/cursos-profissionalizantes-gratuitos-oferecem-960-vagas-inscricoes-ja-abertas\",\"name\":\"Cursos profissionalizantes gratuitos oferecem 960 vagas; inscri\u00e7\u00f5es j\u00e1 abertas - Litoral SP\",\"isPartOf\":{\"@id\":\"https:\\\/\\\/redenoticiaz.com.br\\\/litoralsp\\\/#website\"},\"primaryImageOfPage\":{\"@id\":\"https:\\\/\\\/redenoticiaz.com.br\\\/litoralsp\\\/2025\\\/10\\\/12\\\/cursos-profissionalizantes-gratuitos-oferecem-960-vagas-inscricoes-ja-abertas#primaryimage\"},\"image\":{\"@id\":\"https:\\\/\\\/redenoticiaz.com.br\\\/litoralsp\\\/2025\\\/10\\\/12\\\/cursos-profissionalizantes-gratuitos-oferecem-960-vagas-inscricoes-ja-abertas#primaryimage\"},\"thumbnailUrl\":\"https:\\\/\\\/redenoticiaz.com.br\\\/litoralsp\\\/wp-content\\\/uploads\\\/sites\\\/3\\\/2025\\\/10\\\/Captura-de-tela-2025-07-17-115308.jpg?v=1752764023\",\"datePublished\":\"2025-10-12T14:00:42+00:00\",\"description\":\"O Governo do Estado de S\u00e3o Paulo, por meio da Secretaria de Desenvolvimento Econ\u00f4mico (SDE), est\u00e1 com 960 vagas abertas para cursos gratuitos\",\"inLanguage\":\"pt-BR\",\"potentialAction\":[{\"@type\":\"ReadAction\",\"target\":[\"https:\\\/\\\/redenoticiaz.com.br\\\/litoralsp\\\/2025\\\/10\\\/12\\\/cursos-profissionalizantes-gratuitos-oferecem-960-vagas-inscricoes-ja-abertas\"]}]},{\"@type\":\"ImageObject\",\"inLanguage\":\"pt-BR\",\"@id\":\"https:\\\/\\\/redenoticiaz.com.br\\\/litoralsp\\\/2025\\\/10\\\/12\\\/cursos-profissionalizantes-gratuitos-oferecem-960-vagas-inscricoes-ja-abertas#primaryimage\",\"url\":\"https:\\\/\\\/redenoticiaz.com.br\\\/litoralsp\\\/wp-content\\\/uploads\\\/sites\\\/3\\\/2025\\\/10\\\/Captura-de-tela-2025-07-17-115308.jpg?v=1752764023\",\"contentUrl\":\"https:\\\/\\\/redenoticiaz.com.br\\\/litoralsp\\\/wp-content\\\/uploads\\\/sites\\\/3\\\/2025\\\/10\\\/Captura-de-tela-2025-07-17-115308.jpg?v=1752764023\",\"width\":597,\"height\":452,\"caption\":\"Curso Gratuito se Assistente de Controle de Qualidade \u2014 Foto: Divulga\u00e7\u00e3o\\\/ Prefeitura de Jundia\u00ed\"},{\"@type\":\"WebSite\",\"@id\":\"https:\\\/\\\/redenoticiaz.com.br\\\/litoralsp\\\/#website\",\"url\":\"https:\\\/\\\/redenoticiaz.com.br\\\/litoralsp\\\/\",\"name\":\"Litoral SP\",\"description\":\"Rede NoticiaZ\",\"publisher\":{\"@id\":\"https:\\\/\\\/redenoticiaz.com.br\\\/litoralsp\\\/#organization\"},\"potentialAction\":[{\"@type\":\"SearchAction\",\"target\":{\"@type\":\"EntryPoint\",\"urlTemplate\":\"https:\\\/\\\/redenoticiaz.com.br\\\/litoralsp\\\/?s={search_term_string}\"},\"query-input\":{\"@type\":\"PropertyValueSpecification\",\"valueRequired\":true,\"valueName\":\"search_term_string\"}}],\"inLanguage\":\"pt-BR\"},{\"@type\":\"Organization\",\"@id\":\"https:\\\/\\\/redenoticiaz.com.br\\\/litoralsp\\\/#organization\",\"name\":\"Litoral SP\",\"url\":\"https:\\\/\\\/redenoticiaz.com.br\\\/litoralsp\\\/\",\"logo\":{\"@type\":\"ImageObject\",\"inLanguage\":\"pt-BR\",\"@id\":\"https:\\\/\\\/redenoticiaz.com.br\\\/litoralsp\\\/#\\\/schema\\\/logo\\\/image\\\/\",\"url\":\"https:\\\/\\\/redenoticiaz.com.br\\\/litoralsp\\\/wp-content\\\/uploads\\\/sites\\\/3\\\/2020\\\/11\\\/logo.jpg\",\"contentUrl\":\"https:\\\/\\\/redenoticiaz.com.br\\\/litoralsp\\\/wp-content\\\/uploads\\\/sites\\\/3\\\/2020\\\/11\\\/logo.jpg\",\"width\":400,\"height\":250,\"caption\":\"Litoral SP\"},\"image\":{\"@id\":\"https:\\\/\\\/redenoticiaz.com.br\\\/litoralsp\\\/#\\\/schema\\\/logo\\\/image\\\/\"}},{\"@type\":\"Person\",\"@id\":\"https:\\\/\\\/redenoticiaz.com.br\\\/litoralsp\\\/#\\\/schema\\\/person\\\/1f84d6e94e6a62d2d81199d7503e9e90\",\"name\":\"Carina Reifonas\",\"image\":{\"@type\":\"ImageObject\",\"inLanguage\":\"pt-BR\",\"@id\":\"https:\\\/\\\/secure.gravatar.com\\\/avatar\\\/04c59859b23696cf867715880f81d5c037e60109730bdb4e6670ec2a2245bc97?s=96&d=mm&r=g\",\"url\":\"https:\\\/\\\/secure.gravatar.com\\\/avatar\\\/04c59859b23696cf867715880f81d5c037e60109730bdb4e6670ec2a2245bc97?s=96&d=mm&r=g\",\"contentUrl\":\"https:\\\/\\\/secure.gravatar.com\\\/avatar\\\/04c59859b23696cf867715880f81d5c037e60109730bdb4e6670ec2a2245bc97?s=96&d=mm&r=g\",\"caption\":\"Carina Reifonas\"},\"url\":\"https:\\\/\\\/redenoticiaz.com.br\\\/litoralsp\\\/author\\\/carinareifonas\"}]}<\/script>\n<!-- \/ Yoast SEO plugin. -->","yoast_head_json":{"title":"Cursos profissionalizantes gratuitos oferecem 960 vagas; inscri\u00e7\u00f5es j\u00e1 abertas - Litoral SP","description":"O Governo do Estado de S\u00e3o Paulo, por meio da Secretaria de Desenvolvimento Econ\u00f4mico (SDE), est\u00e1 com 960 vagas abertas para cursos gratuitos","robots":{"index":"index","follow":"follow","max-snippet":"max-snippet:-1","max-image-preview":"max-image-preview:large","max-video-preview":"max-video-preview:-1"},"canonical":"https:\/\/redenoticiaz.com.br\/litoralsp\/2025\/10\/12\/cursos-profissionalizantes-gratuitos-oferecem-960-vagas-inscricoes-ja-abertas","og_locale":"pt_BR","og_type":"article","og_title":"Cursos profissionalizantes gratuitos oferecem 960 vagas; inscri\u00e7\u00f5es j\u00e1 abertas - Litoral SP","og_description":"O Governo do Estado de S\u00e3o Paulo, por meio da Secretaria de Desenvolvimento Econ\u00f4mico (SDE), est\u00e1 com 960 vagas abertas para cursos gratuitos","og_url":"https:\/\/redenoticiaz.com.br\/litoralsp\/2025\/10\/12\/cursos-profissionalizantes-gratuitos-oferecem-960-vagas-inscricoes-ja-abertas","og_site_name":"Litoral SP","article_published_time":"2025-10-12T14:00:42+00:00","og_image":[{"width":597,"height":452,"url":"https:\/\/redenoticiaz.com.br\/litoralsp\/wp-content\/uploads\/sites\/3\/2025\/10\/Captura-de-tela-2025-07-17-115308.jpg?v=1752764023","type":"image\/jpeg"}],"author":"Carina Reifonas","twitter_card":"summary_large_image","twitter_misc":{"Escrito por":"Carina Reifonas","Est. tempo de leitura":"3 minutos"},"schema":{"@context":"https:\/\/schema.org","@graph":[{"@type":"Article","@id":"https:\/\/redenoticiaz.com.br\/litoralsp\/2025\/10\/12\/cursos-profissionalizantes-gratuitos-oferecem-960-vagas-inscricoes-ja-abertas#article","isPartOf":{"@id":"https:\/\/redenoticiaz.com.br\/litoralsp\/2025\/10\/12\/cursos-profissionalizantes-gratuitos-oferecem-960-vagas-inscricoes-ja-abertas"},"author":{"name":"Carina Reifonas","@id":"https:\/\/redenoticiaz.com.br\/litoralsp\/#\/schema\/person\/1f84d6e94e6a62d2d81199d7503e9e90"},"headline":"Cursos profissionalizantes gratuitos oferecem 960 vagas; inscri\u00e7\u00f5es j\u00e1 abertas","datePublished":"2025-10-12T14:00:42+00:00","mainEntityOfPage":{"@id":"https:\/\/redenoticiaz.com.br\/litoralsp\/2025\/10\/12\/cursos-profissionalizantes-gratuitos-oferecem-960-vagas-inscricoes-ja-abertas"},"wordCount":530,"commentCount":0,"publisher":{"@id":"https:\/\/redenoticiaz.com.br\/litoralsp\/#organization"},"image":{"@id":"https:\/\/redenoticiaz.com.br\/litoralsp\/2025\/10\/12\/cursos-profissionalizantes-gratuitos-oferecem-960-vagas-inscricoes-ja-abertas#primaryimage"},"thumbnailUrl":"https:\/\/redenoticiaz.com.br\/litoralsp\/wp-content\/uploads\/sites\/3\/2025\/10\/Captura-de-tela-2025-07-17-115308.jpg?v=1752764023","keywords":["CURSO GRATUITO"],"articleSection":["Emprego"],"inLanguage":"pt-BR","potentialAction":[{"@type":"CommentAction","name":"Comment","target":["https:\/\/redenoticiaz.com.br\/litoralsp\/2025\/10\/12\/cursos-profissionalizantes-gratuitos-oferecem-960-vagas-inscricoes-ja-abertas#respond"]}]},{"@type":"WebPage","@id":"https:\/\/redenoticiaz.com.br\/litoralsp\/2025\/10\/12\/cursos-profissionalizantes-gratuitos-oferecem-960-vagas-inscricoes-ja-abertas","url":"https:\/\/redenoticiaz.com.br\/litoralsp\/2025\/10\/12\/cursos-profissionalizantes-gratuitos-oferecem-960-vagas-inscricoes-ja-abertas","name":"Cursos profissionalizantes gratuitos oferecem 960 vagas; inscri\u00e7\u00f5es j\u00e1 abertas - Litoral SP","isPartOf":{"@id":"https:\/\/redenoticiaz.com.br\/litoralsp\/#website"},"primaryImageOfPage":{"@id":"https:\/\/redenoticiaz.com.br\/litoralsp\/2025\/10\/12\/cursos-profissionalizantes-gratuitos-oferecem-960-vagas-inscricoes-ja-abertas#primaryimage"},"image":{"@id":"https:\/\/redenoticiaz.com.br\/litoralsp\/2025\/10\/12\/cursos-profissionalizantes-gratuitos-oferecem-960-vagas-inscricoes-ja-abertas#primaryimage"},"thumbnailUrl":"https:\/\/redenoticiaz.com.br\/litoralsp\/wp-content\/uploads\/sites\/3\/2025\/10\/Captura-de-tela-2025-07-17-115308.jpg?v=1752764023","datePublished":"2025-10-12T14:00:42+00:00","description":"O Governo do Estado de S\u00e3o Paulo, por meio da Secretaria de Desenvolvimento Econ\u00f4mico (SDE), est\u00e1 com 960 vagas abertas para cursos gratuitos","inLanguage":"pt-BR","potentialAction":[{"@type":"ReadAction","target":["https:\/\/redenoticiaz.com.br\/litoralsp\/2025\/10\/12\/cursos-profissionalizantes-gratuitos-oferecem-960-vagas-inscricoes-ja-abertas"]}]},{"@type":"ImageObject","inLanguage":"pt-BR","@id":"https:\/\/redenoticiaz.com.br\/litoralsp\/2025\/10\/12\/cursos-profissionalizantes-gratuitos-oferecem-960-vagas-inscricoes-ja-abertas#primaryimage","url":"https:\/\/redenoticiaz.com.br\/litoralsp\/wp-content\/uploads\/sites\/3\/2025\/10\/Captura-de-tela-2025-07-17-115308.jpg?v=1752764023","contentUrl":"https:\/\/redenoticiaz.com.br\/litoralsp\/wp-content\/uploads\/sites\/3\/2025\/10\/Captura-de-tela-2025-07-17-115308.jpg?v=1752764023","width":597,"height":452,"caption":"Curso Gratuito se Assistente de Controle de Qualidade \u2014 Foto: Divulga\u00e7\u00e3o\/ Prefeitura de Jundia\u00ed"},{"@type":"WebSite","@id":"https:\/\/redenoticiaz.com.br\/litoralsp\/#website","url":"https:\/\/redenoticiaz.com.br\/litoralsp\/","name":"Litoral SP","description":"Rede NoticiaZ","publisher":{"@id":"https:\/\/redenoticiaz.com.br\/litoralsp\/#organization"},"potentialAction":[{"@type":"SearchAction","target":{"@type":"EntryPoint","urlTemplate":"https:\/\/redenoticiaz.com.br\/litoralsp\/?s={search_term_string}"},"query-input":{"@type":"PropertyValueSpecification","valueRequired":true,"valueName":"search_term_string"}}],"inLanguage":"pt-BR"},{"@type":"Organization","@id":"https:\/\/redenoticiaz.com.br\/litoralsp\/#organization","name":"Litoral SP","url":"https:\/\/redenoticiaz.com.br\/litoralsp\/","logo":{"@type":"ImageObject","inLanguage":"pt-BR","@id":"https:\/\/redenoticiaz.com.br\/litoralsp\/#\/schema\/logo\/image\/","url":"https:\/\/redenoticiaz.com.br\/litoralsp\/wp-content\/uploads\/sites\/3\/2020\/11\/logo.jpg","contentUrl":"https:\/\/redenoticiaz.com.br\/litoralsp\/wp-content\/uploads\/sites\/3\/2020\/11\/logo.jpg","width":400,"height":250,"caption":"Litoral SP"},"image":{"@id":"https:\/\/redenoticiaz.com.br\/litoralsp\/#\/schema\/logo\/image\/"}},{"@type":"Person","@id":"https:\/\/redenoticiaz.com.br\/litoralsp\/#\/schema\/person\/1f84d6e94e6a62d2d81199d7503e9e90","name":"Carina Reifonas","image":{"@type":"ImageObject","inLanguage":"pt-BR","@id":"https:\/\/secure.gravatar.com\/avatar\/04c59859b23696cf867715880f81d5c037e60109730bdb4e6670ec2a2245bc97?s=96&d=mm&r=g","url":"https:\/\/secure.gravatar.com\/avatar\/04c59859b23696cf867715880f81d5c037e60109730bdb4e6670ec2a2245bc97?s=96&d=mm&r=g","contentUrl":"https:\/\/secure.gravatar.com\/avatar\/04c59859b23696cf867715880f81d5c037e60109730bdb4e6670ec2a2245bc97?s=96&d=mm&r=g","caption":"Carina Reifonas"},"url":"https:\/\/redenoticiaz.com.br\/litoralsp\/author\/carinareifonas"}]}},"_links":{"self":[{"href":"https:\/\/redenoticiaz.com.br\/litoralsp\/wp-json\/wp\/v2\/posts\/120846","targetHints":{"allow":["GET"]}}],"collection":[{"href":"https:\/\/redenoticiaz.com.br\/litoralsp\/wp-json\/wp\/v2\/posts"}],"about":[{"href":"https:\/\/redenoticiaz.com.br\/litoralsp\/wp-json\/wp\/v2\/types\/post"}],"author":[{"embeddable":true,"href":"https:\/\/redenoticiaz.com.br\/litoralsp\/wp-json\/wp\/v2\/users\/30"}],"replies":[{"embeddable":true,"href":"https:\/\/redenoticiaz.com.br\/litoralsp\/wp-json\/wp\/v2\/comments?post=120846"}],"version-history":[{"count":1,"href":"https:\/\/redenoticiaz.com.br\/litoralsp\/wp-json\/wp\/v2\/posts\/120846\/revisions"}],"predecessor-version":[{"id":120848,"href":"https:\/\/redenoticiaz.com.br\/litoralsp\/wp-json\/wp\/v2\/posts\/120846\/revisions\/120848"}],"wp:featuredmedia":[{"embeddable":true,"href":"https:\/\/redenoticiaz.com.br\/litoralsp\/wp-json\/wp\/v2\/media\/120847"}],"wp:attachment":[{"href":"https:\/\/redenoticiaz.com.br\/litoralsp\/wp-json\/wp\/v2\/media?parent=120846"}],"wp:term":[{"taxonomy":"category","embeddable":true,"href":"https:\/\/redenoticiaz.com.br\/litoralsp\/wp-json\/wp\/v2\/categories?post=120846"},{"taxonomy":"post_tag","embeddable":true,"href":"https:\/\/redenoticiaz.com.br\/litoralsp\/wp-json\/wp\/v2\/tags?post=120846"}],"curies":[{"name":"wp","href":"https:\/\/api.w.org\/{rel}","templated":true}]}}