{"id":120871,"date":"2025-10-17T11:31:36","date_gmt":"2025-10-17T14:31:36","guid":{"rendered":"https:\/\/redenoticiaz.com.br\/litoralsp\/2025\/10\/17\/vigor-abre-vagas-em-varias-cidades-para-areas-de-qualidade-logistica-e-marketing"},"modified":"2025-10-17T11:31:36","modified_gmt":"2025-10-17T14:31:36","slug":"vigor-abre-vagas-em-varias-cidades-para-areas-de-qualidade-logistica-e-marketing","status":"publish","type":"post","link":"https:\/\/redenoticiaz.com.br\/litoralsp\/2025\/10\/17\/vigor-abre-vagas-em-varias-cidades-para-areas-de-qualidade-logistica-e-marketing","title":{"rendered":"Vigor abre vagas em v\u00e1rias cidades para \u00e1reas de qualidade, log\u00edstica e marketing"},"content":{"rendered":"<p>A Vigor Alimentos, uma das maiores empresas do setor de latic\u00ednios do pa\u00eds, est\u00e1 com diversas vagas abertas para profissionais de diferentes \u00e1reas e n\u00edveis de experi\u00eancia. As oportunidades s\u00e3o para cargos efetivos em unidades de S\u00e3o Paulo e Minas Gerais.<\/p>\n<p><strong>Entre as vagas dispon\u00edveis est\u00e3o:<\/strong><\/p>\n<ul>\n<li>Analista de Controle de Qualidade Jr \u2013 S\u00e3o Caetano do Sul (SP)<\/li>\n<li>Analista de Controle de Qualidade Pl \u2013 S\u00e3o Caetano do Sul (SP)<\/li>\n<li>Analista de Estoque Jr \u2013 Belenzinho, S\u00e3o Paulo (SP)<\/li>\n<li>Analista de Garantia da Qualidade Pl \u2013 Lavras (MG)<\/li>\n<li>Analista de Garantia da Qualidade Pl \u2013 Passos (MG)<\/li>\n<li>Analista de Log\u00edstica Pl \u2013 Campinas (SP)<\/li>\n<li>Analista de Marketing Pleno \u2013 S\u00e3o Paulo (SP)<\/li>\n<li>Analista de Pricing S\u00eanior \u2013 S\u00e3o Paulo (SP)<\/li>\n<li>Analista de Trade Marketing Pleno \u2013 S\u00e3o Paulo (SP)<\/li>\n<li>Analista de Trade Marketing Pleno \u2013 Canal \u2013 S\u00e3o Paulo (SP)<\/li>\n<\/ul>\n<p>As vagas abrangem \u00e1reas estrat\u00e9gicas como qualidade, marketing, log\u00edstica e precifica\u00e7\u00e3o, oferecendo oportunidades tanto para profissionais em in\u00edcio de carreira quanto para quem j\u00e1 possui experi\u00eancia.<\/p>\n<p>Os interessados podem se inscrever diretamente pelo site oficial da <a href=\"https:\/\/www.vigor.com.br\/trabalhe-conosco\">Vigor, na se\u00e7\u00e3o \u201cTrabalhe Conosco\u201d,<\/a> onde tamb\u00e9m \u00e9 poss\u00edvel consultar os requisitos e benef\u00edcios de cada posi\u00e7\u00e3o.<\/p>\n<p>LEIA MAIS<\/p>\n<p><a href=\"https:\/\/redenoticiaz.com.br\/blog\/2025\/10\/17\/pm-aperta-o-cerco-contra-motos-barulhentas-em-varzea-paulista\">PM aperta o cerco contra motos barulhentas em V\u00e1rzea Paulista<\/a><\/p>\n<p><a href=\"https:\/\/redenoticiaz.com.br\/blog\/2025\/10\/17\/ex-servidora-de-jundiai-e-condenada-por-desviar-quase-r-1-milhao-da-prefeitura\">Ex-servidora de Jundia\u00ed \u00e9 condenada por desviar quase R$ 1 milh\u00e3o da prefeitura<\/a><\/p>\n<p>&nbsp;<\/p>\n","protected":false},"excerpt":{"rendered":"<p>A Vigor Alimentos, uma das maiores empresas do setor de latic\u00ednios do pa\u00eds, est\u00e1 com diversas vagas abertas para profissionais de diferentes \u00e1reas e n\u00edveis de experi\u00eancia. As oportunidades s\u00e3o para cargos efetivos em unidades de S\u00e3o Paulo e Minas Gerais. Entre as vagas dispon\u00edveis est\u00e3o: Analista de Controle de Qualidade Jr \u2013 S\u00e3o Caetano &hellip;<\/p>\n","protected":false},"author":30,"featured_media":115756,"comment_status":"open","ping_status":"closed","sticky":false,"template":"","format":"standard","meta":{"footnotes":""},"categories":[67963],"tags":[22019,68216],"class_list":["post-120871","post","type-post","status-publish","format-standard","has-post-thumbnail","hentry","category-emprego","tag-vagas","tag-vigor"],"yoast_head":"<!-- This site is optimized with the Yoast SEO plugin v27.4 - https:\/\/yoast.com\/product\/yoast-seo-wordpress\/ -->\n<title>Vigor abre vagas em v\u00e1rias cidades para \u00e1reas de qualidade, log\u00edstica e marketing - Litoral SP<\/title>\n<meta name=\"description\" content=\"A Vigor Alimentos, uma das maiores empresas do setor de latic\u00ednios do pa\u00eds, est\u00e1 com diversas vagas abertas para profissionais de diferentes \u00e1reas.\" \/>\n<meta name=\"robots\" content=\"index, follow, max-snippet:-1, max-image-preview:large, max-video-preview:-1\" \/>\n<link rel=\"canonical\" href=\"https:\/\/redenoticiaz.com.br\/litoralsp\/2025\/10\/17\/vigor-abre-vagas-em-varias-cidades-para-areas-de-qualidade-logistica-e-marketing\" \/>\n<meta property=\"og:locale\" content=\"pt_BR\" \/>\n<meta property=\"og:type\" content=\"article\" \/>\n<meta property=\"og:title\" content=\"Vigor abre vagas em v\u00e1rias cidades para \u00e1reas de qualidade, log\u00edstica e marketing - Litoral SP\" \/>\n<meta property=\"og:description\" content=\"A Vigor Alimentos, uma das maiores empresas do setor de latic\u00ednios do pa\u00eds, est\u00e1 com diversas vagas abertas para profissionais de diferentes \u00e1reas.\" \/>\n<meta property=\"og:url\" content=\"https:\/\/redenoticiaz.com.br\/litoralsp\/2025\/10\/17\/vigor-abre-vagas-em-varias-cidades-para-areas-de-qualidade-logistica-e-marketing\" \/>\n<meta property=\"og:site_name\" content=\"Litoral SP\" \/>\n<meta property=\"article:published_time\" content=\"2025-10-17T14:31:36+00:00\" \/>\n<meta property=\"og:image\" content=\"https:\/\/redenoticiaz.com.br\/litoralsp\/wp-content\/uploads\/sites\/3\/2024\/04\/Captura-de-tela-2024-04-18-130848.png?v=1713456748\" \/>\n\t<meta property=\"og:image:width\" content=\"400\" \/>\n\t<meta property=\"og:image:height\" content=\"267\" \/>\n\t<meta property=\"og:image:type\" content=\"image\/png\" \/>\n<meta name=\"author\" content=\"Carina Reifonas\" \/>\n<meta name=\"twitter:card\" content=\"summary_large_image\" \/>\n<meta name=\"twitter:label1\" content=\"Escrito por\" \/>\n\t<meta name=\"twitter:data1\" content=\"Carina Reifonas\" \/>\n\t<meta name=\"twitter:label2\" content=\"Est. tempo de leitura\" \/>\n\t<meta name=\"twitter:data2\" content=\"2 minutos\" \/>\n<script type=\"application\/ld+json\" class=\"yoast-schema-graph\">{\"@context\":\"https:\\\/\\\/schema.org\",\"@graph\":[{\"@type\":\"Article\",\"@id\":\"https:\\\/\\\/redenoticiaz.com.br\\\/litoralsp\\\/2025\\\/10\\\/17\\\/vigor-abre-vagas-em-varias-cidades-para-areas-de-qualidade-logistica-e-marketing#article\",\"isPartOf\":{\"@id\":\"https:\\\/\\\/redenoticiaz.com.br\\\/litoralsp\\\/2025\\\/10\\\/17\\\/vigor-abre-vagas-em-varias-cidades-para-areas-de-qualidade-logistica-e-marketing\"},\"author\":{\"name\":\"Carina Reifonas\",\"@id\":\"https:\\\/\\\/redenoticiaz.com.br\\\/litoralsp\\\/#\\\/schema\\\/person\\\/1f84d6e94e6a62d2d81199d7503e9e90\"},\"headline\":\"Vigor abre vagas em v\u00e1rias cidades para \u00e1reas de qualidade, log\u00edstica e marketing\",\"datePublished\":\"2025-10-17T14:31:36+00:00\",\"mainEntityOfPage\":{\"@id\":\"https:\\\/\\\/redenoticiaz.com.br\\\/litoralsp\\\/2025\\\/10\\\/17\\\/vigor-abre-vagas-em-varias-cidades-para-areas-de-qualidade-logistica-e-marketing\"},\"wordCount\":249,\"commentCount\":0,\"publisher\":{\"@id\":\"https:\\\/\\\/redenoticiaz.com.br\\\/litoralsp\\\/#organization\"},\"image\":{\"@id\":\"https:\\\/\\\/redenoticiaz.com.br\\\/litoralsp\\\/2025\\\/10\\\/17\\\/vigor-abre-vagas-em-varias-cidades-para-areas-de-qualidade-logistica-e-marketing#primaryimage\"},\"thumbnailUrl\":\"https:\\\/\\\/redenoticiaz.com.br\\\/litoralsp\\\/wp-content\\\/uploads\\\/sites\\\/3\\\/2024\\\/04\\\/Captura-de-tela-2024-04-18-130848.png?v=1713456748\",\"keywords\":[\"VAGAS\",\"VIGOR\"],\"articleSection\":[\"Emprego\"],\"inLanguage\":\"pt-BR\",\"potentialAction\":[{\"@type\":\"CommentAction\",\"name\":\"Comment\",\"target\":[\"https:\\\/\\\/redenoticiaz.com.br\\\/litoralsp\\\/2025\\\/10\\\/17\\\/vigor-abre-vagas-em-varias-cidades-para-areas-de-qualidade-logistica-e-marketing#respond\"]}]},{\"@type\":\"WebPage\",\"@id\":\"https:\\\/\\\/redenoticiaz.com.br\\\/litoralsp\\\/2025\\\/10\\\/17\\\/vigor-abre-vagas-em-varias-cidades-para-areas-de-qualidade-logistica-e-marketing\",\"url\":\"https:\\\/\\\/redenoticiaz.com.br\\\/litoralsp\\\/2025\\\/10\\\/17\\\/vigor-abre-vagas-em-varias-cidades-para-areas-de-qualidade-logistica-e-marketing\",\"name\":\"Vigor abre vagas em v\u00e1rias cidades para \u00e1reas de qualidade, log\u00edstica e marketing - Litoral SP\",\"isPartOf\":{\"@id\":\"https:\\\/\\\/redenoticiaz.com.br\\\/litoralsp\\\/#website\"},\"primaryImageOfPage\":{\"@id\":\"https:\\\/\\\/redenoticiaz.com.br\\\/litoralsp\\\/2025\\\/10\\\/17\\\/vigor-abre-vagas-em-varias-cidades-para-areas-de-qualidade-logistica-e-marketing#primaryimage\"},\"image\":{\"@id\":\"https:\\\/\\\/redenoticiaz.com.br\\\/litoralsp\\\/2025\\\/10\\\/17\\\/vigor-abre-vagas-em-varias-cidades-para-areas-de-qualidade-logistica-e-marketing#primaryimage\"},\"thumbnailUrl\":\"https:\\\/\\\/redenoticiaz.com.br\\\/litoralsp\\\/wp-content\\\/uploads\\\/sites\\\/3\\\/2024\\\/04\\\/Captura-de-tela-2024-04-18-130848.png?v=1713456748\",\"datePublished\":\"2025-10-17T14:31:36+00:00\",\"description\":\"A Vigor Alimentos, uma das maiores empresas do setor de latic\u00ednios do pa\u00eds, est\u00e1 com diversas vagas abertas para profissionais de diferentes \u00e1reas.\",\"inLanguage\":\"pt-BR\",\"potentialAction\":[{\"@type\":\"ReadAction\",\"target\":[\"https:\\\/\\\/redenoticiaz.com.br\\\/litoralsp\\\/2025\\\/10\\\/17\\\/vigor-abre-vagas-em-varias-cidades-para-areas-de-qualidade-logistica-e-marketing\"]}]},{\"@type\":\"ImageObject\",\"inLanguage\":\"pt-BR\",\"@id\":\"https:\\\/\\\/redenoticiaz.com.br\\\/litoralsp\\\/2025\\\/10\\\/17\\\/vigor-abre-vagas-em-varias-cidades-para-areas-de-qualidade-logistica-e-marketing#primaryimage\",\"url\":\"https:\\\/\\\/redenoticiaz.com.br\\\/litoralsp\\\/wp-content\\\/uploads\\\/sites\\\/3\\\/2024\\\/04\\\/Captura-de-tela-2024-04-18-130848.png?v=1713456748\",\"contentUrl\":\"https:\\\/\\\/redenoticiaz.com.br\\\/litoralsp\\\/wp-content\\\/uploads\\\/sites\\\/3\\\/2024\\\/04\\\/Captura-de-tela-2024-04-18-130848.png?v=1713456748\",\"width\":400,\"height\":267},{\"@type\":\"WebSite\",\"@id\":\"https:\\\/\\\/redenoticiaz.com.br\\\/litoralsp\\\/#website\",\"url\":\"https:\\\/\\\/redenoticiaz.com.br\\\/litoralsp\\\/\",\"name\":\"Litoral SP\",\"description\":\"Rede NoticiaZ\",\"publisher\":{\"@id\":\"https:\\\/\\\/redenoticiaz.com.br\\\/litoralsp\\\/#organization\"},\"potentialAction\":[{\"@type\":\"SearchAction\",\"target\":{\"@type\":\"EntryPoint\",\"urlTemplate\":\"https:\\\/\\\/redenoticiaz.com.br\\\/litoralsp\\\/?s={search_term_string}\"},\"query-input\":{\"@type\":\"PropertyValueSpecification\",\"valueRequired\":true,\"valueName\":\"search_term_string\"}}],\"inLanguage\":\"pt-BR\"},{\"@type\":\"Organization\",\"@id\":\"https:\\\/\\\/redenoticiaz.com.br\\\/litoralsp\\\/#organization\",\"name\":\"Litoral SP\",\"url\":\"https:\\\/\\\/redenoticiaz.com.br\\\/litoralsp\\\/\",\"logo\":{\"@type\":\"ImageObject\",\"inLanguage\":\"pt-BR\",\"@id\":\"https:\\\/\\\/redenoticiaz.com.br\\\/litoralsp\\\/#\\\/schema\\\/logo\\\/image\\\/\",\"url\":\"https:\\\/\\\/redenoticiaz.com.br\\\/litoralsp\\\/wp-content\\\/uploads\\\/sites\\\/3\\\/2020\\\/11\\\/logo.jpg\",\"contentUrl\":\"https:\\\/\\\/redenoticiaz.com.br\\\/litoralsp\\\/wp-content\\\/uploads\\\/sites\\\/3\\\/2020\\\/11\\\/logo.jpg\",\"width\":400,\"height\":250,\"caption\":\"Litoral SP\"},\"image\":{\"@id\":\"https:\\\/\\\/redenoticiaz.com.br\\\/litoralsp\\\/#\\\/schema\\\/logo\\\/image\\\/\"}},{\"@type\":\"Person\",\"@id\":\"https:\\\/\\\/redenoticiaz.com.br\\\/litoralsp\\\/#\\\/schema\\\/person\\\/1f84d6e94e6a62d2d81199d7503e9e90\",\"name\":\"Carina Reifonas\",\"image\":{\"@type\":\"ImageObject\",\"inLanguage\":\"pt-BR\",\"@id\":\"https:\\\/\\\/secure.gravatar.com\\\/avatar\\\/04c59859b23696cf867715880f81d5c037e60109730bdb4e6670ec2a2245bc97?s=96&d=mm&r=g\",\"url\":\"https:\\\/\\\/secure.gravatar.com\\\/avatar\\\/04c59859b23696cf867715880f81d5c037e60109730bdb4e6670ec2a2245bc97?s=96&d=mm&r=g\",\"contentUrl\":\"https:\\\/\\\/secure.gravatar.com\\\/avatar\\\/04c59859b23696cf867715880f81d5c037e60109730bdb4e6670ec2a2245bc97?s=96&d=mm&r=g\",\"caption\":\"Carina Reifonas\"},\"url\":\"https:\\\/\\\/redenoticiaz.com.br\\\/litoralsp\\\/author\\\/carinareifonas\"}]}<\/script>\n<!-- \/ Yoast SEO plugin. -->","yoast_head_json":{"title":"Vigor abre vagas em v\u00e1rias cidades para \u00e1reas de qualidade, log\u00edstica e marketing - Litoral SP","description":"A Vigor Alimentos, uma das maiores empresas do setor de latic\u00ednios do pa\u00eds, est\u00e1 com diversas vagas abertas para profissionais de diferentes \u00e1reas.","robots":{"index":"index","follow":"follow","max-snippet":"max-snippet:-1","max-image-preview":"max-image-preview:large","max-video-preview":"max-video-preview:-1"},"canonical":"https:\/\/redenoticiaz.com.br\/litoralsp\/2025\/10\/17\/vigor-abre-vagas-em-varias-cidades-para-areas-de-qualidade-logistica-e-marketing","og_locale":"pt_BR","og_type":"article","og_title":"Vigor abre vagas em v\u00e1rias cidades para \u00e1reas de qualidade, log\u00edstica e marketing - Litoral SP","og_description":"A Vigor Alimentos, uma das maiores empresas do setor de latic\u00ednios do pa\u00eds, est\u00e1 com diversas vagas abertas para profissionais de diferentes \u00e1reas.","og_url":"https:\/\/redenoticiaz.com.br\/litoralsp\/2025\/10\/17\/vigor-abre-vagas-em-varias-cidades-para-areas-de-qualidade-logistica-e-marketing","og_site_name":"Litoral SP","article_published_time":"2025-10-17T14:31:36+00:00","og_image":[{"width":400,"height":267,"url":"https:\/\/redenoticiaz.com.br\/litoralsp\/wp-content\/uploads\/sites\/3\/2024\/04\/Captura-de-tela-2024-04-18-130848.png?v=1713456748","type":"image\/png"}],"author":"Carina Reifonas","twitter_card":"summary_large_image","twitter_misc":{"Escrito por":"Carina Reifonas","Est. tempo de leitura":"2 minutos"},"schema":{"@context":"https:\/\/schema.org","@graph":[{"@type":"Article","@id":"https:\/\/redenoticiaz.com.br\/litoralsp\/2025\/10\/17\/vigor-abre-vagas-em-varias-cidades-para-areas-de-qualidade-logistica-e-marketing#article","isPartOf":{"@id":"https:\/\/redenoticiaz.com.br\/litoralsp\/2025\/10\/17\/vigor-abre-vagas-em-varias-cidades-para-areas-de-qualidade-logistica-e-marketing"},"author":{"name":"Carina Reifonas","@id":"https:\/\/redenoticiaz.com.br\/litoralsp\/#\/schema\/person\/1f84d6e94e6a62d2d81199d7503e9e90"},"headline":"Vigor abre vagas em v\u00e1rias cidades para \u00e1reas de qualidade, log\u00edstica e marketing","datePublished":"2025-10-17T14:31:36+00:00","mainEntityOfPage":{"@id":"https:\/\/redenoticiaz.com.br\/litoralsp\/2025\/10\/17\/vigor-abre-vagas-em-varias-cidades-para-areas-de-qualidade-logistica-e-marketing"},"wordCount":249,"commentCount":0,"publisher":{"@id":"https:\/\/redenoticiaz.com.br\/litoralsp\/#organization"},"image":{"@id":"https:\/\/redenoticiaz.com.br\/litoralsp\/2025\/10\/17\/vigor-abre-vagas-em-varias-cidades-para-areas-de-qualidade-logistica-e-marketing#primaryimage"},"thumbnailUrl":"https:\/\/redenoticiaz.com.br\/litoralsp\/wp-content\/uploads\/sites\/3\/2024\/04\/Captura-de-tela-2024-04-18-130848.png?v=1713456748","keywords":["VAGAS","VIGOR"],"articleSection":["Emprego"],"inLanguage":"pt-BR","potentialAction":[{"@type":"CommentAction","name":"Comment","target":["https:\/\/redenoticiaz.com.br\/litoralsp\/2025\/10\/17\/vigor-abre-vagas-em-varias-cidades-para-areas-de-qualidade-logistica-e-marketing#respond"]}]},{"@type":"WebPage","@id":"https:\/\/redenoticiaz.com.br\/litoralsp\/2025\/10\/17\/vigor-abre-vagas-em-varias-cidades-para-areas-de-qualidade-logistica-e-marketing","url":"https:\/\/redenoticiaz.com.br\/litoralsp\/2025\/10\/17\/vigor-abre-vagas-em-varias-cidades-para-areas-de-qualidade-logistica-e-marketing","name":"Vigor abre vagas em v\u00e1rias cidades para \u00e1reas de qualidade, log\u00edstica e marketing - Litoral SP","isPartOf":{"@id":"https:\/\/redenoticiaz.com.br\/litoralsp\/#website"},"primaryImageOfPage":{"@id":"https:\/\/redenoticiaz.com.br\/litoralsp\/2025\/10\/17\/vigor-abre-vagas-em-varias-cidades-para-areas-de-qualidade-logistica-e-marketing#primaryimage"},"image":{"@id":"https:\/\/redenoticiaz.com.br\/litoralsp\/2025\/10\/17\/vigor-abre-vagas-em-varias-cidades-para-areas-de-qualidade-logistica-e-marketing#primaryimage"},"thumbnailUrl":"https:\/\/redenoticiaz.com.br\/litoralsp\/wp-content\/uploads\/sites\/3\/2024\/04\/Captura-de-tela-2024-04-18-130848.png?v=1713456748","datePublished":"2025-10-17T14:31:36+00:00","description":"A Vigor Alimentos, uma das maiores empresas do setor de latic\u00ednios do pa\u00eds, est\u00e1 com diversas vagas abertas para profissionais de diferentes \u00e1reas.","inLanguage":"pt-BR","potentialAction":[{"@type":"ReadAction","target":["https:\/\/redenoticiaz.com.br\/litoralsp\/2025\/10\/17\/vigor-abre-vagas-em-varias-cidades-para-areas-de-qualidade-logistica-e-marketing"]}]},{"@type":"ImageObject","inLanguage":"pt-BR","@id":"https:\/\/redenoticiaz.com.br\/litoralsp\/2025\/10\/17\/vigor-abre-vagas-em-varias-cidades-para-areas-de-qualidade-logistica-e-marketing#primaryimage","url":"https:\/\/redenoticiaz.com.br\/litoralsp\/wp-content\/uploads\/sites\/3\/2024\/04\/Captura-de-tela-2024-04-18-130848.png?v=1713456748","contentUrl":"https:\/\/redenoticiaz.com.br\/litoralsp\/wp-content\/uploads\/sites\/3\/2024\/04\/Captura-de-tela-2024-04-18-130848.png?v=1713456748","width":400,"height":267},{"@type":"WebSite","@id":"https:\/\/redenoticiaz.com.br\/litoralsp\/#website","url":"https:\/\/redenoticiaz.com.br\/litoralsp\/","name":"Litoral SP","description":"Rede NoticiaZ","publisher":{"@id":"https:\/\/redenoticiaz.com.br\/litoralsp\/#organization"},"potentialAction":[{"@type":"SearchAction","target":{"@type":"EntryPoint","urlTemplate":"https:\/\/redenoticiaz.com.br\/litoralsp\/?s={search_term_string}"},"query-input":{"@type":"PropertyValueSpecification","valueRequired":true,"valueName":"search_term_string"}}],"inLanguage":"pt-BR"},{"@type":"Organization","@id":"https:\/\/redenoticiaz.com.br\/litoralsp\/#organization","name":"Litoral SP","url":"https:\/\/redenoticiaz.com.br\/litoralsp\/","logo":{"@type":"ImageObject","inLanguage":"pt-BR","@id":"https:\/\/redenoticiaz.com.br\/litoralsp\/#\/schema\/logo\/image\/","url":"https:\/\/redenoticiaz.com.br\/litoralsp\/wp-content\/uploads\/sites\/3\/2020\/11\/logo.jpg","contentUrl":"https:\/\/redenoticiaz.com.br\/litoralsp\/wp-content\/uploads\/sites\/3\/2020\/11\/logo.jpg","width":400,"height":250,"caption":"Litoral SP"},"image":{"@id":"https:\/\/redenoticiaz.com.br\/litoralsp\/#\/schema\/logo\/image\/"}},{"@type":"Person","@id":"https:\/\/redenoticiaz.com.br\/litoralsp\/#\/schema\/person\/1f84d6e94e6a62d2d81199d7503e9e90","name":"Carina Reifonas","image":{"@type":"ImageObject","inLanguage":"pt-BR","@id":"https:\/\/secure.gravatar.com\/avatar\/04c59859b23696cf867715880f81d5c037e60109730bdb4e6670ec2a2245bc97?s=96&d=mm&r=g","url":"https:\/\/secure.gravatar.com\/avatar\/04c59859b23696cf867715880f81d5c037e60109730bdb4e6670ec2a2245bc97?s=96&d=mm&r=g","contentUrl":"https:\/\/secure.gravatar.com\/avatar\/04c59859b23696cf867715880f81d5c037e60109730bdb4e6670ec2a2245bc97?s=96&d=mm&r=g","caption":"Carina Reifonas"},"url":"https:\/\/redenoticiaz.com.br\/litoralsp\/author\/carinareifonas"}]}},"_links":{"self":[{"href":"https:\/\/redenoticiaz.com.br\/litoralsp\/wp-json\/wp\/v2\/posts\/120871","targetHints":{"allow":["GET"]}}],"collection":[{"href":"https:\/\/redenoticiaz.com.br\/litoralsp\/wp-json\/wp\/v2\/posts"}],"about":[{"href":"https:\/\/redenoticiaz.com.br\/litoralsp\/wp-json\/wp\/v2\/types\/post"}],"author":[{"embeddable":true,"href":"https:\/\/redenoticiaz.com.br\/litoralsp\/wp-json\/wp\/v2\/users\/30"}],"replies":[{"embeddable":true,"href":"https:\/\/redenoticiaz.com.br\/litoralsp\/wp-json\/wp\/v2\/comments?post=120871"}],"version-history":[{"count":0,"href":"https:\/\/redenoticiaz.com.br\/litoralsp\/wp-json\/wp\/v2\/posts\/120871\/revisions"}],"wp:featuredmedia":[{"embeddable":true,"href":"https:\/\/redenoticiaz.com.br\/litoralsp\/wp-json\/wp\/v2\/media\/115756"}],"wp:attachment":[{"href":"https:\/\/redenoticiaz.com.br\/litoralsp\/wp-json\/wp\/v2\/media?parent=120871"}],"wp:term":[{"taxonomy":"category","embeddable":true,"href":"https:\/\/redenoticiaz.com.br\/litoralsp\/wp-json\/wp\/v2\/categories?post=120871"},{"taxonomy":"post_tag","embeddable":true,"href":"https:\/\/redenoticiaz.com.br\/litoralsp\/wp-json\/wp\/v2\/tags?post=120871"}],"curies":[{"name":"wp","href":"https:\/\/api.w.org\/{rel}","templated":true}]}}