{"id":120885,"date":"2025-10-25T10:00:29","date_gmt":"2025-10-25T13:00:29","guid":{"rendered":"https:\/\/redenoticiaz.com.br\/litoralsp\/?p=120885"},"modified":"2025-10-20T13:59:35","modified_gmt":"2025-10-20T16:59:35","slug":"professores-ja-podem-solicitar-carteira-nacional-com-descontos-em-cultura-e-hospedagem","status":"publish","type":"post","link":"https:\/\/redenoticiaz.com.br\/litoralsp\/2025\/10\/25\/professores-ja-podem-solicitar-carteira-nacional-com-descontos-em-cultura-e-hospedagem","title":{"rendered":"Professores j\u00e1 podem solicitar carteira nacional com descontos em cultura e hospedagem"},"content":{"rendered":"<p>Os professores de todo o pa\u00eds j\u00e1 podem solicitar a Carteira Nacional do Docente do Brasil (CNDB) \u2014 documento oficial de identifica\u00e7\u00e3o v\u00e1lido em todo o territ\u00f3rio nacional.<\/p>\n<p>Emitida gratuitamente pela plataforma Mais Professores, a carteira garante descontos em eventos culturais, como cinemas, teatros e shows, al\u00e9m de 15% de abatimento em di\u00e1rias de hot\u00e9is associados \u00e0 Associa\u00e7\u00e3o Brasileira da Ind\u00fastria de Hot\u00e9is (ABIH Nacional).<\/p>\n<p>Para solicitar, o docente deve acessar o sistema com login <a href=\"https:\/\/www.gov.br\/pt-br\">Gov.br<\/a>, confirmar seus dados pessoais e v\u00ednculos com institui\u00e7\u00f5es de ensino, informar endere\u00e7o e enviar uma foto atualizada. Ap\u00f3s a confirma\u00e7\u00e3o, a vers\u00e3o digital do documento \u00e9 liberada imediatamente para download e j\u00e1 d\u00e1 acesso aos benef\u00edcios.<\/p>\n<p>A CNDB \u00e9 voltada a professores das redes p\u00fablica e privada, em todos os n\u00edveis da educa\u00e7\u00e3o b\u00e1sica e superior, e integra o programa Mais Professores para o Brasil, criado para valorizar a categoria e ampliar o acesso a vantagens exclusivas.<\/p>\n<p>Novos benef\u00edcios devem ser anunciados oficialmente pelo Minist\u00e9rio da Educa\u00e7\u00e3o (MEC) at\u00e9 o fim de outubro.<\/p>\n<p>LEIA MAIS<\/p>\n<p><a href=\"https:\/\/redenoticiaz.com.br\/blog\/2025\/10\/20\/festa-da-uva-2026-guias-de-turismo-e-grupos-preparem-se-para-uma-experiencia-inesquecivel\">Festa da Uva 2026: Guias de Turismo e Grupos, preparem-se para uma experi\u00eancia inesquec\u00edvel!<\/a><\/p>\n<p><a href=\"https:\/\/redenoticiaz.com.br\/blog\/2025\/10\/20\/amazon-abre-1-000-vagas-temporarias-para-a-black-friday\">Amazon abre 1.000 vagas tempor\u00e1rias para a Black Friday<\/a><\/p>\n<p>&nbsp;<\/p>\n<p>&nbsp;<\/p>\n","protected":false},"excerpt":{"rendered":"<p>Os professores de todo o pa\u00eds j\u00e1 podem solicitar a Carteira Nacional do Docente do Brasil (CNDB) \u2014 documento oficial de identifica\u00e7\u00e3o v\u00e1lido em todo o territ\u00f3rio nacional. Emitida gratuitamente pela plataforma Mais Professores, a carteira garante descontos em eventos culturais, como cinemas, teatros e shows, al\u00e9m de 15% de abatimento em di\u00e1rias de hot\u00e9is &hellip;<\/p>\n","protected":false},"author":30,"featured_media":120886,"comment_status":"open","ping_status":"closed","sticky":false,"template":"","format":"standard","meta":{"footnotes":""},"categories":[44],"tags":[69421,24752,122],"class_list":["post-120885","post","type-post","status-publish","format-standard","has-post-thumbnail","hentry","category-educacao","tag-carteira-nacional","tag-ministerio-da-educacao","tag-professores"],"yoast_head":"<!-- This site is optimized with the Yoast SEO plugin v27.4 - https:\/\/yoast.com\/product\/yoast-seo-wordpress\/ -->\n<title>Professores j\u00e1 podem solicitar carteira nacional com descontos em cultura e hospedagem - Litoral SP<\/title>\n<meta name=\"description\" content=\"Os professores de todo o pa\u00eds j\u00e1 podem solicitar a Carteira Nacional do Docente do Brasil (CNDB) \u2014 documento oficial de identifica\u00e7\u00e3o v\u00e1lido em todo o territ\u00f3rio nacional.\" \/>\n<meta name=\"robots\" content=\"index, follow, max-snippet:-1, max-image-preview:large, max-video-preview:-1\" \/>\n<link rel=\"canonical\" href=\"https:\/\/redenoticiaz.com.br\/litoralsp\/2025\/10\/25\/professores-ja-podem-solicitar-carteira-nacional-com-descontos-em-cultura-e-hospedagem\" \/>\n<meta property=\"og:locale\" content=\"pt_BR\" \/>\n<meta property=\"og:type\" content=\"article\" \/>\n<meta property=\"og:title\" content=\"Professores j\u00e1 podem solicitar carteira nacional com descontos em cultura e hospedagem - Litoral SP\" \/>\n<meta property=\"og:description\" content=\"Os professores de todo o pa\u00eds j\u00e1 podem solicitar a Carteira Nacional do Docente do Brasil (CNDB) \u2014 documento oficial de identifica\u00e7\u00e3o v\u00e1lido em todo o territ\u00f3rio nacional.\" \/>\n<meta property=\"og:url\" content=\"https:\/\/redenoticiaz.com.br\/litoralsp\/2025\/10\/25\/professores-ja-podem-solicitar-carteira-nacional-com-descontos-em-cultura-e-hospedagem\" \/>\n<meta property=\"og:site_name\" content=\"Litoral SP\" \/>\n<meta property=\"article:published_time\" content=\"2025-10-25T13:00:29+00:00\" \/>\n<meta property=\"og:image\" content=\"https:\/\/redenoticiaz.com.br\/litoralsp\/wp-content\/uploads\/sites\/3\/2025\/10\/Captura-de-tela-2025-10-20-134031.jpg?v=1760979449\" \/>\n\t<meta property=\"og:image:width\" content=\"563\" \/>\n\t<meta property=\"og:image:height\" content=\"471\" \/>\n\t<meta property=\"og:image:type\" content=\"image\/jpeg\" \/>\n<meta name=\"author\" content=\"Carina Reifonas\" \/>\n<meta name=\"twitter:card\" content=\"summary_large_image\" \/>\n<meta name=\"twitter:label1\" content=\"Escrito por\" \/>\n\t<meta name=\"twitter:data1\" content=\"Carina Reifonas\" \/>\n\t<meta name=\"twitter:label2\" content=\"Est. tempo de leitura\" \/>\n\t<meta name=\"twitter:data2\" content=\"2 minutos\" \/>\n<script type=\"application\/ld+json\" class=\"yoast-schema-graph\">{\"@context\":\"https:\\\/\\\/schema.org\",\"@graph\":[{\"@type\":\"Article\",\"@id\":\"https:\\\/\\\/redenoticiaz.com.br\\\/litoralsp\\\/2025\\\/10\\\/25\\\/professores-ja-podem-solicitar-carteira-nacional-com-descontos-em-cultura-e-hospedagem#article\",\"isPartOf\":{\"@id\":\"https:\\\/\\\/redenoticiaz.com.br\\\/litoralsp\\\/2025\\\/10\\\/25\\\/professores-ja-podem-solicitar-carteira-nacional-com-descontos-em-cultura-e-hospedagem\"},\"author\":{\"name\":\"Carina Reifonas\",\"@id\":\"https:\\\/\\\/redenoticiaz.com.br\\\/litoralsp\\\/#\\\/schema\\\/person\\\/1f84d6e94e6a62d2d81199d7503e9e90\"},\"headline\":\"Professores j\u00e1 podem solicitar carteira nacional com descontos em cultura e hospedagem\",\"datePublished\":\"2025-10-25T13:00:29+00:00\",\"mainEntityOfPage\":{\"@id\":\"https:\\\/\\\/redenoticiaz.com.br\\\/litoralsp\\\/2025\\\/10\\\/25\\\/professores-ja-podem-solicitar-carteira-nacional-com-descontos-em-cultura-e-hospedagem\"},\"wordCount\":229,\"commentCount\":0,\"publisher\":{\"@id\":\"https:\\\/\\\/redenoticiaz.com.br\\\/litoralsp\\\/#organization\"},\"image\":{\"@id\":\"https:\\\/\\\/redenoticiaz.com.br\\\/litoralsp\\\/2025\\\/10\\\/25\\\/professores-ja-podem-solicitar-carteira-nacional-com-descontos-em-cultura-e-hospedagem#primaryimage\"},\"thumbnailUrl\":\"https:\\\/\\\/redenoticiaz.com.br\\\/litoralsp\\\/wp-content\\\/uploads\\\/sites\\\/3\\\/2025\\\/10\\\/Captura-de-tela-2025-10-20-134031.jpg?v=1760979449\",\"keywords\":[\"Carteira Nacional\",\"MINIST\u00c9RIO DA EDUCA\u00c7\u00c3O\",\"professores\"],\"articleSection\":[\"Educa\u00e7\u00e3o\"],\"inLanguage\":\"pt-BR\",\"potentialAction\":[{\"@type\":\"CommentAction\",\"name\":\"Comment\",\"target\":[\"https:\\\/\\\/redenoticiaz.com.br\\\/litoralsp\\\/2025\\\/10\\\/25\\\/professores-ja-podem-solicitar-carteira-nacional-com-descontos-em-cultura-e-hospedagem#respond\"]}]},{\"@type\":\"WebPage\",\"@id\":\"https:\\\/\\\/redenoticiaz.com.br\\\/litoralsp\\\/2025\\\/10\\\/25\\\/professores-ja-podem-solicitar-carteira-nacional-com-descontos-em-cultura-e-hospedagem\",\"url\":\"https:\\\/\\\/redenoticiaz.com.br\\\/litoralsp\\\/2025\\\/10\\\/25\\\/professores-ja-podem-solicitar-carteira-nacional-com-descontos-em-cultura-e-hospedagem\",\"name\":\"Professores j\u00e1 podem solicitar carteira nacional com descontos em cultura e hospedagem - Litoral SP\",\"isPartOf\":{\"@id\":\"https:\\\/\\\/redenoticiaz.com.br\\\/litoralsp\\\/#website\"},\"primaryImageOfPage\":{\"@id\":\"https:\\\/\\\/redenoticiaz.com.br\\\/litoralsp\\\/2025\\\/10\\\/25\\\/professores-ja-podem-solicitar-carteira-nacional-com-descontos-em-cultura-e-hospedagem#primaryimage\"},\"image\":{\"@id\":\"https:\\\/\\\/redenoticiaz.com.br\\\/litoralsp\\\/2025\\\/10\\\/25\\\/professores-ja-podem-solicitar-carteira-nacional-com-descontos-em-cultura-e-hospedagem#primaryimage\"},\"thumbnailUrl\":\"https:\\\/\\\/redenoticiaz.com.br\\\/litoralsp\\\/wp-content\\\/uploads\\\/sites\\\/3\\\/2025\\\/10\\\/Captura-de-tela-2025-10-20-134031.jpg?v=1760979449\",\"datePublished\":\"2025-10-25T13:00:29+00:00\",\"description\":\"Os professores de todo o pa\u00eds j\u00e1 podem solicitar a Carteira Nacional do Docente do Brasil (CNDB) \u2014 documento oficial de identifica\u00e7\u00e3o v\u00e1lido em todo o territ\u00f3rio nacional.\",\"inLanguage\":\"pt-BR\",\"potentialAction\":[{\"@type\":\"ReadAction\",\"target\":[\"https:\\\/\\\/redenoticiaz.com.br\\\/litoralsp\\\/2025\\\/10\\\/25\\\/professores-ja-podem-solicitar-carteira-nacional-com-descontos-em-cultura-e-hospedagem\"]}]},{\"@type\":\"ImageObject\",\"inLanguage\":\"pt-BR\",\"@id\":\"https:\\\/\\\/redenoticiaz.com.br\\\/litoralsp\\\/2025\\\/10\\\/25\\\/professores-ja-podem-solicitar-carteira-nacional-com-descontos-em-cultura-e-hospedagem#primaryimage\",\"url\":\"https:\\\/\\\/redenoticiaz.com.br\\\/litoralsp\\\/wp-content\\\/uploads\\\/sites\\\/3\\\/2025\\\/10\\\/Captura-de-tela-2025-10-20-134031.jpg?v=1760979449\",\"contentUrl\":\"https:\\\/\\\/redenoticiaz.com.br\\\/litoralsp\\\/wp-content\\\/uploads\\\/sites\\\/3\\\/2025\\\/10\\\/Captura-de-tela-2025-10-20-134031.jpg?v=1760979449\",\"width\":563,\"height\":471},{\"@type\":\"WebSite\",\"@id\":\"https:\\\/\\\/redenoticiaz.com.br\\\/litoralsp\\\/#website\",\"url\":\"https:\\\/\\\/redenoticiaz.com.br\\\/litoralsp\\\/\",\"name\":\"Litoral SP\",\"description\":\"Rede NoticiaZ\",\"publisher\":{\"@id\":\"https:\\\/\\\/redenoticiaz.com.br\\\/litoralsp\\\/#organization\"},\"potentialAction\":[{\"@type\":\"SearchAction\",\"target\":{\"@type\":\"EntryPoint\",\"urlTemplate\":\"https:\\\/\\\/redenoticiaz.com.br\\\/litoralsp\\\/?s={search_term_string}\"},\"query-input\":{\"@type\":\"PropertyValueSpecification\",\"valueRequired\":true,\"valueName\":\"search_term_string\"}}],\"inLanguage\":\"pt-BR\"},{\"@type\":\"Organization\",\"@id\":\"https:\\\/\\\/redenoticiaz.com.br\\\/litoralsp\\\/#organization\",\"name\":\"Litoral SP\",\"url\":\"https:\\\/\\\/redenoticiaz.com.br\\\/litoralsp\\\/\",\"logo\":{\"@type\":\"ImageObject\",\"inLanguage\":\"pt-BR\",\"@id\":\"https:\\\/\\\/redenoticiaz.com.br\\\/litoralsp\\\/#\\\/schema\\\/logo\\\/image\\\/\",\"url\":\"https:\\\/\\\/redenoticiaz.com.br\\\/litoralsp\\\/wp-content\\\/uploads\\\/sites\\\/3\\\/2020\\\/11\\\/logo.jpg\",\"contentUrl\":\"https:\\\/\\\/redenoticiaz.com.br\\\/litoralsp\\\/wp-content\\\/uploads\\\/sites\\\/3\\\/2020\\\/11\\\/logo.jpg\",\"width\":400,\"height\":250,\"caption\":\"Litoral SP\"},\"image\":{\"@id\":\"https:\\\/\\\/redenoticiaz.com.br\\\/litoralsp\\\/#\\\/schema\\\/logo\\\/image\\\/\"}},{\"@type\":\"Person\",\"@id\":\"https:\\\/\\\/redenoticiaz.com.br\\\/litoralsp\\\/#\\\/schema\\\/person\\\/1f84d6e94e6a62d2d81199d7503e9e90\",\"name\":\"Carina Reifonas\",\"image\":{\"@type\":\"ImageObject\",\"inLanguage\":\"pt-BR\",\"@id\":\"https:\\\/\\\/secure.gravatar.com\\\/avatar\\\/04c59859b23696cf867715880f81d5c037e60109730bdb4e6670ec2a2245bc97?s=96&d=mm&r=g\",\"url\":\"https:\\\/\\\/secure.gravatar.com\\\/avatar\\\/04c59859b23696cf867715880f81d5c037e60109730bdb4e6670ec2a2245bc97?s=96&d=mm&r=g\",\"contentUrl\":\"https:\\\/\\\/secure.gravatar.com\\\/avatar\\\/04c59859b23696cf867715880f81d5c037e60109730bdb4e6670ec2a2245bc97?s=96&d=mm&r=g\",\"caption\":\"Carina Reifonas\"},\"url\":\"https:\\\/\\\/redenoticiaz.com.br\\\/litoralsp\\\/author\\\/carinareifonas\"}]}<\/script>\n<!-- \/ Yoast SEO plugin. -->","yoast_head_json":{"title":"Professores j\u00e1 podem solicitar carteira nacional com descontos em cultura e hospedagem - Litoral SP","description":"Os professores de todo o pa\u00eds j\u00e1 podem solicitar a Carteira Nacional do Docente do Brasil (CNDB) \u2014 documento oficial de identifica\u00e7\u00e3o v\u00e1lido em todo o territ\u00f3rio nacional.","robots":{"index":"index","follow":"follow","max-snippet":"max-snippet:-1","max-image-preview":"max-image-preview:large","max-video-preview":"max-video-preview:-1"},"canonical":"https:\/\/redenoticiaz.com.br\/litoralsp\/2025\/10\/25\/professores-ja-podem-solicitar-carteira-nacional-com-descontos-em-cultura-e-hospedagem","og_locale":"pt_BR","og_type":"article","og_title":"Professores j\u00e1 podem solicitar carteira nacional com descontos em cultura e hospedagem - Litoral SP","og_description":"Os professores de todo o pa\u00eds j\u00e1 podem solicitar a Carteira Nacional do Docente do Brasil (CNDB) \u2014 documento oficial de identifica\u00e7\u00e3o v\u00e1lido em todo o territ\u00f3rio nacional.","og_url":"https:\/\/redenoticiaz.com.br\/litoralsp\/2025\/10\/25\/professores-ja-podem-solicitar-carteira-nacional-com-descontos-em-cultura-e-hospedagem","og_site_name":"Litoral SP","article_published_time":"2025-10-25T13:00:29+00:00","og_image":[{"width":563,"height":471,"url":"https:\/\/redenoticiaz.com.br\/litoralsp\/wp-content\/uploads\/sites\/3\/2025\/10\/Captura-de-tela-2025-10-20-134031.jpg?v=1760979449","type":"image\/jpeg"}],"author":"Carina Reifonas","twitter_card":"summary_large_image","twitter_misc":{"Escrito por":"Carina Reifonas","Est. tempo de leitura":"2 minutos"},"schema":{"@context":"https:\/\/schema.org","@graph":[{"@type":"Article","@id":"https:\/\/redenoticiaz.com.br\/litoralsp\/2025\/10\/25\/professores-ja-podem-solicitar-carteira-nacional-com-descontos-em-cultura-e-hospedagem#article","isPartOf":{"@id":"https:\/\/redenoticiaz.com.br\/litoralsp\/2025\/10\/25\/professores-ja-podem-solicitar-carteira-nacional-com-descontos-em-cultura-e-hospedagem"},"author":{"name":"Carina Reifonas","@id":"https:\/\/redenoticiaz.com.br\/litoralsp\/#\/schema\/person\/1f84d6e94e6a62d2d81199d7503e9e90"},"headline":"Professores j\u00e1 podem solicitar carteira nacional com descontos em cultura e hospedagem","datePublished":"2025-10-25T13:00:29+00:00","mainEntityOfPage":{"@id":"https:\/\/redenoticiaz.com.br\/litoralsp\/2025\/10\/25\/professores-ja-podem-solicitar-carteira-nacional-com-descontos-em-cultura-e-hospedagem"},"wordCount":229,"commentCount":0,"publisher":{"@id":"https:\/\/redenoticiaz.com.br\/litoralsp\/#organization"},"image":{"@id":"https:\/\/redenoticiaz.com.br\/litoralsp\/2025\/10\/25\/professores-ja-podem-solicitar-carteira-nacional-com-descontos-em-cultura-e-hospedagem#primaryimage"},"thumbnailUrl":"https:\/\/redenoticiaz.com.br\/litoralsp\/wp-content\/uploads\/sites\/3\/2025\/10\/Captura-de-tela-2025-10-20-134031.jpg?v=1760979449","keywords":["Carteira Nacional","MINIST\u00c9RIO DA EDUCA\u00c7\u00c3O","professores"],"articleSection":["Educa\u00e7\u00e3o"],"inLanguage":"pt-BR","potentialAction":[{"@type":"CommentAction","name":"Comment","target":["https:\/\/redenoticiaz.com.br\/litoralsp\/2025\/10\/25\/professores-ja-podem-solicitar-carteira-nacional-com-descontos-em-cultura-e-hospedagem#respond"]}]},{"@type":"WebPage","@id":"https:\/\/redenoticiaz.com.br\/litoralsp\/2025\/10\/25\/professores-ja-podem-solicitar-carteira-nacional-com-descontos-em-cultura-e-hospedagem","url":"https:\/\/redenoticiaz.com.br\/litoralsp\/2025\/10\/25\/professores-ja-podem-solicitar-carteira-nacional-com-descontos-em-cultura-e-hospedagem","name":"Professores j\u00e1 podem solicitar carteira nacional com descontos em cultura e hospedagem - Litoral SP","isPartOf":{"@id":"https:\/\/redenoticiaz.com.br\/litoralsp\/#website"},"primaryImageOfPage":{"@id":"https:\/\/redenoticiaz.com.br\/litoralsp\/2025\/10\/25\/professores-ja-podem-solicitar-carteira-nacional-com-descontos-em-cultura-e-hospedagem#primaryimage"},"image":{"@id":"https:\/\/redenoticiaz.com.br\/litoralsp\/2025\/10\/25\/professores-ja-podem-solicitar-carteira-nacional-com-descontos-em-cultura-e-hospedagem#primaryimage"},"thumbnailUrl":"https:\/\/redenoticiaz.com.br\/litoralsp\/wp-content\/uploads\/sites\/3\/2025\/10\/Captura-de-tela-2025-10-20-134031.jpg?v=1760979449","datePublished":"2025-10-25T13:00:29+00:00","description":"Os professores de todo o pa\u00eds j\u00e1 podem solicitar a Carteira Nacional do Docente do Brasil (CNDB) \u2014 documento oficial de identifica\u00e7\u00e3o v\u00e1lido em todo o territ\u00f3rio nacional.","inLanguage":"pt-BR","potentialAction":[{"@type":"ReadAction","target":["https:\/\/redenoticiaz.com.br\/litoralsp\/2025\/10\/25\/professores-ja-podem-solicitar-carteira-nacional-com-descontos-em-cultura-e-hospedagem"]}]},{"@type":"ImageObject","inLanguage":"pt-BR","@id":"https:\/\/redenoticiaz.com.br\/litoralsp\/2025\/10\/25\/professores-ja-podem-solicitar-carteira-nacional-com-descontos-em-cultura-e-hospedagem#primaryimage","url":"https:\/\/redenoticiaz.com.br\/litoralsp\/wp-content\/uploads\/sites\/3\/2025\/10\/Captura-de-tela-2025-10-20-134031.jpg?v=1760979449","contentUrl":"https:\/\/redenoticiaz.com.br\/litoralsp\/wp-content\/uploads\/sites\/3\/2025\/10\/Captura-de-tela-2025-10-20-134031.jpg?v=1760979449","width":563,"height":471},{"@type":"WebSite","@id":"https:\/\/redenoticiaz.com.br\/litoralsp\/#website","url":"https:\/\/redenoticiaz.com.br\/litoralsp\/","name":"Litoral SP","description":"Rede NoticiaZ","publisher":{"@id":"https:\/\/redenoticiaz.com.br\/litoralsp\/#organization"},"potentialAction":[{"@type":"SearchAction","target":{"@type":"EntryPoint","urlTemplate":"https:\/\/redenoticiaz.com.br\/litoralsp\/?s={search_term_string}"},"query-input":{"@type":"PropertyValueSpecification","valueRequired":true,"valueName":"search_term_string"}}],"inLanguage":"pt-BR"},{"@type":"Organization","@id":"https:\/\/redenoticiaz.com.br\/litoralsp\/#organization","name":"Litoral SP","url":"https:\/\/redenoticiaz.com.br\/litoralsp\/","logo":{"@type":"ImageObject","inLanguage":"pt-BR","@id":"https:\/\/redenoticiaz.com.br\/litoralsp\/#\/schema\/logo\/image\/","url":"https:\/\/redenoticiaz.com.br\/litoralsp\/wp-content\/uploads\/sites\/3\/2020\/11\/logo.jpg","contentUrl":"https:\/\/redenoticiaz.com.br\/litoralsp\/wp-content\/uploads\/sites\/3\/2020\/11\/logo.jpg","width":400,"height":250,"caption":"Litoral SP"},"image":{"@id":"https:\/\/redenoticiaz.com.br\/litoralsp\/#\/schema\/logo\/image\/"}},{"@type":"Person","@id":"https:\/\/redenoticiaz.com.br\/litoralsp\/#\/schema\/person\/1f84d6e94e6a62d2d81199d7503e9e90","name":"Carina Reifonas","image":{"@type":"ImageObject","inLanguage":"pt-BR","@id":"https:\/\/secure.gravatar.com\/avatar\/04c59859b23696cf867715880f81d5c037e60109730bdb4e6670ec2a2245bc97?s=96&d=mm&r=g","url":"https:\/\/secure.gravatar.com\/avatar\/04c59859b23696cf867715880f81d5c037e60109730bdb4e6670ec2a2245bc97?s=96&d=mm&r=g","contentUrl":"https:\/\/secure.gravatar.com\/avatar\/04c59859b23696cf867715880f81d5c037e60109730bdb4e6670ec2a2245bc97?s=96&d=mm&r=g","caption":"Carina Reifonas"},"url":"https:\/\/redenoticiaz.com.br\/litoralsp\/author\/carinareifonas"}]}},"_links":{"self":[{"href":"https:\/\/redenoticiaz.com.br\/litoralsp\/wp-json\/wp\/v2\/posts\/120885","targetHints":{"allow":["GET"]}}],"collection":[{"href":"https:\/\/redenoticiaz.com.br\/litoralsp\/wp-json\/wp\/v2\/posts"}],"about":[{"href":"https:\/\/redenoticiaz.com.br\/litoralsp\/wp-json\/wp\/v2\/types\/post"}],"author":[{"embeddable":true,"href":"https:\/\/redenoticiaz.com.br\/litoralsp\/wp-json\/wp\/v2\/users\/30"}],"replies":[{"embeddable":true,"href":"https:\/\/redenoticiaz.com.br\/litoralsp\/wp-json\/wp\/v2\/comments?post=120885"}],"version-history":[{"count":1,"href":"https:\/\/redenoticiaz.com.br\/litoralsp\/wp-json\/wp\/v2\/posts\/120885\/revisions"}],"predecessor-version":[{"id":120887,"href":"https:\/\/redenoticiaz.com.br\/litoralsp\/wp-json\/wp\/v2\/posts\/120885\/revisions\/120887"}],"wp:featuredmedia":[{"embeddable":true,"href":"https:\/\/redenoticiaz.com.br\/litoralsp\/wp-json\/wp\/v2\/media\/120886"}],"wp:attachment":[{"href":"https:\/\/redenoticiaz.com.br\/litoralsp\/wp-json\/wp\/v2\/media?parent=120885"}],"wp:term":[{"taxonomy":"category","embeddable":true,"href":"https:\/\/redenoticiaz.com.br\/litoralsp\/wp-json\/wp\/v2\/categories?post=120885"},{"taxonomy":"post_tag","embeddable":true,"href":"https:\/\/redenoticiaz.com.br\/litoralsp\/wp-json\/wp\/v2\/tags?post=120885"}],"curies":[{"name":"wp","href":"https:\/\/api.w.org\/{rel}","templated":true}]}}