{"id":121011,"date":"2025-11-18T11:46:16","date_gmt":"2025-11-18T14:46:16","guid":{"rendered":"https:\/\/redenoticiaz.com.br\/litoralsp\/2025\/11\/18\/motivo-de-orgulho-eduardo-bolsonaro-reage-a-decisao-do-stf-de-torna-lo-reu"},"modified":"2025-11-18T11:46:16","modified_gmt":"2025-11-18T14:46:16","slug":"motivo-de-orgulho-eduardo-bolsonaro-reage-a-decisao-do-stf-de-torna-lo-reu","status":"publish","type":"post","link":"https:\/\/redenoticiaz.com.br\/litoralsp\/2025\/11\/18\/motivo-de-orgulho-eduardo-bolsonaro-reage-a-decisao-do-stf-de-torna-lo-reu","title":{"rendered":"&#8220;Motivo de orgulho&#8221;: Eduardo Bolsonaro reage a decis\u00e3o do STF de torn\u00e1-lo r\u00e9u"},"content":{"rendered":"<p>O deputado federal Eduardo Bolsonaro (PL-SP) foi formalmente recebido como r\u00e9u pela Primeira Turma do Supremo Tribunal Federal (STF), que formou maioria para acatar a den\u00fancia por coa\u00e7\u00e3o no curso do processo. A acusa\u00e7\u00e3o da PGR se baseia na tentativa do parlamentar de usar a influ\u00eancia do governo dos EUA para impor san\u00e7\u00f5es a autoridades brasileiras (como suspens\u00e3o de vistos ou aplica\u00e7\u00e3o da Lei Magnitsky), o que configura grave amea\u00e7a para interferir em investiga\u00e7\u00f5es.<\/p>\n<p>Apesar da decis\u00e3o, o deputado, que est\u00e1 nos Estados Unidos, reagiu \u00e0 not\u00edcia com desafio.<\/p>\n<p>Eduardo Bolsonaro usou suas redes sociais para declarar que considera a den\u00fancia &#8220;motivo de orgulho&#8221;. Ele escreveu que &#8220;ser chamado de r\u00e9u num pa\u00eds onde esta mesma suprema corte, que me processa, solta bandidos&#8221; \u00e9, para ele, honroso. O parlamentar ainda classificou aqueles que celebram a decis\u00e3o judicial como &#8220;pobres de esp\u00edrito&#8221;.<\/p>\n<p>Ele finalizou a publica\u00e7\u00e3o com uma mensagem religiosa: &#8220;que Deus tenha piedade.&#8221;<\/p>\n<p>LEIA MAIS<\/p>\n<p><a href=\"https:\/\/redenoticiaz.com.br\/blog\/2025\/11\/18\/supermercado-abre-50-vagas-para-nova-unidade-em-jundiai\">Supermercado abre 50 vagas para nova unidade em Jundia\u00ed<\/a><\/p>\n<p><a href=\"https:\/\/redenoticiaz.com.br\/blog\/2025\/11\/18\/pm-localiza-em-jundiai-homem-procurado-por-falsificacao-em-mg\">PM localiza em Jundia\u00ed homem procurado por falsifica\u00e7\u00e3o em MG<\/a><\/p>\n<p>&nbsp;<\/p>\n","protected":false},"excerpt":{"rendered":"<p>O deputado federal Eduardo Bolsonaro (PL-SP) foi formalmente recebido como r\u00e9u pela Primeira Turma do Supremo Tribunal Federal (STF), que formou maioria para acatar a den\u00fancia por coa\u00e7\u00e3o no curso do processo. A acusa\u00e7\u00e3o da PGR se baseia na tentativa do parlamentar de usar a influ\u00eancia do governo dos EUA para impor san\u00e7\u00f5es a autoridades &hellip;<\/p>\n","protected":false},"author":30,"featured_media":90463,"comment_status":"open","ping_status":"closed","sticky":false,"template":"","format":"standard","meta":{"footnotes":""},"categories":[15],"tags":[58974,4495,9657],"class_list":["post-121011","post","type-post","status-publish","format-standard","has-post-thumbnail","hentry","category-politica","tag-eduardo-bolsonaro","tag-estados-unidos","tag-redes-sociais"],"yoast_head":"<!-- This site is optimized with the Yoast SEO plugin v27.4 - https:\/\/yoast.com\/product\/yoast-seo-wordpress\/ -->\n<title>&quot;Motivo de orgulho&quot;: Eduardo Bolsonaro reage a decis\u00e3o do STF de torn\u00e1-lo r\u00e9u - Litoral SP<\/title>\n<meta name=\"description\" content=\"O deputado federal Eduardo Bolsonaro (PL-SP) foi formalmente recebido como r\u00e9u pela Primeira Turma do Supremo Tribunal Federal (STF)...\" \/>\n<meta name=\"robots\" content=\"index, follow, max-snippet:-1, max-image-preview:large, max-video-preview:-1\" \/>\n<link rel=\"canonical\" href=\"https:\/\/redenoticiaz.com.br\/litoralsp\/2025\/11\/18\/motivo-de-orgulho-eduardo-bolsonaro-reage-a-decisao-do-stf-de-torna-lo-reu\" \/>\n<meta property=\"og:locale\" content=\"pt_BR\" \/>\n<meta property=\"og:type\" content=\"article\" \/>\n<meta property=\"og:title\" content=\"&quot;Motivo de orgulho&quot;: Eduardo Bolsonaro reage a decis\u00e3o do STF de torn\u00e1-lo r\u00e9u - Litoral SP\" \/>\n<meta property=\"og:description\" content=\"O deputado federal Eduardo Bolsonaro (PL-SP) foi formalmente recebido como r\u00e9u pela Primeira Turma do Supremo Tribunal Federal (STF)...\" \/>\n<meta property=\"og:url\" content=\"https:\/\/redenoticiaz.com.br\/litoralsp\/2025\/11\/18\/motivo-de-orgulho-eduardo-bolsonaro-reage-a-decisao-do-stf-de-torna-lo-reu\" \/>\n<meta property=\"og:site_name\" content=\"Litoral SP\" \/>\n<meta property=\"article:published_time\" content=\"2025-11-18T14:46:16+00:00\" \/>\n<meta property=\"og:image\" content=\"https:\/\/redenoticiaz.com.br\/litoralsp\/wp-content\/uploads\/sites\/3\/2022\/08\/d3f565b0-75fe-11eb-bff4-1e70f2aad8fd.jpg\" \/>\n\t<meta property=\"og:image:width\" content=\"640\" \/>\n\t<meta property=\"og:image:height\" content=\"433\" \/>\n\t<meta property=\"og:image:type\" content=\"image\/jpeg\" \/>\n<meta name=\"author\" content=\"Carina Reifonas\" \/>\n<meta name=\"twitter:card\" content=\"summary_large_image\" \/>\n<meta name=\"twitter:label1\" content=\"Escrito por\" \/>\n\t<meta name=\"twitter:data1\" content=\"Carina Reifonas\" \/>\n\t<meta name=\"twitter:label2\" content=\"Est. tempo de leitura\" \/>\n\t<meta name=\"twitter:data2\" content=\"2 minutos\" \/>\n<script type=\"application\/ld+json\" class=\"yoast-schema-graph\">{\"@context\":\"https:\\\/\\\/schema.org\",\"@graph\":[{\"@type\":\"Article\",\"@id\":\"https:\\\/\\\/redenoticiaz.com.br\\\/litoralsp\\\/2025\\\/11\\\/18\\\/motivo-de-orgulho-eduardo-bolsonaro-reage-a-decisao-do-stf-de-torna-lo-reu#article\",\"isPartOf\":{\"@id\":\"https:\\\/\\\/redenoticiaz.com.br\\\/litoralsp\\\/2025\\\/11\\\/18\\\/motivo-de-orgulho-eduardo-bolsonaro-reage-a-decisao-do-stf-de-torna-lo-reu\"},\"author\":{\"name\":\"Carina Reifonas\",\"@id\":\"https:\\\/\\\/redenoticiaz.com.br\\\/litoralsp\\\/#\\\/schema\\\/person\\\/1f84d6e94e6a62d2d81199d7503e9e90\"},\"headline\":\"&#8220;Motivo de orgulho&#8221;: Eduardo Bolsonaro reage a decis\u00e3o do STF de torn\u00e1-lo r\u00e9u\",\"datePublished\":\"2025-11-18T14:46:16+00:00\",\"mainEntityOfPage\":{\"@id\":\"https:\\\/\\\/redenoticiaz.com.br\\\/litoralsp\\\/2025\\\/11\\\/18\\\/motivo-de-orgulho-eduardo-bolsonaro-reage-a-decisao-do-stf-de-torna-lo-reu\"},\"wordCount\":207,\"commentCount\":0,\"publisher\":{\"@id\":\"https:\\\/\\\/redenoticiaz.com.br\\\/litoralsp\\\/#organization\"},\"image\":{\"@id\":\"https:\\\/\\\/redenoticiaz.com.br\\\/litoralsp\\\/2025\\\/11\\\/18\\\/motivo-de-orgulho-eduardo-bolsonaro-reage-a-decisao-do-stf-de-torna-lo-reu#primaryimage\"},\"thumbnailUrl\":\"https:\\\/\\\/redenoticiaz.com.br\\\/litoralsp\\\/wp-content\\\/uploads\\\/sites\\\/3\\\/2022\\\/08\\\/d3f565b0-75fe-11eb-bff4-1e70f2aad8fd.jpg\",\"keywords\":[\"EDUARDO BOLSONARO\",\"Estados Unidos\",\"REDES SOCIAIS\"],\"articleSection\":[\"Pol\u00edtica\"],\"inLanguage\":\"pt-BR\",\"potentialAction\":[{\"@type\":\"CommentAction\",\"name\":\"Comment\",\"target\":[\"https:\\\/\\\/redenoticiaz.com.br\\\/litoralsp\\\/2025\\\/11\\\/18\\\/motivo-de-orgulho-eduardo-bolsonaro-reage-a-decisao-do-stf-de-torna-lo-reu#respond\"]}]},{\"@type\":\"WebPage\",\"@id\":\"https:\\\/\\\/redenoticiaz.com.br\\\/litoralsp\\\/2025\\\/11\\\/18\\\/motivo-de-orgulho-eduardo-bolsonaro-reage-a-decisao-do-stf-de-torna-lo-reu\",\"url\":\"https:\\\/\\\/redenoticiaz.com.br\\\/litoralsp\\\/2025\\\/11\\\/18\\\/motivo-de-orgulho-eduardo-bolsonaro-reage-a-decisao-do-stf-de-torna-lo-reu\",\"name\":\"\\\"Motivo de orgulho\\\": Eduardo Bolsonaro reage a decis\u00e3o do STF de torn\u00e1-lo r\u00e9u - Litoral SP\",\"isPartOf\":{\"@id\":\"https:\\\/\\\/redenoticiaz.com.br\\\/litoralsp\\\/#website\"},\"primaryImageOfPage\":{\"@id\":\"https:\\\/\\\/redenoticiaz.com.br\\\/litoralsp\\\/2025\\\/11\\\/18\\\/motivo-de-orgulho-eduardo-bolsonaro-reage-a-decisao-do-stf-de-torna-lo-reu#primaryimage\"},\"image\":{\"@id\":\"https:\\\/\\\/redenoticiaz.com.br\\\/litoralsp\\\/2025\\\/11\\\/18\\\/motivo-de-orgulho-eduardo-bolsonaro-reage-a-decisao-do-stf-de-torna-lo-reu#primaryimage\"},\"thumbnailUrl\":\"https:\\\/\\\/redenoticiaz.com.br\\\/litoralsp\\\/wp-content\\\/uploads\\\/sites\\\/3\\\/2022\\\/08\\\/d3f565b0-75fe-11eb-bff4-1e70f2aad8fd.jpg\",\"datePublished\":\"2025-11-18T14:46:16+00:00\",\"description\":\"O deputado federal Eduardo Bolsonaro (PL-SP) foi formalmente recebido como r\u00e9u pela Primeira Turma do Supremo Tribunal Federal (STF)...\",\"inLanguage\":\"pt-BR\",\"potentialAction\":[{\"@type\":\"ReadAction\",\"target\":[\"https:\\\/\\\/redenoticiaz.com.br\\\/litoralsp\\\/2025\\\/11\\\/18\\\/motivo-de-orgulho-eduardo-bolsonaro-reage-a-decisao-do-stf-de-torna-lo-reu\"]}]},{\"@type\":\"ImageObject\",\"inLanguage\":\"pt-BR\",\"@id\":\"https:\\\/\\\/redenoticiaz.com.br\\\/litoralsp\\\/2025\\\/11\\\/18\\\/motivo-de-orgulho-eduardo-bolsonaro-reage-a-decisao-do-stf-de-torna-lo-reu#primaryimage\",\"url\":\"https:\\\/\\\/redenoticiaz.com.br\\\/litoralsp\\\/wp-content\\\/uploads\\\/sites\\\/3\\\/2022\\\/08\\\/d3f565b0-75fe-11eb-bff4-1e70f2aad8fd.jpg\",\"contentUrl\":\"https:\\\/\\\/redenoticiaz.com.br\\\/litoralsp\\\/wp-content\\\/uploads\\\/sites\\\/3\\\/2022\\\/08\\\/d3f565b0-75fe-11eb-bff4-1e70f2aad8fd.jpg\",\"width\":640,\"height\":433,\"caption\":\"Cr\u00e9dito: Reprodu\u00e7\u00e3o\"},{\"@type\":\"WebSite\",\"@id\":\"https:\\\/\\\/redenoticiaz.com.br\\\/litoralsp\\\/#website\",\"url\":\"https:\\\/\\\/redenoticiaz.com.br\\\/litoralsp\\\/\",\"name\":\"Litoral SP\",\"description\":\"Rede NoticiaZ\",\"publisher\":{\"@id\":\"https:\\\/\\\/redenoticiaz.com.br\\\/litoralsp\\\/#organization\"},\"potentialAction\":[{\"@type\":\"SearchAction\",\"target\":{\"@type\":\"EntryPoint\",\"urlTemplate\":\"https:\\\/\\\/redenoticiaz.com.br\\\/litoralsp\\\/?s={search_term_string}\"},\"query-input\":{\"@type\":\"PropertyValueSpecification\",\"valueRequired\":true,\"valueName\":\"search_term_string\"}}],\"inLanguage\":\"pt-BR\"},{\"@type\":\"Organization\",\"@id\":\"https:\\\/\\\/redenoticiaz.com.br\\\/litoralsp\\\/#organization\",\"name\":\"Litoral SP\",\"url\":\"https:\\\/\\\/redenoticiaz.com.br\\\/litoralsp\\\/\",\"logo\":{\"@type\":\"ImageObject\",\"inLanguage\":\"pt-BR\",\"@id\":\"https:\\\/\\\/redenoticiaz.com.br\\\/litoralsp\\\/#\\\/schema\\\/logo\\\/image\\\/\",\"url\":\"https:\\\/\\\/redenoticiaz.com.br\\\/litoralsp\\\/wp-content\\\/uploads\\\/sites\\\/3\\\/2020\\\/11\\\/logo.jpg\",\"contentUrl\":\"https:\\\/\\\/redenoticiaz.com.br\\\/litoralsp\\\/wp-content\\\/uploads\\\/sites\\\/3\\\/2020\\\/11\\\/logo.jpg\",\"width\":400,\"height\":250,\"caption\":\"Litoral SP\"},\"image\":{\"@id\":\"https:\\\/\\\/redenoticiaz.com.br\\\/litoralsp\\\/#\\\/schema\\\/logo\\\/image\\\/\"}},{\"@type\":\"Person\",\"@id\":\"https:\\\/\\\/redenoticiaz.com.br\\\/litoralsp\\\/#\\\/schema\\\/person\\\/1f84d6e94e6a62d2d81199d7503e9e90\",\"name\":\"Carina Reifonas\",\"image\":{\"@type\":\"ImageObject\",\"inLanguage\":\"pt-BR\",\"@id\":\"https:\\\/\\\/secure.gravatar.com\\\/avatar\\\/04c59859b23696cf867715880f81d5c037e60109730bdb4e6670ec2a2245bc97?s=96&d=mm&r=g\",\"url\":\"https:\\\/\\\/secure.gravatar.com\\\/avatar\\\/04c59859b23696cf867715880f81d5c037e60109730bdb4e6670ec2a2245bc97?s=96&d=mm&r=g\",\"contentUrl\":\"https:\\\/\\\/secure.gravatar.com\\\/avatar\\\/04c59859b23696cf867715880f81d5c037e60109730bdb4e6670ec2a2245bc97?s=96&d=mm&r=g\",\"caption\":\"Carina Reifonas\"},\"url\":\"https:\\\/\\\/redenoticiaz.com.br\\\/litoralsp\\\/author\\\/carinareifonas\"}]}<\/script>\n<!-- \/ Yoast SEO plugin. -->","yoast_head_json":{"title":"\"Motivo de orgulho\": Eduardo Bolsonaro reage a decis\u00e3o do STF de torn\u00e1-lo r\u00e9u - Litoral SP","description":"O deputado federal Eduardo Bolsonaro (PL-SP) foi formalmente recebido como r\u00e9u pela Primeira Turma do Supremo Tribunal Federal (STF)...","robots":{"index":"index","follow":"follow","max-snippet":"max-snippet:-1","max-image-preview":"max-image-preview:large","max-video-preview":"max-video-preview:-1"},"canonical":"https:\/\/redenoticiaz.com.br\/litoralsp\/2025\/11\/18\/motivo-de-orgulho-eduardo-bolsonaro-reage-a-decisao-do-stf-de-torna-lo-reu","og_locale":"pt_BR","og_type":"article","og_title":"\"Motivo de orgulho\": Eduardo Bolsonaro reage a decis\u00e3o do STF de torn\u00e1-lo r\u00e9u - Litoral SP","og_description":"O deputado federal Eduardo Bolsonaro (PL-SP) foi formalmente recebido como r\u00e9u pela Primeira Turma do Supremo Tribunal Federal (STF)...","og_url":"https:\/\/redenoticiaz.com.br\/litoralsp\/2025\/11\/18\/motivo-de-orgulho-eduardo-bolsonaro-reage-a-decisao-do-stf-de-torna-lo-reu","og_site_name":"Litoral SP","article_published_time":"2025-11-18T14:46:16+00:00","og_image":[{"width":640,"height":433,"url":"https:\/\/redenoticiaz.com.br\/litoralsp\/wp-content\/uploads\/sites\/3\/2022\/08\/d3f565b0-75fe-11eb-bff4-1e70f2aad8fd.jpg","type":"image\/jpeg"}],"author":"Carina Reifonas","twitter_card":"summary_large_image","twitter_misc":{"Escrito por":"Carina Reifonas","Est. tempo de leitura":"2 minutos"},"schema":{"@context":"https:\/\/schema.org","@graph":[{"@type":"Article","@id":"https:\/\/redenoticiaz.com.br\/litoralsp\/2025\/11\/18\/motivo-de-orgulho-eduardo-bolsonaro-reage-a-decisao-do-stf-de-torna-lo-reu#article","isPartOf":{"@id":"https:\/\/redenoticiaz.com.br\/litoralsp\/2025\/11\/18\/motivo-de-orgulho-eduardo-bolsonaro-reage-a-decisao-do-stf-de-torna-lo-reu"},"author":{"name":"Carina Reifonas","@id":"https:\/\/redenoticiaz.com.br\/litoralsp\/#\/schema\/person\/1f84d6e94e6a62d2d81199d7503e9e90"},"headline":"&#8220;Motivo de orgulho&#8221;: Eduardo Bolsonaro reage a decis\u00e3o do STF de torn\u00e1-lo r\u00e9u","datePublished":"2025-11-18T14:46:16+00:00","mainEntityOfPage":{"@id":"https:\/\/redenoticiaz.com.br\/litoralsp\/2025\/11\/18\/motivo-de-orgulho-eduardo-bolsonaro-reage-a-decisao-do-stf-de-torna-lo-reu"},"wordCount":207,"commentCount":0,"publisher":{"@id":"https:\/\/redenoticiaz.com.br\/litoralsp\/#organization"},"image":{"@id":"https:\/\/redenoticiaz.com.br\/litoralsp\/2025\/11\/18\/motivo-de-orgulho-eduardo-bolsonaro-reage-a-decisao-do-stf-de-torna-lo-reu#primaryimage"},"thumbnailUrl":"https:\/\/redenoticiaz.com.br\/litoralsp\/wp-content\/uploads\/sites\/3\/2022\/08\/d3f565b0-75fe-11eb-bff4-1e70f2aad8fd.jpg","keywords":["EDUARDO BOLSONARO","Estados Unidos","REDES SOCIAIS"],"articleSection":["Pol\u00edtica"],"inLanguage":"pt-BR","potentialAction":[{"@type":"CommentAction","name":"Comment","target":["https:\/\/redenoticiaz.com.br\/litoralsp\/2025\/11\/18\/motivo-de-orgulho-eduardo-bolsonaro-reage-a-decisao-do-stf-de-torna-lo-reu#respond"]}]},{"@type":"WebPage","@id":"https:\/\/redenoticiaz.com.br\/litoralsp\/2025\/11\/18\/motivo-de-orgulho-eduardo-bolsonaro-reage-a-decisao-do-stf-de-torna-lo-reu","url":"https:\/\/redenoticiaz.com.br\/litoralsp\/2025\/11\/18\/motivo-de-orgulho-eduardo-bolsonaro-reage-a-decisao-do-stf-de-torna-lo-reu","name":"\"Motivo de orgulho\": Eduardo Bolsonaro reage a decis\u00e3o do STF de torn\u00e1-lo r\u00e9u - Litoral SP","isPartOf":{"@id":"https:\/\/redenoticiaz.com.br\/litoralsp\/#website"},"primaryImageOfPage":{"@id":"https:\/\/redenoticiaz.com.br\/litoralsp\/2025\/11\/18\/motivo-de-orgulho-eduardo-bolsonaro-reage-a-decisao-do-stf-de-torna-lo-reu#primaryimage"},"image":{"@id":"https:\/\/redenoticiaz.com.br\/litoralsp\/2025\/11\/18\/motivo-de-orgulho-eduardo-bolsonaro-reage-a-decisao-do-stf-de-torna-lo-reu#primaryimage"},"thumbnailUrl":"https:\/\/redenoticiaz.com.br\/litoralsp\/wp-content\/uploads\/sites\/3\/2022\/08\/d3f565b0-75fe-11eb-bff4-1e70f2aad8fd.jpg","datePublished":"2025-11-18T14:46:16+00:00","description":"O deputado federal Eduardo Bolsonaro (PL-SP) foi formalmente recebido como r\u00e9u pela Primeira Turma do Supremo Tribunal Federal (STF)...","inLanguage":"pt-BR","potentialAction":[{"@type":"ReadAction","target":["https:\/\/redenoticiaz.com.br\/litoralsp\/2025\/11\/18\/motivo-de-orgulho-eduardo-bolsonaro-reage-a-decisao-do-stf-de-torna-lo-reu"]}]},{"@type":"ImageObject","inLanguage":"pt-BR","@id":"https:\/\/redenoticiaz.com.br\/litoralsp\/2025\/11\/18\/motivo-de-orgulho-eduardo-bolsonaro-reage-a-decisao-do-stf-de-torna-lo-reu#primaryimage","url":"https:\/\/redenoticiaz.com.br\/litoralsp\/wp-content\/uploads\/sites\/3\/2022\/08\/d3f565b0-75fe-11eb-bff4-1e70f2aad8fd.jpg","contentUrl":"https:\/\/redenoticiaz.com.br\/litoralsp\/wp-content\/uploads\/sites\/3\/2022\/08\/d3f565b0-75fe-11eb-bff4-1e70f2aad8fd.jpg","width":640,"height":433,"caption":"Cr\u00e9dito: Reprodu\u00e7\u00e3o"},{"@type":"WebSite","@id":"https:\/\/redenoticiaz.com.br\/litoralsp\/#website","url":"https:\/\/redenoticiaz.com.br\/litoralsp\/","name":"Litoral SP","description":"Rede NoticiaZ","publisher":{"@id":"https:\/\/redenoticiaz.com.br\/litoralsp\/#organization"},"potentialAction":[{"@type":"SearchAction","target":{"@type":"EntryPoint","urlTemplate":"https:\/\/redenoticiaz.com.br\/litoralsp\/?s={search_term_string}"},"query-input":{"@type":"PropertyValueSpecification","valueRequired":true,"valueName":"search_term_string"}}],"inLanguage":"pt-BR"},{"@type":"Organization","@id":"https:\/\/redenoticiaz.com.br\/litoralsp\/#organization","name":"Litoral SP","url":"https:\/\/redenoticiaz.com.br\/litoralsp\/","logo":{"@type":"ImageObject","inLanguage":"pt-BR","@id":"https:\/\/redenoticiaz.com.br\/litoralsp\/#\/schema\/logo\/image\/","url":"https:\/\/redenoticiaz.com.br\/litoralsp\/wp-content\/uploads\/sites\/3\/2020\/11\/logo.jpg","contentUrl":"https:\/\/redenoticiaz.com.br\/litoralsp\/wp-content\/uploads\/sites\/3\/2020\/11\/logo.jpg","width":400,"height":250,"caption":"Litoral SP"},"image":{"@id":"https:\/\/redenoticiaz.com.br\/litoralsp\/#\/schema\/logo\/image\/"}},{"@type":"Person","@id":"https:\/\/redenoticiaz.com.br\/litoralsp\/#\/schema\/person\/1f84d6e94e6a62d2d81199d7503e9e90","name":"Carina Reifonas","image":{"@type":"ImageObject","inLanguage":"pt-BR","@id":"https:\/\/secure.gravatar.com\/avatar\/04c59859b23696cf867715880f81d5c037e60109730bdb4e6670ec2a2245bc97?s=96&d=mm&r=g","url":"https:\/\/secure.gravatar.com\/avatar\/04c59859b23696cf867715880f81d5c037e60109730bdb4e6670ec2a2245bc97?s=96&d=mm&r=g","contentUrl":"https:\/\/secure.gravatar.com\/avatar\/04c59859b23696cf867715880f81d5c037e60109730bdb4e6670ec2a2245bc97?s=96&d=mm&r=g","caption":"Carina Reifonas"},"url":"https:\/\/redenoticiaz.com.br\/litoralsp\/author\/carinareifonas"}]}},"_links":{"self":[{"href":"https:\/\/redenoticiaz.com.br\/litoralsp\/wp-json\/wp\/v2\/posts\/121011","targetHints":{"allow":["GET"]}}],"collection":[{"href":"https:\/\/redenoticiaz.com.br\/litoralsp\/wp-json\/wp\/v2\/posts"}],"about":[{"href":"https:\/\/redenoticiaz.com.br\/litoralsp\/wp-json\/wp\/v2\/types\/post"}],"author":[{"embeddable":true,"href":"https:\/\/redenoticiaz.com.br\/litoralsp\/wp-json\/wp\/v2\/users\/30"}],"replies":[{"embeddable":true,"href":"https:\/\/redenoticiaz.com.br\/litoralsp\/wp-json\/wp\/v2\/comments?post=121011"}],"version-history":[{"count":0,"href":"https:\/\/redenoticiaz.com.br\/litoralsp\/wp-json\/wp\/v2\/posts\/121011\/revisions"}],"wp:featuredmedia":[{"embeddable":true,"href":"https:\/\/redenoticiaz.com.br\/litoralsp\/wp-json\/wp\/v2\/media\/90463"}],"wp:attachment":[{"href":"https:\/\/redenoticiaz.com.br\/litoralsp\/wp-json\/wp\/v2\/media?parent=121011"}],"wp:term":[{"taxonomy":"category","embeddable":true,"href":"https:\/\/redenoticiaz.com.br\/litoralsp\/wp-json\/wp\/v2\/categories?post=121011"},{"taxonomy":"post_tag","embeddable":true,"href":"https:\/\/redenoticiaz.com.br\/litoralsp\/wp-json\/wp\/v2\/tags?post=121011"}],"curies":[{"name":"wp","href":"https:\/\/api.w.org\/{rel}","templated":true}]}}