{"id":121048,"date":"2025-11-24T13:30:48","date_gmt":"2025-11-24T16:30:48","guid":{"rendered":"https:\/\/redenoticiaz.com.br\/litoralsp\/2025\/11\/24\/apresentadora-ione-borges-morre-aos-73-anos"},"modified":"2025-11-24T13:42:24","modified_gmt":"2025-11-24T16:42:24","slug":"apresentadora-ione-borges-morre-aos-73-anos","status":"publish","type":"post","link":"https:\/\/redenoticiaz.com.br\/litoralsp\/2025\/11\/24\/apresentadora-ione-borges-morre-aos-73-anos","title":{"rendered":"Apresentadora Ione Borges morre aos 73 anos"},"content":{"rendered":"<p>A apresentadora e modelo Ione Borges, um dos nomes mais conhecidos da TV brasileira, morreu aos 73 anos na madrugada desta segunda-feira (24), em S\u00e3o Paulo, v\u00edtima de insufici\u00eancia respirat\u00f3ria.<\/p>\n<p>A morte foi confirmada pela Funda\u00e7\u00e3o C\u00e1sper L\u00edbero, que lamentou a perda da comunicadora. Ione foi uma das principais figuras da TV Gazeta, emissora onde trabalhou por mais de tr\u00eas d\u00e9cadas e se tornou refer\u00eancia na programa\u00e7\u00e3o feminina e de variedades.<\/p>\n<p>Entre os anos 1980 e 1990, a apresentadora ganhou notoriedade ao comandar o tradicional programa Mulheres, ao lado de Claudete Troiano. Tamb\u00e9m esteve \u00e0 frente de atra\u00e7\u00f5es como Pra Voc\u00ea e Manh\u00e3 Gazeta, consolidando seu espa\u00e7o na hist\u00f3ria da televis\u00e3o.<\/p>\n<p>Em nota, a Funda\u00e7\u00e3o C\u00e1sper L\u00edbero destacou que Ione Borges foi \u201cum \u00edcone da TV brasileira e rosto inconfund\u00edvel da Gazeta por d\u00e9cadas\u201d, ressaltando sua contribui\u00e7\u00e3o ao jornalismo feminino e ao entretenimento.<\/p>\n<p>O vel\u00f3rio est\u00e1 marcado para esta segunda-feira, das 16h \u00e0s 20h, no Funeral Velar Morumbi, na Zona Sul de S\u00e3o Paulo.<\/p>\n<p>LEIA MAIS<\/p>\n<p><a href=\"https:\/\/redenoticiaz.com.br\/blog\/2025\/11\/24\/video-piloto-morre-em-acidente-durante-show-de-manobras-no-beto-carrero-world\">V\u00cdDEO \u2014 Piloto morre em acidente durante show de manobras no Beto Carrero World<\/a><\/p>\n<p><a href=\"https:\/\/redenoticiaz.com.br\/blog\/2025\/11\/24\/fini-abre-novas-vagas-com-contratacao-imediata-em-tres-cidades\">Fini abre novas vagas com contrata\u00e7\u00e3o imediata em tr\u00eas cidades<\/a><\/p>\n<p>&nbsp;<\/p>\n<p>&nbsp;<\/p>\n","protected":false},"excerpt":{"rendered":"<p>A apresentadora e modelo Ione Borges, um dos nomes mais conhecidos da TV brasileira, morreu aos 73 anos na madrugada desta segunda-feira (24), em S\u00e3o Paulo, v\u00edtima de insufici\u00eancia respirat\u00f3ria. A morte foi confirmada pela Funda\u00e7\u00e3o C\u00e1sper L\u00edbero, que lamentou a perda da comunicadora. Ione foi uma das principais figuras da TV Gazeta, emissora onde &hellip;<\/p>\n","protected":false},"author":30,"featured_media":121049,"comment_status":"open","ping_status":"closed","sticky":false,"template":"","format":"standard","meta":{"footnotes":""},"categories":[60954],"tags":[69458],"class_list":["post-121048","post","type-post","status-publish","format-standard","has-post-thumbnail","hentry","category-celebridades","tag-ione-borges"],"yoast_head":"<!-- This site is optimized with the Yoast SEO plugin v27.4 - https:\/\/yoast.com\/product\/yoast-seo-wordpress\/ -->\n<title>Apresentadora Ione Borges morre aos 73 anos - Litoral SP<\/title>\n<meta name=\"robots\" content=\"index, follow, max-snippet:-1, max-image-preview:large, max-video-preview:-1\" \/>\n<link rel=\"canonical\" href=\"https:\/\/redenoticiaz.com.br\/litoralsp\/2025\/11\/24\/apresentadora-ione-borges-morre-aos-73-anos\" \/>\n<meta property=\"og:locale\" content=\"pt_BR\" \/>\n<meta property=\"og:type\" content=\"article\" \/>\n<meta property=\"og:title\" content=\"Apresentadora Ione Borges morre aos 73 anos - Litoral SP\" \/>\n<meta property=\"og:description\" content=\"A apresentadora e modelo Ione Borges, um dos nomes mais conhecidos da TV brasileira, morreu aos 73 anos na madrugada desta segunda-feira (24), em S\u00e3o Paulo, v\u00edtima de insufici\u00eancia respirat\u00f3ria. A morte foi confirmada pela Funda\u00e7\u00e3o C\u00e1sper L\u00edbero, que lamentou a perda da comunicadora. Ione foi uma das principais figuras da TV Gazeta, emissora onde &hellip;\" \/>\n<meta property=\"og:url\" content=\"https:\/\/redenoticiaz.com.br\/litoralsp\/2025\/11\/24\/apresentadora-ione-borges-morre-aos-73-anos\" \/>\n<meta property=\"og:site_name\" content=\"Litoral SP\" \/>\n<meta property=\"article:published_time\" content=\"2025-11-24T16:30:48+00:00\" \/>\n<meta property=\"article:modified_time\" content=\"2025-11-24T16:42:24+00:00\" \/>\n<meta name=\"author\" content=\"Carina Reifonas\" \/>\n<meta name=\"twitter:card\" content=\"summary_large_image\" \/>\n<meta name=\"twitter:label1\" content=\"Escrito por\" \/>\n\t<meta name=\"twitter:data1\" content=\"Carina Reifonas\" \/>\n\t<meta name=\"twitter:label2\" content=\"Est. tempo de leitura\" \/>\n\t<meta name=\"twitter:data2\" content=\"1 minuto\" \/>\n<script type=\"application\/ld+json\" class=\"yoast-schema-graph\">{\"@context\":\"https:\\\/\\\/schema.org\",\"@graph\":[{\"@type\":\"Article\",\"@id\":\"https:\\\/\\\/redenoticiaz.com.br\\\/litoralsp\\\/2025\\\/11\\\/24\\\/apresentadora-ione-borges-morre-aos-73-anos#article\",\"isPartOf\":{\"@id\":\"https:\\\/\\\/redenoticiaz.com.br\\\/litoralsp\\\/2025\\\/11\\\/24\\\/apresentadora-ione-borges-morre-aos-73-anos\"},\"author\":{\"name\":\"Carina Reifonas\",\"@id\":\"https:\\\/\\\/redenoticiaz.com.br\\\/litoralsp\\\/#\\\/schema\\\/person\\\/1f84d6e94e6a62d2d81199d7503e9e90\"},\"headline\":\"Apresentadora Ione Borges morre aos 73 anos\",\"datePublished\":\"2025-11-24T16:30:48+00:00\",\"dateModified\":\"2025-11-24T16:42:24+00:00\",\"mainEntityOfPage\":{\"@id\":\"https:\\\/\\\/redenoticiaz.com.br\\\/litoralsp\\\/2025\\\/11\\\/24\\\/apresentadora-ione-borges-morre-aos-73-anos\"},\"wordCount\":219,\"commentCount\":0,\"publisher\":{\"@id\":\"https:\\\/\\\/redenoticiaz.com.br\\\/litoralsp\\\/#organization\"},\"image\":{\"@id\":\"https:\\\/\\\/redenoticiaz.com.br\\\/litoralsp\\\/2025\\\/11\\\/24\\\/apresentadora-ione-borges-morre-aos-73-anos#primaryimage\"},\"thumbnailUrl\":\"https:\\\/\\\/redenoticiaz.com.br\\\/litoralsp\\\/wp-content\\\/uploads\\\/sites\\\/3\\\/2025\\\/11\\\/Captura-de-tela-2025-11-24-132420.png?v=1764001808\",\"keywords\":[\"Ione Borges\"],\"articleSection\":[\"Celebridades\"],\"inLanguage\":\"pt-BR\",\"potentialAction\":[{\"@type\":\"CommentAction\",\"name\":\"Comment\",\"target\":[\"https:\\\/\\\/redenoticiaz.com.br\\\/litoralsp\\\/2025\\\/11\\\/24\\\/apresentadora-ione-borges-morre-aos-73-anos#respond\"]}]},{\"@type\":\"WebPage\",\"@id\":\"https:\\\/\\\/redenoticiaz.com.br\\\/litoralsp\\\/2025\\\/11\\\/24\\\/apresentadora-ione-borges-morre-aos-73-anos\",\"url\":\"https:\\\/\\\/redenoticiaz.com.br\\\/litoralsp\\\/2025\\\/11\\\/24\\\/apresentadora-ione-borges-morre-aos-73-anos\",\"name\":\"Apresentadora Ione Borges morre aos 73 anos - Litoral SP\",\"isPartOf\":{\"@id\":\"https:\\\/\\\/redenoticiaz.com.br\\\/litoralsp\\\/#website\"},\"primaryImageOfPage\":{\"@id\":\"https:\\\/\\\/redenoticiaz.com.br\\\/litoralsp\\\/2025\\\/11\\\/24\\\/apresentadora-ione-borges-morre-aos-73-anos#primaryimage\"},\"image\":{\"@id\":\"https:\\\/\\\/redenoticiaz.com.br\\\/litoralsp\\\/2025\\\/11\\\/24\\\/apresentadora-ione-borges-morre-aos-73-anos#primaryimage\"},\"thumbnailUrl\":\"https:\\\/\\\/redenoticiaz.com.br\\\/litoralsp\\\/wp-content\\\/uploads\\\/sites\\\/3\\\/2025\\\/11\\\/Captura-de-tela-2025-11-24-132420.png?v=1764001808\",\"datePublished\":\"2025-11-24T16:30:48+00:00\",\"dateModified\":\"2025-11-24T16:42:24+00:00\",\"inLanguage\":\"pt-BR\",\"potentialAction\":[{\"@type\":\"ReadAction\",\"target\":[\"https:\\\/\\\/redenoticiaz.com.br\\\/litoralsp\\\/2025\\\/11\\\/24\\\/apresentadora-ione-borges-morre-aos-73-anos\"]}]},{\"@type\":\"ImageObject\",\"inLanguage\":\"pt-BR\",\"@id\":\"https:\\\/\\\/redenoticiaz.com.br\\\/litoralsp\\\/2025\\\/11\\\/24\\\/apresentadora-ione-borges-morre-aos-73-anos#primaryimage\",\"url\":\"https:\\\/\\\/redenoticiaz.com.br\\\/litoralsp\\\/wp-content\\\/uploads\\\/sites\\\/3\\\/2025\\\/11\\\/Captura-de-tela-2025-11-24-132420.png?v=1764001808\",\"contentUrl\":\"https:\\\/\\\/redenoticiaz.com.br\\\/litoralsp\\\/wp-content\\\/uploads\\\/sites\\\/3\\\/2025\\\/11\\\/Captura-de-tela-2025-11-24-132420.png?v=1764001808\",\"width\":597,\"height\":404,\"caption\":\"Ione Borges em sua \u00faltima apari\u00e7\u00e3o no programa 'Mulheres', da TV Gazeta, em 2020. \u2014 Foto: Divuga\u00e7\u00e3o\\\/TV Gazeta\"},{\"@type\":\"WebSite\",\"@id\":\"https:\\\/\\\/redenoticiaz.com.br\\\/litoralsp\\\/#website\",\"url\":\"https:\\\/\\\/redenoticiaz.com.br\\\/litoralsp\\\/\",\"name\":\"Litoral SP\",\"description\":\"Rede NoticiaZ\",\"publisher\":{\"@id\":\"https:\\\/\\\/redenoticiaz.com.br\\\/litoralsp\\\/#organization\"},\"potentialAction\":[{\"@type\":\"SearchAction\",\"target\":{\"@type\":\"EntryPoint\",\"urlTemplate\":\"https:\\\/\\\/redenoticiaz.com.br\\\/litoralsp\\\/?s={search_term_string}\"},\"query-input\":{\"@type\":\"PropertyValueSpecification\",\"valueRequired\":true,\"valueName\":\"search_term_string\"}}],\"inLanguage\":\"pt-BR\"},{\"@type\":\"Organization\",\"@id\":\"https:\\\/\\\/redenoticiaz.com.br\\\/litoralsp\\\/#organization\",\"name\":\"Litoral SP\",\"url\":\"https:\\\/\\\/redenoticiaz.com.br\\\/litoralsp\\\/\",\"logo\":{\"@type\":\"ImageObject\",\"inLanguage\":\"pt-BR\",\"@id\":\"https:\\\/\\\/redenoticiaz.com.br\\\/litoralsp\\\/#\\\/schema\\\/logo\\\/image\\\/\",\"url\":\"https:\\\/\\\/redenoticiaz.com.br\\\/litoralsp\\\/wp-content\\\/uploads\\\/sites\\\/3\\\/2020\\\/11\\\/logo.jpg\",\"contentUrl\":\"https:\\\/\\\/redenoticiaz.com.br\\\/litoralsp\\\/wp-content\\\/uploads\\\/sites\\\/3\\\/2020\\\/11\\\/logo.jpg\",\"width\":400,\"height\":250,\"caption\":\"Litoral SP\"},\"image\":{\"@id\":\"https:\\\/\\\/redenoticiaz.com.br\\\/litoralsp\\\/#\\\/schema\\\/logo\\\/image\\\/\"}},{\"@type\":\"Person\",\"@id\":\"https:\\\/\\\/redenoticiaz.com.br\\\/litoralsp\\\/#\\\/schema\\\/person\\\/1f84d6e94e6a62d2d81199d7503e9e90\",\"name\":\"Carina Reifonas\",\"image\":{\"@type\":\"ImageObject\",\"inLanguage\":\"pt-BR\",\"@id\":\"https:\\\/\\\/secure.gravatar.com\\\/avatar\\\/04c59859b23696cf867715880f81d5c037e60109730bdb4e6670ec2a2245bc97?s=96&d=mm&r=g\",\"url\":\"https:\\\/\\\/secure.gravatar.com\\\/avatar\\\/04c59859b23696cf867715880f81d5c037e60109730bdb4e6670ec2a2245bc97?s=96&d=mm&r=g\",\"contentUrl\":\"https:\\\/\\\/secure.gravatar.com\\\/avatar\\\/04c59859b23696cf867715880f81d5c037e60109730bdb4e6670ec2a2245bc97?s=96&d=mm&r=g\",\"caption\":\"Carina Reifonas\"},\"url\":\"https:\\\/\\\/redenoticiaz.com.br\\\/litoralsp\\\/author\\\/carinareifonas\"}]}<\/script>\n<!-- \/ Yoast SEO plugin. -->","yoast_head_json":{"title":"Apresentadora Ione Borges morre aos 73 anos - Litoral SP","robots":{"index":"index","follow":"follow","max-snippet":"max-snippet:-1","max-image-preview":"max-image-preview:large","max-video-preview":"max-video-preview:-1"},"canonical":"https:\/\/redenoticiaz.com.br\/litoralsp\/2025\/11\/24\/apresentadora-ione-borges-morre-aos-73-anos","og_locale":"pt_BR","og_type":"article","og_title":"Apresentadora Ione Borges morre aos 73 anos - Litoral SP","og_description":"A apresentadora e modelo Ione Borges, um dos nomes mais conhecidos da TV brasileira, morreu aos 73 anos na madrugada desta segunda-feira (24), em S\u00e3o Paulo, v\u00edtima de insufici\u00eancia respirat\u00f3ria. A morte foi confirmada pela Funda\u00e7\u00e3o C\u00e1sper L\u00edbero, que lamentou a perda da comunicadora. Ione foi uma das principais figuras da TV Gazeta, emissora onde &hellip;","og_url":"https:\/\/redenoticiaz.com.br\/litoralsp\/2025\/11\/24\/apresentadora-ione-borges-morre-aos-73-anos","og_site_name":"Litoral SP","article_published_time":"2025-11-24T16:30:48+00:00","article_modified_time":"2025-11-24T16:42:24+00:00","author":"Carina Reifonas","twitter_card":"summary_large_image","twitter_misc":{"Escrito por":"Carina Reifonas","Est. tempo de leitura":"1 minuto"},"schema":{"@context":"https:\/\/schema.org","@graph":[{"@type":"Article","@id":"https:\/\/redenoticiaz.com.br\/litoralsp\/2025\/11\/24\/apresentadora-ione-borges-morre-aos-73-anos#article","isPartOf":{"@id":"https:\/\/redenoticiaz.com.br\/litoralsp\/2025\/11\/24\/apresentadora-ione-borges-morre-aos-73-anos"},"author":{"name":"Carina Reifonas","@id":"https:\/\/redenoticiaz.com.br\/litoralsp\/#\/schema\/person\/1f84d6e94e6a62d2d81199d7503e9e90"},"headline":"Apresentadora Ione Borges morre aos 73 anos","datePublished":"2025-11-24T16:30:48+00:00","dateModified":"2025-11-24T16:42:24+00:00","mainEntityOfPage":{"@id":"https:\/\/redenoticiaz.com.br\/litoralsp\/2025\/11\/24\/apresentadora-ione-borges-morre-aos-73-anos"},"wordCount":219,"commentCount":0,"publisher":{"@id":"https:\/\/redenoticiaz.com.br\/litoralsp\/#organization"},"image":{"@id":"https:\/\/redenoticiaz.com.br\/litoralsp\/2025\/11\/24\/apresentadora-ione-borges-morre-aos-73-anos#primaryimage"},"thumbnailUrl":"https:\/\/redenoticiaz.com.br\/litoralsp\/wp-content\/uploads\/sites\/3\/2025\/11\/Captura-de-tela-2025-11-24-132420.png?v=1764001808","keywords":["Ione Borges"],"articleSection":["Celebridades"],"inLanguage":"pt-BR","potentialAction":[{"@type":"CommentAction","name":"Comment","target":["https:\/\/redenoticiaz.com.br\/litoralsp\/2025\/11\/24\/apresentadora-ione-borges-morre-aos-73-anos#respond"]}]},{"@type":"WebPage","@id":"https:\/\/redenoticiaz.com.br\/litoralsp\/2025\/11\/24\/apresentadora-ione-borges-morre-aos-73-anos","url":"https:\/\/redenoticiaz.com.br\/litoralsp\/2025\/11\/24\/apresentadora-ione-borges-morre-aos-73-anos","name":"Apresentadora Ione Borges morre aos 73 anos - Litoral SP","isPartOf":{"@id":"https:\/\/redenoticiaz.com.br\/litoralsp\/#website"},"primaryImageOfPage":{"@id":"https:\/\/redenoticiaz.com.br\/litoralsp\/2025\/11\/24\/apresentadora-ione-borges-morre-aos-73-anos#primaryimage"},"image":{"@id":"https:\/\/redenoticiaz.com.br\/litoralsp\/2025\/11\/24\/apresentadora-ione-borges-morre-aos-73-anos#primaryimage"},"thumbnailUrl":"https:\/\/redenoticiaz.com.br\/litoralsp\/wp-content\/uploads\/sites\/3\/2025\/11\/Captura-de-tela-2025-11-24-132420.png?v=1764001808","datePublished":"2025-11-24T16:30:48+00:00","dateModified":"2025-11-24T16:42:24+00:00","inLanguage":"pt-BR","potentialAction":[{"@type":"ReadAction","target":["https:\/\/redenoticiaz.com.br\/litoralsp\/2025\/11\/24\/apresentadora-ione-borges-morre-aos-73-anos"]}]},{"@type":"ImageObject","inLanguage":"pt-BR","@id":"https:\/\/redenoticiaz.com.br\/litoralsp\/2025\/11\/24\/apresentadora-ione-borges-morre-aos-73-anos#primaryimage","url":"https:\/\/redenoticiaz.com.br\/litoralsp\/wp-content\/uploads\/sites\/3\/2025\/11\/Captura-de-tela-2025-11-24-132420.png?v=1764001808","contentUrl":"https:\/\/redenoticiaz.com.br\/litoralsp\/wp-content\/uploads\/sites\/3\/2025\/11\/Captura-de-tela-2025-11-24-132420.png?v=1764001808","width":597,"height":404,"caption":"Ione Borges em sua \u00faltima apari\u00e7\u00e3o no programa 'Mulheres', da TV Gazeta, em 2020. \u2014 Foto: Divuga\u00e7\u00e3o\/TV Gazeta"},{"@type":"WebSite","@id":"https:\/\/redenoticiaz.com.br\/litoralsp\/#website","url":"https:\/\/redenoticiaz.com.br\/litoralsp\/","name":"Litoral SP","description":"Rede NoticiaZ","publisher":{"@id":"https:\/\/redenoticiaz.com.br\/litoralsp\/#organization"},"potentialAction":[{"@type":"SearchAction","target":{"@type":"EntryPoint","urlTemplate":"https:\/\/redenoticiaz.com.br\/litoralsp\/?s={search_term_string}"},"query-input":{"@type":"PropertyValueSpecification","valueRequired":true,"valueName":"search_term_string"}}],"inLanguage":"pt-BR"},{"@type":"Organization","@id":"https:\/\/redenoticiaz.com.br\/litoralsp\/#organization","name":"Litoral SP","url":"https:\/\/redenoticiaz.com.br\/litoralsp\/","logo":{"@type":"ImageObject","inLanguage":"pt-BR","@id":"https:\/\/redenoticiaz.com.br\/litoralsp\/#\/schema\/logo\/image\/","url":"https:\/\/redenoticiaz.com.br\/litoralsp\/wp-content\/uploads\/sites\/3\/2020\/11\/logo.jpg","contentUrl":"https:\/\/redenoticiaz.com.br\/litoralsp\/wp-content\/uploads\/sites\/3\/2020\/11\/logo.jpg","width":400,"height":250,"caption":"Litoral SP"},"image":{"@id":"https:\/\/redenoticiaz.com.br\/litoralsp\/#\/schema\/logo\/image\/"}},{"@type":"Person","@id":"https:\/\/redenoticiaz.com.br\/litoralsp\/#\/schema\/person\/1f84d6e94e6a62d2d81199d7503e9e90","name":"Carina Reifonas","image":{"@type":"ImageObject","inLanguage":"pt-BR","@id":"https:\/\/secure.gravatar.com\/avatar\/04c59859b23696cf867715880f81d5c037e60109730bdb4e6670ec2a2245bc97?s=96&d=mm&r=g","url":"https:\/\/secure.gravatar.com\/avatar\/04c59859b23696cf867715880f81d5c037e60109730bdb4e6670ec2a2245bc97?s=96&d=mm&r=g","contentUrl":"https:\/\/secure.gravatar.com\/avatar\/04c59859b23696cf867715880f81d5c037e60109730bdb4e6670ec2a2245bc97?s=96&d=mm&r=g","caption":"Carina Reifonas"},"url":"https:\/\/redenoticiaz.com.br\/litoralsp\/author\/carinareifonas"}]}},"_links":{"self":[{"href":"https:\/\/redenoticiaz.com.br\/litoralsp\/wp-json\/wp\/v2\/posts\/121048","targetHints":{"allow":["GET"]}}],"collection":[{"href":"https:\/\/redenoticiaz.com.br\/litoralsp\/wp-json\/wp\/v2\/posts"}],"about":[{"href":"https:\/\/redenoticiaz.com.br\/litoralsp\/wp-json\/wp\/v2\/types\/post"}],"author":[{"embeddable":true,"href":"https:\/\/redenoticiaz.com.br\/litoralsp\/wp-json\/wp\/v2\/users\/30"}],"replies":[{"embeddable":true,"href":"https:\/\/redenoticiaz.com.br\/litoralsp\/wp-json\/wp\/v2\/comments?post=121048"}],"version-history":[{"count":1,"href":"https:\/\/redenoticiaz.com.br\/litoralsp\/wp-json\/wp\/v2\/posts\/121048\/revisions"}],"predecessor-version":[{"id":121050,"href":"https:\/\/redenoticiaz.com.br\/litoralsp\/wp-json\/wp\/v2\/posts\/121048\/revisions\/121050"}],"wp:featuredmedia":[{"embeddable":true,"href":"https:\/\/redenoticiaz.com.br\/litoralsp\/wp-json\/wp\/v2\/media\/121049"}],"wp:attachment":[{"href":"https:\/\/redenoticiaz.com.br\/litoralsp\/wp-json\/wp\/v2\/media?parent=121048"}],"wp:term":[{"taxonomy":"category","embeddable":true,"href":"https:\/\/redenoticiaz.com.br\/litoralsp\/wp-json\/wp\/v2\/categories?post=121048"},{"taxonomy":"post_tag","embeddable":true,"href":"https:\/\/redenoticiaz.com.br\/litoralsp\/wp-json\/wp\/v2\/tags?post=121048"}],"curies":[{"name":"wp","href":"https:\/\/api.w.org\/{rel}","templated":true}]}}