{"id":121051,"date":"2025-11-26T12:03:58","date_gmt":"2025-11-26T15:03:58","guid":{"rendered":"https:\/\/redenoticiaz.com.br\/litoralsp\/2025\/11\/26\/amandinha-brilha-e-brasil-atropela-a-italia-rumo-as-quartas-do-mundial"},"modified":"2025-11-26T12:03:58","modified_gmt":"2025-11-26T15:03:58","slug":"amandinha-brilha-e-brasil-atropela-a-italia-rumo-as-quartas-do-mundial","status":"publish","type":"post","link":"https:\/\/redenoticiaz.com.br\/litoralsp\/2025\/11\/26\/amandinha-brilha-e-brasil-atropela-a-italia-rumo-as-quartas-do-mundial","title":{"rendered":"Amandinha brilha e Brasil atropela a It\u00e1lia rumo \u00e0s quartas do Mundial"},"content":{"rendered":"<p>A Sele\u00e7\u00e3o Brasileira Feminina de Futsal confirmou, nesta quarta-feira (26), sua vaga nas quartas de final da Copa do Mundo ao derrotar a It\u00e1lia por 6 a 1, em atua\u00e7\u00e3o dominante nas Filipinas. Amandinha, estrela da equipe e dona de oito pr\u00eamios de \u201cMelhor Jogadora do Mundo\u201d, marcou dois gols e comandou mais uma exibi\u00e7\u00e3o de autoridade.<\/p>\n<p>O Brasil abriu o placar logo no primeiro ataque, com Ana Luiza, e seguiu controlando as a\u00e7\u00f5es. A goleira italiana Ana Sestari evitou uma vantagem maior com defesas decisivas, mas a It\u00e1lia conseguiu empatar em uma rara chegada ao ataque. A resposta brasileira veio rapidamente com Emilly, que acertou belo chute para recolocar o time na frente.<\/p>\n<p>Na segunda etapa, a Sele\u00e7\u00e3o transformou o dom\u00ednio em goleada. Amandinha marcou duas vezes em sequ\u00eancia e ampliou a vantagem. D\u00e9bora Vanin e Camila fecharam a conta e garantiram o terceiro triunfo brasileiro na competi\u00e7\u00e3o.<\/p>\n<p>Com 100% de aproveitamento no Grupo D, o Brasil enfrenta o Panam\u00e1 no s\u00e1bado (29), \u00e0s 08h30 (hor\u00e1rio de Bras\u00edlia), em duelo que pode confirmar a lideran\u00e7a da chave na PhilSports Arena.<\/p>\n<p>LEIA MAIS<\/p>\n<p><a href=\"https:\/\/redenoticiaz.com.br\/blog\/2025\/11\/26\/homem-e-achado-algemado-e-ferido-em-viela-e-nao-resiste-apos-atendimento\">Homem \u00e9 achado algemado e ferido em viela e n\u00e3o resiste ap\u00f3s atendimento<\/a><\/p>\n<p><a href=\"https:\/\/redenoticiaz.com.br\/blog\/2025\/11\/26\/dono-de-carro-achado-em-pista-de-skate-muda-versao-e-tem-veiculo-apreendido\">Dono de carro achado em pista de skate muda vers\u00e3o e tem ve\u00edculo apreendido<\/a><\/p>\n<p>&nbsp;<\/p>\n","protected":false},"excerpt":{"rendered":"<p>A Sele\u00e7\u00e3o Brasileira Feminina de Futsal confirmou, nesta quarta-feira (26), sua vaga nas quartas de final da Copa do Mundo ao derrotar a It\u00e1lia por 6 a 1, em atua\u00e7\u00e3o dominante nas Filipinas. Amandinha, estrela da equipe e dona de oito pr\u00eamios de \u201cMelhor Jogadora do Mundo\u201d, marcou dois gols e comandou mais uma exibi\u00e7\u00e3o &hellip;<\/p>\n","protected":false},"author":30,"featured_media":121052,"comment_status":"open","ping_status":"closed","sticky":false,"template":"","format":"standard","meta":{"footnotes":""},"categories":[35],"tags":[69459,41274,19413,69460],"class_list":["post-121051","post","type-post","status-publish","format-standard","has-post-thumbnail","hentry","category-esporte","tag-amandinha","tag-copa-do-mundo","tag-italia","tag-selecao-brasileira-feminina-de-futsal"],"yoast_head":"<!-- This site is optimized with the Yoast SEO plugin v27.4 - https:\/\/yoast.com\/product\/yoast-seo-wordpress\/ -->\n<title>Amandinha brilha e Brasil atropela a It\u00e1lia rumo \u00e0s quartas do Mundial - Litoral SP<\/title>\n<meta name=\"description\" content=\"A Sele\u00e7\u00e3o Brasileira Feminina de Futsal confirmou, nesta quarta-feira (26), sua vaga nas quartas de final da Copa do Mundo ao derrotar a It\u00e1lia\" \/>\n<meta name=\"robots\" content=\"index, follow, max-snippet:-1, max-image-preview:large, max-video-preview:-1\" \/>\n<link rel=\"canonical\" href=\"https:\/\/redenoticiaz.com.br\/litoralsp\/2025\/11\/26\/amandinha-brilha-e-brasil-atropela-a-italia-rumo-as-quartas-do-mundial\" \/>\n<meta property=\"og:locale\" content=\"pt_BR\" \/>\n<meta property=\"og:type\" content=\"article\" \/>\n<meta property=\"og:title\" content=\"Amandinha brilha e Brasil atropela a It\u00e1lia rumo \u00e0s quartas do Mundial - Litoral SP\" \/>\n<meta property=\"og:description\" content=\"A Sele\u00e7\u00e3o Brasileira Feminina de Futsal confirmou, nesta quarta-feira (26), sua vaga nas quartas de final da Copa do Mundo ao derrotar a It\u00e1lia\" \/>\n<meta property=\"og:url\" content=\"https:\/\/redenoticiaz.com.br\/litoralsp\/2025\/11\/26\/amandinha-brilha-e-brasil-atropela-a-italia-rumo-as-quartas-do-mundial\" \/>\n<meta property=\"og:site_name\" content=\"Litoral SP\" \/>\n<meta property=\"article:published_time\" content=\"2025-11-26T15:03:58+00:00\" \/>\n<meta property=\"og:image\" content=\"https:\/\/redenoticiaz.com.br\/litoralsp\/wp-content\/uploads\/sites\/3\/2025\/11\/Captura-de-tela-2025-11-26-115722.jpg?v=1764169233\" \/>\n\t<meta property=\"og:image:width\" content=\"454\" \/>\n\t<meta property=\"og:image:height\" content=\"465\" \/>\n\t<meta property=\"og:image:type\" content=\"image\/jpeg\" \/>\n<meta name=\"author\" content=\"Carina Reifonas\" \/>\n<meta name=\"twitter:card\" content=\"summary_large_image\" \/>\n<meta name=\"twitter:label1\" content=\"Escrito por\" \/>\n\t<meta name=\"twitter:data1\" content=\"Carina Reifonas\" \/>\n\t<meta name=\"twitter:label2\" content=\"Est. tempo de leitura\" \/>\n\t<meta name=\"twitter:data2\" content=\"2 minutos\" \/>\n<script type=\"application\/ld+json\" class=\"yoast-schema-graph\">{\"@context\":\"https:\\\/\\\/schema.org\",\"@graph\":[{\"@type\":\"Article\",\"@id\":\"https:\\\/\\\/redenoticiaz.com.br\\\/litoralsp\\\/2025\\\/11\\\/26\\\/amandinha-brilha-e-brasil-atropela-a-italia-rumo-as-quartas-do-mundial#article\",\"isPartOf\":{\"@id\":\"https:\\\/\\\/redenoticiaz.com.br\\\/litoralsp\\\/2025\\\/11\\\/26\\\/amandinha-brilha-e-brasil-atropela-a-italia-rumo-as-quartas-do-mundial\"},\"author\":{\"name\":\"Carina Reifonas\",\"@id\":\"https:\\\/\\\/redenoticiaz.com.br\\\/litoralsp\\\/#\\\/schema\\\/person\\\/1f84d6e94e6a62d2d81199d7503e9e90\"},\"headline\":\"Amandinha brilha e Brasil atropela a It\u00e1lia rumo \u00e0s quartas do Mundial\",\"datePublished\":\"2025-11-26T15:03:58+00:00\",\"mainEntityOfPage\":{\"@id\":\"https:\\\/\\\/redenoticiaz.com.br\\\/litoralsp\\\/2025\\\/11\\\/26\\\/amandinha-brilha-e-brasil-atropela-a-italia-rumo-as-quartas-do-mundial\"},\"wordCount\":238,\"commentCount\":0,\"publisher\":{\"@id\":\"https:\\\/\\\/redenoticiaz.com.br\\\/litoralsp\\\/#organization\"},\"image\":{\"@id\":\"https:\\\/\\\/redenoticiaz.com.br\\\/litoralsp\\\/2025\\\/11\\\/26\\\/amandinha-brilha-e-brasil-atropela-a-italia-rumo-as-quartas-do-mundial#primaryimage\"},\"thumbnailUrl\":\"https:\\\/\\\/redenoticiaz.com.br\\\/litoralsp\\\/wp-content\\\/uploads\\\/sites\\\/3\\\/2025\\\/11\\\/Captura-de-tela-2025-11-26-115722.jpg?v=1764169233\",\"keywords\":[\"Amandinha\",\"COPA DO MUNDO\",\"It\u00e1lia\",\"Sele\u00e7\u00e3o Brasileira Feminina de futsal\"],\"articleSection\":[\"Esporte\"],\"inLanguage\":\"pt-BR\",\"potentialAction\":[{\"@type\":\"CommentAction\",\"name\":\"Comment\",\"target\":[\"https:\\\/\\\/redenoticiaz.com.br\\\/litoralsp\\\/2025\\\/11\\\/26\\\/amandinha-brilha-e-brasil-atropela-a-italia-rumo-as-quartas-do-mundial#respond\"]}]},{\"@type\":\"WebPage\",\"@id\":\"https:\\\/\\\/redenoticiaz.com.br\\\/litoralsp\\\/2025\\\/11\\\/26\\\/amandinha-brilha-e-brasil-atropela-a-italia-rumo-as-quartas-do-mundial\",\"url\":\"https:\\\/\\\/redenoticiaz.com.br\\\/litoralsp\\\/2025\\\/11\\\/26\\\/amandinha-brilha-e-brasil-atropela-a-italia-rumo-as-quartas-do-mundial\",\"name\":\"Amandinha brilha e Brasil atropela a It\u00e1lia rumo \u00e0s quartas do Mundial - Litoral SP\",\"isPartOf\":{\"@id\":\"https:\\\/\\\/redenoticiaz.com.br\\\/litoralsp\\\/#website\"},\"primaryImageOfPage\":{\"@id\":\"https:\\\/\\\/redenoticiaz.com.br\\\/litoralsp\\\/2025\\\/11\\\/26\\\/amandinha-brilha-e-brasil-atropela-a-italia-rumo-as-quartas-do-mundial#primaryimage\"},\"image\":{\"@id\":\"https:\\\/\\\/redenoticiaz.com.br\\\/litoralsp\\\/2025\\\/11\\\/26\\\/amandinha-brilha-e-brasil-atropela-a-italia-rumo-as-quartas-do-mundial#primaryimage\"},\"thumbnailUrl\":\"https:\\\/\\\/redenoticiaz.com.br\\\/litoralsp\\\/wp-content\\\/uploads\\\/sites\\\/3\\\/2025\\\/11\\\/Captura-de-tela-2025-11-26-115722.jpg?v=1764169233\",\"datePublished\":\"2025-11-26T15:03:58+00:00\",\"description\":\"A Sele\u00e7\u00e3o Brasileira Feminina de Futsal confirmou, nesta quarta-feira (26), sua vaga nas quartas de final da Copa do Mundo ao derrotar a It\u00e1lia\",\"inLanguage\":\"pt-BR\",\"potentialAction\":[{\"@type\":\"ReadAction\",\"target\":[\"https:\\\/\\\/redenoticiaz.com.br\\\/litoralsp\\\/2025\\\/11\\\/26\\\/amandinha-brilha-e-brasil-atropela-a-italia-rumo-as-quartas-do-mundial\"]}]},{\"@type\":\"ImageObject\",\"inLanguage\":\"pt-BR\",\"@id\":\"https:\\\/\\\/redenoticiaz.com.br\\\/litoralsp\\\/2025\\\/11\\\/26\\\/amandinha-brilha-e-brasil-atropela-a-italia-rumo-as-quartas-do-mundial#primaryimage\",\"url\":\"https:\\\/\\\/redenoticiaz.com.br\\\/litoralsp\\\/wp-content\\\/uploads\\\/sites\\\/3\\\/2025\\\/11\\\/Captura-de-tela-2025-11-26-115722.jpg?v=1764169233\",\"contentUrl\":\"https:\\\/\\\/redenoticiaz.com.br\\\/litoralsp\\\/wp-content\\\/uploads\\\/sites\\\/3\\\/2025\\\/11\\\/Captura-de-tela-2025-11-26-115722.jpg?v=1764169233\",\"width\":454,\"height\":465,\"caption\":\"Amandinha brilha e Brasil atropela a It\u00e1lia rumo \u00e0s quartas do Mundial \u2014 Foto: @phabiobry | CBF\"},{\"@type\":\"WebSite\",\"@id\":\"https:\\\/\\\/redenoticiaz.com.br\\\/litoralsp\\\/#website\",\"url\":\"https:\\\/\\\/redenoticiaz.com.br\\\/litoralsp\\\/\",\"name\":\"Litoral SP\",\"description\":\"Rede NoticiaZ\",\"publisher\":{\"@id\":\"https:\\\/\\\/redenoticiaz.com.br\\\/litoralsp\\\/#organization\"},\"potentialAction\":[{\"@type\":\"SearchAction\",\"target\":{\"@type\":\"EntryPoint\",\"urlTemplate\":\"https:\\\/\\\/redenoticiaz.com.br\\\/litoralsp\\\/?s={search_term_string}\"},\"query-input\":{\"@type\":\"PropertyValueSpecification\",\"valueRequired\":true,\"valueName\":\"search_term_string\"}}],\"inLanguage\":\"pt-BR\"},{\"@type\":\"Organization\",\"@id\":\"https:\\\/\\\/redenoticiaz.com.br\\\/litoralsp\\\/#organization\",\"name\":\"Litoral SP\",\"url\":\"https:\\\/\\\/redenoticiaz.com.br\\\/litoralsp\\\/\",\"logo\":{\"@type\":\"ImageObject\",\"inLanguage\":\"pt-BR\",\"@id\":\"https:\\\/\\\/redenoticiaz.com.br\\\/litoralsp\\\/#\\\/schema\\\/logo\\\/image\\\/\",\"url\":\"https:\\\/\\\/redenoticiaz.com.br\\\/litoralsp\\\/wp-content\\\/uploads\\\/sites\\\/3\\\/2020\\\/11\\\/logo.jpg\",\"contentUrl\":\"https:\\\/\\\/redenoticiaz.com.br\\\/litoralsp\\\/wp-content\\\/uploads\\\/sites\\\/3\\\/2020\\\/11\\\/logo.jpg\",\"width\":400,\"height\":250,\"caption\":\"Litoral SP\"},\"image\":{\"@id\":\"https:\\\/\\\/redenoticiaz.com.br\\\/litoralsp\\\/#\\\/schema\\\/logo\\\/image\\\/\"}},{\"@type\":\"Person\",\"@id\":\"https:\\\/\\\/redenoticiaz.com.br\\\/litoralsp\\\/#\\\/schema\\\/person\\\/1f84d6e94e6a62d2d81199d7503e9e90\",\"name\":\"Carina Reifonas\",\"image\":{\"@type\":\"ImageObject\",\"inLanguage\":\"pt-BR\",\"@id\":\"https:\\\/\\\/secure.gravatar.com\\\/avatar\\\/04c59859b23696cf867715880f81d5c037e60109730bdb4e6670ec2a2245bc97?s=96&d=mm&r=g\",\"url\":\"https:\\\/\\\/secure.gravatar.com\\\/avatar\\\/04c59859b23696cf867715880f81d5c037e60109730bdb4e6670ec2a2245bc97?s=96&d=mm&r=g\",\"contentUrl\":\"https:\\\/\\\/secure.gravatar.com\\\/avatar\\\/04c59859b23696cf867715880f81d5c037e60109730bdb4e6670ec2a2245bc97?s=96&d=mm&r=g\",\"caption\":\"Carina Reifonas\"},\"url\":\"https:\\\/\\\/redenoticiaz.com.br\\\/litoralsp\\\/author\\\/carinareifonas\"}]}<\/script>\n<!-- \/ Yoast SEO plugin. -->","yoast_head_json":{"title":"Amandinha brilha e Brasil atropela a It\u00e1lia rumo \u00e0s quartas do Mundial - Litoral SP","description":"A Sele\u00e7\u00e3o Brasileira Feminina de Futsal confirmou, nesta quarta-feira (26), sua vaga nas quartas de final da Copa do Mundo ao derrotar a It\u00e1lia","robots":{"index":"index","follow":"follow","max-snippet":"max-snippet:-1","max-image-preview":"max-image-preview:large","max-video-preview":"max-video-preview:-1"},"canonical":"https:\/\/redenoticiaz.com.br\/litoralsp\/2025\/11\/26\/amandinha-brilha-e-brasil-atropela-a-italia-rumo-as-quartas-do-mundial","og_locale":"pt_BR","og_type":"article","og_title":"Amandinha brilha e Brasil atropela a It\u00e1lia rumo \u00e0s quartas do Mundial - Litoral SP","og_description":"A Sele\u00e7\u00e3o Brasileira Feminina de Futsal confirmou, nesta quarta-feira (26), sua vaga nas quartas de final da Copa do Mundo ao derrotar a It\u00e1lia","og_url":"https:\/\/redenoticiaz.com.br\/litoralsp\/2025\/11\/26\/amandinha-brilha-e-brasil-atropela-a-italia-rumo-as-quartas-do-mundial","og_site_name":"Litoral SP","article_published_time":"2025-11-26T15:03:58+00:00","og_image":[{"width":454,"height":465,"url":"https:\/\/redenoticiaz.com.br\/litoralsp\/wp-content\/uploads\/sites\/3\/2025\/11\/Captura-de-tela-2025-11-26-115722.jpg?v=1764169233","type":"image\/jpeg"}],"author":"Carina Reifonas","twitter_card":"summary_large_image","twitter_misc":{"Escrito por":"Carina Reifonas","Est. tempo de leitura":"2 minutos"},"schema":{"@context":"https:\/\/schema.org","@graph":[{"@type":"Article","@id":"https:\/\/redenoticiaz.com.br\/litoralsp\/2025\/11\/26\/amandinha-brilha-e-brasil-atropela-a-italia-rumo-as-quartas-do-mundial#article","isPartOf":{"@id":"https:\/\/redenoticiaz.com.br\/litoralsp\/2025\/11\/26\/amandinha-brilha-e-brasil-atropela-a-italia-rumo-as-quartas-do-mundial"},"author":{"name":"Carina Reifonas","@id":"https:\/\/redenoticiaz.com.br\/litoralsp\/#\/schema\/person\/1f84d6e94e6a62d2d81199d7503e9e90"},"headline":"Amandinha brilha e Brasil atropela a It\u00e1lia rumo \u00e0s quartas do Mundial","datePublished":"2025-11-26T15:03:58+00:00","mainEntityOfPage":{"@id":"https:\/\/redenoticiaz.com.br\/litoralsp\/2025\/11\/26\/amandinha-brilha-e-brasil-atropela-a-italia-rumo-as-quartas-do-mundial"},"wordCount":238,"commentCount":0,"publisher":{"@id":"https:\/\/redenoticiaz.com.br\/litoralsp\/#organization"},"image":{"@id":"https:\/\/redenoticiaz.com.br\/litoralsp\/2025\/11\/26\/amandinha-brilha-e-brasil-atropela-a-italia-rumo-as-quartas-do-mundial#primaryimage"},"thumbnailUrl":"https:\/\/redenoticiaz.com.br\/litoralsp\/wp-content\/uploads\/sites\/3\/2025\/11\/Captura-de-tela-2025-11-26-115722.jpg?v=1764169233","keywords":["Amandinha","COPA DO MUNDO","It\u00e1lia","Sele\u00e7\u00e3o Brasileira Feminina de futsal"],"articleSection":["Esporte"],"inLanguage":"pt-BR","potentialAction":[{"@type":"CommentAction","name":"Comment","target":["https:\/\/redenoticiaz.com.br\/litoralsp\/2025\/11\/26\/amandinha-brilha-e-brasil-atropela-a-italia-rumo-as-quartas-do-mundial#respond"]}]},{"@type":"WebPage","@id":"https:\/\/redenoticiaz.com.br\/litoralsp\/2025\/11\/26\/amandinha-brilha-e-brasil-atropela-a-italia-rumo-as-quartas-do-mundial","url":"https:\/\/redenoticiaz.com.br\/litoralsp\/2025\/11\/26\/amandinha-brilha-e-brasil-atropela-a-italia-rumo-as-quartas-do-mundial","name":"Amandinha brilha e Brasil atropela a It\u00e1lia rumo \u00e0s quartas do Mundial - Litoral SP","isPartOf":{"@id":"https:\/\/redenoticiaz.com.br\/litoralsp\/#website"},"primaryImageOfPage":{"@id":"https:\/\/redenoticiaz.com.br\/litoralsp\/2025\/11\/26\/amandinha-brilha-e-brasil-atropela-a-italia-rumo-as-quartas-do-mundial#primaryimage"},"image":{"@id":"https:\/\/redenoticiaz.com.br\/litoralsp\/2025\/11\/26\/amandinha-brilha-e-brasil-atropela-a-italia-rumo-as-quartas-do-mundial#primaryimage"},"thumbnailUrl":"https:\/\/redenoticiaz.com.br\/litoralsp\/wp-content\/uploads\/sites\/3\/2025\/11\/Captura-de-tela-2025-11-26-115722.jpg?v=1764169233","datePublished":"2025-11-26T15:03:58+00:00","description":"A Sele\u00e7\u00e3o Brasileira Feminina de Futsal confirmou, nesta quarta-feira (26), sua vaga nas quartas de final da Copa do Mundo ao derrotar a It\u00e1lia","inLanguage":"pt-BR","potentialAction":[{"@type":"ReadAction","target":["https:\/\/redenoticiaz.com.br\/litoralsp\/2025\/11\/26\/amandinha-brilha-e-brasil-atropela-a-italia-rumo-as-quartas-do-mundial"]}]},{"@type":"ImageObject","inLanguage":"pt-BR","@id":"https:\/\/redenoticiaz.com.br\/litoralsp\/2025\/11\/26\/amandinha-brilha-e-brasil-atropela-a-italia-rumo-as-quartas-do-mundial#primaryimage","url":"https:\/\/redenoticiaz.com.br\/litoralsp\/wp-content\/uploads\/sites\/3\/2025\/11\/Captura-de-tela-2025-11-26-115722.jpg?v=1764169233","contentUrl":"https:\/\/redenoticiaz.com.br\/litoralsp\/wp-content\/uploads\/sites\/3\/2025\/11\/Captura-de-tela-2025-11-26-115722.jpg?v=1764169233","width":454,"height":465,"caption":"Amandinha brilha e Brasil atropela a It\u00e1lia rumo \u00e0s quartas do Mundial \u2014 Foto: @phabiobry | CBF"},{"@type":"WebSite","@id":"https:\/\/redenoticiaz.com.br\/litoralsp\/#website","url":"https:\/\/redenoticiaz.com.br\/litoralsp\/","name":"Litoral SP","description":"Rede NoticiaZ","publisher":{"@id":"https:\/\/redenoticiaz.com.br\/litoralsp\/#organization"},"potentialAction":[{"@type":"SearchAction","target":{"@type":"EntryPoint","urlTemplate":"https:\/\/redenoticiaz.com.br\/litoralsp\/?s={search_term_string}"},"query-input":{"@type":"PropertyValueSpecification","valueRequired":true,"valueName":"search_term_string"}}],"inLanguage":"pt-BR"},{"@type":"Organization","@id":"https:\/\/redenoticiaz.com.br\/litoralsp\/#organization","name":"Litoral SP","url":"https:\/\/redenoticiaz.com.br\/litoralsp\/","logo":{"@type":"ImageObject","inLanguage":"pt-BR","@id":"https:\/\/redenoticiaz.com.br\/litoralsp\/#\/schema\/logo\/image\/","url":"https:\/\/redenoticiaz.com.br\/litoralsp\/wp-content\/uploads\/sites\/3\/2020\/11\/logo.jpg","contentUrl":"https:\/\/redenoticiaz.com.br\/litoralsp\/wp-content\/uploads\/sites\/3\/2020\/11\/logo.jpg","width":400,"height":250,"caption":"Litoral SP"},"image":{"@id":"https:\/\/redenoticiaz.com.br\/litoralsp\/#\/schema\/logo\/image\/"}},{"@type":"Person","@id":"https:\/\/redenoticiaz.com.br\/litoralsp\/#\/schema\/person\/1f84d6e94e6a62d2d81199d7503e9e90","name":"Carina Reifonas","image":{"@type":"ImageObject","inLanguage":"pt-BR","@id":"https:\/\/secure.gravatar.com\/avatar\/04c59859b23696cf867715880f81d5c037e60109730bdb4e6670ec2a2245bc97?s=96&d=mm&r=g","url":"https:\/\/secure.gravatar.com\/avatar\/04c59859b23696cf867715880f81d5c037e60109730bdb4e6670ec2a2245bc97?s=96&d=mm&r=g","contentUrl":"https:\/\/secure.gravatar.com\/avatar\/04c59859b23696cf867715880f81d5c037e60109730bdb4e6670ec2a2245bc97?s=96&d=mm&r=g","caption":"Carina Reifonas"},"url":"https:\/\/redenoticiaz.com.br\/litoralsp\/author\/carinareifonas"}]}},"_links":{"self":[{"href":"https:\/\/redenoticiaz.com.br\/litoralsp\/wp-json\/wp\/v2\/posts\/121051","targetHints":{"allow":["GET"]}}],"collection":[{"href":"https:\/\/redenoticiaz.com.br\/litoralsp\/wp-json\/wp\/v2\/posts"}],"about":[{"href":"https:\/\/redenoticiaz.com.br\/litoralsp\/wp-json\/wp\/v2\/types\/post"}],"author":[{"embeddable":true,"href":"https:\/\/redenoticiaz.com.br\/litoralsp\/wp-json\/wp\/v2\/users\/30"}],"replies":[{"embeddable":true,"href":"https:\/\/redenoticiaz.com.br\/litoralsp\/wp-json\/wp\/v2\/comments?post=121051"}],"version-history":[{"count":0,"href":"https:\/\/redenoticiaz.com.br\/litoralsp\/wp-json\/wp\/v2\/posts\/121051\/revisions"}],"wp:featuredmedia":[{"embeddable":true,"href":"https:\/\/redenoticiaz.com.br\/litoralsp\/wp-json\/wp\/v2\/media\/121052"}],"wp:attachment":[{"href":"https:\/\/redenoticiaz.com.br\/litoralsp\/wp-json\/wp\/v2\/media?parent=121051"}],"wp:term":[{"taxonomy":"category","embeddable":true,"href":"https:\/\/redenoticiaz.com.br\/litoralsp\/wp-json\/wp\/v2\/categories?post=121051"},{"taxonomy":"post_tag","embeddable":true,"href":"https:\/\/redenoticiaz.com.br\/litoralsp\/wp-json\/wp\/v2\/tags?post=121051"}],"curies":[{"name":"wp","href":"https:\/\/api.w.org\/{rel}","templated":true}]}}