{"id":121055,"date":"2025-11-27T09:35:52","date_gmt":"2025-11-27T12:35:52","guid":{"rendered":"https:\/\/redenoticiaz.com.br\/litoralsp\/2025\/11\/27\/tragedia-em-hong-kong-incendio-ja-deixa-ao-menos-55-mortos"},"modified":"2025-11-27T09:37:16","modified_gmt":"2025-11-27T12:37:16","slug":"tragedia-em-hong-kong-incendio-ja-deixa-ao-menos-55-mortos","status":"publish","type":"post","link":"https:\/\/redenoticiaz.com.br\/litoralsp\/2025\/11\/27\/tragedia-em-hong-kong-incendio-ja-deixa-ao-menos-55-mortos","title":{"rendered":"Trag\u00e9dia em Hong Kong: inc\u00eandio j\u00e1 deixa ao menos 55 mortos"},"content":{"rendered":"<p>O inc\u00eandio que atingiu um complexo residencial em Hong Kong j\u00e1 deixou 55 mortos e 123 feridos, segundo o Corpo de Bombeiros. O fogo, controlado ap\u00f3s 15 horas, consumiu parte do Wang Fuk Court, onde vivem cerca de 2 mil fam\u00edlias.<\/p>\n<p>As causas ainda est\u00e3o sob investiga\u00e7\u00e3o, mas autoridades apontam que andaimes de bambu e telas de prote\u00e7\u00e3o fora dos padr\u00f5es de seguran\u00e7a agravaram a propaga\u00e7\u00e3o das chamas. A pol\u00edcia tamb\u00e9m identificou janelas seladas com espuma por uma construtora que fazia manuten\u00e7\u00e3o.<\/p>\n<p>Tr\u00eas funcion\u00e1rios da empresa foram presos por homic\u00eddio culposo, suspeitos de neglig\u00eancia que teria contribu\u00eddo para a trag\u00e9dia. A atualiza\u00e7\u00e3o sobre desaparecidos ainda n\u00e3o foi divulgada.<\/p>\n<p>_______________________________________________________<\/p>\n<ul>\n<li>\ud83d\udcf2Siga nossas redes sociais no\u00a0<a href=\"https:\/\/www.instagram.com\/redenoticiaz\/\">Instagram<\/a>\u00a0e\u00a0<a href=\"https:\/\/www.facebook.com\/p\/Rede-Noticiaz-100063557592062\/?_rdr\">Facebook<\/a>\u00a0para ficar por dentro de todas as<br \/>\nnovidades e atualiza\u00e7\u00f5es!<\/li>\n<li><a href=\"https:\/\/chat.whatsapp.com\/IZvl6ywXD9K5Zh7loxWKGE\">\ud83d\udcf2Entre em nosso grupo e receba diversas vagas por dia em seu celular<\/a><\/li>\n<\/ul>\n<p>LEIA MAIS<\/p>\n<p><a href=\"https:\/\/redenoticiaz.com.br\/blog\/2025\/11\/27\/homem-persegue-e-agride-ex-companheira-bebe-de-4-meses-tambem-fica-ferido\">Homem persegue e agride ex-companheira; beb\u00ea de 4 meses tamb\u00e9m fica ferido<\/a><\/p>\n<p><a href=\"https:\/\/redenoticiaz.com.br\/blog\/2025\/11\/26\/havaianas-anuncia-novas-vagas-hibridas-veja-como-se-candidatar\">Havaianas anuncia novas vagas h\u00edbridas; veja como se candidatar<\/a><\/p>\n<p>&nbsp;<\/p>\n<p>&nbsp;<\/p>\n","protected":false},"excerpt":{"rendered":"<p>O inc\u00eandio que atingiu um complexo residencial em Hong Kong j\u00e1 deixou 55 mortos e 123 feridos, segundo o Corpo de Bombeiros. O fogo, controlado ap\u00f3s 15 horas, consumiu parte do Wang Fuk Court, onde vivem cerca de 2 mil fam\u00edlias. As causas ainda est\u00e3o sob investiga\u00e7\u00e3o, mas autoridades apontam que andaimes de bambu e &hellip;<\/p>\n","protected":false},"author":30,"featured_media":121056,"comment_status":"open","ping_status":"closed","sticky":false,"template":"","format":"standard","meta":{"footnotes":""},"categories":[84],"tags":[58549,4039,10875],"class_list":["post-121055","post","type-post","status-publish","format-standard","has-post-thumbnail","hentry","category-mundo","tag-hong-kong","tag-incendio","tag-mortos"],"yoast_head":"<!-- This site is optimized with the Yoast SEO plugin v27.4 - https:\/\/yoast.com\/product\/yoast-seo-wordpress\/ -->\n<title>Trag\u00e9dia em Hong Kong: inc\u00eandio j\u00e1 deixa ao menos 55 mortos - Litoral SP<\/title>\n<meta name=\"description\" content=\"O n\u00famero de mortos no inc\u00eandio que atingiu um conjunto de pr\u00e9dios residenciais em Hong Kong subiu para ao menos 55, segundo atualiza\u00e7\u00e3o do Corpo de Bombeiros\" \/>\n<meta name=\"robots\" content=\"index, follow, max-snippet:-1, max-image-preview:large, max-video-preview:-1\" \/>\n<link rel=\"canonical\" href=\"https:\/\/redenoticiaz.com.br\/litoralsp\/2025\/11\/27\/tragedia-em-hong-kong-incendio-ja-deixa-ao-menos-55-mortos\" \/>\n<meta property=\"og:locale\" content=\"pt_BR\" \/>\n<meta property=\"og:type\" content=\"article\" \/>\n<meta property=\"og:title\" content=\"Trag\u00e9dia em Hong Kong: inc\u00eandio j\u00e1 deixa ao menos 55 mortos - Litoral SP\" \/>\n<meta property=\"og:description\" content=\"O n\u00famero de mortos no inc\u00eandio que atingiu um conjunto de pr\u00e9dios residenciais em Hong Kong subiu para ao menos 55, segundo atualiza\u00e7\u00e3o do Corpo de Bombeiros\" \/>\n<meta property=\"og:url\" content=\"https:\/\/redenoticiaz.com.br\/litoralsp\/2025\/11\/27\/tragedia-em-hong-kong-incendio-ja-deixa-ao-menos-55-mortos\" \/>\n<meta property=\"og:site_name\" content=\"Litoral SP\" \/>\n<meta property=\"article:published_time\" content=\"2025-11-27T12:35:52+00:00\" \/>\n<meta property=\"article:modified_time\" content=\"2025-11-27T12:37:16+00:00\" \/>\n<meta property=\"og:image\" content=\"https:\/\/redenoticiaz.com.br\/litoralsp\/wp-content\/uploads\/sites\/3\/2025\/11\/Captura-de-tela-2025-11-27-092946.jpg?v=1764246888\" \/>\n\t<meta property=\"og:image:width\" content=\"769\" \/>\n\t<meta property=\"og:image:height\" content=\"424\" \/>\n\t<meta property=\"og:image:type\" content=\"image\/jpeg\" \/>\n<meta name=\"author\" content=\"Carina Reifonas\" \/>\n<meta name=\"twitter:card\" content=\"summary_large_image\" \/>\n<meta name=\"twitter:label1\" content=\"Escrito por\" \/>\n\t<meta name=\"twitter:data1\" content=\"Carina Reifonas\" \/>\n\t<meta name=\"twitter:label2\" content=\"Est. tempo de leitura\" \/>\n\t<meta name=\"twitter:data2\" content=\"1 minuto\" \/>\n<script type=\"application\/ld+json\" class=\"yoast-schema-graph\">{\"@context\":\"https:\\\/\\\/schema.org\",\"@graph\":[{\"@type\":\"Article\",\"@id\":\"https:\\\/\\\/redenoticiaz.com.br\\\/litoralsp\\\/2025\\\/11\\\/27\\\/tragedia-em-hong-kong-incendio-ja-deixa-ao-menos-55-mortos#article\",\"isPartOf\":{\"@id\":\"https:\\\/\\\/redenoticiaz.com.br\\\/litoralsp\\\/2025\\\/11\\\/27\\\/tragedia-em-hong-kong-incendio-ja-deixa-ao-menos-55-mortos\"},\"author\":{\"name\":\"Carina Reifonas\",\"@id\":\"https:\\\/\\\/redenoticiaz.com.br\\\/litoralsp\\\/#\\\/schema\\\/person\\\/1f84d6e94e6a62d2d81199d7503e9e90\"},\"headline\":\"Trag\u00e9dia em Hong Kong: inc\u00eandio j\u00e1 deixa ao menos 55 mortos\",\"datePublished\":\"2025-11-27T12:35:52+00:00\",\"dateModified\":\"2025-11-27T12:37:16+00:00\",\"mainEntityOfPage\":{\"@id\":\"https:\\\/\\\/redenoticiaz.com.br\\\/litoralsp\\\/2025\\\/11\\\/27\\\/tragedia-em-hong-kong-incendio-ja-deixa-ao-menos-55-mortos\"},\"wordCount\":194,\"commentCount\":0,\"publisher\":{\"@id\":\"https:\\\/\\\/redenoticiaz.com.br\\\/litoralsp\\\/#organization\"},\"image\":{\"@id\":\"https:\\\/\\\/redenoticiaz.com.br\\\/litoralsp\\\/2025\\\/11\\\/27\\\/tragedia-em-hong-kong-incendio-ja-deixa-ao-menos-55-mortos#primaryimage\"},\"thumbnailUrl\":\"https:\\\/\\\/redenoticiaz.com.br\\\/litoralsp\\\/wp-content\\\/uploads\\\/sites\\\/3\\\/2025\\\/11\\\/Captura-de-tela-2025-11-27-092946.jpg?v=1764246888\",\"keywords\":[\"Hong Kong\",\"inc\u00eandio\",\"MORTOS\"],\"articleSection\":[\"Mundo\"],\"inLanguage\":\"pt-BR\",\"potentialAction\":[{\"@type\":\"CommentAction\",\"name\":\"Comment\",\"target\":[\"https:\\\/\\\/redenoticiaz.com.br\\\/litoralsp\\\/2025\\\/11\\\/27\\\/tragedia-em-hong-kong-incendio-ja-deixa-ao-menos-55-mortos#respond\"]}]},{\"@type\":\"WebPage\",\"@id\":\"https:\\\/\\\/redenoticiaz.com.br\\\/litoralsp\\\/2025\\\/11\\\/27\\\/tragedia-em-hong-kong-incendio-ja-deixa-ao-menos-55-mortos\",\"url\":\"https:\\\/\\\/redenoticiaz.com.br\\\/litoralsp\\\/2025\\\/11\\\/27\\\/tragedia-em-hong-kong-incendio-ja-deixa-ao-menos-55-mortos\",\"name\":\"Trag\u00e9dia em Hong Kong: inc\u00eandio j\u00e1 deixa ao menos 55 mortos - Litoral SP\",\"isPartOf\":{\"@id\":\"https:\\\/\\\/redenoticiaz.com.br\\\/litoralsp\\\/#website\"},\"primaryImageOfPage\":{\"@id\":\"https:\\\/\\\/redenoticiaz.com.br\\\/litoralsp\\\/2025\\\/11\\\/27\\\/tragedia-em-hong-kong-incendio-ja-deixa-ao-menos-55-mortos#primaryimage\"},\"image\":{\"@id\":\"https:\\\/\\\/redenoticiaz.com.br\\\/litoralsp\\\/2025\\\/11\\\/27\\\/tragedia-em-hong-kong-incendio-ja-deixa-ao-menos-55-mortos#primaryimage\"},\"thumbnailUrl\":\"https:\\\/\\\/redenoticiaz.com.br\\\/litoralsp\\\/wp-content\\\/uploads\\\/sites\\\/3\\\/2025\\\/11\\\/Captura-de-tela-2025-11-27-092946.jpg?v=1764246888\",\"datePublished\":\"2025-11-27T12:35:52+00:00\",\"dateModified\":\"2025-11-27T12:37:16+00:00\",\"description\":\"O n\u00famero de mortos no inc\u00eandio que atingiu um conjunto de pr\u00e9dios residenciais em Hong Kong subiu para ao menos 55, segundo atualiza\u00e7\u00e3o do Corpo de Bombeiros\",\"inLanguage\":\"pt-BR\",\"potentialAction\":[{\"@type\":\"ReadAction\",\"target\":[\"https:\\\/\\\/redenoticiaz.com.br\\\/litoralsp\\\/2025\\\/11\\\/27\\\/tragedia-em-hong-kong-incendio-ja-deixa-ao-menos-55-mortos\"]}]},{\"@type\":\"ImageObject\",\"inLanguage\":\"pt-BR\",\"@id\":\"https:\\\/\\\/redenoticiaz.com.br\\\/litoralsp\\\/2025\\\/11\\\/27\\\/tragedia-em-hong-kong-incendio-ja-deixa-ao-menos-55-mortos#primaryimage\",\"url\":\"https:\\\/\\\/redenoticiaz.com.br\\\/litoralsp\\\/wp-content\\\/uploads\\\/sites\\\/3\\\/2025\\\/11\\\/Captura-de-tela-2025-11-27-092946.jpg?v=1764246888\",\"contentUrl\":\"https:\\\/\\\/redenoticiaz.com.br\\\/litoralsp\\\/wp-content\\\/uploads\\\/sites\\\/3\\\/2025\\\/11\\\/Captura-de-tela-2025-11-27-092946.jpg?v=1764246888\",\"width\":769,\"height\":424,\"caption\":\"Inc\u00eandio em complexo residencial em Hong Kong \u2014 Foto:Reprodu\u00e7\u00e3o\\\/Reuters\"},{\"@type\":\"WebSite\",\"@id\":\"https:\\\/\\\/redenoticiaz.com.br\\\/litoralsp\\\/#website\",\"url\":\"https:\\\/\\\/redenoticiaz.com.br\\\/litoralsp\\\/\",\"name\":\"Litoral SP\",\"description\":\"Rede NoticiaZ\",\"publisher\":{\"@id\":\"https:\\\/\\\/redenoticiaz.com.br\\\/litoralsp\\\/#organization\"},\"potentialAction\":[{\"@type\":\"SearchAction\",\"target\":{\"@type\":\"EntryPoint\",\"urlTemplate\":\"https:\\\/\\\/redenoticiaz.com.br\\\/litoralsp\\\/?s={search_term_string}\"},\"query-input\":{\"@type\":\"PropertyValueSpecification\",\"valueRequired\":true,\"valueName\":\"search_term_string\"}}],\"inLanguage\":\"pt-BR\"},{\"@type\":\"Organization\",\"@id\":\"https:\\\/\\\/redenoticiaz.com.br\\\/litoralsp\\\/#organization\",\"name\":\"Litoral SP\",\"url\":\"https:\\\/\\\/redenoticiaz.com.br\\\/litoralsp\\\/\",\"logo\":{\"@type\":\"ImageObject\",\"inLanguage\":\"pt-BR\",\"@id\":\"https:\\\/\\\/redenoticiaz.com.br\\\/litoralsp\\\/#\\\/schema\\\/logo\\\/image\\\/\",\"url\":\"https:\\\/\\\/redenoticiaz.com.br\\\/litoralsp\\\/wp-content\\\/uploads\\\/sites\\\/3\\\/2020\\\/11\\\/logo.jpg\",\"contentUrl\":\"https:\\\/\\\/redenoticiaz.com.br\\\/litoralsp\\\/wp-content\\\/uploads\\\/sites\\\/3\\\/2020\\\/11\\\/logo.jpg\",\"width\":400,\"height\":250,\"caption\":\"Litoral SP\"},\"image\":{\"@id\":\"https:\\\/\\\/redenoticiaz.com.br\\\/litoralsp\\\/#\\\/schema\\\/logo\\\/image\\\/\"}},{\"@type\":\"Person\",\"@id\":\"https:\\\/\\\/redenoticiaz.com.br\\\/litoralsp\\\/#\\\/schema\\\/person\\\/1f84d6e94e6a62d2d81199d7503e9e90\",\"name\":\"Carina Reifonas\",\"image\":{\"@type\":\"ImageObject\",\"inLanguage\":\"pt-BR\",\"@id\":\"https:\\\/\\\/secure.gravatar.com\\\/avatar\\\/04c59859b23696cf867715880f81d5c037e60109730bdb4e6670ec2a2245bc97?s=96&d=mm&r=g\",\"url\":\"https:\\\/\\\/secure.gravatar.com\\\/avatar\\\/04c59859b23696cf867715880f81d5c037e60109730bdb4e6670ec2a2245bc97?s=96&d=mm&r=g\",\"contentUrl\":\"https:\\\/\\\/secure.gravatar.com\\\/avatar\\\/04c59859b23696cf867715880f81d5c037e60109730bdb4e6670ec2a2245bc97?s=96&d=mm&r=g\",\"caption\":\"Carina Reifonas\"},\"url\":\"https:\\\/\\\/redenoticiaz.com.br\\\/litoralsp\\\/author\\\/carinareifonas\"}]}<\/script>\n<!-- \/ Yoast SEO plugin. -->","yoast_head_json":{"title":"Trag\u00e9dia em Hong Kong: inc\u00eandio j\u00e1 deixa ao menos 55 mortos - Litoral SP","description":"O n\u00famero de mortos no inc\u00eandio que atingiu um conjunto de pr\u00e9dios residenciais em Hong Kong subiu para ao menos 55, segundo atualiza\u00e7\u00e3o do Corpo de Bombeiros","robots":{"index":"index","follow":"follow","max-snippet":"max-snippet:-1","max-image-preview":"max-image-preview:large","max-video-preview":"max-video-preview:-1"},"canonical":"https:\/\/redenoticiaz.com.br\/litoralsp\/2025\/11\/27\/tragedia-em-hong-kong-incendio-ja-deixa-ao-menos-55-mortos","og_locale":"pt_BR","og_type":"article","og_title":"Trag\u00e9dia em Hong Kong: inc\u00eandio j\u00e1 deixa ao menos 55 mortos - Litoral SP","og_description":"O n\u00famero de mortos no inc\u00eandio que atingiu um conjunto de pr\u00e9dios residenciais em Hong Kong subiu para ao menos 55, segundo atualiza\u00e7\u00e3o do Corpo de Bombeiros","og_url":"https:\/\/redenoticiaz.com.br\/litoralsp\/2025\/11\/27\/tragedia-em-hong-kong-incendio-ja-deixa-ao-menos-55-mortos","og_site_name":"Litoral SP","article_published_time":"2025-11-27T12:35:52+00:00","article_modified_time":"2025-11-27T12:37:16+00:00","og_image":[{"width":769,"height":424,"url":"https:\/\/redenoticiaz.com.br\/litoralsp\/wp-content\/uploads\/sites\/3\/2025\/11\/Captura-de-tela-2025-11-27-092946.jpg?v=1764246888","type":"image\/jpeg"}],"author":"Carina Reifonas","twitter_card":"summary_large_image","twitter_misc":{"Escrito por":"Carina Reifonas","Est. tempo de leitura":"1 minuto"},"schema":{"@context":"https:\/\/schema.org","@graph":[{"@type":"Article","@id":"https:\/\/redenoticiaz.com.br\/litoralsp\/2025\/11\/27\/tragedia-em-hong-kong-incendio-ja-deixa-ao-menos-55-mortos#article","isPartOf":{"@id":"https:\/\/redenoticiaz.com.br\/litoralsp\/2025\/11\/27\/tragedia-em-hong-kong-incendio-ja-deixa-ao-menos-55-mortos"},"author":{"name":"Carina Reifonas","@id":"https:\/\/redenoticiaz.com.br\/litoralsp\/#\/schema\/person\/1f84d6e94e6a62d2d81199d7503e9e90"},"headline":"Trag\u00e9dia em Hong Kong: inc\u00eandio j\u00e1 deixa ao menos 55 mortos","datePublished":"2025-11-27T12:35:52+00:00","dateModified":"2025-11-27T12:37:16+00:00","mainEntityOfPage":{"@id":"https:\/\/redenoticiaz.com.br\/litoralsp\/2025\/11\/27\/tragedia-em-hong-kong-incendio-ja-deixa-ao-menos-55-mortos"},"wordCount":194,"commentCount":0,"publisher":{"@id":"https:\/\/redenoticiaz.com.br\/litoralsp\/#organization"},"image":{"@id":"https:\/\/redenoticiaz.com.br\/litoralsp\/2025\/11\/27\/tragedia-em-hong-kong-incendio-ja-deixa-ao-menos-55-mortos#primaryimage"},"thumbnailUrl":"https:\/\/redenoticiaz.com.br\/litoralsp\/wp-content\/uploads\/sites\/3\/2025\/11\/Captura-de-tela-2025-11-27-092946.jpg?v=1764246888","keywords":["Hong Kong","inc\u00eandio","MORTOS"],"articleSection":["Mundo"],"inLanguage":"pt-BR","potentialAction":[{"@type":"CommentAction","name":"Comment","target":["https:\/\/redenoticiaz.com.br\/litoralsp\/2025\/11\/27\/tragedia-em-hong-kong-incendio-ja-deixa-ao-menos-55-mortos#respond"]}]},{"@type":"WebPage","@id":"https:\/\/redenoticiaz.com.br\/litoralsp\/2025\/11\/27\/tragedia-em-hong-kong-incendio-ja-deixa-ao-menos-55-mortos","url":"https:\/\/redenoticiaz.com.br\/litoralsp\/2025\/11\/27\/tragedia-em-hong-kong-incendio-ja-deixa-ao-menos-55-mortos","name":"Trag\u00e9dia em Hong Kong: inc\u00eandio j\u00e1 deixa ao menos 55 mortos - Litoral SP","isPartOf":{"@id":"https:\/\/redenoticiaz.com.br\/litoralsp\/#website"},"primaryImageOfPage":{"@id":"https:\/\/redenoticiaz.com.br\/litoralsp\/2025\/11\/27\/tragedia-em-hong-kong-incendio-ja-deixa-ao-menos-55-mortos#primaryimage"},"image":{"@id":"https:\/\/redenoticiaz.com.br\/litoralsp\/2025\/11\/27\/tragedia-em-hong-kong-incendio-ja-deixa-ao-menos-55-mortos#primaryimage"},"thumbnailUrl":"https:\/\/redenoticiaz.com.br\/litoralsp\/wp-content\/uploads\/sites\/3\/2025\/11\/Captura-de-tela-2025-11-27-092946.jpg?v=1764246888","datePublished":"2025-11-27T12:35:52+00:00","dateModified":"2025-11-27T12:37:16+00:00","description":"O n\u00famero de mortos no inc\u00eandio que atingiu um conjunto de pr\u00e9dios residenciais em Hong Kong subiu para ao menos 55, segundo atualiza\u00e7\u00e3o do Corpo de Bombeiros","inLanguage":"pt-BR","potentialAction":[{"@type":"ReadAction","target":["https:\/\/redenoticiaz.com.br\/litoralsp\/2025\/11\/27\/tragedia-em-hong-kong-incendio-ja-deixa-ao-menos-55-mortos"]}]},{"@type":"ImageObject","inLanguage":"pt-BR","@id":"https:\/\/redenoticiaz.com.br\/litoralsp\/2025\/11\/27\/tragedia-em-hong-kong-incendio-ja-deixa-ao-menos-55-mortos#primaryimage","url":"https:\/\/redenoticiaz.com.br\/litoralsp\/wp-content\/uploads\/sites\/3\/2025\/11\/Captura-de-tela-2025-11-27-092946.jpg?v=1764246888","contentUrl":"https:\/\/redenoticiaz.com.br\/litoralsp\/wp-content\/uploads\/sites\/3\/2025\/11\/Captura-de-tela-2025-11-27-092946.jpg?v=1764246888","width":769,"height":424,"caption":"Inc\u00eandio em complexo residencial em Hong Kong \u2014 Foto:Reprodu\u00e7\u00e3o\/Reuters"},{"@type":"WebSite","@id":"https:\/\/redenoticiaz.com.br\/litoralsp\/#website","url":"https:\/\/redenoticiaz.com.br\/litoralsp\/","name":"Litoral SP","description":"Rede NoticiaZ","publisher":{"@id":"https:\/\/redenoticiaz.com.br\/litoralsp\/#organization"},"potentialAction":[{"@type":"SearchAction","target":{"@type":"EntryPoint","urlTemplate":"https:\/\/redenoticiaz.com.br\/litoralsp\/?s={search_term_string}"},"query-input":{"@type":"PropertyValueSpecification","valueRequired":true,"valueName":"search_term_string"}}],"inLanguage":"pt-BR"},{"@type":"Organization","@id":"https:\/\/redenoticiaz.com.br\/litoralsp\/#organization","name":"Litoral SP","url":"https:\/\/redenoticiaz.com.br\/litoralsp\/","logo":{"@type":"ImageObject","inLanguage":"pt-BR","@id":"https:\/\/redenoticiaz.com.br\/litoralsp\/#\/schema\/logo\/image\/","url":"https:\/\/redenoticiaz.com.br\/litoralsp\/wp-content\/uploads\/sites\/3\/2020\/11\/logo.jpg","contentUrl":"https:\/\/redenoticiaz.com.br\/litoralsp\/wp-content\/uploads\/sites\/3\/2020\/11\/logo.jpg","width":400,"height":250,"caption":"Litoral SP"},"image":{"@id":"https:\/\/redenoticiaz.com.br\/litoralsp\/#\/schema\/logo\/image\/"}},{"@type":"Person","@id":"https:\/\/redenoticiaz.com.br\/litoralsp\/#\/schema\/person\/1f84d6e94e6a62d2d81199d7503e9e90","name":"Carina Reifonas","image":{"@type":"ImageObject","inLanguage":"pt-BR","@id":"https:\/\/secure.gravatar.com\/avatar\/04c59859b23696cf867715880f81d5c037e60109730bdb4e6670ec2a2245bc97?s=96&d=mm&r=g","url":"https:\/\/secure.gravatar.com\/avatar\/04c59859b23696cf867715880f81d5c037e60109730bdb4e6670ec2a2245bc97?s=96&d=mm&r=g","contentUrl":"https:\/\/secure.gravatar.com\/avatar\/04c59859b23696cf867715880f81d5c037e60109730bdb4e6670ec2a2245bc97?s=96&d=mm&r=g","caption":"Carina Reifonas"},"url":"https:\/\/redenoticiaz.com.br\/litoralsp\/author\/carinareifonas"}]}},"_links":{"self":[{"href":"https:\/\/redenoticiaz.com.br\/litoralsp\/wp-json\/wp\/v2\/posts\/121055","targetHints":{"allow":["GET"]}}],"collection":[{"href":"https:\/\/redenoticiaz.com.br\/litoralsp\/wp-json\/wp\/v2\/posts"}],"about":[{"href":"https:\/\/redenoticiaz.com.br\/litoralsp\/wp-json\/wp\/v2\/types\/post"}],"author":[{"embeddable":true,"href":"https:\/\/redenoticiaz.com.br\/litoralsp\/wp-json\/wp\/v2\/users\/30"}],"replies":[{"embeddable":true,"href":"https:\/\/redenoticiaz.com.br\/litoralsp\/wp-json\/wp\/v2\/comments?post=121055"}],"version-history":[{"count":1,"href":"https:\/\/redenoticiaz.com.br\/litoralsp\/wp-json\/wp\/v2\/posts\/121055\/revisions"}],"predecessor-version":[{"id":121057,"href":"https:\/\/redenoticiaz.com.br\/litoralsp\/wp-json\/wp\/v2\/posts\/121055\/revisions\/121057"}],"wp:featuredmedia":[{"embeddable":true,"href":"https:\/\/redenoticiaz.com.br\/litoralsp\/wp-json\/wp\/v2\/media\/121056"}],"wp:attachment":[{"href":"https:\/\/redenoticiaz.com.br\/litoralsp\/wp-json\/wp\/v2\/media?parent=121055"}],"wp:term":[{"taxonomy":"category","embeddable":true,"href":"https:\/\/redenoticiaz.com.br\/litoralsp\/wp-json\/wp\/v2\/categories?post=121055"},{"taxonomy":"post_tag","embeddable":true,"href":"https:\/\/redenoticiaz.com.br\/litoralsp\/wp-json\/wp\/v2\/tags?post=121055"}],"curies":[{"name":"wp","href":"https:\/\/api.w.org\/{rel}","templated":true}]}}