{"id":121093,"date":"2025-12-04T13:27:08","date_gmt":"2025-12-04T16:27:08","guid":{"rendered":"https:\/\/redenoticiaz.com.br\/litoralsp\/2025\/12\/04\/gol-decisivo-no-maracana-garante-ao-flamengo-mais-um-titulo-brasileiro"},"modified":"2025-12-04T13:27:08","modified_gmt":"2025-12-04T16:27:08","slug":"gol-decisivo-no-maracana-garante-ao-flamengo-mais-um-titulo-brasileiro","status":"publish","type":"post","link":"https:\/\/redenoticiaz.com.br\/litoralsp\/2025\/12\/04\/gol-decisivo-no-maracana-garante-ao-flamengo-mais-um-titulo-brasileiro","title":{"rendered":"Gol decisivo no Maracan\u00e3 garante ao Flamengo mais um t\u00edtulo brasileiro"},"content":{"rendered":"<p>O Flamengo \u00e9 o campe\u00e3o do Campeonato Brasileiro. O t\u00edtulo foi confirmado na noite desta quarta-feira, no Maracan\u00e3, com a vit\u00f3ria por 1 a 0 sobre o Cear\u00e1, pela 37\u00aa rodada da competi\u00e7\u00e3o.<\/p>\n<p>O gol da conquista foi marcado por Samuel Lino, aos 25 anos, em sua quarta vez balan\u00e7ando as redes com a camisa rubro-negra nesta temporada. Contratado em julho, o atacante \u00e9 o refor\u00e7o mais caro da hist\u00f3ria do clube.<\/p>\n<p>Com a ta\u00e7a, o Flamengo chega ao seu oitavo t\u00edtulo brasileiro. A equipe encerra sua participa\u00e7\u00e3o no campeonato no pr\u00f3ximo domingo (7), \u00e0s 16h, fora de casa, contra o Mirassol, no est\u00e1dio Jos\u00e9 Maria de Campos Maia.<\/p>\n<p>LEIA MAIS<\/p>\n<p><a href=\"https:\/\/redenoticiaz.com.br\/blog\/2025\/12\/04\/loggi-abre-vagas-para-auxiliar-de-logistica\" target=\"_blank\" rel=\"noopener\">Loggi abre vagas para Auxiliar de Log\u00edstica<\/a><\/p>\n<p><a href=\"https:\/\/redenoticiaz.com.br\/blog\/2025\/12\/04\/engavetamento-com-cinco-veiculos-trava-o-rodoanel-e-gera-12-km-de-lentidao\" target=\"_blank\" rel=\"noopener\">Engavetamento com cinco ve\u00edculos trava o Rodoanel e gera 12 Km de lentid\u00e3o<\/a><\/p>\n<p>&nbsp;<\/p>\n<p>&nbsp;<\/p>\n","protected":false},"excerpt":{"rendered":"<p>O Flamengo \u00e9 o campe\u00e3o do Campeonato Brasileiro. O t\u00edtulo foi confirmado na noite desta quarta-feira, no Maracan\u00e3, com a vit\u00f3ria por 1 a 0 sobre o Cear\u00e1, pela 37\u00aa rodada da competi\u00e7\u00e3o. O gol da conquista foi marcado por Samuel Lino, aos 25 anos, em sua quarta vez balan\u00e7ando as redes com a camisa &hellip;<\/p>\n","protected":false},"author":30,"featured_media":121094,"comment_status":"open","ping_status":"closed","sticky":false,"template":"","format":"standard","meta":{"footnotes":""},"categories":[35],"tags":[3088,63,47969],"class_list":["post-121093","post","type-post","status-publish","format-standard","has-post-thumbnail","hentry","category-esporte","tag-campeonato-brasileiro","tag-flamengo","tag-gol"],"yoast_head":"<!-- This site is optimized with the Yoast SEO plugin v27.4 - https:\/\/yoast.com\/product\/yoast-seo-wordpress\/ -->\n<title>Gol decisivo no Maracan\u00e3 garante ao Flamengo mais um t\u00edtulo brasileiro - Litoral SP<\/title>\n<meta name=\"description\" content=\"O Flamengo \u00e9 o campe\u00e3o do Campeonato Brasileiro. O t\u00edtulo foi confirmado na noite desta quarta-feira, no Maracan\u00e3\" \/>\n<meta name=\"robots\" content=\"index, follow, max-snippet:-1, max-image-preview:large, max-video-preview:-1\" \/>\n<link rel=\"canonical\" href=\"https:\/\/redenoticiaz.com.br\/litoralsp\/2025\/12\/04\/gol-decisivo-no-maracana-garante-ao-flamengo-mais-um-titulo-brasileiro\" \/>\n<meta property=\"og:locale\" content=\"pt_BR\" \/>\n<meta property=\"og:type\" content=\"article\" \/>\n<meta property=\"og:title\" content=\"Gol decisivo no Maracan\u00e3 garante ao Flamengo mais um t\u00edtulo brasileiro - Litoral SP\" \/>\n<meta property=\"og:description\" content=\"O Flamengo \u00e9 o campe\u00e3o do Campeonato Brasileiro. O t\u00edtulo foi confirmado na noite desta quarta-feira, no Maracan\u00e3\" \/>\n<meta property=\"og:url\" content=\"https:\/\/redenoticiaz.com.br\/litoralsp\/2025\/12\/04\/gol-decisivo-no-maracana-garante-ao-flamengo-mais-um-titulo-brasileiro\" \/>\n<meta property=\"og:site_name\" content=\"Litoral SP\" \/>\n<meta property=\"article:published_time\" content=\"2025-12-04T16:27:08+00:00\" \/>\n<meta property=\"og:image\" content=\"https:\/\/redenoticiaz.com.br\/litoralsp\/wp-content\/uploads\/sites\/3\/2025\/12\/Captura-de-tela-2025-12-04-122629.jpg?v=1764862007\" \/>\n\t<meta property=\"og:image:width\" content=\"612\" \/>\n\t<meta property=\"og:image:height\" content=\"405\" \/>\n\t<meta property=\"og:image:type\" content=\"image\/jpeg\" \/>\n<meta name=\"author\" content=\"Carina Reifonas\" \/>\n<meta name=\"twitter:card\" content=\"summary_large_image\" \/>\n<meta name=\"twitter:label1\" content=\"Escrito por\" \/>\n\t<meta name=\"twitter:data1\" content=\"Carina Reifonas\" \/>\n\t<meta name=\"twitter:label2\" content=\"Est. tempo de leitura\" \/>\n\t<meta name=\"twitter:data2\" content=\"1 minuto\" \/>\n<script type=\"application\/ld+json\" class=\"yoast-schema-graph\">{\"@context\":\"https:\\\/\\\/schema.org\",\"@graph\":[{\"@type\":\"Article\",\"@id\":\"https:\\\/\\\/redenoticiaz.com.br\\\/litoralsp\\\/2025\\\/12\\\/04\\\/gol-decisivo-no-maracana-garante-ao-flamengo-mais-um-titulo-brasileiro#article\",\"isPartOf\":{\"@id\":\"https:\\\/\\\/redenoticiaz.com.br\\\/litoralsp\\\/2025\\\/12\\\/04\\\/gol-decisivo-no-maracana-garante-ao-flamengo-mais-um-titulo-brasileiro\"},\"author\":{\"name\":\"Carina Reifonas\",\"@id\":\"https:\\\/\\\/redenoticiaz.com.br\\\/litoralsp\\\/#\\\/schema\\\/person\\\/1f84d6e94e6a62d2d81199d7503e9e90\"},\"headline\":\"Gol decisivo no Maracan\u00e3 garante ao Flamengo mais um t\u00edtulo brasileiro\",\"datePublished\":\"2025-12-04T16:27:08+00:00\",\"mainEntityOfPage\":{\"@id\":\"https:\\\/\\\/redenoticiaz.com.br\\\/litoralsp\\\/2025\\\/12\\\/04\\\/gol-decisivo-no-maracana-garante-ao-flamengo-mais-um-titulo-brasileiro\"},\"wordCount\":152,\"commentCount\":0,\"publisher\":{\"@id\":\"https:\\\/\\\/redenoticiaz.com.br\\\/litoralsp\\\/#organization\"},\"image\":{\"@id\":\"https:\\\/\\\/redenoticiaz.com.br\\\/litoralsp\\\/2025\\\/12\\\/04\\\/gol-decisivo-no-maracana-garante-ao-flamengo-mais-um-titulo-brasileiro#primaryimage\"},\"thumbnailUrl\":\"https:\\\/\\\/redenoticiaz.com.br\\\/litoralsp\\\/wp-content\\\/uploads\\\/sites\\\/3\\\/2025\\\/12\\\/Captura-de-tela-2025-12-04-122629.jpg?v=1764862007\",\"keywords\":[\"CAMPEONATO BRASILEIRO\",\"FLAMENGO\",\"GOL\"],\"articleSection\":[\"Esporte\"],\"inLanguage\":\"pt-BR\",\"potentialAction\":[{\"@type\":\"CommentAction\",\"name\":\"Comment\",\"target\":[\"https:\\\/\\\/redenoticiaz.com.br\\\/litoralsp\\\/2025\\\/12\\\/04\\\/gol-decisivo-no-maracana-garante-ao-flamengo-mais-um-titulo-brasileiro#respond\"]}]},{\"@type\":\"WebPage\",\"@id\":\"https:\\\/\\\/redenoticiaz.com.br\\\/litoralsp\\\/2025\\\/12\\\/04\\\/gol-decisivo-no-maracana-garante-ao-flamengo-mais-um-titulo-brasileiro\",\"url\":\"https:\\\/\\\/redenoticiaz.com.br\\\/litoralsp\\\/2025\\\/12\\\/04\\\/gol-decisivo-no-maracana-garante-ao-flamengo-mais-um-titulo-brasileiro\",\"name\":\"Gol decisivo no Maracan\u00e3 garante ao Flamengo mais um t\u00edtulo brasileiro - Litoral SP\",\"isPartOf\":{\"@id\":\"https:\\\/\\\/redenoticiaz.com.br\\\/litoralsp\\\/#website\"},\"primaryImageOfPage\":{\"@id\":\"https:\\\/\\\/redenoticiaz.com.br\\\/litoralsp\\\/2025\\\/12\\\/04\\\/gol-decisivo-no-maracana-garante-ao-flamengo-mais-um-titulo-brasileiro#primaryimage\"},\"image\":{\"@id\":\"https:\\\/\\\/redenoticiaz.com.br\\\/litoralsp\\\/2025\\\/12\\\/04\\\/gol-decisivo-no-maracana-garante-ao-flamengo-mais-um-titulo-brasileiro#primaryimage\"},\"thumbnailUrl\":\"https:\\\/\\\/redenoticiaz.com.br\\\/litoralsp\\\/wp-content\\\/uploads\\\/sites\\\/3\\\/2025\\\/12\\\/Captura-de-tela-2025-12-04-122629.jpg?v=1764862007\",\"datePublished\":\"2025-12-04T16:27:08+00:00\",\"description\":\"O Flamengo \u00e9 o campe\u00e3o do Campeonato Brasileiro. O t\u00edtulo foi confirmado na noite desta quarta-feira, no Maracan\u00e3\",\"inLanguage\":\"pt-BR\",\"potentialAction\":[{\"@type\":\"ReadAction\",\"target\":[\"https:\\\/\\\/redenoticiaz.com.br\\\/litoralsp\\\/2025\\\/12\\\/04\\\/gol-decisivo-no-maracana-garante-ao-flamengo-mais-um-titulo-brasileiro\"]}]},{\"@type\":\"ImageObject\",\"inLanguage\":\"pt-BR\",\"@id\":\"https:\\\/\\\/redenoticiaz.com.br\\\/litoralsp\\\/2025\\\/12\\\/04\\\/gol-decisivo-no-maracana-garante-ao-flamengo-mais-um-titulo-brasileiro#primaryimage\",\"url\":\"https:\\\/\\\/redenoticiaz.com.br\\\/litoralsp\\\/wp-content\\\/uploads\\\/sites\\\/3\\\/2025\\\/12\\\/Captura-de-tela-2025-12-04-122629.jpg?v=1764862007\",\"contentUrl\":\"https:\\\/\\\/redenoticiaz.com.br\\\/litoralsp\\\/wp-content\\\/uploads\\\/sites\\\/3\\\/2025\\\/12\\\/Captura-de-tela-2025-12-04-122629.jpg?v=1764862007\",\"width\":612,\"height\":405,\"caption\":\"Gol decisivo no Maracan\u00e3 garante ao Flamengo mais um t\u00edtulo brasileiro \u2014 Foto: Gilvan de Souza\\\/Flamengo\"},{\"@type\":\"WebSite\",\"@id\":\"https:\\\/\\\/redenoticiaz.com.br\\\/litoralsp\\\/#website\",\"url\":\"https:\\\/\\\/redenoticiaz.com.br\\\/litoralsp\\\/\",\"name\":\"Litoral SP\",\"description\":\"Rede NoticiaZ\",\"publisher\":{\"@id\":\"https:\\\/\\\/redenoticiaz.com.br\\\/litoralsp\\\/#organization\"},\"potentialAction\":[{\"@type\":\"SearchAction\",\"target\":{\"@type\":\"EntryPoint\",\"urlTemplate\":\"https:\\\/\\\/redenoticiaz.com.br\\\/litoralsp\\\/?s={search_term_string}\"},\"query-input\":{\"@type\":\"PropertyValueSpecification\",\"valueRequired\":true,\"valueName\":\"search_term_string\"}}],\"inLanguage\":\"pt-BR\"},{\"@type\":\"Organization\",\"@id\":\"https:\\\/\\\/redenoticiaz.com.br\\\/litoralsp\\\/#organization\",\"name\":\"Litoral SP\",\"url\":\"https:\\\/\\\/redenoticiaz.com.br\\\/litoralsp\\\/\",\"logo\":{\"@type\":\"ImageObject\",\"inLanguage\":\"pt-BR\",\"@id\":\"https:\\\/\\\/redenoticiaz.com.br\\\/litoralsp\\\/#\\\/schema\\\/logo\\\/image\\\/\",\"url\":\"https:\\\/\\\/redenoticiaz.com.br\\\/litoralsp\\\/wp-content\\\/uploads\\\/sites\\\/3\\\/2020\\\/11\\\/logo.jpg\",\"contentUrl\":\"https:\\\/\\\/redenoticiaz.com.br\\\/litoralsp\\\/wp-content\\\/uploads\\\/sites\\\/3\\\/2020\\\/11\\\/logo.jpg\",\"width\":400,\"height\":250,\"caption\":\"Litoral SP\"},\"image\":{\"@id\":\"https:\\\/\\\/redenoticiaz.com.br\\\/litoralsp\\\/#\\\/schema\\\/logo\\\/image\\\/\"}},{\"@type\":\"Person\",\"@id\":\"https:\\\/\\\/redenoticiaz.com.br\\\/litoralsp\\\/#\\\/schema\\\/person\\\/1f84d6e94e6a62d2d81199d7503e9e90\",\"name\":\"Carina Reifonas\",\"image\":{\"@type\":\"ImageObject\",\"inLanguage\":\"pt-BR\",\"@id\":\"https:\\\/\\\/secure.gravatar.com\\\/avatar\\\/04c59859b23696cf867715880f81d5c037e60109730bdb4e6670ec2a2245bc97?s=96&d=mm&r=g\",\"url\":\"https:\\\/\\\/secure.gravatar.com\\\/avatar\\\/04c59859b23696cf867715880f81d5c037e60109730bdb4e6670ec2a2245bc97?s=96&d=mm&r=g\",\"contentUrl\":\"https:\\\/\\\/secure.gravatar.com\\\/avatar\\\/04c59859b23696cf867715880f81d5c037e60109730bdb4e6670ec2a2245bc97?s=96&d=mm&r=g\",\"caption\":\"Carina Reifonas\"},\"url\":\"https:\\\/\\\/redenoticiaz.com.br\\\/litoralsp\\\/author\\\/carinareifonas\"}]}<\/script>\n<!-- \/ Yoast SEO plugin. -->","yoast_head_json":{"title":"Gol decisivo no Maracan\u00e3 garante ao Flamengo mais um t\u00edtulo brasileiro - Litoral SP","description":"O Flamengo \u00e9 o campe\u00e3o do Campeonato Brasileiro. O t\u00edtulo foi confirmado na noite desta quarta-feira, no Maracan\u00e3","robots":{"index":"index","follow":"follow","max-snippet":"max-snippet:-1","max-image-preview":"max-image-preview:large","max-video-preview":"max-video-preview:-1"},"canonical":"https:\/\/redenoticiaz.com.br\/litoralsp\/2025\/12\/04\/gol-decisivo-no-maracana-garante-ao-flamengo-mais-um-titulo-brasileiro","og_locale":"pt_BR","og_type":"article","og_title":"Gol decisivo no Maracan\u00e3 garante ao Flamengo mais um t\u00edtulo brasileiro - Litoral SP","og_description":"O Flamengo \u00e9 o campe\u00e3o do Campeonato Brasileiro. O t\u00edtulo foi confirmado na noite desta quarta-feira, no Maracan\u00e3","og_url":"https:\/\/redenoticiaz.com.br\/litoralsp\/2025\/12\/04\/gol-decisivo-no-maracana-garante-ao-flamengo-mais-um-titulo-brasileiro","og_site_name":"Litoral SP","article_published_time":"2025-12-04T16:27:08+00:00","og_image":[{"width":612,"height":405,"url":"https:\/\/redenoticiaz.com.br\/litoralsp\/wp-content\/uploads\/sites\/3\/2025\/12\/Captura-de-tela-2025-12-04-122629.jpg?v=1764862007","type":"image\/jpeg"}],"author":"Carina Reifonas","twitter_card":"summary_large_image","twitter_misc":{"Escrito por":"Carina Reifonas","Est. tempo de leitura":"1 minuto"},"schema":{"@context":"https:\/\/schema.org","@graph":[{"@type":"Article","@id":"https:\/\/redenoticiaz.com.br\/litoralsp\/2025\/12\/04\/gol-decisivo-no-maracana-garante-ao-flamengo-mais-um-titulo-brasileiro#article","isPartOf":{"@id":"https:\/\/redenoticiaz.com.br\/litoralsp\/2025\/12\/04\/gol-decisivo-no-maracana-garante-ao-flamengo-mais-um-titulo-brasileiro"},"author":{"name":"Carina Reifonas","@id":"https:\/\/redenoticiaz.com.br\/litoralsp\/#\/schema\/person\/1f84d6e94e6a62d2d81199d7503e9e90"},"headline":"Gol decisivo no Maracan\u00e3 garante ao Flamengo mais um t\u00edtulo brasileiro","datePublished":"2025-12-04T16:27:08+00:00","mainEntityOfPage":{"@id":"https:\/\/redenoticiaz.com.br\/litoralsp\/2025\/12\/04\/gol-decisivo-no-maracana-garante-ao-flamengo-mais-um-titulo-brasileiro"},"wordCount":152,"commentCount":0,"publisher":{"@id":"https:\/\/redenoticiaz.com.br\/litoralsp\/#organization"},"image":{"@id":"https:\/\/redenoticiaz.com.br\/litoralsp\/2025\/12\/04\/gol-decisivo-no-maracana-garante-ao-flamengo-mais-um-titulo-brasileiro#primaryimage"},"thumbnailUrl":"https:\/\/redenoticiaz.com.br\/litoralsp\/wp-content\/uploads\/sites\/3\/2025\/12\/Captura-de-tela-2025-12-04-122629.jpg?v=1764862007","keywords":["CAMPEONATO BRASILEIRO","FLAMENGO","GOL"],"articleSection":["Esporte"],"inLanguage":"pt-BR","potentialAction":[{"@type":"CommentAction","name":"Comment","target":["https:\/\/redenoticiaz.com.br\/litoralsp\/2025\/12\/04\/gol-decisivo-no-maracana-garante-ao-flamengo-mais-um-titulo-brasileiro#respond"]}]},{"@type":"WebPage","@id":"https:\/\/redenoticiaz.com.br\/litoralsp\/2025\/12\/04\/gol-decisivo-no-maracana-garante-ao-flamengo-mais-um-titulo-brasileiro","url":"https:\/\/redenoticiaz.com.br\/litoralsp\/2025\/12\/04\/gol-decisivo-no-maracana-garante-ao-flamengo-mais-um-titulo-brasileiro","name":"Gol decisivo no Maracan\u00e3 garante ao Flamengo mais um t\u00edtulo brasileiro - Litoral SP","isPartOf":{"@id":"https:\/\/redenoticiaz.com.br\/litoralsp\/#website"},"primaryImageOfPage":{"@id":"https:\/\/redenoticiaz.com.br\/litoralsp\/2025\/12\/04\/gol-decisivo-no-maracana-garante-ao-flamengo-mais-um-titulo-brasileiro#primaryimage"},"image":{"@id":"https:\/\/redenoticiaz.com.br\/litoralsp\/2025\/12\/04\/gol-decisivo-no-maracana-garante-ao-flamengo-mais-um-titulo-brasileiro#primaryimage"},"thumbnailUrl":"https:\/\/redenoticiaz.com.br\/litoralsp\/wp-content\/uploads\/sites\/3\/2025\/12\/Captura-de-tela-2025-12-04-122629.jpg?v=1764862007","datePublished":"2025-12-04T16:27:08+00:00","description":"O Flamengo \u00e9 o campe\u00e3o do Campeonato Brasileiro. O t\u00edtulo foi confirmado na noite desta quarta-feira, no Maracan\u00e3","inLanguage":"pt-BR","potentialAction":[{"@type":"ReadAction","target":["https:\/\/redenoticiaz.com.br\/litoralsp\/2025\/12\/04\/gol-decisivo-no-maracana-garante-ao-flamengo-mais-um-titulo-brasileiro"]}]},{"@type":"ImageObject","inLanguage":"pt-BR","@id":"https:\/\/redenoticiaz.com.br\/litoralsp\/2025\/12\/04\/gol-decisivo-no-maracana-garante-ao-flamengo-mais-um-titulo-brasileiro#primaryimage","url":"https:\/\/redenoticiaz.com.br\/litoralsp\/wp-content\/uploads\/sites\/3\/2025\/12\/Captura-de-tela-2025-12-04-122629.jpg?v=1764862007","contentUrl":"https:\/\/redenoticiaz.com.br\/litoralsp\/wp-content\/uploads\/sites\/3\/2025\/12\/Captura-de-tela-2025-12-04-122629.jpg?v=1764862007","width":612,"height":405,"caption":"Gol decisivo no Maracan\u00e3 garante ao Flamengo mais um t\u00edtulo brasileiro \u2014 Foto: Gilvan de Souza\/Flamengo"},{"@type":"WebSite","@id":"https:\/\/redenoticiaz.com.br\/litoralsp\/#website","url":"https:\/\/redenoticiaz.com.br\/litoralsp\/","name":"Litoral SP","description":"Rede NoticiaZ","publisher":{"@id":"https:\/\/redenoticiaz.com.br\/litoralsp\/#organization"},"potentialAction":[{"@type":"SearchAction","target":{"@type":"EntryPoint","urlTemplate":"https:\/\/redenoticiaz.com.br\/litoralsp\/?s={search_term_string}"},"query-input":{"@type":"PropertyValueSpecification","valueRequired":true,"valueName":"search_term_string"}}],"inLanguage":"pt-BR"},{"@type":"Organization","@id":"https:\/\/redenoticiaz.com.br\/litoralsp\/#organization","name":"Litoral SP","url":"https:\/\/redenoticiaz.com.br\/litoralsp\/","logo":{"@type":"ImageObject","inLanguage":"pt-BR","@id":"https:\/\/redenoticiaz.com.br\/litoralsp\/#\/schema\/logo\/image\/","url":"https:\/\/redenoticiaz.com.br\/litoralsp\/wp-content\/uploads\/sites\/3\/2020\/11\/logo.jpg","contentUrl":"https:\/\/redenoticiaz.com.br\/litoralsp\/wp-content\/uploads\/sites\/3\/2020\/11\/logo.jpg","width":400,"height":250,"caption":"Litoral SP"},"image":{"@id":"https:\/\/redenoticiaz.com.br\/litoralsp\/#\/schema\/logo\/image\/"}},{"@type":"Person","@id":"https:\/\/redenoticiaz.com.br\/litoralsp\/#\/schema\/person\/1f84d6e94e6a62d2d81199d7503e9e90","name":"Carina Reifonas","image":{"@type":"ImageObject","inLanguage":"pt-BR","@id":"https:\/\/secure.gravatar.com\/avatar\/04c59859b23696cf867715880f81d5c037e60109730bdb4e6670ec2a2245bc97?s=96&d=mm&r=g","url":"https:\/\/secure.gravatar.com\/avatar\/04c59859b23696cf867715880f81d5c037e60109730bdb4e6670ec2a2245bc97?s=96&d=mm&r=g","contentUrl":"https:\/\/secure.gravatar.com\/avatar\/04c59859b23696cf867715880f81d5c037e60109730bdb4e6670ec2a2245bc97?s=96&d=mm&r=g","caption":"Carina Reifonas"},"url":"https:\/\/redenoticiaz.com.br\/litoralsp\/author\/carinareifonas"}]}},"_links":{"self":[{"href":"https:\/\/redenoticiaz.com.br\/litoralsp\/wp-json\/wp\/v2\/posts\/121093","targetHints":{"allow":["GET"]}}],"collection":[{"href":"https:\/\/redenoticiaz.com.br\/litoralsp\/wp-json\/wp\/v2\/posts"}],"about":[{"href":"https:\/\/redenoticiaz.com.br\/litoralsp\/wp-json\/wp\/v2\/types\/post"}],"author":[{"embeddable":true,"href":"https:\/\/redenoticiaz.com.br\/litoralsp\/wp-json\/wp\/v2\/users\/30"}],"replies":[{"embeddable":true,"href":"https:\/\/redenoticiaz.com.br\/litoralsp\/wp-json\/wp\/v2\/comments?post=121093"}],"version-history":[{"count":0,"href":"https:\/\/redenoticiaz.com.br\/litoralsp\/wp-json\/wp\/v2\/posts\/121093\/revisions"}],"wp:featuredmedia":[{"embeddable":true,"href":"https:\/\/redenoticiaz.com.br\/litoralsp\/wp-json\/wp\/v2\/media\/121094"}],"wp:attachment":[{"href":"https:\/\/redenoticiaz.com.br\/litoralsp\/wp-json\/wp\/v2\/media?parent=121093"}],"wp:term":[{"taxonomy":"category","embeddable":true,"href":"https:\/\/redenoticiaz.com.br\/litoralsp\/wp-json\/wp\/v2\/categories?post=121093"},{"taxonomy":"post_tag","embeddable":true,"href":"https:\/\/redenoticiaz.com.br\/litoralsp\/wp-json\/wp\/v2\/tags?post=121093"}],"curies":[{"name":"wp","href":"https:\/\/api.w.org\/{rel}","templated":true}]}}