{"id":121095,"date":"2025-12-06T13:00:34","date_gmt":"2025-12-06T16:00:34","guid":{"rendered":"https:\/\/redenoticiaz.com.br\/litoralsp\/?p=121095"},"modified":"2025-12-04T13:29:57","modified_gmt":"2025-12-04T16:29:57","slug":"justica-da-argentina-autoriza-extradicao-de-cinco-condenados-pelos-atos-de-8-de-janeiro","status":"publish","type":"post","link":"https:\/\/redenoticiaz.com.br\/litoralsp\/2025\/12\/06\/justica-da-argentina-autoriza-extradicao-de-cinco-condenados-pelos-atos-de-8-de-janeiro","title":{"rendered":"Justi\u00e7a da Argentina autoriza extradi\u00e7\u00e3o de cinco condenados pelos atos de 8 de janeiro"},"content":{"rendered":"<p>A Justi\u00e7a da Argentina autorizou nesta quarta-feira (3) a extradi\u00e7\u00e3o de cinco brasileiros condenados pelos ataques \u00e0s sedes dos Tr\u00eas Poderes, em Bras\u00edlia, em 8 de janeiro de 2023. A decis\u00e3o foi assinada pelo juiz Daniel Rafecas, do Tribunal Federal Criminal n\u00ba 3.<\/p>\n<p>Os extraditados s\u00e3o Joelton Gusm\u00e3o de Oliveira, Rodrigo de Freitas Moro Ramalho, Joel Borges Correa, Wellington Luiz Firmino e Ana Paula de Souza, presos no pa\u00eds no fim do ano passado ap\u00f3s pedido do ministro Alexandre de Moraes, do Supremo Tribunal Federal (STF). No Brasil, eles foram condenados a penas que variam entre 13 e 17 anos de pris\u00e3o.<\/p>\n<p>Durante a audi\u00eancia, realizada em Buenos Aires, os r\u00e9us compareceram escoltados e algemados, com direito a tradu\u00e7\u00e3o simult\u00e2nea. A defesa informou que ir\u00e1 recorrer da decis\u00e3o \u00e0 Suprema Corte argentina.<\/p>\n<p>Apesar da autoriza\u00e7\u00e3o judicial, a extradi\u00e7\u00e3o ainda depende de manifesta\u00e7\u00e3o da Comiss\u00e3o Nacional para os Refugiados (Conare) e da decis\u00e3o final do presidente Javier Milei, j\u00e1 que os condenados haviam solicitado ref\u00fagio ao chegar \u00e0 Argentina.<\/p>\n<p>O julgamento de extradi\u00e7\u00e3o havia sido adiado tr\u00eas vezes antes da decis\u00e3o desta quarta-feira.<\/p>\n<p>LEIA MAIS<\/p>\n<p><a href=\"https:\/\/redenoticiaz.com.br\/blog\/2025\/12\/04\/varzea-paulista-desafia-recorde-mundial-e-projeta-o-maior-panetone-do-mundo-com-350-kg\" target=\"_blank\" rel=\"noopener\">V\u00e1rzea Paulista desafia recorde mundial e projeta o maior panetone do mundo com 350 kg<\/a><\/p>\n<p><a href=\"https:\/\/redenoticiaz.com.br\/blog\/2025\/12\/04\/gol-decisivo-no-maracana-garante-ao-flamengo-mais-um-titulo-brasileiro\" target=\"_blank\" rel=\"noopener\">Gol decisivo no Maracan\u00e3 garante ao Flamengo mais um t\u00edtulo brasileiro<\/a><\/p>\n<p>&nbsp;<\/p>\n<p>&nbsp;<\/p>\n<p>&nbsp;<\/p>\n","protected":false},"excerpt":{"rendered":"<p>A Justi\u00e7a da Argentina autorizou nesta quarta-feira (3) a extradi\u00e7\u00e3o de cinco brasileiros condenados pelos ataques \u00e0s sedes dos Tr\u00eas Poderes, em Bras\u00edlia, em 8 de janeiro de 2023. A decis\u00e3o foi assinada pelo juiz Daniel Rafecas, do Tribunal Federal Criminal n\u00ba 3. Os extraditados s\u00e3o Joelton Gusm\u00e3o de Oliveira, Rodrigo de Freitas Moro Ramalho, &hellip;<\/p>\n","protected":false},"author":30,"featured_media":121081,"comment_status":"open","ping_status":"closed","sticky":false,"template":"","format":"standard","meta":{"footnotes":""},"categories":[15],"tags":[],"class_list":["post-121095","post","type-post","status-publish","format-standard","has-post-thumbnail","hentry","category-politica"],"yoast_head":"<!-- This site is optimized with the Yoast SEO plugin v27.5 - https:\/\/yoast.com\/product\/yoast-seo-wordpress\/ -->\n<title>Justi\u00e7a da Argentina autoriza extradi\u00e7\u00e3o de cinco condenados pelos atos de 8 de janeiro - Litoral SP<\/title>\n<meta name=\"description\" content=\"A Justi\u00e7a da Argentina autorizou a extradi\u00e7\u00e3o de cinco brasileiros condenados pelos ataques \u00e0s sedes dos Tr\u00eas Poderes, em Bras\u00edlia, em 8 de janeiro\" \/>\n<meta name=\"robots\" content=\"index, follow, max-snippet:-1, max-image-preview:large, max-video-preview:-1\" \/>\n<link rel=\"canonical\" href=\"https:\/\/redenoticiaz.com.br\/litoralsp\/2025\/12\/06\/justica-da-argentina-autoriza-extradicao-de-cinco-condenados-pelos-atos-de-8-de-janeiro\" \/>\n<meta property=\"og:locale\" content=\"pt_BR\" \/>\n<meta property=\"og:type\" content=\"article\" \/>\n<meta property=\"og:title\" content=\"Justi\u00e7a da Argentina autoriza extradi\u00e7\u00e3o de cinco condenados pelos atos de 8 de janeiro - Litoral SP\" \/>\n<meta property=\"og:description\" content=\"A Justi\u00e7a da Argentina autorizou a extradi\u00e7\u00e3o de cinco brasileiros condenados pelos ataques \u00e0s sedes dos Tr\u00eas Poderes, em Bras\u00edlia, em 8 de janeiro\" \/>\n<meta property=\"og:url\" content=\"https:\/\/redenoticiaz.com.br\/litoralsp\/2025\/12\/06\/justica-da-argentina-autoriza-extradicao-de-cinco-condenados-pelos-atos-de-8-de-janeiro\" \/>\n<meta property=\"og:site_name\" content=\"Litoral SP\" \/>\n<meta property=\"article:published_time\" content=\"2025-12-06T16:00:34+00:00\" \/>\n<meta property=\"og:image\" content=\"https:\/\/redenoticiaz.com.br\/litoralsp\/wp-content\/uploads\/sites\/3\/2025\/12\/Captura-de-tela-2025-12-03-134523.jpg?v=1764780359\" \/>\n\t<meta property=\"og:image:width\" content=\"612\" \/>\n\t<meta property=\"og:image:height\" content=\"381\" \/>\n\t<meta property=\"og:image:type\" content=\"image\/jpeg\" \/>\n<meta name=\"author\" content=\"Carina Reifonas\" \/>\n<meta name=\"twitter:card\" content=\"summary_large_image\" \/>\n<meta name=\"twitter:label1\" content=\"Escrito por\" \/>\n\t<meta name=\"twitter:data1\" content=\"Carina Reifonas\" \/>\n\t<meta name=\"twitter:label2\" content=\"Est. tempo de leitura\" \/>\n\t<meta name=\"twitter:data2\" content=\"2 minutos\" \/>\n<script type=\"application\/ld+json\" class=\"yoast-schema-graph\">{\"@context\":\"https:\\\/\\\/schema.org\",\"@graph\":[{\"@type\":\"Article\",\"@id\":\"https:\\\/\\\/redenoticiaz.com.br\\\/litoralsp\\\/2025\\\/12\\\/06\\\/justica-da-argentina-autoriza-extradicao-de-cinco-condenados-pelos-atos-de-8-de-janeiro#article\",\"isPartOf\":{\"@id\":\"https:\\\/\\\/redenoticiaz.com.br\\\/litoralsp\\\/2025\\\/12\\\/06\\\/justica-da-argentina-autoriza-extradicao-de-cinco-condenados-pelos-atos-de-8-de-janeiro\"},\"author\":{\"name\":\"Carina Reifonas\",\"@id\":\"https:\\\/\\\/redenoticiaz.com.br\\\/litoralsp\\\/#\\\/schema\\\/person\\\/1f84d6e94e6a62d2d81199d7503e9e90\"},\"headline\":\"Justi\u00e7a da Argentina autoriza extradi\u00e7\u00e3o de cinco condenados pelos atos de 8 de janeiro\",\"datePublished\":\"2025-12-06T16:00:34+00:00\",\"mainEntityOfPage\":{\"@id\":\"https:\\\/\\\/redenoticiaz.com.br\\\/litoralsp\\\/2025\\\/12\\\/06\\\/justica-da-argentina-autoriza-extradicao-de-cinco-condenados-pelos-atos-de-8-de-janeiro\"},\"wordCount\":245,\"commentCount\":0,\"publisher\":{\"@id\":\"https:\\\/\\\/redenoticiaz.com.br\\\/litoralsp\\\/#organization\"},\"image\":{\"@id\":\"https:\\\/\\\/redenoticiaz.com.br\\\/litoralsp\\\/2025\\\/12\\\/06\\\/justica-da-argentina-autoriza-extradicao-de-cinco-condenados-pelos-atos-de-8-de-janeiro#primaryimage\"},\"thumbnailUrl\":\"https:\\\/\\\/redenoticiaz.com.br\\\/litoralsp\\\/wp-content\\\/uploads\\\/sites\\\/3\\\/2025\\\/12\\\/Captura-de-tela-2025-12-03-134523.jpg?v=1764780359\",\"articleSection\":[\"Pol\u00edtica\"],\"inLanguage\":\"pt-BR\",\"potentialAction\":[{\"@type\":\"CommentAction\",\"name\":\"Comment\",\"target\":[\"https:\\\/\\\/redenoticiaz.com.br\\\/litoralsp\\\/2025\\\/12\\\/06\\\/justica-da-argentina-autoriza-extradicao-de-cinco-condenados-pelos-atos-de-8-de-janeiro#respond\"]}]},{\"@type\":\"WebPage\",\"@id\":\"https:\\\/\\\/redenoticiaz.com.br\\\/litoralsp\\\/2025\\\/12\\\/06\\\/justica-da-argentina-autoriza-extradicao-de-cinco-condenados-pelos-atos-de-8-de-janeiro\",\"url\":\"https:\\\/\\\/redenoticiaz.com.br\\\/litoralsp\\\/2025\\\/12\\\/06\\\/justica-da-argentina-autoriza-extradicao-de-cinco-condenados-pelos-atos-de-8-de-janeiro\",\"name\":\"Justi\u00e7a da Argentina autoriza extradi\u00e7\u00e3o de cinco condenados pelos atos de 8 de janeiro - Litoral SP\",\"isPartOf\":{\"@id\":\"https:\\\/\\\/redenoticiaz.com.br\\\/litoralsp\\\/#website\"},\"primaryImageOfPage\":{\"@id\":\"https:\\\/\\\/redenoticiaz.com.br\\\/litoralsp\\\/2025\\\/12\\\/06\\\/justica-da-argentina-autoriza-extradicao-de-cinco-condenados-pelos-atos-de-8-de-janeiro#primaryimage\"},\"image\":{\"@id\":\"https:\\\/\\\/redenoticiaz.com.br\\\/litoralsp\\\/2025\\\/12\\\/06\\\/justica-da-argentina-autoriza-extradicao-de-cinco-condenados-pelos-atos-de-8-de-janeiro#primaryimage\"},\"thumbnailUrl\":\"https:\\\/\\\/redenoticiaz.com.br\\\/litoralsp\\\/wp-content\\\/uploads\\\/sites\\\/3\\\/2025\\\/12\\\/Captura-de-tela-2025-12-03-134523.jpg?v=1764780359\",\"datePublished\":\"2025-12-06T16:00:34+00:00\",\"description\":\"A Justi\u00e7a da Argentina autorizou a extradi\u00e7\u00e3o de cinco brasileiros condenados pelos ataques \u00e0s sedes dos Tr\u00eas Poderes, em Bras\u00edlia, em 8 de janeiro\",\"inLanguage\":\"pt-BR\",\"potentialAction\":[{\"@type\":\"ReadAction\",\"target\":[\"https:\\\/\\\/redenoticiaz.com.br\\\/litoralsp\\\/2025\\\/12\\\/06\\\/justica-da-argentina-autoriza-extradicao-de-cinco-condenados-pelos-atos-de-8-de-janeiro\"]}]},{\"@type\":\"ImageObject\",\"inLanguage\":\"pt-BR\",\"@id\":\"https:\\\/\\\/redenoticiaz.com.br\\\/litoralsp\\\/2025\\\/12\\\/06\\\/justica-da-argentina-autoriza-extradicao-de-cinco-condenados-pelos-atos-de-8-de-janeiro#primaryimage\",\"url\":\"https:\\\/\\\/redenoticiaz.com.br\\\/litoralsp\\\/wp-content\\\/uploads\\\/sites\\\/3\\\/2025\\\/12\\\/Captura-de-tela-2025-12-03-134523.jpg?v=1764780359\",\"contentUrl\":\"https:\\\/\\\/redenoticiaz.com.br\\\/litoralsp\\\/wp-content\\\/uploads\\\/sites\\\/3\\\/2025\\\/12\\\/Captura-de-tela-2025-12-03-134523.jpg?v=1764780359\",\"width\":612,\"height\":381,\"caption\":\"Argentina inicia julgamento de extradi\u00e7\u00e3o de condenados pelos ataques de 8 de janeiro \u2014 Foto: Marcelo Camargo\\\/Ag\u00eancia Brasil\"},{\"@type\":\"WebSite\",\"@id\":\"https:\\\/\\\/redenoticiaz.com.br\\\/litoralsp\\\/#website\",\"url\":\"https:\\\/\\\/redenoticiaz.com.br\\\/litoralsp\\\/\",\"name\":\"Litoral SP\",\"description\":\"Rede NoticiaZ\",\"publisher\":{\"@id\":\"https:\\\/\\\/redenoticiaz.com.br\\\/litoralsp\\\/#organization\"},\"potentialAction\":[{\"@type\":\"SearchAction\",\"target\":{\"@type\":\"EntryPoint\",\"urlTemplate\":\"https:\\\/\\\/redenoticiaz.com.br\\\/litoralsp\\\/?s={search_term_string}\"},\"query-input\":{\"@type\":\"PropertyValueSpecification\",\"valueRequired\":true,\"valueName\":\"search_term_string\"}}],\"inLanguage\":\"pt-BR\"},{\"@type\":\"Organization\",\"@id\":\"https:\\\/\\\/redenoticiaz.com.br\\\/litoralsp\\\/#organization\",\"name\":\"Litoral SP\",\"url\":\"https:\\\/\\\/redenoticiaz.com.br\\\/litoralsp\\\/\",\"logo\":{\"@type\":\"ImageObject\",\"inLanguage\":\"pt-BR\",\"@id\":\"https:\\\/\\\/redenoticiaz.com.br\\\/litoralsp\\\/#\\\/schema\\\/logo\\\/image\\\/\",\"url\":\"https:\\\/\\\/redenoticiaz.com.br\\\/litoralsp\\\/wp-content\\\/uploads\\\/sites\\\/3\\\/2020\\\/11\\\/logo.jpg\",\"contentUrl\":\"https:\\\/\\\/redenoticiaz.com.br\\\/litoralsp\\\/wp-content\\\/uploads\\\/sites\\\/3\\\/2020\\\/11\\\/logo.jpg\",\"width\":400,\"height\":250,\"caption\":\"Litoral SP\"},\"image\":{\"@id\":\"https:\\\/\\\/redenoticiaz.com.br\\\/litoralsp\\\/#\\\/schema\\\/logo\\\/image\\\/\"}},{\"@type\":\"Person\",\"@id\":\"https:\\\/\\\/redenoticiaz.com.br\\\/litoralsp\\\/#\\\/schema\\\/person\\\/1f84d6e94e6a62d2d81199d7503e9e90\",\"name\":\"Carina Reifonas\",\"image\":{\"@type\":\"ImageObject\",\"inLanguage\":\"pt-BR\",\"@id\":\"https:\\\/\\\/secure.gravatar.com\\\/avatar\\\/04c59859b23696cf867715880f81d5c037e60109730bdb4e6670ec2a2245bc97?s=96&d=mm&r=g\",\"url\":\"https:\\\/\\\/secure.gravatar.com\\\/avatar\\\/04c59859b23696cf867715880f81d5c037e60109730bdb4e6670ec2a2245bc97?s=96&d=mm&r=g\",\"contentUrl\":\"https:\\\/\\\/secure.gravatar.com\\\/avatar\\\/04c59859b23696cf867715880f81d5c037e60109730bdb4e6670ec2a2245bc97?s=96&d=mm&r=g\",\"caption\":\"Carina Reifonas\"},\"url\":\"https:\\\/\\\/redenoticiaz.com.br\\\/litoralsp\\\/author\\\/carinareifonas\"}]}<\/script>\n<!-- \/ Yoast SEO plugin. -->","yoast_head_json":{"title":"Justi\u00e7a da Argentina autoriza extradi\u00e7\u00e3o de cinco condenados pelos atos de 8 de janeiro - Litoral SP","description":"A Justi\u00e7a da Argentina autorizou a extradi\u00e7\u00e3o de cinco brasileiros condenados pelos ataques \u00e0s sedes dos Tr\u00eas Poderes, em Bras\u00edlia, em 8 de janeiro","robots":{"index":"index","follow":"follow","max-snippet":"max-snippet:-1","max-image-preview":"max-image-preview:large","max-video-preview":"max-video-preview:-1"},"canonical":"https:\/\/redenoticiaz.com.br\/litoralsp\/2025\/12\/06\/justica-da-argentina-autoriza-extradicao-de-cinco-condenados-pelos-atos-de-8-de-janeiro","og_locale":"pt_BR","og_type":"article","og_title":"Justi\u00e7a da Argentina autoriza extradi\u00e7\u00e3o de cinco condenados pelos atos de 8 de janeiro - Litoral SP","og_description":"A Justi\u00e7a da Argentina autorizou a extradi\u00e7\u00e3o de cinco brasileiros condenados pelos ataques \u00e0s sedes dos Tr\u00eas Poderes, em Bras\u00edlia, em 8 de janeiro","og_url":"https:\/\/redenoticiaz.com.br\/litoralsp\/2025\/12\/06\/justica-da-argentina-autoriza-extradicao-de-cinco-condenados-pelos-atos-de-8-de-janeiro","og_site_name":"Litoral SP","article_published_time":"2025-12-06T16:00:34+00:00","og_image":[{"width":612,"height":381,"url":"https:\/\/redenoticiaz.com.br\/litoralsp\/wp-content\/uploads\/sites\/3\/2025\/12\/Captura-de-tela-2025-12-03-134523.jpg?v=1764780359","type":"image\/jpeg"}],"author":"Carina Reifonas","twitter_card":"summary_large_image","twitter_misc":{"Escrito por":"Carina Reifonas","Est. tempo de leitura":"2 minutos"},"schema":{"@context":"https:\/\/schema.org","@graph":[{"@type":"Article","@id":"https:\/\/redenoticiaz.com.br\/litoralsp\/2025\/12\/06\/justica-da-argentina-autoriza-extradicao-de-cinco-condenados-pelos-atos-de-8-de-janeiro#article","isPartOf":{"@id":"https:\/\/redenoticiaz.com.br\/litoralsp\/2025\/12\/06\/justica-da-argentina-autoriza-extradicao-de-cinco-condenados-pelos-atos-de-8-de-janeiro"},"author":{"name":"Carina Reifonas","@id":"https:\/\/redenoticiaz.com.br\/litoralsp\/#\/schema\/person\/1f84d6e94e6a62d2d81199d7503e9e90"},"headline":"Justi\u00e7a da Argentina autoriza extradi\u00e7\u00e3o de cinco condenados pelos atos de 8 de janeiro","datePublished":"2025-12-06T16:00:34+00:00","mainEntityOfPage":{"@id":"https:\/\/redenoticiaz.com.br\/litoralsp\/2025\/12\/06\/justica-da-argentina-autoriza-extradicao-de-cinco-condenados-pelos-atos-de-8-de-janeiro"},"wordCount":245,"commentCount":0,"publisher":{"@id":"https:\/\/redenoticiaz.com.br\/litoralsp\/#organization"},"image":{"@id":"https:\/\/redenoticiaz.com.br\/litoralsp\/2025\/12\/06\/justica-da-argentina-autoriza-extradicao-de-cinco-condenados-pelos-atos-de-8-de-janeiro#primaryimage"},"thumbnailUrl":"https:\/\/redenoticiaz.com.br\/litoralsp\/wp-content\/uploads\/sites\/3\/2025\/12\/Captura-de-tela-2025-12-03-134523.jpg?v=1764780359","articleSection":["Pol\u00edtica"],"inLanguage":"pt-BR","potentialAction":[{"@type":"CommentAction","name":"Comment","target":["https:\/\/redenoticiaz.com.br\/litoralsp\/2025\/12\/06\/justica-da-argentina-autoriza-extradicao-de-cinco-condenados-pelos-atos-de-8-de-janeiro#respond"]}]},{"@type":"WebPage","@id":"https:\/\/redenoticiaz.com.br\/litoralsp\/2025\/12\/06\/justica-da-argentina-autoriza-extradicao-de-cinco-condenados-pelos-atos-de-8-de-janeiro","url":"https:\/\/redenoticiaz.com.br\/litoralsp\/2025\/12\/06\/justica-da-argentina-autoriza-extradicao-de-cinco-condenados-pelos-atos-de-8-de-janeiro","name":"Justi\u00e7a da Argentina autoriza extradi\u00e7\u00e3o de cinco condenados pelos atos de 8 de janeiro - Litoral SP","isPartOf":{"@id":"https:\/\/redenoticiaz.com.br\/litoralsp\/#website"},"primaryImageOfPage":{"@id":"https:\/\/redenoticiaz.com.br\/litoralsp\/2025\/12\/06\/justica-da-argentina-autoriza-extradicao-de-cinco-condenados-pelos-atos-de-8-de-janeiro#primaryimage"},"image":{"@id":"https:\/\/redenoticiaz.com.br\/litoralsp\/2025\/12\/06\/justica-da-argentina-autoriza-extradicao-de-cinco-condenados-pelos-atos-de-8-de-janeiro#primaryimage"},"thumbnailUrl":"https:\/\/redenoticiaz.com.br\/litoralsp\/wp-content\/uploads\/sites\/3\/2025\/12\/Captura-de-tela-2025-12-03-134523.jpg?v=1764780359","datePublished":"2025-12-06T16:00:34+00:00","description":"A Justi\u00e7a da Argentina autorizou a extradi\u00e7\u00e3o de cinco brasileiros condenados pelos ataques \u00e0s sedes dos Tr\u00eas Poderes, em Bras\u00edlia, em 8 de janeiro","inLanguage":"pt-BR","potentialAction":[{"@type":"ReadAction","target":["https:\/\/redenoticiaz.com.br\/litoralsp\/2025\/12\/06\/justica-da-argentina-autoriza-extradicao-de-cinco-condenados-pelos-atos-de-8-de-janeiro"]}]},{"@type":"ImageObject","inLanguage":"pt-BR","@id":"https:\/\/redenoticiaz.com.br\/litoralsp\/2025\/12\/06\/justica-da-argentina-autoriza-extradicao-de-cinco-condenados-pelos-atos-de-8-de-janeiro#primaryimage","url":"https:\/\/redenoticiaz.com.br\/litoralsp\/wp-content\/uploads\/sites\/3\/2025\/12\/Captura-de-tela-2025-12-03-134523.jpg?v=1764780359","contentUrl":"https:\/\/redenoticiaz.com.br\/litoralsp\/wp-content\/uploads\/sites\/3\/2025\/12\/Captura-de-tela-2025-12-03-134523.jpg?v=1764780359","width":612,"height":381,"caption":"Argentina inicia julgamento de extradi\u00e7\u00e3o de condenados pelos ataques de 8 de janeiro \u2014 Foto: Marcelo Camargo\/Ag\u00eancia Brasil"},{"@type":"WebSite","@id":"https:\/\/redenoticiaz.com.br\/litoralsp\/#website","url":"https:\/\/redenoticiaz.com.br\/litoralsp\/","name":"Litoral SP","description":"Rede NoticiaZ","publisher":{"@id":"https:\/\/redenoticiaz.com.br\/litoralsp\/#organization"},"potentialAction":[{"@type":"SearchAction","target":{"@type":"EntryPoint","urlTemplate":"https:\/\/redenoticiaz.com.br\/litoralsp\/?s={search_term_string}"},"query-input":{"@type":"PropertyValueSpecification","valueRequired":true,"valueName":"search_term_string"}}],"inLanguage":"pt-BR"},{"@type":"Organization","@id":"https:\/\/redenoticiaz.com.br\/litoralsp\/#organization","name":"Litoral SP","url":"https:\/\/redenoticiaz.com.br\/litoralsp\/","logo":{"@type":"ImageObject","inLanguage":"pt-BR","@id":"https:\/\/redenoticiaz.com.br\/litoralsp\/#\/schema\/logo\/image\/","url":"https:\/\/redenoticiaz.com.br\/litoralsp\/wp-content\/uploads\/sites\/3\/2020\/11\/logo.jpg","contentUrl":"https:\/\/redenoticiaz.com.br\/litoralsp\/wp-content\/uploads\/sites\/3\/2020\/11\/logo.jpg","width":400,"height":250,"caption":"Litoral SP"},"image":{"@id":"https:\/\/redenoticiaz.com.br\/litoralsp\/#\/schema\/logo\/image\/"}},{"@type":"Person","@id":"https:\/\/redenoticiaz.com.br\/litoralsp\/#\/schema\/person\/1f84d6e94e6a62d2d81199d7503e9e90","name":"Carina Reifonas","image":{"@type":"ImageObject","inLanguage":"pt-BR","@id":"https:\/\/secure.gravatar.com\/avatar\/04c59859b23696cf867715880f81d5c037e60109730bdb4e6670ec2a2245bc97?s=96&d=mm&r=g","url":"https:\/\/secure.gravatar.com\/avatar\/04c59859b23696cf867715880f81d5c037e60109730bdb4e6670ec2a2245bc97?s=96&d=mm&r=g","contentUrl":"https:\/\/secure.gravatar.com\/avatar\/04c59859b23696cf867715880f81d5c037e60109730bdb4e6670ec2a2245bc97?s=96&d=mm&r=g","caption":"Carina Reifonas"},"url":"https:\/\/redenoticiaz.com.br\/litoralsp\/author\/carinareifonas"}]}},"_links":{"self":[{"href":"https:\/\/redenoticiaz.com.br\/litoralsp\/wp-json\/wp\/v2\/posts\/121095","targetHints":{"allow":["GET"]}}],"collection":[{"href":"https:\/\/redenoticiaz.com.br\/litoralsp\/wp-json\/wp\/v2\/posts"}],"about":[{"href":"https:\/\/redenoticiaz.com.br\/litoralsp\/wp-json\/wp\/v2\/types\/post"}],"author":[{"embeddable":true,"href":"https:\/\/redenoticiaz.com.br\/litoralsp\/wp-json\/wp\/v2\/users\/30"}],"replies":[{"embeddable":true,"href":"https:\/\/redenoticiaz.com.br\/litoralsp\/wp-json\/wp\/v2\/comments?post=121095"}],"version-history":[{"count":1,"href":"https:\/\/redenoticiaz.com.br\/litoralsp\/wp-json\/wp\/v2\/posts\/121095\/revisions"}],"predecessor-version":[{"id":121096,"href":"https:\/\/redenoticiaz.com.br\/litoralsp\/wp-json\/wp\/v2\/posts\/121095\/revisions\/121096"}],"wp:featuredmedia":[{"embeddable":true,"href":"https:\/\/redenoticiaz.com.br\/litoralsp\/wp-json\/wp\/v2\/media\/121081"}],"wp:attachment":[{"href":"https:\/\/redenoticiaz.com.br\/litoralsp\/wp-json\/wp\/v2\/media?parent=121095"}],"wp:term":[{"taxonomy":"category","embeddable":true,"href":"https:\/\/redenoticiaz.com.br\/litoralsp\/wp-json\/wp\/v2\/categories?post=121095"},{"taxonomy":"post_tag","embeddable":true,"href":"https:\/\/redenoticiaz.com.br\/litoralsp\/wp-json\/wp\/v2\/tags?post=121095"}],"curies":[{"name":"wp","href":"https:\/\/api.w.org\/{rel}","templated":true}]}}