{"id":121137,"date":"2025-12-09T11:58:51","date_gmt":"2025-12-09T14:58:51","guid":{"rendered":"https:\/\/redenoticiaz.com.br\/litoralsp\/2025\/12\/09\/ccr-divulga-novas-vagas-jundiai-tem-oportunidade-hibrida-recem-aberta"},"modified":"2025-12-09T11:58:51","modified_gmt":"2025-12-09T14:58:51","slug":"ccr-divulga-novas-vagas-jundiai-tem-oportunidade-hibrida-recem-aberta","status":"publish","type":"post","link":"https:\/\/redenoticiaz.com.br\/litoralsp\/2025\/12\/09\/ccr-divulga-novas-vagas-jundiai-tem-oportunidade-hibrida-recem-aberta","title":{"rendered":"CCR divulga novas vagas; Jundia\u00ed tem oportunidade h\u00edbrida rec\u00e9m-aberta"},"content":{"rendered":"<p>O Grupo CCR, refer\u00eancia nacional em infraestrutura, rodovias e mobilidade urbana, anunciou novas vagas de emprego em diversas regi\u00f5es do Brasil. As oportunidades contemplam \u00e1reas administrativas, operacionais, seguran\u00e7a, engenharia e programas para jovens profissionais \u2014 incluindo uma vaga h\u00edbrida em Jundia\u00ed, que acaba de ser aberta.<\/p>\n<p><strong>Confira os principais destaques:<\/strong><\/p>\n<p>\ud83d\udd35 <strong>Vagas em Jundia\u00ed (SP)<\/strong><br \/>\n\u2022 Especialista de Responsabilidade Social (H\u00edbrido) \u2014 vaga publicada nas \u00faltimas horas.<\/p>\n<p>\ud83d\udd39 Outras oportunidades pelo Brasil<br \/>\n<strong>S\u00e3o Jos\u00e9 dos Pinhais (PR)<\/strong><br \/>\n\u2022 Assistente Administrativo \u2013 Presencial<\/p>\n<p><strong>Porto Alegre (RS)<\/strong><br \/>\n\u2022 Analista Administrativo\/Financeiro \u2013 Presencial<\/p>\n<p><strong>S\u00e3o Paulo (SP)<\/strong><br \/>\n\u2022 Analista de Pessoas JR (BP) \u2013 H\u00edbrido<br \/>\n\u2022 Consultor(a) Estrat\u00e9gico \u2013 Summer Job \u2013 Presencial<br \/>\n\u2022 Operador(a) Guia de Sinaliza\u00e7\u00e3o Horizontal \u2013 Presencial<br \/>\n\u2022 T\u00e9cnico(a) em Seguran\u00e7a do Trabalho (Trilhos) \u2013 Presencial<\/p>\n<p><strong>Itu (SP)<\/strong><br \/>\n\u2022 Operador(a) de Ped\u00e1gio \u2013 Presencial<\/p>\n<p><strong>Rio de Janeiro (RJ)<\/strong><br \/>\n\u2022 Aprendiz Operador(a) de Caixa \u2013 Presencial<\/p>\n<p><strong>Santa Isabel (SP)<\/strong><br \/>\n\u2022 Coordenador de Engenharia de Obras \u2013 Presencial<\/p>\n<p><strong>Fazenda Vilanova (RS)<\/strong><br \/>\n\u2022 Assistente de Conserva\u00e7\u00e3o \u2013 Presencial<\/p>\n<p>As vagas atendem desde perfis iniciantes at\u00e9 profissionais experientes, com oportunidades presenciais, h\u00edbridas e tempor\u00e1rias. Muitas delas foram publicadas recentemente \u2014 inscreva <a href=\"https:\/\/www.linkedin.com\/jobs\/grupo-ccr-vagas-jundia%C3%AD\/?currentJobId=4331859093&amp;originalSubdomain=br\">AQUI<\/a>.<\/p>\n<p>LEIA MAIS<\/p>\n<p><a href=\"https:\/\/redenoticiaz.com.br\/blog\/2025\/12\/09\/ibge-abre-mais-de-200-vagas-em-31-cidades-do-interior-de-sp-salarios-chegam-a-r-33-mil\">IBGE abre mais de 200 vagas em 31 cidades do interior de SP; sal\u00e1rios chegam a R$ 3,3 mil<\/a><\/p>\n<p><a href=\"https:\/\/redenoticiaz.com.br\/blog\/2025\/12\/09\/yamaha-abre-novas-vagas-de-emprego-veja-oportunidades\">Yamaha abre novas vagas de emprego; veja oportunidades<\/a><\/p>\n<p>&nbsp;<\/p>\n<p>&nbsp;<\/p>\n","protected":false},"excerpt":{"rendered":"<p>O Grupo CCR, refer\u00eancia nacional em infraestrutura, rodovias e mobilidade urbana, anunciou novas vagas de emprego em diversas regi\u00f5es do Brasil. As oportunidades contemplam \u00e1reas administrativas, operacionais, seguran\u00e7a, engenharia e programas para jovens profissionais \u2014 incluindo uma vaga h\u00edbrida em Jundia\u00ed, que acaba de ser aberta. Confira os principais destaques: \ud83d\udd35 Vagas em Jundia\u00ed (SP) &hellip;<\/p>\n","protected":false},"author":30,"featured_media":121138,"comment_status":"open","ping_status":"closed","sticky":false,"template":"","format":"standard","meta":{"footnotes":""},"categories":[67963,67989],"tags":[69481,22019],"class_list":["post-121137","post","type-post","status-publish","format-standard","has-post-thumbnail","hentry","category-emprego","category-jundiai","tag-grupo-ccr","tag-vagas"],"yoast_head":"<!-- This site is optimized with the Yoast SEO plugin v27.5 - https:\/\/yoast.com\/product\/yoast-seo-wordpress\/ -->\n<title>CCR divulga novas vagas; Jundia\u00ed tem oportunidade h\u00edbrida rec\u00e9m-aberta - Litoral SP<\/title>\n<meta name=\"description\" content=\"O Grupo CCR, refer\u00eancia nacional em infraestrutura, rodovias e mobilidade urbana, anunciou novas vagas de emprego em diversas regi\u00f5es do Brasil.\" \/>\n<meta name=\"robots\" content=\"index, follow, max-snippet:-1, max-image-preview:large, max-video-preview:-1\" \/>\n<link rel=\"canonical\" href=\"https:\/\/redenoticiaz.com.br\/litoralsp\/2025\/12\/09\/ccr-divulga-novas-vagas-jundiai-tem-oportunidade-hibrida-recem-aberta\" \/>\n<meta property=\"og:locale\" content=\"pt_BR\" \/>\n<meta property=\"og:type\" content=\"article\" \/>\n<meta property=\"og:title\" content=\"CCR divulga novas vagas; Jundia\u00ed tem oportunidade h\u00edbrida rec\u00e9m-aberta - Litoral SP\" \/>\n<meta property=\"og:description\" content=\"O Grupo CCR, refer\u00eancia nacional em infraestrutura, rodovias e mobilidade urbana, anunciou novas vagas de emprego em diversas regi\u00f5es do Brasil.\" \/>\n<meta property=\"og:url\" content=\"https:\/\/redenoticiaz.com.br\/litoralsp\/2025\/12\/09\/ccr-divulga-novas-vagas-jundiai-tem-oportunidade-hibrida-recem-aberta\" \/>\n<meta property=\"og:site_name\" content=\"Litoral SP\" \/>\n<meta property=\"article:published_time\" content=\"2025-12-09T14:58:51+00:00\" \/>\n<meta property=\"og:image\" content=\"https:\/\/redenoticiaz.com.br\/litoralsp\/wp-content\/uploads\/sites\/3\/2025\/12\/Captura-de-tela-2024-03-04-131217.jpg?v=1709568720\" \/>\n\t<meta property=\"og:image:width\" content=\"614\" \/>\n\t<meta property=\"og:image:height\" content=\"346\" \/>\n\t<meta property=\"og:image:type\" content=\"image\/jpeg\" \/>\n<meta name=\"author\" content=\"Carina Reifonas\" \/>\n<meta name=\"twitter:card\" content=\"summary_large_image\" \/>\n<meta name=\"twitter:label1\" content=\"Escrito por\" \/>\n\t<meta name=\"twitter:data1\" content=\"Carina Reifonas\" \/>\n\t<meta name=\"twitter:label2\" content=\"Est. tempo de leitura\" \/>\n\t<meta name=\"twitter:data2\" content=\"2 minutos\" \/>\n<script type=\"application\/ld+json\" class=\"yoast-schema-graph\">{\"@context\":\"https:\\\/\\\/schema.org\",\"@graph\":[{\"@type\":\"Article\",\"@id\":\"https:\\\/\\\/redenoticiaz.com.br\\\/litoralsp\\\/2025\\\/12\\\/09\\\/ccr-divulga-novas-vagas-jundiai-tem-oportunidade-hibrida-recem-aberta#article\",\"isPartOf\":{\"@id\":\"https:\\\/\\\/redenoticiaz.com.br\\\/litoralsp\\\/2025\\\/12\\\/09\\\/ccr-divulga-novas-vagas-jundiai-tem-oportunidade-hibrida-recem-aberta\"},\"author\":{\"name\":\"Carina Reifonas\",\"@id\":\"https:\\\/\\\/redenoticiaz.com.br\\\/litoralsp\\\/#\\\/schema\\\/person\\\/1f84d6e94e6a62d2d81199d7503e9e90\"},\"headline\":\"CCR divulga novas vagas; Jundia\u00ed tem oportunidade h\u00edbrida rec\u00e9m-aberta\",\"datePublished\":\"2025-12-09T14:58:51+00:00\",\"mainEntityOfPage\":{\"@id\":\"https:\\\/\\\/redenoticiaz.com.br\\\/litoralsp\\\/2025\\\/12\\\/09\\\/ccr-divulga-novas-vagas-jundiai-tem-oportunidade-hibrida-recem-aberta\"},\"wordCount\":223,\"commentCount\":0,\"publisher\":{\"@id\":\"https:\\\/\\\/redenoticiaz.com.br\\\/litoralsp\\\/#organization\"},\"image\":{\"@id\":\"https:\\\/\\\/redenoticiaz.com.br\\\/litoralsp\\\/2025\\\/12\\\/09\\\/ccr-divulga-novas-vagas-jundiai-tem-oportunidade-hibrida-recem-aberta#primaryimage\"},\"thumbnailUrl\":\"https:\\\/\\\/redenoticiaz.com.br\\\/litoralsp\\\/wp-content\\\/uploads\\\/sites\\\/3\\\/2025\\\/12\\\/Captura-de-tela-2024-03-04-131217.jpg?v=1709568720\",\"keywords\":[\"GRUPO CCR\",\"VAGAS\"],\"articleSection\":[\"Emprego\",\"Jundia\u00ed\"],\"inLanguage\":\"pt-BR\",\"potentialAction\":[{\"@type\":\"CommentAction\",\"name\":\"Comment\",\"target\":[\"https:\\\/\\\/redenoticiaz.com.br\\\/litoralsp\\\/2025\\\/12\\\/09\\\/ccr-divulga-novas-vagas-jundiai-tem-oportunidade-hibrida-recem-aberta#respond\"]}]},{\"@type\":\"WebPage\",\"@id\":\"https:\\\/\\\/redenoticiaz.com.br\\\/litoralsp\\\/2025\\\/12\\\/09\\\/ccr-divulga-novas-vagas-jundiai-tem-oportunidade-hibrida-recem-aberta\",\"url\":\"https:\\\/\\\/redenoticiaz.com.br\\\/litoralsp\\\/2025\\\/12\\\/09\\\/ccr-divulga-novas-vagas-jundiai-tem-oportunidade-hibrida-recem-aberta\",\"name\":\"CCR divulga novas vagas; Jundia\u00ed tem oportunidade h\u00edbrida rec\u00e9m-aberta - Litoral SP\",\"isPartOf\":{\"@id\":\"https:\\\/\\\/redenoticiaz.com.br\\\/litoralsp\\\/#website\"},\"primaryImageOfPage\":{\"@id\":\"https:\\\/\\\/redenoticiaz.com.br\\\/litoralsp\\\/2025\\\/12\\\/09\\\/ccr-divulga-novas-vagas-jundiai-tem-oportunidade-hibrida-recem-aberta#primaryimage\"},\"image\":{\"@id\":\"https:\\\/\\\/redenoticiaz.com.br\\\/litoralsp\\\/2025\\\/12\\\/09\\\/ccr-divulga-novas-vagas-jundiai-tem-oportunidade-hibrida-recem-aberta#primaryimage\"},\"thumbnailUrl\":\"https:\\\/\\\/redenoticiaz.com.br\\\/litoralsp\\\/wp-content\\\/uploads\\\/sites\\\/3\\\/2025\\\/12\\\/Captura-de-tela-2024-03-04-131217.jpg?v=1709568720\",\"datePublished\":\"2025-12-09T14:58:51+00:00\",\"description\":\"O Grupo CCR, refer\u00eancia nacional em infraestrutura, rodovias e mobilidade urbana, anunciou novas vagas de emprego em diversas regi\u00f5es do Brasil.\",\"inLanguage\":\"pt-BR\",\"potentialAction\":[{\"@type\":\"ReadAction\",\"target\":[\"https:\\\/\\\/redenoticiaz.com.br\\\/litoralsp\\\/2025\\\/12\\\/09\\\/ccr-divulga-novas-vagas-jundiai-tem-oportunidade-hibrida-recem-aberta\"]}]},{\"@type\":\"ImageObject\",\"inLanguage\":\"pt-BR\",\"@id\":\"https:\\\/\\\/redenoticiaz.com.br\\\/litoralsp\\\/2025\\\/12\\\/09\\\/ccr-divulga-novas-vagas-jundiai-tem-oportunidade-hibrida-recem-aberta#primaryimage\",\"url\":\"https:\\\/\\\/redenoticiaz.com.br\\\/litoralsp\\\/wp-content\\\/uploads\\\/sites\\\/3\\\/2025\\\/12\\\/Captura-de-tela-2024-03-04-131217.jpg?v=1709568720\",\"contentUrl\":\"https:\\\/\\\/redenoticiaz.com.br\\\/litoralsp\\\/wp-content\\\/uploads\\\/sites\\\/3\\\/2025\\\/12\\\/Captura-de-tela-2024-03-04-131217.jpg?v=1709568720\",\"width\":614,\"height\":346},{\"@type\":\"WebSite\",\"@id\":\"https:\\\/\\\/redenoticiaz.com.br\\\/litoralsp\\\/#website\",\"url\":\"https:\\\/\\\/redenoticiaz.com.br\\\/litoralsp\\\/\",\"name\":\"Litoral SP\",\"description\":\"Rede NoticiaZ\",\"publisher\":{\"@id\":\"https:\\\/\\\/redenoticiaz.com.br\\\/litoralsp\\\/#organization\"},\"potentialAction\":[{\"@type\":\"SearchAction\",\"target\":{\"@type\":\"EntryPoint\",\"urlTemplate\":\"https:\\\/\\\/redenoticiaz.com.br\\\/litoralsp\\\/?s={search_term_string}\"},\"query-input\":{\"@type\":\"PropertyValueSpecification\",\"valueRequired\":true,\"valueName\":\"search_term_string\"}}],\"inLanguage\":\"pt-BR\"},{\"@type\":\"Organization\",\"@id\":\"https:\\\/\\\/redenoticiaz.com.br\\\/litoralsp\\\/#organization\",\"name\":\"Litoral SP\",\"url\":\"https:\\\/\\\/redenoticiaz.com.br\\\/litoralsp\\\/\",\"logo\":{\"@type\":\"ImageObject\",\"inLanguage\":\"pt-BR\",\"@id\":\"https:\\\/\\\/redenoticiaz.com.br\\\/litoralsp\\\/#\\\/schema\\\/logo\\\/image\\\/\",\"url\":\"https:\\\/\\\/redenoticiaz.com.br\\\/litoralsp\\\/wp-content\\\/uploads\\\/sites\\\/3\\\/2020\\\/11\\\/logo.jpg\",\"contentUrl\":\"https:\\\/\\\/redenoticiaz.com.br\\\/litoralsp\\\/wp-content\\\/uploads\\\/sites\\\/3\\\/2020\\\/11\\\/logo.jpg\",\"width\":400,\"height\":250,\"caption\":\"Litoral SP\"},\"image\":{\"@id\":\"https:\\\/\\\/redenoticiaz.com.br\\\/litoralsp\\\/#\\\/schema\\\/logo\\\/image\\\/\"}},{\"@type\":\"Person\",\"@id\":\"https:\\\/\\\/redenoticiaz.com.br\\\/litoralsp\\\/#\\\/schema\\\/person\\\/1f84d6e94e6a62d2d81199d7503e9e90\",\"name\":\"Carina Reifonas\",\"image\":{\"@type\":\"ImageObject\",\"inLanguage\":\"pt-BR\",\"@id\":\"https:\\\/\\\/secure.gravatar.com\\\/avatar\\\/04c59859b23696cf867715880f81d5c037e60109730bdb4e6670ec2a2245bc97?s=96&d=mm&r=g\",\"url\":\"https:\\\/\\\/secure.gravatar.com\\\/avatar\\\/04c59859b23696cf867715880f81d5c037e60109730bdb4e6670ec2a2245bc97?s=96&d=mm&r=g\",\"contentUrl\":\"https:\\\/\\\/secure.gravatar.com\\\/avatar\\\/04c59859b23696cf867715880f81d5c037e60109730bdb4e6670ec2a2245bc97?s=96&d=mm&r=g\",\"caption\":\"Carina Reifonas\"},\"url\":\"https:\\\/\\\/redenoticiaz.com.br\\\/litoralsp\\\/author\\\/carinareifonas\"}]}<\/script>\n<!-- \/ Yoast SEO plugin. -->","yoast_head_json":{"title":"CCR divulga novas vagas; Jundia\u00ed tem oportunidade h\u00edbrida rec\u00e9m-aberta - Litoral SP","description":"O Grupo CCR, refer\u00eancia nacional em infraestrutura, rodovias e mobilidade urbana, anunciou novas vagas de emprego em diversas regi\u00f5es do Brasil.","robots":{"index":"index","follow":"follow","max-snippet":"max-snippet:-1","max-image-preview":"max-image-preview:large","max-video-preview":"max-video-preview:-1"},"canonical":"https:\/\/redenoticiaz.com.br\/litoralsp\/2025\/12\/09\/ccr-divulga-novas-vagas-jundiai-tem-oportunidade-hibrida-recem-aberta","og_locale":"pt_BR","og_type":"article","og_title":"CCR divulga novas vagas; Jundia\u00ed tem oportunidade h\u00edbrida rec\u00e9m-aberta - Litoral SP","og_description":"O Grupo CCR, refer\u00eancia nacional em infraestrutura, rodovias e mobilidade urbana, anunciou novas vagas de emprego em diversas regi\u00f5es do Brasil.","og_url":"https:\/\/redenoticiaz.com.br\/litoralsp\/2025\/12\/09\/ccr-divulga-novas-vagas-jundiai-tem-oportunidade-hibrida-recem-aberta","og_site_name":"Litoral SP","article_published_time":"2025-12-09T14:58:51+00:00","og_image":[{"width":614,"height":346,"url":"https:\/\/redenoticiaz.com.br\/litoralsp\/wp-content\/uploads\/sites\/3\/2025\/12\/Captura-de-tela-2024-03-04-131217.jpg?v=1709568720","type":"image\/jpeg"}],"author":"Carina Reifonas","twitter_card":"summary_large_image","twitter_misc":{"Escrito por":"Carina Reifonas","Est. tempo de leitura":"2 minutos"},"schema":{"@context":"https:\/\/schema.org","@graph":[{"@type":"Article","@id":"https:\/\/redenoticiaz.com.br\/litoralsp\/2025\/12\/09\/ccr-divulga-novas-vagas-jundiai-tem-oportunidade-hibrida-recem-aberta#article","isPartOf":{"@id":"https:\/\/redenoticiaz.com.br\/litoralsp\/2025\/12\/09\/ccr-divulga-novas-vagas-jundiai-tem-oportunidade-hibrida-recem-aberta"},"author":{"name":"Carina Reifonas","@id":"https:\/\/redenoticiaz.com.br\/litoralsp\/#\/schema\/person\/1f84d6e94e6a62d2d81199d7503e9e90"},"headline":"CCR divulga novas vagas; Jundia\u00ed tem oportunidade h\u00edbrida rec\u00e9m-aberta","datePublished":"2025-12-09T14:58:51+00:00","mainEntityOfPage":{"@id":"https:\/\/redenoticiaz.com.br\/litoralsp\/2025\/12\/09\/ccr-divulga-novas-vagas-jundiai-tem-oportunidade-hibrida-recem-aberta"},"wordCount":223,"commentCount":0,"publisher":{"@id":"https:\/\/redenoticiaz.com.br\/litoralsp\/#organization"},"image":{"@id":"https:\/\/redenoticiaz.com.br\/litoralsp\/2025\/12\/09\/ccr-divulga-novas-vagas-jundiai-tem-oportunidade-hibrida-recem-aberta#primaryimage"},"thumbnailUrl":"https:\/\/redenoticiaz.com.br\/litoralsp\/wp-content\/uploads\/sites\/3\/2025\/12\/Captura-de-tela-2024-03-04-131217.jpg?v=1709568720","keywords":["GRUPO CCR","VAGAS"],"articleSection":["Emprego","Jundia\u00ed"],"inLanguage":"pt-BR","potentialAction":[{"@type":"CommentAction","name":"Comment","target":["https:\/\/redenoticiaz.com.br\/litoralsp\/2025\/12\/09\/ccr-divulga-novas-vagas-jundiai-tem-oportunidade-hibrida-recem-aberta#respond"]}]},{"@type":"WebPage","@id":"https:\/\/redenoticiaz.com.br\/litoralsp\/2025\/12\/09\/ccr-divulga-novas-vagas-jundiai-tem-oportunidade-hibrida-recem-aberta","url":"https:\/\/redenoticiaz.com.br\/litoralsp\/2025\/12\/09\/ccr-divulga-novas-vagas-jundiai-tem-oportunidade-hibrida-recem-aberta","name":"CCR divulga novas vagas; Jundia\u00ed tem oportunidade h\u00edbrida rec\u00e9m-aberta - Litoral SP","isPartOf":{"@id":"https:\/\/redenoticiaz.com.br\/litoralsp\/#website"},"primaryImageOfPage":{"@id":"https:\/\/redenoticiaz.com.br\/litoralsp\/2025\/12\/09\/ccr-divulga-novas-vagas-jundiai-tem-oportunidade-hibrida-recem-aberta#primaryimage"},"image":{"@id":"https:\/\/redenoticiaz.com.br\/litoralsp\/2025\/12\/09\/ccr-divulga-novas-vagas-jundiai-tem-oportunidade-hibrida-recem-aberta#primaryimage"},"thumbnailUrl":"https:\/\/redenoticiaz.com.br\/litoralsp\/wp-content\/uploads\/sites\/3\/2025\/12\/Captura-de-tela-2024-03-04-131217.jpg?v=1709568720","datePublished":"2025-12-09T14:58:51+00:00","description":"O Grupo CCR, refer\u00eancia nacional em infraestrutura, rodovias e mobilidade urbana, anunciou novas vagas de emprego em diversas regi\u00f5es do Brasil.","inLanguage":"pt-BR","potentialAction":[{"@type":"ReadAction","target":["https:\/\/redenoticiaz.com.br\/litoralsp\/2025\/12\/09\/ccr-divulga-novas-vagas-jundiai-tem-oportunidade-hibrida-recem-aberta"]}]},{"@type":"ImageObject","inLanguage":"pt-BR","@id":"https:\/\/redenoticiaz.com.br\/litoralsp\/2025\/12\/09\/ccr-divulga-novas-vagas-jundiai-tem-oportunidade-hibrida-recem-aberta#primaryimage","url":"https:\/\/redenoticiaz.com.br\/litoralsp\/wp-content\/uploads\/sites\/3\/2025\/12\/Captura-de-tela-2024-03-04-131217.jpg?v=1709568720","contentUrl":"https:\/\/redenoticiaz.com.br\/litoralsp\/wp-content\/uploads\/sites\/3\/2025\/12\/Captura-de-tela-2024-03-04-131217.jpg?v=1709568720","width":614,"height":346},{"@type":"WebSite","@id":"https:\/\/redenoticiaz.com.br\/litoralsp\/#website","url":"https:\/\/redenoticiaz.com.br\/litoralsp\/","name":"Litoral SP","description":"Rede NoticiaZ","publisher":{"@id":"https:\/\/redenoticiaz.com.br\/litoralsp\/#organization"},"potentialAction":[{"@type":"SearchAction","target":{"@type":"EntryPoint","urlTemplate":"https:\/\/redenoticiaz.com.br\/litoralsp\/?s={search_term_string}"},"query-input":{"@type":"PropertyValueSpecification","valueRequired":true,"valueName":"search_term_string"}}],"inLanguage":"pt-BR"},{"@type":"Organization","@id":"https:\/\/redenoticiaz.com.br\/litoralsp\/#organization","name":"Litoral SP","url":"https:\/\/redenoticiaz.com.br\/litoralsp\/","logo":{"@type":"ImageObject","inLanguage":"pt-BR","@id":"https:\/\/redenoticiaz.com.br\/litoralsp\/#\/schema\/logo\/image\/","url":"https:\/\/redenoticiaz.com.br\/litoralsp\/wp-content\/uploads\/sites\/3\/2020\/11\/logo.jpg","contentUrl":"https:\/\/redenoticiaz.com.br\/litoralsp\/wp-content\/uploads\/sites\/3\/2020\/11\/logo.jpg","width":400,"height":250,"caption":"Litoral SP"},"image":{"@id":"https:\/\/redenoticiaz.com.br\/litoralsp\/#\/schema\/logo\/image\/"}},{"@type":"Person","@id":"https:\/\/redenoticiaz.com.br\/litoralsp\/#\/schema\/person\/1f84d6e94e6a62d2d81199d7503e9e90","name":"Carina Reifonas","image":{"@type":"ImageObject","inLanguage":"pt-BR","@id":"https:\/\/secure.gravatar.com\/avatar\/04c59859b23696cf867715880f81d5c037e60109730bdb4e6670ec2a2245bc97?s=96&d=mm&r=g","url":"https:\/\/secure.gravatar.com\/avatar\/04c59859b23696cf867715880f81d5c037e60109730bdb4e6670ec2a2245bc97?s=96&d=mm&r=g","contentUrl":"https:\/\/secure.gravatar.com\/avatar\/04c59859b23696cf867715880f81d5c037e60109730bdb4e6670ec2a2245bc97?s=96&d=mm&r=g","caption":"Carina Reifonas"},"url":"https:\/\/redenoticiaz.com.br\/litoralsp\/author\/carinareifonas"}]}},"_links":{"self":[{"href":"https:\/\/redenoticiaz.com.br\/litoralsp\/wp-json\/wp\/v2\/posts\/121137","targetHints":{"allow":["GET"]}}],"collection":[{"href":"https:\/\/redenoticiaz.com.br\/litoralsp\/wp-json\/wp\/v2\/posts"}],"about":[{"href":"https:\/\/redenoticiaz.com.br\/litoralsp\/wp-json\/wp\/v2\/types\/post"}],"author":[{"embeddable":true,"href":"https:\/\/redenoticiaz.com.br\/litoralsp\/wp-json\/wp\/v2\/users\/30"}],"replies":[{"embeddable":true,"href":"https:\/\/redenoticiaz.com.br\/litoralsp\/wp-json\/wp\/v2\/comments?post=121137"}],"version-history":[{"count":0,"href":"https:\/\/redenoticiaz.com.br\/litoralsp\/wp-json\/wp\/v2\/posts\/121137\/revisions"}],"wp:featuredmedia":[{"embeddable":true,"href":"https:\/\/redenoticiaz.com.br\/litoralsp\/wp-json\/wp\/v2\/media\/121138"}],"wp:attachment":[{"href":"https:\/\/redenoticiaz.com.br\/litoralsp\/wp-json\/wp\/v2\/media?parent=121137"}],"wp:term":[{"taxonomy":"category","embeddable":true,"href":"https:\/\/redenoticiaz.com.br\/litoralsp\/wp-json\/wp\/v2\/categories?post=121137"},{"taxonomy":"post_tag","embeddable":true,"href":"https:\/\/redenoticiaz.com.br\/litoralsp\/wp-json\/wp\/v2\/tags?post=121137"}],"curies":[{"name":"wp","href":"https:\/\/api.w.org\/{rel}","templated":true}]}}