{"id":121305,"date":"2026-01-20T09:04:32","date_gmt":"2026-01-20T12:04:32","guid":{"rendered":"https:\/\/redenoticiaz.com.br\/litoralsp\/2026\/01\/20\/declarada-morta-vitima-volta-a-respirar-na-pista"},"modified":"2026-01-20T09:04:32","modified_gmt":"2026-01-20T12:04:32","slug":"declarada-morta-vitima-volta-a-respirar-na-pista","status":"publish","type":"post","link":"https:\/\/redenoticiaz.com.br\/litoralsp\/2026\/01\/20\/declarada-morta-vitima-volta-a-respirar-na-pista","title":{"rendered":"Declarada morta, v\u00edtima volta a respirar na pista"},"content":{"rendered":"<p>Uma mulher de 29 anos atropelada na Rodovia Comandante Jo\u00e3o Ribeiro de Barros (SP-294), em Bauru (SP), na madrugada de domingo (18), foi reanimada minutos depois de ter sido declarada morta no local.<\/p>\n<p>Segundo o boletim de ocorr\u00eancia, equipes do Servi\u00e7o de Atendimento M\u00f3vel de Urg\u00eancia (Samu) atenderam a v\u00edtima e constataram o \u00f3bito. Com isso, a rodovia chegou a ser interditada e o Instituto M\u00e9dico Legal (IML) foi acionado para a remo\u00e7\u00e3o do corpo.<\/p>\n<p>Ap\u00f3s a sa\u00edda do Samu, policiais militares rodovi\u00e1rios permaneceram na ocorr\u00eancia. Na sequ\u00eancia, um m\u00e9dico da concession\u00e1ria respons\u00e1vel pela via percebeu que a mulher apresentava sinais de respira\u00e7\u00e3o, mesmo j\u00e1 estando coberta por uma manta t\u00e9rmica na pista.<\/p>\n<p>O socorrista iniciou imediatamente as manobras de reanima\u00e7\u00e3o. A v\u00edtima, identificada como Fernanda Cristina Policarpo, foi levada em estado grave ao Pronto-Socorro Central (PSC) de Bauru, onde segue internada.<\/p>\n<p>LEIA MAIS<\/p>\n<p><a href=\"https:\/\/redenoticiaz.com.br\/blog\/2026\/01\/20\/desaparecido-viagem-para-congresso-termina-em-silencio\">DESAPARECIDO: Viagem para congresso termina em sil\u00eancio<\/a><\/p>\n<p><a href=\"https:\/\/redenoticiaz.com.br\/blog\/2026\/01\/19\/itupeva-vive-aquecimento-no-mercado-de-trabalho-com-mais-de-34-mil-vagas-abertas\">Itupeva vive aquecimento no mercado de trabalho com mais de 34 mil vagas abertas<\/a><\/p>\n<p>&nbsp;<\/p>\n<p>&nbsp;<\/p>\n","protected":false},"excerpt":{"rendered":"<p>Uma mulher de 29 anos atropelada na Rodovia Comandante Jo\u00e3o Ribeiro de Barros (SP-294), em Bauru (SP), na madrugada de domingo (18), foi reanimada minutos depois de ter sido declarada morta no local. Segundo o boletim de ocorr\u00eancia, equipes do Servi\u00e7o de Atendimento M\u00f3vel de Urg\u00eancia (Samu) atenderam a v\u00edtima e constataram o \u00f3bito. Com &hellip;<\/p>\n","protected":false},"author":30,"featured_media":121306,"comment_status":"open","ping_status":"closed","sticky":false,"template":"","format":"standard","meta":{"footnotes":""},"categories":[10],"tags":[10822,69520,69521],"class_list":["post-121305","post","type-post","status-publish","format-standard","has-post-thumbnail","hentry","category-policia","tag-bauru","tag-declarada-morta","tag-rodovia-comandante-joao-ribeiro-de-barros-sp-294"],"yoast_head":"<!-- This site is optimized with the Yoast SEO plugin v27.4 - https:\/\/yoast.com\/product\/yoast-seo-wordpress\/ -->\n<title>Declarada morta, v\u00edtima volta a respirar na pista - Litoral SP<\/title>\n<meta name=\"description\" content=\"Uma mulher de 29 anos atropelada na Rodovia Comandante Jo\u00e3o Ribeiro de Barros (SP-294), em Bauru (SP), na madrugada de domingo\" \/>\n<meta name=\"robots\" content=\"index, follow, max-snippet:-1, max-image-preview:large, max-video-preview:-1\" \/>\n<link rel=\"canonical\" href=\"https:\/\/redenoticiaz.com.br\/litoralsp\/2026\/01\/20\/declarada-morta-vitima-volta-a-respirar-na-pista\" \/>\n<meta property=\"og:locale\" content=\"pt_BR\" \/>\n<meta property=\"og:type\" content=\"article\" \/>\n<meta property=\"og:title\" content=\"Declarada morta, v\u00edtima volta a respirar na pista - Litoral SP\" \/>\n<meta property=\"og:description\" content=\"Uma mulher de 29 anos atropelada na Rodovia Comandante Jo\u00e3o Ribeiro de Barros (SP-294), em Bauru (SP), na madrugada de domingo\" \/>\n<meta property=\"og:url\" content=\"https:\/\/redenoticiaz.com.br\/litoralsp\/2026\/01\/20\/declarada-morta-vitima-volta-a-respirar-na-pista\" \/>\n<meta property=\"og:site_name\" content=\"Litoral SP\" \/>\n<meta property=\"article:published_time\" content=\"2026-01-20T12:04:32+00:00\" \/>\n<meta property=\"og:image\" content=\"https:\/\/redenoticiaz.com.br\/litoralsp\/wp-content\/uploads\/sites\/3\/2026\/01\/unnamed.jpg?v=1768910461\" \/>\n\t<meta property=\"og:image:width\" content=\"540\" \/>\n\t<meta property=\"og:image:height\" content=\"304\" \/>\n\t<meta property=\"og:image:type\" content=\"image\/jpeg\" \/>\n<meta name=\"author\" content=\"Carina Reifonas\" \/>\n<meta name=\"twitter:card\" content=\"summary_large_image\" \/>\n<meta name=\"twitter:label1\" content=\"Escrito por\" \/>\n\t<meta name=\"twitter:data1\" content=\"Carina Reifonas\" \/>\n\t<meta name=\"twitter:label2\" content=\"Est. tempo de leitura\" \/>\n\t<meta name=\"twitter:data2\" content=\"2 minutos\" \/>\n<script type=\"application\/ld+json\" class=\"yoast-schema-graph\">{\"@context\":\"https:\\\/\\\/schema.org\",\"@graph\":[{\"@type\":\"Article\",\"@id\":\"https:\\\/\\\/redenoticiaz.com.br\\\/litoralsp\\\/2026\\\/01\\\/20\\\/declarada-morta-vitima-volta-a-respirar-na-pista#article\",\"isPartOf\":{\"@id\":\"https:\\\/\\\/redenoticiaz.com.br\\\/litoralsp\\\/2026\\\/01\\\/20\\\/declarada-morta-vitima-volta-a-respirar-na-pista\"},\"author\":{\"name\":\"Carina Reifonas\",\"@id\":\"https:\\\/\\\/redenoticiaz.com.br\\\/litoralsp\\\/#\\\/schema\\\/person\\\/1f84d6e94e6a62d2d81199d7503e9e90\"},\"headline\":\"Declarada morta, v\u00edtima volta a respirar na pista\",\"datePublished\":\"2026-01-20T12:04:32+00:00\",\"mainEntityOfPage\":{\"@id\":\"https:\\\/\\\/redenoticiaz.com.br\\\/litoralsp\\\/2026\\\/01\\\/20\\\/declarada-morta-vitima-volta-a-respirar-na-pista\"},\"wordCount\":194,\"commentCount\":0,\"publisher\":{\"@id\":\"https:\\\/\\\/redenoticiaz.com.br\\\/litoralsp\\\/#organization\"},\"image\":{\"@id\":\"https:\\\/\\\/redenoticiaz.com.br\\\/litoralsp\\\/2026\\\/01\\\/20\\\/declarada-morta-vitima-volta-a-respirar-na-pista#primaryimage\"},\"thumbnailUrl\":\"https:\\\/\\\/redenoticiaz.com.br\\\/litoralsp\\\/wp-content\\\/uploads\\\/sites\\\/3\\\/2026\\\/01\\\/unnamed.jpg?v=1768910461\",\"keywords\":[\"BAURU\",\"Declarada Morta\",\"Rodovia Comandante Jo\u00e3o Ribeiro de Barros (SP-294)\"],\"articleSection\":[\"Pol\u00edcia\"],\"inLanguage\":\"pt-BR\",\"potentialAction\":[{\"@type\":\"CommentAction\",\"name\":\"Comment\",\"target\":[\"https:\\\/\\\/redenoticiaz.com.br\\\/litoralsp\\\/2026\\\/01\\\/20\\\/declarada-morta-vitima-volta-a-respirar-na-pista#respond\"]}]},{\"@type\":\"WebPage\",\"@id\":\"https:\\\/\\\/redenoticiaz.com.br\\\/litoralsp\\\/2026\\\/01\\\/20\\\/declarada-morta-vitima-volta-a-respirar-na-pista\",\"url\":\"https:\\\/\\\/redenoticiaz.com.br\\\/litoralsp\\\/2026\\\/01\\\/20\\\/declarada-morta-vitima-volta-a-respirar-na-pista\",\"name\":\"Declarada morta, v\u00edtima volta a respirar na pista - Litoral SP\",\"isPartOf\":{\"@id\":\"https:\\\/\\\/redenoticiaz.com.br\\\/litoralsp\\\/#website\"},\"primaryImageOfPage\":{\"@id\":\"https:\\\/\\\/redenoticiaz.com.br\\\/litoralsp\\\/2026\\\/01\\\/20\\\/declarada-morta-vitima-volta-a-respirar-na-pista#primaryimage\"},\"image\":{\"@id\":\"https:\\\/\\\/redenoticiaz.com.br\\\/litoralsp\\\/2026\\\/01\\\/20\\\/declarada-morta-vitima-volta-a-respirar-na-pista#primaryimage\"},\"thumbnailUrl\":\"https:\\\/\\\/redenoticiaz.com.br\\\/litoralsp\\\/wp-content\\\/uploads\\\/sites\\\/3\\\/2026\\\/01\\\/unnamed.jpg?v=1768910461\",\"datePublished\":\"2026-01-20T12:04:32+00:00\",\"description\":\"Uma mulher de 29 anos atropelada na Rodovia Comandante Jo\u00e3o Ribeiro de Barros (SP-294), em Bauru (SP), na madrugada de domingo\",\"inLanguage\":\"pt-BR\",\"potentialAction\":[{\"@type\":\"ReadAction\",\"target\":[\"https:\\\/\\\/redenoticiaz.com.br\\\/litoralsp\\\/2026\\\/01\\\/20\\\/declarada-morta-vitima-volta-a-respirar-na-pista\"]}]},{\"@type\":\"ImageObject\",\"inLanguage\":\"pt-BR\",\"@id\":\"https:\\\/\\\/redenoticiaz.com.br\\\/litoralsp\\\/2026\\\/01\\\/20\\\/declarada-morta-vitima-volta-a-respirar-na-pista#primaryimage\",\"url\":\"https:\\\/\\\/redenoticiaz.com.br\\\/litoralsp\\\/wp-content\\\/uploads\\\/sites\\\/3\\\/2026\\\/01\\\/unnamed.jpg?v=1768910461\",\"contentUrl\":\"https:\\\/\\\/redenoticiaz.com.br\\\/litoralsp\\\/wp-content\\\/uploads\\\/sites\\\/3\\\/2026\\\/01\\\/unnamed.jpg?v=1768910461\",\"width\":540,\"height\":304,\"caption\":\"Mulher atropelada em rodovia de Bauru foi reanimada minutos ap\u00f3s atendimento inicial \u2014 Foto: Reprodu\u00e7\u00e3o\"},{\"@type\":\"WebSite\",\"@id\":\"https:\\\/\\\/redenoticiaz.com.br\\\/litoralsp\\\/#website\",\"url\":\"https:\\\/\\\/redenoticiaz.com.br\\\/litoralsp\\\/\",\"name\":\"Litoral SP\",\"description\":\"Rede NoticiaZ\",\"publisher\":{\"@id\":\"https:\\\/\\\/redenoticiaz.com.br\\\/litoralsp\\\/#organization\"},\"potentialAction\":[{\"@type\":\"SearchAction\",\"target\":{\"@type\":\"EntryPoint\",\"urlTemplate\":\"https:\\\/\\\/redenoticiaz.com.br\\\/litoralsp\\\/?s={search_term_string}\"},\"query-input\":{\"@type\":\"PropertyValueSpecification\",\"valueRequired\":true,\"valueName\":\"search_term_string\"}}],\"inLanguage\":\"pt-BR\"},{\"@type\":\"Organization\",\"@id\":\"https:\\\/\\\/redenoticiaz.com.br\\\/litoralsp\\\/#organization\",\"name\":\"Litoral SP\",\"url\":\"https:\\\/\\\/redenoticiaz.com.br\\\/litoralsp\\\/\",\"logo\":{\"@type\":\"ImageObject\",\"inLanguage\":\"pt-BR\",\"@id\":\"https:\\\/\\\/redenoticiaz.com.br\\\/litoralsp\\\/#\\\/schema\\\/logo\\\/image\\\/\",\"url\":\"https:\\\/\\\/redenoticiaz.com.br\\\/litoralsp\\\/wp-content\\\/uploads\\\/sites\\\/3\\\/2020\\\/11\\\/logo.jpg\",\"contentUrl\":\"https:\\\/\\\/redenoticiaz.com.br\\\/litoralsp\\\/wp-content\\\/uploads\\\/sites\\\/3\\\/2020\\\/11\\\/logo.jpg\",\"width\":400,\"height\":250,\"caption\":\"Litoral SP\"},\"image\":{\"@id\":\"https:\\\/\\\/redenoticiaz.com.br\\\/litoralsp\\\/#\\\/schema\\\/logo\\\/image\\\/\"}},{\"@type\":\"Person\",\"@id\":\"https:\\\/\\\/redenoticiaz.com.br\\\/litoralsp\\\/#\\\/schema\\\/person\\\/1f84d6e94e6a62d2d81199d7503e9e90\",\"name\":\"Carina Reifonas\",\"image\":{\"@type\":\"ImageObject\",\"inLanguage\":\"pt-BR\",\"@id\":\"https:\\\/\\\/secure.gravatar.com\\\/avatar\\\/04c59859b23696cf867715880f81d5c037e60109730bdb4e6670ec2a2245bc97?s=96&d=mm&r=g\",\"url\":\"https:\\\/\\\/secure.gravatar.com\\\/avatar\\\/04c59859b23696cf867715880f81d5c037e60109730bdb4e6670ec2a2245bc97?s=96&d=mm&r=g\",\"contentUrl\":\"https:\\\/\\\/secure.gravatar.com\\\/avatar\\\/04c59859b23696cf867715880f81d5c037e60109730bdb4e6670ec2a2245bc97?s=96&d=mm&r=g\",\"caption\":\"Carina Reifonas\"},\"url\":\"https:\\\/\\\/redenoticiaz.com.br\\\/litoralsp\\\/author\\\/carinareifonas\"}]}<\/script>\n<!-- \/ Yoast SEO plugin. -->","yoast_head_json":{"title":"Declarada morta, v\u00edtima volta a respirar na pista - Litoral SP","description":"Uma mulher de 29 anos atropelada na Rodovia Comandante Jo\u00e3o Ribeiro de Barros (SP-294), em Bauru (SP), na madrugada de domingo","robots":{"index":"index","follow":"follow","max-snippet":"max-snippet:-1","max-image-preview":"max-image-preview:large","max-video-preview":"max-video-preview:-1"},"canonical":"https:\/\/redenoticiaz.com.br\/litoralsp\/2026\/01\/20\/declarada-morta-vitima-volta-a-respirar-na-pista","og_locale":"pt_BR","og_type":"article","og_title":"Declarada morta, v\u00edtima volta a respirar na pista - Litoral SP","og_description":"Uma mulher de 29 anos atropelada na Rodovia Comandante Jo\u00e3o Ribeiro de Barros (SP-294), em Bauru (SP), na madrugada de domingo","og_url":"https:\/\/redenoticiaz.com.br\/litoralsp\/2026\/01\/20\/declarada-morta-vitima-volta-a-respirar-na-pista","og_site_name":"Litoral SP","article_published_time":"2026-01-20T12:04:32+00:00","og_image":[{"width":540,"height":304,"url":"https:\/\/redenoticiaz.com.br\/litoralsp\/wp-content\/uploads\/sites\/3\/2026\/01\/unnamed.jpg?v=1768910461","type":"image\/jpeg"}],"author":"Carina Reifonas","twitter_card":"summary_large_image","twitter_misc":{"Escrito por":"Carina Reifonas","Est. tempo de leitura":"2 minutos"},"schema":{"@context":"https:\/\/schema.org","@graph":[{"@type":"Article","@id":"https:\/\/redenoticiaz.com.br\/litoralsp\/2026\/01\/20\/declarada-morta-vitima-volta-a-respirar-na-pista#article","isPartOf":{"@id":"https:\/\/redenoticiaz.com.br\/litoralsp\/2026\/01\/20\/declarada-morta-vitima-volta-a-respirar-na-pista"},"author":{"name":"Carina Reifonas","@id":"https:\/\/redenoticiaz.com.br\/litoralsp\/#\/schema\/person\/1f84d6e94e6a62d2d81199d7503e9e90"},"headline":"Declarada morta, v\u00edtima volta a respirar na pista","datePublished":"2026-01-20T12:04:32+00:00","mainEntityOfPage":{"@id":"https:\/\/redenoticiaz.com.br\/litoralsp\/2026\/01\/20\/declarada-morta-vitima-volta-a-respirar-na-pista"},"wordCount":194,"commentCount":0,"publisher":{"@id":"https:\/\/redenoticiaz.com.br\/litoralsp\/#organization"},"image":{"@id":"https:\/\/redenoticiaz.com.br\/litoralsp\/2026\/01\/20\/declarada-morta-vitima-volta-a-respirar-na-pista#primaryimage"},"thumbnailUrl":"https:\/\/redenoticiaz.com.br\/litoralsp\/wp-content\/uploads\/sites\/3\/2026\/01\/unnamed.jpg?v=1768910461","keywords":["BAURU","Declarada Morta","Rodovia Comandante Jo\u00e3o Ribeiro de Barros (SP-294)"],"articleSection":["Pol\u00edcia"],"inLanguage":"pt-BR","potentialAction":[{"@type":"CommentAction","name":"Comment","target":["https:\/\/redenoticiaz.com.br\/litoralsp\/2026\/01\/20\/declarada-morta-vitima-volta-a-respirar-na-pista#respond"]}]},{"@type":"WebPage","@id":"https:\/\/redenoticiaz.com.br\/litoralsp\/2026\/01\/20\/declarada-morta-vitima-volta-a-respirar-na-pista","url":"https:\/\/redenoticiaz.com.br\/litoralsp\/2026\/01\/20\/declarada-morta-vitima-volta-a-respirar-na-pista","name":"Declarada morta, v\u00edtima volta a respirar na pista - Litoral SP","isPartOf":{"@id":"https:\/\/redenoticiaz.com.br\/litoralsp\/#website"},"primaryImageOfPage":{"@id":"https:\/\/redenoticiaz.com.br\/litoralsp\/2026\/01\/20\/declarada-morta-vitima-volta-a-respirar-na-pista#primaryimage"},"image":{"@id":"https:\/\/redenoticiaz.com.br\/litoralsp\/2026\/01\/20\/declarada-morta-vitima-volta-a-respirar-na-pista#primaryimage"},"thumbnailUrl":"https:\/\/redenoticiaz.com.br\/litoralsp\/wp-content\/uploads\/sites\/3\/2026\/01\/unnamed.jpg?v=1768910461","datePublished":"2026-01-20T12:04:32+00:00","description":"Uma mulher de 29 anos atropelada na Rodovia Comandante Jo\u00e3o Ribeiro de Barros (SP-294), em Bauru (SP), na madrugada de domingo","inLanguage":"pt-BR","potentialAction":[{"@type":"ReadAction","target":["https:\/\/redenoticiaz.com.br\/litoralsp\/2026\/01\/20\/declarada-morta-vitima-volta-a-respirar-na-pista"]}]},{"@type":"ImageObject","inLanguage":"pt-BR","@id":"https:\/\/redenoticiaz.com.br\/litoralsp\/2026\/01\/20\/declarada-morta-vitima-volta-a-respirar-na-pista#primaryimage","url":"https:\/\/redenoticiaz.com.br\/litoralsp\/wp-content\/uploads\/sites\/3\/2026\/01\/unnamed.jpg?v=1768910461","contentUrl":"https:\/\/redenoticiaz.com.br\/litoralsp\/wp-content\/uploads\/sites\/3\/2026\/01\/unnamed.jpg?v=1768910461","width":540,"height":304,"caption":"Mulher atropelada em rodovia de Bauru foi reanimada minutos ap\u00f3s atendimento inicial \u2014 Foto: Reprodu\u00e7\u00e3o"},{"@type":"WebSite","@id":"https:\/\/redenoticiaz.com.br\/litoralsp\/#website","url":"https:\/\/redenoticiaz.com.br\/litoralsp\/","name":"Litoral SP","description":"Rede NoticiaZ","publisher":{"@id":"https:\/\/redenoticiaz.com.br\/litoralsp\/#organization"},"potentialAction":[{"@type":"SearchAction","target":{"@type":"EntryPoint","urlTemplate":"https:\/\/redenoticiaz.com.br\/litoralsp\/?s={search_term_string}"},"query-input":{"@type":"PropertyValueSpecification","valueRequired":true,"valueName":"search_term_string"}}],"inLanguage":"pt-BR"},{"@type":"Organization","@id":"https:\/\/redenoticiaz.com.br\/litoralsp\/#organization","name":"Litoral SP","url":"https:\/\/redenoticiaz.com.br\/litoralsp\/","logo":{"@type":"ImageObject","inLanguage":"pt-BR","@id":"https:\/\/redenoticiaz.com.br\/litoralsp\/#\/schema\/logo\/image\/","url":"https:\/\/redenoticiaz.com.br\/litoralsp\/wp-content\/uploads\/sites\/3\/2020\/11\/logo.jpg","contentUrl":"https:\/\/redenoticiaz.com.br\/litoralsp\/wp-content\/uploads\/sites\/3\/2020\/11\/logo.jpg","width":400,"height":250,"caption":"Litoral SP"},"image":{"@id":"https:\/\/redenoticiaz.com.br\/litoralsp\/#\/schema\/logo\/image\/"}},{"@type":"Person","@id":"https:\/\/redenoticiaz.com.br\/litoralsp\/#\/schema\/person\/1f84d6e94e6a62d2d81199d7503e9e90","name":"Carina Reifonas","image":{"@type":"ImageObject","inLanguage":"pt-BR","@id":"https:\/\/secure.gravatar.com\/avatar\/04c59859b23696cf867715880f81d5c037e60109730bdb4e6670ec2a2245bc97?s=96&d=mm&r=g","url":"https:\/\/secure.gravatar.com\/avatar\/04c59859b23696cf867715880f81d5c037e60109730bdb4e6670ec2a2245bc97?s=96&d=mm&r=g","contentUrl":"https:\/\/secure.gravatar.com\/avatar\/04c59859b23696cf867715880f81d5c037e60109730bdb4e6670ec2a2245bc97?s=96&d=mm&r=g","caption":"Carina Reifonas"},"url":"https:\/\/redenoticiaz.com.br\/litoralsp\/author\/carinareifonas"}]}},"_links":{"self":[{"href":"https:\/\/redenoticiaz.com.br\/litoralsp\/wp-json\/wp\/v2\/posts\/121305","targetHints":{"allow":["GET"]}}],"collection":[{"href":"https:\/\/redenoticiaz.com.br\/litoralsp\/wp-json\/wp\/v2\/posts"}],"about":[{"href":"https:\/\/redenoticiaz.com.br\/litoralsp\/wp-json\/wp\/v2\/types\/post"}],"author":[{"embeddable":true,"href":"https:\/\/redenoticiaz.com.br\/litoralsp\/wp-json\/wp\/v2\/users\/30"}],"replies":[{"embeddable":true,"href":"https:\/\/redenoticiaz.com.br\/litoralsp\/wp-json\/wp\/v2\/comments?post=121305"}],"version-history":[{"count":1,"href":"https:\/\/redenoticiaz.com.br\/litoralsp\/wp-json\/wp\/v2\/posts\/121305\/revisions"}],"predecessor-version":[{"id":121307,"href":"https:\/\/redenoticiaz.com.br\/litoralsp\/wp-json\/wp\/v2\/posts\/121305\/revisions\/121307"}],"wp:featuredmedia":[{"embeddable":true,"href":"https:\/\/redenoticiaz.com.br\/litoralsp\/wp-json\/wp\/v2\/media\/121306"}],"wp:attachment":[{"href":"https:\/\/redenoticiaz.com.br\/litoralsp\/wp-json\/wp\/v2\/media?parent=121305"}],"wp:term":[{"taxonomy":"category","embeddable":true,"href":"https:\/\/redenoticiaz.com.br\/litoralsp\/wp-json\/wp\/v2\/categories?post=121305"},{"taxonomy":"post_tag","embeddable":true,"href":"https:\/\/redenoticiaz.com.br\/litoralsp\/wp-json\/wp\/v2\/tags?post=121305"}],"curies":[{"name":"wp","href":"https:\/\/api.w.org\/{rel}","templated":true}]}}