{"id":121397,"date":"2026-03-03T09:46:15","date_gmt":"2026-03-03T12:46:15","guid":{"rendered":"https:\/\/redenoticiaz.com.br\/litoralsp\/?p=121397"},"modified":"2026-03-03T09:46:15","modified_gmt":"2026-03-03T12:46:15","slug":"tse-aprova-novas-regras-para-uso-de-inteligencia-artificial-nas-eleicoes-2026","status":"publish","type":"post","link":"https:\/\/redenoticiaz.com.br\/litoralsp\/2026\/03\/03\/tse-aprova-novas-regras-para-uso-de-inteligencia-artificial-nas-eleicoes-2026","title":{"rendered":"TSE aprova novas regras para uso de intelig\u00eancia artificial nas elei\u00e7\u00f5es 2026"},"content":{"rendered":"<p>O Tribunal Superior Eleitoral (TSE) aprovou, nesta segunda-feira (2), altera\u00e7\u00f5es nas regras de propaganda eleitoral para as elei\u00e7\u00f5es gerais de 2026, com foco no uso de intelig\u00eancia artificial (IA). As mudan\u00e7as atualizam a Resolu\u00e7\u00e3o n\u00ba 23.610\/2019 e estabelecem limites espec\u00edficos para conte\u00fados produzidos ou manipulados por tecnologia.<\/p>\n<p>Entre as principais medidas est\u00e1 a restri\u00e7\u00e3o \u00e0 circula\u00e7\u00e3o de novos conte\u00fados sint\u00e9ticos, gerados ou alterados por IA, nas 72 horas que antecedem a vota\u00e7\u00e3o e nas 24 horas posteriores ao pleito. A veda\u00e7\u00e3o vale mesmo quando o material estiver identificado como produzido por intelig\u00eancia artificial.<\/p>\n<p>Pelas novas regras, toda propaganda eleitoral que utilizar imagem, voz ou qualquer conte\u00fado manipulado por IA dever\u00e1 informar, de forma expl\u00edcita, destacada e acess\u00edvel, que o material foi fabricado ou alterado, al\u00e9m de indicar qual tecnologia foi empregada. O texto foi relatado pelo ministro Nunes Marques e aprovado por unanimidade.<\/p>\n<p>A norma tamb\u00e9m prev\u00ea responsabilidade solid\u00e1ria das plataformas digitais que n\u00e3o removerem imediatamente conte\u00fados com intelig\u00eancia artificial que descumpram as regras eleitorais ou n\u00e3o estejam devidamente identificados.<\/p>\n<p>Outra resolu\u00e7\u00e3o aprovada pro\u00edbe que sistemas de intelig\u00eancia artificial fa\u00e7am recomenda\u00e7\u00e3o de candidaturas, mesmo quando houver solicita\u00e7\u00e3o direta do usu\u00e1rio. A medida busca evitar interfer\u00eancia algor\u00edtmica na escolha do eleitor.<\/p>\n<p>O TSE refor\u00e7ou ainda a proibi\u00e7\u00e3o da produ\u00e7\u00e3o ou divulga\u00e7\u00e3o de montagens com conte\u00fado de sexo, nudez ou pornografia envolvendo candidatas e candidatos, como forma de enfrentamento \u00e0 viol\u00eancia pol\u00edtica, especialmente contra mulheres.<\/p>\n<p>Al\u00e9m das mudan\u00e7as na propaganda eleitoral, o plen\u00e1rio analisou e aprovou resolu\u00e7\u00f5es sobre calend\u00e1rio eleitoral, auditoria e fiscaliza\u00e7\u00e3o, registro de candidatura, representa\u00e7\u00f5es, il\u00edcitos eleitorais e consolida\u00e7\u00e3o das normas voltadas ao cidad\u00e3o.<\/p>\n<p>As novas regras passam a disciplinar oficialmente as elei\u00e7\u00f5es gerais de 2026.<\/p>\n<p>LEIA MAIS<\/p>\n<p><a href=\"https:\/\/redenoticiaz.com.br\/blog\/2026\/03\/03\/refinaria-de-drogas-e-descoberta-com-60-kg-de-entorpecentes\">Refinaria de drogas \u00e9 descoberta com 60 kg de entorpecentes<\/a><\/p>\n<p><a href=\"https:\/\/redenoticiaz.com.br\/blog\/2026\/03\/03\/operacao-espectro-iv-prende-tres-por-trafico-de-drogas\">Opera\u00e7\u00e3o Espectro IV prende tr\u00eas por tr\u00e1fico de drogas<\/a><\/p>\n","protected":false},"excerpt":{"rendered":"<p>O Tribunal Superior Eleitoral (TSE) aprovou, nesta segunda-feira (2), altera\u00e7\u00f5es nas regras de propaganda eleitoral para as elei\u00e7\u00f5es gerais de 2026, com foco no uso de intelig\u00eancia artificial (IA). As mudan\u00e7as atualizam a Resolu\u00e7\u00e3o n\u00ba 23.610\/2019 e estabelecem limites espec\u00edficos para conte\u00fados produzidos ou manipulados por tecnologia. Entre as principais medidas est\u00e1 a restri\u00e7\u00e3o \u00e0 &hellip;<\/p>\n","protected":false},"author":30,"featured_media":140,"comment_status":"open","ping_status":"closed","sticky":false,"template":"","format":"standard","meta":{"footnotes":""},"categories":[48],"tags":[],"class_list":["post-121397","post","type-post","status-publish","format-standard","has-post-thumbnail","hentry","category-eleicoes"],"yoast_head":"<!-- This site is optimized with the Yoast SEO plugin v27.5 - https:\/\/yoast.com\/product\/yoast-seo-wordpress\/ -->\n<title>TSE aprova novas regras para uso de intelig\u00eancia artificial nas elei\u00e7\u00f5es 2026 - Litoral SP<\/title>\n<meta name=\"description\" content=\"TSE aprova regras para uso de intelig\u00eancia artificial nas elei\u00e7\u00f5es 2026, restringe conte\u00fados com IA antes do pleito e exige identifica\u00e7\u00e3o expl\u00edcita na propaganda eleitoral.\" \/>\n<meta name=\"robots\" content=\"index, follow, max-snippet:-1, max-image-preview:large, max-video-preview:-1\" \/>\n<link rel=\"canonical\" href=\"https:\/\/redenoticiaz.com.br\/litoralsp\/2026\/03\/03\/tse-aprova-novas-regras-para-uso-de-inteligencia-artificial-nas-eleicoes-2026\" \/>\n<meta property=\"og:locale\" content=\"pt_BR\" \/>\n<meta property=\"og:type\" content=\"article\" \/>\n<meta property=\"og:title\" content=\"TSE aprova novas regras para uso de intelig\u00eancia artificial nas elei\u00e7\u00f5es 2026 - Litoral SP\" \/>\n<meta property=\"og:description\" content=\"TSE aprova regras para uso de intelig\u00eancia artificial nas elei\u00e7\u00f5es 2026, restringe conte\u00fados com IA antes do pleito e exige identifica\u00e7\u00e3o expl\u00edcita na propaganda eleitoral.\" \/>\n<meta property=\"og:url\" content=\"https:\/\/redenoticiaz.com.br\/litoralsp\/2026\/03\/03\/tse-aprova-novas-regras-para-uso-de-inteligencia-artificial-nas-eleicoes-2026\" \/>\n<meta property=\"og:site_name\" content=\"Litoral SP\" \/>\n<meta property=\"article:published_time\" content=\"2026-03-03T12:46:15+00:00\" \/>\n<meta property=\"og:image\" content=\"https:\/\/redenoticiaz.com.br\/litoralsp\/wp-content\/uploads\/sites\/3\/2020\/11\/eleicoes.jpg\" \/>\n\t<meta property=\"og:image:width\" content=\"460\" \/>\n\t<meta property=\"og:image:height\" content=\"307\" \/>\n\t<meta property=\"og:image:type\" content=\"image\/jpeg\" \/>\n<meta name=\"author\" content=\"Carina Reifonas\" \/>\n<meta name=\"twitter:card\" content=\"summary_large_image\" \/>\n<meta name=\"twitter:label1\" content=\"Escrito por\" \/>\n\t<meta name=\"twitter:data1\" content=\"Carina Reifonas\" \/>\n\t<meta name=\"twitter:label2\" content=\"Est. tempo de leitura\" \/>\n\t<meta name=\"twitter:data2\" content=\"2 minutos\" \/>\n<script type=\"application\/ld+json\" class=\"yoast-schema-graph\">{\"@context\":\"https:\\\/\\\/schema.org\",\"@graph\":[{\"@type\":\"Article\",\"@id\":\"https:\\\/\\\/redenoticiaz.com.br\\\/litoralsp\\\/2026\\\/03\\\/03\\\/tse-aprova-novas-regras-para-uso-de-inteligencia-artificial-nas-eleicoes-2026#article\",\"isPartOf\":{\"@id\":\"https:\\\/\\\/redenoticiaz.com.br\\\/litoralsp\\\/2026\\\/03\\\/03\\\/tse-aprova-novas-regras-para-uso-de-inteligencia-artificial-nas-eleicoes-2026\"},\"author\":{\"name\":\"Carina Reifonas\",\"@id\":\"https:\\\/\\\/redenoticiaz.com.br\\\/litoralsp\\\/#\\\/schema\\\/person\\\/1f84d6e94e6a62d2d81199d7503e9e90\"},\"headline\":\"TSE aprova novas regras para uso de intelig\u00eancia artificial nas elei\u00e7\u00f5es 2026\",\"datePublished\":\"2026-03-03T12:46:15+00:00\",\"mainEntityOfPage\":{\"@id\":\"https:\\\/\\\/redenoticiaz.com.br\\\/litoralsp\\\/2026\\\/03\\\/03\\\/tse-aprova-novas-regras-para-uso-de-inteligencia-artificial-nas-eleicoes-2026\"},\"wordCount\":354,\"commentCount\":0,\"publisher\":{\"@id\":\"https:\\\/\\\/redenoticiaz.com.br\\\/litoralsp\\\/#organization\"},\"image\":{\"@id\":\"https:\\\/\\\/redenoticiaz.com.br\\\/litoralsp\\\/2026\\\/03\\\/03\\\/tse-aprova-novas-regras-para-uso-de-inteligencia-artificial-nas-eleicoes-2026#primaryimage\"},\"thumbnailUrl\":\"https:\\\/\\\/redenoticiaz.com.br\\\/litoralsp\\\/wp-content\\\/uploads\\\/sites\\\/3\\\/2020\\\/11\\\/eleicoes.jpg\",\"articleSection\":[\"Elei\u00e7\u00f5es\"],\"inLanguage\":\"pt-BR\",\"potentialAction\":[{\"@type\":\"CommentAction\",\"name\":\"Comment\",\"target\":[\"https:\\\/\\\/redenoticiaz.com.br\\\/litoralsp\\\/2026\\\/03\\\/03\\\/tse-aprova-novas-regras-para-uso-de-inteligencia-artificial-nas-eleicoes-2026#respond\"]}]},{\"@type\":\"WebPage\",\"@id\":\"https:\\\/\\\/redenoticiaz.com.br\\\/litoralsp\\\/2026\\\/03\\\/03\\\/tse-aprova-novas-regras-para-uso-de-inteligencia-artificial-nas-eleicoes-2026\",\"url\":\"https:\\\/\\\/redenoticiaz.com.br\\\/litoralsp\\\/2026\\\/03\\\/03\\\/tse-aprova-novas-regras-para-uso-de-inteligencia-artificial-nas-eleicoes-2026\",\"name\":\"TSE aprova novas regras para uso de intelig\u00eancia artificial nas elei\u00e7\u00f5es 2026 - Litoral SP\",\"isPartOf\":{\"@id\":\"https:\\\/\\\/redenoticiaz.com.br\\\/litoralsp\\\/#website\"},\"primaryImageOfPage\":{\"@id\":\"https:\\\/\\\/redenoticiaz.com.br\\\/litoralsp\\\/2026\\\/03\\\/03\\\/tse-aprova-novas-regras-para-uso-de-inteligencia-artificial-nas-eleicoes-2026#primaryimage\"},\"image\":{\"@id\":\"https:\\\/\\\/redenoticiaz.com.br\\\/litoralsp\\\/2026\\\/03\\\/03\\\/tse-aprova-novas-regras-para-uso-de-inteligencia-artificial-nas-eleicoes-2026#primaryimage\"},\"thumbnailUrl\":\"https:\\\/\\\/redenoticiaz.com.br\\\/litoralsp\\\/wp-content\\\/uploads\\\/sites\\\/3\\\/2020\\\/11\\\/eleicoes.jpg\",\"datePublished\":\"2026-03-03T12:46:15+00:00\",\"description\":\"TSE aprova regras para uso de intelig\u00eancia artificial nas elei\u00e7\u00f5es 2026, restringe conte\u00fados com IA antes do pleito e exige identifica\u00e7\u00e3o expl\u00edcita na propaganda eleitoral.\",\"inLanguage\":\"pt-BR\",\"potentialAction\":[{\"@type\":\"ReadAction\",\"target\":[\"https:\\\/\\\/redenoticiaz.com.br\\\/litoralsp\\\/2026\\\/03\\\/03\\\/tse-aprova-novas-regras-para-uso-de-inteligencia-artificial-nas-eleicoes-2026\"]}]},{\"@type\":\"ImageObject\",\"inLanguage\":\"pt-BR\",\"@id\":\"https:\\\/\\\/redenoticiaz.com.br\\\/litoralsp\\\/2026\\\/03\\\/03\\\/tse-aprova-novas-regras-para-uso-de-inteligencia-artificial-nas-eleicoes-2026#primaryimage\",\"url\":\"https:\\\/\\\/redenoticiaz.com.br\\\/litoralsp\\\/wp-content\\\/uploads\\\/sites\\\/3\\\/2020\\\/11\\\/eleicoes.jpg\",\"contentUrl\":\"https:\\\/\\\/redenoticiaz.com.br\\\/litoralsp\\\/wp-content\\\/uploads\\\/sites\\\/3\\\/2020\\\/11\\\/eleicoes.jpg\",\"width\":460,\"height\":307,\"caption\":\"Confira as cidades que tem segundo turno\"},{\"@type\":\"WebSite\",\"@id\":\"https:\\\/\\\/redenoticiaz.com.br\\\/litoralsp\\\/#website\",\"url\":\"https:\\\/\\\/redenoticiaz.com.br\\\/litoralsp\\\/\",\"name\":\"Litoral SP\",\"description\":\"Rede NoticiaZ\",\"publisher\":{\"@id\":\"https:\\\/\\\/redenoticiaz.com.br\\\/litoralsp\\\/#organization\"},\"potentialAction\":[{\"@type\":\"SearchAction\",\"target\":{\"@type\":\"EntryPoint\",\"urlTemplate\":\"https:\\\/\\\/redenoticiaz.com.br\\\/litoralsp\\\/?s={search_term_string}\"},\"query-input\":{\"@type\":\"PropertyValueSpecification\",\"valueRequired\":true,\"valueName\":\"search_term_string\"}}],\"inLanguage\":\"pt-BR\"},{\"@type\":\"Organization\",\"@id\":\"https:\\\/\\\/redenoticiaz.com.br\\\/litoralsp\\\/#organization\",\"name\":\"Litoral SP\",\"url\":\"https:\\\/\\\/redenoticiaz.com.br\\\/litoralsp\\\/\",\"logo\":{\"@type\":\"ImageObject\",\"inLanguage\":\"pt-BR\",\"@id\":\"https:\\\/\\\/redenoticiaz.com.br\\\/litoralsp\\\/#\\\/schema\\\/logo\\\/image\\\/\",\"url\":\"https:\\\/\\\/redenoticiaz.com.br\\\/litoralsp\\\/wp-content\\\/uploads\\\/sites\\\/3\\\/2020\\\/11\\\/logo.jpg\",\"contentUrl\":\"https:\\\/\\\/redenoticiaz.com.br\\\/litoralsp\\\/wp-content\\\/uploads\\\/sites\\\/3\\\/2020\\\/11\\\/logo.jpg\",\"width\":400,\"height\":250,\"caption\":\"Litoral SP\"},\"image\":{\"@id\":\"https:\\\/\\\/redenoticiaz.com.br\\\/litoralsp\\\/#\\\/schema\\\/logo\\\/image\\\/\"}},{\"@type\":\"Person\",\"@id\":\"https:\\\/\\\/redenoticiaz.com.br\\\/litoralsp\\\/#\\\/schema\\\/person\\\/1f84d6e94e6a62d2d81199d7503e9e90\",\"name\":\"Carina Reifonas\",\"image\":{\"@type\":\"ImageObject\",\"inLanguage\":\"pt-BR\",\"@id\":\"https:\\\/\\\/secure.gravatar.com\\\/avatar\\\/04c59859b23696cf867715880f81d5c037e60109730bdb4e6670ec2a2245bc97?s=96&d=mm&r=g\",\"url\":\"https:\\\/\\\/secure.gravatar.com\\\/avatar\\\/04c59859b23696cf867715880f81d5c037e60109730bdb4e6670ec2a2245bc97?s=96&d=mm&r=g\",\"contentUrl\":\"https:\\\/\\\/secure.gravatar.com\\\/avatar\\\/04c59859b23696cf867715880f81d5c037e60109730bdb4e6670ec2a2245bc97?s=96&d=mm&r=g\",\"caption\":\"Carina Reifonas\"},\"url\":\"https:\\\/\\\/redenoticiaz.com.br\\\/litoralsp\\\/author\\\/carinareifonas\"}]}<\/script>\n<!-- \/ Yoast SEO plugin. -->","yoast_head_json":{"title":"TSE aprova novas regras para uso de intelig\u00eancia artificial nas elei\u00e7\u00f5es 2026 - Litoral SP","description":"TSE aprova regras para uso de intelig\u00eancia artificial nas elei\u00e7\u00f5es 2026, restringe conte\u00fados com IA antes do pleito e exige identifica\u00e7\u00e3o expl\u00edcita na propaganda eleitoral.","robots":{"index":"index","follow":"follow","max-snippet":"max-snippet:-1","max-image-preview":"max-image-preview:large","max-video-preview":"max-video-preview:-1"},"canonical":"https:\/\/redenoticiaz.com.br\/litoralsp\/2026\/03\/03\/tse-aprova-novas-regras-para-uso-de-inteligencia-artificial-nas-eleicoes-2026","og_locale":"pt_BR","og_type":"article","og_title":"TSE aprova novas regras para uso de intelig\u00eancia artificial nas elei\u00e7\u00f5es 2026 - Litoral SP","og_description":"TSE aprova regras para uso de intelig\u00eancia artificial nas elei\u00e7\u00f5es 2026, restringe conte\u00fados com IA antes do pleito e exige identifica\u00e7\u00e3o expl\u00edcita na propaganda eleitoral.","og_url":"https:\/\/redenoticiaz.com.br\/litoralsp\/2026\/03\/03\/tse-aprova-novas-regras-para-uso-de-inteligencia-artificial-nas-eleicoes-2026","og_site_name":"Litoral SP","article_published_time":"2026-03-03T12:46:15+00:00","og_image":[{"width":460,"height":307,"url":"https:\/\/redenoticiaz.com.br\/litoralsp\/wp-content\/uploads\/sites\/3\/2020\/11\/eleicoes.jpg","type":"image\/jpeg"}],"author":"Carina Reifonas","twitter_card":"summary_large_image","twitter_misc":{"Escrito por":"Carina Reifonas","Est. tempo de leitura":"2 minutos"},"schema":{"@context":"https:\/\/schema.org","@graph":[{"@type":"Article","@id":"https:\/\/redenoticiaz.com.br\/litoralsp\/2026\/03\/03\/tse-aprova-novas-regras-para-uso-de-inteligencia-artificial-nas-eleicoes-2026#article","isPartOf":{"@id":"https:\/\/redenoticiaz.com.br\/litoralsp\/2026\/03\/03\/tse-aprova-novas-regras-para-uso-de-inteligencia-artificial-nas-eleicoes-2026"},"author":{"name":"Carina Reifonas","@id":"https:\/\/redenoticiaz.com.br\/litoralsp\/#\/schema\/person\/1f84d6e94e6a62d2d81199d7503e9e90"},"headline":"TSE aprova novas regras para uso de intelig\u00eancia artificial nas elei\u00e7\u00f5es 2026","datePublished":"2026-03-03T12:46:15+00:00","mainEntityOfPage":{"@id":"https:\/\/redenoticiaz.com.br\/litoralsp\/2026\/03\/03\/tse-aprova-novas-regras-para-uso-de-inteligencia-artificial-nas-eleicoes-2026"},"wordCount":354,"commentCount":0,"publisher":{"@id":"https:\/\/redenoticiaz.com.br\/litoralsp\/#organization"},"image":{"@id":"https:\/\/redenoticiaz.com.br\/litoralsp\/2026\/03\/03\/tse-aprova-novas-regras-para-uso-de-inteligencia-artificial-nas-eleicoes-2026#primaryimage"},"thumbnailUrl":"https:\/\/redenoticiaz.com.br\/litoralsp\/wp-content\/uploads\/sites\/3\/2020\/11\/eleicoes.jpg","articleSection":["Elei\u00e7\u00f5es"],"inLanguage":"pt-BR","potentialAction":[{"@type":"CommentAction","name":"Comment","target":["https:\/\/redenoticiaz.com.br\/litoralsp\/2026\/03\/03\/tse-aprova-novas-regras-para-uso-de-inteligencia-artificial-nas-eleicoes-2026#respond"]}]},{"@type":"WebPage","@id":"https:\/\/redenoticiaz.com.br\/litoralsp\/2026\/03\/03\/tse-aprova-novas-regras-para-uso-de-inteligencia-artificial-nas-eleicoes-2026","url":"https:\/\/redenoticiaz.com.br\/litoralsp\/2026\/03\/03\/tse-aprova-novas-regras-para-uso-de-inteligencia-artificial-nas-eleicoes-2026","name":"TSE aprova novas regras para uso de intelig\u00eancia artificial nas elei\u00e7\u00f5es 2026 - Litoral SP","isPartOf":{"@id":"https:\/\/redenoticiaz.com.br\/litoralsp\/#website"},"primaryImageOfPage":{"@id":"https:\/\/redenoticiaz.com.br\/litoralsp\/2026\/03\/03\/tse-aprova-novas-regras-para-uso-de-inteligencia-artificial-nas-eleicoes-2026#primaryimage"},"image":{"@id":"https:\/\/redenoticiaz.com.br\/litoralsp\/2026\/03\/03\/tse-aprova-novas-regras-para-uso-de-inteligencia-artificial-nas-eleicoes-2026#primaryimage"},"thumbnailUrl":"https:\/\/redenoticiaz.com.br\/litoralsp\/wp-content\/uploads\/sites\/3\/2020\/11\/eleicoes.jpg","datePublished":"2026-03-03T12:46:15+00:00","description":"TSE aprova regras para uso de intelig\u00eancia artificial nas elei\u00e7\u00f5es 2026, restringe conte\u00fados com IA antes do pleito e exige identifica\u00e7\u00e3o expl\u00edcita na propaganda eleitoral.","inLanguage":"pt-BR","potentialAction":[{"@type":"ReadAction","target":["https:\/\/redenoticiaz.com.br\/litoralsp\/2026\/03\/03\/tse-aprova-novas-regras-para-uso-de-inteligencia-artificial-nas-eleicoes-2026"]}]},{"@type":"ImageObject","inLanguage":"pt-BR","@id":"https:\/\/redenoticiaz.com.br\/litoralsp\/2026\/03\/03\/tse-aprova-novas-regras-para-uso-de-inteligencia-artificial-nas-eleicoes-2026#primaryimage","url":"https:\/\/redenoticiaz.com.br\/litoralsp\/wp-content\/uploads\/sites\/3\/2020\/11\/eleicoes.jpg","contentUrl":"https:\/\/redenoticiaz.com.br\/litoralsp\/wp-content\/uploads\/sites\/3\/2020\/11\/eleicoes.jpg","width":460,"height":307,"caption":"Confira as cidades que tem segundo turno"},{"@type":"WebSite","@id":"https:\/\/redenoticiaz.com.br\/litoralsp\/#website","url":"https:\/\/redenoticiaz.com.br\/litoralsp\/","name":"Litoral SP","description":"Rede NoticiaZ","publisher":{"@id":"https:\/\/redenoticiaz.com.br\/litoralsp\/#organization"},"potentialAction":[{"@type":"SearchAction","target":{"@type":"EntryPoint","urlTemplate":"https:\/\/redenoticiaz.com.br\/litoralsp\/?s={search_term_string}"},"query-input":{"@type":"PropertyValueSpecification","valueRequired":true,"valueName":"search_term_string"}}],"inLanguage":"pt-BR"},{"@type":"Organization","@id":"https:\/\/redenoticiaz.com.br\/litoralsp\/#organization","name":"Litoral SP","url":"https:\/\/redenoticiaz.com.br\/litoralsp\/","logo":{"@type":"ImageObject","inLanguage":"pt-BR","@id":"https:\/\/redenoticiaz.com.br\/litoralsp\/#\/schema\/logo\/image\/","url":"https:\/\/redenoticiaz.com.br\/litoralsp\/wp-content\/uploads\/sites\/3\/2020\/11\/logo.jpg","contentUrl":"https:\/\/redenoticiaz.com.br\/litoralsp\/wp-content\/uploads\/sites\/3\/2020\/11\/logo.jpg","width":400,"height":250,"caption":"Litoral SP"},"image":{"@id":"https:\/\/redenoticiaz.com.br\/litoralsp\/#\/schema\/logo\/image\/"}},{"@type":"Person","@id":"https:\/\/redenoticiaz.com.br\/litoralsp\/#\/schema\/person\/1f84d6e94e6a62d2d81199d7503e9e90","name":"Carina Reifonas","image":{"@type":"ImageObject","inLanguage":"pt-BR","@id":"https:\/\/secure.gravatar.com\/avatar\/04c59859b23696cf867715880f81d5c037e60109730bdb4e6670ec2a2245bc97?s=96&d=mm&r=g","url":"https:\/\/secure.gravatar.com\/avatar\/04c59859b23696cf867715880f81d5c037e60109730bdb4e6670ec2a2245bc97?s=96&d=mm&r=g","contentUrl":"https:\/\/secure.gravatar.com\/avatar\/04c59859b23696cf867715880f81d5c037e60109730bdb4e6670ec2a2245bc97?s=96&d=mm&r=g","caption":"Carina Reifonas"},"url":"https:\/\/redenoticiaz.com.br\/litoralsp\/author\/carinareifonas"}]}},"_links":{"self":[{"href":"https:\/\/redenoticiaz.com.br\/litoralsp\/wp-json\/wp\/v2\/posts\/121397","targetHints":{"allow":["GET"]}}],"collection":[{"href":"https:\/\/redenoticiaz.com.br\/litoralsp\/wp-json\/wp\/v2\/posts"}],"about":[{"href":"https:\/\/redenoticiaz.com.br\/litoralsp\/wp-json\/wp\/v2\/types\/post"}],"author":[{"embeddable":true,"href":"https:\/\/redenoticiaz.com.br\/litoralsp\/wp-json\/wp\/v2\/users\/30"}],"replies":[{"embeddable":true,"href":"https:\/\/redenoticiaz.com.br\/litoralsp\/wp-json\/wp\/v2\/comments?post=121397"}],"version-history":[{"count":1,"href":"https:\/\/redenoticiaz.com.br\/litoralsp\/wp-json\/wp\/v2\/posts\/121397\/revisions"}],"predecessor-version":[{"id":121398,"href":"https:\/\/redenoticiaz.com.br\/litoralsp\/wp-json\/wp\/v2\/posts\/121397\/revisions\/121398"}],"wp:featuredmedia":[{"embeddable":true,"href":"https:\/\/redenoticiaz.com.br\/litoralsp\/wp-json\/wp\/v2\/media\/140"}],"wp:attachment":[{"href":"https:\/\/redenoticiaz.com.br\/litoralsp\/wp-json\/wp\/v2\/media?parent=121397"}],"wp:term":[{"taxonomy":"category","embeddable":true,"href":"https:\/\/redenoticiaz.com.br\/litoralsp\/wp-json\/wp\/v2\/categories?post=121397"},{"taxonomy":"post_tag","embeddable":true,"href":"https:\/\/redenoticiaz.com.br\/litoralsp\/wp-json\/wp\/v2\/tags?post=121397"}],"curies":[{"name":"wp","href":"https:\/\/api.w.org\/{rel}","templated":true}]}}