{"id":121426,"date":"2026-04-26T12:00:25","date_gmt":"2026-04-26T15:00:25","guid":{"rendered":"https:\/\/redenoticiaz.com.br\/litoralsp\/?p=121426"},"modified":"2026-04-24T09:40:56","modified_gmt":"2026-04-24T12:40:56","slug":"sao-paulo-confirma-novos-casos-de-febre-amarela-e-registra-mortes-em-2026","status":"publish","type":"post","link":"https:\/\/redenoticiaz.com.br\/litoralsp\/2026\/04\/26\/sao-paulo-confirma-novos-casos-de-febre-amarela-e-registra-mortes-em-2026","title":{"rendered":"S\u00e3o Paulo confirma novos casos de febre amarela e registra mortes em 2026"},"content":{"rendered":"<p>O estado de S\u00e3o Paulo confirmou novos casos de febre amarela em 2026 e acendeu o alerta para a import\u00e2ncia da vacina\u00e7\u00e3o. De acordo com o Centro de Vigil\u00e2ncia Epidemiol\u00f3gica (CVE-SP), tr\u00eas novos registros foram contabilizados, elevando para seis o total de casos neste ano.<\/p>\n<p>Entre os novos casos, dois foram registrados em Lagoinha, no Vale do Para\u00edba, envolvendo homens de 53 e 56 anos que morreram em decorr\u00eancia da doen\u00e7a. O terceiro caso ocorreu em Ara\u00e7ariguama, na regi\u00e3o de Sorocaba, com um homem de 43 anos que se recuperou.<\/p>\n<p>Na semana anterior, o estado j\u00e1 havia confirmado outros tr\u00eas casos, incluindo uma morte em Cunha e dois pacientes que evolu\u00edram para cura em Cruzeiro. Segundo a Secretaria de Estado da Sa\u00fade, todos os pacientes diagnosticados em 2026 n\u00e3o haviam sido vacinados.<\/p>\n<p>Diante do cen\u00e1rio, o governo estadual refor\u00e7a que a vacina\u00e7\u00e3o continua sendo a principal forma de preven\u00e7\u00e3o contra a febre amarela. A imuniza\u00e7\u00e3o est\u00e1 dispon\u00edvel gratuitamente nas Unidades B\u00e1sicas de Sa\u00fade e \u00e9 recomendada para toda a popula\u00e7\u00e3o desde 2019.<\/p>\n<p>A orienta\u00e7\u00e3o \u00e9 que pessoas que pretendem viajar para \u00e1reas com risco de transmiss\u00e3o se vacinem com pelo menos 10 dias de anteced\u00eancia. A medida garante prote\u00e7\u00e3o antes de uma poss\u00edvel exposi\u00e7\u00e3o ao v\u00edrus.<\/p>\n<p>Al\u00e9m da vacina\u00e7\u00e3o, o estado mant\u00e9m a\u00e7\u00f5es de monitoramento e capacita\u00e7\u00e3o de profissionais de sa\u00fade para aprimorar o diagn\u00f3stico, especialmente em casos que podem ser confundidos com dengue.<\/p>\n<p>As autoridades tamb\u00e9m orientam que qualquer caso suspeito seja comunicado imediatamente aos servi\u00e7os de sa\u00fade, contribuindo para resposta r\u00e1pida e redu\u00e7\u00e3o do risco de transmiss\u00e3o da doen\u00e7a.<\/p>\n<p>LEIA MAIS<\/p>\n<p><a href=\"https:\/\/redenoticiaz.com.br\/blog\/2026\/04\/24\/jundiai-policia-apreende-mais-de-7-kg-de-drogas-e-prende-mulher-por-trafico\">Jundia\u00ed: pol\u00edcia apreende mais de 7 kg de drogas e prende mulher por tr\u00e1fico<\/a><\/p>\n<p><a href=\"https:\/\/redenoticiaz.com.br\/blog\/2026\/04\/24\/cajamar-rodeo-fest-2026-entra-na-contagem-regressiva-com-estrutura-pronta-e-ingressos-perto-do-ultimo-lote\">Cajamar Rodeo Fest 2026 entra na contagem regressiva com estrutura pronta e ingressos perto do \u00faltimo lote<\/a><\/p>\n","protected":false},"excerpt":{"rendered":"<p>O estado de S\u00e3o Paulo confirmou novos casos de febre amarela em 2026 e acendeu o alerta para a import\u00e2ncia da vacina\u00e7\u00e3o. De acordo com o Centro de Vigil\u00e2ncia Epidemiol\u00f3gica (CVE-SP), tr\u00eas novos registros foram contabilizados, elevando para seis o total de casos neste ano. Entre os novos casos, dois foram registrados em Lagoinha, no &hellip;<\/p>\n","protected":false},"author":30,"featured_media":121427,"comment_status":"open","ping_status":"closed","sticky":false,"template":"","format":"standard","meta":{"footnotes":""},"categories":[23],"tags":[10722,79,65],"class_list":["post-121426","post","type-post","status-publish","format-standard","has-post-thumbnail","hentry","category-saude","tag-febre-amarela","tag-mortes","tag-sao-paulo"],"yoast_head":"<!-- This site is optimized with the Yoast SEO plugin v27.4 - https:\/\/yoast.com\/product\/yoast-seo-wordpress\/ -->\n<title>S\u00e3o Paulo confirma novos casos de febre amarela e registra mortes em 2026 - Litoral SP<\/title>\n<meta name=\"description\" content=\"S\u00e3o Paulo confirma seis casos de febre amarela em 2026, com mortes registradas. Autoridades refor\u00e7am a import\u00e2ncia da vacina\u00e7\u00e3o.\" \/>\n<meta name=\"robots\" content=\"index, follow, max-snippet:-1, max-image-preview:large, max-video-preview:-1\" \/>\n<link rel=\"canonical\" href=\"https:\/\/redenoticiaz.com.br\/litoralsp\/2026\/04\/26\/sao-paulo-confirma-novos-casos-de-febre-amarela-e-registra-mortes-em-2026\" \/>\n<meta property=\"og:locale\" content=\"pt_BR\" \/>\n<meta property=\"og:type\" content=\"article\" \/>\n<meta property=\"og:title\" content=\"S\u00e3o Paulo confirma novos casos de febre amarela e registra mortes em 2026 - Litoral SP\" \/>\n<meta property=\"og:description\" content=\"S\u00e3o Paulo confirma seis casos de febre amarela em 2026, com mortes registradas. Autoridades refor\u00e7am a import\u00e2ncia da vacina\u00e7\u00e3o.\" \/>\n<meta property=\"og:url\" content=\"https:\/\/redenoticiaz.com.br\/litoralsp\/2026\/04\/26\/sao-paulo-confirma-novos-casos-de-febre-amarela-e-registra-mortes-em-2026\" \/>\n<meta property=\"og:site_name\" content=\"Litoral SP\" \/>\n<meta property=\"article:published_time\" content=\"2026-04-26T15:00:25+00:00\" \/>\n<meta property=\"og:image\" content=\"https:\/\/redenoticiaz.com.br\/litoralsp\/wp-content\/uploads\/sites\/3\/2026\/04\/dia-d-multivacinacao-dengue-7-1536x1024-1.jpg?v=1757091153\" \/>\n\t<meta property=\"og:image:width\" content=\"1536\" \/>\n\t<meta property=\"og:image:height\" content=\"1024\" \/>\n\t<meta property=\"og:image:type\" content=\"image\/jpeg\" \/>\n<meta name=\"author\" content=\"Carina Reifonas\" \/>\n<meta name=\"twitter:card\" content=\"summary_large_image\" \/>\n<meta name=\"twitter:label1\" content=\"Escrito por\" \/>\n\t<meta name=\"twitter:data1\" content=\"Carina Reifonas\" \/>\n\t<meta name=\"twitter:label2\" content=\"Est. tempo de leitura\" \/>\n\t<meta name=\"twitter:data2\" content=\"2 minutos\" \/>\n<script type=\"application\/ld+json\" class=\"yoast-schema-graph\">{\"@context\":\"https:\\\/\\\/schema.org\",\"@graph\":[{\"@type\":\"Article\",\"@id\":\"https:\\\/\\\/redenoticiaz.com.br\\\/litoralsp\\\/2026\\\/04\\\/26\\\/sao-paulo-confirma-novos-casos-de-febre-amarela-e-registra-mortes-em-2026#article\",\"isPartOf\":{\"@id\":\"https:\\\/\\\/redenoticiaz.com.br\\\/litoralsp\\\/2026\\\/04\\\/26\\\/sao-paulo-confirma-novos-casos-de-febre-amarela-e-registra-mortes-em-2026\"},\"author\":{\"name\":\"Carina Reifonas\",\"@id\":\"https:\\\/\\\/redenoticiaz.com.br\\\/litoralsp\\\/#\\\/schema\\\/person\\\/1f84d6e94e6a62d2d81199d7503e9e90\"},\"headline\":\"S\u00e3o Paulo confirma novos casos de febre amarela e registra mortes em 2026\",\"datePublished\":\"2026-04-26T15:00:25+00:00\",\"mainEntityOfPage\":{\"@id\":\"https:\\\/\\\/redenoticiaz.com.br\\\/litoralsp\\\/2026\\\/04\\\/26\\\/sao-paulo-confirma-novos-casos-de-febre-amarela-e-registra-mortes-em-2026\"},\"wordCount\":343,\"commentCount\":0,\"publisher\":{\"@id\":\"https:\\\/\\\/redenoticiaz.com.br\\\/litoralsp\\\/#organization\"},\"image\":{\"@id\":\"https:\\\/\\\/redenoticiaz.com.br\\\/litoralsp\\\/2026\\\/04\\\/26\\\/sao-paulo-confirma-novos-casos-de-febre-amarela-e-registra-mortes-em-2026#primaryimage\"},\"thumbnailUrl\":\"https:\\\/\\\/redenoticiaz.com.br\\\/litoralsp\\\/wp-content\\\/uploads\\\/sites\\\/3\\\/2026\\\/04\\\/dia-d-multivacinacao-dengue-7-1536x1024-1.jpg?v=1757091153\",\"keywords\":[\"FEBRE AMARELA\",\"MORTES\",\"S\u00e3o Paulo\"],\"articleSection\":[\"Sa\u00fade\"],\"inLanguage\":\"pt-BR\",\"potentialAction\":[{\"@type\":\"CommentAction\",\"name\":\"Comment\",\"target\":[\"https:\\\/\\\/redenoticiaz.com.br\\\/litoralsp\\\/2026\\\/04\\\/26\\\/sao-paulo-confirma-novos-casos-de-febre-amarela-e-registra-mortes-em-2026#respond\"]}]},{\"@type\":\"WebPage\",\"@id\":\"https:\\\/\\\/redenoticiaz.com.br\\\/litoralsp\\\/2026\\\/04\\\/26\\\/sao-paulo-confirma-novos-casos-de-febre-amarela-e-registra-mortes-em-2026\",\"url\":\"https:\\\/\\\/redenoticiaz.com.br\\\/litoralsp\\\/2026\\\/04\\\/26\\\/sao-paulo-confirma-novos-casos-de-febre-amarela-e-registra-mortes-em-2026\",\"name\":\"S\u00e3o Paulo confirma novos casos de febre amarela e registra mortes em 2026 - Litoral SP\",\"isPartOf\":{\"@id\":\"https:\\\/\\\/redenoticiaz.com.br\\\/litoralsp\\\/#website\"},\"primaryImageOfPage\":{\"@id\":\"https:\\\/\\\/redenoticiaz.com.br\\\/litoralsp\\\/2026\\\/04\\\/26\\\/sao-paulo-confirma-novos-casos-de-febre-amarela-e-registra-mortes-em-2026#primaryimage\"},\"image\":{\"@id\":\"https:\\\/\\\/redenoticiaz.com.br\\\/litoralsp\\\/2026\\\/04\\\/26\\\/sao-paulo-confirma-novos-casos-de-febre-amarela-e-registra-mortes-em-2026#primaryimage\"},\"thumbnailUrl\":\"https:\\\/\\\/redenoticiaz.com.br\\\/litoralsp\\\/wp-content\\\/uploads\\\/sites\\\/3\\\/2026\\\/04\\\/dia-d-multivacinacao-dengue-7-1536x1024-1.jpg?v=1757091153\",\"datePublished\":\"2026-04-26T15:00:25+00:00\",\"description\":\"S\u00e3o Paulo confirma seis casos de febre amarela em 2026, com mortes registradas. Autoridades refor\u00e7am a import\u00e2ncia da vacina\u00e7\u00e3o.\",\"inLanguage\":\"pt-BR\",\"potentialAction\":[{\"@type\":\"ReadAction\",\"target\":[\"https:\\\/\\\/redenoticiaz.com.br\\\/litoralsp\\\/2026\\\/04\\\/26\\\/sao-paulo-confirma-novos-casos-de-febre-amarela-e-registra-mortes-em-2026\"]}]},{\"@type\":\"ImageObject\",\"inLanguage\":\"pt-BR\",\"@id\":\"https:\\\/\\\/redenoticiaz.com.br\\\/litoralsp\\\/2026\\\/04\\\/26\\\/sao-paulo-confirma-novos-casos-de-febre-amarela-e-registra-mortes-em-2026#primaryimage\",\"url\":\"https:\\\/\\\/redenoticiaz.com.br\\\/litoralsp\\\/wp-content\\\/uploads\\\/sites\\\/3\\\/2026\\\/04\\\/dia-d-multivacinacao-dengue-7-1536x1024-1.jpg?v=1757091153\",\"contentUrl\":\"https:\\\/\\\/redenoticiaz.com.br\\\/litoralsp\\\/wp-content\\\/uploads\\\/sites\\\/3\\\/2026\\\/04\\\/dia-d-multivacinacao-dengue-7-1536x1024-1.jpg?v=1757091153\",\"width\":1536,\"height\":1024,\"caption\":\"Vacina\u00e7\u00e3o\"},{\"@type\":\"WebSite\",\"@id\":\"https:\\\/\\\/redenoticiaz.com.br\\\/litoralsp\\\/#website\",\"url\":\"https:\\\/\\\/redenoticiaz.com.br\\\/litoralsp\\\/\",\"name\":\"Litoral SP\",\"description\":\"Rede NoticiaZ\",\"publisher\":{\"@id\":\"https:\\\/\\\/redenoticiaz.com.br\\\/litoralsp\\\/#organization\"},\"potentialAction\":[{\"@type\":\"SearchAction\",\"target\":{\"@type\":\"EntryPoint\",\"urlTemplate\":\"https:\\\/\\\/redenoticiaz.com.br\\\/litoralsp\\\/?s={search_term_string}\"},\"query-input\":{\"@type\":\"PropertyValueSpecification\",\"valueRequired\":true,\"valueName\":\"search_term_string\"}}],\"inLanguage\":\"pt-BR\"},{\"@type\":\"Organization\",\"@id\":\"https:\\\/\\\/redenoticiaz.com.br\\\/litoralsp\\\/#organization\",\"name\":\"Litoral SP\",\"url\":\"https:\\\/\\\/redenoticiaz.com.br\\\/litoralsp\\\/\",\"logo\":{\"@type\":\"ImageObject\",\"inLanguage\":\"pt-BR\",\"@id\":\"https:\\\/\\\/redenoticiaz.com.br\\\/litoralsp\\\/#\\\/schema\\\/logo\\\/image\\\/\",\"url\":\"https:\\\/\\\/redenoticiaz.com.br\\\/litoralsp\\\/wp-content\\\/uploads\\\/sites\\\/3\\\/2020\\\/11\\\/logo.jpg\",\"contentUrl\":\"https:\\\/\\\/redenoticiaz.com.br\\\/litoralsp\\\/wp-content\\\/uploads\\\/sites\\\/3\\\/2020\\\/11\\\/logo.jpg\",\"width\":400,\"height\":250,\"caption\":\"Litoral SP\"},\"image\":{\"@id\":\"https:\\\/\\\/redenoticiaz.com.br\\\/litoralsp\\\/#\\\/schema\\\/logo\\\/image\\\/\"}},{\"@type\":\"Person\",\"@id\":\"https:\\\/\\\/redenoticiaz.com.br\\\/litoralsp\\\/#\\\/schema\\\/person\\\/1f84d6e94e6a62d2d81199d7503e9e90\",\"name\":\"Carina Reifonas\",\"image\":{\"@type\":\"ImageObject\",\"inLanguage\":\"pt-BR\",\"@id\":\"https:\\\/\\\/secure.gravatar.com\\\/avatar\\\/04c59859b23696cf867715880f81d5c037e60109730bdb4e6670ec2a2245bc97?s=96&d=mm&r=g\",\"url\":\"https:\\\/\\\/secure.gravatar.com\\\/avatar\\\/04c59859b23696cf867715880f81d5c037e60109730bdb4e6670ec2a2245bc97?s=96&d=mm&r=g\",\"contentUrl\":\"https:\\\/\\\/secure.gravatar.com\\\/avatar\\\/04c59859b23696cf867715880f81d5c037e60109730bdb4e6670ec2a2245bc97?s=96&d=mm&r=g\",\"caption\":\"Carina Reifonas\"},\"url\":\"https:\\\/\\\/redenoticiaz.com.br\\\/litoralsp\\\/author\\\/carinareifonas\"}]}<\/script>\n<!-- \/ Yoast SEO plugin. -->","yoast_head_json":{"title":"S\u00e3o Paulo confirma novos casos de febre amarela e registra mortes em 2026 - Litoral SP","description":"S\u00e3o Paulo confirma seis casos de febre amarela em 2026, com mortes registradas. Autoridades refor\u00e7am a import\u00e2ncia da vacina\u00e7\u00e3o.","robots":{"index":"index","follow":"follow","max-snippet":"max-snippet:-1","max-image-preview":"max-image-preview:large","max-video-preview":"max-video-preview:-1"},"canonical":"https:\/\/redenoticiaz.com.br\/litoralsp\/2026\/04\/26\/sao-paulo-confirma-novos-casos-de-febre-amarela-e-registra-mortes-em-2026","og_locale":"pt_BR","og_type":"article","og_title":"S\u00e3o Paulo confirma novos casos de febre amarela e registra mortes em 2026 - Litoral SP","og_description":"S\u00e3o Paulo confirma seis casos de febre amarela em 2026, com mortes registradas. Autoridades refor\u00e7am a import\u00e2ncia da vacina\u00e7\u00e3o.","og_url":"https:\/\/redenoticiaz.com.br\/litoralsp\/2026\/04\/26\/sao-paulo-confirma-novos-casos-de-febre-amarela-e-registra-mortes-em-2026","og_site_name":"Litoral SP","article_published_time":"2026-04-26T15:00:25+00:00","og_image":[{"width":1536,"height":1024,"url":"https:\/\/redenoticiaz.com.br\/litoralsp\/wp-content\/uploads\/sites\/3\/2026\/04\/dia-d-multivacinacao-dengue-7-1536x1024-1.jpg?v=1757091153","type":"image\/jpeg"}],"author":"Carina Reifonas","twitter_card":"summary_large_image","twitter_misc":{"Escrito por":"Carina Reifonas","Est. tempo de leitura":"2 minutos"},"schema":{"@context":"https:\/\/schema.org","@graph":[{"@type":"Article","@id":"https:\/\/redenoticiaz.com.br\/litoralsp\/2026\/04\/26\/sao-paulo-confirma-novos-casos-de-febre-amarela-e-registra-mortes-em-2026#article","isPartOf":{"@id":"https:\/\/redenoticiaz.com.br\/litoralsp\/2026\/04\/26\/sao-paulo-confirma-novos-casos-de-febre-amarela-e-registra-mortes-em-2026"},"author":{"name":"Carina Reifonas","@id":"https:\/\/redenoticiaz.com.br\/litoralsp\/#\/schema\/person\/1f84d6e94e6a62d2d81199d7503e9e90"},"headline":"S\u00e3o Paulo confirma novos casos de febre amarela e registra mortes em 2026","datePublished":"2026-04-26T15:00:25+00:00","mainEntityOfPage":{"@id":"https:\/\/redenoticiaz.com.br\/litoralsp\/2026\/04\/26\/sao-paulo-confirma-novos-casos-de-febre-amarela-e-registra-mortes-em-2026"},"wordCount":343,"commentCount":0,"publisher":{"@id":"https:\/\/redenoticiaz.com.br\/litoralsp\/#organization"},"image":{"@id":"https:\/\/redenoticiaz.com.br\/litoralsp\/2026\/04\/26\/sao-paulo-confirma-novos-casos-de-febre-amarela-e-registra-mortes-em-2026#primaryimage"},"thumbnailUrl":"https:\/\/redenoticiaz.com.br\/litoralsp\/wp-content\/uploads\/sites\/3\/2026\/04\/dia-d-multivacinacao-dengue-7-1536x1024-1.jpg?v=1757091153","keywords":["FEBRE AMARELA","MORTES","S\u00e3o Paulo"],"articleSection":["Sa\u00fade"],"inLanguage":"pt-BR","potentialAction":[{"@type":"CommentAction","name":"Comment","target":["https:\/\/redenoticiaz.com.br\/litoralsp\/2026\/04\/26\/sao-paulo-confirma-novos-casos-de-febre-amarela-e-registra-mortes-em-2026#respond"]}]},{"@type":"WebPage","@id":"https:\/\/redenoticiaz.com.br\/litoralsp\/2026\/04\/26\/sao-paulo-confirma-novos-casos-de-febre-amarela-e-registra-mortes-em-2026","url":"https:\/\/redenoticiaz.com.br\/litoralsp\/2026\/04\/26\/sao-paulo-confirma-novos-casos-de-febre-amarela-e-registra-mortes-em-2026","name":"S\u00e3o Paulo confirma novos casos de febre amarela e registra mortes em 2026 - Litoral SP","isPartOf":{"@id":"https:\/\/redenoticiaz.com.br\/litoralsp\/#website"},"primaryImageOfPage":{"@id":"https:\/\/redenoticiaz.com.br\/litoralsp\/2026\/04\/26\/sao-paulo-confirma-novos-casos-de-febre-amarela-e-registra-mortes-em-2026#primaryimage"},"image":{"@id":"https:\/\/redenoticiaz.com.br\/litoralsp\/2026\/04\/26\/sao-paulo-confirma-novos-casos-de-febre-amarela-e-registra-mortes-em-2026#primaryimage"},"thumbnailUrl":"https:\/\/redenoticiaz.com.br\/litoralsp\/wp-content\/uploads\/sites\/3\/2026\/04\/dia-d-multivacinacao-dengue-7-1536x1024-1.jpg?v=1757091153","datePublished":"2026-04-26T15:00:25+00:00","description":"S\u00e3o Paulo confirma seis casos de febre amarela em 2026, com mortes registradas. Autoridades refor\u00e7am a import\u00e2ncia da vacina\u00e7\u00e3o.","inLanguage":"pt-BR","potentialAction":[{"@type":"ReadAction","target":["https:\/\/redenoticiaz.com.br\/litoralsp\/2026\/04\/26\/sao-paulo-confirma-novos-casos-de-febre-amarela-e-registra-mortes-em-2026"]}]},{"@type":"ImageObject","inLanguage":"pt-BR","@id":"https:\/\/redenoticiaz.com.br\/litoralsp\/2026\/04\/26\/sao-paulo-confirma-novos-casos-de-febre-amarela-e-registra-mortes-em-2026#primaryimage","url":"https:\/\/redenoticiaz.com.br\/litoralsp\/wp-content\/uploads\/sites\/3\/2026\/04\/dia-d-multivacinacao-dengue-7-1536x1024-1.jpg?v=1757091153","contentUrl":"https:\/\/redenoticiaz.com.br\/litoralsp\/wp-content\/uploads\/sites\/3\/2026\/04\/dia-d-multivacinacao-dengue-7-1536x1024-1.jpg?v=1757091153","width":1536,"height":1024,"caption":"Vacina\u00e7\u00e3o"},{"@type":"WebSite","@id":"https:\/\/redenoticiaz.com.br\/litoralsp\/#website","url":"https:\/\/redenoticiaz.com.br\/litoralsp\/","name":"Litoral SP","description":"Rede NoticiaZ","publisher":{"@id":"https:\/\/redenoticiaz.com.br\/litoralsp\/#organization"},"potentialAction":[{"@type":"SearchAction","target":{"@type":"EntryPoint","urlTemplate":"https:\/\/redenoticiaz.com.br\/litoralsp\/?s={search_term_string}"},"query-input":{"@type":"PropertyValueSpecification","valueRequired":true,"valueName":"search_term_string"}}],"inLanguage":"pt-BR"},{"@type":"Organization","@id":"https:\/\/redenoticiaz.com.br\/litoralsp\/#organization","name":"Litoral SP","url":"https:\/\/redenoticiaz.com.br\/litoralsp\/","logo":{"@type":"ImageObject","inLanguage":"pt-BR","@id":"https:\/\/redenoticiaz.com.br\/litoralsp\/#\/schema\/logo\/image\/","url":"https:\/\/redenoticiaz.com.br\/litoralsp\/wp-content\/uploads\/sites\/3\/2020\/11\/logo.jpg","contentUrl":"https:\/\/redenoticiaz.com.br\/litoralsp\/wp-content\/uploads\/sites\/3\/2020\/11\/logo.jpg","width":400,"height":250,"caption":"Litoral SP"},"image":{"@id":"https:\/\/redenoticiaz.com.br\/litoralsp\/#\/schema\/logo\/image\/"}},{"@type":"Person","@id":"https:\/\/redenoticiaz.com.br\/litoralsp\/#\/schema\/person\/1f84d6e94e6a62d2d81199d7503e9e90","name":"Carina Reifonas","image":{"@type":"ImageObject","inLanguage":"pt-BR","@id":"https:\/\/secure.gravatar.com\/avatar\/04c59859b23696cf867715880f81d5c037e60109730bdb4e6670ec2a2245bc97?s=96&d=mm&r=g","url":"https:\/\/secure.gravatar.com\/avatar\/04c59859b23696cf867715880f81d5c037e60109730bdb4e6670ec2a2245bc97?s=96&d=mm&r=g","contentUrl":"https:\/\/secure.gravatar.com\/avatar\/04c59859b23696cf867715880f81d5c037e60109730bdb4e6670ec2a2245bc97?s=96&d=mm&r=g","caption":"Carina Reifonas"},"url":"https:\/\/redenoticiaz.com.br\/litoralsp\/author\/carinareifonas"}]}},"_links":{"self":[{"href":"https:\/\/redenoticiaz.com.br\/litoralsp\/wp-json\/wp\/v2\/posts\/121426","targetHints":{"allow":["GET"]}}],"collection":[{"href":"https:\/\/redenoticiaz.com.br\/litoralsp\/wp-json\/wp\/v2\/posts"}],"about":[{"href":"https:\/\/redenoticiaz.com.br\/litoralsp\/wp-json\/wp\/v2\/types\/post"}],"author":[{"embeddable":true,"href":"https:\/\/redenoticiaz.com.br\/litoralsp\/wp-json\/wp\/v2\/users\/30"}],"replies":[{"embeddable":true,"href":"https:\/\/redenoticiaz.com.br\/litoralsp\/wp-json\/wp\/v2\/comments?post=121426"}],"version-history":[{"count":1,"href":"https:\/\/redenoticiaz.com.br\/litoralsp\/wp-json\/wp\/v2\/posts\/121426\/revisions"}],"predecessor-version":[{"id":121428,"href":"https:\/\/redenoticiaz.com.br\/litoralsp\/wp-json\/wp\/v2\/posts\/121426\/revisions\/121428"}],"wp:featuredmedia":[{"embeddable":true,"href":"https:\/\/redenoticiaz.com.br\/litoralsp\/wp-json\/wp\/v2\/media\/121427"}],"wp:attachment":[{"href":"https:\/\/redenoticiaz.com.br\/litoralsp\/wp-json\/wp\/v2\/media?parent=121426"}],"wp:term":[{"taxonomy":"category","embeddable":true,"href":"https:\/\/redenoticiaz.com.br\/litoralsp\/wp-json\/wp\/v2\/categories?post=121426"},{"taxonomy":"post_tag","embeddable":true,"href":"https:\/\/redenoticiaz.com.br\/litoralsp\/wp-json\/wp\/v2\/tags?post=121426"}],"curies":[{"name":"wp","href":"https:\/\/api.w.org\/{rel}","templated":true}]}}