{"id":12181,"date":"2021-08-02T15:29:19","date_gmt":"2021-08-02T18:29:19","guid":{"rendered":"https:\/\/redenoticiaz.com.br\/litoralsp\/2021\/08\/02\/acompanhe-o-resumao-das-olimpiadas-de-toquio"},"modified":"2021-08-02T15:32:26","modified_gmt":"2021-08-02T18:32:26","slug":"acompanhe-o-resumao-das-olimpiadas-de-toquio","status":"publish","type":"post","link":"https:\/\/redenoticiaz.com.br\/litoralsp\/2021\/08\/02\/acompanhe-o-resumao-das-olimpiadas-de-toquio","title":{"rendered":"Acompanhe o resum\u00e3o das Olimp\u00edadas de T\u00f3quio"},"content":{"rendered":"<p>A segunda-feira (2) para o <strong>Brasil<\/strong> n\u00e3o teve um grande desempenho nas <a href=\"https:\/\/olympics.com\/ioc\/overview\">Olimp\u00edadas de T\u00f3quio<\/a>. Foram muitas elimina\u00e7\u00f5es, despedidas, mas tamb\u00e9m ocorreram classifica\u00e7\u00f5es no v\u00f4lei de quadra, de praia e na canoagem, com a estreia de Isaquias Queiroz, dono de tr\u00eas medalhas na Rio 2016.<\/p>\n<p>O cano\u00edsta come\u00e7ou a sua participa\u00e7\u00e3o nas duplas com Jacky Godmann no C2 1.000m na canoagem. Eles disputaram as eliminat\u00f3rias e quartas de final da prova em um espa\u00e7o de duas horas. Mas al\u00e9m da prova, os atletas tiveram um outro obst\u00e1culo: o calor. As temperaturas atingiram 32\u00baC, mas a sensa\u00e7\u00e3o passou de 39\u00baC.<\/p>\n<p>Depois de n\u00e3o conseguir a classifica\u00e7\u00e3o antecipada na primeira bateria classificat\u00f3ria, a dupla seguiu adiante passando pelas quartas de final da categoria ao vencer a bateria com o tempo de 3m48s611. Agora, Isaquias e Jacky voltam a competir na noite desta segunda-feira, a partir de 21h52 (de Bras\u00edlia), j\u00e1 manh\u00e3 de ter\u00e7a em T\u00f3quio. A final, valendo medalha, est\u00e1 marcada para a mesma noite, \u00e0s 23h53 (de Bras\u00edlia).<\/p>\n<h3>Regata<\/h3>\n<p>Aconteceria nesta segunda-feira a regata da classe 49erFX de vela, onde as brasileiras Martine Grael e Kahena Kunze disputariam a conquista de alguma medalha. Mas ela foi adiada porque faltaram ventos para a disputa. Assim, a disputa da medalha, que envolve diretamente as brasileiras\u00a0 ser\u00e1 nesta ter\u00e7a-feira. O hor\u00e1rio ainda n\u00e3o est\u00e1 definido pela organiza\u00e7\u00e3o.<\/p>\n<div class=\"mc-column content-text active-extra-styles \" data-block-type=\"unstyled\" data-block-weight=\"41\" data-block-id=\"32\">\n<p class=\"content-text__container \" data-track-category=\"Link no Texto\" data-track-links=\"\">As brasileiras est\u00e3o na segunda posi\u00e7\u00e3o geral, com 70 pontos perdidos. As holandesas Annemiek Bekkering e Annette Duetz t\u00eam o mesmo total, mas vencem no crit\u00e9rio de desempate. Em terceiro est\u00e3o as alem\u00e3s Tina Lutz e Susann Beucke, com 73.<\/p>\n<h3 data-track-category=\"Link no Texto\">V\u00f4lei de quadra e de praia<\/h3>\n<p>No v\u00f4lei, o desempenho brasileiro foi distinto. Houveram vit\u00f3rias, mas tamb\u00e9m elimina\u00e7\u00f5es. Na quadra, as brasileiras terminaram a frase de grupos com 100% de aproveitamento vencendo o Qu\u00eania, comandado pelo brasileiro Luizomar de Moura.<\/p>\n<p>Sem maiores problemas, a equipe de Jos\u00e9 Roberto Guimar\u00e3es venceu as quenianas por 3 sets a 0, parciais de 25\/10, 25\/16 e 25\/8. Agora as meninas ter\u00e3o o Comit\u00ea Ol\u00edmpico Russo nas quartas de final.<\/p>\n<p>J\u00e1 nas areias, a dupla Alison e \u00c1lvaro Filho conseguiu garantir a vaga para as quartas de final. Em menos de 40 minutos, os brasileiros venceram o M\u00e9xico por 2 sets a 0, parciais de 21\/14 e 21\/13. O pr\u00f3ximo desafio ser\u00e1 a dupla da Let\u00f4nia, Plavins e Tocs. Esta dupla europeia, ali\u00e1s foi a respons\u00e1vel por eliminar outra dupla brasileira, Evandro e Bruno Schmidt ao baterem por 2 sets a 0, parciais 21\/19 e 21\/18.<\/p>\n<h3>Gin\u00e1stica se despede ap\u00f3s grande hist\u00f3ria<\/h3>\n<figure id=\"attachment_64076\" aria-describedby=\"caption-attachment-64076\" style=\"width: 293px\" class=\"wp-caption alignleft\"><img loading=\"lazy\" decoding=\"async\" class=\"size-medium wp-image-64076\" src=\"https:\/\/redenoticiaz.com.br\/wp-content\/uploads\/2021\/08\/rebeca-andrade-293x220.jpeg\" alt=\"\" width=\"293\" height=\"220\" \/><figcaption id=\"caption-attachment-64076\" class=\"wp-caption-text\">Cr\u00e9ditos: Divulga\u00e7\u00e3o\/CBG.<\/figcaption><\/figure>\n<p>Acabou a participa\u00e7\u00e3o do Brasil na gin\u00e1stica e com muitas fa\u00e7anhas hist\u00f3ricas. Come\u00e7ando por Rebeca Andrade, que ap\u00f3s brilhar e conquistar medalhas de prata no individual geral e o ouro no salto, tentou mais uma conquista no solo. Ela fez uma grande apresenta\u00e7\u00e3o, mas o detalhe de ter pisado fora do tablado de apresenta\u00e7\u00e3o, terminou em quinto lugar.<\/p>\n<p>Ainda no mesmo ambiente, o Brasil viu Arthur Zanetti arriscar na sa\u00edda da competi\u00e7\u00e3o de argolas para buscar uma medalha. N\u00e3o deu certo, e o campe\u00e3o ol\u00edmpico em Londres se despediu do Jap\u00e3o sem subir ao p\u00f3dio, assim como Caio Souza, oitavo no salto.<\/p>\n<h3>Handebol eliminado<\/h3>\n<p>O handebol brasileiro foi eliminado ainda na primeira fase. Tanto o masculino, como o feminino n\u00e3o foram bem. As mulheres tiveram a \u00faltima chance ao encararem a Fran\u00e7a. As brasileiras ainda chegaram a ter vantagem no placar, mas falharam demais tanto no aproveitamento dos arremessos quanto no esfor\u00e7o defensivo e n\u00e3o foram p\u00e1reo para as atuais vice-campe\u00e3s ol\u00edmpicas, na \u00faltima rodada da fase de grupos.<\/p>\n<p>Ap\u00f3s o jogo, a veterana Alexandra, de 29 anos,\u00a0anunciou a aposentadoria. Campe\u00e3 mundial em 2013, ela pretende ser m\u00e3e em breve.<\/p>\n<h3>Atletismo<\/h3>\n<p>No atletismo, o desempenho tamb\u00e9m foi muito abaixo do ideal. Nos 200m feminino, Vit\u00f3ria Rosa e Ana Carolina Azevedo n\u00e3o passaram da fase eliminat\u00f3ria.<\/p>\n<div class=\"mc-column content-text active-extra-styles \" data-block-type=\"unstyled\" data-block-weight=\"26\" data-block-id=\"33\">\n<p class=\"content-text__container \" data-track-category=\"Link no Texto\" data-track-links=\"\">No dia em que completou 26 anos, Izabela da Silva representou pela primeira vez o atletismo feminino em uma final ol\u00edmpica no lan\u00e7amento de disco.<\/p>\n<\/div>\n<div class=\"mc-column content-text active-extra-styles \" data-block-type=\"unstyled\" data-block-weight=\"28\" data-block-id=\"34\">\n<p class=\"content-text__container \" data-track-category=\"Link no Texto\" data-track-links=\"\">A brasileira teve 60m39 e\u00a0terminou com a 11\u00aa coloca\u00e7\u00e3o. O ouro ficou com a estadunidense Valarie Allman, que conseguiu a marca de 68m98 logo no primeiro arremesso.<\/p>\n<p data-track-category=\"Link no Texto\" data-track-links=\"\"><strong>LEIA TAMB\u00c9M<\/strong><\/p>\n<p data-track-category=\"Link no Texto\" data-track-links=\"\"><a href=\"https:\/\/redenoticiaz.com.br\/blog\/2021\/08\/01\/confira-os-outros-destaques-das-olimpiadas-de-toquio\">Confira os outros destaques das Olimp\u00edadas de T\u00f3quio<\/a><\/p>\n<\/div>\n<\/div>\n","protected":false},"excerpt":{"rendered":"<p>A segunda-feira (2) para o Brasil n\u00e3o teve um grande desempenho nas Olimp\u00edadas de T\u00f3quio. Foram muitas elimina\u00e7\u00f5es, despedidas, mas tamb\u00e9m ocorreram classifica\u00e7\u00f5es no v\u00f4lei de quadra, de praia e na canoagem, com a estreia de Isaquias Queiroz, dono de tr\u00eas medalhas na Rio 2016. O cano\u00edsta come\u00e7ou a sua participa\u00e7\u00e3o nas duplas com Jacky &hellip;<\/p>\n","protected":false},"author":6,"featured_media":12182,"comment_status":"open","ping_status":"closed","sticky":false,"template":"","format":"standard","meta":{"footnotes":""},"categories":[28092],"tags":[28964,173,29179,12195,25633,28711,28465,29029],"class_list":["post-12181","post","type-post","status-publish","format-standard","has-post-thumbnail","hentry","category-olimpiadas","tag-atletismo","tag-brasil","tag-desempenho","tag-jogos-olimpicos","tag-olimpiadas-de-toquio","tag-vela","tag-volei-de-praia","tag-volei-feminino"],"yoast_head":"<!-- This site is optimized with the Yoast SEO plugin v27.5 - https:\/\/yoast.com\/product\/yoast-seo-wordpress\/ -->\n<title>Acompanhe o resum\u00e3o das Olimp\u00edadas de T\u00f3quio - Litoral SP<\/title>\n<meta name=\"description\" content=\"segunda-feira (2) para o Brasil n\u00e3o teve um grande desempenho nas Olimp\u00edadas de T\u00f3quio. Foram muitas elimina\u00e7\u00f5es, despedidas, mas\" \/>\n<meta name=\"robots\" content=\"index, follow, max-snippet:-1, max-image-preview:large, max-video-preview:-1\" \/>\n<link rel=\"canonical\" href=\"https:\/\/redenoticiaz.com.br\/litoralsp\/2021\/08\/02\/acompanhe-o-resumao-das-olimpiadas-de-toquio\" \/>\n<meta property=\"og:locale\" content=\"pt_BR\" \/>\n<meta property=\"og:type\" content=\"article\" \/>\n<meta property=\"og:title\" content=\"Acompanhe o resum\u00e3o das Olimp\u00edadas de T\u00f3quio - Litoral SP\" \/>\n<meta property=\"og:description\" content=\"segunda-feira (2) para o Brasil n\u00e3o teve um grande desempenho nas Olimp\u00edadas de T\u00f3quio. Foram muitas elimina\u00e7\u00f5es, despedidas, mas\" \/>\n<meta property=\"og:url\" content=\"https:\/\/redenoticiaz.com.br\/litoralsp\/2021\/08\/02\/acompanhe-o-resumao-das-olimpiadas-de-toquio\" \/>\n<meta property=\"og:site_name\" content=\"Litoral SP\" \/>\n<meta property=\"article:published_time\" content=\"2021-08-02T18:29:19+00:00\" \/>\n<meta property=\"article:modified_time\" content=\"2021-08-02T18:32:26+00:00\" \/>\n<meta property=\"og:image\" content=\"https:\/\/redenoticiaz.com.br\/litoralsp\/wp-content\/uploads\/sites\/3\/2021\/08\/br-volei.jpg\" \/>\n\t<meta property=\"og:image:width\" content=\"984\" \/>\n\t<meta property=\"og:image:height\" content=\"704\" \/>\n\t<meta property=\"og:image:type\" content=\"image\/jpeg\" \/>\n<meta name=\"author\" content=\"Leonardo Francisco\" \/>\n<meta name=\"twitter:card\" content=\"summary_large_image\" \/>\n<meta name=\"twitter:label1\" content=\"Escrito por\" \/>\n\t<meta name=\"twitter:data1\" content=\"Leonardo Francisco\" \/>\n\t<meta name=\"twitter:label2\" content=\"Est. tempo de leitura\" \/>\n\t<meta name=\"twitter:data2\" content=\"4 minutos\" \/>\n<script type=\"application\/ld+json\" class=\"yoast-schema-graph\">{\"@context\":\"https:\\\/\\\/schema.org\",\"@graph\":[{\"@type\":\"Article\",\"@id\":\"https:\\\/\\\/redenoticiaz.com.br\\\/litoralsp\\\/2021\\\/08\\\/02\\\/acompanhe-o-resumao-das-olimpiadas-de-toquio#article\",\"isPartOf\":{\"@id\":\"https:\\\/\\\/redenoticiaz.com.br\\\/litoralsp\\\/2021\\\/08\\\/02\\\/acompanhe-o-resumao-das-olimpiadas-de-toquio\"},\"author\":{\"name\":\"Leonardo Francisco\",\"@id\":\"https:\\\/\\\/redenoticiaz.com.br\\\/litoralsp\\\/#\\\/schema\\\/person\\\/0f0b8a5bdafefe82841e07ae8d81ecb3\"},\"headline\":\"Acompanhe o resum\u00e3o das Olimp\u00edadas de T\u00f3quio\",\"datePublished\":\"2021-08-02T18:29:19+00:00\",\"dateModified\":\"2021-08-02T18:32:26+00:00\",\"mainEntityOfPage\":{\"@id\":\"https:\\\/\\\/redenoticiaz.com.br\\\/litoralsp\\\/2021\\\/08\\\/02\\\/acompanhe-o-resumao-das-olimpiadas-de-toquio\"},\"wordCount\":783,\"commentCount\":0,\"publisher\":{\"@id\":\"https:\\\/\\\/redenoticiaz.com.br\\\/litoralsp\\\/#organization\"},\"image\":{\"@id\":\"https:\\\/\\\/redenoticiaz.com.br\\\/litoralsp\\\/2021\\\/08\\\/02\\\/acompanhe-o-resumao-das-olimpiadas-de-toquio#primaryimage\"},\"thumbnailUrl\":\"https:\\\/\\\/redenoticiaz.com.br\\\/litoralsp\\\/wp-content\\\/uploads\\\/sites\\\/3\\\/2021\\\/08\\\/br-volei.jpg\",\"keywords\":[\"ATLETISMO\",\"Brasil\",\"DESEMPENHO\",\"JOGOS OL\u00cdMPICOS\",\"OLIMP\u00cdADAS DE T\u00d3QUIO\",\"VELA\",\"V\u00d4LEI DE PRAIA\",\"V\u00d4LEI FEMININO\"],\"articleSection\":[\"Olimp\u00edadas\"],\"inLanguage\":\"pt-BR\",\"potentialAction\":[{\"@type\":\"CommentAction\",\"name\":\"Comment\",\"target\":[\"https:\\\/\\\/redenoticiaz.com.br\\\/litoralsp\\\/2021\\\/08\\\/02\\\/acompanhe-o-resumao-das-olimpiadas-de-toquio#respond\"]}]},{\"@type\":\"WebPage\",\"@id\":\"https:\\\/\\\/redenoticiaz.com.br\\\/litoralsp\\\/2021\\\/08\\\/02\\\/acompanhe-o-resumao-das-olimpiadas-de-toquio\",\"url\":\"https:\\\/\\\/redenoticiaz.com.br\\\/litoralsp\\\/2021\\\/08\\\/02\\\/acompanhe-o-resumao-das-olimpiadas-de-toquio\",\"name\":\"Acompanhe o resum\u00e3o das Olimp\u00edadas de T\u00f3quio - Litoral SP\",\"isPartOf\":{\"@id\":\"https:\\\/\\\/redenoticiaz.com.br\\\/litoralsp\\\/#website\"},\"primaryImageOfPage\":{\"@id\":\"https:\\\/\\\/redenoticiaz.com.br\\\/litoralsp\\\/2021\\\/08\\\/02\\\/acompanhe-o-resumao-das-olimpiadas-de-toquio#primaryimage\"},\"image\":{\"@id\":\"https:\\\/\\\/redenoticiaz.com.br\\\/litoralsp\\\/2021\\\/08\\\/02\\\/acompanhe-o-resumao-das-olimpiadas-de-toquio#primaryimage\"},\"thumbnailUrl\":\"https:\\\/\\\/redenoticiaz.com.br\\\/litoralsp\\\/wp-content\\\/uploads\\\/sites\\\/3\\\/2021\\\/08\\\/br-volei.jpg\",\"datePublished\":\"2021-08-02T18:29:19+00:00\",\"dateModified\":\"2021-08-02T18:32:26+00:00\",\"description\":\"segunda-feira (2) para o Brasil n\u00e3o teve um grande desempenho nas Olimp\u00edadas de T\u00f3quio. Foram muitas elimina\u00e7\u00f5es, despedidas, mas\",\"inLanguage\":\"pt-BR\",\"potentialAction\":[{\"@type\":\"ReadAction\",\"target\":[\"https:\\\/\\\/redenoticiaz.com.br\\\/litoralsp\\\/2021\\\/08\\\/02\\\/acompanhe-o-resumao-das-olimpiadas-de-toquio\"]}]},{\"@type\":\"ImageObject\",\"inLanguage\":\"pt-BR\",\"@id\":\"https:\\\/\\\/redenoticiaz.com.br\\\/litoralsp\\\/2021\\\/08\\\/02\\\/acompanhe-o-resumao-das-olimpiadas-de-toquio#primaryimage\",\"url\":\"https:\\\/\\\/redenoticiaz.com.br\\\/litoralsp\\\/wp-content\\\/uploads\\\/sites\\\/3\\\/2021\\\/08\\\/br-volei.jpg\",\"contentUrl\":\"https:\\\/\\\/redenoticiaz.com.br\\\/litoralsp\\\/wp-content\\\/uploads\\\/sites\\\/3\\\/2021\\\/08\\\/br-volei.jpg\",\"width\":984,\"height\":704,\"caption\":\"No v\u00f4lei est\u00e1 com 100% de aproveitamento e vai encarar a R\u00fassia.\"},{\"@type\":\"WebSite\",\"@id\":\"https:\\\/\\\/redenoticiaz.com.br\\\/litoralsp\\\/#website\",\"url\":\"https:\\\/\\\/redenoticiaz.com.br\\\/litoralsp\\\/\",\"name\":\"Litoral SP\",\"description\":\"Rede NoticiaZ\",\"publisher\":{\"@id\":\"https:\\\/\\\/redenoticiaz.com.br\\\/litoralsp\\\/#organization\"},\"potentialAction\":[{\"@type\":\"SearchAction\",\"target\":{\"@type\":\"EntryPoint\",\"urlTemplate\":\"https:\\\/\\\/redenoticiaz.com.br\\\/litoralsp\\\/?s={search_term_string}\"},\"query-input\":{\"@type\":\"PropertyValueSpecification\",\"valueRequired\":true,\"valueName\":\"search_term_string\"}}],\"inLanguage\":\"pt-BR\"},{\"@type\":\"Organization\",\"@id\":\"https:\\\/\\\/redenoticiaz.com.br\\\/litoralsp\\\/#organization\",\"name\":\"Litoral SP\",\"url\":\"https:\\\/\\\/redenoticiaz.com.br\\\/litoralsp\\\/\",\"logo\":{\"@type\":\"ImageObject\",\"inLanguage\":\"pt-BR\",\"@id\":\"https:\\\/\\\/redenoticiaz.com.br\\\/litoralsp\\\/#\\\/schema\\\/logo\\\/image\\\/\",\"url\":\"https:\\\/\\\/redenoticiaz.com.br\\\/litoralsp\\\/wp-content\\\/uploads\\\/sites\\\/3\\\/2020\\\/11\\\/logo.jpg\",\"contentUrl\":\"https:\\\/\\\/redenoticiaz.com.br\\\/litoralsp\\\/wp-content\\\/uploads\\\/sites\\\/3\\\/2020\\\/11\\\/logo.jpg\",\"width\":400,\"height\":250,\"caption\":\"Litoral SP\"},\"image\":{\"@id\":\"https:\\\/\\\/redenoticiaz.com.br\\\/litoralsp\\\/#\\\/schema\\\/logo\\\/image\\\/\"}},{\"@type\":\"Person\",\"@id\":\"https:\\\/\\\/redenoticiaz.com.br\\\/litoralsp\\\/#\\\/schema\\\/person\\\/0f0b8a5bdafefe82841e07ae8d81ecb3\",\"name\":\"Leonardo Francisco\",\"image\":{\"@type\":\"ImageObject\",\"inLanguage\":\"pt-BR\",\"@id\":\"https:\\\/\\\/secure.gravatar.com\\\/avatar\\\/a7358cb406a99b682ec6df1e77e31ae82e63601f6784e8a3df411d72b37864da?s=96&d=mm&r=g\",\"url\":\"https:\\\/\\\/secure.gravatar.com\\\/avatar\\\/a7358cb406a99b682ec6df1e77e31ae82e63601f6784e8a3df411d72b37864da?s=96&d=mm&r=g\",\"contentUrl\":\"https:\\\/\\\/secure.gravatar.com\\\/avatar\\\/a7358cb406a99b682ec6df1e77e31ae82e63601f6784e8a3df411d72b37864da?s=96&d=mm&r=g\",\"caption\":\"Leonardo Francisco\"},\"url\":\"https:\\\/\\\/redenoticiaz.com.br\\\/litoralsp\\\/author\\\/leonardo-francisco\"}]}<\/script>\n<!-- \/ Yoast SEO plugin. -->","yoast_head_json":{"title":"Acompanhe o resum\u00e3o das Olimp\u00edadas de T\u00f3quio - Litoral SP","description":"segunda-feira (2) para o Brasil n\u00e3o teve um grande desempenho nas Olimp\u00edadas de T\u00f3quio. Foram muitas elimina\u00e7\u00f5es, despedidas, mas","robots":{"index":"index","follow":"follow","max-snippet":"max-snippet:-1","max-image-preview":"max-image-preview:large","max-video-preview":"max-video-preview:-1"},"canonical":"https:\/\/redenoticiaz.com.br\/litoralsp\/2021\/08\/02\/acompanhe-o-resumao-das-olimpiadas-de-toquio","og_locale":"pt_BR","og_type":"article","og_title":"Acompanhe o resum\u00e3o das Olimp\u00edadas de T\u00f3quio - Litoral SP","og_description":"segunda-feira (2) para o Brasil n\u00e3o teve um grande desempenho nas Olimp\u00edadas de T\u00f3quio. Foram muitas elimina\u00e7\u00f5es, despedidas, mas","og_url":"https:\/\/redenoticiaz.com.br\/litoralsp\/2021\/08\/02\/acompanhe-o-resumao-das-olimpiadas-de-toquio","og_site_name":"Litoral SP","article_published_time":"2021-08-02T18:29:19+00:00","article_modified_time":"2021-08-02T18:32:26+00:00","og_image":[{"width":984,"height":704,"url":"https:\/\/redenoticiaz.com.br\/litoralsp\/wp-content\/uploads\/sites\/3\/2021\/08\/br-volei.jpg","type":"image\/jpeg"}],"author":"Leonardo Francisco","twitter_card":"summary_large_image","twitter_misc":{"Escrito por":"Leonardo Francisco","Est. tempo de leitura":"4 minutos"},"schema":{"@context":"https:\/\/schema.org","@graph":[{"@type":"Article","@id":"https:\/\/redenoticiaz.com.br\/litoralsp\/2021\/08\/02\/acompanhe-o-resumao-das-olimpiadas-de-toquio#article","isPartOf":{"@id":"https:\/\/redenoticiaz.com.br\/litoralsp\/2021\/08\/02\/acompanhe-o-resumao-das-olimpiadas-de-toquio"},"author":{"name":"Leonardo Francisco","@id":"https:\/\/redenoticiaz.com.br\/litoralsp\/#\/schema\/person\/0f0b8a5bdafefe82841e07ae8d81ecb3"},"headline":"Acompanhe o resum\u00e3o das Olimp\u00edadas de T\u00f3quio","datePublished":"2021-08-02T18:29:19+00:00","dateModified":"2021-08-02T18:32:26+00:00","mainEntityOfPage":{"@id":"https:\/\/redenoticiaz.com.br\/litoralsp\/2021\/08\/02\/acompanhe-o-resumao-das-olimpiadas-de-toquio"},"wordCount":783,"commentCount":0,"publisher":{"@id":"https:\/\/redenoticiaz.com.br\/litoralsp\/#organization"},"image":{"@id":"https:\/\/redenoticiaz.com.br\/litoralsp\/2021\/08\/02\/acompanhe-o-resumao-das-olimpiadas-de-toquio#primaryimage"},"thumbnailUrl":"https:\/\/redenoticiaz.com.br\/litoralsp\/wp-content\/uploads\/sites\/3\/2021\/08\/br-volei.jpg","keywords":["ATLETISMO","Brasil","DESEMPENHO","JOGOS OL\u00cdMPICOS","OLIMP\u00cdADAS DE T\u00d3QUIO","VELA","V\u00d4LEI DE PRAIA","V\u00d4LEI FEMININO"],"articleSection":["Olimp\u00edadas"],"inLanguage":"pt-BR","potentialAction":[{"@type":"CommentAction","name":"Comment","target":["https:\/\/redenoticiaz.com.br\/litoralsp\/2021\/08\/02\/acompanhe-o-resumao-das-olimpiadas-de-toquio#respond"]}]},{"@type":"WebPage","@id":"https:\/\/redenoticiaz.com.br\/litoralsp\/2021\/08\/02\/acompanhe-o-resumao-das-olimpiadas-de-toquio","url":"https:\/\/redenoticiaz.com.br\/litoralsp\/2021\/08\/02\/acompanhe-o-resumao-das-olimpiadas-de-toquio","name":"Acompanhe o resum\u00e3o das Olimp\u00edadas de T\u00f3quio - Litoral SP","isPartOf":{"@id":"https:\/\/redenoticiaz.com.br\/litoralsp\/#website"},"primaryImageOfPage":{"@id":"https:\/\/redenoticiaz.com.br\/litoralsp\/2021\/08\/02\/acompanhe-o-resumao-das-olimpiadas-de-toquio#primaryimage"},"image":{"@id":"https:\/\/redenoticiaz.com.br\/litoralsp\/2021\/08\/02\/acompanhe-o-resumao-das-olimpiadas-de-toquio#primaryimage"},"thumbnailUrl":"https:\/\/redenoticiaz.com.br\/litoralsp\/wp-content\/uploads\/sites\/3\/2021\/08\/br-volei.jpg","datePublished":"2021-08-02T18:29:19+00:00","dateModified":"2021-08-02T18:32:26+00:00","description":"segunda-feira (2) para o Brasil n\u00e3o teve um grande desempenho nas Olimp\u00edadas de T\u00f3quio. Foram muitas elimina\u00e7\u00f5es, despedidas, mas","inLanguage":"pt-BR","potentialAction":[{"@type":"ReadAction","target":["https:\/\/redenoticiaz.com.br\/litoralsp\/2021\/08\/02\/acompanhe-o-resumao-das-olimpiadas-de-toquio"]}]},{"@type":"ImageObject","inLanguage":"pt-BR","@id":"https:\/\/redenoticiaz.com.br\/litoralsp\/2021\/08\/02\/acompanhe-o-resumao-das-olimpiadas-de-toquio#primaryimage","url":"https:\/\/redenoticiaz.com.br\/litoralsp\/wp-content\/uploads\/sites\/3\/2021\/08\/br-volei.jpg","contentUrl":"https:\/\/redenoticiaz.com.br\/litoralsp\/wp-content\/uploads\/sites\/3\/2021\/08\/br-volei.jpg","width":984,"height":704,"caption":"No v\u00f4lei est\u00e1 com 100% de aproveitamento e vai encarar a R\u00fassia."},{"@type":"WebSite","@id":"https:\/\/redenoticiaz.com.br\/litoralsp\/#website","url":"https:\/\/redenoticiaz.com.br\/litoralsp\/","name":"Litoral SP","description":"Rede NoticiaZ","publisher":{"@id":"https:\/\/redenoticiaz.com.br\/litoralsp\/#organization"},"potentialAction":[{"@type":"SearchAction","target":{"@type":"EntryPoint","urlTemplate":"https:\/\/redenoticiaz.com.br\/litoralsp\/?s={search_term_string}"},"query-input":{"@type":"PropertyValueSpecification","valueRequired":true,"valueName":"search_term_string"}}],"inLanguage":"pt-BR"},{"@type":"Organization","@id":"https:\/\/redenoticiaz.com.br\/litoralsp\/#organization","name":"Litoral SP","url":"https:\/\/redenoticiaz.com.br\/litoralsp\/","logo":{"@type":"ImageObject","inLanguage":"pt-BR","@id":"https:\/\/redenoticiaz.com.br\/litoralsp\/#\/schema\/logo\/image\/","url":"https:\/\/redenoticiaz.com.br\/litoralsp\/wp-content\/uploads\/sites\/3\/2020\/11\/logo.jpg","contentUrl":"https:\/\/redenoticiaz.com.br\/litoralsp\/wp-content\/uploads\/sites\/3\/2020\/11\/logo.jpg","width":400,"height":250,"caption":"Litoral SP"},"image":{"@id":"https:\/\/redenoticiaz.com.br\/litoralsp\/#\/schema\/logo\/image\/"}},{"@type":"Person","@id":"https:\/\/redenoticiaz.com.br\/litoralsp\/#\/schema\/person\/0f0b8a5bdafefe82841e07ae8d81ecb3","name":"Leonardo Francisco","image":{"@type":"ImageObject","inLanguage":"pt-BR","@id":"https:\/\/secure.gravatar.com\/avatar\/a7358cb406a99b682ec6df1e77e31ae82e63601f6784e8a3df411d72b37864da?s=96&d=mm&r=g","url":"https:\/\/secure.gravatar.com\/avatar\/a7358cb406a99b682ec6df1e77e31ae82e63601f6784e8a3df411d72b37864da?s=96&d=mm&r=g","contentUrl":"https:\/\/secure.gravatar.com\/avatar\/a7358cb406a99b682ec6df1e77e31ae82e63601f6784e8a3df411d72b37864da?s=96&d=mm&r=g","caption":"Leonardo Francisco"},"url":"https:\/\/redenoticiaz.com.br\/litoralsp\/author\/leonardo-francisco"}]}},"_links":{"self":[{"href":"https:\/\/redenoticiaz.com.br\/litoralsp\/wp-json\/wp\/v2\/posts\/12181","targetHints":{"allow":["GET"]}}],"collection":[{"href":"https:\/\/redenoticiaz.com.br\/litoralsp\/wp-json\/wp\/v2\/posts"}],"about":[{"href":"https:\/\/redenoticiaz.com.br\/litoralsp\/wp-json\/wp\/v2\/types\/post"}],"author":[{"embeddable":true,"href":"https:\/\/redenoticiaz.com.br\/litoralsp\/wp-json\/wp\/v2\/users\/6"}],"replies":[{"embeddable":true,"href":"https:\/\/redenoticiaz.com.br\/litoralsp\/wp-json\/wp\/v2\/comments?post=12181"}],"version-history":[{"count":1,"href":"https:\/\/redenoticiaz.com.br\/litoralsp\/wp-json\/wp\/v2\/posts\/12181\/revisions"}],"predecessor-version":[{"id":12183,"href":"https:\/\/redenoticiaz.com.br\/litoralsp\/wp-json\/wp\/v2\/posts\/12181\/revisions\/12183"}],"wp:featuredmedia":[{"embeddable":true,"href":"https:\/\/redenoticiaz.com.br\/litoralsp\/wp-json\/wp\/v2\/media\/12182"}],"wp:attachment":[{"href":"https:\/\/redenoticiaz.com.br\/litoralsp\/wp-json\/wp\/v2\/media?parent=12181"}],"wp:term":[{"taxonomy":"category","embeddable":true,"href":"https:\/\/redenoticiaz.com.br\/litoralsp\/wp-json\/wp\/v2\/categories?post=12181"},{"taxonomy":"post_tag","embeddable":true,"href":"https:\/\/redenoticiaz.com.br\/litoralsp\/wp-json\/wp\/v2\/tags?post=12181"}],"curies":[{"name":"wp","href":"https:\/\/api.w.org\/{rel}","templated":true}]}}