{"id":12193,"date":"2021-08-02T18:18:37","date_gmt":"2021-08-02T21:18:37","guid":{"rendered":"https:\/\/redenoticiaz.com.br\/litoralsp\/?p=12193"},"modified":"2021-08-02T18:19:18","modified_gmt":"2021-08-02T21:19:18","slug":"onibus-bate-em-trator-e-deixa-passageiros-feridos","status":"publish","type":"post","link":"https:\/\/redenoticiaz.com.br\/litoralsp\/2021\/08\/02\/onibus-bate-em-trator-e-deixa-passageiros-feridos","title":{"rendered":"\u00d4nibus bate em trator e deixa passageiros feridos"},"content":{"rendered":"<p>Um <strong>\u00f4nibus intermunicipal<\/strong> bateu contra um trator no viaduto M\u00e1rio Covas, em <a href=\"https:\/\/www.saovicente.sp.gov.br\/publico\/\">S\u00e3o Vicente<\/a>, nesta segunda-feira (2). Devido ao impacto, os passageiros do coletivo ficaram feridos e precisaram ser levados para receberem atendimento m\u00e9dico.<\/p>\n<p>O acidente aconteceu ainda no per\u00edodo da manh\u00e3, quando o \u00f4nibus da linha 939, que sai da \u00c1rea Continental de S\u00e3o Vicente, sentido Santos, bateu na traseira do trator-m\u00e1quina escavadeira. Segundo a BR Mobilidade, respons\u00e1vel pelo sistema do transporte intermunicipal, o \u00f4nibus bateu ap\u00f3s o trator parar no viaduto. N\u00e3o houve tempo de frear.<\/p>\n<div class=\"mc-column content-text active-extra-styles \" data-block-type=\"unstyled\" data-block-weight=\"48\" data-block-id=\"4\">\n<p class=\"content-text__container \" data-track-category=\"Link no Texto\" data-track-links=\"\">Devido ao impacto, tr\u00eas passageiros tiveram ferimentos leves e foram socorridos pelo SAMU ao pronto-socorro de S\u00e3o Vicente. O caso foi registrado na Delegacia Eletr\u00f4nica, e a Empresa Metropolitana de Transportes Urbanos (EMTU) de S\u00e3o Paulo acompanha as circunst\u00e2ncias do acidente com a pol\u00edcia.<\/p>\n<\/div>\n<div class=\"mc-column content-text active-extra-styles \" data-block-type=\"unstyled\" data-block-weight=\"42\" data-block-id=\"5\">\n<p class=\"content-text__container \" data-track-category=\"Link no Texto\" data-track-links=\"\">Ainda de acordo com a EMTU, a vistoria do ve\u00edculo estava em dia. A \u00faltima vistoria ocorreu no dia 14 de julho de 2021. Por enquanto n\u00e3o h\u00e1 informa\u00e7\u00f5es sobre o estado de sa\u00fade dos passageiros feridos.<\/p>\n<p data-track-category=\"Link no Texto\" data-track-links=\"\"><strong>LEIA TAMB\u00c9M<\/strong><\/p>\n<p data-track-category=\"Link no Texto\" data-track-links=\"\"><a href=\"https:\/\/redenoticiaz.com.br\/litoralsp\/2021\/07\/31\/video-ambulante-entra-em-briga-com-gcm-em-sao-vicente\">V\u00cdDEO: Ambulante entra em briga com GCM em S\u00e3o Vicente<\/a><\/p>\n<\/div>\n","protected":false},"excerpt":{"rendered":"<p>Um \u00f4nibus intermunicipal bateu contra um trator no viaduto M\u00e1rio Covas, em S\u00e3o Vicente, nesta segunda-feira (2). Devido ao impacto, os passageiros do coletivo ficaram feridos e precisaram ser levados para receberem atendimento m\u00e9dico. O acidente aconteceu ainda no per\u00edodo da manh\u00e3, quando o \u00f4nibus da linha 939, que sai da \u00c1rea Continental de S\u00e3o &hellip;<\/p>\n","protected":false},"author":6,"featured_media":12194,"comment_status":"open","ping_status":"closed","sticky":false,"template":"","format":"standard","meta":{"footnotes":""},"categories":[181,5],"tags":[7,19772,33,16233,29243],"class_list":["post-12193","post","type-post","status-publish","format-standard","has-post-thumbnail","hentry","category-sao-vicente","category-transito","tag-acidente","tag-onibus-intermunicipal","tag-sao-vicente","tag-trator","tag-viaduto-mario-covas"],"yoast_head":"<!-- This site is optimized with the Yoast SEO plugin v27.4 - https:\/\/yoast.com\/product\/yoast-seo-wordpress\/ -->\n<title>\u00d4nibus bate em trator e deixa passageiros feridos - Litoral SP<\/title>\n<meta name=\"description\" content=\"Um \u00f4nibus intermunicipal bateu contra um trator no viaduto M\u00e1rio Covas, em S\u00e3o Vicente, nesta segunda-feira (2). Devido ao impacto\" \/>\n<meta name=\"robots\" content=\"index, follow, max-snippet:-1, max-image-preview:large, max-video-preview:-1\" \/>\n<link rel=\"canonical\" href=\"https:\/\/redenoticiaz.com.br\/litoralsp\/2021\/08\/02\/onibus-bate-em-trator-e-deixa-passageiros-feridos\" \/>\n<meta property=\"og:locale\" content=\"pt_BR\" \/>\n<meta property=\"og:type\" content=\"article\" \/>\n<meta property=\"og:title\" content=\"\u00d4nibus bate em trator e deixa passageiros feridos - Litoral SP\" \/>\n<meta property=\"og:description\" content=\"Um \u00f4nibus intermunicipal bateu contra um trator no viaduto M\u00e1rio Covas, em S\u00e3o Vicente, nesta segunda-feira (2). Devido ao impacto\" \/>\n<meta property=\"og:url\" content=\"https:\/\/redenoticiaz.com.br\/litoralsp\/2021\/08\/02\/onibus-bate-em-trator-e-deixa-passageiros-feridos\" \/>\n<meta property=\"og:site_name\" content=\"Litoral SP\" \/>\n<meta property=\"article:published_time\" content=\"2021-08-02T21:18:37+00:00\" \/>\n<meta property=\"article:modified_time\" content=\"2021-08-02T21:19:18+00:00\" \/>\n<meta property=\"og:image\" content=\"https:\/\/redenoticiaz.com.br\/litoralsp\/wp-content\/uploads\/sites\/3\/2021\/08\/busao-e1627939060211.jpg\" \/>\n\t<meta property=\"og:image:width\" content=\"997\" \/>\n\t<meta property=\"og:image:height\" content=\"777\" \/>\n\t<meta property=\"og:image:type\" content=\"image\/jpeg\" \/>\n<meta name=\"author\" content=\"Leonardo Francisco\" \/>\n<meta name=\"twitter:card\" content=\"summary_large_image\" \/>\n<meta name=\"twitter:label1\" content=\"Escrito por\" \/>\n\t<meta name=\"twitter:data1\" content=\"Leonardo Francisco\" \/>\n\t<meta name=\"twitter:label2\" content=\"Est. tempo de leitura\" \/>\n\t<meta name=\"twitter:data2\" content=\"1 minuto\" \/>\n<script type=\"application\/ld+json\" class=\"yoast-schema-graph\">{\"@context\":\"https:\\\/\\\/schema.org\",\"@graph\":[{\"@type\":\"Article\",\"@id\":\"https:\\\/\\\/redenoticiaz.com.br\\\/litoralsp\\\/2021\\\/08\\\/02\\\/onibus-bate-em-trator-e-deixa-passageiros-feridos#article\",\"isPartOf\":{\"@id\":\"https:\\\/\\\/redenoticiaz.com.br\\\/litoralsp\\\/2021\\\/08\\\/02\\\/onibus-bate-em-trator-e-deixa-passageiros-feridos\"},\"author\":{\"name\":\"Leonardo Francisco\",\"@id\":\"https:\\\/\\\/redenoticiaz.com.br\\\/litoralsp\\\/#\\\/schema\\\/person\\\/0f0b8a5bdafefe82841e07ae8d81ecb3\"},\"headline\":\"\u00d4nibus bate em trator e deixa passageiros feridos\",\"datePublished\":\"2021-08-02T21:18:37+00:00\",\"dateModified\":\"2021-08-02T21:19:18+00:00\",\"mainEntityOfPage\":{\"@id\":\"https:\\\/\\\/redenoticiaz.com.br\\\/litoralsp\\\/2021\\\/08\\\/02\\\/onibus-bate-em-trator-e-deixa-passageiros-feridos\"},\"wordCount\":207,\"commentCount\":0,\"publisher\":{\"@id\":\"https:\\\/\\\/redenoticiaz.com.br\\\/litoralsp\\\/#organization\"},\"image\":{\"@id\":\"https:\\\/\\\/redenoticiaz.com.br\\\/litoralsp\\\/2021\\\/08\\\/02\\\/onibus-bate-em-trator-e-deixa-passageiros-feridos#primaryimage\"},\"thumbnailUrl\":\"https:\\\/\\\/redenoticiaz.com.br\\\/litoralsp\\\/wp-content\\\/uploads\\\/sites\\\/3\\\/2021\\\/08\\\/busao-e1627939060211.jpg\",\"keywords\":[\"acidente\",\"\u00d4NIBUS INTERMUNICIPAL\",\"S\u00e3o Vicente\",\"TRATOR\",\"VIADUTO M\u00c1RIO COVAS\"],\"articleSection\":[\"S\u00e3o Vicente\",\"Tr\u00e2nsito\"],\"inLanguage\":\"pt-BR\",\"potentialAction\":[{\"@type\":\"CommentAction\",\"name\":\"Comment\",\"target\":[\"https:\\\/\\\/redenoticiaz.com.br\\\/litoralsp\\\/2021\\\/08\\\/02\\\/onibus-bate-em-trator-e-deixa-passageiros-feridos#respond\"]}]},{\"@type\":\"WebPage\",\"@id\":\"https:\\\/\\\/redenoticiaz.com.br\\\/litoralsp\\\/2021\\\/08\\\/02\\\/onibus-bate-em-trator-e-deixa-passageiros-feridos\",\"url\":\"https:\\\/\\\/redenoticiaz.com.br\\\/litoralsp\\\/2021\\\/08\\\/02\\\/onibus-bate-em-trator-e-deixa-passageiros-feridos\",\"name\":\"\u00d4nibus bate em trator e deixa passageiros feridos - Litoral SP\",\"isPartOf\":{\"@id\":\"https:\\\/\\\/redenoticiaz.com.br\\\/litoralsp\\\/#website\"},\"primaryImageOfPage\":{\"@id\":\"https:\\\/\\\/redenoticiaz.com.br\\\/litoralsp\\\/2021\\\/08\\\/02\\\/onibus-bate-em-trator-e-deixa-passageiros-feridos#primaryimage\"},\"image\":{\"@id\":\"https:\\\/\\\/redenoticiaz.com.br\\\/litoralsp\\\/2021\\\/08\\\/02\\\/onibus-bate-em-trator-e-deixa-passageiros-feridos#primaryimage\"},\"thumbnailUrl\":\"https:\\\/\\\/redenoticiaz.com.br\\\/litoralsp\\\/wp-content\\\/uploads\\\/sites\\\/3\\\/2021\\\/08\\\/busao-e1627939060211.jpg\",\"datePublished\":\"2021-08-02T21:18:37+00:00\",\"dateModified\":\"2021-08-02T21:19:18+00:00\",\"description\":\"Um \u00f4nibus intermunicipal bateu contra um trator no viaduto M\u00e1rio Covas, em S\u00e3o Vicente, nesta segunda-feira (2). Devido ao impacto\",\"inLanguage\":\"pt-BR\",\"potentialAction\":[{\"@type\":\"ReadAction\",\"target\":[\"https:\\\/\\\/redenoticiaz.com.br\\\/litoralsp\\\/2021\\\/08\\\/02\\\/onibus-bate-em-trator-e-deixa-passageiros-feridos\"]}]},{\"@type\":\"ImageObject\",\"inLanguage\":\"pt-BR\",\"@id\":\"https:\\\/\\\/redenoticiaz.com.br\\\/litoralsp\\\/2021\\\/08\\\/02\\\/onibus-bate-em-trator-e-deixa-passageiros-feridos#primaryimage\",\"url\":\"https:\\\/\\\/redenoticiaz.com.br\\\/litoralsp\\\/wp-content\\\/uploads\\\/sites\\\/3\\\/2021\\\/08\\\/busao-e1627939060211.jpg\",\"contentUrl\":\"https:\\\/\\\/redenoticiaz.com.br\\\/litoralsp\\\/wp-content\\\/uploads\\\/sites\\\/3\\\/2021\\\/08\\\/busao-e1627939060211.jpg\",\"width\":997,\"height\":777,\"caption\":\"Cr\u00e9ditos: Reprodu\u00e7\u00e3o\\\/Facebook.\"},{\"@type\":\"WebSite\",\"@id\":\"https:\\\/\\\/redenoticiaz.com.br\\\/litoralsp\\\/#website\",\"url\":\"https:\\\/\\\/redenoticiaz.com.br\\\/litoralsp\\\/\",\"name\":\"Litoral SP\",\"description\":\"Rede NoticiaZ\",\"publisher\":{\"@id\":\"https:\\\/\\\/redenoticiaz.com.br\\\/litoralsp\\\/#organization\"},\"potentialAction\":[{\"@type\":\"SearchAction\",\"target\":{\"@type\":\"EntryPoint\",\"urlTemplate\":\"https:\\\/\\\/redenoticiaz.com.br\\\/litoralsp\\\/?s={search_term_string}\"},\"query-input\":{\"@type\":\"PropertyValueSpecification\",\"valueRequired\":true,\"valueName\":\"search_term_string\"}}],\"inLanguage\":\"pt-BR\"},{\"@type\":\"Organization\",\"@id\":\"https:\\\/\\\/redenoticiaz.com.br\\\/litoralsp\\\/#organization\",\"name\":\"Litoral SP\",\"url\":\"https:\\\/\\\/redenoticiaz.com.br\\\/litoralsp\\\/\",\"logo\":{\"@type\":\"ImageObject\",\"inLanguage\":\"pt-BR\",\"@id\":\"https:\\\/\\\/redenoticiaz.com.br\\\/litoralsp\\\/#\\\/schema\\\/logo\\\/image\\\/\",\"url\":\"https:\\\/\\\/redenoticiaz.com.br\\\/litoralsp\\\/wp-content\\\/uploads\\\/sites\\\/3\\\/2020\\\/11\\\/logo.jpg\",\"contentUrl\":\"https:\\\/\\\/redenoticiaz.com.br\\\/litoralsp\\\/wp-content\\\/uploads\\\/sites\\\/3\\\/2020\\\/11\\\/logo.jpg\",\"width\":400,\"height\":250,\"caption\":\"Litoral SP\"},\"image\":{\"@id\":\"https:\\\/\\\/redenoticiaz.com.br\\\/litoralsp\\\/#\\\/schema\\\/logo\\\/image\\\/\"}},{\"@type\":\"Person\",\"@id\":\"https:\\\/\\\/redenoticiaz.com.br\\\/litoralsp\\\/#\\\/schema\\\/person\\\/0f0b8a5bdafefe82841e07ae8d81ecb3\",\"name\":\"Leonardo Francisco\",\"image\":{\"@type\":\"ImageObject\",\"inLanguage\":\"pt-BR\",\"@id\":\"https:\\\/\\\/secure.gravatar.com\\\/avatar\\\/a7358cb406a99b682ec6df1e77e31ae82e63601f6784e8a3df411d72b37864da?s=96&d=mm&r=g\",\"url\":\"https:\\\/\\\/secure.gravatar.com\\\/avatar\\\/a7358cb406a99b682ec6df1e77e31ae82e63601f6784e8a3df411d72b37864da?s=96&d=mm&r=g\",\"contentUrl\":\"https:\\\/\\\/secure.gravatar.com\\\/avatar\\\/a7358cb406a99b682ec6df1e77e31ae82e63601f6784e8a3df411d72b37864da?s=96&d=mm&r=g\",\"caption\":\"Leonardo Francisco\"},\"url\":\"https:\\\/\\\/redenoticiaz.com.br\\\/litoralsp\\\/author\\\/leonardo-francisco\"}]}<\/script>\n<!-- \/ Yoast SEO plugin. -->","yoast_head_json":{"title":"\u00d4nibus bate em trator e deixa passageiros feridos - Litoral SP","description":"Um \u00f4nibus intermunicipal bateu contra um trator no viaduto M\u00e1rio Covas, em S\u00e3o Vicente, nesta segunda-feira (2). Devido ao impacto","robots":{"index":"index","follow":"follow","max-snippet":"max-snippet:-1","max-image-preview":"max-image-preview:large","max-video-preview":"max-video-preview:-1"},"canonical":"https:\/\/redenoticiaz.com.br\/litoralsp\/2021\/08\/02\/onibus-bate-em-trator-e-deixa-passageiros-feridos","og_locale":"pt_BR","og_type":"article","og_title":"\u00d4nibus bate em trator e deixa passageiros feridos - Litoral SP","og_description":"Um \u00f4nibus intermunicipal bateu contra um trator no viaduto M\u00e1rio Covas, em S\u00e3o Vicente, nesta segunda-feira (2). Devido ao impacto","og_url":"https:\/\/redenoticiaz.com.br\/litoralsp\/2021\/08\/02\/onibus-bate-em-trator-e-deixa-passageiros-feridos","og_site_name":"Litoral SP","article_published_time":"2021-08-02T21:18:37+00:00","article_modified_time":"2021-08-02T21:19:18+00:00","og_image":[{"width":997,"height":777,"url":"https:\/\/redenoticiaz.com.br\/litoralsp\/wp-content\/uploads\/sites\/3\/2021\/08\/busao-e1627939060211.jpg","type":"image\/jpeg"}],"author":"Leonardo Francisco","twitter_card":"summary_large_image","twitter_misc":{"Escrito por":"Leonardo Francisco","Est. tempo de leitura":"1 minuto"},"schema":{"@context":"https:\/\/schema.org","@graph":[{"@type":"Article","@id":"https:\/\/redenoticiaz.com.br\/litoralsp\/2021\/08\/02\/onibus-bate-em-trator-e-deixa-passageiros-feridos#article","isPartOf":{"@id":"https:\/\/redenoticiaz.com.br\/litoralsp\/2021\/08\/02\/onibus-bate-em-trator-e-deixa-passageiros-feridos"},"author":{"name":"Leonardo Francisco","@id":"https:\/\/redenoticiaz.com.br\/litoralsp\/#\/schema\/person\/0f0b8a5bdafefe82841e07ae8d81ecb3"},"headline":"\u00d4nibus bate em trator e deixa passageiros feridos","datePublished":"2021-08-02T21:18:37+00:00","dateModified":"2021-08-02T21:19:18+00:00","mainEntityOfPage":{"@id":"https:\/\/redenoticiaz.com.br\/litoralsp\/2021\/08\/02\/onibus-bate-em-trator-e-deixa-passageiros-feridos"},"wordCount":207,"commentCount":0,"publisher":{"@id":"https:\/\/redenoticiaz.com.br\/litoralsp\/#organization"},"image":{"@id":"https:\/\/redenoticiaz.com.br\/litoralsp\/2021\/08\/02\/onibus-bate-em-trator-e-deixa-passageiros-feridos#primaryimage"},"thumbnailUrl":"https:\/\/redenoticiaz.com.br\/litoralsp\/wp-content\/uploads\/sites\/3\/2021\/08\/busao-e1627939060211.jpg","keywords":["acidente","\u00d4NIBUS INTERMUNICIPAL","S\u00e3o Vicente","TRATOR","VIADUTO M\u00c1RIO COVAS"],"articleSection":["S\u00e3o Vicente","Tr\u00e2nsito"],"inLanguage":"pt-BR","potentialAction":[{"@type":"CommentAction","name":"Comment","target":["https:\/\/redenoticiaz.com.br\/litoralsp\/2021\/08\/02\/onibus-bate-em-trator-e-deixa-passageiros-feridos#respond"]}]},{"@type":"WebPage","@id":"https:\/\/redenoticiaz.com.br\/litoralsp\/2021\/08\/02\/onibus-bate-em-trator-e-deixa-passageiros-feridos","url":"https:\/\/redenoticiaz.com.br\/litoralsp\/2021\/08\/02\/onibus-bate-em-trator-e-deixa-passageiros-feridos","name":"\u00d4nibus bate em trator e deixa passageiros feridos - Litoral SP","isPartOf":{"@id":"https:\/\/redenoticiaz.com.br\/litoralsp\/#website"},"primaryImageOfPage":{"@id":"https:\/\/redenoticiaz.com.br\/litoralsp\/2021\/08\/02\/onibus-bate-em-trator-e-deixa-passageiros-feridos#primaryimage"},"image":{"@id":"https:\/\/redenoticiaz.com.br\/litoralsp\/2021\/08\/02\/onibus-bate-em-trator-e-deixa-passageiros-feridos#primaryimage"},"thumbnailUrl":"https:\/\/redenoticiaz.com.br\/litoralsp\/wp-content\/uploads\/sites\/3\/2021\/08\/busao-e1627939060211.jpg","datePublished":"2021-08-02T21:18:37+00:00","dateModified":"2021-08-02T21:19:18+00:00","description":"Um \u00f4nibus intermunicipal bateu contra um trator no viaduto M\u00e1rio Covas, em S\u00e3o Vicente, nesta segunda-feira (2). Devido ao impacto","inLanguage":"pt-BR","potentialAction":[{"@type":"ReadAction","target":["https:\/\/redenoticiaz.com.br\/litoralsp\/2021\/08\/02\/onibus-bate-em-trator-e-deixa-passageiros-feridos"]}]},{"@type":"ImageObject","inLanguage":"pt-BR","@id":"https:\/\/redenoticiaz.com.br\/litoralsp\/2021\/08\/02\/onibus-bate-em-trator-e-deixa-passageiros-feridos#primaryimage","url":"https:\/\/redenoticiaz.com.br\/litoralsp\/wp-content\/uploads\/sites\/3\/2021\/08\/busao-e1627939060211.jpg","contentUrl":"https:\/\/redenoticiaz.com.br\/litoralsp\/wp-content\/uploads\/sites\/3\/2021\/08\/busao-e1627939060211.jpg","width":997,"height":777,"caption":"Cr\u00e9ditos: Reprodu\u00e7\u00e3o\/Facebook."},{"@type":"WebSite","@id":"https:\/\/redenoticiaz.com.br\/litoralsp\/#website","url":"https:\/\/redenoticiaz.com.br\/litoralsp\/","name":"Litoral SP","description":"Rede NoticiaZ","publisher":{"@id":"https:\/\/redenoticiaz.com.br\/litoralsp\/#organization"},"potentialAction":[{"@type":"SearchAction","target":{"@type":"EntryPoint","urlTemplate":"https:\/\/redenoticiaz.com.br\/litoralsp\/?s={search_term_string}"},"query-input":{"@type":"PropertyValueSpecification","valueRequired":true,"valueName":"search_term_string"}}],"inLanguage":"pt-BR"},{"@type":"Organization","@id":"https:\/\/redenoticiaz.com.br\/litoralsp\/#organization","name":"Litoral SP","url":"https:\/\/redenoticiaz.com.br\/litoralsp\/","logo":{"@type":"ImageObject","inLanguage":"pt-BR","@id":"https:\/\/redenoticiaz.com.br\/litoralsp\/#\/schema\/logo\/image\/","url":"https:\/\/redenoticiaz.com.br\/litoralsp\/wp-content\/uploads\/sites\/3\/2020\/11\/logo.jpg","contentUrl":"https:\/\/redenoticiaz.com.br\/litoralsp\/wp-content\/uploads\/sites\/3\/2020\/11\/logo.jpg","width":400,"height":250,"caption":"Litoral SP"},"image":{"@id":"https:\/\/redenoticiaz.com.br\/litoralsp\/#\/schema\/logo\/image\/"}},{"@type":"Person","@id":"https:\/\/redenoticiaz.com.br\/litoralsp\/#\/schema\/person\/0f0b8a5bdafefe82841e07ae8d81ecb3","name":"Leonardo Francisco","image":{"@type":"ImageObject","inLanguage":"pt-BR","@id":"https:\/\/secure.gravatar.com\/avatar\/a7358cb406a99b682ec6df1e77e31ae82e63601f6784e8a3df411d72b37864da?s=96&d=mm&r=g","url":"https:\/\/secure.gravatar.com\/avatar\/a7358cb406a99b682ec6df1e77e31ae82e63601f6784e8a3df411d72b37864da?s=96&d=mm&r=g","contentUrl":"https:\/\/secure.gravatar.com\/avatar\/a7358cb406a99b682ec6df1e77e31ae82e63601f6784e8a3df411d72b37864da?s=96&d=mm&r=g","caption":"Leonardo Francisco"},"url":"https:\/\/redenoticiaz.com.br\/litoralsp\/author\/leonardo-francisco"}]}},"_links":{"self":[{"href":"https:\/\/redenoticiaz.com.br\/litoralsp\/wp-json\/wp\/v2\/posts\/12193","targetHints":{"allow":["GET"]}}],"collection":[{"href":"https:\/\/redenoticiaz.com.br\/litoralsp\/wp-json\/wp\/v2\/posts"}],"about":[{"href":"https:\/\/redenoticiaz.com.br\/litoralsp\/wp-json\/wp\/v2\/types\/post"}],"author":[{"embeddable":true,"href":"https:\/\/redenoticiaz.com.br\/litoralsp\/wp-json\/wp\/v2\/users\/6"}],"replies":[{"embeddable":true,"href":"https:\/\/redenoticiaz.com.br\/litoralsp\/wp-json\/wp\/v2\/comments?post=12193"}],"version-history":[{"count":1,"href":"https:\/\/redenoticiaz.com.br\/litoralsp\/wp-json\/wp\/v2\/posts\/12193\/revisions"}],"predecessor-version":[{"id":12195,"href":"https:\/\/redenoticiaz.com.br\/litoralsp\/wp-json\/wp\/v2\/posts\/12193\/revisions\/12195"}],"wp:featuredmedia":[{"embeddable":true,"href":"https:\/\/redenoticiaz.com.br\/litoralsp\/wp-json\/wp\/v2\/media\/12194"}],"wp:attachment":[{"href":"https:\/\/redenoticiaz.com.br\/litoralsp\/wp-json\/wp\/v2\/media?parent=12193"}],"wp:term":[{"taxonomy":"category","embeddable":true,"href":"https:\/\/redenoticiaz.com.br\/litoralsp\/wp-json\/wp\/v2\/categories?post=12193"},{"taxonomy":"post_tag","embeddable":true,"href":"https:\/\/redenoticiaz.com.br\/litoralsp\/wp-json\/wp\/v2\/tags?post=12193"}],"curies":[{"name":"wp","href":"https:\/\/api.w.org\/{rel}","templated":true}]}}