{"id":12208,"date":"2021-08-03T12:31:23","date_gmt":"2021-08-03T15:31:23","guid":{"rendered":"https:\/\/redenoticiaz.com.br\/litoralsp\/2021\/08\/03\/abner-teixeira-perde-na-semifinal-do-boxe-mas-fatura-o-bronze"},"modified":"2021-08-03T12:35:38","modified_gmt":"2021-08-03T15:35:38","slug":"abner-teixeira-perde-na-semifinal-do-boxe-mas-fatura-o-bronze","status":"publish","type":"post","link":"https:\/\/redenoticiaz.com.br\/litoralsp\/2021\/08\/03\/abner-teixeira-perde-na-semifinal-do-boxe-mas-fatura-o-bronze","title":{"rendered":"Abner Teixeira perde na semifinal do boxe, mas fatura o bronze"},"content":{"rendered":"<p>O Brasil j\u00e1 tinha garantido uma medalha no boxe, devido a disputa da semifinal que <strong>Abner Teixeira<\/strong> no peso pesado (at\u00e9 91 kg). Ele tinha a perspectiva de chegar \u00e0 final dos <a href=\"https:\/\/olympics.com\/ioc\/overview\">Jogos Ol\u00edmpicos de T\u00f3quio<\/a>, mas parou no cubano Julio La Cruz. Assim o brasileiro ficou com a medalha de bronze, j\u00e1 que no boxe n\u00e3o h\u00e1 disputa de terceiro lugar.<\/p>\n<div class=\"mc-column content-text active-extra-styles \" data-block-type=\"unstyled\" data-block-weight=\"94\" data-block-id=\"8\">\n<p class=\"content-text__container \" data-track-category=\"Link no Texto\" data-track-links=\"\">Abner Teixeira tomou o centro do ringue no come\u00e7o, mas respeitou o cubano nos minutos iniciais, lutando na longa dist\u00e2ncia. La Cruz acertou um bom direto de direita para abrir os trabalhos. O brasileiro acertou um bom cruzado de direita e tocou a linha de cintura do advers\u00e1rio, que resolveu avan\u00e7ar.<\/p>\n<p class=\"content-text__container \" data-track-category=\"Link no Texto\" data-track-links=\"\">Abner come\u00e7ou a sentir confian\u00e7a e baixou a guarda como o oponente. Ele conectou alguns bons golpes, incluindo um cruzado de esquerda que fez La Cruz pedalar para tr\u00e1s. Mas o cubano tamb\u00e9m acertou bons diretos, que lhe deram a vantagem na pontua\u00e7\u00e3o.<\/p>\n<\/div>\n<div class=\"mc-column content-text active-extra-styles \" data-block-type=\"unstyled\" data-block-weight=\"72\" data-block-id=\"9\">\n<p class=\"content-text__container \" data-track-category=\"Link no Texto\" data-track-links=\"\">Abner conectou um bom gancho na linha de cintura e come\u00e7ou a soltar os diretos de esquerda de longe. Mas La Cruz combinava boas sequ\u00eancias de golpes na linha de cintura e cruzados na cabe\u00e7a. O brasileiro come\u00e7ou a buscar o clinche para aproximar La Cruz e cans\u00e1-lo. O cubano acelerou na reta final e, com sua esquiva em dia, evitou os contragolpes, enquanto conectava uppercuts e ganchos na linha de cintura.<\/p>\n<p data-track-category=\"Link no Texto\" data-track-links=\"\">Assim, Abner Teixeira precisava buscar um nocaute ou um round para convencer o juizado. Mas Julio La Cruz conseguia dar boas respostas com golpes na linha de cintura e ainda acertou golpes curtos at\u00e9 a vit\u00f3ria ser decretada.<\/p>\n<p data-track-category=\"Link no Texto\" data-track-links=\"\"><strong>LEIA TAMB\u00c9M<\/strong><\/p>\n<p data-track-category=\"Link no Texto\" data-track-links=\"\"><a href=\"https:\/\/redenoticiaz.com.br\/blog\/2021\/08\/03\/thiago-braz-volta-a-conquistar-medalha-olimpica-no-salto-com-vara\">Thiago Braz volta a conquistar medalha ol\u00edmpica no salto com vara<\/a><\/p>\n<\/div>\n","protected":false},"excerpt":{"rendered":"<p>O Brasil j\u00e1 tinha garantido uma medalha no boxe, devido a disputa da semifinal que Abner Teixeira no peso pesado (at\u00e9 91 kg). Ele tinha a perspectiva de chegar \u00e0 final dos Jogos Ol\u00edmpicos de T\u00f3quio, mas parou no cubano Julio La Cruz. Assim o brasileiro ficou com a medalha de bronze, j\u00e1 que no &hellip;<\/p>\n","protected":false},"author":6,"featured_media":12209,"comment_status":"open","ping_status":"closed","sticky":false,"template":"","format":"standard","meta":{"footnotes":""},"categories":[28092],"tags":[28935,2335,28532,25633,29281],"class_list":["post-12208","post","type-post","status-publish","format-standard","has-post-thumbnail","hentry","category-olimpiadas","tag-abner-teixeira","tag-boxe","tag-medalha-de-bronze","tag-olimpiadas-de-toquio","tag-peso-pesado-jogos-olimpicos"],"yoast_head":"<!-- This site is optimized with the Yoast SEO plugin v27.5 - https:\/\/yoast.com\/product\/yoast-seo-wordpress\/ -->\n<title>Abner Teixeira perde na semifinal do boxe, mas fatura o bronze - Litoral SP<\/title>\n<meta name=\"description\" content=\"O Brasil j\u00e1 tinha garantido uma medalha no boxe, devido a disputa da semifinal que Abner Teixeira no peso pesado (at\u00e9 91 kg). Ele\" \/>\n<meta name=\"robots\" content=\"index, follow, max-snippet:-1, max-image-preview:large, max-video-preview:-1\" \/>\n<link rel=\"canonical\" href=\"https:\/\/redenoticiaz.com.br\/litoralsp\/2021\/08\/03\/abner-teixeira-perde-na-semifinal-do-boxe-mas-fatura-o-bronze\" \/>\n<meta property=\"og:locale\" content=\"pt_BR\" \/>\n<meta property=\"og:type\" content=\"article\" \/>\n<meta property=\"og:title\" content=\"Abner Teixeira perde na semifinal do boxe, mas fatura o bronze - Litoral SP\" \/>\n<meta property=\"og:description\" content=\"O Brasil j\u00e1 tinha garantido uma medalha no boxe, devido a disputa da semifinal que Abner Teixeira no peso pesado (at\u00e9 91 kg). Ele\" \/>\n<meta property=\"og:url\" content=\"https:\/\/redenoticiaz.com.br\/litoralsp\/2021\/08\/03\/abner-teixeira-perde-na-semifinal-do-boxe-mas-fatura-o-bronze\" \/>\n<meta property=\"og:site_name\" content=\"Litoral SP\" \/>\n<meta property=\"article:published_time\" content=\"2021-08-03T15:31:23+00:00\" \/>\n<meta property=\"article:modified_time\" content=\"2021-08-03T15:35:38+00:00\" \/>\n<meta property=\"og:image\" content=\"https:\/\/redenoticiaz.com.br\/litoralsp\/wp-content\/uploads\/sites\/3\/2021\/08\/abner.jpg\" \/>\n\t<meta property=\"og:image:width\" content=\"984\" \/>\n\t<meta property=\"og:image:height\" content=\"644\" \/>\n\t<meta property=\"og:image:type\" content=\"image\/jpeg\" \/>\n<meta name=\"author\" content=\"Leonardo Francisco\" \/>\n<meta name=\"twitter:card\" content=\"summary_large_image\" \/>\n<meta name=\"twitter:label1\" content=\"Escrito por\" \/>\n\t<meta name=\"twitter:data1\" content=\"Leonardo Francisco\" \/>\n\t<meta name=\"twitter:label2\" content=\"Est. tempo de leitura\" \/>\n\t<meta name=\"twitter:data2\" content=\"1 minuto\" \/>\n<script type=\"application\/ld+json\" class=\"yoast-schema-graph\">{\"@context\":\"https:\\\/\\\/schema.org\",\"@graph\":[{\"@type\":\"Article\",\"@id\":\"https:\\\/\\\/redenoticiaz.com.br\\\/litoralsp\\\/2021\\\/08\\\/03\\\/abner-teixeira-perde-na-semifinal-do-boxe-mas-fatura-o-bronze#article\",\"isPartOf\":{\"@id\":\"https:\\\/\\\/redenoticiaz.com.br\\\/litoralsp\\\/2021\\\/08\\\/03\\\/abner-teixeira-perde-na-semifinal-do-boxe-mas-fatura-o-bronze\"},\"author\":{\"name\":\"Leonardo Francisco\",\"@id\":\"https:\\\/\\\/redenoticiaz.com.br\\\/litoralsp\\\/#\\\/schema\\\/person\\\/0f0b8a5bdafefe82841e07ae8d81ecb3\"},\"headline\":\"Abner Teixeira perde na semifinal do boxe, mas fatura o bronze\",\"datePublished\":\"2021-08-03T15:31:23+00:00\",\"dateModified\":\"2021-08-03T15:35:38+00:00\",\"mainEntityOfPage\":{\"@id\":\"https:\\\/\\\/redenoticiaz.com.br\\\/litoralsp\\\/2021\\\/08\\\/03\\\/abner-teixeira-perde-na-semifinal-do-boxe-mas-fatura-o-bronze\"},\"wordCount\":308,\"commentCount\":0,\"publisher\":{\"@id\":\"https:\\\/\\\/redenoticiaz.com.br\\\/litoralsp\\\/#organization\"},\"image\":{\"@id\":\"https:\\\/\\\/redenoticiaz.com.br\\\/litoralsp\\\/2021\\\/08\\\/03\\\/abner-teixeira-perde-na-semifinal-do-boxe-mas-fatura-o-bronze#primaryimage\"},\"thumbnailUrl\":\"https:\\\/\\\/redenoticiaz.com.br\\\/litoralsp\\\/wp-content\\\/uploads\\\/sites\\\/3\\\/2021\\\/08\\\/abner.jpg\",\"keywords\":[\"ABNER TEIXEIRA\",\"BOXE\",\"MEDALHA DE BRONZE\",\"OLIMP\u00cdADAS DE T\u00d3QUIO\",\"PESO PESADO JOGOS OL\u00cdMPICOS\"],\"articleSection\":[\"Olimp\u00edadas\"],\"inLanguage\":\"pt-BR\",\"potentialAction\":[{\"@type\":\"CommentAction\",\"name\":\"Comment\",\"target\":[\"https:\\\/\\\/redenoticiaz.com.br\\\/litoralsp\\\/2021\\\/08\\\/03\\\/abner-teixeira-perde-na-semifinal-do-boxe-mas-fatura-o-bronze#respond\"]}]},{\"@type\":\"WebPage\",\"@id\":\"https:\\\/\\\/redenoticiaz.com.br\\\/litoralsp\\\/2021\\\/08\\\/03\\\/abner-teixeira-perde-na-semifinal-do-boxe-mas-fatura-o-bronze\",\"url\":\"https:\\\/\\\/redenoticiaz.com.br\\\/litoralsp\\\/2021\\\/08\\\/03\\\/abner-teixeira-perde-na-semifinal-do-boxe-mas-fatura-o-bronze\",\"name\":\"Abner Teixeira perde na semifinal do boxe, mas fatura o bronze - Litoral SP\",\"isPartOf\":{\"@id\":\"https:\\\/\\\/redenoticiaz.com.br\\\/litoralsp\\\/#website\"},\"primaryImageOfPage\":{\"@id\":\"https:\\\/\\\/redenoticiaz.com.br\\\/litoralsp\\\/2021\\\/08\\\/03\\\/abner-teixeira-perde-na-semifinal-do-boxe-mas-fatura-o-bronze#primaryimage\"},\"image\":{\"@id\":\"https:\\\/\\\/redenoticiaz.com.br\\\/litoralsp\\\/2021\\\/08\\\/03\\\/abner-teixeira-perde-na-semifinal-do-boxe-mas-fatura-o-bronze#primaryimage\"},\"thumbnailUrl\":\"https:\\\/\\\/redenoticiaz.com.br\\\/litoralsp\\\/wp-content\\\/uploads\\\/sites\\\/3\\\/2021\\\/08\\\/abner.jpg\",\"datePublished\":\"2021-08-03T15:31:23+00:00\",\"dateModified\":\"2021-08-03T15:35:38+00:00\",\"description\":\"O Brasil j\u00e1 tinha garantido uma medalha no boxe, devido a disputa da semifinal que Abner Teixeira no peso pesado (at\u00e9 91 kg). Ele\",\"inLanguage\":\"pt-BR\",\"potentialAction\":[{\"@type\":\"ReadAction\",\"target\":[\"https:\\\/\\\/redenoticiaz.com.br\\\/litoralsp\\\/2021\\\/08\\\/03\\\/abner-teixeira-perde-na-semifinal-do-boxe-mas-fatura-o-bronze\"]}]},{\"@type\":\"ImageObject\",\"inLanguage\":\"pt-BR\",\"@id\":\"https:\\\/\\\/redenoticiaz.com.br\\\/litoralsp\\\/2021\\\/08\\\/03\\\/abner-teixeira-perde-na-semifinal-do-boxe-mas-fatura-o-bronze#primaryimage\",\"url\":\"https:\\\/\\\/redenoticiaz.com.br\\\/litoralsp\\\/wp-content\\\/uploads\\\/sites\\\/3\\\/2021\\\/08\\\/abner.jpg\",\"contentUrl\":\"https:\\\/\\\/redenoticiaz.com.br\\\/litoralsp\\\/wp-content\\\/uploads\\\/sites\\\/3\\\/2021\\\/08\\\/abner.jpg\",\"width\":984,\"height\":644,\"caption\":\"Brasileiro tentou reagir, mas o cubano n\u00e3o deu chances de rea\u00e7\u00e3o. Cr\u00e9ditos: Reuters.\"},{\"@type\":\"WebSite\",\"@id\":\"https:\\\/\\\/redenoticiaz.com.br\\\/litoralsp\\\/#website\",\"url\":\"https:\\\/\\\/redenoticiaz.com.br\\\/litoralsp\\\/\",\"name\":\"Litoral SP\",\"description\":\"Rede NoticiaZ\",\"publisher\":{\"@id\":\"https:\\\/\\\/redenoticiaz.com.br\\\/litoralsp\\\/#organization\"},\"potentialAction\":[{\"@type\":\"SearchAction\",\"target\":{\"@type\":\"EntryPoint\",\"urlTemplate\":\"https:\\\/\\\/redenoticiaz.com.br\\\/litoralsp\\\/?s={search_term_string}\"},\"query-input\":{\"@type\":\"PropertyValueSpecification\",\"valueRequired\":true,\"valueName\":\"search_term_string\"}}],\"inLanguage\":\"pt-BR\"},{\"@type\":\"Organization\",\"@id\":\"https:\\\/\\\/redenoticiaz.com.br\\\/litoralsp\\\/#organization\",\"name\":\"Litoral SP\",\"url\":\"https:\\\/\\\/redenoticiaz.com.br\\\/litoralsp\\\/\",\"logo\":{\"@type\":\"ImageObject\",\"inLanguage\":\"pt-BR\",\"@id\":\"https:\\\/\\\/redenoticiaz.com.br\\\/litoralsp\\\/#\\\/schema\\\/logo\\\/image\\\/\",\"url\":\"https:\\\/\\\/redenoticiaz.com.br\\\/litoralsp\\\/wp-content\\\/uploads\\\/sites\\\/3\\\/2020\\\/11\\\/logo.jpg\",\"contentUrl\":\"https:\\\/\\\/redenoticiaz.com.br\\\/litoralsp\\\/wp-content\\\/uploads\\\/sites\\\/3\\\/2020\\\/11\\\/logo.jpg\",\"width\":400,\"height\":250,\"caption\":\"Litoral SP\"},\"image\":{\"@id\":\"https:\\\/\\\/redenoticiaz.com.br\\\/litoralsp\\\/#\\\/schema\\\/logo\\\/image\\\/\"}},{\"@type\":\"Person\",\"@id\":\"https:\\\/\\\/redenoticiaz.com.br\\\/litoralsp\\\/#\\\/schema\\\/person\\\/0f0b8a5bdafefe82841e07ae8d81ecb3\",\"name\":\"Leonardo Francisco\",\"image\":{\"@type\":\"ImageObject\",\"inLanguage\":\"pt-BR\",\"@id\":\"https:\\\/\\\/secure.gravatar.com\\\/avatar\\\/a7358cb406a99b682ec6df1e77e31ae82e63601f6784e8a3df411d72b37864da?s=96&d=mm&r=g\",\"url\":\"https:\\\/\\\/secure.gravatar.com\\\/avatar\\\/a7358cb406a99b682ec6df1e77e31ae82e63601f6784e8a3df411d72b37864da?s=96&d=mm&r=g\",\"contentUrl\":\"https:\\\/\\\/secure.gravatar.com\\\/avatar\\\/a7358cb406a99b682ec6df1e77e31ae82e63601f6784e8a3df411d72b37864da?s=96&d=mm&r=g\",\"caption\":\"Leonardo Francisco\"},\"url\":\"https:\\\/\\\/redenoticiaz.com.br\\\/litoralsp\\\/author\\\/leonardo-francisco\"}]}<\/script>\n<!-- \/ Yoast SEO plugin. -->","yoast_head_json":{"title":"Abner Teixeira perde na semifinal do boxe, mas fatura o bronze - Litoral SP","description":"O Brasil j\u00e1 tinha garantido uma medalha no boxe, devido a disputa da semifinal que Abner Teixeira no peso pesado (at\u00e9 91 kg). Ele","robots":{"index":"index","follow":"follow","max-snippet":"max-snippet:-1","max-image-preview":"max-image-preview:large","max-video-preview":"max-video-preview:-1"},"canonical":"https:\/\/redenoticiaz.com.br\/litoralsp\/2021\/08\/03\/abner-teixeira-perde-na-semifinal-do-boxe-mas-fatura-o-bronze","og_locale":"pt_BR","og_type":"article","og_title":"Abner Teixeira perde na semifinal do boxe, mas fatura o bronze - Litoral SP","og_description":"O Brasil j\u00e1 tinha garantido uma medalha no boxe, devido a disputa da semifinal que Abner Teixeira no peso pesado (at\u00e9 91 kg). Ele","og_url":"https:\/\/redenoticiaz.com.br\/litoralsp\/2021\/08\/03\/abner-teixeira-perde-na-semifinal-do-boxe-mas-fatura-o-bronze","og_site_name":"Litoral SP","article_published_time":"2021-08-03T15:31:23+00:00","article_modified_time":"2021-08-03T15:35:38+00:00","og_image":[{"width":984,"height":644,"url":"https:\/\/redenoticiaz.com.br\/litoralsp\/wp-content\/uploads\/sites\/3\/2021\/08\/abner.jpg","type":"image\/jpeg"}],"author":"Leonardo Francisco","twitter_card":"summary_large_image","twitter_misc":{"Escrito por":"Leonardo Francisco","Est. tempo de leitura":"1 minuto"},"schema":{"@context":"https:\/\/schema.org","@graph":[{"@type":"Article","@id":"https:\/\/redenoticiaz.com.br\/litoralsp\/2021\/08\/03\/abner-teixeira-perde-na-semifinal-do-boxe-mas-fatura-o-bronze#article","isPartOf":{"@id":"https:\/\/redenoticiaz.com.br\/litoralsp\/2021\/08\/03\/abner-teixeira-perde-na-semifinal-do-boxe-mas-fatura-o-bronze"},"author":{"name":"Leonardo Francisco","@id":"https:\/\/redenoticiaz.com.br\/litoralsp\/#\/schema\/person\/0f0b8a5bdafefe82841e07ae8d81ecb3"},"headline":"Abner Teixeira perde na semifinal do boxe, mas fatura o bronze","datePublished":"2021-08-03T15:31:23+00:00","dateModified":"2021-08-03T15:35:38+00:00","mainEntityOfPage":{"@id":"https:\/\/redenoticiaz.com.br\/litoralsp\/2021\/08\/03\/abner-teixeira-perde-na-semifinal-do-boxe-mas-fatura-o-bronze"},"wordCount":308,"commentCount":0,"publisher":{"@id":"https:\/\/redenoticiaz.com.br\/litoralsp\/#organization"},"image":{"@id":"https:\/\/redenoticiaz.com.br\/litoralsp\/2021\/08\/03\/abner-teixeira-perde-na-semifinal-do-boxe-mas-fatura-o-bronze#primaryimage"},"thumbnailUrl":"https:\/\/redenoticiaz.com.br\/litoralsp\/wp-content\/uploads\/sites\/3\/2021\/08\/abner.jpg","keywords":["ABNER TEIXEIRA","BOXE","MEDALHA DE BRONZE","OLIMP\u00cdADAS DE T\u00d3QUIO","PESO PESADO JOGOS OL\u00cdMPICOS"],"articleSection":["Olimp\u00edadas"],"inLanguage":"pt-BR","potentialAction":[{"@type":"CommentAction","name":"Comment","target":["https:\/\/redenoticiaz.com.br\/litoralsp\/2021\/08\/03\/abner-teixeira-perde-na-semifinal-do-boxe-mas-fatura-o-bronze#respond"]}]},{"@type":"WebPage","@id":"https:\/\/redenoticiaz.com.br\/litoralsp\/2021\/08\/03\/abner-teixeira-perde-na-semifinal-do-boxe-mas-fatura-o-bronze","url":"https:\/\/redenoticiaz.com.br\/litoralsp\/2021\/08\/03\/abner-teixeira-perde-na-semifinal-do-boxe-mas-fatura-o-bronze","name":"Abner Teixeira perde na semifinal do boxe, mas fatura o bronze - Litoral SP","isPartOf":{"@id":"https:\/\/redenoticiaz.com.br\/litoralsp\/#website"},"primaryImageOfPage":{"@id":"https:\/\/redenoticiaz.com.br\/litoralsp\/2021\/08\/03\/abner-teixeira-perde-na-semifinal-do-boxe-mas-fatura-o-bronze#primaryimage"},"image":{"@id":"https:\/\/redenoticiaz.com.br\/litoralsp\/2021\/08\/03\/abner-teixeira-perde-na-semifinal-do-boxe-mas-fatura-o-bronze#primaryimage"},"thumbnailUrl":"https:\/\/redenoticiaz.com.br\/litoralsp\/wp-content\/uploads\/sites\/3\/2021\/08\/abner.jpg","datePublished":"2021-08-03T15:31:23+00:00","dateModified":"2021-08-03T15:35:38+00:00","description":"O Brasil j\u00e1 tinha garantido uma medalha no boxe, devido a disputa da semifinal que Abner Teixeira no peso pesado (at\u00e9 91 kg). Ele","inLanguage":"pt-BR","potentialAction":[{"@type":"ReadAction","target":["https:\/\/redenoticiaz.com.br\/litoralsp\/2021\/08\/03\/abner-teixeira-perde-na-semifinal-do-boxe-mas-fatura-o-bronze"]}]},{"@type":"ImageObject","inLanguage":"pt-BR","@id":"https:\/\/redenoticiaz.com.br\/litoralsp\/2021\/08\/03\/abner-teixeira-perde-na-semifinal-do-boxe-mas-fatura-o-bronze#primaryimage","url":"https:\/\/redenoticiaz.com.br\/litoralsp\/wp-content\/uploads\/sites\/3\/2021\/08\/abner.jpg","contentUrl":"https:\/\/redenoticiaz.com.br\/litoralsp\/wp-content\/uploads\/sites\/3\/2021\/08\/abner.jpg","width":984,"height":644,"caption":"Brasileiro tentou reagir, mas o cubano n\u00e3o deu chances de rea\u00e7\u00e3o. Cr\u00e9ditos: Reuters."},{"@type":"WebSite","@id":"https:\/\/redenoticiaz.com.br\/litoralsp\/#website","url":"https:\/\/redenoticiaz.com.br\/litoralsp\/","name":"Litoral SP","description":"Rede NoticiaZ","publisher":{"@id":"https:\/\/redenoticiaz.com.br\/litoralsp\/#organization"},"potentialAction":[{"@type":"SearchAction","target":{"@type":"EntryPoint","urlTemplate":"https:\/\/redenoticiaz.com.br\/litoralsp\/?s={search_term_string}"},"query-input":{"@type":"PropertyValueSpecification","valueRequired":true,"valueName":"search_term_string"}}],"inLanguage":"pt-BR"},{"@type":"Organization","@id":"https:\/\/redenoticiaz.com.br\/litoralsp\/#organization","name":"Litoral SP","url":"https:\/\/redenoticiaz.com.br\/litoralsp\/","logo":{"@type":"ImageObject","inLanguage":"pt-BR","@id":"https:\/\/redenoticiaz.com.br\/litoralsp\/#\/schema\/logo\/image\/","url":"https:\/\/redenoticiaz.com.br\/litoralsp\/wp-content\/uploads\/sites\/3\/2020\/11\/logo.jpg","contentUrl":"https:\/\/redenoticiaz.com.br\/litoralsp\/wp-content\/uploads\/sites\/3\/2020\/11\/logo.jpg","width":400,"height":250,"caption":"Litoral SP"},"image":{"@id":"https:\/\/redenoticiaz.com.br\/litoralsp\/#\/schema\/logo\/image\/"}},{"@type":"Person","@id":"https:\/\/redenoticiaz.com.br\/litoralsp\/#\/schema\/person\/0f0b8a5bdafefe82841e07ae8d81ecb3","name":"Leonardo Francisco","image":{"@type":"ImageObject","inLanguage":"pt-BR","@id":"https:\/\/secure.gravatar.com\/avatar\/a7358cb406a99b682ec6df1e77e31ae82e63601f6784e8a3df411d72b37864da?s=96&d=mm&r=g","url":"https:\/\/secure.gravatar.com\/avatar\/a7358cb406a99b682ec6df1e77e31ae82e63601f6784e8a3df411d72b37864da?s=96&d=mm&r=g","contentUrl":"https:\/\/secure.gravatar.com\/avatar\/a7358cb406a99b682ec6df1e77e31ae82e63601f6784e8a3df411d72b37864da?s=96&d=mm&r=g","caption":"Leonardo Francisco"},"url":"https:\/\/redenoticiaz.com.br\/litoralsp\/author\/leonardo-francisco"}]}},"_links":{"self":[{"href":"https:\/\/redenoticiaz.com.br\/litoralsp\/wp-json\/wp\/v2\/posts\/12208","targetHints":{"allow":["GET"]}}],"collection":[{"href":"https:\/\/redenoticiaz.com.br\/litoralsp\/wp-json\/wp\/v2\/posts"}],"about":[{"href":"https:\/\/redenoticiaz.com.br\/litoralsp\/wp-json\/wp\/v2\/types\/post"}],"author":[{"embeddable":true,"href":"https:\/\/redenoticiaz.com.br\/litoralsp\/wp-json\/wp\/v2\/users\/6"}],"replies":[{"embeddable":true,"href":"https:\/\/redenoticiaz.com.br\/litoralsp\/wp-json\/wp\/v2\/comments?post=12208"}],"version-history":[{"count":1,"href":"https:\/\/redenoticiaz.com.br\/litoralsp\/wp-json\/wp\/v2\/posts\/12208\/revisions"}],"predecessor-version":[{"id":12210,"href":"https:\/\/redenoticiaz.com.br\/litoralsp\/wp-json\/wp\/v2\/posts\/12208\/revisions\/12210"}],"wp:featuredmedia":[{"embeddable":true,"href":"https:\/\/redenoticiaz.com.br\/litoralsp\/wp-json\/wp\/v2\/media\/12209"}],"wp:attachment":[{"href":"https:\/\/redenoticiaz.com.br\/litoralsp\/wp-json\/wp\/v2\/media?parent=12208"}],"wp:term":[{"taxonomy":"category","embeddable":true,"href":"https:\/\/redenoticiaz.com.br\/litoralsp\/wp-json\/wp\/v2\/categories?post=12208"},{"taxonomy":"post_tag","embeddable":true,"href":"https:\/\/redenoticiaz.com.br\/litoralsp\/wp-json\/wp\/v2\/tags?post=12208"}],"curies":[{"name":"wp","href":"https:\/\/api.w.org\/{rel}","templated":true}]}}