{"id":12259,"date":"2021-08-04T13:26:59","date_gmt":"2021-08-04T16:26:59","guid":{"rendered":"https:\/\/redenoticiaz.com.br\/litoralsp\/2021\/08\/04\/pesquisa-aponta-que-coronavac-tem-89-de-eficacia-contra-internacoes"},"modified":"2021-08-04T13:30:48","modified_gmt":"2021-08-04T16:30:48","slug":"pesquisa-aponta-que-coronavac-tem-89-de-eficacia-contra-internacoes","status":"publish","type":"post","link":"https:\/\/redenoticiaz.com.br\/litoralsp\/2021\/08\/04\/pesquisa-aponta-que-coronavac-tem-89-de-eficacia-contra-internacoes","title":{"rendered":"Pesquisa aponta que CoronaVac tem 89% de efic\u00e1cia contra interna\u00e7\u00f5es"},"content":{"rendered":"<p>O governo do <a href=\"https:\/\/www.gob.cl\/\">Chile<\/a> realizou uma pesquisa sobre a efic\u00e1cia das vacinas contra a Covid-19. Em rela\u00e7\u00e3o a <strong>CoronaVac<\/strong>, a mais utilizada no pa\u00eds, a efic\u00e1cia de 58,49% \u00e9 para casos sintom\u00e1ticos. J\u00e1 para a preven\u00e7\u00e3o de hospitaliza\u00e7\u00f5es, o \u00edndice \u00e9 de de 86,02%. E em rela\u00e7\u00e3o a evitar interna\u00e7\u00f5es em UTI, o resultado mostra 89,68%\u00a0 de efici\u00eancia e ainda de 86,38% na preven\u00e7\u00e3o de morte por Covid-19.<\/p>\n<p>\u201cA vacina Coronavac continua apresentando importantes sinais de efic\u00e1cia contra a SARS-CoV-2 para casos de interna\u00e7\u00e3o, interna\u00e7\u00e3o em UTI e \u00f3bito. No entanto, sua efic\u00e1cia na preven\u00e7\u00e3o da doen\u00e7a diminui de 67% para 58,49%. Portanto, a\u00a0discuss\u00e3o sobre uma dose de refor\u00e7o \u00e9 oportuna&#8221;, defende\u00a0Dr. Rafael Araos, um dos l\u00edderes da pesquisa.<\/p>\n<p>Tamb\u00e9m foram pesquisadas as efic\u00e1cias das vacinas da AstraZeneca e da Pfizer e segundo o estudo &#8220;todas as vacinas contra SARS-CoV-2 usadas no Chile mant\u00eam altos n\u00edveis de efic\u00e1cia para evitar hospitaliza\u00e7\u00e3o, admiss\u00e3o na UTI e morte.&#8221;<\/p>\n<p>No Chile, mais de 24,8 milh\u00f5es de doses foram aplicadas em pessoas com mais de 16 anos. Desse total, 13.163.094 receberam a primeira dose e 12.167.623 s\u00e3o pessoas que completaram a vacina\u00e7\u00e3o, o que representa 87% e 80% respectivamente da popula\u00e7\u00e3o-alvo a ser vacinada.<\/p>\n<h3>Efic\u00e1cia da Pfizer e da Astrazeneca<\/h3>\n<p>Com rela\u00e7\u00e3o \u00e0 vacina da Pfizer, o estudo demonstrou uma efic\u00e1cia de 87,69% na preven\u00e7\u00e3o de Covid-19 sintom\u00e1tico. Mas este percentual tem um grande salto, para 97,15% na preven\u00e7\u00e3o de hospitaliza\u00e7\u00f5es e 98,29% na preven\u00e7\u00e3o de admiss\u00e3o em leitos de UTI. E ainda o imunizante tem 100% de efic\u00e1cia para prevenir a morte.<\/p>\n<p>&#8220;A vacina tamb\u00e9m mostra diminui\u00e7\u00e3o da prote\u00e7\u00e3o contra Covid-19, mas permanece est\u00e1vel nas demais vari\u00e1veis, com bons n\u00fameros referentes a evitar interna\u00e7\u00e3o, interna\u00e7\u00e3o em UTI e \u00f3bito\u201d, avalia Dr. Araos.<\/p>\n<p>J\u00e1 a Astrazeneca, de acordo com a pesquisa chilena, se mostrou 68,68% eficaz na preven\u00e7\u00e3o de covid-19 sintom\u00e1tico,100% eficaz para prevenir hospitaliza\u00e7\u00e3o, 100% em admiss\u00e3o na UTI e 100% eficaz para prevenir a morte.<\/p>\n<p>S\u00f3 que mesmo com os \u00edndices de 100%, o m\u00e9dico chileno respons\u00e1vel pela pesquisa ressalta que tempo de seguimento desse imunizante no pa\u00eds \u00e9 menor, por isso esses resultados devem ser confirmados no futuro.<\/p>\n<p><strong>LEIA TAMB\u00c9M<\/strong><\/p>\n<p><a href=\"https:\/\/redenoticiaz.com.br\/blog\/2021\/08\/04\/variante-delta-do-coronavirus-pode-prolongar-a-pandemia\">Variante delta do coronav\u00edrus pode prolongar a pandemia<\/a><\/p>\n","protected":false},"excerpt":{"rendered":"<p>O governo do Chile realizou uma pesquisa sobre a efic\u00e1cia das vacinas contra a Covid-19. Em rela\u00e7\u00e3o a CoronaVac, a mais utilizada no pa\u00eds, a efic\u00e1cia de 58,49% \u00e9 para casos sintom\u00e1ticos. J\u00e1 para a preven\u00e7\u00e3o de hospitaliza\u00e7\u00f5es, o \u00edndice \u00e9 de de 86,02%. E em rela\u00e7\u00e3o a evitar interna\u00e7\u00f5es em UTI, o resultado mostra &hellip;<\/p>\n","protected":false},"author":6,"featured_media":12260,"comment_status":"open","ping_status":"closed","sticky":false,"template":"","format":"standard","meta":{"footnotes":""},"categories":[84,23],"tags":[1454,5867,25,29363,58,1249],"class_list":["post-12259","post","type-post","status-publish","format-standard","has-post-thumbnail","hentry","category-mundo","category-saude","tag-astrazeneca","tag-chile","tag-coronavac","tag-eficacia-das-vacinas","tag-pesquisa","tag-pfizer"],"yoast_head":"<!-- This site is optimized with the Yoast SEO plugin v27.4 - https:\/\/yoast.com\/product\/yoast-seo-wordpress\/ -->\n<title>Pesquisa aponta que CoronaVac tem 89% de efic\u00e1cia contra interna\u00e7\u00f5es - Litoral SP<\/title>\n<meta name=\"description\" content=\"O governo do Chile realizou uma pesquisa sobre a efic\u00e1cia das vacinas contra a Covid-19. Em rela\u00e7\u00e3o a CoronaVac, a mais\" \/>\n<meta name=\"robots\" content=\"index, follow, max-snippet:-1, max-image-preview:large, max-video-preview:-1\" \/>\n<link rel=\"canonical\" href=\"https:\/\/redenoticiaz.com.br\/litoralsp\/2021\/08\/04\/pesquisa-aponta-que-coronavac-tem-89-de-eficacia-contra-internacoes\" \/>\n<meta property=\"og:locale\" content=\"pt_BR\" \/>\n<meta property=\"og:type\" content=\"article\" \/>\n<meta property=\"og:title\" content=\"Pesquisa aponta que CoronaVac tem 89% de efic\u00e1cia contra interna\u00e7\u00f5es - Litoral SP\" \/>\n<meta property=\"og:description\" content=\"O governo do Chile realizou uma pesquisa sobre a efic\u00e1cia das vacinas contra a Covid-19. Em rela\u00e7\u00e3o a CoronaVac, a mais\" \/>\n<meta property=\"og:url\" content=\"https:\/\/redenoticiaz.com.br\/litoralsp\/2021\/08\/04\/pesquisa-aponta-que-coronavac-tem-89-de-eficacia-contra-internacoes\" \/>\n<meta property=\"og:site_name\" content=\"Litoral SP\" \/>\n<meta property=\"article:published_time\" content=\"2021-08-04T16:26:59+00:00\" \/>\n<meta property=\"article:modified_time\" content=\"2021-08-04T16:30:48+00:00\" \/>\n<meta property=\"og:image\" content=\"https:\/\/redenoticiaz.com.br\/litoralsp\/wp-content\/uploads\/sites\/3\/2021\/08\/news_interna_20210224_agb_vacina_20.jpg\" \/>\n\t<meta property=\"og:image:width\" content=\"1619\" \/>\n\t<meta property=\"og:image:height\" content=\"1080\" \/>\n\t<meta property=\"og:image:type\" content=\"image\/jpeg\" \/>\n<meta name=\"author\" content=\"Leonardo Francisco\" \/>\n<meta name=\"twitter:card\" content=\"summary_large_image\" \/>\n<meta name=\"twitter:label1\" content=\"Escrito por\" \/>\n\t<meta name=\"twitter:data1\" content=\"Leonardo Francisco\" \/>\n\t<meta name=\"twitter:label2\" content=\"Est. tempo de leitura\" \/>\n\t<meta name=\"twitter:data2\" content=\"2 minutos\" \/>\n<script type=\"application\/ld+json\" class=\"yoast-schema-graph\">{\"@context\":\"https:\\\/\\\/schema.org\",\"@graph\":[{\"@type\":\"Article\",\"@id\":\"https:\\\/\\\/redenoticiaz.com.br\\\/litoralsp\\\/2021\\\/08\\\/04\\\/pesquisa-aponta-que-coronavac-tem-89-de-eficacia-contra-internacoes#article\",\"isPartOf\":{\"@id\":\"https:\\\/\\\/redenoticiaz.com.br\\\/litoralsp\\\/2021\\\/08\\\/04\\\/pesquisa-aponta-que-coronavac-tem-89-de-eficacia-contra-internacoes\"},\"author\":{\"name\":\"Leonardo Francisco\",\"@id\":\"https:\\\/\\\/redenoticiaz.com.br\\\/litoralsp\\\/#\\\/schema\\\/person\\\/0f0b8a5bdafefe82841e07ae8d81ecb3\"},\"headline\":\"Pesquisa aponta que CoronaVac tem 89% de efic\u00e1cia contra interna\u00e7\u00f5es\",\"datePublished\":\"2021-08-04T16:26:59+00:00\",\"dateModified\":\"2021-08-04T16:30:48+00:00\",\"mainEntityOfPage\":{\"@id\":\"https:\\\/\\\/redenoticiaz.com.br\\\/litoralsp\\\/2021\\\/08\\\/04\\\/pesquisa-aponta-que-coronavac-tem-89-de-eficacia-contra-internacoes\"},\"wordCount\":413,\"commentCount\":0,\"publisher\":{\"@id\":\"https:\\\/\\\/redenoticiaz.com.br\\\/litoralsp\\\/#organization\"},\"image\":{\"@id\":\"https:\\\/\\\/redenoticiaz.com.br\\\/litoralsp\\\/2021\\\/08\\\/04\\\/pesquisa-aponta-que-coronavac-tem-89-de-eficacia-contra-internacoes#primaryimage\"},\"thumbnailUrl\":\"https:\\\/\\\/redenoticiaz.com.br\\\/litoralsp\\\/wp-content\\\/uploads\\\/sites\\\/3\\\/2021\\\/08\\\/news_interna_20210224_agb_vacina_20.jpg\",\"keywords\":[\"Astrazeneca\",\"CHILE\",\"CoronaVac\",\"EFIC\u00c1CIA DAS VACINAS\",\"pesquisa\",\"Pfizer\"],\"articleSection\":[\"Mundo\",\"Sa\u00fade\"],\"inLanguage\":\"pt-BR\",\"potentialAction\":[{\"@type\":\"CommentAction\",\"name\":\"Comment\",\"target\":[\"https:\\\/\\\/redenoticiaz.com.br\\\/litoralsp\\\/2021\\\/08\\\/04\\\/pesquisa-aponta-que-coronavac-tem-89-de-eficacia-contra-internacoes#respond\"]}]},{\"@type\":\"WebPage\",\"@id\":\"https:\\\/\\\/redenoticiaz.com.br\\\/litoralsp\\\/2021\\\/08\\\/04\\\/pesquisa-aponta-que-coronavac-tem-89-de-eficacia-contra-internacoes\",\"url\":\"https:\\\/\\\/redenoticiaz.com.br\\\/litoralsp\\\/2021\\\/08\\\/04\\\/pesquisa-aponta-que-coronavac-tem-89-de-eficacia-contra-internacoes\",\"name\":\"Pesquisa aponta que CoronaVac tem 89% de efic\u00e1cia contra interna\u00e7\u00f5es - Litoral SP\",\"isPartOf\":{\"@id\":\"https:\\\/\\\/redenoticiaz.com.br\\\/litoralsp\\\/#website\"},\"primaryImageOfPage\":{\"@id\":\"https:\\\/\\\/redenoticiaz.com.br\\\/litoralsp\\\/2021\\\/08\\\/04\\\/pesquisa-aponta-que-coronavac-tem-89-de-eficacia-contra-internacoes#primaryimage\"},\"image\":{\"@id\":\"https:\\\/\\\/redenoticiaz.com.br\\\/litoralsp\\\/2021\\\/08\\\/04\\\/pesquisa-aponta-que-coronavac-tem-89-de-eficacia-contra-internacoes#primaryimage\"},\"thumbnailUrl\":\"https:\\\/\\\/redenoticiaz.com.br\\\/litoralsp\\\/wp-content\\\/uploads\\\/sites\\\/3\\\/2021\\\/08\\\/news_interna_20210224_agb_vacina_20.jpg\",\"datePublished\":\"2021-08-04T16:26:59+00:00\",\"dateModified\":\"2021-08-04T16:30:48+00:00\",\"description\":\"O governo do Chile realizou uma pesquisa sobre a efic\u00e1cia das vacinas contra a Covid-19. Em rela\u00e7\u00e3o a CoronaVac, a mais\",\"inLanguage\":\"pt-BR\",\"potentialAction\":[{\"@type\":\"ReadAction\",\"target\":[\"https:\\\/\\\/redenoticiaz.com.br\\\/litoralsp\\\/2021\\\/08\\\/04\\\/pesquisa-aponta-que-coronavac-tem-89-de-eficacia-contra-internacoes\"]}]},{\"@type\":\"ImageObject\",\"inLanguage\":\"pt-BR\",\"@id\":\"https:\\\/\\\/redenoticiaz.com.br\\\/litoralsp\\\/2021\\\/08\\\/04\\\/pesquisa-aponta-que-coronavac-tem-89-de-eficacia-contra-internacoes#primaryimage\",\"url\":\"https:\\\/\\\/redenoticiaz.com.br\\\/litoralsp\\\/wp-content\\\/uploads\\\/sites\\\/3\\\/2021\\\/08\\\/news_interna_20210224_agb_vacina_20.jpg\",\"contentUrl\":\"https:\\\/\\\/redenoticiaz.com.br\\\/litoralsp\\\/wp-content\\\/uploads\\\/sites\\\/3\\\/2021\\\/08\\\/news_interna_20210224_agb_vacina_20.jpg\",\"width\":1619,\"height\":1080,\"caption\":\"Pesquisa aponta que CoronaVac tem 89% de efic\u00e1cia contra interna\u00e7\u00f5es\"},{\"@type\":\"WebSite\",\"@id\":\"https:\\\/\\\/redenoticiaz.com.br\\\/litoralsp\\\/#website\",\"url\":\"https:\\\/\\\/redenoticiaz.com.br\\\/litoralsp\\\/\",\"name\":\"Litoral SP\",\"description\":\"Rede NoticiaZ\",\"publisher\":{\"@id\":\"https:\\\/\\\/redenoticiaz.com.br\\\/litoralsp\\\/#organization\"},\"potentialAction\":[{\"@type\":\"SearchAction\",\"target\":{\"@type\":\"EntryPoint\",\"urlTemplate\":\"https:\\\/\\\/redenoticiaz.com.br\\\/litoralsp\\\/?s={search_term_string}\"},\"query-input\":{\"@type\":\"PropertyValueSpecification\",\"valueRequired\":true,\"valueName\":\"search_term_string\"}}],\"inLanguage\":\"pt-BR\"},{\"@type\":\"Organization\",\"@id\":\"https:\\\/\\\/redenoticiaz.com.br\\\/litoralsp\\\/#organization\",\"name\":\"Litoral SP\",\"url\":\"https:\\\/\\\/redenoticiaz.com.br\\\/litoralsp\\\/\",\"logo\":{\"@type\":\"ImageObject\",\"inLanguage\":\"pt-BR\",\"@id\":\"https:\\\/\\\/redenoticiaz.com.br\\\/litoralsp\\\/#\\\/schema\\\/logo\\\/image\\\/\",\"url\":\"https:\\\/\\\/redenoticiaz.com.br\\\/litoralsp\\\/wp-content\\\/uploads\\\/sites\\\/3\\\/2020\\\/11\\\/logo.jpg\",\"contentUrl\":\"https:\\\/\\\/redenoticiaz.com.br\\\/litoralsp\\\/wp-content\\\/uploads\\\/sites\\\/3\\\/2020\\\/11\\\/logo.jpg\",\"width\":400,\"height\":250,\"caption\":\"Litoral SP\"},\"image\":{\"@id\":\"https:\\\/\\\/redenoticiaz.com.br\\\/litoralsp\\\/#\\\/schema\\\/logo\\\/image\\\/\"}},{\"@type\":\"Person\",\"@id\":\"https:\\\/\\\/redenoticiaz.com.br\\\/litoralsp\\\/#\\\/schema\\\/person\\\/0f0b8a5bdafefe82841e07ae8d81ecb3\",\"name\":\"Leonardo Francisco\",\"image\":{\"@type\":\"ImageObject\",\"inLanguage\":\"pt-BR\",\"@id\":\"https:\\\/\\\/secure.gravatar.com\\\/avatar\\\/a7358cb406a99b682ec6df1e77e31ae82e63601f6784e8a3df411d72b37864da?s=96&d=mm&r=g\",\"url\":\"https:\\\/\\\/secure.gravatar.com\\\/avatar\\\/a7358cb406a99b682ec6df1e77e31ae82e63601f6784e8a3df411d72b37864da?s=96&d=mm&r=g\",\"contentUrl\":\"https:\\\/\\\/secure.gravatar.com\\\/avatar\\\/a7358cb406a99b682ec6df1e77e31ae82e63601f6784e8a3df411d72b37864da?s=96&d=mm&r=g\",\"caption\":\"Leonardo Francisco\"},\"url\":\"https:\\\/\\\/redenoticiaz.com.br\\\/litoralsp\\\/author\\\/leonardo-francisco\"}]}<\/script>\n<!-- \/ Yoast SEO plugin. -->","yoast_head_json":{"title":"Pesquisa aponta que CoronaVac tem 89% de efic\u00e1cia contra interna\u00e7\u00f5es - Litoral SP","description":"O governo do Chile realizou uma pesquisa sobre a efic\u00e1cia das vacinas contra a Covid-19. Em rela\u00e7\u00e3o a CoronaVac, a mais","robots":{"index":"index","follow":"follow","max-snippet":"max-snippet:-1","max-image-preview":"max-image-preview:large","max-video-preview":"max-video-preview:-1"},"canonical":"https:\/\/redenoticiaz.com.br\/litoralsp\/2021\/08\/04\/pesquisa-aponta-que-coronavac-tem-89-de-eficacia-contra-internacoes","og_locale":"pt_BR","og_type":"article","og_title":"Pesquisa aponta que CoronaVac tem 89% de efic\u00e1cia contra interna\u00e7\u00f5es - Litoral SP","og_description":"O governo do Chile realizou uma pesquisa sobre a efic\u00e1cia das vacinas contra a Covid-19. Em rela\u00e7\u00e3o a CoronaVac, a mais","og_url":"https:\/\/redenoticiaz.com.br\/litoralsp\/2021\/08\/04\/pesquisa-aponta-que-coronavac-tem-89-de-eficacia-contra-internacoes","og_site_name":"Litoral SP","article_published_time":"2021-08-04T16:26:59+00:00","article_modified_time":"2021-08-04T16:30:48+00:00","og_image":[{"width":1619,"height":1080,"url":"https:\/\/redenoticiaz.com.br\/litoralsp\/wp-content\/uploads\/sites\/3\/2021\/08\/news_interna_20210224_agb_vacina_20.jpg","type":"image\/jpeg"}],"author":"Leonardo Francisco","twitter_card":"summary_large_image","twitter_misc":{"Escrito por":"Leonardo Francisco","Est. tempo de leitura":"2 minutos"},"schema":{"@context":"https:\/\/schema.org","@graph":[{"@type":"Article","@id":"https:\/\/redenoticiaz.com.br\/litoralsp\/2021\/08\/04\/pesquisa-aponta-que-coronavac-tem-89-de-eficacia-contra-internacoes#article","isPartOf":{"@id":"https:\/\/redenoticiaz.com.br\/litoralsp\/2021\/08\/04\/pesquisa-aponta-que-coronavac-tem-89-de-eficacia-contra-internacoes"},"author":{"name":"Leonardo Francisco","@id":"https:\/\/redenoticiaz.com.br\/litoralsp\/#\/schema\/person\/0f0b8a5bdafefe82841e07ae8d81ecb3"},"headline":"Pesquisa aponta que CoronaVac tem 89% de efic\u00e1cia contra interna\u00e7\u00f5es","datePublished":"2021-08-04T16:26:59+00:00","dateModified":"2021-08-04T16:30:48+00:00","mainEntityOfPage":{"@id":"https:\/\/redenoticiaz.com.br\/litoralsp\/2021\/08\/04\/pesquisa-aponta-que-coronavac-tem-89-de-eficacia-contra-internacoes"},"wordCount":413,"commentCount":0,"publisher":{"@id":"https:\/\/redenoticiaz.com.br\/litoralsp\/#organization"},"image":{"@id":"https:\/\/redenoticiaz.com.br\/litoralsp\/2021\/08\/04\/pesquisa-aponta-que-coronavac-tem-89-de-eficacia-contra-internacoes#primaryimage"},"thumbnailUrl":"https:\/\/redenoticiaz.com.br\/litoralsp\/wp-content\/uploads\/sites\/3\/2021\/08\/news_interna_20210224_agb_vacina_20.jpg","keywords":["Astrazeneca","CHILE","CoronaVac","EFIC\u00c1CIA DAS VACINAS","pesquisa","Pfizer"],"articleSection":["Mundo","Sa\u00fade"],"inLanguage":"pt-BR","potentialAction":[{"@type":"CommentAction","name":"Comment","target":["https:\/\/redenoticiaz.com.br\/litoralsp\/2021\/08\/04\/pesquisa-aponta-que-coronavac-tem-89-de-eficacia-contra-internacoes#respond"]}]},{"@type":"WebPage","@id":"https:\/\/redenoticiaz.com.br\/litoralsp\/2021\/08\/04\/pesquisa-aponta-que-coronavac-tem-89-de-eficacia-contra-internacoes","url":"https:\/\/redenoticiaz.com.br\/litoralsp\/2021\/08\/04\/pesquisa-aponta-que-coronavac-tem-89-de-eficacia-contra-internacoes","name":"Pesquisa aponta que CoronaVac tem 89% de efic\u00e1cia contra interna\u00e7\u00f5es - Litoral SP","isPartOf":{"@id":"https:\/\/redenoticiaz.com.br\/litoralsp\/#website"},"primaryImageOfPage":{"@id":"https:\/\/redenoticiaz.com.br\/litoralsp\/2021\/08\/04\/pesquisa-aponta-que-coronavac-tem-89-de-eficacia-contra-internacoes#primaryimage"},"image":{"@id":"https:\/\/redenoticiaz.com.br\/litoralsp\/2021\/08\/04\/pesquisa-aponta-que-coronavac-tem-89-de-eficacia-contra-internacoes#primaryimage"},"thumbnailUrl":"https:\/\/redenoticiaz.com.br\/litoralsp\/wp-content\/uploads\/sites\/3\/2021\/08\/news_interna_20210224_agb_vacina_20.jpg","datePublished":"2021-08-04T16:26:59+00:00","dateModified":"2021-08-04T16:30:48+00:00","description":"O governo do Chile realizou uma pesquisa sobre a efic\u00e1cia das vacinas contra a Covid-19. Em rela\u00e7\u00e3o a CoronaVac, a mais","inLanguage":"pt-BR","potentialAction":[{"@type":"ReadAction","target":["https:\/\/redenoticiaz.com.br\/litoralsp\/2021\/08\/04\/pesquisa-aponta-que-coronavac-tem-89-de-eficacia-contra-internacoes"]}]},{"@type":"ImageObject","inLanguage":"pt-BR","@id":"https:\/\/redenoticiaz.com.br\/litoralsp\/2021\/08\/04\/pesquisa-aponta-que-coronavac-tem-89-de-eficacia-contra-internacoes#primaryimage","url":"https:\/\/redenoticiaz.com.br\/litoralsp\/wp-content\/uploads\/sites\/3\/2021\/08\/news_interna_20210224_agb_vacina_20.jpg","contentUrl":"https:\/\/redenoticiaz.com.br\/litoralsp\/wp-content\/uploads\/sites\/3\/2021\/08\/news_interna_20210224_agb_vacina_20.jpg","width":1619,"height":1080,"caption":"Pesquisa aponta que CoronaVac tem 89% de efic\u00e1cia contra interna\u00e7\u00f5es"},{"@type":"WebSite","@id":"https:\/\/redenoticiaz.com.br\/litoralsp\/#website","url":"https:\/\/redenoticiaz.com.br\/litoralsp\/","name":"Litoral SP","description":"Rede NoticiaZ","publisher":{"@id":"https:\/\/redenoticiaz.com.br\/litoralsp\/#organization"},"potentialAction":[{"@type":"SearchAction","target":{"@type":"EntryPoint","urlTemplate":"https:\/\/redenoticiaz.com.br\/litoralsp\/?s={search_term_string}"},"query-input":{"@type":"PropertyValueSpecification","valueRequired":true,"valueName":"search_term_string"}}],"inLanguage":"pt-BR"},{"@type":"Organization","@id":"https:\/\/redenoticiaz.com.br\/litoralsp\/#organization","name":"Litoral SP","url":"https:\/\/redenoticiaz.com.br\/litoralsp\/","logo":{"@type":"ImageObject","inLanguage":"pt-BR","@id":"https:\/\/redenoticiaz.com.br\/litoralsp\/#\/schema\/logo\/image\/","url":"https:\/\/redenoticiaz.com.br\/litoralsp\/wp-content\/uploads\/sites\/3\/2020\/11\/logo.jpg","contentUrl":"https:\/\/redenoticiaz.com.br\/litoralsp\/wp-content\/uploads\/sites\/3\/2020\/11\/logo.jpg","width":400,"height":250,"caption":"Litoral SP"},"image":{"@id":"https:\/\/redenoticiaz.com.br\/litoralsp\/#\/schema\/logo\/image\/"}},{"@type":"Person","@id":"https:\/\/redenoticiaz.com.br\/litoralsp\/#\/schema\/person\/0f0b8a5bdafefe82841e07ae8d81ecb3","name":"Leonardo Francisco","image":{"@type":"ImageObject","inLanguage":"pt-BR","@id":"https:\/\/secure.gravatar.com\/avatar\/a7358cb406a99b682ec6df1e77e31ae82e63601f6784e8a3df411d72b37864da?s=96&d=mm&r=g","url":"https:\/\/secure.gravatar.com\/avatar\/a7358cb406a99b682ec6df1e77e31ae82e63601f6784e8a3df411d72b37864da?s=96&d=mm&r=g","contentUrl":"https:\/\/secure.gravatar.com\/avatar\/a7358cb406a99b682ec6df1e77e31ae82e63601f6784e8a3df411d72b37864da?s=96&d=mm&r=g","caption":"Leonardo Francisco"},"url":"https:\/\/redenoticiaz.com.br\/litoralsp\/author\/leonardo-francisco"}]}},"_links":{"self":[{"href":"https:\/\/redenoticiaz.com.br\/litoralsp\/wp-json\/wp\/v2\/posts\/12259","targetHints":{"allow":["GET"]}}],"collection":[{"href":"https:\/\/redenoticiaz.com.br\/litoralsp\/wp-json\/wp\/v2\/posts"}],"about":[{"href":"https:\/\/redenoticiaz.com.br\/litoralsp\/wp-json\/wp\/v2\/types\/post"}],"author":[{"embeddable":true,"href":"https:\/\/redenoticiaz.com.br\/litoralsp\/wp-json\/wp\/v2\/users\/6"}],"replies":[{"embeddable":true,"href":"https:\/\/redenoticiaz.com.br\/litoralsp\/wp-json\/wp\/v2\/comments?post=12259"}],"version-history":[{"count":1,"href":"https:\/\/redenoticiaz.com.br\/litoralsp\/wp-json\/wp\/v2\/posts\/12259\/revisions"}],"predecessor-version":[{"id":12261,"href":"https:\/\/redenoticiaz.com.br\/litoralsp\/wp-json\/wp\/v2\/posts\/12259\/revisions\/12261"}],"wp:featuredmedia":[{"embeddable":true,"href":"https:\/\/redenoticiaz.com.br\/litoralsp\/wp-json\/wp\/v2\/media\/12260"}],"wp:attachment":[{"href":"https:\/\/redenoticiaz.com.br\/litoralsp\/wp-json\/wp\/v2\/media?parent=12259"}],"wp:term":[{"taxonomy":"category","embeddable":true,"href":"https:\/\/redenoticiaz.com.br\/litoralsp\/wp-json\/wp\/v2\/categories?post=12259"},{"taxonomy":"post_tag","embeddable":true,"href":"https:\/\/redenoticiaz.com.br\/litoralsp\/wp-json\/wp\/v2\/tags?post=12259"}],"curies":[{"name":"wp","href":"https:\/\/api.w.org\/{rel}","templated":true}]}}