{"id":1254,"date":"2020-12-14T13:52:32","date_gmt":"2020-12-14T16:52:32","guid":{"rendered":"https:\/\/redenoticiaz.com.br\/litoralsp\/?p=1254"},"modified":"2020-12-14T13:53:03","modified_gmt":"2020-12-14T16:53:03","slug":"santos-abre-mais-60-leitos-contra-o-coronavirus","status":"publish","type":"post","link":"https:\/\/redenoticiaz.com.br\/litoralsp\/2020\/12\/14\/santos-abre-mais-60-leitos-contra-o-coronavirus","title":{"rendered":"Santos abre mais 60 leitos contra o coronav\u00edrus"},"content":{"rendered":"<p>A cidade de <a href=\"https:\/\/www.santos.sp.gov.br\/\">Santos<\/a> voltou a ficar em alerta contra o coronav\u00edrus. E para atender mais pessoas com a doen\u00e7a, mais 60 novos leitos de interna\u00e7\u00e3o ser\u00e3o disponibilizados. O an\u00fancio foi dado pelo prefeito de Santos, Paulo Alexandre Barbosa (PSDB), por meio das redes sociais.<\/p>\n<p>Os equipamentos estar\u00e3o dispon\u00edveis na Unidade de Pronto Atendimento Central e dos 60, quarenta ficar\u00e3o para a interna\u00e7\u00e3o cl\u00ednica, enquanto que os outros vinte servir\u00e3o para a Unidade de Terapia Intensiva (UTI) da UPA. No entanto \u00e9 necess\u00e1rio esperar a ativa\u00e7\u00e3o para eles poderem ser utilizados.<\/p>\n<p>A aquisi\u00e7\u00e3o se deve ao aumento de casos e interna\u00e7\u00f5es que o coronav\u00edrus causou. O chefe do Poder Executivo explicou mais sobre a novidade no atendimento. \u201cTemos acompanhado a quest\u00e3o da interna\u00e7\u00e3o de COVID-19, e em virtude do aumento de casos, vamos ativar nosso plano de interven\u00e7\u00f5es para o enfrentamento da pandemia que prev\u00ea a abertura de novos leitos na UPA Central&#8221;, explica.<\/p>\n<p>At\u00e9 o momento a taxa de interna\u00e7\u00e3o de pacientes nos leitos est\u00e1 na m\u00e9dia de 56%. Mas com os novos leitos disponibilizados em Santos, o Sistema \u00danico de Sa\u00fade (SUS) vai ter 389 leitos, sendo 240 para cl\u00ednica m\u00e9dica e 149 voltados \u00e0 UTI. Atualmente, o n\u00famero de leitos est\u00e1 em 200 para cl\u00ednica m\u00e9dica e 129, UTI.<\/p>\n<p>Leia tamb\u00e9m<\/p>\n<p><a href=\"https:\/\/redenoticiaz.com.br\/litoralsp\/2020\/12\/12\/shopping-e-multado-por-descumprir-regras-regras-de-prevencao-a-covid-19\/\">Shopping \u00e9 multado por descumprir regras regras de preven\u00e7\u00e3o \u00e0 covid-19<\/a><\/p>\n","protected":false},"excerpt":{"rendered":"<p>A cidade de Santos voltou a ficar em alerta contra o coronav\u00edrus. E para atender mais pessoas com a doen\u00e7a, mais 60 novos leitos de interna\u00e7\u00e3o ser\u00e3o disponibilizados. O an\u00fancio foi dado pelo prefeito de Santos, Paulo Alexandre Barbosa (PSDB), por meio das redes sociais. Os equipamentos estar\u00e3o dispon\u00edveis na Unidade de Pronto Atendimento Central &hellip;<\/p>\n","protected":false},"author":6,"featured_media":1256,"comment_status":"open","ping_status":"closed","sticky":false,"template":"","format":"standard","meta":{"footnotes":""},"categories":[180,23],"tags":[95,4455,986,4454],"class_list":["post-1254","post","type-post","status-publish","format-standard","has-post-thumbnail","hentry","category-santos","category-saude","tag-coronavirus","tag-novos-leitos","tag-santos","tag-upa-central"],"yoast_head":"<!-- This site is optimized with the Yoast SEO plugin v27.5 - https:\/\/yoast.com\/product\/yoast-seo-wordpress\/ -->\n<title>Santos abre mais 60 leitos contra o coronav\u00edrus - Litoral SP<\/title>\n<meta name=\"description\" content=\"A cidade de Santos voltou a ficar em alerta contra o coronav\u00edrus. E para atender mais pessoas com a doen\u00e7a, mais 60 novos leitos\" \/>\n<meta name=\"robots\" content=\"index, follow, max-snippet:-1, max-image-preview:large, max-video-preview:-1\" \/>\n<link rel=\"canonical\" href=\"https:\/\/redenoticiaz.com.br\/litoralsp\/2020\/12\/14\/santos-abre-mais-60-leitos-contra-o-coronavirus\" \/>\n<meta property=\"og:locale\" content=\"pt_BR\" \/>\n<meta property=\"og:type\" content=\"article\" \/>\n<meta property=\"og:title\" content=\"Santos abre mais 60 leitos contra o coronav\u00edrus - Litoral SP\" \/>\n<meta property=\"og:description\" content=\"A cidade de Santos voltou a ficar em alerta contra o coronav\u00edrus. E para atender mais pessoas com a doen\u00e7a, mais 60 novos leitos\" \/>\n<meta property=\"og:url\" content=\"https:\/\/redenoticiaz.com.br\/litoralsp\/2020\/12\/14\/santos-abre-mais-60-leitos-contra-o-coronavirus\" \/>\n<meta property=\"og:site_name\" content=\"Litoral SP\" \/>\n<meta property=\"article:published_time\" content=\"2020-12-14T16:52:32+00:00\" \/>\n<meta property=\"article:modified_time\" content=\"2020-12-14T16:53:03+00:00\" \/>\n<meta property=\"og:image\" content=\"https:\/\/redenoticiaz.com.br\/litoralsp\/wp-content\/uploads\/sites\/3\/2020\/12\/upa.jpg\" \/>\n\t<meta property=\"og:image:width\" content=\"640\" \/>\n\t<meta property=\"og:image:height\" content=\"394\" \/>\n\t<meta property=\"og:image:type\" content=\"image\/jpeg\" \/>\n<meta name=\"author\" content=\"Leonardo Francisco\" \/>\n<meta name=\"twitter:card\" content=\"summary_large_image\" \/>\n<meta name=\"twitter:label1\" content=\"Escrito por\" \/>\n\t<meta name=\"twitter:data1\" content=\"Leonardo Francisco\" \/>\n\t<meta name=\"twitter:label2\" content=\"Est. tempo de leitura\" \/>\n\t<meta name=\"twitter:data2\" content=\"1 minuto\" \/>\n<script type=\"application\/ld+json\" class=\"yoast-schema-graph\">{\"@context\":\"https:\\\/\\\/schema.org\",\"@graph\":[{\"@type\":\"Article\",\"@id\":\"https:\\\/\\\/redenoticiaz.com.br\\\/litoralsp\\\/2020\\\/12\\\/14\\\/santos-abre-mais-60-leitos-contra-o-coronavirus#article\",\"isPartOf\":{\"@id\":\"https:\\\/\\\/redenoticiaz.com.br\\\/litoralsp\\\/2020\\\/12\\\/14\\\/santos-abre-mais-60-leitos-contra-o-coronavirus\"},\"author\":{\"name\":\"Leonardo Francisco\",\"@id\":\"https:\\\/\\\/redenoticiaz.com.br\\\/litoralsp\\\/#\\\/schema\\\/person\\\/0f0b8a5bdafefe82841e07ae8d81ecb3\"},\"headline\":\"Santos abre mais 60 leitos contra o coronav\u00edrus\",\"datePublished\":\"2020-12-14T16:52:32+00:00\",\"dateModified\":\"2020-12-14T16:53:03+00:00\",\"mainEntityOfPage\":{\"@id\":\"https:\\\/\\\/redenoticiaz.com.br\\\/litoralsp\\\/2020\\\/12\\\/14\\\/santos-abre-mais-60-leitos-contra-o-coronavirus\"},\"wordCount\":250,\"commentCount\":0,\"publisher\":{\"@id\":\"https:\\\/\\\/redenoticiaz.com.br\\\/litoralsp\\\/#organization\"},\"image\":{\"@id\":\"https:\\\/\\\/redenoticiaz.com.br\\\/litoralsp\\\/2020\\\/12\\\/14\\\/santos-abre-mais-60-leitos-contra-o-coronavirus#primaryimage\"},\"thumbnailUrl\":\"https:\\\/\\\/redenoticiaz.com.br\\\/litoralsp\\\/wp-content\\\/uploads\\\/sites\\\/3\\\/2020\\\/12\\\/upa.jpg\",\"keywords\":[\"Coronav\u00edrus\",\"NOVOS LEITOS\",\"Santos\",\"UPA CENTRAL\"],\"articleSection\":[\"Santos\",\"Sa\u00fade\"],\"inLanguage\":\"pt-BR\",\"potentialAction\":[{\"@type\":\"CommentAction\",\"name\":\"Comment\",\"target\":[\"https:\\\/\\\/redenoticiaz.com.br\\\/litoralsp\\\/2020\\\/12\\\/14\\\/santos-abre-mais-60-leitos-contra-o-coronavirus#respond\"]}]},{\"@type\":\"WebPage\",\"@id\":\"https:\\\/\\\/redenoticiaz.com.br\\\/litoralsp\\\/2020\\\/12\\\/14\\\/santos-abre-mais-60-leitos-contra-o-coronavirus\",\"url\":\"https:\\\/\\\/redenoticiaz.com.br\\\/litoralsp\\\/2020\\\/12\\\/14\\\/santos-abre-mais-60-leitos-contra-o-coronavirus\",\"name\":\"Santos abre mais 60 leitos contra o coronav\u00edrus - Litoral SP\",\"isPartOf\":{\"@id\":\"https:\\\/\\\/redenoticiaz.com.br\\\/litoralsp\\\/#website\"},\"primaryImageOfPage\":{\"@id\":\"https:\\\/\\\/redenoticiaz.com.br\\\/litoralsp\\\/2020\\\/12\\\/14\\\/santos-abre-mais-60-leitos-contra-o-coronavirus#primaryimage\"},\"image\":{\"@id\":\"https:\\\/\\\/redenoticiaz.com.br\\\/litoralsp\\\/2020\\\/12\\\/14\\\/santos-abre-mais-60-leitos-contra-o-coronavirus#primaryimage\"},\"thumbnailUrl\":\"https:\\\/\\\/redenoticiaz.com.br\\\/litoralsp\\\/wp-content\\\/uploads\\\/sites\\\/3\\\/2020\\\/12\\\/upa.jpg\",\"datePublished\":\"2020-12-14T16:52:32+00:00\",\"dateModified\":\"2020-12-14T16:53:03+00:00\",\"description\":\"A cidade de Santos voltou a ficar em alerta contra o coronav\u00edrus. E para atender mais pessoas com a doen\u00e7a, mais 60 novos leitos\",\"inLanguage\":\"pt-BR\",\"potentialAction\":[{\"@type\":\"ReadAction\",\"target\":[\"https:\\\/\\\/redenoticiaz.com.br\\\/litoralsp\\\/2020\\\/12\\\/14\\\/santos-abre-mais-60-leitos-contra-o-coronavirus\"]}]},{\"@type\":\"ImageObject\",\"inLanguage\":\"pt-BR\",\"@id\":\"https:\\\/\\\/redenoticiaz.com.br\\\/litoralsp\\\/2020\\\/12\\\/14\\\/santos-abre-mais-60-leitos-contra-o-coronavirus#primaryimage\",\"url\":\"https:\\\/\\\/redenoticiaz.com.br\\\/litoralsp\\\/wp-content\\\/uploads\\\/sites\\\/3\\\/2020\\\/12\\\/upa.jpg\",\"contentUrl\":\"https:\\\/\\\/redenoticiaz.com.br\\\/litoralsp\\\/wp-content\\\/uploads\\\/sites\\\/3\\\/2020\\\/12\\\/upa.jpg\",\"width\":640,\"height\":394,\"caption\":\"Santos abre mais 60 leitos contra o coronav\u00edrus\"},{\"@type\":\"WebSite\",\"@id\":\"https:\\\/\\\/redenoticiaz.com.br\\\/litoralsp\\\/#website\",\"url\":\"https:\\\/\\\/redenoticiaz.com.br\\\/litoralsp\\\/\",\"name\":\"Litoral SP\",\"description\":\"Rede NoticiaZ\",\"publisher\":{\"@id\":\"https:\\\/\\\/redenoticiaz.com.br\\\/litoralsp\\\/#organization\"},\"potentialAction\":[{\"@type\":\"SearchAction\",\"target\":{\"@type\":\"EntryPoint\",\"urlTemplate\":\"https:\\\/\\\/redenoticiaz.com.br\\\/litoralsp\\\/?s={search_term_string}\"},\"query-input\":{\"@type\":\"PropertyValueSpecification\",\"valueRequired\":true,\"valueName\":\"search_term_string\"}}],\"inLanguage\":\"pt-BR\"},{\"@type\":\"Organization\",\"@id\":\"https:\\\/\\\/redenoticiaz.com.br\\\/litoralsp\\\/#organization\",\"name\":\"Litoral SP\",\"url\":\"https:\\\/\\\/redenoticiaz.com.br\\\/litoralsp\\\/\",\"logo\":{\"@type\":\"ImageObject\",\"inLanguage\":\"pt-BR\",\"@id\":\"https:\\\/\\\/redenoticiaz.com.br\\\/litoralsp\\\/#\\\/schema\\\/logo\\\/image\\\/\",\"url\":\"https:\\\/\\\/redenoticiaz.com.br\\\/litoralsp\\\/wp-content\\\/uploads\\\/sites\\\/3\\\/2020\\\/11\\\/logo.jpg\",\"contentUrl\":\"https:\\\/\\\/redenoticiaz.com.br\\\/litoralsp\\\/wp-content\\\/uploads\\\/sites\\\/3\\\/2020\\\/11\\\/logo.jpg\",\"width\":400,\"height\":250,\"caption\":\"Litoral SP\"},\"image\":{\"@id\":\"https:\\\/\\\/redenoticiaz.com.br\\\/litoralsp\\\/#\\\/schema\\\/logo\\\/image\\\/\"}},{\"@type\":\"Person\",\"@id\":\"https:\\\/\\\/redenoticiaz.com.br\\\/litoralsp\\\/#\\\/schema\\\/person\\\/0f0b8a5bdafefe82841e07ae8d81ecb3\",\"name\":\"Leonardo Francisco\",\"image\":{\"@type\":\"ImageObject\",\"inLanguage\":\"pt-BR\",\"@id\":\"https:\\\/\\\/secure.gravatar.com\\\/avatar\\\/a7358cb406a99b682ec6df1e77e31ae82e63601f6784e8a3df411d72b37864da?s=96&d=mm&r=g\",\"url\":\"https:\\\/\\\/secure.gravatar.com\\\/avatar\\\/a7358cb406a99b682ec6df1e77e31ae82e63601f6784e8a3df411d72b37864da?s=96&d=mm&r=g\",\"contentUrl\":\"https:\\\/\\\/secure.gravatar.com\\\/avatar\\\/a7358cb406a99b682ec6df1e77e31ae82e63601f6784e8a3df411d72b37864da?s=96&d=mm&r=g\",\"caption\":\"Leonardo Francisco\"},\"url\":\"https:\\\/\\\/redenoticiaz.com.br\\\/litoralsp\\\/author\\\/leonardo-francisco\"}]}<\/script>\n<!-- \/ Yoast SEO plugin. -->","yoast_head_json":{"title":"Santos abre mais 60 leitos contra o coronav\u00edrus - Litoral SP","description":"A cidade de Santos voltou a ficar em alerta contra o coronav\u00edrus. E para atender mais pessoas com a doen\u00e7a, mais 60 novos leitos","robots":{"index":"index","follow":"follow","max-snippet":"max-snippet:-1","max-image-preview":"max-image-preview:large","max-video-preview":"max-video-preview:-1"},"canonical":"https:\/\/redenoticiaz.com.br\/litoralsp\/2020\/12\/14\/santos-abre-mais-60-leitos-contra-o-coronavirus","og_locale":"pt_BR","og_type":"article","og_title":"Santos abre mais 60 leitos contra o coronav\u00edrus - Litoral SP","og_description":"A cidade de Santos voltou a ficar em alerta contra o coronav\u00edrus. E para atender mais pessoas com a doen\u00e7a, mais 60 novos leitos","og_url":"https:\/\/redenoticiaz.com.br\/litoralsp\/2020\/12\/14\/santos-abre-mais-60-leitos-contra-o-coronavirus","og_site_name":"Litoral SP","article_published_time":"2020-12-14T16:52:32+00:00","article_modified_time":"2020-12-14T16:53:03+00:00","og_image":[{"width":640,"height":394,"url":"https:\/\/redenoticiaz.com.br\/litoralsp\/wp-content\/uploads\/sites\/3\/2020\/12\/upa.jpg","type":"image\/jpeg"}],"author":"Leonardo Francisco","twitter_card":"summary_large_image","twitter_misc":{"Escrito por":"Leonardo Francisco","Est. tempo de leitura":"1 minuto"},"schema":{"@context":"https:\/\/schema.org","@graph":[{"@type":"Article","@id":"https:\/\/redenoticiaz.com.br\/litoralsp\/2020\/12\/14\/santos-abre-mais-60-leitos-contra-o-coronavirus#article","isPartOf":{"@id":"https:\/\/redenoticiaz.com.br\/litoralsp\/2020\/12\/14\/santos-abre-mais-60-leitos-contra-o-coronavirus"},"author":{"name":"Leonardo Francisco","@id":"https:\/\/redenoticiaz.com.br\/litoralsp\/#\/schema\/person\/0f0b8a5bdafefe82841e07ae8d81ecb3"},"headline":"Santos abre mais 60 leitos contra o coronav\u00edrus","datePublished":"2020-12-14T16:52:32+00:00","dateModified":"2020-12-14T16:53:03+00:00","mainEntityOfPage":{"@id":"https:\/\/redenoticiaz.com.br\/litoralsp\/2020\/12\/14\/santos-abre-mais-60-leitos-contra-o-coronavirus"},"wordCount":250,"commentCount":0,"publisher":{"@id":"https:\/\/redenoticiaz.com.br\/litoralsp\/#organization"},"image":{"@id":"https:\/\/redenoticiaz.com.br\/litoralsp\/2020\/12\/14\/santos-abre-mais-60-leitos-contra-o-coronavirus#primaryimage"},"thumbnailUrl":"https:\/\/redenoticiaz.com.br\/litoralsp\/wp-content\/uploads\/sites\/3\/2020\/12\/upa.jpg","keywords":["Coronav\u00edrus","NOVOS LEITOS","Santos","UPA CENTRAL"],"articleSection":["Santos","Sa\u00fade"],"inLanguage":"pt-BR","potentialAction":[{"@type":"CommentAction","name":"Comment","target":["https:\/\/redenoticiaz.com.br\/litoralsp\/2020\/12\/14\/santos-abre-mais-60-leitos-contra-o-coronavirus#respond"]}]},{"@type":"WebPage","@id":"https:\/\/redenoticiaz.com.br\/litoralsp\/2020\/12\/14\/santos-abre-mais-60-leitos-contra-o-coronavirus","url":"https:\/\/redenoticiaz.com.br\/litoralsp\/2020\/12\/14\/santos-abre-mais-60-leitos-contra-o-coronavirus","name":"Santos abre mais 60 leitos contra o coronav\u00edrus - Litoral SP","isPartOf":{"@id":"https:\/\/redenoticiaz.com.br\/litoralsp\/#website"},"primaryImageOfPage":{"@id":"https:\/\/redenoticiaz.com.br\/litoralsp\/2020\/12\/14\/santos-abre-mais-60-leitos-contra-o-coronavirus#primaryimage"},"image":{"@id":"https:\/\/redenoticiaz.com.br\/litoralsp\/2020\/12\/14\/santos-abre-mais-60-leitos-contra-o-coronavirus#primaryimage"},"thumbnailUrl":"https:\/\/redenoticiaz.com.br\/litoralsp\/wp-content\/uploads\/sites\/3\/2020\/12\/upa.jpg","datePublished":"2020-12-14T16:52:32+00:00","dateModified":"2020-12-14T16:53:03+00:00","description":"A cidade de Santos voltou a ficar em alerta contra o coronav\u00edrus. E para atender mais pessoas com a doen\u00e7a, mais 60 novos leitos","inLanguage":"pt-BR","potentialAction":[{"@type":"ReadAction","target":["https:\/\/redenoticiaz.com.br\/litoralsp\/2020\/12\/14\/santos-abre-mais-60-leitos-contra-o-coronavirus"]}]},{"@type":"ImageObject","inLanguage":"pt-BR","@id":"https:\/\/redenoticiaz.com.br\/litoralsp\/2020\/12\/14\/santos-abre-mais-60-leitos-contra-o-coronavirus#primaryimage","url":"https:\/\/redenoticiaz.com.br\/litoralsp\/wp-content\/uploads\/sites\/3\/2020\/12\/upa.jpg","contentUrl":"https:\/\/redenoticiaz.com.br\/litoralsp\/wp-content\/uploads\/sites\/3\/2020\/12\/upa.jpg","width":640,"height":394,"caption":"Santos abre mais 60 leitos contra o coronav\u00edrus"},{"@type":"WebSite","@id":"https:\/\/redenoticiaz.com.br\/litoralsp\/#website","url":"https:\/\/redenoticiaz.com.br\/litoralsp\/","name":"Litoral SP","description":"Rede NoticiaZ","publisher":{"@id":"https:\/\/redenoticiaz.com.br\/litoralsp\/#organization"},"potentialAction":[{"@type":"SearchAction","target":{"@type":"EntryPoint","urlTemplate":"https:\/\/redenoticiaz.com.br\/litoralsp\/?s={search_term_string}"},"query-input":{"@type":"PropertyValueSpecification","valueRequired":true,"valueName":"search_term_string"}}],"inLanguage":"pt-BR"},{"@type":"Organization","@id":"https:\/\/redenoticiaz.com.br\/litoralsp\/#organization","name":"Litoral SP","url":"https:\/\/redenoticiaz.com.br\/litoralsp\/","logo":{"@type":"ImageObject","inLanguage":"pt-BR","@id":"https:\/\/redenoticiaz.com.br\/litoralsp\/#\/schema\/logo\/image\/","url":"https:\/\/redenoticiaz.com.br\/litoralsp\/wp-content\/uploads\/sites\/3\/2020\/11\/logo.jpg","contentUrl":"https:\/\/redenoticiaz.com.br\/litoralsp\/wp-content\/uploads\/sites\/3\/2020\/11\/logo.jpg","width":400,"height":250,"caption":"Litoral SP"},"image":{"@id":"https:\/\/redenoticiaz.com.br\/litoralsp\/#\/schema\/logo\/image\/"}},{"@type":"Person","@id":"https:\/\/redenoticiaz.com.br\/litoralsp\/#\/schema\/person\/0f0b8a5bdafefe82841e07ae8d81ecb3","name":"Leonardo Francisco","image":{"@type":"ImageObject","inLanguage":"pt-BR","@id":"https:\/\/secure.gravatar.com\/avatar\/a7358cb406a99b682ec6df1e77e31ae82e63601f6784e8a3df411d72b37864da?s=96&d=mm&r=g","url":"https:\/\/secure.gravatar.com\/avatar\/a7358cb406a99b682ec6df1e77e31ae82e63601f6784e8a3df411d72b37864da?s=96&d=mm&r=g","contentUrl":"https:\/\/secure.gravatar.com\/avatar\/a7358cb406a99b682ec6df1e77e31ae82e63601f6784e8a3df411d72b37864da?s=96&d=mm&r=g","caption":"Leonardo Francisco"},"url":"https:\/\/redenoticiaz.com.br\/litoralsp\/author\/leonardo-francisco"}]}},"_links":{"self":[{"href":"https:\/\/redenoticiaz.com.br\/litoralsp\/wp-json\/wp\/v2\/posts\/1254","targetHints":{"allow":["GET"]}}],"collection":[{"href":"https:\/\/redenoticiaz.com.br\/litoralsp\/wp-json\/wp\/v2\/posts"}],"about":[{"href":"https:\/\/redenoticiaz.com.br\/litoralsp\/wp-json\/wp\/v2\/types\/post"}],"author":[{"embeddable":true,"href":"https:\/\/redenoticiaz.com.br\/litoralsp\/wp-json\/wp\/v2\/users\/6"}],"replies":[{"embeddable":true,"href":"https:\/\/redenoticiaz.com.br\/litoralsp\/wp-json\/wp\/v2\/comments?post=1254"}],"version-history":[{"count":2,"href":"https:\/\/redenoticiaz.com.br\/litoralsp\/wp-json\/wp\/v2\/posts\/1254\/revisions"}],"predecessor-version":[{"id":1257,"href":"https:\/\/redenoticiaz.com.br\/litoralsp\/wp-json\/wp\/v2\/posts\/1254\/revisions\/1257"}],"wp:featuredmedia":[{"embeddable":true,"href":"https:\/\/redenoticiaz.com.br\/litoralsp\/wp-json\/wp\/v2\/media\/1256"}],"wp:attachment":[{"href":"https:\/\/redenoticiaz.com.br\/litoralsp\/wp-json\/wp\/v2\/media?parent=1254"}],"wp:term":[{"taxonomy":"category","embeddable":true,"href":"https:\/\/redenoticiaz.com.br\/litoralsp\/wp-json\/wp\/v2\/categories?post=1254"},{"taxonomy":"post_tag","embeddable":true,"href":"https:\/\/redenoticiaz.com.br\/litoralsp\/wp-json\/wp\/v2\/tags?post=1254"}],"curies":[{"name":"wp","href":"https:\/\/api.w.org\/{rel}","templated":true}]}}