{"id":12583,"date":"2021-08-11T12:15:23","date_gmt":"2021-08-11T15:15:23","guid":{"rendered":"https:\/\/redenoticiaz.com.br\/litoralsp\/2021\/08\/11\/sao-paulo-e-palmeiras-ficam-no-empate-nas-quartas-de-final-da-libertadores"},"modified":"2021-08-11T12:18:50","modified_gmt":"2021-08-11T15:18:50","slug":"sao-paulo-e-palmeiras-ficam-no-empate-nas-quartas-de-final-da-libertadores","status":"publish","type":"post","link":"https:\/\/redenoticiaz.com.br\/litoralsp\/2021\/08\/11\/sao-paulo-e-palmeiras-ficam-no-empate-nas-quartas-de-final-da-libertadores","title":{"rendered":"S\u00e3o Paulo e Palmeiras ficam no empate nas quartas de final da Libertadores"},"content":{"rendered":"<p>Come\u00e7ou nessa ter\u00e7a-feira (10) as quartas de final da <a href=\"https:\/\/www.conmebol.com\/pt-br\">Libertadores da Am\u00e9rica<\/a> e logo de cara com o Choque Rei, que \u00e9 o duelo entre <strong>S\u00e3o Paulo e Palmeiras<\/strong>. No Morumbi, as duas equipes fizeram um jogo mais estudado e ficaram no empate por 1 a 1.<\/p>\n<p>O S\u00e3o Paulo abdicou de escalar tr\u00eas zagueiros para buscar criar chances mais claras e tentar abrir o placar. No entanto o Palmeiras apostou em jogar mais fechado e explorar os contra-ataques e erros do advers\u00e1rio. A primeira chance foi do Tricolor, quando Gabriel Sara recebeu bom lan\u00e7amento de Daniel Alves, finalizou obrigando Weverton a fazer boa defesa. Outra tentativa veio com Rigoni que tentou surpreender o goleiro palmeirense.<\/p>\n<p>O time de Abel Ferreira tentou apostar na velocidade para surpreender o advers\u00e1rio. Na melhor delas, Dudu pegou a defesa desarrumada ap\u00f3s erro de passe no meio e deixou Breno Lopes na cara do gol. Sem saber se finalizava ou cruzava para Rony, n\u00e3o fez nenhum dos dois e mandou para longe. Numa segunda chance, novamente ap\u00f3s lan\u00e7amento de Dudu, Breno voltou a errar, atrapalhando-se na hora do chute. Bolas a\u00e9reas tamb\u00e9m foram op\u00e7\u00e3o ao Palmeiras: cabe\u00e7adas de Renan e Gustavo G\u00f3mez levaram algum perigo.<\/p>\n<h3>Segundo tempo<\/h3>\n<p>O Palmeiras teve substitui\u00e7\u00e3o com Wesley no lugar de Breno Lopes e apresentou uma melhora. S\u00f3 que o S\u00e3o Paulo reagiu e abriu o placar aos 8 minutos, na base da insist\u00eancia. Rodrigo Nestor conseguiu finalizar duas vezes dentro da \u00e1rea para duas belas defesas de Weverton. No segundo rebote, Luan, tamb\u00e9m livre, finalizou sem chances para o goleiro e abriu o placar: 1 a 0 S\u00e3o Paulo.<\/p>\n<p>A partir da\u00ed, Abel Ferreira lan\u00e7ou Luiz Adriano na vaga de Rony, mas n\u00e3o conseguiu posse de bola no campo de ataque. O Tricolor foi melhor e criou novas chances: com Liziero, em chute de primeira que passou perto, e com Gabriel Sara, em chute certeiro que exigiu outra grande defesa de Weverton. Quando o Verd\u00e3o parecia sem alternativas, encontrou a bola parada: Patrick de Paula, que havia acabado de entrar, cobrou falta com perfei\u00e7\u00e3o aos 28 minutos. Tiago Volpi n\u00e3o alcan\u00e7ou, e o empate foi decretado: 1 a 1, com o Palmeiras at\u00e9 mais efetivo na reta final.<\/p>\n<p>Agora Palmeiras e S\u00e3o Paulo voltam a se enfrentar na pr\u00f3xima ter\u00e7a-feira, \u00e0s 21h30 (de Bras\u00edlia), no Allianz Parque. Como o gol fora de casa \u00e9 crit\u00e9rio de desempate, um 0 x 0 classifica o Verd\u00e3o, enquanto empate superior a dois gols d\u00e1 a vaga ao S\u00e3o Paulo. Novo 1 x 1 leva a decis\u00e3o para os p\u00eanaltis. Se houver um vencedor no tempo normal, este, naturalmente, estar\u00e1 classificado.<\/p>\n<p><strong>LEIA TAMB\u00c9M<\/strong><\/p>\n<p><a href=\"https:\/\/redenoticiaz.com.br\/blog\/2021\/08\/10\/oficial-psg-contrata-lionel-messi-e-refaz-parceria-com-neymar\">Oficial! PSG contrata Lionel Messi e refaz parceria com Neymar<\/a><\/p>\n","protected":false},"excerpt":{"rendered":"<p>Come\u00e7ou nessa ter\u00e7a-feira (10) as quartas de final da Libertadores da Am\u00e9rica e logo de cara com o Choque Rei, que \u00e9 o duelo entre S\u00e3o Paulo e Palmeiras. No Morumbi, as duas equipes fizeram um jogo mais estudado e ficaram no empate por 1 a 1. O S\u00e3o Paulo abdicou de escalar tr\u00eas zagueiros &hellip;<\/p>\n","protected":false},"author":6,"featured_media":12584,"comment_status":"open","ping_status":"closed","sticky":false,"template":"","format":"standard","meta":{"footnotes":""},"categories":[35],"tags":[2176,23340,8114,1416,25948,3828,10557],"class_list":["post-12583","post","type-post","status-publish","format-standard","has-post-thumbnail","hentry","category-esporte","tag-libertadores-da-america","tag-luan","tag-morumbi","tag-palmeiras","tag-patrick-de-paula","tag-quartas-de-final","tag-sao-paulo-fc"],"yoast_head":"<!-- This site is optimized with the Yoast SEO plugin v27.4 - https:\/\/yoast.com\/product\/yoast-seo-wordpress\/ -->\n<title>S\u00e3o Paulo e Palmeiras ficam no empate nas quartas de final da Libertadores - Litoral SP<\/title>\n<meta name=\"description\" content=\"as quartas de final da Libertadores da Am\u00e9rica e logo de cara com o Choque Rei, que \u00e9 o duelo entre S\u00e3o Paulo e Palmeiras. No\" \/>\n<meta name=\"robots\" content=\"index, follow, max-snippet:-1, max-image-preview:large, max-video-preview:-1\" \/>\n<link rel=\"canonical\" href=\"https:\/\/redenoticiaz.com.br\/litoralsp\/2021\/08\/11\/sao-paulo-e-palmeiras-ficam-no-empate-nas-quartas-de-final-da-libertadores\" \/>\n<meta property=\"og:locale\" content=\"pt_BR\" \/>\n<meta property=\"og:type\" content=\"article\" \/>\n<meta property=\"og:title\" content=\"S\u00e3o Paulo e Palmeiras ficam no empate nas quartas de final da Libertadores - Litoral SP\" \/>\n<meta property=\"og:description\" content=\"as quartas de final da Libertadores da Am\u00e9rica e logo de cara com o Choque Rei, que \u00e9 o duelo entre S\u00e3o Paulo e Palmeiras. No\" \/>\n<meta property=\"og:url\" content=\"https:\/\/redenoticiaz.com.br\/litoralsp\/2021\/08\/11\/sao-paulo-e-palmeiras-ficam-no-empate-nas-quartas-de-final-da-libertadores\" \/>\n<meta property=\"og:site_name\" content=\"Litoral SP\" \/>\n<meta property=\"article:published_time\" content=\"2021-08-11T15:15:23+00:00\" \/>\n<meta property=\"article:modified_time\" content=\"2021-08-11T15:18:50+00:00\" \/>\n<meta property=\"og:image\" content=\"https:\/\/redenoticiaz.com.br\/litoralsp\/wp-content\/uploads\/sites\/3\/2021\/08\/choque-rei.jpeg\" \/>\n\t<meta property=\"og:image:width\" content=\"640\" \/>\n\t<meta property=\"og:image:height\" content=\"360\" \/>\n\t<meta property=\"og:image:type\" content=\"image\/jpeg\" \/>\n<meta name=\"author\" content=\"Leonardo Francisco\" \/>\n<meta name=\"twitter:card\" content=\"summary_large_image\" \/>\n<meta name=\"twitter:label1\" content=\"Escrito por\" \/>\n\t<meta name=\"twitter:data1\" content=\"Leonardo Francisco\" \/>\n\t<meta name=\"twitter:label2\" content=\"Est. tempo de leitura\" \/>\n\t<meta name=\"twitter:data2\" content=\"2 minutos\" \/>\n<script type=\"application\/ld+json\" class=\"yoast-schema-graph\">{\"@context\":\"https:\\\/\\\/schema.org\",\"@graph\":[{\"@type\":\"Article\",\"@id\":\"https:\\\/\\\/redenoticiaz.com.br\\\/litoralsp\\\/2021\\\/08\\\/11\\\/sao-paulo-e-palmeiras-ficam-no-empate-nas-quartas-de-final-da-libertadores#article\",\"isPartOf\":{\"@id\":\"https:\\\/\\\/redenoticiaz.com.br\\\/litoralsp\\\/2021\\\/08\\\/11\\\/sao-paulo-e-palmeiras-ficam-no-empate-nas-quartas-de-final-da-libertadores\"},\"author\":{\"name\":\"Leonardo Francisco\",\"@id\":\"https:\\\/\\\/redenoticiaz.com.br\\\/litoralsp\\\/#\\\/schema\\\/person\\\/0f0b8a5bdafefe82841e07ae8d81ecb3\"},\"headline\":\"S\u00e3o Paulo e Palmeiras ficam no empate nas quartas de final da Libertadores\",\"datePublished\":\"2021-08-11T15:15:23+00:00\",\"dateModified\":\"2021-08-11T15:18:50+00:00\",\"mainEntityOfPage\":{\"@id\":\"https:\\\/\\\/redenoticiaz.com.br\\\/litoralsp\\\/2021\\\/08\\\/11\\\/sao-paulo-e-palmeiras-ficam-no-empate-nas-quartas-de-final-da-libertadores\"},\"wordCount\":489,\"commentCount\":0,\"publisher\":{\"@id\":\"https:\\\/\\\/redenoticiaz.com.br\\\/litoralsp\\\/#organization\"},\"image\":{\"@id\":\"https:\\\/\\\/redenoticiaz.com.br\\\/litoralsp\\\/2021\\\/08\\\/11\\\/sao-paulo-e-palmeiras-ficam-no-empate-nas-quartas-de-final-da-libertadores#primaryimage\"},\"thumbnailUrl\":\"https:\\\/\\\/redenoticiaz.com.br\\\/litoralsp\\\/wp-content\\\/uploads\\\/sites\\\/3\\\/2021\\\/08\\\/choque-rei.jpeg\",\"keywords\":[\"Libertadores da Am\u00e9rica\",\"LUAN\",\"MORUMBI\",\"Palmeiras\",\"PATRICK DE PAULA\",\"QUARTAS DE FINAL\",\"S\u00c3O PAULO FC\"],\"articleSection\":[\"Esporte\"],\"inLanguage\":\"pt-BR\",\"potentialAction\":[{\"@type\":\"CommentAction\",\"name\":\"Comment\",\"target\":[\"https:\\\/\\\/redenoticiaz.com.br\\\/litoralsp\\\/2021\\\/08\\\/11\\\/sao-paulo-e-palmeiras-ficam-no-empate-nas-quartas-de-final-da-libertadores#respond\"]}]},{\"@type\":\"WebPage\",\"@id\":\"https:\\\/\\\/redenoticiaz.com.br\\\/litoralsp\\\/2021\\\/08\\\/11\\\/sao-paulo-e-palmeiras-ficam-no-empate-nas-quartas-de-final-da-libertadores\",\"url\":\"https:\\\/\\\/redenoticiaz.com.br\\\/litoralsp\\\/2021\\\/08\\\/11\\\/sao-paulo-e-palmeiras-ficam-no-empate-nas-quartas-de-final-da-libertadores\",\"name\":\"S\u00e3o Paulo e Palmeiras ficam no empate nas quartas de final da Libertadores - Litoral SP\",\"isPartOf\":{\"@id\":\"https:\\\/\\\/redenoticiaz.com.br\\\/litoralsp\\\/#website\"},\"primaryImageOfPage\":{\"@id\":\"https:\\\/\\\/redenoticiaz.com.br\\\/litoralsp\\\/2021\\\/08\\\/11\\\/sao-paulo-e-palmeiras-ficam-no-empate-nas-quartas-de-final-da-libertadores#primaryimage\"},\"image\":{\"@id\":\"https:\\\/\\\/redenoticiaz.com.br\\\/litoralsp\\\/2021\\\/08\\\/11\\\/sao-paulo-e-palmeiras-ficam-no-empate-nas-quartas-de-final-da-libertadores#primaryimage\"},\"thumbnailUrl\":\"https:\\\/\\\/redenoticiaz.com.br\\\/litoralsp\\\/wp-content\\\/uploads\\\/sites\\\/3\\\/2021\\\/08\\\/choque-rei.jpeg\",\"datePublished\":\"2021-08-11T15:15:23+00:00\",\"dateModified\":\"2021-08-11T15:18:50+00:00\",\"description\":\"as quartas de final da Libertadores da Am\u00e9rica e logo de cara com o Choque Rei, que \u00e9 o duelo entre S\u00e3o Paulo e Palmeiras. No\",\"inLanguage\":\"pt-BR\",\"potentialAction\":[{\"@type\":\"ReadAction\",\"target\":[\"https:\\\/\\\/redenoticiaz.com.br\\\/litoralsp\\\/2021\\\/08\\\/11\\\/sao-paulo-e-palmeiras-ficam-no-empate-nas-quartas-de-final-da-libertadores\"]}]},{\"@type\":\"ImageObject\",\"inLanguage\":\"pt-BR\",\"@id\":\"https:\\\/\\\/redenoticiaz.com.br\\\/litoralsp\\\/2021\\\/08\\\/11\\\/sao-paulo-e-palmeiras-ficam-no-empate-nas-quartas-de-final-da-libertadores#primaryimage\",\"url\":\"https:\\\/\\\/redenoticiaz.com.br\\\/litoralsp\\\/wp-content\\\/uploads\\\/sites\\\/3\\\/2021\\\/08\\\/choque-rei.jpeg\",\"contentUrl\":\"https:\\\/\\\/redenoticiaz.com.br\\\/litoralsp\\\/wp-content\\\/uploads\\\/sites\\\/3\\\/2021\\\/08\\\/choque-rei.jpeg\",\"width\":640,\"height\":360,\"caption\":\"Tricolor segue invicto contra o Verd\u00e3o em jogos da Libertadores da Am\u00e9rica.\"},{\"@type\":\"WebSite\",\"@id\":\"https:\\\/\\\/redenoticiaz.com.br\\\/litoralsp\\\/#website\",\"url\":\"https:\\\/\\\/redenoticiaz.com.br\\\/litoralsp\\\/\",\"name\":\"Litoral SP\",\"description\":\"Rede NoticiaZ\",\"publisher\":{\"@id\":\"https:\\\/\\\/redenoticiaz.com.br\\\/litoralsp\\\/#organization\"},\"potentialAction\":[{\"@type\":\"SearchAction\",\"target\":{\"@type\":\"EntryPoint\",\"urlTemplate\":\"https:\\\/\\\/redenoticiaz.com.br\\\/litoralsp\\\/?s={search_term_string}\"},\"query-input\":{\"@type\":\"PropertyValueSpecification\",\"valueRequired\":true,\"valueName\":\"search_term_string\"}}],\"inLanguage\":\"pt-BR\"},{\"@type\":\"Organization\",\"@id\":\"https:\\\/\\\/redenoticiaz.com.br\\\/litoralsp\\\/#organization\",\"name\":\"Litoral SP\",\"url\":\"https:\\\/\\\/redenoticiaz.com.br\\\/litoralsp\\\/\",\"logo\":{\"@type\":\"ImageObject\",\"inLanguage\":\"pt-BR\",\"@id\":\"https:\\\/\\\/redenoticiaz.com.br\\\/litoralsp\\\/#\\\/schema\\\/logo\\\/image\\\/\",\"url\":\"https:\\\/\\\/redenoticiaz.com.br\\\/litoralsp\\\/wp-content\\\/uploads\\\/sites\\\/3\\\/2020\\\/11\\\/logo.jpg\",\"contentUrl\":\"https:\\\/\\\/redenoticiaz.com.br\\\/litoralsp\\\/wp-content\\\/uploads\\\/sites\\\/3\\\/2020\\\/11\\\/logo.jpg\",\"width\":400,\"height\":250,\"caption\":\"Litoral SP\"},\"image\":{\"@id\":\"https:\\\/\\\/redenoticiaz.com.br\\\/litoralsp\\\/#\\\/schema\\\/logo\\\/image\\\/\"}},{\"@type\":\"Person\",\"@id\":\"https:\\\/\\\/redenoticiaz.com.br\\\/litoralsp\\\/#\\\/schema\\\/person\\\/0f0b8a5bdafefe82841e07ae8d81ecb3\",\"name\":\"Leonardo Francisco\",\"image\":{\"@type\":\"ImageObject\",\"inLanguage\":\"pt-BR\",\"@id\":\"https:\\\/\\\/secure.gravatar.com\\\/avatar\\\/a7358cb406a99b682ec6df1e77e31ae82e63601f6784e8a3df411d72b37864da?s=96&d=mm&r=g\",\"url\":\"https:\\\/\\\/secure.gravatar.com\\\/avatar\\\/a7358cb406a99b682ec6df1e77e31ae82e63601f6784e8a3df411d72b37864da?s=96&d=mm&r=g\",\"contentUrl\":\"https:\\\/\\\/secure.gravatar.com\\\/avatar\\\/a7358cb406a99b682ec6df1e77e31ae82e63601f6784e8a3df411d72b37864da?s=96&d=mm&r=g\",\"caption\":\"Leonardo Francisco\"},\"url\":\"https:\\\/\\\/redenoticiaz.com.br\\\/litoralsp\\\/author\\\/leonardo-francisco\"}]}<\/script>\n<!-- \/ Yoast SEO plugin. -->","yoast_head_json":{"title":"S\u00e3o Paulo e Palmeiras ficam no empate nas quartas de final da Libertadores - Litoral SP","description":"as quartas de final da Libertadores da Am\u00e9rica e logo de cara com o Choque Rei, que \u00e9 o duelo entre S\u00e3o Paulo e Palmeiras. No","robots":{"index":"index","follow":"follow","max-snippet":"max-snippet:-1","max-image-preview":"max-image-preview:large","max-video-preview":"max-video-preview:-1"},"canonical":"https:\/\/redenoticiaz.com.br\/litoralsp\/2021\/08\/11\/sao-paulo-e-palmeiras-ficam-no-empate-nas-quartas-de-final-da-libertadores","og_locale":"pt_BR","og_type":"article","og_title":"S\u00e3o Paulo e Palmeiras ficam no empate nas quartas de final da Libertadores - Litoral SP","og_description":"as quartas de final da Libertadores da Am\u00e9rica e logo de cara com o Choque Rei, que \u00e9 o duelo entre S\u00e3o Paulo e Palmeiras. No","og_url":"https:\/\/redenoticiaz.com.br\/litoralsp\/2021\/08\/11\/sao-paulo-e-palmeiras-ficam-no-empate-nas-quartas-de-final-da-libertadores","og_site_name":"Litoral SP","article_published_time":"2021-08-11T15:15:23+00:00","article_modified_time":"2021-08-11T15:18:50+00:00","og_image":[{"width":640,"height":360,"url":"https:\/\/redenoticiaz.com.br\/litoralsp\/wp-content\/uploads\/sites\/3\/2021\/08\/choque-rei.jpeg","type":"image\/jpeg"}],"author":"Leonardo Francisco","twitter_card":"summary_large_image","twitter_misc":{"Escrito por":"Leonardo Francisco","Est. tempo de leitura":"2 minutos"},"schema":{"@context":"https:\/\/schema.org","@graph":[{"@type":"Article","@id":"https:\/\/redenoticiaz.com.br\/litoralsp\/2021\/08\/11\/sao-paulo-e-palmeiras-ficam-no-empate-nas-quartas-de-final-da-libertadores#article","isPartOf":{"@id":"https:\/\/redenoticiaz.com.br\/litoralsp\/2021\/08\/11\/sao-paulo-e-palmeiras-ficam-no-empate-nas-quartas-de-final-da-libertadores"},"author":{"name":"Leonardo Francisco","@id":"https:\/\/redenoticiaz.com.br\/litoralsp\/#\/schema\/person\/0f0b8a5bdafefe82841e07ae8d81ecb3"},"headline":"S\u00e3o Paulo e Palmeiras ficam no empate nas quartas de final da Libertadores","datePublished":"2021-08-11T15:15:23+00:00","dateModified":"2021-08-11T15:18:50+00:00","mainEntityOfPage":{"@id":"https:\/\/redenoticiaz.com.br\/litoralsp\/2021\/08\/11\/sao-paulo-e-palmeiras-ficam-no-empate-nas-quartas-de-final-da-libertadores"},"wordCount":489,"commentCount":0,"publisher":{"@id":"https:\/\/redenoticiaz.com.br\/litoralsp\/#organization"},"image":{"@id":"https:\/\/redenoticiaz.com.br\/litoralsp\/2021\/08\/11\/sao-paulo-e-palmeiras-ficam-no-empate-nas-quartas-de-final-da-libertadores#primaryimage"},"thumbnailUrl":"https:\/\/redenoticiaz.com.br\/litoralsp\/wp-content\/uploads\/sites\/3\/2021\/08\/choque-rei.jpeg","keywords":["Libertadores da Am\u00e9rica","LUAN","MORUMBI","Palmeiras","PATRICK DE PAULA","QUARTAS DE FINAL","S\u00c3O PAULO FC"],"articleSection":["Esporte"],"inLanguage":"pt-BR","potentialAction":[{"@type":"CommentAction","name":"Comment","target":["https:\/\/redenoticiaz.com.br\/litoralsp\/2021\/08\/11\/sao-paulo-e-palmeiras-ficam-no-empate-nas-quartas-de-final-da-libertadores#respond"]}]},{"@type":"WebPage","@id":"https:\/\/redenoticiaz.com.br\/litoralsp\/2021\/08\/11\/sao-paulo-e-palmeiras-ficam-no-empate-nas-quartas-de-final-da-libertadores","url":"https:\/\/redenoticiaz.com.br\/litoralsp\/2021\/08\/11\/sao-paulo-e-palmeiras-ficam-no-empate-nas-quartas-de-final-da-libertadores","name":"S\u00e3o Paulo e Palmeiras ficam no empate nas quartas de final da Libertadores - Litoral SP","isPartOf":{"@id":"https:\/\/redenoticiaz.com.br\/litoralsp\/#website"},"primaryImageOfPage":{"@id":"https:\/\/redenoticiaz.com.br\/litoralsp\/2021\/08\/11\/sao-paulo-e-palmeiras-ficam-no-empate-nas-quartas-de-final-da-libertadores#primaryimage"},"image":{"@id":"https:\/\/redenoticiaz.com.br\/litoralsp\/2021\/08\/11\/sao-paulo-e-palmeiras-ficam-no-empate-nas-quartas-de-final-da-libertadores#primaryimage"},"thumbnailUrl":"https:\/\/redenoticiaz.com.br\/litoralsp\/wp-content\/uploads\/sites\/3\/2021\/08\/choque-rei.jpeg","datePublished":"2021-08-11T15:15:23+00:00","dateModified":"2021-08-11T15:18:50+00:00","description":"as quartas de final da Libertadores da Am\u00e9rica e logo de cara com o Choque Rei, que \u00e9 o duelo entre S\u00e3o Paulo e Palmeiras. No","inLanguage":"pt-BR","potentialAction":[{"@type":"ReadAction","target":["https:\/\/redenoticiaz.com.br\/litoralsp\/2021\/08\/11\/sao-paulo-e-palmeiras-ficam-no-empate-nas-quartas-de-final-da-libertadores"]}]},{"@type":"ImageObject","inLanguage":"pt-BR","@id":"https:\/\/redenoticiaz.com.br\/litoralsp\/2021\/08\/11\/sao-paulo-e-palmeiras-ficam-no-empate-nas-quartas-de-final-da-libertadores#primaryimage","url":"https:\/\/redenoticiaz.com.br\/litoralsp\/wp-content\/uploads\/sites\/3\/2021\/08\/choque-rei.jpeg","contentUrl":"https:\/\/redenoticiaz.com.br\/litoralsp\/wp-content\/uploads\/sites\/3\/2021\/08\/choque-rei.jpeg","width":640,"height":360,"caption":"Tricolor segue invicto contra o Verd\u00e3o em jogos da Libertadores da Am\u00e9rica."},{"@type":"WebSite","@id":"https:\/\/redenoticiaz.com.br\/litoralsp\/#website","url":"https:\/\/redenoticiaz.com.br\/litoralsp\/","name":"Litoral SP","description":"Rede NoticiaZ","publisher":{"@id":"https:\/\/redenoticiaz.com.br\/litoralsp\/#organization"},"potentialAction":[{"@type":"SearchAction","target":{"@type":"EntryPoint","urlTemplate":"https:\/\/redenoticiaz.com.br\/litoralsp\/?s={search_term_string}"},"query-input":{"@type":"PropertyValueSpecification","valueRequired":true,"valueName":"search_term_string"}}],"inLanguage":"pt-BR"},{"@type":"Organization","@id":"https:\/\/redenoticiaz.com.br\/litoralsp\/#organization","name":"Litoral SP","url":"https:\/\/redenoticiaz.com.br\/litoralsp\/","logo":{"@type":"ImageObject","inLanguage":"pt-BR","@id":"https:\/\/redenoticiaz.com.br\/litoralsp\/#\/schema\/logo\/image\/","url":"https:\/\/redenoticiaz.com.br\/litoralsp\/wp-content\/uploads\/sites\/3\/2020\/11\/logo.jpg","contentUrl":"https:\/\/redenoticiaz.com.br\/litoralsp\/wp-content\/uploads\/sites\/3\/2020\/11\/logo.jpg","width":400,"height":250,"caption":"Litoral SP"},"image":{"@id":"https:\/\/redenoticiaz.com.br\/litoralsp\/#\/schema\/logo\/image\/"}},{"@type":"Person","@id":"https:\/\/redenoticiaz.com.br\/litoralsp\/#\/schema\/person\/0f0b8a5bdafefe82841e07ae8d81ecb3","name":"Leonardo Francisco","image":{"@type":"ImageObject","inLanguage":"pt-BR","@id":"https:\/\/secure.gravatar.com\/avatar\/a7358cb406a99b682ec6df1e77e31ae82e63601f6784e8a3df411d72b37864da?s=96&d=mm&r=g","url":"https:\/\/secure.gravatar.com\/avatar\/a7358cb406a99b682ec6df1e77e31ae82e63601f6784e8a3df411d72b37864da?s=96&d=mm&r=g","contentUrl":"https:\/\/secure.gravatar.com\/avatar\/a7358cb406a99b682ec6df1e77e31ae82e63601f6784e8a3df411d72b37864da?s=96&d=mm&r=g","caption":"Leonardo Francisco"},"url":"https:\/\/redenoticiaz.com.br\/litoralsp\/author\/leonardo-francisco"}]}},"_links":{"self":[{"href":"https:\/\/redenoticiaz.com.br\/litoralsp\/wp-json\/wp\/v2\/posts\/12583","targetHints":{"allow":["GET"]}}],"collection":[{"href":"https:\/\/redenoticiaz.com.br\/litoralsp\/wp-json\/wp\/v2\/posts"}],"about":[{"href":"https:\/\/redenoticiaz.com.br\/litoralsp\/wp-json\/wp\/v2\/types\/post"}],"author":[{"embeddable":true,"href":"https:\/\/redenoticiaz.com.br\/litoralsp\/wp-json\/wp\/v2\/users\/6"}],"replies":[{"embeddable":true,"href":"https:\/\/redenoticiaz.com.br\/litoralsp\/wp-json\/wp\/v2\/comments?post=12583"}],"version-history":[{"count":1,"href":"https:\/\/redenoticiaz.com.br\/litoralsp\/wp-json\/wp\/v2\/posts\/12583\/revisions"}],"predecessor-version":[{"id":12585,"href":"https:\/\/redenoticiaz.com.br\/litoralsp\/wp-json\/wp\/v2\/posts\/12583\/revisions\/12585"}],"wp:featuredmedia":[{"embeddable":true,"href":"https:\/\/redenoticiaz.com.br\/litoralsp\/wp-json\/wp\/v2\/media\/12584"}],"wp:attachment":[{"href":"https:\/\/redenoticiaz.com.br\/litoralsp\/wp-json\/wp\/v2\/media?parent=12583"}],"wp:term":[{"taxonomy":"category","embeddable":true,"href":"https:\/\/redenoticiaz.com.br\/litoralsp\/wp-json\/wp\/v2\/categories?post=12583"},{"taxonomy":"post_tag","embeddable":true,"href":"https:\/\/redenoticiaz.com.br\/litoralsp\/wp-json\/wp\/v2\/tags?post=12583"}],"curies":[{"name":"wp","href":"https:\/\/api.w.org\/{rel}","templated":true}]}}