{"id":12712,"date":"2021-08-14T08:18:46","date_gmt":"2021-08-14T11:18:46","guid":{"rendered":"https:\/\/redenoticiaz.com.br\/litoralsp\/2021\/08\/14\/preso-roberto-jefferson-e-levado-para-bangu-8"},"modified":"2021-08-14T08:30:09","modified_gmt":"2021-08-14T11:30:09","slug":"preso-roberto-jefferson-e-levado-para-bangu-8","status":"publish","type":"post","link":"https:\/\/redenoticiaz.com.br\/litoralsp\/2021\/08\/14\/preso-roberto-jefferson-e-levado-para-bangu-8","title":{"rendered":"Preso Roberto Jefferson \u00e9 levado para Bangu 8"},"content":{"rendered":"<p>O ex-deputado federal e presidente nacional do PTB, <strong>Roberto Jefferson,<\/strong> <strong>foi levado<\/strong> nesta sexta-feira (13)<strong> para<\/strong> o pres\u00eddio Pedrolino Werling de Oliveira, conhecido como <strong>Bangu 8,<\/strong> no Complexo de Gericin\u00f3.<\/p>\n<p>O ingresso dele no sistema prisional foi na tarde de hoje, ap\u00f3s sua\u00a0<a href=\"https:\/\/agenciabrasil.ebc.com.br\/justica\/noticia\/2021-08\/policia-federal-prende-ex-deputado-roberto-jefferson\" target=\"_blank\" rel=\"noopener noreferrer\">pris\u00e3o\u00a0<\/a>, em casa, determinada pelo ministro Alexandre de Moraes, do Supremo Tribunal Federal (STF).<\/p>\n<p>A Secretaria de Estado de Administra\u00e7\u00e3o Penitenci\u00e1ria (Seap) informou que Jefferson ficar\u00e1 em isolamento social inicial de 14 dias, como acontece com todos os que ingressam no sistema prisional, devido \u00e0 pandemia de covid-19.<\/p>\n<p>Jefferson passou primeiro pelo Pres\u00eddio Jos\u00e9 Frederico Marques, em Benfica, na zona norte do Rio, que funciona como a porta de entrada no sistema. O pres\u00eddio de Bangu 8 \u00e9 destinado a presos com n\u00edvel superior, onde est\u00e3o alojados, por exemplo, os presos da Opera\u00e7\u00e3o Lava Jato, incluindo o ex-governador do Rio de Janeiro S\u00e9rgio Cabral.<\/p>\n<h4>A decis\u00e3o para prender Roberto Jefferson<\/h4>\n<p>Na decis\u00e3o, Alexandre de Moraes determinou tamb\u00e9m o bloqueio das contas do ex-deputado em redes sociais, \u201cnecess\u00e1rio para a interrup\u00e7\u00e3o dos discursos criminosos de \u00f3dio e contr\u00e1rios \u00e0s institui\u00e7\u00f5es democr\u00e1ticas e \u00e0s elei\u00e7\u00f5es\u201d.<\/p>\n<p>Moraes destacou que, um v\u00eddeo vinculado \u00e0s redes sociais oficiais do PTB, foi amplamente divulgado. Nele\u00a0 observa-se \u201co n\u00edtido objetivo de tumultuar, dificultar, frustrar ou impedir o processo eleitoral. Foram feitos\u00a0 ataques institucionais ao Tribunal Superior Eleitoral (TSE) e ao seu ministro presidente. As manifesta\u00e7\u00f5es, discursos de \u00f3dio e homof\u00f3bicos e a incita\u00e7\u00e3o \u00e0 viol\u00eancia n\u00e3o se dirigiram somente a diversos ministros da Corte. Eles s\u00e3o chamados pelos mais absurdos nomes, ofendidos pelas mais abjetas declara\u00e7\u00f5es.\u00a0 Mas tamb\u00e9m se destinaram a corroer as estruturas do regime democr\u00e1tico e a estrutura do Estado de Direito\u201d.<img decoding=\"async\" src=\"https:\/\/agenciabrasil.ebc.com.br\/ebc.png?id=1418464&amp;o=node\" \/><img decoding=\"async\" src=\"https:\/\/agenciabrasil.ebc.com.br\/ebc.gif?id=1418464&amp;o=node\" \/><\/p>\n<p>O advogado Luiz Gustavo Pereira, que defende Jefferson, afirmou que pedir\u00e1 a pris\u00e3o domiciliar de seu cliente. Uma coletiva de imprensa foi marcada pelo advogado para este s\u00e1bado (14). Ser\u00e1 em um hotel na Barra da Tijuca, para dar maiores detalhes sobre o caso.<\/p>\n<p><em>mat\u00e9ria atualizada \u00e0s 5h06 do dia 14\/10 para acr\u00e9scimo de informa\u00e7\u00e3o (agenciabrasil)<\/em><\/p>\n<p>&nbsp;<\/p>\n<p>LEIA TAMB\u00c9M<\/p>\n<p><a href=\"https:\/\/redenoticiaz.com.br\/blog\/2021\/08\/13\/adriano-de-souza-da-adeus-ao-surf-profissional\">Adriano de Souza d\u00e1 adeus ao surf profissional<\/a><\/p>\n","protected":false},"excerpt":{"rendered":"<p>O ex-deputado federal e presidente nacional do PTB, Roberto Jefferson, foi levado nesta sexta-feira (13) para o pres\u00eddio Pedrolino Werling de Oliveira, conhecido como Bangu 8, no Complexo de Gericin\u00f3. O ingresso dele no sistema prisional foi na tarde de hoje, ap\u00f3s sua\u00a0pris\u00e3o\u00a0, em casa, determinada pelo ministro Alexandre de Moraes, do Supremo Tribunal Federal &hellip;<\/p>\n","protected":false},"author":5,"featured_media":12713,"comment_status":"open","ping_status":"closed","sticky":false,"template":"","format":"standard","meta":{"footnotes":""},"categories":[10,15],"tags":[30203,30204,30205,30123],"class_list":["post-12712","post","type-post","status-publish","format-standard","has-post-thumbnail","hentry","category-policia","category-politica","tag-alexandre-de-moraes","tag-bangu-8","tag-ex-deputado-preso","tag-roberto-jefferson"],"yoast_head":"<!-- This site is optimized with the Yoast SEO plugin v27.4 - https:\/\/yoast.com\/product\/yoast-seo-wordpress\/ -->\n<title>Preso Roberto Jefferson \u00e9 levado para Bangu 8 - Litoral SP<\/title>\n<meta name=\"description\" content=\"O ex-deputado federal e presidente nacional do PTB, Roberto Jefferson, foi levado nesta sexta-feira (13) para o pres\u00eddio Pedrolino Werling de Oliveira,\" \/>\n<meta name=\"robots\" content=\"index, follow, max-snippet:-1, max-image-preview:large, max-video-preview:-1\" \/>\n<link rel=\"canonical\" href=\"https:\/\/redenoticiaz.com.br\/litoralsp\/2021\/08\/14\/preso-roberto-jefferson-e-levado-para-bangu-8\" \/>\n<meta property=\"og:locale\" content=\"pt_BR\" \/>\n<meta property=\"og:type\" content=\"article\" \/>\n<meta property=\"og:title\" content=\"Preso Roberto Jefferson \u00e9 levado para Bangu 8 - Litoral SP\" \/>\n<meta property=\"og:description\" content=\"O ex-deputado federal e presidente nacional do PTB, Roberto Jefferson, foi levado nesta sexta-feira (13) para o pres\u00eddio Pedrolino Werling de Oliveira,\" \/>\n<meta property=\"og:url\" content=\"https:\/\/redenoticiaz.com.br\/litoralsp\/2021\/08\/14\/preso-roberto-jefferson-e-levado-para-bangu-8\" \/>\n<meta property=\"og:site_name\" content=\"Litoral SP\" \/>\n<meta property=\"article:published_time\" content=\"2021-08-14T11:18:46+00:00\" \/>\n<meta property=\"article:modified_time\" content=\"2021-08-14T11:30:09+00:00\" \/>\n<meta property=\"og:image\" content=\"https:\/\/redenoticiaz.com.br\/litoralsp\/wp-content\/uploads\/sites\/3\/2021\/08\/roberto-jefferson.jpg\" \/>\n\t<meta property=\"og:image:width\" content=\"1170\" \/>\n\t<meta property=\"og:image:height\" content=\"700\" \/>\n\t<meta property=\"og:image:type\" content=\"image\/jpeg\" \/>\n<meta name=\"author\" content=\"Patr\u00edcia Prado\" \/>\n<meta name=\"twitter:card\" content=\"summary_large_image\" \/>\n<meta name=\"twitter:label1\" content=\"Escrito por\" \/>\n\t<meta name=\"twitter:data1\" content=\"Patr\u00edcia Prado\" \/>\n\t<meta name=\"twitter:label2\" content=\"Est. tempo de leitura\" \/>\n\t<meta name=\"twitter:data2\" content=\"2 minutos\" \/>\n<script type=\"application\/ld+json\" class=\"yoast-schema-graph\">{\"@context\":\"https:\\\/\\\/schema.org\",\"@graph\":[{\"@type\":\"Article\",\"@id\":\"https:\\\/\\\/redenoticiaz.com.br\\\/litoralsp\\\/2021\\\/08\\\/14\\\/preso-roberto-jefferson-e-levado-para-bangu-8#article\",\"isPartOf\":{\"@id\":\"https:\\\/\\\/redenoticiaz.com.br\\\/litoralsp\\\/2021\\\/08\\\/14\\\/preso-roberto-jefferson-e-levado-para-bangu-8\"},\"author\":{\"name\":\"Patr\u00edcia Prado\",\"@id\":\"https:\\\/\\\/redenoticiaz.com.br\\\/litoralsp\\\/#\\\/schema\\\/person\\\/e1b0bd8c2637e2c1b6ddcbc2c33b116f\"},\"headline\":\"Preso Roberto Jefferson \u00e9 levado para Bangu 8\",\"datePublished\":\"2021-08-14T11:18:46+00:00\",\"dateModified\":\"2021-08-14T11:30:09+00:00\",\"mainEntityOfPage\":{\"@id\":\"https:\\\/\\\/redenoticiaz.com.br\\\/litoralsp\\\/2021\\\/08\\\/14\\\/preso-roberto-jefferson-e-levado-para-bangu-8\"},\"wordCount\":381,\"commentCount\":0,\"publisher\":{\"@id\":\"https:\\\/\\\/redenoticiaz.com.br\\\/litoralsp\\\/#organization\"},\"image\":{\"@id\":\"https:\\\/\\\/redenoticiaz.com.br\\\/litoralsp\\\/2021\\\/08\\\/14\\\/preso-roberto-jefferson-e-levado-para-bangu-8#primaryimage\"},\"thumbnailUrl\":\"https:\\\/\\\/redenoticiaz.com.br\\\/litoralsp\\\/wp-content\\\/uploads\\\/sites\\\/3\\\/2021\\\/08\\\/roberto-jefferson.jpg\",\"keywords\":[\"ALEXANDRE DE MORAES\",\"BANGU 8\",\"EX-DEPUTADO PRESO\",\"ROBERTO JEFFERSON\"],\"articleSection\":[\"Pol\u00edcia\",\"Pol\u00edtica\"],\"inLanguage\":\"pt-BR\",\"potentialAction\":[{\"@type\":\"CommentAction\",\"name\":\"Comment\",\"target\":[\"https:\\\/\\\/redenoticiaz.com.br\\\/litoralsp\\\/2021\\\/08\\\/14\\\/preso-roberto-jefferson-e-levado-para-bangu-8#respond\"]}]},{\"@type\":\"WebPage\",\"@id\":\"https:\\\/\\\/redenoticiaz.com.br\\\/litoralsp\\\/2021\\\/08\\\/14\\\/preso-roberto-jefferson-e-levado-para-bangu-8\",\"url\":\"https:\\\/\\\/redenoticiaz.com.br\\\/litoralsp\\\/2021\\\/08\\\/14\\\/preso-roberto-jefferson-e-levado-para-bangu-8\",\"name\":\"Preso Roberto Jefferson \u00e9 levado para Bangu 8 - Litoral SP\",\"isPartOf\":{\"@id\":\"https:\\\/\\\/redenoticiaz.com.br\\\/litoralsp\\\/#website\"},\"primaryImageOfPage\":{\"@id\":\"https:\\\/\\\/redenoticiaz.com.br\\\/litoralsp\\\/2021\\\/08\\\/14\\\/preso-roberto-jefferson-e-levado-para-bangu-8#primaryimage\"},\"image\":{\"@id\":\"https:\\\/\\\/redenoticiaz.com.br\\\/litoralsp\\\/2021\\\/08\\\/14\\\/preso-roberto-jefferson-e-levado-para-bangu-8#primaryimage\"},\"thumbnailUrl\":\"https:\\\/\\\/redenoticiaz.com.br\\\/litoralsp\\\/wp-content\\\/uploads\\\/sites\\\/3\\\/2021\\\/08\\\/roberto-jefferson.jpg\",\"datePublished\":\"2021-08-14T11:18:46+00:00\",\"dateModified\":\"2021-08-14T11:30:09+00:00\",\"description\":\"O ex-deputado federal e presidente nacional do PTB, Roberto Jefferson, foi levado nesta sexta-feira (13) para o pres\u00eddio Pedrolino Werling de Oliveira,\",\"inLanguage\":\"pt-BR\",\"potentialAction\":[{\"@type\":\"ReadAction\",\"target\":[\"https:\\\/\\\/redenoticiaz.com.br\\\/litoralsp\\\/2021\\\/08\\\/14\\\/preso-roberto-jefferson-e-levado-para-bangu-8\"]}]},{\"@type\":\"ImageObject\",\"inLanguage\":\"pt-BR\",\"@id\":\"https:\\\/\\\/redenoticiaz.com.br\\\/litoralsp\\\/2021\\\/08\\\/14\\\/preso-roberto-jefferson-e-levado-para-bangu-8#primaryimage\",\"url\":\"https:\\\/\\\/redenoticiaz.com.br\\\/litoralsp\\\/wp-content\\\/uploads\\\/sites\\\/3\\\/2021\\\/08\\\/roberto-jefferson.jpg\",\"contentUrl\":\"https:\\\/\\\/redenoticiaz.com.br\\\/litoralsp\\\/wp-content\\\/uploads\\\/sites\\\/3\\\/2021\\\/08\\\/roberto-jefferson.jpg\",\"width\":1170,\"height\":700,\"caption\":\"O ex-deputado federal e presidente nacional do PTB, Roberto Jefferson, foi levado nesta sexta-feira (13) para o pres\u00eddio Pedrolino Werling de Oliveira,\"},{\"@type\":\"WebSite\",\"@id\":\"https:\\\/\\\/redenoticiaz.com.br\\\/litoralsp\\\/#website\",\"url\":\"https:\\\/\\\/redenoticiaz.com.br\\\/litoralsp\\\/\",\"name\":\"Litoral SP\",\"description\":\"Rede NoticiaZ\",\"publisher\":{\"@id\":\"https:\\\/\\\/redenoticiaz.com.br\\\/litoralsp\\\/#organization\"},\"potentialAction\":[{\"@type\":\"SearchAction\",\"target\":{\"@type\":\"EntryPoint\",\"urlTemplate\":\"https:\\\/\\\/redenoticiaz.com.br\\\/litoralsp\\\/?s={search_term_string}\"},\"query-input\":{\"@type\":\"PropertyValueSpecification\",\"valueRequired\":true,\"valueName\":\"search_term_string\"}}],\"inLanguage\":\"pt-BR\"},{\"@type\":\"Organization\",\"@id\":\"https:\\\/\\\/redenoticiaz.com.br\\\/litoralsp\\\/#organization\",\"name\":\"Litoral SP\",\"url\":\"https:\\\/\\\/redenoticiaz.com.br\\\/litoralsp\\\/\",\"logo\":{\"@type\":\"ImageObject\",\"inLanguage\":\"pt-BR\",\"@id\":\"https:\\\/\\\/redenoticiaz.com.br\\\/litoralsp\\\/#\\\/schema\\\/logo\\\/image\\\/\",\"url\":\"https:\\\/\\\/redenoticiaz.com.br\\\/litoralsp\\\/wp-content\\\/uploads\\\/sites\\\/3\\\/2020\\\/11\\\/logo.jpg\",\"contentUrl\":\"https:\\\/\\\/redenoticiaz.com.br\\\/litoralsp\\\/wp-content\\\/uploads\\\/sites\\\/3\\\/2020\\\/11\\\/logo.jpg\",\"width\":400,\"height\":250,\"caption\":\"Litoral SP\"},\"image\":{\"@id\":\"https:\\\/\\\/redenoticiaz.com.br\\\/litoralsp\\\/#\\\/schema\\\/logo\\\/image\\\/\"}},{\"@type\":\"Person\",\"@id\":\"https:\\\/\\\/redenoticiaz.com.br\\\/litoralsp\\\/#\\\/schema\\\/person\\\/e1b0bd8c2637e2c1b6ddcbc2c33b116f\",\"name\":\"Patr\u00edcia Prado\",\"image\":{\"@type\":\"ImageObject\",\"inLanguage\":\"pt-BR\",\"@id\":\"https:\\\/\\\/secure.gravatar.com\\\/avatar\\\/92e358bef22cfcec15e054ae4d9fee04dadf0c772dc4a17b382b8a34a15354c2?s=96&d=mm&r=g\",\"url\":\"https:\\\/\\\/secure.gravatar.com\\\/avatar\\\/92e358bef22cfcec15e054ae4d9fee04dadf0c772dc4a17b382b8a34a15354c2?s=96&d=mm&r=g\",\"contentUrl\":\"https:\\\/\\\/secure.gravatar.com\\\/avatar\\\/92e358bef22cfcec15e054ae4d9fee04dadf0c772dc4a17b382b8a34a15354c2?s=96&d=mm&r=g\",\"caption\":\"Patr\u00edcia Prado\"},\"url\":\"https:\\\/\\\/redenoticiaz.com.br\\\/litoralsp\\\/author\\\/patricia-prado\"}]}<\/script>\n<!-- \/ Yoast SEO plugin. -->","yoast_head_json":{"title":"Preso Roberto Jefferson \u00e9 levado para Bangu 8 - Litoral SP","description":"O ex-deputado federal e presidente nacional do PTB, Roberto Jefferson, foi levado nesta sexta-feira (13) para o pres\u00eddio Pedrolino Werling de Oliveira,","robots":{"index":"index","follow":"follow","max-snippet":"max-snippet:-1","max-image-preview":"max-image-preview:large","max-video-preview":"max-video-preview:-1"},"canonical":"https:\/\/redenoticiaz.com.br\/litoralsp\/2021\/08\/14\/preso-roberto-jefferson-e-levado-para-bangu-8","og_locale":"pt_BR","og_type":"article","og_title":"Preso Roberto Jefferson \u00e9 levado para Bangu 8 - Litoral SP","og_description":"O ex-deputado federal e presidente nacional do PTB, Roberto Jefferson, foi levado nesta sexta-feira (13) para o pres\u00eddio Pedrolino Werling de Oliveira,","og_url":"https:\/\/redenoticiaz.com.br\/litoralsp\/2021\/08\/14\/preso-roberto-jefferson-e-levado-para-bangu-8","og_site_name":"Litoral SP","article_published_time":"2021-08-14T11:18:46+00:00","article_modified_time":"2021-08-14T11:30:09+00:00","og_image":[{"width":1170,"height":700,"url":"https:\/\/redenoticiaz.com.br\/litoralsp\/wp-content\/uploads\/sites\/3\/2021\/08\/roberto-jefferson.jpg","type":"image\/jpeg"}],"author":"Patr\u00edcia Prado","twitter_card":"summary_large_image","twitter_misc":{"Escrito por":"Patr\u00edcia Prado","Est. tempo de leitura":"2 minutos"},"schema":{"@context":"https:\/\/schema.org","@graph":[{"@type":"Article","@id":"https:\/\/redenoticiaz.com.br\/litoralsp\/2021\/08\/14\/preso-roberto-jefferson-e-levado-para-bangu-8#article","isPartOf":{"@id":"https:\/\/redenoticiaz.com.br\/litoralsp\/2021\/08\/14\/preso-roberto-jefferson-e-levado-para-bangu-8"},"author":{"name":"Patr\u00edcia Prado","@id":"https:\/\/redenoticiaz.com.br\/litoralsp\/#\/schema\/person\/e1b0bd8c2637e2c1b6ddcbc2c33b116f"},"headline":"Preso Roberto Jefferson \u00e9 levado para Bangu 8","datePublished":"2021-08-14T11:18:46+00:00","dateModified":"2021-08-14T11:30:09+00:00","mainEntityOfPage":{"@id":"https:\/\/redenoticiaz.com.br\/litoralsp\/2021\/08\/14\/preso-roberto-jefferson-e-levado-para-bangu-8"},"wordCount":381,"commentCount":0,"publisher":{"@id":"https:\/\/redenoticiaz.com.br\/litoralsp\/#organization"},"image":{"@id":"https:\/\/redenoticiaz.com.br\/litoralsp\/2021\/08\/14\/preso-roberto-jefferson-e-levado-para-bangu-8#primaryimage"},"thumbnailUrl":"https:\/\/redenoticiaz.com.br\/litoralsp\/wp-content\/uploads\/sites\/3\/2021\/08\/roberto-jefferson.jpg","keywords":["ALEXANDRE DE MORAES","BANGU 8","EX-DEPUTADO PRESO","ROBERTO JEFFERSON"],"articleSection":["Pol\u00edcia","Pol\u00edtica"],"inLanguage":"pt-BR","potentialAction":[{"@type":"CommentAction","name":"Comment","target":["https:\/\/redenoticiaz.com.br\/litoralsp\/2021\/08\/14\/preso-roberto-jefferson-e-levado-para-bangu-8#respond"]}]},{"@type":"WebPage","@id":"https:\/\/redenoticiaz.com.br\/litoralsp\/2021\/08\/14\/preso-roberto-jefferson-e-levado-para-bangu-8","url":"https:\/\/redenoticiaz.com.br\/litoralsp\/2021\/08\/14\/preso-roberto-jefferson-e-levado-para-bangu-8","name":"Preso Roberto Jefferson \u00e9 levado para Bangu 8 - Litoral SP","isPartOf":{"@id":"https:\/\/redenoticiaz.com.br\/litoralsp\/#website"},"primaryImageOfPage":{"@id":"https:\/\/redenoticiaz.com.br\/litoralsp\/2021\/08\/14\/preso-roberto-jefferson-e-levado-para-bangu-8#primaryimage"},"image":{"@id":"https:\/\/redenoticiaz.com.br\/litoralsp\/2021\/08\/14\/preso-roberto-jefferson-e-levado-para-bangu-8#primaryimage"},"thumbnailUrl":"https:\/\/redenoticiaz.com.br\/litoralsp\/wp-content\/uploads\/sites\/3\/2021\/08\/roberto-jefferson.jpg","datePublished":"2021-08-14T11:18:46+00:00","dateModified":"2021-08-14T11:30:09+00:00","description":"O ex-deputado federal e presidente nacional do PTB, Roberto Jefferson, foi levado nesta sexta-feira (13) para o pres\u00eddio Pedrolino Werling de Oliveira,","inLanguage":"pt-BR","potentialAction":[{"@type":"ReadAction","target":["https:\/\/redenoticiaz.com.br\/litoralsp\/2021\/08\/14\/preso-roberto-jefferson-e-levado-para-bangu-8"]}]},{"@type":"ImageObject","inLanguage":"pt-BR","@id":"https:\/\/redenoticiaz.com.br\/litoralsp\/2021\/08\/14\/preso-roberto-jefferson-e-levado-para-bangu-8#primaryimage","url":"https:\/\/redenoticiaz.com.br\/litoralsp\/wp-content\/uploads\/sites\/3\/2021\/08\/roberto-jefferson.jpg","contentUrl":"https:\/\/redenoticiaz.com.br\/litoralsp\/wp-content\/uploads\/sites\/3\/2021\/08\/roberto-jefferson.jpg","width":1170,"height":700,"caption":"O ex-deputado federal e presidente nacional do PTB, Roberto Jefferson, foi levado nesta sexta-feira (13) para o pres\u00eddio Pedrolino Werling de Oliveira,"},{"@type":"WebSite","@id":"https:\/\/redenoticiaz.com.br\/litoralsp\/#website","url":"https:\/\/redenoticiaz.com.br\/litoralsp\/","name":"Litoral SP","description":"Rede NoticiaZ","publisher":{"@id":"https:\/\/redenoticiaz.com.br\/litoralsp\/#organization"},"potentialAction":[{"@type":"SearchAction","target":{"@type":"EntryPoint","urlTemplate":"https:\/\/redenoticiaz.com.br\/litoralsp\/?s={search_term_string}"},"query-input":{"@type":"PropertyValueSpecification","valueRequired":true,"valueName":"search_term_string"}}],"inLanguage":"pt-BR"},{"@type":"Organization","@id":"https:\/\/redenoticiaz.com.br\/litoralsp\/#organization","name":"Litoral SP","url":"https:\/\/redenoticiaz.com.br\/litoralsp\/","logo":{"@type":"ImageObject","inLanguage":"pt-BR","@id":"https:\/\/redenoticiaz.com.br\/litoralsp\/#\/schema\/logo\/image\/","url":"https:\/\/redenoticiaz.com.br\/litoralsp\/wp-content\/uploads\/sites\/3\/2020\/11\/logo.jpg","contentUrl":"https:\/\/redenoticiaz.com.br\/litoralsp\/wp-content\/uploads\/sites\/3\/2020\/11\/logo.jpg","width":400,"height":250,"caption":"Litoral SP"},"image":{"@id":"https:\/\/redenoticiaz.com.br\/litoralsp\/#\/schema\/logo\/image\/"}},{"@type":"Person","@id":"https:\/\/redenoticiaz.com.br\/litoralsp\/#\/schema\/person\/e1b0bd8c2637e2c1b6ddcbc2c33b116f","name":"Patr\u00edcia Prado","image":{"@type":"ImageObject","inLanguage":"pt-BR","@id":"https:\/\/secure.gravatar.com\/avatar\/92e358bef22cfcec15e054ae4d9fee04dadf0c772dc4a17b382b8a34a15354c2?s=96&d=mm&r=g","url":"https:\/\/secure.gravatar.com\/avatar\/92e358bef22cfcec15e054ae4d9fee04dadf0c772dc4a17b382b8a34a15354c2?s=96&d=mm&r=g","contentUrl":"https:\/\/secure.gravatar.com\/avatar\/92e358bef22cfcec15e054ae4d9fee04dadf0c772dc4a17b382b8a34a15354c2?s=96&d=mm&r=g","caption":"Patr\u00edcia Prado"},"url":"https:\/\/redenoticiaz.com.br\/litoralsp\/author\/patricia-prado"}]}},"_links":{"self":[{"href":"https:\/\/redenoticiaz.com.br\/litoralsp\/wp-json\/wp\/v2\/posts\/12712","targetHints":{"allow":["GET"]}}],"collection":[{"href":"https:\/\/redenoticiaz.com.br\/litoralsp\/wp-json\/wp\/v2\/posts"}],"about":[{"href":"https:\/\/redenoticiaz.com.br\/litoralsp\/wp-json\/wp\/v2\/types\/post"}],"author":[{"embeddable":true,"href":"https:\/\/redenoticiaz.com.br\/litoralsp\/wp-json\/wp\/v2\/users\/5"}],"replies":[{"embeddable":true,"href":"https:\/\/redenoticiaz.com.br\/litoralsp\/wp-json\/wp\/v2\/comments?post=12712"}],"version-history":[{"count":1,"href":"https:\/\/redenoticiaz.com.br\/litoralsp\/wp-json\/wp\/v2\/posts\/12712\/revisions"}],"predecessor-version":[{"id":12714,"href":"https:\/\/redenoticiaz.com.br\/litoralsp\/wp-json\/wp\/v2\/posts\/12712\/revisions\/12714"}],"wp:featuredmedia":[{"embeddable":true,"href":"https:\/\/redenoticiaz.com.br\/litoralsp\/wp-json\/wp\/v2\/media\/12713"}],"wp:attachment":[{"href":"https:\/\/redenoticiaz.com.br\/litoralsp\/wp-json\/wp\/v2\/media?parent=12712"}],"wp:term":[{"taxonomy":"category","embeddable":true,"href":"https:\/\/redenoticiaz.com.br\/litoralsp\/wp-json\/wp\/v2\/categories?post=12712"},{"taxonomy":"post_tag","embeddable":true,"href":"https:\/\/redenoticiaz.com.br\/litoralsp\/wp-json\/wp\/v2\/tags?post=12712"}],"curies":[{"name":"wp","href":"https:\/\/api.w.org\/{rel}","templated":true}]}}