{"id":12721,"date":"2021-08-14T10:30:16","date_gmt":"2021-08-14T13:30:16","guid":{"rendered":"https:\/\/redenoticiaz.com.br\/litoralsp\/2021\/08\/14\/silvio-santos-tem-alta-do-hospital-albert-einstein"},"modified":"2021-08-14T11:16:52","modified_gmt":"2021-08-14T14:16:52","slug":"silvio-santos-tem-alta-do-hospital-albert-einstein","status":"publish","type":"post","link":"https:\/\/redenoticiaz.com.br\/litoralsp\/2021\/08\/14\/silvio-santos-tem-alta-do-hospital-albert-einstein","title":{"rendered":"Silvio Santos tem alta do Hospital Albert Einstein"},"content":{"rendered":"<p>Ap\u00f3s ser internado com Covid-19 no <a href=\"https:\/\/www.einstein.br\/Pages\/Home.aspx\">Hospital Albert Einstein<\/a>, em S\u00e3o Paulo, o apresentador Silvio Santos, de 90 anos, <strong>teve alta na noite de sexta-feira<\/strong> (13). A informa\u00e7\u00e3o foi confirmada pelo SBT. A emissora informou que Silvio Santos est\u00e1 bem e vai se manter em isolamento em um local n\u00e3o divulgado.<\/p>\n<p>Mais cedo, a filha Patr\u00edcia Abravanel havia comentado nas redes sociais sobre o estado do apresentador. \u201cNosso pai est\u00e1 clinicamente bem. Daquele jeito que a gente ama\u2026 brincando com todos, fazendo piadas [\u2026] Mas testou positivo para Covid e por conta da idade e necessidade de exames frequentes os m\u00e9dicos decidiram intern\u00e1-lo\u201d, afirmou Patr\u00edcia no Instagram.<\/p>\n<p>Silvia Abravanel tamb\u00e9m usou as redes sociais para falar sobre a sa\u00fade do pai. Silvia agradeceu o carinho dos f\u00e3s e afirmou que os exames est\u00e3o bons. Ela tamb\u00e9m foi internada com Covid em abril deste ano. Na ocasi\u00e3o, relatou que ficou muito debilitada e chegou ao hospital \u201cimplorando por ar\u201d.<\/p>\n<p><strong>LEIA TAMB\u00c9M<\/strong><\/p>\n<p><a href=\"https:\/\/redenoticiaz.com.br\/blog\/2021\/08\/14\/jundiai-recicla-r-28-milhoes-de-residuo-de-construcao-civil\">Jundia\u00ed recicla R$ 2,8 milh\u00f5es de res\u00edduo de constru\u00e7\u00e3o civil<\/a><\/p>\n","protected":false},"excerpt":{"rendered":"<p>Ap\u00f3s ser internado com Covid-19 no Hospital Albert Einstein, em S\u00e3o Paulo, o apresentador Silvio Santos, de 90 anos, teve alta na noite de sexta-feira (13). A informa\u00e7\u00e3o foi confirmada pelo SBT. A emissora informou que Silvio Santos est\u00e1 bem e vai se manter em isolamento em um local n\u00e3o divulgado. Mais cedo, a filha &hellip;<\/p>\n","protected":false},"author":11,"featured_media":12704,"comment_status":"open","ping_status":"closed","sticky":false,"template":"","format":"standard","meta":{"footnotes":""},"categories":[4],"tags":[30230,2924,18325,11941,2947,14036],"class_list":["post-12721","post","type-post","status-publish","format-standard","has-post-thumbnail","hentry","category-geral","tag-alta-do-covid","tag-alta-hospitalar","tag-covid19","tag-hospital-albert-einstein","tag-sbt","tag-silvio-santos"],"yoast_head":"<!-- This site is optimized with the Yoast SEO plugin v27.4 - https:\/\/yoast.com\/product\/yoast-seo-wordpress\/ -->\n<title>Silvio Santos tem alta do Hospital Albert Einstein - Litoral SP<\/title>\n<meta name=\"description\" content=\"Ap\u00f3s ser internado com Covid-19 no Hospital Albert Einstein, em S\u00e3o Paulo, o apresentador Silvio Santos, de 90 anos, teve alta na noite de sexta-feira.\" \/>\n<meta name=\"robots\" content=\"index, follow, max-snippet:-1, max-image-preview:large, max-video-preview:-1\" \/>\n<link rel=\"canonical\" href=\"https:\/\/redenoticiaz.com.br\/litoralsp\/2021\/08\/14\/silvio-santos-tem-alta-do-hospital-albert-einstein\" \/>\n<meta property=\"og:locale\" content=\"pt_BR\" \/>\n<meta property=\"og:type\" content=\"article\" \/>\n<meta property=\"og:title\" content=\"Silvio Santos tem alta do Hospital Albert Einstein - Litoral SP\" \/>\n<meta property=\"og:description\" content=\"Ap\u00f3s ser internado com Covid-19 no Hospital Albert Einstein, em S\u00e3o Paulo, o apresentador Silvio Santos, de 90 anos, teve alta na noite de sexta-feira.\" \/>\n<meta property=\"og:url\" content=\"https:\/\/redenoticiaz.com.br\/litoralsp\/2021\/08\/14\/silvio-santos-tem-alta-do-hospital-albert-einstein\" \/>\n<meta property=\"og:site_name\" content=\"Litoral SP\" \/>\n<meta property=\"article:published_time\" content=\"2021-08-14T13:30:16+00:00\" \/>\n<meta property=\"article:modified_time\" content=\"2021-08-14T14:16:52+00:00\" \/>\n<meta property=\"og:image\" content=\"https:\/\/redenoticiaz.com.br\/litoralsp\/wp-content\/uploads\/sites\/3\/2021\/08\/microsoftteams-image-86.jpg\" \/>\n\t<meta property=\"og:image:width\" content=\"1000\" \/>\n\t<meta property=\"og:image:height\" content=\"663\" \/>\n\t<meta property=\"og:image:type\" content=\"image\/jpeg\" \/>\n<meta name=\"twitter:card\" content=\"summary_large_image\" \/>\n<meta name=\"twitter:label1\" content=\"Escrito por\" \/>\n\t<meta name=\"twitter:data1\" content=\"\" \/>\n\t<meta name=\"twitter:label2\" content=\"Est. tempo de leitura\" \/>\n\t<meta name=\"twitter:data2\" content=\"1 minuto\" \/>\n<script type=\"application\/ld+json\" class=\"yoast-schema-graph\">{\"@context\":\"https:\\\/\\\/schema.org\",\"@graph\":[{\"@type\":\"Article\",\"@id\":\"https:\\\/\\\/redenoticiaz.com.br\\\/litoralsp\\\/2021\\\/08\\\/14\\\/silvio-santos-tem-alta-do-hospital-albert-einstein#article\",\"isPartOf\":{\"@id\":\"https:\\\/\\\/redenoticiaz.com.br\\\/litoralsp\\\/2021\\\/08\\\/14\\\/silvio-santos-tem-alta-do-hospital-albert-einstein\"},\"author\":{\"name\":\"\",\"@id\":\"\"},\"headline\":\"Silvio Santos tem alta do Hospital Albert Einstein\",\"datePublished\":\"2021-08-14T13:30:16+00:00\",\"dateModified\":\"2021-08-14T14:16:52+00:00\",\"mainEntityOfPage\":{\"@id\":\"https:\\\/\\\/redenoticiaz.com.br\\\/litoralsp\\\/2021\\\/08\\\/14\\\/silvio-santos-tem-alta-do-hospital-albert-einstein\"},\"wordCount\":192,\"commentCount\":0,\"publisher\":{\"@id\":\"https:\\\/\\\/redenoticiaz.com.br\\\/litoralsp\\\/#organization\"},\"image\":{\"@id\":\"https:\\\/\\\/redenoticiaz.com.br\\\/litoralsp\\\/2021\\\/08\\\/14\\\/silvio-santos-tem-alta-do-hospital-albert-einstein#primaryimage\"},\"thumbnailUrl\":\"https:\\\/\\\/redenoticiaz.com.br\\\/litoralsp\\\/wp-content\\\/uploads\\\/sites\\\/3\\\/2021\\\/08\\\/microsoftteams-image-86.jpg\",\"keywords\":[\"ALTA DO COVID\",\"ALTA HOSPITALAR\",\"COVID19\",\"HOSPITAL ALBERT EINSTEIN\",\"sbt\",\"S\u00cdLVIO SANTOS\"],\"articleSection\":[\"Geral\"],\"inLanguage\":\"pt-BR\",\"potentialAction\":[{\"@type\":\"CommentAction\",\"name\":\"Comment\",\"target\":[\"https:\\\/\\\/redenoticiaz.com.br\\\/litoralsp\\\/2021\\\/08\\\/14\\\/silvio-santos-tem-alta-do-hospital-albert-einstein#respond\"]}]},{\"@type\":\"WebPage\",\"@id\":\"https:\\\/\\\/redenoticiaz.com.br\\\/litoralsp\\\/2021\\\/08\\\/14\\\/silvio-santos-tem-alta-do-hospital-albert-einstein\",\"url\":\"https:\\\/\\\/redenoticiaz.com.br\\\/litoralsp\\\/2021\\\/08\\\/14\\\/silvio-santos-tem-alta-do-hospital-albert-einstein\",\"name\":\"Silvio Santos tem alta do Hospital Albert Einstein - Litoral SP\",\"isPartOf\":{\"@id\":\"https:\\\/\\\/redenoticiaz.com.br\\\/litoralsp\\\/#website\"},\"primaryImageOfPage\":{\"@id\":\"https:\\\/\\\/redenoticiaz.com.br\\\/litoralsp\\\/2021\\\/08\\\/14\\\/silvio-santos-tem-alta-do-hospital-albert-einstein#primaryimage\"},\"image\":{\"@id\":\"https:\\\/\\\/redenoticiaz.com.br\\\/litoralsp\\\/2021\\\/08\\\/14\\\/silvio-santos-tem-alta-do-hospital-albert-einstein#primaryimage\"},\"thumbnailUrl\":\"https:\\\/\\\/redenoticiaz.com.br\\\/litoralsp\\\/wp-content\\\/uploads\\\/sites\\\/3\\\/2021\\\/08\\\/microsoftteams-image-86.jpg\",\"datePublished\":\"2021-08-14T13:30:16+00:00\",\"dateModified\":\"2021-08-14T14:16:52+00:00\",\"description\":\"Ap\u00f3s ser internado com Covid-19 no Hospital Albert Einstein, em S\u00e3o Paulo, o apresentador Silvio Santos, de 90 anos, teve alta na noite de sexta-feira.\",\"inLanguage\":\"pt-BR\",\"potentialAction\":[{\"@type\":\"ReadAction\",\"target\":[\"https:\\\/\\\/redenoticiaz.com.br\\\/litoralsp\\\/2021\\\/08\\\/14\\\/silvio-santos-tem-alta-do-hospital-albert-einstein\"]}]},{\"@type\":\"ImageObject\",\"inLanguage\":\"pt-BR\",\"@id\":\"https:\\\/\\\/redenoticiaz.com.br\\\/litoralsp\\\/2021\\\/08\\\/14\\\/silvio-santos-tem-alta-do-hospital-albert-einstein#primaryimage\",\"url\":\"https:\\\/\\\/redenoticiaz.com.br\\\/litoralsp\\\/wp-content\\\/uploads\\\/sites\\\/3\\\/2021\\\/08\\\/microsoftteams-image-86.jpg\",\"contentUrl\":\"https:\\\/\\\/redenoticiaz.com.br\\\/litoralsp\\\/wp-content\\\/uploads\\\/sites\\\/3\\\/2021\\\/08\\\/microsoftteams-image-86.jpg\",\"width\":1000,\"height\":663,\"caption\":\"Cr\u00e9ditos: Presid\u00eancia da Rep\u00fablica.\"},{\"@type\":\"WebSite\",\"@id\":\"https:\\\/\\\/redenoticiaz.com.br\\\/litoralsp\\\/#website\",\"url\":\"https:\\\/\\\/redenoticiaz.com.br\\\/litoralsp\\\/\",\"name\":\"Litoral SP\",\"description\":\"Rede NoticiaZ\",\"publisher\":{\"@id\":\"https:\\\/\\\/redenoticiaz.com.br\\\/litoralsp\\\/#organization\"},\"potentialAction\":[{\"@type\":\"SearchAction\",\"target\":{\"@type\":\"EntryPoint\",\"urlTemplate\":\"https:\\\/\\\/redenoticiaz.com.br\\\/litoralsp\\\/?s={search_term_string}\"},\"query-input\":{\"@type\":\"PropertyValueSpecification\",\"valueRequired\":true,\"valueName\":\"search_term_string\"}}],\"inLanguage\":\"pt-BR\"},{\"@type\":\"Organization\",\"@id\":\"https:\\\/\\\/redenoticiaz.com.br\\\/litoralsp\\\/#organization\",\"name\":\"Litoral SP\",\"url\":\"https:\\\/\\\/redenoticiaz.com.br\\\/litoralsp\\\/\",\"logo\":{\"@type\":\"ImageObject\",\"inLanguage\":\"pt-BR\",\"@id\":\"https:\\\/\\\/redenoticiaz.com.br\\\/litoralsp\\\/#\\\/schema\\\/logo\\\/image\\\/\",\"url\":\"https:\\\/\\\/redenoticiaz.com.br\\\/litoralsp\\\/wp-content\\\/uploads\\\/sites\\\/3\\\/2020\\\/11\\\/logo.jpg\",\"contentUrl\":\"https:\\\/\\\/redenoticiaz.com.br\\\/litoralsp\\\/wp-content\\\/uploads\\\/sites\\\/3\\\/2020\\\/11\\\/logo.jpg\",\"width\":400,\"height\":250,\"caption\":\"Litoral SP\"},\"image\":{\"@id\":\"https:\\\/\\\/redenoticiaz.com.br\\\/litoralsp\\\/#\\\/schema\\\/logo\\\/image\\\/\"}},{\"@type\":\"Person\",\"@id\":\"\",\"url\":\"https:\\\/\\\/redenoticiaz.com.br\\\/litoralsp\\\/author\"}]}<\/script>\n<!-- \/ Yoast SEO plugin. -->","yoast_head_json":{"title":"Silvio Santos tem alta do Hospital Albert Einstein - Litoral SP","description":"Ap\u00f3s ser internado com Covid-19 no Hospital Albert Einstein, em S\u00e3o Paulo, o apresentador Silvio Santos, de 90 anos, teve alta na noite de sexta-feira.","robots":{"index":"index","follow":"follow","max-snippet":"max-snippet:-1","max-image-preview":"max-image-preview:large","max-video-preview":"max-video-preview:-1"},"canonical":"https:\/\/redenoticiaz.com.br\/litoralsp\/2021\/08\/14\/silvio-santos-tem-alta-do-hospital-albert-einstein","og_locale":"pt_BR","og_type":"article","og_title":"Silvio Santos tem alta do Hospital Albert Einstein - Litoral SP","og_description":"Ap\u00f3s ser internado com Covid-19 no Hospital Albert Einstein, em S\u00e3o Paulo, o apresentador Silvio Santos, de 90 anos, teve alta na noite de sexta-feira.","og_url":"https:\/\/redenoticiaz.com.br\/litoralsp\/2021\/08\/14\/silvio-santos-tem-alta-do-hospital-albert-einstein","og_site_name":"Litoral SP","article_published_time":"2021-08-14T13:30:16+00:00","article_modified_time":"2021-08-14T14:16:52+00:00","og_image":[{"width":1000,"height":663,"url":"https:\/\/redenoticiaz.com.br\/litoralsp\/wp-content\/uploads\/sites\/3\/2021\/08\/microsoftteams-image-86.jpg","type":"image\/jpeg"}],"twitter_card":"summary_large_image","twitter_misc":{"Escrito por":"","Est. tempo de leitura":"1 minuto"},"schema":{"@context":"https:\/\/schema.org","@graph":[{"@type":"Article","@id":"https:\/\/redenoticiaz.com.br\/litoralsp\/2021\/08\/14\/silvio-santos-tem-alta-do-hospital-albert-einstein#article","isPartOf":{"@id":"https:\/\/redenoticiaz.com.br\/litoralsp\/2021\/08\/14\/silvio-santos-tem-alta-do-hospital-albert-einstein"},"author":{"name":"","@id":""},"headline":"Silvio Santos tem alta do Hospital Albert Einstein","datePublished":"2021-08-14T13:30:16+00:00","dateModified":"2021-08-14T14:16:52+00:00","mainEntityOfPage":{"@id":"https:\/\/redenoticiaz.com.br\/litoralsp\/2021\/08\/14\/silvio-santos-tem-alta-do-hospital-albert-einstein"},"wordCount":192,"commentCount":0,"publisher":{"@id":"https:\/\/redenoticiaz.com.br\/litoralsp\/#organization"},"image":{"@id":"https:\/\/redenoticiaz.com.br\/litoralsp\/2021\/08\/14\/silvio-santos-tem-alta-do-hospital-albert-einstein#primaryimage"},"thumbnailUrl":"https:\/\/redenoticiaz.com.br\/litoralsp\/wp-content\/uploads\/sites\/3\/2021\/08\/microsoftteams-image-86.jpg","keywords":["ALTA DO COVID","ALTA HOSPITALAR","COVID19","HOSPITAL ALBERT EINSTEIN","sbt","S\u00cdLVIO SANTOS"],"articleSection":["Geral"],"inLanguage":"pt-BR","potentialAction":[{"@type":"CommentAction","name":"Comment","target":["https:\/\/redenoticiaz.com.br\/litoralsp\/2021\/08\/14\/silvio-santos-tem-alta-do-hospital-albert-einstein#respond"]}]},{"@type":"WebPage","@id":"https:\/\/redenoticiaz.com.br\/litoralsp\/2021\/08\/14\/silvio-santos-tem-alta-do-hospital-albert-einstein","url":"https:\/\/redenoticiaz.com.br\/litoralsp\/2021\/08\/14\/silvio-santos-tem-alta-do-hospital-albert-einstein","name":"Silvio Santos tem alta do Hospital Albert Einstein - Litoral SP","isPartOf":{"@id":"https:\/\/redenoticiaz.com.br\/litoralsp\/#website"},"primaryImageOfPage":{"@id":"https:\/\/redenoticiaz.com.br\/litoralsp\/2021\/08\/14\/silvio-santos-tem-alta-do-hospital-albert-einstein#primaryimage"},"image":{"@id":"https:\/\/redenoticiaz.com.br\/litoralsp\/2021\/08\/14\/silvio-santos-tem-alta-do-hospital-albert-einstein#primaryimage"},"thumbnailUrl":"https:\/\/redenoticiaz.com.br\/litoralsp\/wp-content\/uploads\/sites\/3\/2021\/08\/microsoftteams-image-86.jpg","datePublished":"2021-08-14T13:30:16+00:00","dateModified":"2021-08-14T14:16:52+00:00","description":"Ap\u00f3s ser internado com Covid-19 no Hospital Albert Einstein, em S\u00e3o Paulo, o apresentador Silvio Santos, de 90 anos, teve alta na noite de sexta-feira.","inLanguage":"pt-BR","potentialAction":[{"@type":"ReadAction","target":["https:\/\/redenoticiaz.com.br\/litoralsp\/2021\/08\/14\/silvio-santos-tem-alta-do-hospital-albert-einstein"]}]},{"@type":"ImageObject","inLanguage":"pt-BR","@id":"https:\/\/redenoticiaz.com.br\/litoralsp\/2021\/08\/14\/silvio-santos-tem-alta-do-hospital-albert-einstein#primaryimage","url":"https:\/\/redenoticiaz.com.br\/litoralsp\/wp-content\/uploads\/sites\/3\/2021\/08\/microsoftteams-image-86.jpg","contentUrl":"https:\/\/redenoticiaz.com.br\/litoralsp\/wp-content\/uploads\/sites\/3\/2021\/08\/microsoftteams-image-86.jpg","width":1000,"height":663,"caption":"Cr\u00e9ditos: Presid\u00eancia da Rep\u00fablica."},{"@type":"WebSite","@id":"https:\/\/redenoticiaz.com.br\/litoralsp\/#website","url":"https:\/\/redenoticiaz.com.br\/litoralsp\/","name":"Litoral SP","description":"Rede NoticiaZ","publisher":{"@id":"https:\/\/redenoticiaz.com.br\/litoralsp\/#organization"},"potentialAction":[{"@type":"SearchAction","target":{"@type":"EntryPoint","urlTemplate":"https:\/\/redenoticiaz.com.br\/litoralsp\/?s={search_term_string}"},"query-input":{"@type":"PropertyValueSpecification","valueRequired":true,"valueName":"search_term_string"}}],"inLanguage":"pt-BR"},{"@type":"Organization","@id":"https:\/\/redenoticiaz.com.br\/litoralsp\/#organization","name":"Litoral SP","url":"https:\/\/redenoticiaz.com.br\/litoralsp\/","logo":{"@type":"ImageObject","inLanguage":"pt-BR","@id":"https:\/\/redenoticiaz.com.br\/litoralsp\/#\/schema\/logo\/image\/","url":"https:\/\/redenoticiaz.com.br\/litoralsp\/wp-content\/uploads\/sites\/3\/2020\/11\/logo.jpg","contentUrl":"https:\/\/redenoticiaz.com.br\/litoralsp\/wp-content\/uploads\/sites\/3\/2020\/11\/logo.jpg","width":400,"height":250,"caption":"Litoral SP"},"image":{"@id":"https:\/\/redenoticiaz.com.br\/litoralsp\/#\/schema\/logo\/image\/"}},{"@type":"Person","@id":"","url":"https:\/\/redenoticiaz.com.br\/litoralsp\/author"}]}},"_links":{"self":[{"href":"https:\/\/redenoticiaz.com.br\/litoralsp\/wp-json\/wp\/v2\/posts\/12721","targetHints":{"allow":["GET"]}}],"collection":[{"href":"https:\/\/redenoticiaz.com.br\/litoralsp\/wp-json\/wp\/v2\/posts"}],"about":[{"href":"https:\/\/redenoticiaz.com.br\/litoralsp\/wp-json\/wp\/v2\/types\/post"}],"author":[{"embeddable":true,"href":"https:\/\/redenoticiaz.com.br\/litoralsp\/wp-json\/wp\/v2\/users\/11"}],"replies":[{"embeddable":true,"href":"https:\/\/redenoticiaz.com.br\/litoralsp\/wp-json\/wp\/v2\/comments?post=12721"}],"version-history":[{"count":1,"href":"https:\/\/redenoticiaz.com.br\/litoralsp\/wp-json\/wp\/v2\/posts\/12721\/revisions"}],"predecessor-version":[{"id":12723,"href":"https:\/\/redenoticiaz.com.br\/litoralsp\/wp-json\/wp\/v2\/posts\/12721\/revisions\/12723"}],"wp:featuredmedia":[{"embeddable":true,"href":"https:\/\/redenoticiaz.com.br\/litoralsp\/wp-json\/wp\/v2\/media\/12704"}],"wp:attachment":[{"href":"https:\/\/redenoticiaz.com.br\/litoralsp\/wp-json\/wp\/v2\/media?parent=12721"}],"wp:term":[{"taxonomy":"category","embeddable":true,"href":"https:\/\/redenoticiaz.com.br\/litoralsp\/wp-json\/wp\/v2\/categories?post=12721"},{"taxonomy":"post_tag","embeddable":true,"href":"https:\/\/redenoticiaz.com.br\/litoralsp\/wp-json\/wp\/v2\/tags?post=12721"}],"curies":[{"name":"wp","href":"https:\/\/api.w.org\/{rel}","templated":true}]}}