{"id":12767,"date":"2021-08-15T07:47:55","date_gmt":"2021-08-15T10:47:55","guid":{"rendered":"https:\/\/redenoticiaz.com.br\/litoralsp\/2021\/08\/15\/palmeiras-perde-para-o-atletico-mineiro-no-mineirao"},"modified":"2021-08-15T07:49:57","modified_gmt":"2021-08-15T10:49:57","slug":"palmeiras-perde-para-o-atletico-mineiro-no-mineirao","status":"publish","type":"post","link":"https:\/\/redenoticiaz.com.br\/litoralsp\/2021\/08\/15\/palmeiras-perde-para-o-atletico-mineiro-no-mineirao","title":{"rendered":"Palmeiras perde para o Atl\u00e9tico Mineiro no Mineir\u00e3o"},"content":{"rendered":"<p><strong>O Palmeiras perdeu para o Atl\u00e9tico Mineiro por 2 a 0<\/strong> na noite deste s\u00e1bado (14) no duelo dos l\u00edderes do Campeonato Brasileiro pela 16\u00aa rodada do torneio no <a href=\"https:\/\/pt.wikipedia.org\/wiki\/Est%C3%A1dio_Governador_Magalh%C3%A3es_Pinto\">est\u00e1dio Mineir\u00e3o.<\/a><img decoding=\"async\" src=\"https:\/\/agenciabrasil.ebc.com.br\/ebc.png?id=1418532&amp;o=node\" \/><\/p>\n<blockquote class=\"twitter-tweet\" data-width=\"500\" data-dnt=\"true\">\n<p lang=\"pt\" dir=\"ltr\">FIM DE JOGO NO MINEIR\u00c3O! O ATL\u00c9TICO VENCE O PALMEIRAS POR 2 A 0 E SE MANT\u00c9M NA PONTA ISOLADA DO CAMPEONATO BRASILEIRO!<\/p>\n<p>\u26bd\ufe0f <a href=\"https:\/\/twitter.com\/QSavarino10?ref_src=twsrc%5Etfw\">@QSavarino10<\/a> marcou os dois gols atleticanos!<a href=\"https:\/\/twitter.com\/hashtag\/VamoGalo?src=hash&amp;ref_src=twsrc%5Etfw\">#VamoGalo<\/a> <a href=\"https:\/\/twitter.com\/hashtag\/CAMxPAL?src=hash&amp;ref_src=twsrc%5Etfw\">#CAMxPAL<\/a> \ud83c\udff4\ud83c\udff3\ufe0f <a href=\"https:\/\/t.co\/YzKqn0olxY\">pic.twitter.com\/YzKqn0olxY<\/a><\/p>\n<p>&mdash; Atl\u00e9tico (@Atletico) <a href=\"https:\/\/twitter.com\/Atletico\/status\/1426694405986078720?ref_src=twsrc%5Etfw\">August 14, 2021<\/a><\/p><\/blockquote>\n<p><script async src=\"https:\/\/platform.twitter.com\/widgets.js\" charset=\"utf-8\"><\/script><\/p>\n<p>Depois da expuls\u00e3o do volante Patrick de Paula, do Palmeiras, aos 35 minutos da etapa inicial, o Galo tomou conta do jogo e marcou os dois gols com o atacante venezuelano Savarino. Aos 47 minutos da etapa inicial, ele abriu o placar depois de bom cruzamento do lateral Guilherme Arana. Aos 16 do segundo tempo, o outro gol veio depois de mais um cruzamento da esquerda e da dividida do artilheiro da noite com o goleiro palmeirense Weverton.<\/p>\n<blockquote class=\"twitter-tweet\" data-width=\"500\" data-dnt=\"true\">\n<p lang=\"pt\" dir=\"ltr\">Fim de jogo: Atl\u00e9tico-MG 2&#215;0 Palmeiras.<a href=\"https:\/\/twitter.com\/hashtag\/AvantiPalestra?src=hash&amp;ref_src=twsrc%5Etfw\">#AvantiPalestra<\/a> <a href=\"https:\/\/twitter.com\/hashtag\/CAMxPAL?src=hash&amp;ref_src=twsrc%5Etfw\">#CAMxPAL<\/a> <a href=\"https:\/\/twitter.com\/hashtag\/JuntosNoBrasileir%C3%A3o?src=hash&amp;ref_src=twsrc%5Etfw\">#JuntosNoBrasileir\u00e3o<\/a><\/p>\n<p>&mdash; SE Palmeiras (@Palmeiras) <a href=\"https:\/\/twitter.com\/Palmeiras\/status\/1426694320699097092?ref_src=twsrc%5Etfw\">August 14, 2021<\/a><\/p><\/blockquote>\n<p><script async src=\"https:\/\/platform.twitter.com\/widgets.js\" charset=\"utf-8\"><\/script><\/p>\n<p>Com mais tr\u00eas pontos, o time mineiro chega aos 37 e se manteve na ponta da tabela. J\u00e1 o Palmeiras est\u00e1 na 2\u00aa posi\u00e7\u00e3o com 32 pontos. Mas pode ser ultrapassado pelo Fortaleza se a equipe cearense bater o Santos neste domingo no est\u00e1dio Castel\u00e3o. Na pr\u00f3xima rodada do Brasileiro, o Atl\u00e9tico enfrentar\u00e1 o Fluminense na segunda-feira (23) no Rio de Janeiro. O Palmeiras receber\u00e1 o Cuiab\u00e1 no domingo (22) em S\u00e3o Paulo. (agenciabrasil)<\/p>\n<p>&nbsp;<\/p>\n<p>LEIA TAMB\u00c9M<\/p>\n<p><a href=\"https:\/\/redenoticiaz.com.br\/blog\/2021\/08\/14\/programa-nacional-de-testagem-para-covid-19-e-anunciado\">Programa nacional de testagem para Covid-19 \u00e9 anunciado<\/a><\/p>\n<p>&nbsp;<\/p>\n<p><img decoding=\"async\" src=\"https:\/\/agenciabrasil.ebc.com.br\/ebc.gif?id=1418532&amp;o=node\" \/><\/p>\n","protected":false},"excerpt":{"rendered":"<p>O Palmeiras perdeu para o Atl\u00e9tico Mineiro por 2 a 0 na noite deste s\u00e1bado (14) no duelo dos l\u00edderes do Campeonato Brasileiro pela 16\u00aa rodada do torneio no est\u00e1dio Mineir\u00e3o. Depois da expuls\u00e3o do volante Patrick de Paula, do Palmeiras, aos 35 minutos da etapa inicial, o Galo tomou conta do jogo e marcou &hellip;<\/p>\n","protected":false},"author":5,"featured_media":12768,"comment_status":"open","ping_status":"closed","sticky":false,"template":"","format":"standard","meta":{"footnotes":""},"categories":[35],"tags":[30299,30300,8442,30301,30302],"class_list":["post-12767","post","type-post","status-publish","format-standard","has-post-thumbnail","hentry","category-esporte","tag-atletico-mineiro-resultado-jogo","tag-atletio-vence-palmeiras","tag-palmeiras-perde","tag-palmeiras-resultado-jogo","tag-resultado-jogo-brasileirao"],"yoast_head":"<!-- This site is optimized with the Yoast SEO plugin v27.5 - https:\/\/yoast.com\/product\/yoast-seo-wordpress\/ -->\n<title>Palmeiras perde para o Atl\u00e9tico Mineiro no Mineir\u00e3o - Litoral SP<\/title>\n<meta name=\"description\" content=\"O Palmeiras perdeu para o Atl\u00e9tico Mineiro por 2 a 0 na noite deste s\u00e1bado (14) no duelo dos l\u00edderes do Campeonato Brasileiro pela 16\u00aa rodada do\" \/>\n<meta name=\"robots\" content=\"index, follow, max-snippet:-1, max-image-preview:large, max-video-preview:-1\" \/>\n<link rel=\"canonical\" href=\"https:\/\/redenoticiaz.com.br\/litoralsp\/2021\/08\/15\/palmeiras-perde-para-o-atletico-mineiro-no-mineirao\" \/>\n<meta property=\"og:locale\" content=\"pt_BR\" \/>\n<meta property=\"og:type\" content=\"article\" \/>\n<meta property=\"og:title\" content=\"Palmeiras perde para o Atl\u00e9tico Mineiro no Mineir\u00e3o - Litoral SP\" \/>\n<meta property=\"og:description\" content=\"O Palmeiras perdeu para o Atl\u00e9tico Mineiro por 2 a 0 na noite deste s\u00e1bado (14) no duelo dos l\u00edderes do Campeonato Brasileiro pela 16\u00aa rodada do\" \/>\n<meta property=\"og:url\" content=\"https:\/\/redenoticiaz.com.br\/litoralsp\/2021\/08\/15\/palmeiras-perde-para-o-atletico-mineiro-no-mineirao\" \/>\n<meta property=\"og:site_name\" content=\"Litoral SP\" \/>\n<meta property=\"article:published_time\" content=\"2021-08-15T10:47:55+00:00\" \/>\n<meta property=\"article:modified_time\" content=\"2021-08-15T10:49:57+00:00\" \/>\n<meta property=\"og:image\" content=\"https:\/\/redenoticiaz.com.br\/litoralsp\/wp-content\/uploads\/sites\/3\/2021\/08\/atletico-mineiro-x-palmeiras.jpg\" \/>\n\t<meta property=\"og:image:width\" content=\"1170\" \/>\n\t<meta property=\"og:image:height\" content=\"700\" \/>\n\t<meta property=\"og:image:type\" content=\"image\/jpeg\" \/>\n<meta name=\"author\" content=\"Patr\u00edcia Prado\" \/>\n<meta name=\"twitter:card\" content=\"summary_large_image\" \/>\n<meta name=\"twitter:label1\" content=\"Escrito por\" \/>\n\t<meta name=\"twitter:data1\" content=\"Patr\u00edcia Prado\" \/>\n\t<meta name=\"twitter:label2\" content=\"Est. tempo de leitura\" \/>\n\t<meta name=\"twitter:data2\" content=\"1 minuto\" \/>\n<script type=\"application\/ld+json\" class=\"yoast-schema-graph\">{\"@context\":\"https:\\\/\\\/schema.org\",\"@graph\":[{\"@type\":\"Article\",\"@id\":\"https:\\\/\\\/redenoticiaz.com.br\\\/litoralsp\\\/2021\\\/08\\\/15\\\/palmeiras-perde-para-o-atletico-mineiro-no-mineirao#article\",\"isPartOf\":{\"@id\":\"https:\\\/\\\/redenoticiaz.com.br\\\/litoralsp\\\/2021\\\/08\\\/15\\\/palmeiras-perde-para-o-atletico-mineiro-no-mineirao\"},\"author\":{\"name\":\"Patr\u00edcia Prado\",\"@id\":\"https:\\\/\\\/redenoticiaz.com.br\\\/litoralsp\\\/#\\\/schema\\\/person\\\/e1b0bd8c2637e2c1b6ddcbc2c33b116f\"},\"headline\":\"Palmeiras perde para o Atl\u00e9tico Mineiro no Mineir\u00e3o\",\"datePublished\":\"2021-08-15T10:47:55+00:00\",\"dateModified\":\"2021-08-15T10:49:57+00:00\",\"mainEntityOfPage\":{\"@id\":\"https:\\\/\\\/redenoticiaz.com.br\\\/litoralsp\\\/2021\\\/08\\\/15\\\/palmeiras-perde-para-o-atletico-mineiro-no-mineirao\"},\"wordCount\":272,\"commentCount\":0,\"publisher\":{\"@id\":\"https:\\\/\\\/redenoticiaz.com.br\\\/litoralsp\\\/#organization\"},\"image\":{\"@id\":\"https:\\\/\\\/redenoticiaz.com.br\\\/litoralsp\\\/2021\\\/08\\\/15\\\/palmeiras-perde-para-o-atletico-mineiro-no-mineirao#primaryimage\"},\"thumbnailUrl\":\"https:\\\/\\\/redenoticiaz.com.br\\\/litoralsp\\\/wp-content\\\/uploads\\\/sites\\\/3\\\/2021\\\/08\\\/atletico-mineiro-x-palmeiras.jpg\",\"keywords\":[\"ATL\u00c9TICO MINEIRO RESULTADO JOGO\",\"ATLETIO VENCE PALMEIRAS\",\"PALMEIRAS PERDE\",\"PALMEIRAS RESULTADO JOGO\",\"RESULTADO JOGO BRASILEIR\u00c3O\"],\"articleSection\":[\"Esporte\"],\"inLanguage\":\"pt-BR\",\"potentialAction\":[{\"@type\":\"CommentAction\",\"name\":\"Comment\",\"target\":[\"https:\\\/\\\/redenoticiaz.com.br\\\/litoralsp\\\/2021\\\/08\\\/15\\\/palmeiras-perde-para-o-atletico-mineiro-no-mineirao#respond\"]}]},{\"@type\":\"WebPage\",\"@id\":\"https:\\\/\\\/redenoticiaz.com.br\\\/litoralsp\\\/2021\\\/08\\\/15\\\/palmeiras-perde-para-o-atletico-mineiro-no-mineirao\",\"url\":\"https:\\\/\\\/redenoticiaz.com.br\\\/litoralsp\\\/2021\\\/08\\\/15\\\/palmeiras-perde-para-o-atletico-mineiro-no-mineirao\",\"name\":\"Palmeiras perde para o Atl\u00e9tico Mineiro no Mineir\u00e3o - Litoral SP\",\"isPartOf\":{\"@id\":\"https:\\\/\\\/redenoticiaz.com.br\\\/litoralsp\\\/#website\"},\"primaryImageOfPage\":{\"@id\":\"https:\\\/\\\/redenoticiaz.com.br\\\/litoralsp\\\/2021\\\/08\\\/15\\\/palmeiras-perde-para-o-atletico-mineiro-no-mineirao#primaryimage\"},\"image\":{\"@id\":\"https:\\\/\\\/redenoticiaz.com.br\\\/litoralsp\\\/2021\\\/08\\\/15\\\/palmeiras-perde-para-o-atletico-mineiro-no-mineirao#primaryimage\"},\"thumbnailUrl\":\"https:\\\/\\\/redenoticiaz.com.br\\\/litoralsp\\\/wp-content\\\/uploads\\\/sites\\\/3\\\/2021\\\/08\\\/atletico-mineiro-x-palmeiras.jpg\",\"datePublished\":\"2021-08-15T10:47:55+00:00\",\"dateModified\":\"2021-08-15T10:49:57+00:00\",\"description\":\"O Palmeiras perdeu para o Atl\u00e9tico Mineiro por 2 a 0 na noite deste s\u00e1bado (14) no duelo dos l\u00edderes do Campeonato Brasileiro pela 16\u00aa rodada do\",\"inLanguage\":\"pt-BR\",\"potentialAction\":[{\"@type\":\"ReadAction\",\"target\":[\"https:\\\/\\\/redenoticiaz.com.br\\\/litoralsp\\\/2021\\\/08\\\/15\\\/palmeiras-perde-para-o-atletico-mineiro-no-mineirao\"]}]},{\"@type\":\"ImageObject\",\"inLanguage\":\"pt-BR\",\"@id\":\"https:\\\/\\\/redenoticiaz.com.br\\\/litoralsp\\\/2021\\\/08\\\/15\\\/palmeiras-perde-para-o-atletico-mineiro-no-mineirao#primaryimage\",\"url\":\"https:\\\/\\\/redenoticiaz.com.br\\\/litoralsp\\\/wp-content\\\/uploads\\\/sites\\\/3\\\/2021\\\/08\\\/atletico-mineiro-x-palmeiras.jpg\",\"contentUrl\":\"https:\\\/\\\/redenoticiaz.com.br\\\/litoralsp\\\/wp-content\\\/uploads\\\/sites\\\/3\\\/2021\\\/08\\\/atletico-mineiro-x-palmeiras.jpg\",\"width\":1170,\"height\":700,\"caption\":\"O Palmeiras perdeu para o Atl\u00e9tico Mineiro por 2 a 0 na noite deste s\u00e1bado (14) no duelo dos l\u00edderes do Campeonato Brasileiro pela 16\u00aa rodada do torneio\"},{\"@type\":\"WebSite\",\"@id\":\"https:\\\/\\\/redenoticiaz.com.br\\\/litoralsp\\\/#website\",\"url\":\"https:\\\/\\\/redenoticiaz.com.br\\\/litoralsp\\\/\",\"name\":\"Litoral SP\",\"description\":\"Rede NoticiaZ\",\"publisher\":{\"@id\":\"https:\\\/\\\/redenoticiaz.com.br\\\/litoralsp\\\/#organization\"},\"potentialAction\":[{\"@type\":\"SearchAction\",\"target\":{\"@type\":\"EntryPoint\",\"urlTemplate\":\"https:\\\/\\\/redenoticiaz.com.br\\\/litoralsp\\\/?s={search_term_string}\"},\"query-input\":{\"@type\":\"PropertyValueSpecification\",\"valueRequired\":true,\"valueName\":\"search_term_string\"}}],\"inLanguage\":\"pt-BR\"},{\"@type\":\"Organization\",\"@id\":\"https:\\\/\\\/redenoticiaz.com.br\\\/litoralsp\\\/#organization\",\"name\":\"Litoral SP\",\"url\":\"https:\\\/\\\/redenoticiaz.com.br\\\/litoralsp\\\/\",\"logo\":{\"@type\":\"ImageObject\",\"inLanguage\":\"pt-BR\",\"@id\":\"https:\\\/\\\/redenoticiaz.com.br\\\/litoralsp\\\/#\\\/schema\\\/logo\\\/image\\\/\",\"url\":\"https:\\\/\\\/redenoticiaz.com.br\\\/litoralsp\\\/wp-content\\\/uploads\\\/sites\\\/3\\\/2020\\\/11\\\/logo.jpg\",\"contentUrl\":\"https:\\\/\\\/redenoticiaz.com.br\\\/litoralsp\\\/wp-content\\\/uploads\\\/sites\\\/3\\\/2020\\\/11\\\/logo.jpg\",\"width\":400,\"height\":250,\"caption\":\"Litoral SP\"},\"image\":{\"@id\":\"https:\\\/\\\/redenoticiaz.com.br\\\/litoralsp\\\/#\\\/schema\\\/logo\\\/image\\\/\"}},{\"@type\":\"Person\",\"@id\":\"https:\\\/\\\/redenoticiaz.com.br\\\/litoralsp\\\/#\\\/schema\\\/person\\\/e1b0bd8c2637e2c1b6ddcbc2c33b116f\",\"name\":\"Patr\u00edcia Prado\",\"image\":{\"@type\":\"ImageObject\",\"inLanguage\":\"pt-BR\",\"@id\":\"https:\\\/\\\/secure.gravatar.com\\\/avatar\\\/92e358bef22cfcec15e054ae4d9fee04dadf0c772dc4a17b382b8a34a15354c2?s=96&d=mm&r=g\",\"url\":\"https:\\\/\\\/secure.gravatar.com\\\/avatar\\\/92e358bef22cfcec15e054ae4d9fee04dadf0c772dc4a17b382b8a34a15354c2?s=96&d=mm&r=g\",\"contentUrl\":\"https:\\\/\\\/secure.gravatar.com\\\/avatar\\\/92e358bef22cfcec15e054ae4d9fee04dadf0c772dc4a17b382b8a34a15354c2?s=96&d=mm&r=g\",\"caption\":\"Patr\u00edcia Prado\"},\"url\":\"https:\\\/\\\/redenoticiaz.com.br\\\/litoralsp\\\/author\\\/patricia-prado\"}]}<\/script>\n<!-- \/ Yoast SEO plugin. -->","yoast_head_json":{"title":"Palmeiras perde para o Atl\u00e9tico Mineiro no Mineir\u00e3o - Litoral SP","description":"O Palmeiras perdeu para o Atl\u00e9tico Mineiro por 2 a 0 na noite deste s\u00e1bado (14) no duelo dos l\u00edderes do Campeonato Brasileiro pela 16\u00aa rodada do","robots":{"index":"index","follow":"follow","max-snippet":"max-snippet:-1","max-image-preview":"max-image-preview:large","max-video-preview":"max-video-preview:-1"},"canonical":"https:\/\/redenoticiaz.com.br\/litoralsp\/2021\/08\/15\/palmeiras-perde-para-o-atletico-mineiro-no-mineirao","og_locale":"pt_BR","og_type":"article","og_title":"Palmeiras perde para o Atl\u00e9tico Mineiro no Mineir\u00e3o - Litoral SP","og_description":"O Palmeiras perdeu para o Atl\u00e9tico Mineiro por 2 a 0 na noite deste s\u00e1bado (14) no duelo dos l\u00edderes do Campeonato Brasileiro pela 16\u00aa rodada do","og_url":"https:\/\/redenoticiaz.com.br\/litoralsp\/2021\/08\/15\/palmeiras-perde-para-o-atletico-mineiro-no-mineirao","og_site_name":"Litoral SP","article_published_time":"2021-08-15T10:47:55+00:00","article_modified_time":"2021-08-15T10:49:57+00:00","og_image":[{"width":1170,"height":700,"url":"https:\/\/redenoticiaz.com.br\/litoralsp\/wp-content\/uploads\/sites\/3\/2021\/08\/atletico-mineiro-x-palmeiras.jpg","type":"image\/jpeg"}],"author":"Patr\u00edcia Prado","twitter_card":"summary_large_image","twitter_misc":{"Escrito por":"Patr\u00edcia Prado","Est. tempo de leitura":"1 minuto"},"schema":{"@context":"https:\/\/schema.org","@graph":[{"@type":"Article","@id":"https:\/\/redenoticiaz.com.br\/litoralsp\/2021\/08\/15\/palmeiras-perde-para-o-atletico-mineiro-no-mineirao#article","isPartOf":{"@id":"https:\/\/redenoticiaz.com.br\/litoralsp\/2021\/08\/15\/palmeiras-perde-para-o-atletico-mineiro-no-mineirao"},"author":{"name":"Patr\u00edcia Prado","@id":"https:\/\/redenoticiaz.com.br\/litoralsp\/#\/schema\/person\/e1b0bd8c2637e2c1b6ddcbc2c33b116f"},"headline":"Palmeiras perde para o Atl\u00e9tico Mineiro no Mineir\u00e3o","datePublished":"2021-08-15T10:47:55+00:00","dateModified":"2021-08-15T10:49:57+00:00","mainEntityOfPage":{"@id":"https:\/\/redenoticiaz.com.br\/litoralsp\/2021\/08\/15\/palmeiras-perde-para-o-atletico-mineiro-no-mineirao"},"wordCount":272,"commentCount":0,"publisher":{"@id":"https:\/\/redenoticiaz.com.br\/litoralsp\/#organization"},"image":{"@id":"https:\/\/redenoticiaz.com.br\/litoralsp\/2021\/08\/15\/palmeiras-perde-para-o-atletico-mineiro-no-mineirao#primaryimage"},"thumbnailUrl":"https:\/\/redenoticiaz.com.br\/litoralsp\/wp-content\/uploads\/sites\/3\/2021\/08\/atletico-mineiro-x-palmeiras.jpg","keywords":["ATL\u00c9TICO MINEIRO RESULTADO JOGO","ATLETIO VENCE PALMEIRAS","PALMEIRAS PERDE","PALMEIRAS RESULTADO JOGO","RESULTADO JOGO BRASILEIR\u00c3O"],"articleSection":["Esporte"],"inLanguage":"pt-BR","potentialAction":[{"@type":"CommentAction","name":"Comment","target":["https:\/\/redenoticiaz.com.br\/litoralsp\/2021\/08\/15\/palmeiras-perde-para-o-atletico-mineiro-no-mineirao#respond"]}]},{"@type":"WebPage","@id":"https:\/\/redenoticiaz.com.br\/litoralsp\/2021\/08\/15\/palmeiras-perde-para-o-atletico-mineiro-no-mineirao","url":"https:\/\/redenoticiaz.com.br\/litoralsp\/2021\/08\/15\/palmeiras-perde-para-o-atletico-mineiro-no-mineirao","name":"Palmeiras perde para o Atl\u00e9tico Mineiro no Mineir\u00e3o - Litoral SP","isPartOf":{"@id":"https:\/\/redenoticiaz.com.br\/litoralsp\/#website"},"primaryImageOfPage":{"@id":"https:\/\/redenoticiaz.com.br\/litoralsp\/2021\/08\/15\/palmeiras-perde-para-o-atletico-mineiro-no-mineirao#primaryimage"},"image":{"@id":"https:\/\/redenoticiaz.com.br\/litoralsp\/2021\/08\/15\/palmeiras-perde-para-o-atletico-mineiro-no-mineirao#primaryimage"},"thumbnailUrl":"https:\/\/redenoticiaz.com.br\/litoralsp\/wp-content\/uploads\/sites\/3\/2021\/08\/atletico-mineiro-x-palmeiras.jpg","datePublished":"2021-08-15T10:47:55+00:00","dateModified":"2021-08-15T10:49:57+00:00","description":"O Palmeiras perdeu para o Atl\u00e9tico Mineiro por 2 a 0 na noite deste s\u00e1bado (14) no duelo dos l\u00edderes do Campeonato Brasileiro pela 16\u00aa rodada do","inLanguage":"pt-BR","potentialAction":[{"@type":"ReadAction","target":["https:\/\/redenoticiaz.com.br\/litoralsp\/2021\/08\/15\/palmeiras-perde-para-o-atletico-mineiro-no-mineirao"]}]},{"@type":"ImageObject","inLanguage":"pt-BR","@id":"https:\/\/redenoticiaz.com.br\/litoralsp\/2021\/08\/15\/palmeiras-perde-para-o-atletico-mineiro-no-mineirao#primaryimage","url":"https:\/\/redenoticiaz.com.br\/litoralsp\/wp-content\/uploads\/sites\/3\/2021\/08\/atletico-mineiro-x-palmeiras.jpg","contentUrl":"https:\/\/redenoticiaz.com.br\/litoralsp\/wp-content\/uploads\/sites\/3\/2021\/08\/atletico-mineiro-x-palmeiras.jpg","width":1170,"height":700,"caption":"O Palmeiras perdeu para o Atl\u00e9tico Mineiro por 2 a 0 na noite deste s\u00e1bado (14) no duelo dos l\u00edderes do Campeonato Brasileiro pela 16\u00aa rodada do torneio"},{"@type":"WebSite","@id":"https:\/\/redenoticiaz.com.br\/litoralsp\/#website","url":"https:\/\/redenoticiaz.com.br\/litoralsp\/","name":"Litoral SP","description":"Rede NoticiaZ","publisher":{"@id":"https:\/\/redenoticiaz.com.br\/litoralsp\/#organization"},"potentialAction":[{"@type":"SearchAction","target":{"@type":"EntryPoint","urlTemplate":"https:\/\/redenoticiaz.com.br\/litoralsp\/?s={search_term_string}"},"query-input":{"@type":"PropertyValueSpecification","valueRequired":true,"valueName":"search_term_string"}}],"inLanguage":"pt-BR"},{"@type":"Organization","@id":"https:\/\/redenoticiaz.com.br\/litoralsp\/#organization","name":"Litoral SP","url":"https:\/\/redenoticiaz.com.br\/litoralsp\/","logo":{"@type":"ImageObject","inLanguage":"pt-BR","@id":"https:\/\/redenoticiaz.com.br\/litoralsp\/#\/schema\/logo\/image\/","url":"https:\/\/redenoticiaz.com.br\/litoralsp\/wp-content\/uploads\/sites\/3\/2020\/11\/logo.jpg","contentUrl":"https:\/\/redenoticiaz.com.br\/litoralsp\/wp-content\/uploads\/sites\/3\/2020\/11\/logo.jpg","width":400,"height":250,"caption":"Litoral SP"},"image":{"@id":"https:\/\/redenoticiaz.com.br\/litoralsp\/#\/schema\/logo\/image\/"}},{"@type":"Person","@id":"https:\/\/redenoticiaz.com.br\/litoralsp\/#\/schema\/person\/e1b0bd8c2637e2c1b6ddcbc2c33b116f","name":"Patr\u00edcia Prado","image":{"@type":"ImageObject","inLanguage":"pt-BR","@id":"https:\/\/secure.gravatar.com\/avatar\/92e358bef22cfcec15e054ae4d9fee04dadf0c772dc4a17b382b8a34a15354c2?s=96&d=mm&r=g","url":"https:\/\/secure.gravatar.com\/avatar\/92e358bef22cfcec15e054ae4d9fee04dadf0c772dc4a17b382b8a34a15354c2?s=96&d=mm&r=g","contentUrl":"https:\/\/secure.gravatar.com\/avatar\/92e358bef22cfcec15e054ae4d9fee04dadf0c772dc4a17b382b8a34a15354c2?s=96&d=mm&r=g","caption":"Patr\u00edcia Prado"},"url":"https:\/\/redenoticiaz.com.br\/litoralsp\/author\/patricia-prado"}]}},"_links":{"self":[{"href":"https:\/\/redenoticiaz.com.br\/litoralsp\/wp-json\/wp\/v2\/posts\/12767","targetHints":{"allow":["GET"]}}],"collection":[{"href":"https:\/\/redenoticiaz.com.br\/litoralsp\/wp-json\/wp\/v2\/posts"}],"about":[{"href":"https:\/\/redenoticiaz.com.br\/litoralsp\/wp-json\/wp\/v2\/types\/post"}],"author":[{"embeddable":true,"href":"https:\/\/redenoticiaz.com.br\/litoralsp\/wp-json\/wp\/v2\/users\/5"}],"replies":[{"embeddable":true,"href":"https:\/\/redenoticiaz.com.br\/litoralsp\/wp-json\/wp\/v2\/comments?post=12767"}],"version-history":[{"count":1,"href":"https:\/\/redenoticiaz.com.br\/litoralsp\/wp-json\/wp\/v2\/posts\/12767\/revisions"}],"predecessor-version":[{"id":12769,"href":"https:\/\/redenoticiaz.com.br\/litoralsp\/wp-json\/wp\/v2\/posts\/12767\/revisions\/12769"}],"wp:featuredmedia":[{"embeddable":true,"href":"https:\/\/redenoticiaz.com.br\/litoralsp\/wp-json\/wp\/v2\/media\/12768"}],"wp:attachment":[{"href":"https:\/\/redenoticiaz.com.br\/litoralsp\/wp-json\/wp\/v2\/media?parent=12767"}],"wp:term":[{"taxonomy":"category","embeddable":true,"href":"https:\/\/redenoticiaz.com.br\/litoralsp\/wp-json\/wp\/v2\/categories?post=12767"},{"taxonomy":"post_tag","embeddable":true,"href":"https:\/\/redenoticiaz.com.br\/litoralsp\/wp-json\/wp\/v2\/tags?post=12767"}],"curies":[{"name":"wp","href":"https:\/\/api.w.org\/{rel}","templated":true}]}}