{"id":12804,"date":"2021-08-16T12:44:09","date_gmt":"2021-08-16T15:44:09","guid":{"rendered":"https:\/\/redenoticiaz.com.br\/litoralsp\/2021\/08\/16\/renato-augusto-volta-e-ajuda-o-corinthians-a-vencer-o-ceara-no-brasileirao"},"modified":"2021-08-16T12:46:41","modified_gmt":"2021-08-16T15:46:41","slug":"renato-augusto-volta-e-ajuda-o-corinthians-a-vencer-o-ceara-no-brasileirao","status":"publish","type":"post","link":"https:\/\/redenoticiaz.com.br\/litoralsp\/2021\/08\/16\/renato-augusto-volta-e-ajuda-o-corinthians-a-vencer-o-ceara-no-brasileirao","title":{"rendered":"Renato Augusto volta e ajuda o Corinthians a vencer o Cear\u00e1 no Brasileir\u00e3o"},"content":{"rendered":"<p><strong>Corinthians<\/strong> e <strong>Cear\u00e1<\/strong> se enfrentaram na Neo Qu\u00edmica Arena, em S\u00e3o Paulo, pela 16\u00aa rodada do <a href=\"https:\/\/www.cbf.com.br\/\">Campeonato Brasileiro<\/a>. A partida desse domingo (15) marcou a reestreia de Renato Augusto com a camisa do Tim\u00e3o e ele foi decisivo na vit\u00f3ria.<\/p>\n<p>O meia volta a jogar no Corinthians ap\u00f3s cinco anos e meio, j\u00e1 que estava atuando na China. Ele teve uma \u00f3tima atua\u00e7\u00e3o, mas antes, o show foi do jovem Adson. No primeiro tempo ele foi o destaque ao anotar dois gols ainda no primeiro tempo. O primeiro aconteceu aos 16 minutos, quando o lateral de F\u00e1bio Santos, passou por J\u00f4, Roni e chegou ao p\u00e9 esquerdo de Adson, que finalizou de primeira para abrir o placar.<\/p>\n<p>Depois disso, a equipe de Sylvinho passou a esperar o Cear\u00e1 e sair em velocidade. Numa dessas sa\u00eddas, F\u00e1bio Santos teve tempo de dominar, olhar para a \u00e1rea e cruzar na cabe\u00e7a dele: Adson, de novo, mostrando faro de gol e fazendo o segundo da partida. Ele ainda poderia ter feito o terceiro se acertasse a pontaria ap\u00f3s \u00f3timo passe de Fagner e drible no goleiro Richard.<\/p>\n<p>J\u00e1 no segundo tempo, o Corinthians baixou o ritmo e fez com que o Cear\u00e1 viesse pra cima. O goleiro C\u00e1ssio teve de fazer duas boas defesas. O t\u00e9cnico Sylvinho promoveu substitui\u00e7\u00f5es e Renato Augusto entrou em campo. E logo de cara o camisa 8 deu bons passes e fez um gola\u00e7o, o terceiro do Tim\u00e3o, praticamente definindo a partida. Rick diminuiu na sequ\u00eancia, mas o Cear\u00e1 n\u00e3o teve for\u00e7a suficiente para tentar uma reviravolta na Neo Qu\u00edmica Arena.<\/p>\n<h3>Os outros paulistas<\/h3>\n<p>O outro clube paulista que conseguiu a vit\u00f3ria foi o <strong>S\u00e3o Paulo<\/strong>. No s\u00e1bado (14), o Tricolor teve um confronto direto contra o <strong>Gr\u00eamio<\/strong>, no Morumbi e ambos tem uma miss\u00e3o em comum: fugir do rebaixamento. Sobrou emo\u00e7\u00e3o at\u00e9 os \u00faltimos momentos.<\/p>\n<figure id=\"attachment_64918\" aria-describedby=\"caption-attachment-64918\" style=\"width: 390px\" class=\"wp-caption alignleft\"><img loading=\"lazy\" decoding=\"async\" class=\"size-medium wp-image-64918\" src=\"https:\/\/redenoticiaz.com.br\/wp-content\/uploads\/2021\/08\/sp-390x220.jpg\" alt=\"\" width=\"390\" height=\"220\" \/><figcaption id=\"caption-attachment-64918\" class=\"wp-caption-text\">Tricolor Paulista agora \u00e9 14\u00ba colocado do Brasileir\u00e3o.<\/figcaption><\/figure>\n<p>De um lado, o t\u00e9cnico Hern\u00e1n Crespo mandou time praticamente reserva a campo j\u00e1 pensando no cl\u00e1ssico de ter\u00e7a-feira contra o Palmeiras, que define vaga nas semifinais da Libertadores. Do outro, Luiz Felipe Scolari foi a campo com o que tinha de melhor, mas n\u00e3o saiu vitorioso. V\u00edtor Bueno abriu o placar com uma bela cobran\u00e7a de falta. Mas o Gr\u00eamio empatou tamb\u00e9m em \u00f3tima cobran\u00e7a de falta. A vit\u00f3ria s\u00f3 aconteceu aos 47 minutos do segundo tempo com Igor Gomes.<\/p>\n<p>J\u00e1 na Arena Castel\u00e3o, <strong>Fortaleza e Santos<\/strong> se enfrentaram em um confronto em busca de garantir vagas para a pr\u00f3xima Libertadores da Am\u00e9rica. O time de Vojvoda pressionou os santistas e chegou ao gol aos 23 minutos com Lucas Crispim. Mas o Peixe reagiu um minuto depois, ap\u00f3s falha do goleiro Marcelo Boeck na tentativa de interceptar a bola, Carlos S\u00e1nchez cabeceou para o gol vazio. Tudo igual.<\/p>\n<figure id=\"attachment_64916\" aria-describedby=\"caption-attachment-64916\" style=\"width: 390px\" class=\"wp-caption alignleft\"><img loading=\"lazy\" decoding=\"async\" class=\"size-medium wp-image-64916\" src=\"https:\/\/redenoticiaz.com.br\/wp-content\/uploads\/2021\/08\/fortaleza-1-390x220.jpg\" alt=\"\" width=\"390\" height=\"220\" \/><figcaption id=\"caption-attachment-64916\" class=\"wp-caption-text\">Fortaleza continua em 3\u00ba colocado, enquanto o Santos \u00e9 o 10\u00ba colocado.<\/figcaption><\/figure>\n<p>No segundo tempo, o Santos escapou de uma derrota no Cear\u00e1. O Fortaleza chegou a fazer dois gols, mas o \u00e1rbitro de v\u00eddeo entrou em cena e constatou irregularidades de bola na m\u00e3o e de impedimento. Por isso os gols foram anulados. O Peixe ainda sofreu com bola no travess\u00e3o e uma penalidade marcada nos acr\u00e9scimos. Era a chance pro Le\u00e3o desempatar. Mas o goleiro santista Jo\u00e3o Paulo defendeu a cobran\u00e7a e garantiu o empate.<\/p>\n<p>O <strong>Red Bull Bragantino<\/strong> foi surpreendido pelo <strong>Juventude<\/strong>. Mesmo jogando no Nabi Abi Chedid, o time de Bragan\u00e7a Paulista chegou a fazer 1 a 0 com Helinho. Mas no segundo tempo, Wagner marcou dois gols e virou o jogo.<\/p>\n<p><strong>LEIA TAMB\u00c9M<\/strong><\/p>\n<p><a href=\"https:\/\/redenoticiaz.com.br\/blog\/2021\/08\/15\/palmeiras-perde-para-o-atletico-mineiro-no-mineirao\">Palmeiras perde para o Atl\u00e9tico Mineiro no Mineir\u00e3o<\/a><\/p>\n","protected":false},"excerpt":{"rendered":"<p>Corinthians e Cear\u00e1 se enfrentaram na Neo Qu\u00edmica Arena, em S\u00e3o Paulo, pela 16\u00aa rodada do Campeonato Brasileiro. A partida desse domingo (15) marcou a reestreia de Renato Augusto com a camisa do Tim\u00e3o e ele foi decisivo na vit\u00f3ria. O meia volta a jogar no Corinthians ap\u00f3s cinco anos e meio, j\u00e1 que estava &hellip;<\/p>\n","protected":false},"author":6,"featured_media":12805,"comment_status":"open","ping_status":"closed","sticky":false,"template":"","format":"standard","meta":{"footnotes":""},"categories":[35],"tags":[24152,3088,1415,3454,27651,2949,25252,4509,986,65],"class_list":["post-12804","post","type-post","status-publish","format-standard","has-post-thumbnail","hentry","category-esporte","tag-brasileirao-2021","tag-campeonato-brasileiro","tag-ceara","tag-corinthians","tag-fortaleza","tag-gremio","tag-juventude","tag-red-bull-bragantino","tag-santos","tag-sao-paulo"],"yoast_head":"<!-- This site is optimized with the Yoast SEO plugin v27.5 - https:\/\/yoast.com\/product\/yoast-seo-wordpress\/ -->\n<title>Renato Augusto volta e ajuda o Corinthians a vencer o Cear\u00e1 no Brasileir\u00e3o - Litoral SP<\/title>\n<meta name=\"description\" content=\"Corinthians e Cear\u00e1 se enfrentaram na Neo Qu\u00edmica Arena, em S\u00e3o Paulo, pela 16\u00aa rodada do Campeonato Brasileiro. A partida\" \/>\n<meta name=\"robots\" content=\"index, follow, max-snippet:-1, max-image-preview:large, max-video-preview:-1\" \/>\n<link rel=\"canonical\" href=\"https:\/\/redenoticiaz.com.br\/litoralsp\/2021\/08\/16\/renato-augusto-volta-e-ajuda-o-corinthians-a-vencer-o-ceara-no-brasileirao\" \/>\n<meta property=\"og:locale\" content=\"pt_BR\" \/>\n<meta property=\"og:type\" content=\"article\" \/>\n<meta property=\"og:title\" content=\"Renato Augusto volta e ajuda o Corinthians a vencer o Cear\u00e1 no Brasileir\u00e3o - Litoral SP\" \/>\n<meta property=\"og:description\" content=\"Corinthians e Cear\u00e1 se enfrentaram na Neo Qu\u00edmica Arena, em S\u00e3o Paulo, pela 16\u00aa rodada do Campeonato Brasileiro. A partida\" \/>\n<meta property=\"og:url\" content=\"https:\/\/redenoticiaz.com.br\/litoralsp\/2021\/08\/16\/renato-augusto-volta-e-ajuda-o-corinthians-a-vencer-o-ceara-no-brasileirao\" \/>\n<meta property=\"og:site_name\" content=\"Litoral SP\" \/>\n<meta property=\"article:published_time\" content=\"2021-08-16T15:44:09+00:00\" \/>\n<meta property=\"article:modified_time\" content=\"2021-08-16T15:46:41+00:00\" \/>\n<meta property=\"og:image\" content=\"https:\/\/redenoticiaz.com.br\/litoralsp\/wp-content\/uploads\/sites\/3\/2021\/08\/renato-augusto.jpg\" \/>\n\t<meta property=\"og:image:width\" content=\"640\" \/>\n\t<meta property=\"og:image:height\" content=\"360\" \/>\n\t<meta property=\"og:image:type\" content=\"image\/jpeg\" \/>\n<meta name=\"author\" content=\"Leonardo Francisco\" \/>\n<meta name=\"twitter:card\" content=\"summary_large_image\" \/>\n<meta name=\"twitter:label1\" content=\"Escrito por\" \/>\n\t<meta name=\"twitter:data1\" content=\"Leonardo Francisco\" \/>\n\t<meta name=\"twitter:label2\" content=\"Est. tempo de leitura\" \/>\n\t<meta name=\"twitter:data2\" content=\"3 minutos\" \/>\n<script type=\"application\/ld+json\" class=\"yoast-schema-graph\">{\"@context\":\"https:\\\/\\\/schema.org\",\"@graph\":[{\"@type\":\"Article\",\"@id\":\"https:\\\/\\\/redenoticiaz.com.br\\\/litoralsp\\\/2021\\\/08\\\/16\\\/renato-augusto-volta-e-ajuda-o-corinthians-a-vencer-o-ceara-no-brasileirao#article\",\"isPartOf\":{\"@id\":\"https:\\\/\\\/redenoticiaz.com.br\\\/litoralsp\\\/2021\\\/08\\\/16\\\/renato-augusto-volta-e-ajuda-o-corinthians-a-vencer-o-ceara-no-brasileirao\"},\"author\":{\"name\":\"Leonardo Francisco\",\"@id\":\"https:\\\/\\\/redenoticiaz.com.br\\\/litoralsp\\\/#\\\/schema\\\/person\\\/0f0b8a5bdafefe82841e07ae8d81ecb3\"},\"headline\":\"Renato Augusto volta e ajuda o Corinthians a vencer o Cear\u00e1 no Brasileir\u00e3o\",\"datePublished\":\"2021-08-16T15:44:09+00:00\",\"dateModified\":\"2021-08-16T15:46:41+00:00\",\"mainEntityOfPage\":{\"@id\":\"https:\\\/\\\/redenoticiaz.com.br\\\/litoralsp\\\/2021\\\/08\\\/16\\\/renato-augusto-volta-e-ajuda-o-corinthians-a-vencer-o-ceara-no-brasileirao\"},\"wordCount\":669,\"commentCount\":0,\"publisher\":{\"@id\":\"https:\\\/\\\/redenoticiaz.com.br\\\/litoralsp\\\/#organization\"},\"image\":{\"@id\":\"https:\\\/\\\/redenoticiaz.com.br\\\/litoralsp\\\/2021\\\/08\\\/16\\\/renato-augusto-volta-e-ajuda-o-corinthians-a-vencer-o-ceara-no-brasileirao#primaryimage\"},\"thumbnailUrl\":\"https:\\\/\\\/redenoticiaz.com.br\\\/litoralsp\\\/wp-content\\\/uploads\\\/sites\\\/3\\\/2021\\\/08\\\/renato-augusto.jpg\",\"keywords\":[\"BRASILEIR\u00c3O 2021\",\"CAMPEONATO BRASILEIRO\",\"Cear\u00e1\",\"Corinthians\",\"FORTALEZA\",\"GR\u00caMIO\",\"JUVENTUDE\",\"RED BULL BRAGANTINO\",\"Santos\",\"S\u00e3o Paulo\"],\"articleSection\":[\"Esporte\"],\"inLanguage\":\"pt-BR\",\"potentialAction\":[{\"@type\":\"CommentAction\",\"name\":\"Comment\",\"target\":[\"https:\\\/\\\/redenoticiaz.com.br\\\/litoralsp\\\/2021\\\/08\\\/16\\\/renato-augusto-volta-e-ajuda-o-corinthians-a-vencer-o-ceara-no-brasileirao#respond\"]}]},{\"@type\":\"WebPage\",\"@id\":\"https:\\\/\\\/redenoticiaz.com.br\\\/litoralsp\\\/2021\\\/08\\\/16\\\/renato-augusto-volta-e-ajuda-o-corinthians-a-vencer-o-ceara-no-brasileirao\",\"url\":\"https:\\\/\\\/redenoticiaz.com.br\\\/litoralsp\\\/2021\\\/08\\\/16\\\/renato-augusto-volta-e-ajuda-o-corinthians-a-vencer-o-ceara-no-brasileirao\",\"name\":\"Renato Augusto volta e ajuda o Corinthians a vencer o Cear\u00e1 no Brasileir\u00e3o - Litoral SP\",\"isPartOf\":{\"@id\":\"https:\\\/\\\/redenoticiaz.com.br\\\/litoralsp\\\/#website\"},\"primaryImageOfPage\":{\"@id\":\"https:\\\/\\\/redenoticiaz.com.br\\\/litoralsp\\\/2021\\\/08\\\/16\\\/renato-augusto-volta-e-ajuda-o-corinthians-a-vencer-o-ceara-no-brasileirao#primaryimage\"},\"image\":{\"@id\":\"https:\\\/\\\/redenoticiaz.com.br\\\/litoralsp\\\/2021\\\/08\\\/16\\\/renato-augusto-volta-e-ajuda-o-corinthians-a-vencer-o-ceara-no-brasileirao#primaryimage\"},\"thumbnailUrl\":\"https:\\\/\\\/redenoticiaz.com.br\\\/litoralsp\\\/wp-content\\\/uploads\\\/sites\\\/3\\\/2021\\\/08\\\/renato-augusto.jpg\",\"datePublished\":\"2021-08-16T15:44:09+00:00\",\"dateModified\":\"2021-08-16T15:46:41+00:00\",\"description\":\"Corinthians e Cear\u00e1 se enfrentaram na Neo Qu\u00edmica Arena, em S\u00e3o Paulo, pela 16\u00aa rodada do Campeonato Brasileiro. A partida\",\"inLanguage\":\"pt-BR\",\"potentialAction\":[{\"@type\":\"ReadAction\",\"target\":[\"https:\\\/\\\/redenoticiaz.com.br\\\/litoralsp\\\/2021\\\/08\\\/16\\\/renato-augusto-volta-e-ajuda-o-corinthians-a-vencer-o-ceara-no-brasileirao\"]}]},{\"@type\":\"ImageObject\",\"inLanguage\":\"pt-BR\",\"@id\":\"https:\\\/\\\/redenoticiaz.com.br\\\/litoralsp\\\/2021\\\/08\\\/16\\\/renato-augusto-volta-e-ajuda-o-corinthians-a-vencer-o-ceara-no-brasileirao#primaryimage\",\"url\":\"https:\\\/\\\/redenoticiaz.com.br\\\/litoralsp\\\/wp-content\\\/uploads\\\/sites\\\/3\\\/2021\\\/08\\\/renato-augusto.jpg\",\"contentUrl\":\"https:\\\/\\\/redenoticiaz.com.br\\\/litoralsp\\\/wp-content\\\/uploads\\\/sites\\\/3\\\/2021\\\/08\\\/renato-augusto.jpg\",\"width\":640,\"height\":360,\"caption\":\"Com a vit\u00f3ria, o Tim\u00e3o est\u00e1 a 2 pontos da zona de classifica\u00e7\u00e3o para a Libertadores.\"},{\"@type\":\"WebSite\",\"@id\":\"https:\\\/\\\/redenoticiaz.com.br\\\/litoralsp\\\/#website\",\"url\":\"https:\\\/\\\/redenoticiaz.com.br\\\/litoralsp\\\/\",\"name\":\"Litoral SP\",\"description\":\"Rede NoticiaZ\",\"publisher\":{\"@id\":\"https:\\\/\\\/redenoticiaz.com.br\\\/litoralsp\\\/#organization\"},\"potentialAction\":[{\"@type\":\"SearchAction\",\"target\":{\"@type\":\"EntryPoint\",\"urlTemplate\":\"https:\\\/\\\/redenoticiaz.com.br\\\/litoralsp\\\/?s={search_term_string}\"},\"query-input\":{\"@type\":\"PropertyValueSpecification\",\"valueRequired\":true,\"valueName\":\"search_term_string\"}}],\"inLanguage\":\"pt-BR\"},{\"@type\":\"Organization\",\"@id\":\"https:\\\/\\\/redenoticiaz.com.br\\\/litoralsp\\\/#organization\",\"name\":\"Litoral SP\",\"url\":\"https:\\\/\\\/redenoticiaz.com.br\\\/litoralsp\\\/\",\"logo\":{\"@type\":\"ImageObject\",\"inLanguage\":\"pt-BR\",\"@id\":\"https:\\\/\\\/redenoticiaz.com.br\\\/litoralsp\\\/#\\\/schema\\\/logo\\\/image\\\/\",\"url\":\"https:\\\/\\\/redenoticiaz.com.br\\\/litoralsp\\\/wp-content\\\/uploads\\\/sites\\\/3\\\/2020\\\/11\\\/logo.jpg\",\"contentUrl\":\"https:\\\/\\\/redenoticiaz.com.br\\\/litoralsp\\\/wp-content\\\/uploads\\\/sites\\\/3\\\/2020\\\/11\\\/logo.jpg\",\"width\":400,\"height\":250,\"caption\":\"Litoral SP\"},\"image\":{\"@id\":\"https:\\\/\\\/redenoticiaz.com.br\\\/litoralsp\\\/#\\\/schema\\\/logo\\\/image\\\/\"}},{\"@type\":\"Person\",\"@id\":\"https:\\\/\\\/redenoticiaz.com.br\\\/litoralsp\\\/#\\\/schema\\\/person\\\/0f0b8a5bdafefe82841e07ae8d81ecb3\",\"name\":\"Leonardo Francisco\",\"image\":{\"@type\":\"ImageObject\",\"inLanguage\":\"pt-BR\",\"@id\":\"https:\\\/\\\/secure.gravatar.com\\\/avatar\\\/a7358cb406a99b682ec6df1e77e31ae82e63601f6784e8a3df411d72b37864da?s=96&d=mm&r=g\",\"url\":\"https:\\\/\\\/secure.gravatar.com\\\/avatar\\\/a7358cb406a99b682ec6df1e77e31ae82e63601f6784e8a3df411d72b37864da?s=96&d=mm&r=g\",\"contentUrl\":\"https:\\\/\\\/secure.gravatar.com\\\/avatar\\\/a7358cb406a99b682ec6df1e77e31ae82e63601f6784e8a3df411d72b37864da?s=96&d=mm&r=g\",\"caption\":\"Leonardo Francisco\"},\"url\":\"https:\\\/\\\/redenoticiaz.com.br\\\/litoralsp\\\/author\\\/leonardo-francisco\"}]}<\/script>\n<!-- \/ Yoast SEO plugin. -->","yoast_head_json":{"title":"Renato Augusto volta e ajuda o Corinthians a vencer o Cear\u00e1 no Brasileir\u00e3o - Litoral SP","description":"Corinthians e Cear\u00e1 se enfrentaram na Neo Qu\u00edmica Arena, em S\u00e3o Paulo, pela 16\u00aa rodada do Campeonato Brasileiro. A partida","robots":{"index":"index","follow":"follow","max-snippet":"max-snippet:-1","max-image-preview":"max-image-preview:large","max-video-preview":"max-video-preview:-1"},"canonical":"https:\/\/redenoticiaz.com.br\/litoralsp\/2021\/08\/16\/renato-augusto-volta-e-ajuda-o-corinthians-a-vencer-o-ceara-no-brasileirao","og_locale":"pt_BR","og_type":"article","og_title":"Renato Augusto volta e ajuda o Corinthians a vencer o Cear\u00e1 no Brasileir\u00e3o - Litoral SP","og_description":"Corinthians e Cear\u00e1 se enfrentaram na Neo Qu\u00edmica Arena, em S\u00e3o Paulo, pela 16\u00aa rodada do Campeonato Brasileiro. A partida","og_url":"https:\/\/redenoticiaz.com.br\/litoralsp\/2021\/08\/16\/renato-augusto-volta-e-ajuda-o-corinthians-a-vencer-o-ceara-no-brasileirao","og_site_name":"Litoral SP","article_published_time":"2021-08-16T15:44:09+00:00","article_modified_time":"2021-08-16T15:46:41+00:00","og_image":[{"width":640,"height":360,"url":"https:\/\/redenoticiaz.com.br\/litoralsp\/wp-content\/uploads\/sites\/3\/2021\/08\/renato-augusto.jpg","type":"image\/jpeg"}],"author":"Leonardo Francisco","twitter_card":"summary_large_image","twitter_misc":{"Escrito por":"Leonardo Francisco","Est. tempo de leitura":"3 minutos"},"schema":{"@context":"https:\/\/schema.org","@graph":[{"@type":"Article","@id":"https:\/\/redenoticiaz.com.br\/litoralsp\/2021\/08\/16\/renato-augusto-volta-e-ajuda-o-corinthians-a-vencer-o-ceara-no-brasileirao#article","isPartOf":{"@id":"https:\/\/redenoticiaz.com.br\/litoralsp\/2021\/08\/16\/renato-augusto-volta-e-ajuda-o-corinthians-a-vencer-o-ceara-no-brasileirao"},"author":{"name":"Leonardo Francisco","@id":"https:\/\/redenoticiaz.com.br\/litoralsp\/#\/schema\/person\/0f0b8a5bdafefe82841e07ae8d81ecb3"},"headline":"Renato Augusto volta e ajuda o Corinthians a vencer o Cear\u00e1 no Brasileir\u00e3o","datePublished":"2021-08-16T15:44:09+00:00","dateModified":"2021-08-16T15:46:41+00:00","mainEntityOfPage":{"@id":"https:\/\/redenoticiaz.com.br\/litoralsp\/2021\/08\/16\/renato-augusto-volta-e-ajuda-o-corinthians-a-vencer-o-ceara-no-brasileirao"},"wordCount":669,"commentCount":0,"publisher":{"@id":"https:\/\/redenoticiaz.com.br\/litoralsp\/#organization"},"image":{"@id":"https:\/\/redenoticiaz.com.br\/litoralsp\/2021\/08\/16\/renato-augusto-volta-e-ajuda-o-corinthians-a-vencer-o-ceara-no-brasileirao#primaryimage"},"thumbnailUrl":"https:\/\/redenoticiaz.com.br\/litoralsp\/wp-content\/uploads\/sites\/3\/2021\/08\/renato-augusto.jpg","keywords":["BRASILEIR\u00c3O 2021","CAMPEONATO BRASILEIRO","Cear\u00e1","Corinthians","FORTALEZA","GR\u00caMIO","JUVENTUDE","RED BULL BRAGANTINO","Santos","S\u00e3o Paulo"],"articleSection":["Esporte"],"inLanguage":"pt-BR","potentialAction":[{"@type":"CommentAction","name":"Comment","target":["https:\/\/redenoticiaz.com.br\/litoralsp\/2021\/08\/16\/renato-augusto-volta-e-ajuda-o-corinthians-a-vencer-o-ceara-no-brasileirao#respond"]}]},{"@type":"WebPage","@id":"https:\/\/redenoticiaz.com.br\/litoralsp\/2021\/08\/16\/renato-augusto-volta-e-ajuda-o-corinthians-a-vencer-o-ceara-no-brasileirao","url":"https:\/\/redenoticiaz.com.br\/litoralsp\/2021\/08\/16\/renato-augusto-volta-e-ajuda-o-corinthians-a-vencer-o-ceara-no-brasileirao","name":"Renato Augusto volta e ajuda o Corinthians a vencer o Cear\u00e1 no Brasileir\u00e3o - Litoral SP","isPartOf":{"@id":"https:\/\/redenoticiaz.com.br\/litoralsp\/#website"},"primaryImageOfPage":{"@id":"https:\/\/redenoticiaz.com.br\/litoralsp\/2021\/08\/16\/renato-augusto-volta-e-ajuda-o-corinthians-a-vencer-o-ceara-no-brasileirao#primaryimage"},"image":{"@id":"https:\/\/redenoticiaz.com.br\/litoralsp\/2021\/08\/16\/renato-augusto-volta-e-ajuda-o-corinthians-a-vencer-o-ceara-no-brasileirao#primaryimage"},"thumbnailUrl":"https:\/\/redenoticiaz.com.br\/litoralsp\/wp-content\/uploads\/sites\/3\/2021\/08\/renato-augusto.jpg","datePublished":"2021-08-16T15:44:09+00:00","dateModified":"2021-08-16T15:46:41+00:00","description":"Corinthians e Cear\u00e1 se enfrentaram na Neo Qu\u00edmica Arena, em S\u00e3o Paulo, pela 16\u00aa rodada do Campeonato Brasileiro. A partida","inLanguage":"pt-BR","potentialAction":[{"@type":"ReadAction","target":["https:\/\/redenoticiaz.com.br\/litoralsp\/2021\/08\/16\/renato-augusto-volta-e-ajuda-o-corinthians-a-vencer-o-ceara-no-brasileirao"]}]},{"@type":"ImageObject","inLanguage":"pt-BR","@id":"https:\/\/redenoticiaz.com.br\/litoralsp\/2021\/08\/16\/renato-augusto-volta-e-ajuda-o-corinthians-a-vencer-o-ceara-no-brasileirao#primaryimage","url":"https:\/\/redenoticiaz.com.br\/litoralsp\/wp-content\/uploads\/sites\/3\/2021\/08\/renato-augusto.jpg","contentUrl":"https:\/\/redenoticiaz.com.br\/litoralsp\/wp-content\/uploads\/sites\/3\/2021\/08\/renato-augusto.jpg","width":640,"height":360,"caption":"Com a vit\u00f3ria, o Tim\u00e3o est\u00e1 a 2 pontos da zona de classifica\u00e7\u00e3o para a Libertadores."},{"@type":"WebSite","@id":"https:\/\/redenoticiaz.com.br\/litoralsp\/#website","url":"https:\/\/redenoticiaz.com.br\/litoralsp\/","name":"Litoral SP","description":"Rede NoticiaZ","publisher":{"@id":"https:\/\/redenoticiaz.com.br\/litoralsp\/#organization"},"potentialAction":[{"@type":"SearchAction","target":{"@type":"EntryPoint","urlTemplate":"https:\/\/redenoticiaz.com.br\/litoralsp\/?s={search_term_string}"},"query-input":{"@type":"PropertyValueSpecification","valueRequired":true,"valueName":"search_term_string"}}],"inLanguage":"pt-BR"},{"@type":"Organization","@id":"https:\/\/redenoticiaz.com.br\/litoralsp\/#organization","name":"Litoral SP","url":"https:\/\/redenoticiaz.com.br\/litoralsp\/","logo":{"@type":"ImageObject","inLanguage":"pt-BR","@id":"https:\/\/redenoticiaz.com.br\/litoralsp\/#\/schema\/logo\/image\/","url":"https:\/\/redenoticiaz.com.br\/litoralsp\/wp-content\/uploads\/sites\/3\/2020\/11\/logo.jpg","contentUrl":"https:\/\/redenoticiaz.com.br\/litoralsp\/wp-content\/uploads\/sites\/3\/2020\/11\/logo.jpg","width":400,"height":250,"caption":"Litoral SP"},"image":{"@id":"https:\/\/redenoticiaz.com.br\/litoralsp\/#\/schema\/logo\/image\/"}},{"@type":"Person","@id":"https:\/\/redenoticiaz.com.br\/litoralsp\/#\/schema\/person\/0f0b8a5bdafefe82841e07ae8d81ecb3","name":"Leonardo Francisco","image":{"@type":"ImageObject","inLanguage":"pt-BR","@id":"https:\/\/secure.gravatar.com\/avatar\/a7358cb406a99b682ec6df1e77e31ae82e63601f6784e8a3df411d72b37864da?s=96&d=mm&r=g","url":"https:\/\/secure.gravatar.com\/avatar\/a7358cb406a99b682ec6df1e77e31ae82e63601f6784e8a3df411d72b37864da?s=96&d=mm&r=g","contentUrl":"https:\/\/secure.gravatar.com\/avatar\/a7358cb406a99b682ec6df1e77e31ae82e63601f6784e8a3df411d72b37864da?s=96&d=mm&r=g","caption":"Leonardo Francisco"},"url":"https:\/\/redenoticiaz.com.br\/litoralsp\/author\/leonardo-francisco"}]}},"_links":{"self":[{"href":"https:\/\/redenoticiaz.com.br\/litoralsp\/wp-json\/wp\/v2\/posts\/12804","targetHints":{"allow":["GET"]}}],"collection":[{"href":"https:\/\/redenoticiaz.com.br\/litoralsp\/wp-json\/wp\/v2\/posts"}],"about":[{"href":"https:\/\/redenoticiaz.com.br\/litoralsp\/wp-json\/wp\/v2\/types\/post"}],"author":[{"embeddable":true,"href":"https:\/\/redenoticiaz.com.br\/litoralsp\/wp-json\/wp\/v2\/users\/6"}],"replies":[{"embeddable":true,"href":"https:\/\/redenoticiaz.com.br\/litoralsp\/wp-json\/wp\/v2\/comments?post=12804"}],"version-history":[{"count":2,"href":"https:\/\/redenoticiaz.com.br\/litoralsp\/wp-json\/wp\/v2\/posts\/12804\/revisions"}],"predecessor-version":[{"id":12807,"href":"https:\/\/redenoticiaz.com.br\/litoralsp\/wp-json\/wp\/v2\/posts\/12804\/revisions\/12807"}],"wp:featuredmedia":[{"embeddable":true,"href":"https:\/\/redenoticiaz.com.br\/litoralsp\/wp-json\/wp\/v2\/media\/12805"}],"wp:attachment":[{"href":"https:\/\/redenoticiaz.com.br\/litoralsp\/wp-json\/wp\/v2\/media?parent=12804"}],"wp:term":[{"taxonomy":"category","embeddable":true,"href":"https:\/\/redenoticiaz.com.br\/litoralsp\/wp-json\/wp\/v2\/categories?post=12804"},{"taxonomy":"post_tag","embeddable":true,"href":"https:\/\/redenoticiaz.com.br\/litoralsp\/wp-json\/wp\/v2\/tags?post=12804"}],"curies":[{"name":"wp","href":"https:\/\/api.w.org\/{rel}","templated":true}]}}