{"id":12808,"date":"2021-08-16T13:20:24","date_gmt":"2021-08-16T16:20:24","guid":{"rendered":"https:\/\/redenoticiaz.com.br\/litoralsp\/?p=12808"},"modified":"2021-08-16T13:20:43","modified_gmt":"2021-08-16T16:20:43","slug":"policia-ambiental-encontra-armas-dentro-de-casa-em-peruibe","status":"publish","type":"post","link":"https:\/\/redenoticiaz.com.br\/litoralsp\/2021\/08\/16\/policia-ambiental-encontra-armas-dentro-de-casa-em-peruibe","title":{"rendered":"Pol\u00edcia Ambiental encontra armas dentro de casa em Peru\u00edbe"},"content":{"rendered":"<p>A Pol\u00edcia Militar Ambiental apreendeu grande quantia de <strong>armas<\/strong> que eram guardadas dentro de uma casa, em <a href=\"http:\/\/www.peruibe.sp.gov.br\/\">Peru\u00edbe<\/a>. Todo o armamento foi apreendido e o dono do im\u00f3vel foi abordado e foi notificado pela equipe.<\/p>\n<p>Segundo informa\u00e7\u00f5es, os policiais receberam uma den\u00fancia de que no local havia desmatamento e ainda haviam armas para a pr\u00e1tica de ca\u00e7a. Ao chegarem no endere\u00e7o citado, a equipe entrou no im\u00f3vel e acompanhados do dono encontraram armas e muni\u00e7\u00f5es.<\/p>\n<p>Ao todo haviam espingarda calibre 36, outra espingarda calibre 32, uma arma de fogo artesanal, um cano de espingarda, cartuchos calibres 32 , 28, 36 e 44 intactos e deflagrados. Al\u00e9m disso, haviam oito frascos de chumbo e outros 2 frascos com p\u00f3lvora, 47 espoletas para cartuchos, quatro socadores de p\u00f3lvora e dois pio para chama de aves silvestres.<\/p>\n<p>Questionado, o homem disse que elas foram herdadas do pai, mas alegou que n\u00e3o fazia o uso dos pertences. Ainda assim tudo foi apreendido e o homem foi detido e autuado.<\/p>\n<div id='gallery-1' class='gallery galleryid-12808 gallery-columns-4 gallery-size-thumbnail'><figure class='gallery-item'>\n\t\t\t<div class='gallery-icon landscape'>\n\t\t\t\t<a href='https:\/\/redenoticiaz.com.br\/litoralsp\/2021\/08\/16\/policia-ambiental-encontra-armas-dentro-de-casa-em-peruibe\/whatsapp-image-2021-08-16-at-11-46-51'><img loading=\"lazy\" decoding=\"async\" width=\"150\" height=\"150\" src=\"https:\/\/redenoticiaz.com.br\/litoralsp\/wp-content\/uploads\/sites\/3\/2021\/08\/whatsapp-image-2021-08-16-at-11-46-51-150x150.jpeg\" class=\"attachment-thumbnail size-thumbnail\" alt=\"Pol\u00edcia Ambiental encontra armas dentro de casa em Peru\u00edbe\" aria-describedby=\"gallery-1-12809\" \/><\/a>\n\t\t\t<\/div>\n\t\t\t\t<figcaption class='wp-caption-text gallery-caption' id='gallery-1-12809'>\n\t\t\t\tCr\u00e9ditos: Divulga\u00e7\u00e3o\/Pol\u00edcia Militar Ambiental.\n\t\t\t\t<\/figcaption><\/figure><figure class='gallery-item'>\n\t\t\t<div class='gallery-icon landscape'>\n\t\t\t\t<a href='https:\/\/redenoticiaz.com.br\/litoralsp\/2021\/08\/16\/policia-ambiental-encontra-armas-dentro-de-casa-em-peruibe\/whatsapp-image-2021-08-16-at-11-46-51-2'><img loading=\"lazy\" decoding=\"async\" width=\"150\" height=\"150\" src=\"https:\/\/redenoticiaz.com.br\/litoralsp\/wp-content\/uploads\/sites\/3\/2021\/08\/whatsapp-image-2021-08-16-at-11-46-51-2-150x150.jpeg\" class=\"attachment-thumbnail size-thumbnail\" alt=\"\" \/><\/a>\n\t\t\t<\/div><\/figure><figure class='gallery-item'>\n\t\t\t<div class='gallery-icon landscape'>\n\t\t\t\t<a href='https:\/\/redenoticiaz.com.br\/litoralsp\/2021\/08\/16\/policia-ambiental-encontra-armas-dentro-de-casa-em-peruibe\/whatsapp-image-2021-08-16-at-11-46-51-1'><img loading=\"lazy\" decoding=\"async\" width=\"150\" height=\"150\" src=\"https:\/\/redenoticiaz.com.br\/litoralsp\/wp-content\/uploads\/sites\/3\/2021\/08\/whatsapp-image-2021-08-16-at-11-46-51-1-150x150.jpeg\" class=\"attachment-thumbnail size-thumbnail\" alt=\"\" \/><\/a>\n\t\t\t<\/div><\/figure><figure class='gallery-item'>\n\t\t\t<div class='gallery-icon landscape'>\n\t\t\t\t<a href='https:\/\/redenoticiaz.com.br\/litoralsp\/2021\/08\/16\/policia-ambiental-encontra-armas-dentro-de-casa-em-peruibe\/whatsapp-image-2021-08-16-at-11-46-50'><img loading=\"lazy\" decoding=\"async\" width=\"150\" height=\"150\" src=\"https:\/\/redenoticiaz.com.br\/litoralsp\/wp-content\/uploads\/sites\/3\/2021\/08\/whatsapp-image-2021-08-16-at-11-46-50-150x150.jpeg\" class=\"attachment-thumbnail size-thumbnail\" alt=\"\" srcset=\"https:\/\/redenoticiaz.com.br\/litoralsp\/wp-content\/uploads\/sites\/3\/2021\/08\/whatsapp-image-2021-08-16-at-11-46-50-150x150.jpeg 150w, https:\/\/redenoticiaz.com.br\/litoralsp\/wp-content\/uploads\/sites\/3\/2021\/08\/whatsapp-image-2021-08-16-at-11-46-50-300x300.jpeg 300w, https:\/\/redenoticiaz.com.br\/litoralsp\/wp-content\/uploads\/sites\/3\/2021\/08\/whatsapp-image-2021-08-16-at-11-46-50-1024x1024.jpeg 1024w, https:\/\/redenoticiaz.com.br\/litoralsp\/wp-content\/uploads\/sites\/3\/2021\/08\/whatsapp-image-2021-08-16-at-11-46-50-768x768.jpeg 768w, https:\/\/redenoticiaz.com.br\/litoralsp\/wp-content\/uploads\/sites\/3\/2021\/08\/whatsapp-image-2021-08-16-at-11-46-50.jpeg 1080w\" sizes=\"auto, (max-width: 150px) 100vw, 150px\" \/><\/a>\n\t\t\t<\/div><\/figure>\n\t\t<\/div>\n\n<p><strong>LEIA TAMB\u00c9M<\/strong><\/p>\n<p><a href=\"https:\/\/redenoticiaz.com.br\/litoralsp\/2021\/08\/15\/pm-encerra-baile-funk-com-mais-de-100-pessoas-aglomeradas-em-juquia\">PM encerra baile funk com mais de 100 pessoas aglomeradas em Juqui\u00e1<\/a><\/p>\n","protected":false},"excerpt":{"rendered":"<p>A Pol\u00edcia Militar Ambiental apreendeu grande quantia de armas que eram guardadas dentro de uma casa, em Peru\u00edbe. Todo o armamento foi apreendido e o dono do im\u00f3vel foi abordado e foi notificado pela equipe. Segundo informa\u00e7\u00f5es, os policiais receberam uma den\u00fancia de que no local havia desmatamento e ainda haviam armas para a pr\u00e1tica &hellip;<\/p>\n","protected":false},"author":6,"featured_media":12809,"comment_status":"open","ping_status":"closed","sticky":false,"template":"","format":"standard","meta":{"footnotes":""},"categories":[1487,185,10],"tags":[9935,30448,1060,4779],"class_list":["post-12808","post","type-post","status-publish","format-standard","has-post-thumbnail","hentry","category-meio-ambiente","category-peruibe","category-policia","tag-apreensoes","tag-armas-e-municoes","tag-peruibe","tag-policia-militar-ambiental"],"yoast_head":"<!-- This site is optimized with the Yoast SEO plugin v27.5 - https:\/\/yoast.com\/product\/yoast-seo-wordpress\/ -->\n<title>Pol\u00edcia Ambiental encontra armas dentro de casa em Peru\u00edbe - Litoral SP<\/title>\n<meta name=\"description\" content=\"Pol\u00edcia Militar Ambiental apreendeu grande quantia de armas que eram guardadas dentro de uma casa, em Peru\u00edbe. Todo o armamento\" \/>\n<meta name=\"robots\" content=\"index, follow, max-snippet:-1, max-image-preview:large, max-video-preview:-1\" \/>\n<link rel=\"canonical\" href=\"https:\/\/redenoticiaz.com.br\/litoralsp\/2021\/08\/16\/policia-ambiental-encontra-armas-dentro-de-casa-em-peruibe\" \/>\n<meta property=\"og:locale\" content=\"pt_BR\" \/>\n<meta property=\"og:type\" content=\"article\" \/>\n<meta property=\"og:title\" content=\"Pol\u00edcia Ambiental encontra armas dentro de casa em Peru\u00edbe - Litoral SP\" \/>\n<meta property=\"og:description\" content=\"Pol\u00edcia Militar Ambiental apreendeu grande quantia de armas que eram guardadas dentro de uma casa, em Peru\u00edbe. Todo o armamento\" \/>\n<meta property=\"og:url\" content=\"https:\/\/redenoticiaz.com.br\/litoralsp\/2021\/08\/16\/policia-ambiental-encontra-armas-dentro-de-casa-em-peruibe\" \/>\n<meta property=\"og:site_name\" content=\"Litoral SP\" \/>\n<meta property=\"article:published_time\" content=\"2021-08-16T16:20:24+00:00\" \/>\n<meta property=\"article:modified_time\" content=\"2021-08-16T16:20:43+00:00\" \/>\n<meta property=\"og:image\" content=\"https:\/\/redenoticiaz.com.br\/litoralsp\/wp-content\/uploads\/sites\/3\/2021\/08\/whatsapp-image-2021-08-16-at-11-46-51.jpeg\" \/>\n\t<meta property=\"og:image:width\" content=\"1599\" \/>\n\t<meta property=\"og:image:height\" content=\"899\" \/>\n\t<meta property=\"og:image:type\" content=\"image\/jpeg\" \/>\n<meta name=\"author\" content=\"Leonardo Francisco\" \/>\n<meta name=\"twitter:card\" content=\"summary_large_image\" \/>\n<meta name=\"twitter:label1\" content=\"Escrito por\" \/>\n\t<meta name=\"twitter:data1\" content=\"Leonardo Francisco\" \/>\n\t<meta name=\"twitter:label2\" content=\"Est. tempo de leitura\" \/>\n\t<meta name=\"twitter:data2\" content=\"1 minuto\" \/>\n<script type=\"application\/ld+json\" class=\"yoast-schema-graph\">{\"@context\":\"https:\\\/\\\/schema.org\",\"@graph\":[{\"@type\":\"Article\",\"@id\":\"https:\\\/\\\/redenoticiaz.com.br\\\/litoralsp\\\/2021\\\/08\\\/16\\\/policia-ambiental-encontra-armas-dentro-de-casa-em-peruibe#article\",\"isPartOf\":{\"@id\":\"https:\\\/\\\/redenoticiaz.com.br\\\/litoralsp\\\/2021\\\/08\\\/16\\\/policia-ambiental-encontra-armas-dentro-de-casa-em-peruibe\"},\"author\":{\"name\":\"Leonardo Francisco\",\"@id\":\"https:\\\/\\\/redenoticiaz.com.br\\\/litoralsp\\\/#\\\/schema\\\/person\\\/0f0b8a5bdafefe82841e07ae8d81ecb3\"},\"headline\":\"Pol\u00edcia Ambiental encontra armas dentro de casa em Peru\u00edbe\",\"datePublished\":\"2021-08-16T16:20:24+00:00\",\"dateModified\":\"2021-08-16T16:20:43+00:00\",\"mainEntityOfPage\":{\"@id\":\"https:\\\/\\\/redenoticiaz.com.br\\\/litoralsp\\\/2021\\\/08\\\/16\\\/policia-ambiental-encontra-armas-dentro-de-casa-em-peruibe\"},\"wordCount\":198,\"commentCount\":0,\"publisher\":{\"@id\":\"https:\\\/\\\/redenoticiaz.com.br\\\/litoralsp\\\/#organization\"},\"image\":{\"@id\":\"https:\\\/\\\/redenoticiaz.com.br\\\/litoralsp\\\/2021\\\/08\\\/16\\\/policia-ambiental-encontra-armas-dentro-de-casa-em-peruibe#primaryimage\"},\"thumbnailUrl\":\"https:\\\/\\\/redenoticiaz.com.br\\\/litoralsp\\\/wp-content\\\/uploads\\\/sites\\\/3\\\/2021\\\/08\\\/whatsapp-image-2021-08-16-at-11-46-51.jpeg\",\"keywords\":[\"APREENS\u00d5ES\",\"ARMAS E MUNI\u00c7\u00d5ES\",\"PERU\u00cdBE\",\"Pol\u00edcia Militar Ambiental\"],\"articleSection\":[\"Meio Ambiente\",\"Peru\u00edbe\",\"Pol\u00edcia\"],\"inLanguage\":\"pt-BR\",\"potentialAction\":[{\"@type\":\"CommentAction\",\"name\":\"Comment\",\"target\":[\"https:\\\/\\\/redenoticiaz.com.br\\\/litoralsp\\\/2021\\\/08\\\/16\\\/policia-ambiental-encontra-armas-dentro-de-casa-em-peruibe#respond\"]}]},{\"@type\":\"WebPage\",\"@id\":\"https:\\\/\\\/redenoticiaz.com.br\\\/litoralsp\\\/2021\\\/08\\\/16\\\/policia-ambiental-encontra-armas-dentro-de-casa-em-peruibe\",\"url\":\"https:\\\/\\\/redenoticiaz.com.br\\\/litoralsp\\\/2021\\\/08\\\/16\\\/policia-ambiental-encontra-armas-dentro-de-casa-em-peruibe\",\"name\":\"Pol\u00edcia Ambiental encontra armas dentro de casa em Peru\u00edbe - Litoral SP\",\"isPartOf\":{\"@id\":\"https:\\\/\\\/redenoticiaz.com.br\\\/litoralsp\\\/#website\"},\"primaryImageOfPage\":{\"@id\":\"https:\\\/\\\/redenoticiaz.com.br\\\/litoralsp\\\/2021\\\/08\\\/16\\\/policia-ambiental-encontra-armas-dentro-de-casa-em-peruibe#primaryimage\"},\"image\":{\"@id\":\"https:\\\/\\\/redenoticiaz.com.br\\\/litoralsp\\\/2021\\\/08\\\/16\\\/policia-ambiental-encontra-armas-dentro-de-casa-em-peruibe#primaryimage\"},\"thumbnailUrl\":\"https:\\\/\\\/redenoticiaz.com.br\\\/litoralsp\\\/wp-content\\\/uploads\\\/sites\\\/3\\\/2021\\\/08\\\/whatsapp-image-2021-08-16-at-11-46-51.jpeg\",\"datePublished\":\"2021-08-16T16:20:24+00:00\",\"dateModified\":\"2021-08-16T16:20:43+00:00\",\"description\":\"Pol\u00edcia Militar Ambiental apreendeu grande quantia de armas que eram guardadas dentro de uma casa, em Peru\u00edbe. Todo o armamento\",\"inLanguage\":\"pt-BR\",\"potentialAction\":[{\"@type\":\"ReadAction\",\"target\":[\"https:\\\/\\\/redenoticiaz.com.br\\\/litoralsp\\\/2021\\\/08\\\/16\\\/policia-ambiental-encontra-armas-dentro-de-casa-em-peruibe\"]}]},{\"@type\":\"ImageObject\",\"inLanguage\":\"pt-BR\",\"@id\":\"https:\\\/\\\/redenoticiaz.com.br\\\/litoralsp\\\/2021\\\/08\\\/16\\\/policia-ambiental-encontra-armas-dentro-de-casa-em-peruibe#primaryimage\",\"url\":\"https:\\\/\\\/redenoticiaz.com.br\\\/litoralsp\\\/wp-content\\\/uploads\\\/sites\\\/3\\\/2021\\\/08\\\/whatsapp-image-2021-08-16-at-11-46-51.jpeg\",\"contentUrl\":\"https:\\\/\\\/redenoticiaz.com.br\\\/litoralsp\\\/wp-content\\\/uploads\\\/sites\\\/3\\\/2021\\\/08\\\/whatsapp-image-2021-08-16-at-11-46-51.jpeg\",\"width\":1599,\"height\":899,\"caption\":\"Cr\u00e9ditos: Divulga\u00e7\u00e3o\\\/Pol\u00edcia Militar Ambiental.\"},{\"@type\":\"WebSite\",\"@id\":\"https:\\\/\\\/redenoticiaz.com.br\\\/litoralsp\\\/#website\",\"url\":\"https:\\\/\\\/redenoticiaz.com.br\\\/litoralsp\\\/\",\"name\":\"Litoral SP\",\"description\":\"Rede NoticiaZ\",\"publisher\":{\"@id\":\"https:\\\/\\\/redenoticiaz.com.br\\\/litoralsp\\\/#organization\"},\"potentialAction\":[{\"@type\":\"SearchAction\",\"target\":{\"@type\":\"EntryPoint\",\"urlTemplate\":\"https:\\\/\\\/redenoticiaz.com.br\\\/litoralsp\\\/?s={search_term_string}\"},\"query-input\":{\"@type\":\"PropertyValueSpecification\",\"valueRequired\":true,\"valueName\":\"search_term_string\"}}],\"inLanguage\":\"pt-BR\"},{\"@type\":\"Organization\",\"@id\":\"https:\\\/\\\/redenoticiaz.com.br\\\/litoralsp\\\/#organization\",\"name\":\"Litoral SP\",\"url\":\"https:\\\/\\\/redenoticiaz.com.br\\\/litoralsp\\\/\",\"logo\":{\"@type\":\"ImageObject\",\"inLanguage\":\"pt-BR\",\"@id\":\"https:\\\/\\\/redenoticiaz.com.br\\\/litoralsp\\\/#\\\/schema\\\/logo\\\/image\\\/\",\"url\":\"https:\\\/\\\/redenoticiaz.com.br\\\/litoralsp\\\/wp-content\\\/uploads\\\/sites\\\/3\\\/2020\\\/11\\\/logo.jpg\",\"contentUrl\":\"https:\\\/\\\/redenoticiaz.com.br\\\/litoralsp\\\/wp-content\\\/uploads\\\/sites\\\/3\\\/2020\\\/11\\\/logo.jpg\",\"width\":400,\"height\":250,\"caption\":\"Litoral SP\"},\"image\":{\"@id\":\"https:\\\/\\\/redenoticiaz.com.br\\\/litoralsp\\\/#\\\/schema\\\/logo\\\/image\\\/\"}},{\"@type\":\"Person\",\"@id\":\"https:\\\/\\\/redenoticiaz.com.br\\\/litoralsp\\\/#\\\/schema\\\/person\\\/0f0b8a5bdafefe82841e07ae8d81ecb3\",\"name\":\"Leonardo Francisco\",\"image\":{\"@type\":\"ImageObject\",\"inLanguage\":\"pt-BR\",\"@id\":\"https:\\\/\\\/secure.gravatar.com\\\/avatar\\\/a7358cb406a99b682ec6df1e77e31ae82e63601f6784e8a3df411d72b37864da?s=96&d=mm&r=g\",\"url\":\"https:\\\/\\\/secure.gravatar.com\\\/avatar\\\/a7358cb406a99b682ec6df1e77e31ae82e63601f6784e8a3df411d72b37864da?s=96&d=mm&r=g\",\"contentUrl\":\"https:\\\/\\\/secure.gravatar.com\\\/avatar\\\/a7358cb406a99b682ec6df1e77e31ae82e63601f6784e8a3df411d72b37864da?s=96&d=mm&r=g\",\"caption\":\"Leonardo Francisco\"},\"url\":\"https:\\\/\\\/redenoticiaz.com.br\\\/litoralsp\\\/author\\\/leonardo-francisco\"}]}<\/script>\n<!-- \/ Yoast SEO plugin. -->","yoast_head_json":{"title":"Pol\u00edcia Ambiental encontra armas dentro de casa em Peru\u00edbe - Litoral SP","description":"Pol\u00edcia Militar Ambiental apreendeu grande quantia de armas que eram guardadas dentro de uma casa, em Peru\u00edbe. Todo o armamento","robots":{"index":"index","follow":"follow","max-snippet":"max-snippet:-1","max-image-preview":"max-image-preview:large","max-video-preview":"max-video-preview:-1"},"canonical":"https:\/\/redenoticiaz.com.br\/litoralsp\/2021\/08\/16\/policia-ambiental-encontra-armas-dentro-de-casa-em-peruibe","og_locale":"pt_BR","og_type":"article","og_title":"Pol\u00edcia Ambiental encontra armas dentro de casa em Peru\u00edbe - Litoral SP","og_description":"Pol\u00edcia Militar Ambiental apreendeu grande quantia de armas que eram guardadas dentro de uma casa, em Peru\u00edbe. Todo o armamento","og_url":"https:\/\/redenoticiaz.com.br\/litoralsp\/2021\/08\/16\/policia-ambiental-encontra-armas-dentro-de-casa-em-peruibe","og_site_name":"Litoral SP","article_published_time":"2021-08-16T16:20:24+00:00","article_modified_time":"2021-08-16T16:20:43+00:00","og_image":[{"width":1599,"height":899,"url":"https:\/\/redenoticiaz.com.br\/litoralsp\/wp-content\/uploads\/sites\/3\/2021\/08\/whatsapp-image-2021-08-16-at-11-46-51.jpeg","type":"image\/jpeg"}],"author":"Leonardo Francisco","twitter_card":"summary_large_image","twitter_misc":{"Escrito por":"Leonardo Francisco","Est. tempo de leitura":"1 minuto"},"schema":{"@context":"https:\/\/schema.org","@graph":[{"@type":"Article","@id":"https:\/\/redenoticiaz.com.br\/litoralsp\/2021\/08\/16\/policia-ambiental-encontra-armas-dentro-de-casa-em-peruibe#article","isPartOf":{"@id":"https:\/\/redenoticiaz.com.br\/litoralsp\/2021\/08\/16\/policia-ambiental-encontra-armas-dentro-de-casa-em-peruibe"},"author":{"name":"Leonardo Francisco","@id":"https:\/\/redenoticiaz.com.br\/litoralsp\/#\/schema\/person\/0f0b8a5bdafefe82841e07ae8d81ecb3"},"headline":"Pol\u00edcia Ambiental encontra armas dentro de casa em Peru\u00edbe","datePublished":"2021-08-16T16:20:24+00:00","dateModified":"2021-08-16T16:20:43+00:00","mainEntityOfPage":{"@id":"https:\/\/redenoticiaz.com.br\/litoralsp\/2021\/08\/16\/policia-ambiental-encontra-armas-dentro-de-casa-em-peruibe"},"wordCount":198,"commentCount":0,"publisher":{"@id":"https:\/\/redenoticiaz.com.br\/litoralsp\/#organization"},"image":{"@id":"https:\/\/redenoticiaz.com.br\/litoralsp\/2021\/08\/16\/policia-ambiental-encontra-armas-dentro-de-casa-em-peruibe#primaryimage"},"thumbnailUrl":"https:\/\/redenoticiaz.com.br\/litoralsp\/wp-content\/uploads\/sites\/3\/2021\/08\/whatsapp-image-2021-08-16-at-11-46-51.jpeg","keywords":["APREENS\u00d5ES","ARMAS E MUNI\u00c7\u00d5ES","PERU\u00cdBE","Pol\u00edcia Militar Ambiental"],"articleSection":["Meio Ambiente","Peru\u00edbe","Pol\u00edcia"],"inLanguage":"pt-BR","potentialAction":[{"@type":"CommentAction","name":"Comment","target":["https:\/\/redenoticiaz.com.br\/litoralsp\/2021\/08\/16\/policia-ambiental-encontra-armas-dentro-de-casa-em-peruibe#respond"]}]},{"@type":"WebPage","@id":"https:\/\/redenoticiaz.com.br\/litoralsp\/2021\/08\/16\/policia-ambiental-encontra-armas-dentro-de-casa-em-peruibe","url":"https:\/\/redenoticiaz.com.br\/litoralsp\/2021\/08\/16\/policia-ambiental-encontra-armas-dentro-de-casa-em-peruibe","name":"Pol\u00edcia Ambiental encontra armas dentro de casa em Peru\u00edbe - Litoral SP","isPartOf":{"@id":"https:\/\/redenoticiaz.com.br\/litoralsp\/#website"},"primaryImageOfPage":{"@id":"https:\/\/redenoticiaz.com.br\/litoralsp\/2021\/08\/16\/policia-ambiental-encontra-armas-dentro-de-casa-em-peruibe#primaryimage"},"image":{"@id":"https:\/\/redenoticiaz.com.br\/litoralsp\/2021\/08\/16\/policia-ambiental-encontra-armas-dentro-de-casa-em-peruibe#primaryimage"},"thumbnailUrl":"https:\/\/redenoticiaz.com.br\/litoralsp\/wp-content\/uploads\/sites\/3\/2021\/08\/whatsapp-image-2021-08-16-at-11-46-51.jpeg","datePublished":"2021-08-16T16:20:24+00:00","dateModified":"2021-08-16T16:20:43+00:00","description":"Pol\u00edcia Militar Ambiental apreendeu grande quantia de armas que eram guardadas dentro de uma casa, em Peru\u00edbe. Todo o armamento","inLanguage":"pt-BR","potentialAction":[{"@type":"ReadAction","target":["https:\/\/redenoticiaz.com.br\/litoralsp\/2021\/08\/16\/policia-ambiental-encontra-armas-dentro-de-casa-em-peruibe"]}]},{"@type":"ImageObject","inLanguage":"pt-BR","@id":"https:\/\/redenoticiaz.com.br\/litoralsp\/2021\/08\/16\/policia-ambiental-encontra-armas-dentro-de-casa-em-peruibe#primaryimage","url":"https:\/\/redenoticiaz.com.br\/litoralsp\/wp-content\/uploads\/sites\/3\/2021\/08\/whatsapp-image-2021-08-16-at-11-46-51.jpeg","contentUrl":"https:\/\/redenoticiaz.com.br\/litoralsp\/wp-content\/uploads\/sites\/3\/2021\/08\/whatsapp-image-2021-08-16-at-11-46-51.jpeg","width":1599,"height":899,"caption":"Cr\u00e9ditos: Divulga\u00e7\u00e3o\/Pol\u00edcia Militar Ambiental."},{"@type":"WebSite","@id":"https:\/\/redenoticiaz.com.br\/litoralsp\/#website","url":"https:\/\/redenoticiaz.com.br\/litoralsp\/","name":"Litoral SP","description":"Rede NoticiaZ","publisher":{"@id":"https:\/\/redenoticiaz.com.br\/litoralsp\/#organization"},"potentialAction":[{"@type":"SearchAction","target":{"@type":"EntryPoint","urlTemplate":"https:\/\/redenoticiaz.com.br\/litoralsp\/?s={search_term_string}"},"query-input":{"@type":"PropertyValueSpecification","valueRequired":true,"valueName":"search_term_string"}}],"inLanguage":"pt-BR"},{"@type":"Organization","@id":"https:\/\/redenoticiaz.com.br\/litoralsp\/#organization","name":"Litoral SP","url":"https:\/\/redenoticiaz.com.br\/litoralsp\/","logo":{"@type":"ImageObject","inLanguage":"pt-BR","@id":"https:\/\/redenoticiaz.com.br\/litoralsp\/#\/schema\/logo\/image\/","url":"https:\/\/redenoticiaz.com.br\/litoralsp\/wp-content\/uploads\/sites\/3\/2020\/11\/logo.jpg","contentUrl":"https:\/\/redenoticiaz.com.br\/litoralsp\/wp-content\/uploads\/sites\/3\/2020\/11\/logo.jpg","width":400,"height":250,"caption":"Litoral SP"},"image":{"@id":"https:\/\/redenoticiaz.com.br\/litoralsp\/#\/schema\/logo\/image\/"}},{"@type":"Person","@id":"https:\/\/redenoticiaz.com.br\/litoralsp\/#\/schema\/person\/0f0b8a5bdafefe82841e07ae8d81ecb3","name":"Leonardo Francisco","image":{"@type":"ImageObject","inLanguage":"pt-BR","@id":"https:\/\/secure.gravatar.com\/avatar\/a7358cb406a99b682ec6df1e77e31ae82e63601f6784e8a3df411d72b37864da?s=96&d=mm&r=g","url":"https:\/\/secure.gravatar.com\/avatar\/a7358cb406a99b682ec6df1e77e31ae82e63601f6784e8a3df411d72b37864da?s=96&d=mm&r=g","contentUrl":"https:\/\/secure.gravatar.com\/avatar\/a7358cb406a99b682ec6df1e77e31ae82e63601f6784e8a3df411d72b37864da?s=96&d=mm&r=g","caption":"Leonardo Francisco"},"url":"https:\/\/redenoticiaz.com.br\/litoralsp\/author\/leonardo-francisco"}]}},"_links":{"self":[{"href":"https:\/\/redenoticiaz.com.br\/litoralsp\/wp-json\/wp\/v2\/posts\/12808","targetHints":{"allow":["GET"]}}],"collection":[{"href":"https:\/\/redenoticiaz.com.br\/litoralsp\/wp-json\/wp\/v2\/posts"}],"about":[{"href":"https:\/\/redenoticiaz.com.br\/litoralsp\/wp-json\/wp\/v2\/types\/post"}],"author":[{"embeddable":true,"href":"https:\/\/redenoticiaz.com.br\/litoralsp\/wp-json\/wp\/v2\/users\/6"}],"replies":[{"embeddable":true,"href":"https:\/\/redenoticiaz.com.br\/litoralsp\/wp-json\/wp\/v2\/comments?post=12808"}],"version-history":[{"count":1,"href":"https:\/\/redenoticiaz.com.br\/litoralsp\/wp-json\/wp\/v2\/posts\/12808\/revisions"}],"predecessor-version":[{"id":12813,"href":"https:\/\/redenoticiaz.com.br\/litoralsp\/wp-json\/wp\/v2\/posts\/12808\/revisions\/12813"}],"wp:featuredmedia":[{"embeddable":true,"href":"https:\/\/redenoticiaz.com.br\/litoralsp\/wp-json\/wp\/v2\/media\/12809"}],"wp:attachment":[{"href":"https:\/\/redenoticiaz.com.br\/litoralsp\/wp-json\/wp\/v2\/media?parent=12808"}],"wp:term":[{"taxonomy":"category","embeddable":true,"href":"https:\/\/redenoticiaz.com.br\/litoralsp\/wp-json\/wp\/v2\/categories?post=12808"},{"taxonomy":"post_tag","embeddable":true,"href":"https:\/\/redenoticiaz.com.br\/litoralsp\/wp-json\/wp\/v2\/tags?post=12808"}],"curies":[{"name":"wp","href":"https:\/\/api.w.org\/{rel}","templated":true}]}}