{"id":12844,"date":"2021-08-17T12:23:12","date_gmt":"2021-08-17T15:23:12","guid":{"rendered":"https:\/\/redenoticiaz.com.br\/litoralsp\/2021\/08\/17\/taliba-levanta-a-bandeira-da-paz-e-anuncia-anistia-geral-no-afeganistao"},"modified":"2021-08-17T12:28:29","modified_gmt":"2021-08-17T15:28:29","slug":"taliba-levanta-a-bandeira-da-paz-e-anuncia-anistia-geral-no-afeganistao","status":"publish","type":"post","link":"https:\/\/redenoticiaz.com.br\/litoralsp\/2021\/08\/17\/taliba-levanta-a-bandeira-da-paz-e-anuncia-anistia-geral-no-afeganistao","title":{"rendered":"Talib\u00e3 levanta a bandeira da paz e anuncia &#8220;anistia geral&#8221; no Afeganist\u00e3o"},"content":{"rendered":"<p>A volta do <strong>Talib\u00e3<\/strong> ao governo do <a href=\"https:\/\/pt.wikipedia.org\/wiki\/Afeganist%C3%A3o\">Afeganist\u00e3o<\/a> provocou p\u00e2nico \u00e0 toda a popula\u00e7\u00e3o, especialmente para as mulheres e crian\u00e7as. Mas o grupo garante que mudou a postura, que n\u00e3o est\u00e1 t\u00e3o repreensivo e busca a normalidade. Para isso uma &#8220;anistia geral&#8221; foi anunciada nesta ter\u00e7a-feira (17). \u00c9 um sinal de bandeira branca.<\/p>\n<p>De acordo com o Talib\u00e3, todos &#8220;devem retomar sua vida cotidiana com total confian\u00e7a&#8221; e pediram aos funcion\u00e1rios p\u00fablicos que voltem a trabalhar normalmente.<\/p>\n<div class=\"mc-column content-text active-extra-styles \" data-block-type=\"unstyled\" data-block-weight=\"40\" data-block-id=\"4\">\n<p class=\"content-text__container \" data-track-category=\"Link no Texto\" data-track-links=\"\"><span class=\"highlight highlighted\">O Talib\u00e3 est\u00e1 tentando se mostrar como mais moderado do que quando comandou o pa\u00eds, entre 1996 e 2001. Na ocasi\u00e3o, foi<\/span> adotada uma vis\u00e3o extremamente rigorosa da lei isl\u00e2mica, impondo restri\u00e7\u00f5es sobretudo \u00e0s mulheres, que eram impedidas de trabalhar e estudar.<\/p>\n<p data-track-category=\"Link no Texto\" data-track-links=\"\">Como parte deste esfor\u00e7o,\u00a0<span class=\"highlight highlighted\">um porta-voz do Talib\u00e3 foi entrevistado nesta ter\u00e7a por uma apresentadora mulher, sem burca, na rede de televis\u00e3o Tolo News<\/span>. \u201cO mundo inteiro agora reconhece que os talib\u00e3s s\u00e3o os verdadeiros governantes do pa\u00eds\u201d, disse Beheshta Arghand \u00e0 apresentadora Mawlawi Abdulhaq Hemad, segundo o jornal americano &#8220;The New York Times&#8221;. &#8220;Estou surpreso que as pessoas tenham medo do Talib\u00e3&#8221;.<\/p>\n<h3 data-track-category=\"Link no Texto\">D\u00favidas e inseguran\u00e7as continuam<\/h3>\n<p>Mesmo com este an\u00fancio e promessas de um governo mais pac\u00edfico, os afeg\u00e3os e a comunidade internacional ainda seguem com d\u00favidas e inseguros. <span class=\"highlight highlighted\">Os mais velhos se lembram das vis\u00f5es isl\u00e2micas ultraconservadoras que tamb\u00e9m inclu\u00edam apedrejamentos, amputa\u00e7\u00f5es e execu\u00e7\u00f5es p\u00fablicas<\/span>.<\/p>\n<div class=\"mc-column content-text active-extra-styles \" data-block-type=\"unstyled\" data-block-weight=\"40\" data-block-id=\"14\">\n<p class=\"content-text__container \" data-track-category=\"Link no Texto\" data-track-links=\"\">Enamullah Samangani, membro da comiss\u00e3o cultural do Talib\u00e3, afirmou que o novo governo &#8220;n\u00e3o quer que as mulheres sejam v\u00edtimas&#8221;. &#8220;Elas deveriam estar na estrutura governamental de acordo com a lei sharia&#8221; (sem especificar como a lei isl\u00e2mica seria interpretada).<\/p>\n<\/div>\n<div class=\"mc-column content-text active-extra-styles \" data-block-type=\"unstyled\" data-block-weight=\"43\" data-block-id=\"15\">\n<p class=\"content-text__container \" data-track-category=\"Link no Texto\" data-track-links=\"\">Outros l\u00edderes talib\u00e3s j\u00e1 disseram que n\u00e3o buscar\u00e3o vingan\u00e7a contra aqueles que trabalharam para o governo afeg\u00e3o ou pa\u00edses estrangeiros.\u00a0<span class=\"highlight highlighted\">Mas algumas pessoas dizem que os extremistas t\u00eam listas de pessoas que cooperaram com o governo e est\u00e3o procurando por elas em\u00a0<\/span><span class=\"highlight highlighted\">Cabul<\/span>.<\/p>\n<\/div>\n<div class=\"mc-column content-text active-extra-styles \" data-block-type=\"unstyled\" data-block-weight=\"32\" data-block-id=\"16\">\n<p class=\"content-text__container \" data-track-category=\"Link no Texto\" data-track-links=\"\">Rupert Colville, porta-voz do alto comiss\u00e1rio das Na\u00e7\u00f5es Unidas para direitos humanos (Acnur), afirmou em um comunicado que &#8220;essas promessas precisar\u00e3o ser honradas&#8221; e que, por enquanto, &#8220;foram recebidas com algum ceticismo&#8221;.<\/p>\n<p data-track-category=\"Link no Texto\" data-track-links=\"\">&#8220;Houve muitos avan\u00e7os duramente conquistados em direitos humanos nas \u00faltimas duas d\u00e9cadas. Os direitos de todos os afeg\u00e3os devem ser defendidos&#8221;, disse o porta-voz da Acnur.<\/p>\n<h3 data-track-category=\"Link no Texto\">Busca da &#8216;normalidade&#8217;<\/h3>\n<p>Ainda em meio a d\u00favidas, o Afeganist\u00e3o tenta retomar a uma vida normal e mais tranquila. As lojas reabriram, o tr\u00e1fego era intenso e as pessoas voltaram \u00e0s ruas da capital.<\/p>\n<div class=\"mc-column content-text active-extra-styles \" data-block-type=\"unstyled\" data-block-weight=\"31\" data-block-id=\"22\">\n<p class=\"content-text__container \" data-track-category=\"Link no Texto\" data-track-links=\"\"><span class=\"highlight highlighted\">Mas ainda h\u00e1 pessoas que t\u00eam medo, principalmente as mulheres. A maioria delas evitam sair \u00e0s ruas<\/span>. Talib\u00e3s est\u00e3o organizando o fluxo de ve\u00edculos e instauraram postos de controle na cidade.<\/p>\n<p data-track-category=\"Link no Texto\" data-track-links=\"\"><strong>LEIA TAMB\u00c9M<\/strong><\/p>\n<p data-track-category=\"Link no Texto\" data-track-links=\"\"><a href=\"https:\/\/redenoticiaz.com.br\/blog\/2021\/08\/16\/video-multidao-tenta-entrar-em-avioes-para-deixar-o-afeganistao\">V\u00cdDEO \u2013 Multid\u00e3o tenta entrar em avi\u00f5es para deixar o Afeganist\u00e3o<\/a><\/p>\n<\/div>\n<\/div>\n<\/div>\n","protected":false},"excerpt":{"rendered":"<p>A volta do Talib\u00e3 ao governo do Afeganist\u00e3o provocou p\u00e2nico \u00e0 toda a popula\u00e7\u00e3o, especialmente para as mulheres e crian\u00e7as. Mas o grupo garante que mudou a postura, que n\u00e3o est\u00e1 t\u00e3o repreensivo e busca a normalidade. Para isso uma &#8220;anistia geral&#8221; foi anunciada nesta ter\u00e7a-feira (17). \u00c9 um sinal de bandeira branca. De acordo &hellip;<\/p>\n","protected":false},"author":6,"featured_media":12845,"comment_status":"open","ping_status":"closed","sticky":false,"template":"","format":"standard","meta":{"footnotes":""},"categories":[84],"tags":[30401,30502,12353,30503,30404],"class_list":["post-12844","post","type-post","status-publish","format-standard","has-post-thumbnail","hentry","category-mundo","tag-afeganistao","tag-anistia-geral","tag-mulheres","tag-pedido-de-paz","tag-taliba"],"yoast_head":"<!-- This site is optimized with the Yoast SEO plugin v27.5 - https:\/\/yoast.com\/product\/yoast-seo-wordpress\/ -->\n<title>Talib\u00e3 levanta a bandeira da paz e anuncia &quot;anistia geral&quot; no Afeganist\u00e3o - Litoral SP<\/title>\n<meta name=\"description\" content=\"A volta do Talib\u00e3 ao governo do Afeganist\u00e3o provocou p\u00e2nico \u00e0 toda a popula\u00e7\u00e3o, especialmente para as mulheres e crian\u00e7as. Mas\" \/>\n<meta name=\"robots\" content=\"index, follow, max-snippet:-1, max-image-preview:large, max-video-preview:-1\" \/>\n<link rel=\"canonical\" href=\"https:\/\/redenoticiaz.com.br\/litoralsp\/2021\/08\/17\/taliba-levanta-a-bandeira-da-paz-e-anuncia-anistia-geral-no-afeganistao\" \/>\n<meta property=\"og:locale\" content=\"pt_BR\" \/>\n<meta property=\"og:type\" content=\"article\" \/>\n<meta property=\"og:title\" content=\"Talib\u00e3 levanta a bandeira da paz e anuncia &quot;anistia geral&quot; no Afeganist\u00e3o - Litoral SP\" \/>\n<meta property=\"og:description\" content=\"A volta do Talib\u00e3 ao governo do Afeganist\u00e3o provocou p\u00e2nico \u00e0 toda a popula\u00e7\u00e3o, especialmente para as mulheres e crian\u00e7as. Mas\" \/>\n<meta property=\"og:url\" content=\"https:\/\/redenoticiaz.com.br\/litoralsp\/2021\/08\/17\/taliba-levanta-a-bandeira-da-paz-e-anuncia-anistia-geral-no-afeganistao\" \/>\n<meta property=\"og:site_name\" content=\"Litoral SP\" \/>\n<meta property=\"article:published_time\" content=\"2021-08-17T15:23:12+00:00\" \/>\n<meta property=\"article:modified_time\" content=\"2021-08-17T15:28:29+00:00\" \/>\n<meta property=\"og:image\" content=\"https:\/\/redenoticiaz.com.br\/litoralsp\/wp-content\/uploads\/sites\/3\/2021\/08\/119907841_301f5ec7-23e5-4ca1-8d11-27b602016281.jpg\" \/>\n\t<meta property=\"og:image:width\" content=\"640\" \/>\n\t<meta property=\"og:image:height\" content=\"360\" \/>\n\t<meta property=\"og:image:type\" content=\"image\/jpeg\" \/>\n<meta name=\"author\" content=\"Leonardo Francisco\" \/>\n<meta name=\"twitter:card\" content=\"summary_large_image\" \/>\n<meta name=\"twitter:label1\" content=\"Escrito por\" \/>\n\t<meta name=\"twitter:data1\" content=\"Leonardo Francisco\" \/>\n\t<meta name=\"twitter:label2\" content=\"Est. tempo de leitura\" \/>\n\t<meta name=\"twitter:data2\" content=\"3 minutos\" \/>\n<script type=\"application\/ld+json\" class=\"yoast-schema-graph\">{\"@context\":\"https:\\\/\\\/schema.org\",\"@graph\":[{\"@type\":\"Article\",\"@id\":\"https:\\\/\\\/redenoticiaz.com.br\\\/litoralsp\\\/2021\\\/08\\\/17\\\/taliba-levanta-a-bandeira-da-paz-e-anuncia-anistia-geral-no-afeganistao#article\",\"isPartOf\":{\"@id\":\"https:\\\/\\\/redenoticiaz.com.br\\\/litoralsp\\\/2021\\\/08\\\/17\\\/taliba-levanta-a-bandeira-da-paz-e-anuncia-anistia-geral-no-afeganistao\"},\"author\":{\"name\":\"Leonardo Francisco\",\"@id\":\"https:\\\/\\\/redenoticiaz.com.br\\\/litoralsp\\\/#\\\/schema\\\/person\\\/0f0b8a5bdafefe82841e07ae8d81ecb3\"},\"headline\":\"Talib\u00e3 levanta a bandeira da paz e anuncia &#8220;anistia geral&#8221; no Afeganist\u00e3o\",\"datePublished\":\"2021-08-17T15:23:12+00:00\",\"dateModified\":\"2021-08-17T15:28:29+00:00\",\"mainEntityOfPage\":{\"@id\":\"https:\\\/\\\/redenoticiaz.com.br\\\/litoralsp\\\/2021\\\/08\\\/17\\\/taliba-levanta-a-bandeira-da-paz-e-anuncia-anistia-geral-no-afeganistao\"},\"wordCount\":516,\"commentCount\":0,\"publisher\":{\"@id\":\"https:\\\/\\\/redenoticiaz.com.br\\\/litoralsp\\\/#organization\"},\"image\":{\"@id\":\"https:\\\/\\\/redenoticiaz.com.br\\\/litoralsp\\\/2021\\\/08\\\/17\\\/taliba-levanta-a-bandeira-da-paz-e-anuncia-anistia-geral-no-afeganistao#primaryimage\"},\"thumbnailUrl\":\"https:\\\/\\\/redenoticiaz.com.br\\\/litoralsp\\\/wp-content\\\/uploads\\\/sites\\\/3\\\/2021\\\/08\\\/119907841_301f5ec7-23e5-4ca1-8d11-27b602016281.jpg\",\"keywords\":[\"AFEGANIST\u00c3O\",\"ANISTIA GERAL\",\"MULHERES\",\"PEDIDO DE PAZ\",\"TALIB\u00c3\"],\"articleSection\":[\"Mundo\"],\"inLanguage\":\"pt-BR\",\"potentialAction\":[{\"@type\":\"CommentAction\",\"name\":\"Comment\",\"target\":[\"https:\\\/\\\/redenoticiaz.com.br\\\/litoralsp\\\/2021\\\/08\\\/17\\\/taliba-levanta-a-bandeira-da-paz-e-anuncia-anistia-geral-no-afeganistao#respond\"]}]},{\"@type\":\"WebPage\",\"@id\":\"https:\\\/\\\/redenoticiaz.com.br\\\/litoralsp\\\/2021\\\/08\\\/17\\\/taliba-levanta-a-bandeira-da-paz-e-anuncia-anistia-geral-no-afeganistao\",\"url\":\"https:\\\/\\\/redenoticiaz.com.br\\\/litoralsp\\\/2021\\\/08\\\/17\\\/taliba-levanta-a-bandeira-da-paz-e-anuncia-anistia-geral-no-afeganistao\",\"name\":\"Talib\u00e3 levanta a bandeira da paz e anuncia \\\"anistia geral\\\" no Afeganist\u00e3o - Litoral SP\",\"isPartOf\":{\"@id\":\"https:\\\/\\\/redenoticiaz.com.br\\\/litoralsp\\\/#website\"},\"primaryImageOfPage\":{\"@id\":\"https:\\\/\\\/redenoticiaz.com.br\\\/litoralsp\\\/2021\\\/08\\\/17\\\/taliba-levanta-a-bandeira-da-paz-e-anuncia-anistia-geral-no-afeganistao#primaryimage\"},\"image\":{\"@id\":\"https:\\\/\\\/redenoticiaz.com.br\\\/litoralsp\\\/2021\\\/08\\\/17\\\/taliba-levanta-a-bandeira-da-paz-e-anuncia-anistia-geral-no-afeganistao#primaryimage\"},\"thumbnailUrl\":\"https:\\\/\\\/redenoticiaz.com.br\\\/litoralsp\\\/wp-content\\\/uploads\\\/sites\\\/3\\\/2021\\\/08\\\/119907841_301f5ec7-23e5-4ca1-8d11-27b602016281.jpg\",\"datePublished\":\"2021-08-17T15:23:12+00:00\",\"dateModified\":\"2021-08-17T15:28:29+00:00\",\"description\":\"A volta do Talib\u00e3 ao governo do Afeganist\u00e3o provocou p\u00e2nico \u00e0 toda a popula\u00e7\u00e3o, especialmente para as mulheres e crian\u00e7as. Mas\",\"inLanguage\":\"pt-BR\",\"potentialAction\":[{\"@type\":\"ReadAction\",\"target\":[\"https:\\\/\\\/redenoticiaz.com.br\\\/litoralsp\\\/2021\\\/08\\\/17\\\/taliba-levanta-a-bandeira-da-paz-e-anuncia-anistia-geral-no-afeganistao\"]}]},{\"@type\":\"ImageObject\",\"inLanguage\":\"pt-BR\",\"@id\":\"https:\\\/\\\/redenoticiaz.com.br\\\/litoralsp\\\/2021\\\/08\\\/17\\\/taliba-levanta-a-bandeira-da-paz-e-anuncia-anistia-geral-no-afeganistao#primaryimage\",\"url\":\"https:\\\/\\\/redenoticiaz.com.br\\\/litoralsp\\\/wp-content\\\/uploads\\\/sites\\\/3\\\/2021\\\/08\\\/119907841_301f5ec7-23e5-4ca1-8d11-27b602016281.jpg\",\"contentUrl\":\"https:\\\/\\\/redenoticiaz.com.br\\\/litoralsp\\\/wp-content\\\/uploads\\\/sites\\\/3\\\/2021\\\/08\\\/119907841_301f5ec7-23e5-4ca1-8d11-27b602016281.jpg\",\"width\":640,\"height\":360,\"caption\":\"Cr\u00e9ditos: Divulga\u00e7\u00e3o\\\/AFP.\"},{\"@type\":\"WebSite\",\"@id\":\"https:\\\/\\\/redenoticiaz.com.br\\\/litoralsp\\\/#website\",\"url\":\"https:\\\/\\\/redenoticiaz.com.br\\\/litoralsp\\\/\",\"name\":\"Litoral SP\",\"description\":\"Rede NoticiaZ\",\"publisher\":{\"@id\":\"https:\\\/\\\/redenoticiaz.com.br\\\/litoralsp\\\/#organization\"},\"potentialAction\":[{\"@type\":\"SearchAction\",\"target\":{\"@type\":\"EntryPoint\",\"urlTemplate\":\"https:\\\/\\\/redenoticiaz.com.br\\\/litoralsp\\\/?s={search_term_string}\"},\"query-input\":{\"@type\":\"PropertyValueSpecification\",\"valueRequired\":true,\"valueName\":\"search_term_string\"}}],\"inLanguage\":\"pt-BR\"},{\"@type\":\"Organization\",\"@id\":\"https:\\\/\\\/redenoticiaz.com.br\\\/litoralsp\\\/#organization\",\"name\":\"Litoral SP\",\"url\":\"https:\\\/\\\/redenoticiaz.com.br\\\/litoralsp\\\/\",\"logo\":{\"@type\":\"ImageObject\",\"inLanguage\":\"pt-BR\",\"@id\":\"https:\\\/\\\/redenoticiaz.com.br\\\/litoralsp\\\/#\\\/schema\\\/logo\\\/image\\\/\",\"url\":\"https:\\\/\\\/redenoticiaz.com.br\\\/litoralsp\\\/wp-content\\\/uploads\\\/sites\\\/3\\\/2020\\\/11\\\/logo.jpg\",\"contentUrl\":\"https:\\\/\\\/redenoticiaz.com.br\\\/litoralsp\\\/wp-content\\\/uploads\\\/sites\\\/3\\\/2020\\\/11\\\/logo.jpg\",\"width\":400,\"height\":250,\"caption\":\"Litoral SP\"},\"image\":{\"@id\":\"https:\\\/\\\/redenoticiaz.com.br\\\/litoralsp\\\/#\\\/schema\\\/logo\\\/image\\\/\"}},{\"@type\":\"Person\",\"@id\":\"https:\\\/\\\/redenoticiaz.com.br\\\/litoralsp\\\/#\\\/schema\\\/person\\\/0f0b8a5bdafefe82841e07ae8d81ecb3\",\"name\":\"Leonardo Francisco\",\"image\":{\"@type\":\"ImageObject\",\"inLanguage\":\"pt-BR\",\"@id\":\"https:\\\/\\\/secure.gravatar.com\\\/avatar\\\/a7358cb406a99b682ec6df1e77e31ae82e63601f6784e8a3df411d72b37864da?s=96&d=mm&r=g\",\"url\":\"https:\\\/\\\/secure.gravatar.com\\\/avatar\\\/a7358cb406a99b682ec6df1e77e31ae82e63601f6784e8a3df411d72b37864da?s=96&d=mm&r=g\",\"contentUrl\":\"https:\\\/\\\/secure.gravatar.com\\\/avatar\\\/a7358cb406a99b682ec6df1e77e31ae82e63601f6784e8a3df411d72b37864da?s=96&d=mm&r=g\",\"caption\":\"Leonardo Francisco\"},\"url\":\"https:\\\/\\\/redenoticiaz.com.br\\\/litoralsp\\\/author\\\/leonardo-francisco\"}]}<\/script>\n<!-- \/ Yoast SEO plugin. -->","yoast_head_json":{"title":"Talib\u00e3 levanta a bandeira da paz e anuncia \"anistia geral\" no Afeganist\u00e3o - Litoral SP","description":"A volta do Talib\u00e3 ao governo do Afeganist\u00e3o provocou p\u00e2nico \u00e0 toda a popula\u00e7\u00e3o, especialmente para as mulheres e crian\u00e7as. Mas","robots":{"index":"index","follow":"follow","max-snippet":"max-snippet:-1","max-image-preview":"max-image-preview:large","max-video-preview":"max-video-preview:-1"},"canonical":"https:\/\/redenoticiaz.com.br\/litoralsp\/2021\/08\/17\/taliba-levanta-a-bandeira-da-paz-e-anuncia-anistia-geral-no-afeganistao","og_locale":"pt_BR","og_type":"article","og_title":"Talib\u00e3 levanta a bandeira da paz e anuncia \"anistia geral\" no Afeganist\u00e3o - Litoral SP","og_description":"A volta do Talib\u00e3 ao governo do Afeganist\u00e3o provocou p\u00e2nico \u00e0 toda a popula\u00e7\u00e3o, especialmente para as mulheres e crian\u00e7as. Mas","og_url":"https:\/\/redenoticiaz.com.br\/litoralsp\/2021\/08\/17\/taliba-levanta-a-bandeira-da-paz-e-anuncia-anistia-geral-no-afeganistao","og_site_name":"Litoral SP","article_published_time":"2021-08-17T15:23:12+00:00","article_modified_time":"2021-08-17T15:28:29+00:00","og_image":[{"width":640,"height":360,"url":"https:\/\/redenoticiaz.com.br\/litoralsp\/wp-content\/uploads\/sites\/3\/2021\/08\/119907841_301f5ec7-23e5-4ca1-8d11-27b602016281.jpg","type":"image\/jpeg"}],"author":"Leonardo Francisco","twitter_card":"summary_large_image","twitter_misc":{"Escrito por":"Leonardo Francisco","Est. tempo de leitura":"3 minutos"},"schema":{"@context":"https:\/\/schema.org","@graph":[{"@type":"Article","@id":"https:\/\/redenoticiaz.com.br\/litoralsp\/2021\/08\/17\/taliba-levanta-a-bandeira-da-paz-e-anuncia-anistia-geral-no-afeganistao#article","isPartOf":{"@id":"https:\/\/redenoticiaz.com.br\/litoralsp\/2021\/08\/17\/taliba-levanta-a-bandeira-da-paz-e-anuncia-anistia-geral-no-afeganistao"},"author":{"name":"Leonardo Francisco","@id":"https:\/\/redenoticiaz.com.br\/litoralsp\/#\/schema\/person\/0f0b8a5bdafefe82841e07ae8d81ecb3"},"headline":"Talib\u00e3 levanta a bandeira da paz e anuncia &#8220;anistia geral&#8221; no Afeganist\u00e3o","datePublished":"2021-08-17T15:23:12+00:00","dateModified":"2021-08-17T15:28:29+00:00","mainEntityOfPage":{"@id":"https:\/\/redenoticiaz.com.br\/litoralsp\/2021\/08\/17\/taliba-levanta-a-bandeira-da-paz-e-anuncia-anistia-geral-no-afeganistao"},"wordCount":516,"commentCount":0,"publisher":{"@id":"https:\/\/redenoticiaz.com.br\/litoralsp\/#organization"},"image":{"@id":"https:\/\/redenoticiaz.com.br\/litoralsp\/2021\/08\/17\/taliba-levanta-a-bandeira-da-paz-e-anuncia-anistia-geral-no-afeganistao#primaryimage"},"thumbnailUrl":"https:\/\/redenoticiaz.com.br\/litoralsp\/wp-content\/uploads\/sites\/3\/2021\/08\/119907841_301f5ec7-23e5-4ca1-8d11-27b602016281.jpg","keywords":["AFEGANIST\u00c3O","ANISTIA GERAL","MULHERES","PEDIDO DE PAZ","TALIB\u00c3"],"articleSection":["Mundo"],"inLanguage":"pt-BR","potentialAction":[{"@type":"CommentAction","name":"Comment","target":["https:\/\/redenoticiaz.com.br\/litoralsp\/2021\/08\/17\/taliba-levanta-a-bandeira-da-paz-e-anuncia-anistia-geral-no-afeganistao#respond"]}]},{"@type":"WebPage","@id":"https:\/\/redenoticiaz.com.br\/litoralsp\/2021\/08\/17\/taliba-levanta-a-bandeira-da-paz-e-anuncia-anistia-geral-no-afeganistao","url":"https:\/\/redenoticiaz.com.br\/litoralsp\/2021\/08\/17\/taliba-levanta-a-bandeira-da-paz-e-anuncia-anistia-geral-no-afeganistao","name":"Talib\u00e3 levanta a bandeira da paz e anuncia \"anistia geral\" no Afeganist\u00e3o - Litoral SP","isPartOf":{"@id":"https:\/\/redenoticiaz.com.br\/litoralsp\/#website"},"primaryImageOfPage":{"@id":"https:\/\/redenoticiaz.com.br\/litoralsp\/2021\/08\/17\/taliba-levanta-a-bandeira-da-paz-e-anuncia-anistia-geral-no-afeganistao#primaryimage"},"image":{"@id":"https:\/\/redenoticiaz.com.br\/litoralsp\/2021\/08\/17\/taliba-levanta-a-bandeira-da-paz-e-anuncia-anistia-geral-no-afeganistao#primaryimage"},"thumbnailUrl":"https:\/\/redenoticiaz.com.br\/litoralsp\/wp-content\/uploads\/sites\/3\/2021\/08\/119907841_301f5ec7-23e5-4ca1-8d11-27b602016281.jpg","datePublished":"2021-08-17T15:23:12+00:00","dateModified":"2021-08-17T15:28:29+00:00","description":"A volta do Talib\u00e3 ao governo do Afeganist\u00e3o provocou p\u00e2nico \u00e0 toda a popula\u00e7\u00e3o, especialmente para as mulheres e crian\u00e7as. Mas","inLanguage":"pt-BR","potentialAction":[{"@type":"ReadAction","target":["https:\/\/redenoticiaz.com.br\/litoralsp\/2021\/08\/17\/taliba-levanta-a-bandeira-da-paz-e-anuncia-anistia-geral-no-afeganistao"]}]},{"@type":"ImageObject","inLanguage":"pt-BR","@id":"https:\/\/redenoticiaz.com.br\/litoralsp\/2021\/08\/17\/taliba-levanta-a-bandeira-da-paz-e-anuncia-anistia-geral-no-afeganistao#primaryimage","url":"https:\/\/redenoticiaz.com.br\/litoralsp\/wp-content\/uploads\/sites\/3\/2021\/08\/119907841_301f5ec7-23e5-4ca1-8d11-27b602016281.jpg","contentUrl":"https:\/\/redenoticiaz.com.br\/litoralsp\/wp-content\/uploads\/sites\/3\/2021\/08\/119907841_301f5ec7-23e5-4ca1-8d11-27b602016281.jpg","width":640,"height":360,"caption":"Cr\u00e9ditos: Divulga\u00e7\u00e3o\/AFP."},{"@type":"WebSite","@id":"https:\/\/redenoticiaz.com.br\/litoralsp\/#website","url":"https:\/\/redenoticiaz.com.br\/litoralsp\/","name":"Litoral SP","description":"Rede NoticiaZ","publisher":{"@id":"https:\/\/redenoticiaz.com.br\/litoralsp\/#organization"},"potentialAction":[{"@type":"SearchAction","target":{"@type":"EntryPoint","urlTemplate":"https:\/\/redenoticiaz.com.br\/litoralsp\/?s={search_term_string}"},"query-input":{"@type":"PropertyValueSpecification","valueRequired":true,"valueName":"search_term_string"}}],"inLanguage":"pt-BR"},{"@type":"Organization","@id":"https:\/\/redenoticiaz.com.br\/litoralsp\/#organization","name":"Litoral SP","url":"https:\/\/redenoticiaz.com.br\/litoralsp\/","logo":{"@type":"ImageObject","inLanguage":"pt-BR","@id":"https:\/\/redenoticiaz.com.br\/litoralsp\/#\/schema\/logo\/image\/","url":"https:\/\/redenoticiaz.com.br\/litoralsp\/wp-content\/uploads\/sites\/3\/2020\/11\/logo.jpg","contentUrl":"https:\/\/redenoticiaz.com.br\/litoralsp\/wp-content\/uploads\/sites\/3\/2020\/11\/logo.jpg","width":400,"height":250,"caption":"Litoral SP"},"image":{"@id":"https:\/\/redenoticiaz.com.br\/litoralsp\/#\/schema\/logo\/image\/"}},{"@type":"Person","@id":"https:\/\/redenoticiaz.com.br\/litoralsp\/#\/schema\/person\/0f0b8a5bdafefe82841e07ae8d81ecb3","name":"Leonardo Francisco","image":{"@type":"ImageObject","inLanguage":"pt-BR","@id":"https:\/\/secure.gravatar.com\/avatar\/a7358cb406a99b682ec6df1e77e31ae82e63601f6784e8a3df411d72b37864da?s=96&d=mm&r=g","url":"https:\/\/secure.gravatar.com\/avatar\/a7358cb406a99b682ec6df1e77e31ae82e63601f6784e8a3df411d72b37864da?s=96&d=mm&r=g","contentUrl":"https:\/\/secure.gravatar.com\/avatar\/a7358cb406a99b682ec6df1e77e31ae82e63601f6784e8a3df411d72b37864da?s=96&d=mm&r=g","caption":"Leonardo Francisco"},"url":"https:\/\/redenoticiaz.com.br\/litoralsp\/author\/leonardo-francisco"}]}},"_links":{"self":[{"href":"https:\/\/redenoticiaz.com.br\/litoralsp\/wp-json\/wp\/v2\/posts\/12844","targetHints":{"allow":["GET"]}}],"collection":[{"href":"https:\/\/redenoticiaz.com.br\/litoralsp\/wp-json\/wp\/v2\/posts"}],"about":[{"href":"https:\/\/redenoticiaz.com.br\/litoralsp\/wp-json\/wp\/v2\/types\/post"}],"author":[{"embeddable":true,"href":"https:\/\/redenoticiaz.com.br\/litoralsp\/wp-json\/wp\/v2\/users\/6"}],"replies":[{"embeddable":true,"href":"https:\/\/redenoticiaz.com.br\/litoralsp\/wp-json\/wp\/v2\/comments?post=12844"}],"version-history":[{"count":1,"href":"https:\/\/redenoticiaz.com.br\/litoralsp\/wp-json\/wp\/v2\/posts\/12844\/revisions"}],"predecessor-version":[{"id":12846,"href":"https:\/\/redenoticiaz.com.br\/litoralsp\/wp-json\/wp\/v2\/posts\/12844\/revisions\/12846"}],"wp:featuredmedia":[{"embeddable":true,"href":"https:\/\/redenoticiaz.com.br\/litoralsp\/wp-json\/wp\/v2\/media\/12845"}],"wp:attachment":[{"href":"https:\/\/redenoticiaz.com.br\/litoralsp\/wp-json\/wp\/v2\/media?parent=12844"}],"wp:term":[{"taxonomy":"category","embeddable":true,"href":"https:\/\/redenoticiaz.com.br\/litoralsp\/wp-json\/wp\/v2\/categories?post=12844"},{"taxonomy":"post_tag","embeddable":true,"href":"https:\/\/redenoticiaz.com.br\/litoralsp\/wp-json\/wp\/v2\/tags?post=12844"}],"curies":[{"name":"wp","href":"https:\/\/api.w.org\/{rel}","templated":true}]}}