{"id":12948,"date":"2021-08-19T15:53:52","date_gmt":"2021-08-19T18:53:52","guid":{"rendered":"https:\/\/redenoticiaz.com.br\/litoralsp\/?p=12948"},"modified":"2021-08-19T15:55:10","modified_gmt":"2021-08-19T18:55:10","slug":"policia-prende-dupla-acusada-de-vender-drogas-em-peruibe","status":"publish","type":"post","link":"https:\/\/redenoticiaz.com.br\/litoralsp\/2021\/08\/19\/policia-prende-dupla-acusada-de-vender-drogas-em-peruibe","title":{"rendered":"Pol\u00edcia prende dupla acusada de vender drogas em Peru\u00edbe"},"content":{"rendered":"<p>Uma dupla foi presa em flagrante pela <strong>pol\u00edcia<\/strong> em <a href=\"http:\/\/www.peruibe.sp.gov.br\/\">Peru\u00edbe<\/a>. Eles s\u00e3o suspeitos de envolvimento com o tr\u00e1fico de drogas e com eles foram achadas por\u00e7\u00f5es de maconha, pedras de crack e dinheiro oriundo do com\u00e9rcio dos entorpecentes.<\/p>\n<p>Segundo policiais da Delegacia de Investiga\u00e7\u00f5es Sobre Entorpecentes (Dise) de Itanha\u00e9m, eram feitas dilig\u00eancias pela Rua Araraquara, no bairro Caraguava, em Peru\u00edbe. O objetivo era coibir o com\u00e9rcio de drogas naquela regi\u00e3o, quando avistaram a dupla. Os suspeitos chegaram a entrar em uma viela que d\u00e1 acesso \u00e0 Rua Sorocaba carregando uma sacola pl\u00e1stica.<\/p>\n<div class=\"mc-column content-text active-extra-styles \" data-block-type=\"unstyled\" data-block-weight=\"53\" data-block-id=\"4\">\n<p class=\"content-text__container \" data-track-category=\"Link no Texto\" data-track-links=\"\">No entanto, ao notarem a presen\u00e7a da equipe, os homens tentaram fugir, deixando a sacola para tr\u00e1s, mas acabaram detidos pelos policiais. Dentro da sacola, as autoridades encontraram 60 pedras de crack (16 gramas), 18 saquinhos de skunk (14 gramas) e 30 por\u00e7\u00f5es de maconha (44 gramas), assim como R$ 89 em dinheiro.<\/p>\n<\/div>\n<div class=\"mc-column content-text active-extra-styles \" data-block-type=\"unstyled\" data-block-weight=\"33\" data-block-id=\"5\">\n<p class=\"content-text__container \" data-track-category=\"Link no Texto\" data-track-links=\"\">Os policiais deram voz de pris\u00e3o aos suspeitos, que foram encaminhados \u00e0 Delegacia Sede de Peru\u00edbe para o registro da ocorr\u00eancia. As drogas foram apreendidas, e a dupla ficou \u00e0 disposi\u00e7\u00e3o da Justi\u00e7a.<\/p>\n<p data-track-category=\"Link no Texto\" data-track-links=\"\"><strong>LEIA TAMB\u00c9M<\/strong><\/p>\n<p data-track-category=\"Link no Texto\" data-track-links=\"\"><a href=\"https:\/\/redenoticiaz.com.br\/litoralsp\/2021\/08\/18\/projeto-que-proibia-utensilios-por-ambulantes-e-quiosques-e-vetado-em-sao-vicente\">Projeto que proibia utens\u00edlios por ambulantes e quiosques \u00e9 vetado em S\u00e3o Vicente<\/a><\/p>\n<\/div>\n","protected":false},"excerpt":{"rendered":"<p>Uma dupla foi presa em flagrante pela pol\u00edcia em Peru\u00edbe. Eles s\u00e3o suspeitos de envolvimento com o tr\u00e1fico de drogas e com eles foram achadas por\u00e7\u00f5es de maconha, pedras de crack e dinheiro oriundo do com\u00e9rcio dos entorpecentes. Segundo policiais da Delegacia de Investiga\u00e7\u00f5es Sobre Entorpecentes (Dise) de Itanha\u00e9m, eram feitas dilig\u00eancias pela Rua Araraquara, &hellip;<\/p>\n","protected":false},"author":6,"featured_media":12949,"comment_status":"open","ping_status":"closed","sticky":false,"template":"","format":"standard","meta":{"footnotes":""},"categories":[185,10],"tags":[10880,20524,22104,1762,61],"class_list":["post-12948","post","type-post","status-publish","format-standard","has-post-thumbnail","hentry","category-peruibe","category-policia","tag-delegacia-de-investigacoes-sobre-entorpecentes","tag-dise-itanhaem","tag-dupla-presa","tag-policia-civil","tag-trafico-de-drogas"],"yoast_head":"<!-- This site is optimized with the Yoast SEO plugin v27.5 - https:\/\/yoast.com\/product\/yoast-seo-wordpress\/ -->\n<title>Pol\u00edcia prende dupla acusada de vender drogas em Peru\u00edbe - Litoral SP<\/title>\n<meta name=\"description\" content=\"Uma dupla foi presa em flagrante pela pol\u00edcia em Peru\u00edbe. Eles s\u00e3o suspeitos de envolvimento com o tr\u00e1fico de drogas e com eles\" \/>\n<meta name=\"robots\" content=\"index, follow, max-snippet:-1, max-image-preview:large, max-video-preview:-1\" \/>\n<link rel=\"canonical\" href=\"https:\/\/redenoticiaz.com.br\/litoralsp\/2021\/08\/19\/policia-prende-dupla-acusada-de-vender-drogas-em-peruibe\" \/>\n<meta property=\"og:locale\" content=\"pt_BR\" \/>\n<meta property=\"og:type\" content=\"article\" \/>\n<meta property=\"og:title\" content=\"Pol\u00edcia prende dupla acusada de vender drogas em Peru\u00edbe - Litoral SP\" \/>\n<meta property=\"og:description\" content=\"Uma dupla foi presa em flagrante pela pol\u00edcia em Peru\u00edbe. Eles s\u00e3o suspeitos de envolvimento com o tr\u00e1fico de drogas e com eles\" \/>\n<meta property=\"og:url\" content=\"https:\/\/redenoticiaz.com.br\/litoralsp\/2021\/08\/19\/policia-prende-dupla-acusada-de-vender-drogas-em-peruibe\" \/>\n<meta property=\"og:site_name\" content=\"Litoral SP\" \/>\n<meta property=\"article:published_time\" content=\"2021-08-19T18:53:52+00:00\" \/>\n<meta property=\"article:modified_time\" content=\"2021-08-19T18:55:10+00:00\" \/>\n<meta property=\"og:image\" content=\"https:\/\/redenoticiaz.com.br\/litoralsp\/wp-content\/uploads\/sites\/3\/2021\/08\/drogas.jpeg\" \/>\n\t<meta property=\"og:image:width\" content=\"1000\" \/>\n\t<meta property=\"og:image:height\" content=\"597\" \/>\n\t<meta property=\"og:image:type\" content=\"image\/jpeg\" \/>\n<meta name=\"author\" content=\"Leonardo Francisco\" \/>\n<meta name=\"twitter:card\" content=\"summary_large_image\" \/>\n<meta name=\"twitter:label1\" content=\"Escrito por\" \/>\n\t<meta name=\"twitter:data1\" content=\"Leonardo Francisco\" \/>\n\t<meta name=\"twitter:label2\" content=\"Est. tempo de leitura\" \/>\n\t<meta name=\"twitter:data2\" content=\"1 minuto\" \/>\n<script type=\"application\/ld+json\" class=\"yoast-schema-graph\">{\"@context\":\"https:\\\/\\\/schema.org\",\"@graph\":[{\"@type\":\"Article\",\"@id\":\"https:\\\/\\\/redenoticiaz.com.br\\\/litoralsp\\\/2021\\\/08\\\/19\\\/policia-prende-dupla-acusada-de-vender-drogas-em-peruibe#article\",\"isPartOf\":{\"@id\":\"https:\\\/\\\/redenoticiaz.com.br\\\/litoralsp\\\/2021\\\/08\\\/19\\\/policia-prende-dupla-acusada-de-vender-drogas-em-peruibe\"},\"author\":{\"name\":\"Leonardo Francisco\",\"@id\":\"https:\\\/\\\/redenoticiaz.com.br\\\/litoralsp\\\/#\\\/schema\\\/person\\\/0f0b8a5bdafefe82841e07ae8d81ecb3\"},\"headline\":\"Pol\u00edcia prende dupla acusada de vender drogas em Peru\u00edbe\",\"datePublished\":\"2021-08-19T18:53:52+00:00\",\"dateModified\":\"2021-08-19T18:55:10+00:00\",\"mainEntityOfPage\":{\"@id\":\"https:\\\/\\\/redenoticiaz.com.br\\\/litoralsp\\\/2021\\\/08\\\/19\\\/policia-prende-dupla-acusada-de-vender-drogas-em-peruibe\"},\"wordCount\":217,\"commentCount\":0,\"publisher\":{\"@id\":\"https:\\\/\\\/redenoticiaz.com.br\\\/litoralsp\\\/#organization\"},\"image\":{\"@id\":\"https:\\\/\\\/redenoticiaz.com.br\\\/litoralsp\\\/2021\\\/08\\\/19\\\/policia-prende-dupla-acusada-de-vender-drogas-em-peruibe#primaryimage\"},\"thumbnailUrl\":\"https:\\\/\\\/redenoticiaz.com.br\\\/litoralsp\\\/wp-content\\\/uploads\\\/sites\\\/3\\\/2021\\\/08\\\/drogas.jpeg\",\"keywords\":[\"DELEGACIA DE INVESTIGA\u00c7\u00d5ES SOBRE ENTORPECENTES\",\"DISE ITANHA\u00c9M\",\"DUPLA PRESA\",\"POL\u00cdCIA CIVIL\",\"TR\u00c1FICO DE DROGAS\"],\"articleSection\":[\"Peru\u00edbe\",\"Pol\u00edcia\"],\"inLanguage\":\"pt-BR\",\"potentialAction\":[{\"@type\":\"CommentAction\",\"name\":\"Comment\",\"target\":[\"https:\\\/\\\/redenoticiaz.com.br\\\/litoralsp\\\/2021\\\/08\\\/19\\\/policia-prende-dupla-acusada-de-vender-drogas-em-peruibe#respond\"]}]},{\"@type\":\"WebPage\",\"@id\":\"https:\\\/\\\/redenoticiaz.com.br\\\/litoralsp\\\/2021\\\/08\\\/19\\\/policia-prende-dupla-acusada-de-vender-drogas-em-peruibe\",\"url\":\"https:\\\/\\\/redenoticiaz.com.br\\\/litoralsp\\\/2021\\\/08\\\/19\\\/policia-prende-dupla-acusada-de-vender-drogas-em-peruibe\",\"name\":\"Pol\u00edcia prende dupla acusada de vender drogas em Peru\u00edbe - Litoral SP\",\"isPartOf\":{\"@id\":\"https:\\\/\\\/redenoticiaz.com.br\\\/litoralsp\\\/#website\"},\"primaryImageOfPage\":{\"@id\":\"https:\\\/\\\/redenoticiaz.com.br\\\/litoralsp\\\/2021\\\/08\\\/19\\\/policia-prende-dupla-acusada-de-vender-drogas-em-peruibe#primaryimage\"},\"image\":{\"@id\":\"https:\\\/\\\/redenoticiaz.com.br\\\/litoralsp\\\/2021\\\/08\\\/19\\\/policia-prende-dupla-acusada-de-vender-drogas-em-peruibe#primaryimage\"},\"thumbnailUrl\":\"https:\\\/\\\/redenoticiaz.com.br\\\/litoralsp\\\/wp-content\\\/uploads\\\/sites\\\/3\\\/2021\\\/08\\\/drogas.jpeg\",\"datePublished\":\"2021-08-19T18:53:52+00:00\",\"dateModified\":\"2021-08-19T18:55:10+00:00\",\"description\":\"Uma dupla foi presa em flagrante pela pol\u00edcia em Peru\u00edbe. Eles s\u00e3o suspeitos de envolvimento com o tr\u00e1fico de drogas e com eles\",\"inLanguage\":\"pt-BR\",\"potentialAction\":[{\"@type\":\"ReadAction\",\"target\":[\"https:\\\/\\\/redenoticiaz.com.br\\\/litoralsp\\\/2021\\\/08\\\/19\\\/policia-prende-dupla-acusada-de-vender-drogas-em-peruibe\"]}]},{\"@type\":\"ImageObject\",\"inLanguage\":\"pt-BR\",\"@id\":\"https:\\\/\\\/redenoticiaz.com.br\\\/litoralsp\\\/2021\\\/08\\\/19\\\/policia-prende-dupla-acusada-de-vender-drogas-em-peruibe#primaryimage\",\"url\":\"https:\\\/\\\/redenoticiaz.com.br\\\/litoralsp\\\/wp-content\\\/uploads\\\/sites\\\/3\\\/2021\\\/08\\\/drogas.jpeg\",\"contentUrl\":\"https:\\\/\\\/redenoticiaz.com.br\\\/litoralsp\\\/wp-content\\\/uploads\\\/sites\\\/3\\\/2021\\\/08\\\/drogas.jpeg\",\"width\":1000,\"height\":597,\"caption\":\"Cr\u00e9ditos: Divulga\u00e7\u00e3o\\\/Pol\u00edcia Civil.\"},{\"@type\":\"WebSite\",\"@id\":\"https:\\\/\\\/redenoticiaz.com.br\\\/litoralsp\\\/#website\",\"url\":\"https:\\\/\\\/redenoticiaz.com.br\\\/litoralsp\\\/\",\"name\":\"Litoral SP\",\"description\":\"Rede NoticiaZ\",\"publisher\":{\"@id\":\"https:\\\/\\\/redenoticiaz.com.br\\\/litoralsp\\\/#organization\"},\"potentialAction\":[{\"@type\":\"SearchAction\",\"target\":{\"@type\":\"EntryPoint\",\"urlTemplate\":\"https:\\\/\\\/redenoticiaz.com.br\\\/litoralsp\\\/?s={search_term_string}\"},\"query-input\":{\"@type\":\"PropertyValueSpecification\",\"valueRequired\":true,\"valueName\":\"search_term_string\"}}],\"inLanguage\":\"pt-BR\"},{\"@type\":\"Organization\",\"@id\":\"https:\\\/\\\/redenoticiaz.com.br\\\/litoralsp\\\/#organization\",\"name\":\"Litoral SP\",\"url\":\"https:\\\/\\\/redenoticiaz.com.br\\\/litoralsp\\\/\",\"logo\":{\"@type\":\"ImageObject\",\"inLanguage\":\"pt-BR\",\"@id\":\"https:\\\/\\\/redenoticiaz.com.br\\\/litoralsp\\\/#\\\/schema\\\/logo\\\/image\\\/\",\"url\":\"https:\\\/\\\/redenoticiaz.com.br\\\/litoralsp\\\/wp-content\\\/uploads\\\/sites\\\/3\\\/2020\\\/11\\\/logo.jpg\",\"contentUrl\":\"https:\\\/\\\/redenoticiaz.com.br\\\/litoralsp\\\/wp-content\\\/uploads\\\/sites\\\/3\\\/2020\\\/11\\\/logo.jpg\",\"width\":400,\"height\":250,\"caption\":\"Litoral SP\"},\"image\":{\"@id\":\"https:\\\/\\\/redenoticiaz.com.br\\\/litoralsp\\\/#\\\/schema\\\/logo\\\/image\\\/\"}},{\"@type\":\"Person\",\"@id\":\"https:\\\/\\\/redenoticiaz.com.br\\\/litoralsp\\\/#\\\/schema\\\/person\\\/0f0b8a5bdafefe82841e07ae8d81ecb3\",\"name\":\"Leonardo Francisco\",\"image\":{\"@type\":\"ImageObject\",\"inLanguage\":\"pt-BR\",\"@id\":\"https:\\\/\\\/secure.gravatar.com\\\/avatar\\\/a7358cb406a99b682ec6df1e77e31ae82e63601f6784e8a3df411d72b37864da?s=96&d=mm&r=g\",\"url\":\"https:\\\/\\\/secure.gravatar.com\\\/avatar\\\/a7358cb406a99b682ec6df1e77e31ae82e63601f6784e8a3df411d72b37864da?s=96&d=mm&r=g\",\"contentUrl\":\"https:\\\/\\\/secure.gravatar.com\\\/avatar\\\/a7358cb406a99b682ec6df1e77e31ae82e63601f6784e8a3df411d72b37864da?s=96&d=mm&r=g\",\"caption\":\"Leonardo Francisco\"},\"url\":\"https:\\\/\\\/redenoticiaz.com.br\\\/litoralsp\\\/author\\\/leonardo-francisco\"}]}<\/script>\n<!-- \/ Yoast SEO plugin. -->","yoast_head_json":{"title":"Pol\u00edcia prende dupla acusada de vender drogas em Peru\u00edbe - Litoral SP","description":"Uma dupla foi presa em flagrante pela pol\u00edcia em Peru\u00edbe. Eles s\u00e3o suspeitos de envolvimento com o tr\u00e1fico de drogas e com eles","robots":{"index":"index","follow":"follow","max-snippet":"max-snippet:-1","max-image-preview":"max-image-preview:large","max-video-preview":"max-video-preview:-1"},"canonical":"https:\/\/redenoticiaz.com.br\/litoralsp\/2021\/08\/19\/policia-prende-dupla-acusada-de-vender-drogas-em-peruibe","og_locale":"pt_BR","og_type":"article","og_title":"Pol\u00edcia prende dupla acusada de vender drogas em Peru\u00edbe - Litoral SP","og_description":"Uma dupla foi presa em flagrante pela pol\u00edcia em Peru\u00edbe. Eles s\u00e3o suspeitos de envolvimento com o tr\u00e1fico de drogas e com eles","og_url":"https:\/\/redenoticiaz.com.br\/litoralsp\/2021\/08\/19\/policia-prende-dupla-acusada-de-vender-drogas-em-peruibe","og_site_name":"Litoral SP","article_published_time":"2021-08-19T18:53:52+00:00","article_modified_time":"2021-08-19T18:55:10+00:00","og_image":[{"width":1000,"height":597,"url":"https:\/\/redenoticiaz.com.br\/litoralsp\/wp-content\/uploads\/sites\/3\/2021\/08\/drogas.jpeg","type":"image\/jpeg"}],"author":"Leonardo Francisco","twitter_card":"summary_large_image","twitter_misc":{"Escrito por":"Leonardo Francisco","Est. tempo de leitura":"1 minuto"},"schema":{"@context":"https:\/\/schema.org","@graph":[{"@type":"Article","@id":"https:\/\/redenoticiaz.com.br\/litoralsp\/2021\/08\/19\/policia-prende-dupla-acusada-de-vender-drogas-em-peruibe#article","isPartOf":{"@id":"https:\/\/redenoticiaz.com.br\/litoralsp\/2021\/08\/19\/policia-prende-dupla-acusada-de-vender-drogas-em-peruibe"},"author":{"name":"Leonardo Francisco","@id":"https:\/\/redenoticiaz.com.br\/litoralsp\/#\/schema\/person\/0f0b8a5bdafefe82841e07ae8d81ecb3"},"headline":"Pol\u00edcia prende dupla acusada de vender drogas em Peru\u00edbe","datePublished":"2021-08-19T18:53:52+00:00","dateModified":"2021-08-19T18:55:10+00:00","mainEntityOfPage":{"@id":"https:\/\/redenoticiaz.com.br\/litoralsp\/2021\/08\/19\/policia-prende-dupla-acusada-de-vender-drogas-em-peruibe"},"wordCount":217,"commentCount":0,"publisher":{"@id":"https:\/\/redenoticiaz.com.br\/litoralsp\/#organization"},"image":{"@id":"https:\/\/redenoticiaz.com.br\/litoralsp\/2021\/08\/19\/policia-prende-dupla-acusada-de-vender-drogas-em-peruibe#primaryimage"},"thumbnailUrl":"https:\/\/redenoticiaz.com.br\/litoralsp\/wp-content\/uploads\/sites\/3\/2021\/08\/drogas.jpeg","keywords":["DELEGACIA DE INVESTIGA\u00c7\u00d5ES SOBRE ENTORPECENTES","DISE ITANHA\u00c9M","DUPLA PRESA","POL\u00cdCIA CIVIL","TR\u00c1FICO DE DROGAS"],"articleSection":["Peru\u00edbe","Pol\u00edcia"],"inLanguage":"pt-BR","potentialAction":[{"@type":"CommentAction","name":"Comment","target":["https:\/\/redenoticiaz.com.br\/litoralsp\/2021\/08\/19\/policia-prende-dupla-acusada-de-vender-drogas-em-peruibe#respond"]}]},{"@type":"WebPage","@id":"https:\/\/redenoticiaz.com.br\/litoralsp\/2021\/08\/19\/policia-prende-dupla-acusada-de-vender-drogas-em-peruibe","url":"https:\/\/redenoticiaz.com.br\/litoralsp\/2021\/08\/19\/policia-prende-dupla-acusada-de-vender-drogas-em-peruibe","name":"Pol\u00edcia prende dupla acusada de vender drogas em Peru\u00edbe - Litoral SP","isPartOf":{"@id":"https:\/\/redenoticiaz.com.br\/litoralsp\/#website"},"primaryImageOfPage":{"@id":"https:\/\/redenoticiaz.com.br\/litoralsp\/2021\/08\/19\/policia-prende-dupla-acusada-de-vender-drogas-em-peruibe#primaryimage"},"image":{"@id":"https:\/\/redenoticiaz.com.br\/litoralsp\/2021\/08\/19\/policia-prende-dupla-acusada-de-vender-drogas-em-peruibe#primaryimage"},"thumbnailUrl":"https:\/\/redenoticiaz.com.br\/litoralsp\/wp-content\/uploads\/sites\/3\/2021\/08\/drogas.jpeg","datePublished":"2021-08-19T18:53:52+00:00","dateModified":"2021-08-19T18:55:10+00:00","description":"Uma dupla foi presa em flagrante pela pol\u00edcia em Peru\u00edbe. Eles s\u00e3o suspeitos de envolvimento com o tr\u00e1fico de drogas e com eles","inLanguage":"pt-BR","potentialAction":[{"@type":"ReadAction","target":["https:\/\/redenoticiaz.com.br\/litoralsp\/2021\/08\/19\/policia-prende-dupla-acusada-de-vender-drogas-em-peruibe"]}]},{"@type":"ImageObject","inLanguage":"pt-BR","@id":"https:\/\/redenoticiaz.com.br\/litoralsp\/2021\/08\/19\/policia-prende-dupla-acusada-de-vender-drogas-em-peruibe#primaryimage","url":"https:\/\/redenoticiaz.com.br\/litoralsp\/wp-content\/uploads\/sites\/3\/2021\/08\/drogas.jpeg","contentUrl":"https:\/\/redenoticiaz.com.br\/litoralsp\/wp-content\/uploads\/sites\/3\/2021\/08\/drogas.jpeg","width":1000,"height":597,"caption":"Cr\u00e9ditos: Divulga\u00e7\u00e3o\/Pol\u00edcia Civil."},{"@type":"WebSite","@id":"https:\/\/redenoticiaz.com.br\/litoralsp\/#website","url":"https:\/\/redenoticiaz.com.br\/litoralsp\/","name":"Litoral SP","description":"Rede NoticiaZ","publisher":{"@id":"https:\/\/redenoticiaz.com.br\/litoralsp\/#organization"},"potentialAction":[{"@type":"SearchAction","target":{"@type":"EntryPoint","urlTemplate":"https:\/\/redenoticiaz.com.br\/litoralsp\/?s={search_term_string}"},"query-input":{"@type":"PropertyValueSpecification","valueRequired":true,"valueName":"search_term_string"}}],"inLanguage":"pt-BR"},{"@type":"Organization","@id":"https:\/\/redenoticiaz.com.br\/litoralsp\/#organization","name":"Litoral SP","url":"https:\/\/redenoticiaz.com.br\/litoralsp\/","logo":{"@type":"ImageObject","inLanguage":"pt-BR","@id":"https:\/\/redenoticiaz.com.br\/litoralsp\/#\/schema\/logo\/image\/","url":"https:\/\/redenoticiaz.com.br\/litoralsp\/wp-content\/uploads\/sites\/3\/2020\/11\/logo.jpg","contentUrl":"https:\/\/redenoticiaz.com.br\/litoralsp\/wp-content\/uploads\/sites\/3\/2020\/11\/logo.jpg","width":400,"height":250,"caption":"Litoral SP"},"image":{"@id":"https:\/\/redenoticiaz.com.br\/litoralsp\/#\/schema\/logo\/image\/"}},{"@type":"Person","@id":"https:\/\/redenoticiaz.com.br\/litoralsp\/#\/schema\/person\/0f0b8a5bdafefe82841e07ae8d81ecb3","name":"Leonardo Francisco","image":{"@type":"ImageObject","inLanguage":"pt-BR","@id":"https:\/\/secure.gravatar.com\/avatar\/a7358cb406a99b682ec6df1e77e31ae82e63601f6784e8a3df411d72b37864da?s=96&d=mm&r=g","url":"https:\/\/secure.gravatar.com\/avatar\/a7358cb406a99b682ec6df1e77e31ae82e63601f6784e8a3df411d72b37864da?s=96&d=mm&r=g","contentUrl":"https:\/\/secure.gravatar.com\/avatar\/a7358cb406a99b682ec6df1e77e31ae82e63601f6784e8a3df411d72b37864da?s=96&d=mm&r=g","caption":"Leonardo Francisco"},"url":"https:\/\/redenoticiaz.com.br\/litoralsp\/author\/leonardo-francisco"}]}},"_links":{"self":[{"href":"https:\/\/redenoticiaz.com.br\/litoralsp\/wp-json\/wp\/v2\/posts\/12948","targetHints":{"allow":["GET"]}}],"collection":[{"href":"https:\/\/redenoticiaz.com.br\/litoralsp\/wp-json\/wp\/v2\/posts"}],"about":[{"href":"https:\/\/redenoticiaz.com.br\/litoralsp\/wp-json\/wp\/v2\/types\/post"}],"author":[{"embeddable":true,"href":"https:\/\/redenoticiaz.com.br\/litoralsp\/wp-json\/wp\/v2\/users\/6"}],"replies":[{"embeddable":true,"href":"https:\/\/redenoticiaz.com.br\/litoralsp\/wp-json\/wp\/v2\/comments?post=12948"}],"version-history":[{"count":1,"href":"https:\/\/redenoticiaz.com.br\/litoralsp\/wp-json\/wp\/v2\/posts\/12948\/revisions"}],"predecessor-version":[{"id":12950,"href":"https:\/\/redenoticiaz.com.br\/litoralsp\/wp-json\/wp\/v2\/posts\/12948\/revisions\/12950"}],"wp:featuredmedia":[{"embeddable":true,"href":"https:\/\/redenoticiaz.com.br\/litoralsp\/wp-json\/wp\/v2\/media\/12949"}],"wp:attachment":[{"href":"https:\/\/redenoticiaz.com.br\/litoralsp\/wp-json\/wp\/v2\/media?parent=12948"}],"wp:term":[{"taxonomy":"category","embeddable":true,"href":"https:\/\/redenoticiaz.com.br\/litoralsp\/wp-json\/wp\/v2\/categories?post=12948"},{"taxonomy":"post_tag","embeddable":true,"href":"https:\/\/redenoticiaz.com.br\/litoralsp\/wp-json\/wp\/v2\/tags?post=12948"}],"curies":[{"name":"wp","href":"https:\/\/api.w.org\/{rel}","templated":true}]}}