{"id":12951,"date":"2021-08-19T19:45:59","date_gmt":"2021-08-19T22:45:59","guid":{"rendered":"https:\/\/redenoticiaz.com.br\/litoralsp\/2021\/08\/19\/moderna-inicia-testes-da-vacina-contra-o-hiv"},"modified":"2021-08-19T19:49:58","modified_gmt":"2021-08-19T22:49:58","slug":"moderna-inicia-testes-da-vacina-contra-o-hiv","status":"publish","type":"post","link":"https:\/\/redenoticiaz.com.br\/litoralsp\/2021\/08\/19\/moderna-inicia-testes-da-vacina-contra-o-hiv","title":{"rendered":"Moderna inicia testes da vacina contra o HIV"},"content":{"rendered":"<p>O laborat\u00f3rio <a href=\"https:\/\/www.fda.gov\/emergency-preparedness-and-response\/coronavirus-disease-2019-covid-19\/moderna-covid-19-vaccine\">norte-americano<\/a> Moderna teve sucesso com a cria\u00e7\u00e3o da vacina contra a Covid-19 e pa\u00edses da Europa e os Estados Unidos tem contado com o imunizante. Agora come\u00e7aram os testes de um <strong>imunizante contra o HIV<\/strong>.<\/p>\n<p>Para isso, a ideia \u00e9 usar a tecnologia de RNA mensageiro, similar ao que foi aplicado contra o coronav\u00edrus. A fase 1 dos testes em humanos, publicada formalmente no registro do Instituto Nacional de Sa\u00fade (NIH) dos Estados Unidos, envolver\u00e1 56 pessoas que t\u00eam entre 18 e 50 anos e que n\u00e3o s\u00e3o portadoras do v\u00edrus. Como toda a\u00e7\u00e3o inicial, o estudo visa verificar a resposta imune e a seguran\u00e7a da aplica\u00e7\u00e3o.<\/p>\n<p class=\"text\">A vacina ser\u00e1 administrada em duas vers\u00f5es. A primeira metade do grupo receber\u00e1 duas doses iguais do imunizante mRNA-1644 e a outra metade receber\u00e1 duas vers\u00f5es diferentes (a mRNA-1644 e a mRNA-1644v2). Essa primeira fase deve durar cerca de 10 meses.<\/p>\n<p class=\"text\">Caso haja sucesso nessa primeira etapa, mais duas ser\u00e3o necess\u00e1rias. S\u00f3 assim que as ag\u00eancias sanit\u00e1rias liberem a aplica\u00e7\u00e3o em humanos. Sendo que a segunda vai analisar a resposta das defesas do organismo e a seguran\u00e7a, e a terceira, mais ampla, que testa a real efic\u00e1cia das doses.<\/p>\n<h3>A tecnologia usada<\/h3>\n<div id=\"ad-offers--wrapper\">\n<div id=\"ad-offers\" class=\"ad-video-inread\">Diferentemente das vacinas &#8216;tradicionais&#8217;, que usam partes de v\u00edrus ou o v\u00edrus inativado, as da tecnologia com RNA mensageiro &#8216;ensinam&#8217; as c\u00e9lulas do corpo a produzir ant\u00edgeno contra o v\u00edrus.<\/div>\n<div><\/div>\n<\/div>\n<p class=\"text\">Os estudos com essa tecnologia, que iniciaram no in\u00edcio da d\u00e9cada de 1990, ganharam investimentos financeiros bilion\u00e1rios por conta da pandemia de Covid-19. Com isso, tanto o imunizante contra a doen\u00e7a da Moderna como da Pfizer\/BioNTech foram aprovados ainda no fim de 2020 nos Estados Unidos.<\/p>\n<p><strong>LEIA TAMB\u00c9M<\/strong><\/p>\n<p><a href=\"https:\/\/redenoticiaz.com.br\/blog\/2021\/08\/18\/governo-de-sao-paulo-anuncia-diminuicao-de-intervalo-com-a-pfizer\">Governo de S\u00e3o Paulo anuncia diminui\u00e7\u00e3o de intervalo com a Pfizer<\/a><\/p>\n","protected":false},"excerpt":{"rendered":"<p>O laborat\u00f3rio norte-americano Moderna teve sucesso com a cria\u00e7\u00e3o da vacina contra a Covid-19 e pa\u00edses da Europa e os Estados Unidos tem contado com o imunizante. Agora come\u00e7aram os testes de um imunizante contra o HIV. Para isso, a ideia \u00e9 usar a tecnologia de RNA mensageiro, similar ao que foi aplicado contra o &hellip;<\/p>\n","protected":false},"author":6,"featured_media":12952,"comment_status":"open","ping_status":"closed","sticky":false,"template":"","format":"standard","meta":{"footnotes":""},"categories":[84,23],"tags":[4495,20075,2650,30668,2968],"class_list":["post-12951","post","type-post","status-publish","format-standard","has-post-thumbnail","hentry","category-mundo","category-saude","tag-estados-unidos","tag-estudos-clinicos","tag-moderna","tag-rna-mensageiro","tag-vacina-contra-o-hiv"],"yoast_head":"<!-- This site is optimized with the Yoast SEO plugin v27.5 - https:\/\/yoast.com\/product\/yoast-seo-wordpress\/ -->\n<title>Moderna inicia testes da vacina contra o HIV - Litoral SP<\/title>\n<meta name=\"description\" content=\"O laborat\u00f3rio norte-americano Moderna teve sucesso com a cria\u00e7\u00e3o da vacina contra a Covid-19 e pa\u00edses da Europa\" \/>\n<meta name=\"robots\" content=\"index, follow, max-snippet:-1, max-image-preview:large, max-video-preview:-1\" \/>\n<link rel=\"canonical\" href=\"https:\/\/redenoticiaz.com.br\/litoralsp\/2021\/08\/19\/moderna-inicia-testes-da-vacina-contra-o-hiv\" \/>\n<meta property=\"og:locale\" content=\"pt_BR\" \/>\n<meta property=\"og:type\" content=\"article\" \/>\n<meta property=\"og:title\" content=\"Moderna inicia testes da vacina contra o HIV - Litoral SP\" \/>\n<meta property=\"og:description\" content=\"O laborat\u00f3rio norte-americano Moderna teve sucesso com a cria\u00e7\u00e3o da vacina contra a Covid-19 e pa\u00edses da Europa\" \/>\n<meta property=\"og:url\" content=\"https:\/\/redenoticiaz.com.br\/litoralsp\/2021\/08\/19\/moderna-inicia-testes-da-vacina-contra-o-hiv\" \/>\n<meta property=\"og:site_name\" content=\"Litoral SP\" \/>\n<meta property=\"article:published_time\" content=\"2021-08-19T22:45:59+00:00\" \/>\n<meta property=\"article:modified_time\" content=\"2021-08-19T22:49:58+00:00\" \/>\n<meta property=\"og:image\" content=\"https:\/\/redenoticiaz.com.br\/litoralsp\/wp-content\/uploads\/sites\/3\/2021\/08\/moderna.jpg\" \/>\n\t<meta property=\"og:image:width\" content=\"1024\" \/>\n\t<meta property=\"og:image:height\" content=\"675\" \/>\n\t<meta property=\"og:image:type\" content=\"image\/jpeg\" \/>\n<meta name=\"author\" content=\"Leonardo Francisco\" \/>\n<meta name=\"twitter:card\" content=\"summary_large_image\" \/>\n<meta name=\"twitter:label1\" content=\"Escrito por\" \/>\n\t<meta name=\"twitter:data1\" content=\"Leonardo Francisco\" \/>\n\t<meta name=\"twitter:label2\" content=\"Est. tempo de leitura\" \/>\n\t<meta name=\"twitter:data2\" content=\"2 minutos\" \/>\n<script type=\"application\/ld+json\" class=\"yoast-schema-graph\">{\"@context\":\"https:\\\/\\\/schema.org\",\"@graph\":[{\"@type\":\"Article\",\"@id\":\"https:\\\/\\\/redenoticiaz.com.br\\\/litoralsp\\\/2021\\\/08\\\/19\\\/moderna-inicia-testes-da-vacina-contra-o-hiv#article\",\"isPartOf\":{\"@id\":\"https:\\\/\\\/redenoticiaz.com.br\\\/litoralsp\\\/2021\\\/08\\\/19\\\/moderna-inicia-testes-da-vacina-contra-o-hiv\"},\"author\":{\"name\":\"Leonardo Francisco\",\"@id\":\"https:\\\/\\\/redenoticiaz.com.br\\\/litoralsp\\\/#\\\/schema\\\/person\\\/0f0b8a5bdafefe82841e07ae8d81ecb3\"},\"headline\":\"Moderna inicia testes da vacina contra o HIV\",\"datePublished\":\"2021-08-19T22:45:59+00:00\",\"dateModified\":\"2021-08-19T22:49:58+00:00\",\"mainEntityOfPage\":{\"@id\":\"https:\\\/\\\/redenoticiaz.com.br\\\/litoralsp\\\/2021\\\/08\\\/19\\\/moderna-inicia-testes-da-vacina-contra-o-hiv\"},\"wordCount\":326,\"commentCount\":0,\"publisher\":{\"@id\":\"https:\\\/\\\/redenoticiaz.com.br\\\/litoralsp\\\/#organization\"},\"image\":{\"@id\":\"https:\\\/\\\/redenoticiaz.com.br\\\/litoralsp\\\/2021\\\/08\\\/19\\\/moderna-inicia-testes-da-vacina-contra-o-hiv#primaryimage\"},\"thumbnailUrl\":\"https:\\\/\\\/redenoticiaz.com.br\\\/litoralsp\\\/wp-content\\\/uploads\\\/sites\\\/3\\\/2021\\\/08\\\/moderna.jpg\",\"keywords\":[\"Estados Unidos\",\"ESTUDOS CL\u00cdNICOS\",\"MODERNA\",\"RNA MENSAGEIRO\",\"VACINA CONTRA O HIV\"],\"articleSection\":[\"Mundo\",\"Sa\u00fade\"],\"inLanguage\":\"pt-BR\",\"potentialAction\":[{\"@type\":\"CommentAction\",\"name\":\"Comment\",\"target\":[\"https:\\\/\\\/redenoticiaz.com.br\\\/litoralsp\\\/2021\\\/08\\\/19\\\/moderna-inicia-testes-da-vacina-contra-o-hiv#respond\"]}]},{\"@type\":\"WebPage\",\"@id\":\"https:\\\/\\\/redenoticiaz.com.br\\\/litoralsp\\\/2021\\\/08\\\/19\\\/moderna-inicia-testes-da-vacina-contra-o-hiv\",\"url\":\"https:\\\/\\\/redenoticiaz.com.br\\\/litoralsp\\\/2021\\\/08\\\/19\\\/moderna-inicia-testes-da-vacina-contra-o-hiv\",\"name\":\"Moderna inicia testes da vacina contra o HIV - Litoral SP\",\"isPartOf\":{\"@id\":\"https:\\\/\\\/redenoticiaz.com.br\\\/litoralsp\\\/#website\"},\"primaryImageOfPage\":{\"@id\":\"https:\\\/\\\/redenoticiaz.com.br\\\/litoralsp\\\/2021\\\/08\\\/19\\\/moderna-inicia-testes-da-vacina-contra-o-hiv#primaryimage\"},\"image\":{\"@id\":\"https:\\\/\\\/redenoticiaz.com.br\\\/litoralsp\\\/2021\\\/08\\\/19\\\/moderna-inicia-testes-da-vacina-contra-o-hiv#primaryimage\"},\"thumbnailUrl\":\"https:\\\/\\\/redenoticiaz.com.br\\\/litoralsp\\\/wp-content\\\/uploads\\\/sites\\\/3\\\/2021\\\/08\\\/moderna.jpg\",\"datePublished\":\"2021-08-19T22:45:59+00:00\",\"dateModified\":\"2021-08-19T22:49:58+00:00\",\"description\":\"O laborat\u00f3rio norte-americano Moderna teve sucesso com a cria\u00e7\u00e3o da vacina contra a Covid-19 e pa\u00edses da Europa\",\"inLanguage\":\"pt-BR\",\"potentialAction\":[{\"@type\":\"ReadAction\",\"target\":[\"https:\\\/\\\/redenoticiaz.com.br\\\/litoralsp\\\/2021\\\/08\\\/19\\\/moderna-inicia-testes-da-vacina-contra-o-hiv\"]}]},{\"@type\":\"ImageObject\",\"inLanguage\":\"pt-BR\",\"@id\":\"https:\\\/\\\/redenoticiaz.com.br\\\/litoralsp\\\/2021\\\/08\\\/19\\\/moderna-inicia-testes-da-vacina-contra-o-hiv#primaryimage\",\"url\":\"https:\\\/\\\/redenoticiaz.com.br\\\/litoralsp\\\/wp-content\\\/uploads\\\/sites\\\/3\\\/2021\\\/08\\\/moderna.jpg\",\"contentUrl\":\"https:\\\/\\\/redenoticiaz.com.br\\\/litoralsp\\\/wp-content\\\/uploads\\\/sites\\\/3\\\/2021\\\/08\\\/moderna.jpg\",\"width\":1024,\"height\":675,\"caption\":\"N\u00e3o h\u00e1 um prazo para que ela esteja dispon\u00edvel para ser aplicada na popula\u00e7\u00e3o em geral.\"},{\"@type\":\"WebSite\",\"@id\":\"https:\\\/\\\/redenoticiaz.com.br\\\/litoralsp\\\/#website\",\"url\":\"https:\\\/\\\/redenoticiaz.com.br\\\/litoralsp\\\/\",\"name\":\"Litoral SP\",\"description\":\"Rede NoticiaZ\",\"publisher\":{\"@id\":\"https:\\\/\\\/redenoticiaz.com.br\\\/litoralsp\\\/#organization\"},\"potentialAction\":[{\"@type\":\"SearchAction\",\"target\":{\"@type\":\"EntryPoint\",\"urlTemplate\":\"https:\\\/\\\/redenoticiaz.com.br\\\/litoralsp\\\/?s={search_term_string}\"},\"query-input\":{\"@type\":\"PropertyValueSpecification\",\"valueRequired\":true,\"valueName\":\"search_term_string\"}}],\"inLanguage\":\"pt-BR\"},{\"@type\":\"Organization\",\"@id\":\"https:\\\/\\\/redenoticiaz.com.br\\\/litoralsp\\\/#organization\",\"name\":\"Litoral SP\",\"url\":\"https:\\\/\\\/redenoticiaz.com.br\\\/litoralsp\\\/\",\"logo\":{\"@type\":\"ImageObject\",\"inLanguage\":\"pt-BR\",\"@id\":\"https:\\\/\\\/redenoticiaz.com.br\\\/litoralsp\\\/#\\\/schema\\\/logo\\\/image\\\/\",\"url\":\"https:\\\/\\\/redenoticiaz.com.br\\\/litoralsp\\\/wp-content\\\/uploads\\\/sites\\\/3\\\/2020\\\/11\\\/logo.jpg\",\"contentUrl\":\"https:\\\/\\\/redenoticiaz.com.br\\\/litoralsp\\\/wp-content\\\/uploads\\\/sites\\\/3\\\/2020\\\/11\\\/logo.jpg\",\"width\":400,\"height\":250,\"caption\":\"Litoral SP\"},\"image\":{\"@id\":\"https:\\\/\\\/redenoticiaz.com.br\\\/litoralsp\\\/#\\\/schema\\\/logo\\\/image\\\/\"}},{\"@type\":\"Person\",\"@id\":\"https:\\\/\\\/redenoticiaz.com.br\\\/litoralsp\\\/#\\\/schema\\\/person\\\/0f0b8a5bdafefe82841e07ae8d81ecb3\",\"name\":\"Leonardo Francisco\",\"image\":{\"@type\":\"ImageObject\",\"inLanguage\":\"pt-BR\",\"@id\":\"https:\\\/\\\/secure.gravatar.com\\\/avatar\\\/a7358cb406a99b682ec6df1e77e31ae82e63601f6784e8a3df411d72b37864da?s=96&d=mm&r=g\",\"url\":\"https:\\\/\\\/secure.gravatar.com\\\/avatar\\\/a7358cb406a99b682ec6df1e77e31ae82e63601f6784e8a3df411d72b37864da?s=96&d=mm&r=g\",\"contentUrl\":\"https:\\\/\\\/secure.gravatar.com\\\/avatar\\\/a7358cb406a99b682ec6df1e77e31ae82e63601f6784e8a3df411d72b37864da?s=96&d=mm&r=g\",\"caption\":\"Leonardo Francisco\"},\"url\":\"https:\\\/\\\/redenoticiaz.com.br\\\/litoralsp\\\/author\\\/leonardo-francisco\"}]}<\/script>\n<!-- \/ Yoast SEO plugin. -->","yoast_head_json":{"title":"Moderna inicia testes da vacina contra o HIV - Litoral SP","description":"O laborat\u00f3rio norte-americano Moderna teve sucesso com a cria\u00e7\u00e3o da vacina contra a Covid-19 e pa\u00edses da Europa","robots":{"index":"index","follow":"follow","max-snippet":"max-snippet:-1","max-image-preview":"max-image-preview:large","max-video-preview":"max-video-preview:-1"},"canonical":"https:\/\/redenoticiaz.com.br\/litoralsp\/2021\/08\/19\/moderna-inicia-testes-da-vacina-contra-o-hiv","og_locale":"pt_BR","og_type":"article","og_title":"Moderna inicia testes da vacina contra o HIV - Litoral SP","og_description":"O laborat\u00f3rio norte-americano Moderna teve sucesso com a cria\u00e7\u00e3o da vacina contra a Covid-19 e pa\u00edses da Europa","og_url":"https:\/\/redenoticiaz.com.br\/litoralsp\/2021\/08\/19\/moderna-inicia-testes-da-vacina-contra-o-hiv","og_site_name":"Litoral SP","article_published_time":"2021-08-19T22:45:59+00:00","article_modified_time":"2021-08-19T22:49:58+00:00","og_image":[{"width":1024,"height":675,"url":"https:\/\/redenoticiaz.com.br\/litoralsp\/wp-content\/uploads\/sites\/3\/2021\/08\/moderna.jpg","type":"image\/jpeg"}],"author":"Leonardo Francisco","twitter_card":"summary_large_image","twitter_misc":{"Escrito por":"Leonardo Francisco","Est. tempo de leitura":"2 minutos"},"schema":{"@context":"https:\/\/schema.org","@graph":[{"@type":"Article","@id":"https:\/\/redenoticiaz.com.br\/litoralsp\/2021\/08\/19\/moderna-inicia-testes-da-vacina-contra-o-hiv#article","isPartOf":{"@id":"https:\/\/redenoticiaz.com.br\/litoralsp\/2021\/08\/19\/moderna-inicia-testes-da-vacina-contra-o-hiv"},"author":{"name":"Leonardo Francisco","@id":"https:\/\/redenoticiaz.com.br\/litoralsp\/#\/schema\/person\/0f0b8a5bdafefe82841e07ae8d81ecb3"},"headline":"Moderna inicia testes da vacina contra o HIV","datePublished":"2021-08-19T22:45:59+00:00","dateModified":"2021-08-19T22:49:58+00:00","mainEntityOfPage":{"@id":"https:\/\/redenoticiaz.com.br\/litoralsp\/2021\/08\/19\/moderna-inicia-testes-da-vacina-contra-o-hiv"},"wordCount":326,"commentCount":0,"publisher":{"@id":"https:\/\/redenoticiaz.com.br\/litoralsp\/#organization"},"image":{"@id":"https:\/\/redenoticiaz.com.br\/litoralsp\/2021\/08\/19\/moderna-inicia-testes-da-vacina-contra-o-hiv#primaryimage"},"thumbnailUrl":"https:\/\/redenoticiaz.com.br\/litoralsp\/wp-content\/uploads\/sites\/3\/2021\/08\/moderna.jpg","keywords":["Estados Unidos","ESTUDOS CL\u00cdNICOS","MODERNA","RNA MENSAGEIRO","VACINA CONTRA O HIV"],"articleSection":["Mundo","Sa\u00fade"],"inLanguage":"pt-BR","potentialAction":[{"@type":"CommentAction","name":"Comment","target":["https:\/\/redenoticiaz.com.br\/litoralsp\/2021\/08\/19\/moderna-inicia-testes-da-vacina-contra-o-hiv#respond"]}]},{"@type":"WebPage","@id":"https:\/\/redenoticiaz.com.br\/litoralsp\/2021\/08\/19\/moderna-inicia-testes-da-vacina-contra-o-hiv","url":"https:\/\/redenoticiaz.com.br\/litoralsp\/2021\/08\/19\/moderna-inicia-testes-da-vacina-contra-o-hiv","name":"Moderna inicia testes da vacina contra o HIV - Litoral SP","isPartOf":{"@id":"https:\/\/redenoticiaz.com.br\/litoralsp\/#website"},"primaryImageOfPage":{"@id":"https:\/\/redenoticiaz.com.br\/litoralsp\/2021\/08\/19\/moderna-inicia-testes-da-vacina-contra-o-hiv#primaryimage"},"image":{"@id":"https:\/\/redenoticiaz.com.br\/litoralsp\/2021\/08\/19\/moderna-inicia-testes-da-vacina-contra-o-hiv#primaryimage"},"thumbnailUrl":"https:\/\/redenoticiaz.com.br\/litoralsp\/wp-content\/uploads\/sites\/3\/2021\/08\/moderna.jpg","datePublished":"2021-08-19T22:45:59+00:00","dateModified":"2021-08-19T22:49:58+00:00","description":"O laborat\u00f3rio norte-americano Moderna teve sucesso com a cria\u00e7\u00e3o da vacina contra a Covid-19 e pa\u00edses da Europa","inLanguage":"pt-BR","potentialAction":[{"@type":"ReadAction","target":["https:\/\/redenoticiaz.com.br\/litoralsp\/2021\/08\/19\/moderna-inicia-testes-da-vacina-contra-o-hiv"]}]},{"@type":"ImageObject","inLanguage":"pt-BR","@id":"https:\/\/redenoticiaz.com.br\/litoralsp\/2021\/08\/19\/moderna-inicia-testes-da-vacina-contra-o-hiv#primaryimage","url":"https:\/\/redenoticiaz.com.br\/litoralsp\/wp-content\/uploads\/sites\/3\/2021\/08\/moderna.jpg","contentUrl":"https:\/\/redenoticiaz.com.br\/litoralsp\/wp-content\/uploads\/sites\/3\/2021\/08\/moderna.jpg","width":1024,"height":675,"caption":"N\u00e3o h\u00e1 um prazo para que ela esteja dispon\u00edvel para ser aplicada na popula\u00e7\u00e3o em geral."},{"@type":"WebSite","@id":"https:\/\/redenoticiaz.com.br\/litoralsp\/#website","url":"https:\/\/redenoticiaz.com.br\/litoralsp\/","name":"Litoral SP","description":"Rede NoticiaZ","publisher":{"@id":"https:\/\/redenoticiaz.com.br\/litoralsp\/#organization"},"potentialAction":[{"@type":"SearchAction","target":{"@type":"EntryPoint","urlTemplate":"https:\/\/redenoticiaz.com.br\/litoralsp\/?s={search_term_string}"},"query-input":{"@type":"PropertyValueSpecification","valueRequired":true,"valueName":"search_term_string"}}],"inLanguage":"pt-BR"},{"@type":"Organization","@id":"https:\/\/redenoticiaz.com.br\/litoralsp\/#organization","name":"Litoral SP","url":"https:\/\/redenoticiaz.com.br\/litoralsp\/","logo":{"@type":"ImageObject","inLanguage":"pt-BR","@id":"https:\/\/redenoticiaz.com.br\/litoralsp\/#\/schema\/logo\/image\/","url":"https:\/\/redenoticiaz.com.br\/litoralsp\/wp-content\/uploads\/sites\/3\/2020\/11\/logo.jpg","contentUrl":"https:\/\/redenoticiaz.com.br\/litoralsp\/wp-content\/uploads\/sites\/3\/2020\/11\/logo.jpg","width":400,"height":250,"caption":"Litoral SP"},"image":{"@id":"https:\/\/redenoticiaz.com.br\/litoralsp\/#\/schema\/logo\/image\/"}},{"@type":"Person","@id":"https:\/\/redenoticiaz.com.br\/litoralsp\/#\/schema\/person\/0f0b8a5bdafefe82841e07ae8d81ecb3","name":"Leonardo Francisco","image":{"@type":"ImageObject","inLanguage":"pt-BR","@id":"https:\/\/secure.gravatar.com\/avatar\/a7358cb406a99b682ec6df1e77e31ae82e63601f6784e8a3df411d72b37864da?s=96&d=mm&r=g","url":"https:\/\/secure.gravatar.com\/avatar\/a7358cb406a99b682ec6df1e77e31ae82e63601f6784e8a3df411d72b37864da?s=96&d=mm&r=g","contentUrl":"https:\/\/secure.gravatar.com\/avatar\/a7358cb406a99b682ec6df1e77e31ae82e63601f6784e8a3df411d72b37864da?s=96&d=mm&r=g","caption":"Leonardo Francisco"},"url":"https:\/\/redenoticiaz.com.br\/litoralsp\/author\/leonardo-francisco"}]}},"_links":{"self":[{"href":"https:\/\/redenoticiaz.com.br\/litoralsp\/wp-json\/wp\/v2\/posts\/12951","targetHints":{"allow":["GET"]}}],"collection":[{"href":"https:\/\/redenoticiaz.com.br\/litoralsp\/wp-json\/wp\/v2\/posts"}],"about":[{"href":"https:\/\/redenoticiaz.com.br\/litoralsp\/wp-json\/wp\/v2\/types\/post"}],"author":[{"embeddable":true,"href":"https:\/\/redenoticiaz.com.br\/litoralsp\/wp-json\/wp\/v2\/users\/6"}],"replies":[{"embeddable":true,"href":"https:\/\/redenoticiaz.com.br\/litoralsp\/wp-json\/wp\/v2\/comments?post=12951"}],"version-history":[{"count":1,"href":"https:\/\/redenoticiaz.com.br\/litoralsp\/wp-json\/wp\/v2\/posts\/12951\/revisions"}],"predecessor-version":[{"id":12953,"href":"https:\/\/redenoticiaz.com.br\/litoralsp\/wp-json\/wp\/v2\/posts\/12951\/revisions\/12953"}],"wp:featuredmedia":[{"embeddable":true,"href":"https:\/\/redenoticiaz.com.br\/litoralsp\/wp-json\/wp\/v2\/media\/12952"}],"wp:attachment":[{"href":"https:\/\/redenoticiaz.com.br\/litoralsp\/wp-json\/wp\/v2\/media?parent=12951"}],"wp:term":[{"taxonomy":"category","embeddable":true,"href":"https:\/\/redenoticiaz.com.br\/litoralsp\/wp-json\/wp\/v2\/categories?post=12951"},{"taxonomy":"post_tag","embeddable":true,"href":"https:\/\/redenoticiaz.com.br\/litoralsp\/wp-json\/wp\/v2\/tags?post=12951"}],"curies":[{"name":"wp","href":"https:\/\/api.w.org\/{rel}","templated":true}]}}