{"id":13102,"date":"2021-08-23T11:38:00","date_gmt":"2021-08-23T14:38:00","guid":{"rendered":"https:\/\/redenoticiaz.com.br\/litoralsp\/2021\/08\/23\/quarto-lote-de-restituicao-do-imposto-de-renda-sera-aberta-para-consultas"},"modified":"2021-08-23T11:43:34","modified_gmt":"2021-08-23T14:43:34","slug":"quarto-lote-de-restituicao-do-imposto-de-renda-sera-aberta-para-consultas","status":"publish","type":"post","link":"https:\/\/redenoticiaz.com.br\/litoralsp\/2021\/08\/23\/quarto-lote-de-restituicao-do-imposto-de-renda-sera-aberta-para-consultas","title":{"rendered":"Quarto lote de restitui\u00e7\u00e3o do Imposto de Renda ser\u00e1 aberta para consultas"},"content":{"rendered":"<p>Nesta ter\u00e7a-feira (24), a Receita Federal vai abrir a partir das 10h, as consultas ao quarto <strong>lote de restitui\u00e7\u00e3o do Imposto de Renda<\/strong> de 2021. Ele \u00e9 relativo ao ano-base de 2020. Al\u00e9m disso, tamb\u00e9m ser\u00e3o contempladas restitui\u00e7\u00f5es residuais de anos anteriores.<\/p>\n<div class=\"wall protected-content\">\n<div class=\"mc-column content-text active-extra-styles \" data-block-type=\"unstyled\" data-block-weight=\"36\" data-block-id=\"2\">\n<p class=\"content-text__container \" data-track-category=\"Link no Texto\" data-track-links=\"\">De acordo com a Receita, 3,81 milh\u00f5es de contribuintes receber\u00e3o a restitui\u00e7\u00e3o no quarto lote, entre priorit\u00e1rios e n\u00e3o priorit\u00e1rios. O valor total a ser pago \u00e9 de R$ 5,1 bilh\u00f5es. <span class=\"highlight highlighted\">Os recursos ser\u00e3o depositados em 31 de agosto.<\/span><\/p>\n<\/div>\n<div class=\"mc-column content-text active-extra-styles \" data-block-type=\"unstyled\" data-block-weight=\"5\" data-block-id=\"3\">\n<h5 class=\"content-text__container \" data-track-category=\"Link no Texto\"><strong>As consultas poder\u00e3o ser feitas:<\/strong><\/h5>\n<\/div>\n<div class=\"mc-column content-text active-extra-styles\" data-block-type=\"raw\" data-block-weight=\"14\" data-block-id=\"4\">\n<ul class=\"content-unordered-list\">\n<li>na\u00a0<a href=\"https:\/\/servicos.receita.fazenda.gov.br\/Servicos\/ConsRest\/Atual.app\/paginas\/index.asp?Erro=CPF%20inv%E1lido!\">p\u00e1gina da Receita na internet<\/a>;<\/li>\n<li>no aplicativo da Receita para tablets e smartphones.<\/li>\n<\/ul>\n<\/div>\n<div class=\"mc-column content-text active-extra-styles \" data-block-type=\"unstyled\" data-block-weight=\"10\" data-block-id=\"5\">\n<h5 class=\"content-text__container \" data-track-category=\"Link no Texto\"><strong>O lote do IR tamb\u00e9m contemplar\u00e1 contribuintes com prioridade legal:<\/strong><\/h5>\n<\/div>\n<div class=\"mc-column content-text active-extra-styles\" data-block-type=\"raw\" data-block-weight=\"34\" data-block-id=\"6\">\n<ul class=\"content-unordered-list\">\n<li>idosos acima de 80 anos (8.185);<\/li>\n<li>pessoas entre 60 e 79 anos (67.893);<\/li>\n<li>contribuintes com alguma defici\u00eancia f\u00edsica ou mental ou mol\u00e9stia grave (6.088)<\/li>\n<li>contribuintes cuja maior fonte de renda seja o magist\u00e9rio (26.647)<\/li>\n<\/ul>\n<\/div>\n<div class=\"mc-column content-text active-extra-styles \" data-block-type=\"unstyled\" data-block-weight=\"12\" data-block-id=\"7\">\n<p class=\"content-text__container \" data-track-category=\"Link no Texto\" data-track-links=\"\">Segundo a Receita Federal, foram contemplados, ainda, 3.710.930 contribuintes n\u00e3o priorit\u00e1rios. J\u00e1 em rela\u00e7\u00e3o a malha fina do Imposto de Renda, o \u00f3rg\u00e3o explicou que o contribuinte poder\u00e1 saber, ao realizar a consulta, se h\u00e1 ou n\u00e3o pend\u00eancias que impe\u00e7am o pagamento da restitui\u00e7\u00e3o. Resumo, saber\u00e1 se caiu ou n\u00e3o na malha fina.<\/p>\n<div class=\"mc-column content-text active-extra-styles \" data-block-type=\"unstyled\" data-block-weight=\"30\" data-block-id=\"10\">\n<p class=\"content-text__container \" data-track-category=\"Link no Texto\" data-track-links=\"\">Para saber se est\u00e1 na malha fina, os contribuintes tamb\u00e9m podem acessar o &#8220;extrato&#8221; do Imposto de Renda no site da Receita Federal no chamado\u00a0<a href=\"https:\/\/cav.receita.fazenda.gov.br\/autenticacao\/login\" target=\"_blank\" rel=\"noopener noreferrer\">e-CAC (Centro Virtual de Atendimento)<\/a>.<\/p>\n<\/div>\n<div class=\"mc-column content-text active-extra-styles \" data-block-type=\"unstyled\" data-block-weight=\"27\" data-block-id=\"11\">\n<p class=\"content-text__container \" data-track-category=\"Link no Texto\" data-track-links=\"\">Para acessar o extrato do IR \u00e9 necess\u00e1rio utilizar o c\u00f3digo de acesso gerado na pr\u00f3pria p\u00e1gina da Receita Federal, ou certificado digital emitido por autoridade habilitada. As restitui\u00e7\u00f5es de declara\u00e7\u00f5es que apresentam inconsist\u00eancia (em situa\u00e7\u00e3o de malha) s\u00e3o liberadas apenas depois de corrigidas pelo cidad\u00e3o, ou ap\u00f3s o contribuinte apresentar comprova\u00e7\u00e3o de que sua declara\u00e7\u00e3o est\u00e1 correta.<\/p>\n<p data-track-category=\"Link no Texto\" data-track-links=\"\"><strong>LEIA TAMB\u00c9M<\/strong><\/p>\n<\/div>\n<p data-track-category=\"Link no Texto\" data-track-links=\"\"><a href=\"https:\/\/redenoticiaz.com.br\/blog\/2021\/08\/22\/mega-sena-uma-aposta-leva-o-premio-de-r-41-milhoes\">Mega-Sena: uma aposta leva o pr\u00eamio de R$ 41 milh\u00f5es<\/a><\/p>\n<\/div>\n<\/div>\n","protected":false},"excerpt":{"rendered":"<p>Nesta ter\u00e7a-feira (24), a Receita Federal vai abrir a partir das 10h, as consultas ao quarto lote de restitui\u00e7\u00e3o do Imposto de Renda de 2021. Ele \u00e9 relativo ao ano-base de 2020. Al\u00e9m disso, tamb\u00e9m ser\u00e3o contempladas restitui\u00e7\u00f5es residuais de anos anteriores. De acordo com a Receita, 3,81 milh\u00f5es de contribuintes receber\u00e3o a restitui\u00e7\u00e3o no &hellip;<\/p>\n","protected":false},"author":6,"featured_media":13104,"comment_status":"open","ping_status":"closed","sticky":false,"template":"","format":"standard","meta":{"footnotes":""},"categories":[97],"tags":[173,7697,12888,30893,2183],"class_list":["post-13102","post","type-post","status-publish","format-standard","has-post-thumbnail","hentry","category-economia","tag-brasil","tag-consulta","tag-imposto-de-renda","tag-lote-de-restituicao","tag-receita-federal"],"yoast_head":"<!-- This site is optimized with the Yoast SEO plugin v27.4 - https:\/\/yoast.com\/product\/yoast-seo-wordpress\/ -->\n<title>Quarto lote de restitui\u00e7\u00e3o do Imposto de Renda ser\u00e1 aberta para consultas - Litoral SP<\/title>\n<meta name=\"description\" content=\"Nesta ter\u00e7a-feira (24), a Receita Federal vai abrir a partir das 10h, as consultas ao quarto lote de restitui\u00e7\u00e3o do Imposto de Renda\" \/>\n<meta name=\"robots\" content=\"index, follow, max-snippet:-1, max-image-preview:large, max-video-preview:-1\" \/>\n<link rel=\"canonical\" href=\"https:\/\/redenoticiaz.com.br\/litoralsp\/2021\/08\/23\/quarto-lote-de-restituicao-do-imposto-de-renda-sera-aberta-para-consultas\" \/>\n<meta property=\"og:locale\" content=\"pt_BR\" \/>\n<meta property=\"og:type\" content=\"article\" \/>\n<meta property=\"og:title\" content=\"Quarto lote de restitui\u00e7\u00e3o do Imposto de Renda ser\u00e1 aberta para consultas - Litoral SP\" \/>\n<meta property=\"og:description\" content=\"Nesta ter\u00e7a-feira (24), a Receita Federal vai abrir a partir das 10h, as consultas ao quarto lote de restitui\u00e7\u00e3o do Imposto de Renda\" \/>\n<meta property=\"og:url\" content=\"https:\/\/redenoticiaz.com.br\/litoralsp\/2021\/08\/23\/quarto-lote-de-restituicao-do-imposto-de-renda-sera-aberta-para-consultas\" \/>\n<meta property=\"og:site_name\" content=\"Litoral SP\" \/>\n<meta property=\"article:published_time\" content=\"2021-08-23T14:38:00+00:00\" \/>\n<meta property=\"article:modified_time\" content=\"2021-08-23T14:43:34+00:00\" \/>\n<meta property=\"og:image\" content=\"https:\/\/redenoticiaz.com.br\/litoralsp\/wp-content\/uploads\/sites\/3\/2021\/08\/imposto-de-renda.jpg\" \/>\n\t<meta property=\"og:image:width\" content=\"1280\" \/>\n\t<meta property=\"og:image:height\" content=\"720\" \/>\n\t<meta property=\"og:image:type\" content=\"image\/jpeg\" \/>\n<meta name=\"author\" content=\"Leonardo Francisco\" \/>\n<meta name=\"twitter:card\" content=\"summary_large_image\" \/>\n<meta name=\"twitter:label1\" content=\"Escrito por\" \/>\n\t<meta name=\"twitter:data1\" content=\"Leonardo Francisco\" \/>\n\t<meta name=\"twitter:label2\" content=\"Est. tempo de leitura\" \/>\n\t<meta name=\"twitter:data2\" content=\"2 minutos\" \/>\n<script type=\"application\/ld+json\" class=\"yoast-schema-graph\">{\"@context\":\"https:\\\/\\\/schema.org\",\"@graph\":[{\"@type\":\"Article\",\"@id\":\"https:\\\/\\\/redenoticiaz.com.br\\\/litoralsp\\\/2021\\\/08\\\/23\\\/quarto-lote-de-restituicao-do-imposto-de-renda-sera-aberta-para-consultas#article\",\"isPartOf\":{\"@id\":\"https:\\\/\\\/redenoticiaz.com.br\\\/litoralsp\\\/2021\\\/08\\\/23\\\/quarto-lote-de-restituicao-do-imposto-de-renda-sera-aberta-para-consultas\"},\"author\":{\"name\":\"Leonardo Francisco\",\"@id\":\"https:\\\/\\\/redenoticiaz.com.br\\\/litoralsp\\\/#\\\/schema\\\/person\\\/0f0b8a5bdafefe82841e07ae8d81ecb3\"},\"headline\":\"Quarto lote de restitui\u00e7\u00e3o do Imposto de Renda ser\u00e1 aberta para consultas\",\"datePublished\":\"2021-08-23T14:38:00+00:00\",\"dateModified\":\"2021-08-23T14:43:34+00:00\",\"mainEntityOfPage\":{\"@id\":\"https:\\\/\\\/redenoticiaz.com.br\\\/litoralsp\\\/2021\\\/08\\\/23\\\/quarto-lote-de-restituicao-do-imposto-de-renda-sera-aberta-para-consultas\"},\"wordCount\":339,\"commentCount\":0,\"publisher\":{\"@id\":\"https:\\\/\\\/redenoticiaz.com.br\\\/litoralsp\\\/#organization\"},\"image\":{\"@id\":\"https:\\\/\\\/redenoticiaz.com.br\\\/litoralsp\\\/2021\\\/08\\\/23\\\/quarto-lote-de-restituicao-do-imposto-de-renda-sera-aberta-para-consultas#primaryimage\"},\"thumbnailUrl\":\"https:\\\/\\\/redenoticiaz.com.br\\\/litoralsp\\\/wp-content\\\/uploads\\\/sites\\\/3\\\/2021\\\/08\\\/imposto-de-renda.jpg\",\"keywords\":[\"Brasil\",\"CONSULTA\",\"IMPOSTO DE RENDA\",\"LOTE DE RESTITUI\u00c7\u00c3O\",\"Receita Federal\"],\"articleSection\":[\"Economia\"],\"inLanguage\":\"pt-BR\",\"potentialAction\":[{\"@type\":\"CommentAction\",\"name\":\"Comment\",\"target\":[\"https:\\\/\\\/redenoticiaz.com.br\\\/litoralsp\\\/2021\\\/08\\\/23\\\/quarto-lote-de-restituicao-do-imposto-de-renda-sera-aberta-para-consultas#respond\"]}]},{\"@type\":\"WebPage\",\"@id\":\"https:\\\/\\\/redenoticiaz.com.br\\\/litoralsp\\\/2021\\\/08\\\/23\\\/quarto-lote-de-restituicao-do-imposto-de-renda-sera-aberta-para-consultas\",\"url\":\"https:\\\/\\\/redenoticiaz.com.br\\\/litoralsp\\\/2021\\\/08\\\/23\\\/quarto-lote-de-restituicao-do-imposto-de-renda-sera-aberta-para-consultas\",\"name\":\"Quarto lote de restitui\u00e7\u00e3o do Imposto de Renda ser\u00e1 aberta para consultas - Litoral SP\",\"isPartOf\":{\"@id\":\"https:\\\/\\\/redenoticiaz.com.br\\\/litoralsp\\\/#website\"},\"primaryImageOfPage\":{\"@id\":\"https:\\\/\\\/redenoticiaz.com.br\\\/litoralsp\\\/2021\\\/08\\\/23\\\/quarto-lote-de-restituicao-do-imposto-de-renda-sera-aberta-para-consultas#primaryimage\"},\"image\":{\"@id\":\"https:\\\/\\\/redenoticiaz.com.br\\\/litoralsp\\\/2021\\\/08\\\/23\\\/quarto-lote-de-restituicao-do-imposto-de-renda-sera-aberta-para-consultas#primaryimage\"},\"thumbnailUrl\":\"https:\\\/\\\/redenoticiaz.com.br\\\/litoralsp\\\/wp-content\\\/uploads\\\/sites\\\/3\\\/2021\\\/08\\\/imposto-de-renda.jpg\",\"datePublished\":\"2021-08-23T14:38:00+00:00\",\"dateModified\":\"2021-08-23T14:43:34+00:00\",\"description\":\"Nesta ter\u00e7a-feira (24), a Receita Federal vai abrir a partir das 10h, as consultas ao quarto lote de restitui\u00e7\u00e3o do Imposto de Renda\",\"inLanguage\":\"pt-BR\",\"potentialAction\":[{\"@type\":\"ReadAction\",\"target\":[\"https:\\\/\\\/redenoticiaz.com.br\\\/litoralsp\\\/2021\\\/08\\\/23\\\/quarto-lote-de-restituicao-do-imposto-de-renda-sera-aberta-para-consultas\"]}]},{\"@type\":\"ImageObject\",\"inLanguage\":\"pt-BR\",\"@id\":\"https:\\\/\\\/redenoticiaz.com.br\\\/litoralsp\\\/2021\\\/08\\\/23\\\/quarto-lote-de-restituicao-do-imposto-de-renda-sera-aberta-para-consultas#primaryimage\",\"url\":\"https:\\\/\\\/redenoticiaz.com.br\\\/litoralsp\\\/wp-content\\\/uploads\\\/sites\\\/3\\\/2021\\\/08\\\/imposto-de-renda.jpg\",\"contentUrl\":\"https:\\\/\\\/redenoticiaz.com.br\\\/litoralsp\\\/wp-content\\\/uploads\\\/sites\\\/3\\\/2021\\\/08\\\/imposto-de-renda.jpg\",\"width\":1280,\"height\":720},{\"@type\":\"WebSite\",\"@id\":\"https:\\\/\\\/redenoticiaz.com.br\\\/litoralsp\\\/#website\",\"url\":\"https:\\\/\\\/redenoticiaz.com.br\\\/litoralsp\\\/\",\"name\":\"Litoral SP\",\"description\":\"Rede NoticiaZ\",\"publisher\":{\"@id\":\"https:\\\/\\\/redenoticiaz.com.br\\\/litoralsp\\\/#organization\"},\"potentialAction\":[{\"@type\":\"SearchAction\",\"target\":{\"@type\":\"EntryPoint\",\"urlTemplate\":\"https:\\\/\\\/redenoticiaz.com.br\\\/litoralsp\\\/?s={search_term_string}\"},\"query-input\":{\"@type\":\"PropertyValueSpecification\",\"valueRequired\":true,\"valueName\":\"search_term_string\"}}],\"inLanguage\":\"pt-BR\"},{\"@type\":\"Organization\",\"@id\":\"https:\\\/\\\/redenoticiaz.com.br\\\/litoralsp\\\/#organization\",\"name\":\"Litoral SP\",\"url\":\"https:\\\/\\\/redenoticiaz.com.br\\\/litoralsp\\\/\",\"logo\":{\"@type\":\"ImageObject\",\"inLanguage\":\"pt-BR\",\"@id\":\"https:\\\/\\\/redenoticiaz.com.br\\\/litoralsp\\\/#\\\/schema\\\/logo\\\/image\\\/\",\"url\":\"https:\\\/\\\/redenoticiaz.com.br\\\/litoralsp\\\/wp-content\\\/uploads\\\/sites\\\/3\\\/2020\\\/11\\\/logo.jpg\",\"contentUrl\":\"https:\\\/\\\/redenoticiaz.com.br\\\/litoralsp\\\/wp-content\\\/uploads\\\/sites\\\/3\\\/2020\\\/11\\\/logo.jpg\",\"width\":400,\"height\":250,\"caption\":\"Litoral SP\"},\"image\":{\"@id\":\"https:\\\/\\\/redenoticiaz.com.br\\\/litoralsp\\\/#\\\/schema\\\/logo\\\/image\\\/\"}},{\"@type\":\"Person\",\"@id\":\"https:\\\/\\\/redenoticiaz.com.br\\\/litoralsp\\\/#\\\/schema\\\/person\\\/0f0b8a5bdafefe82841e07ae8d81ecb3\",\"name\":\"Leonardo Francisco\",\"image\":{\"@type\":\"ImageObject\",\"inLanguage\":\"pt-BR\",\"@id\":\"https:\\\/\\\/secure.gravatar.com\\\/avatar\\\/a7358cb406a99b682ec6df1e77e31ae82e63601f6784e8a3df411d72b37864da?s=96&d=mm&r=g\",\"url\":\"https:\\\/\\\/secure.gravatar.com\\\/avatar\\\/a7358cb406a99b682ec6df1e77e31ae82e63601f6784e8a3df411d72b37864da?s=96&d=mm&r=g\",\"contentUrl\":\"https:\\\/\\\/secure.gravatar.com\\\/avatar\\\/a7358cb406a99b682ec6df1e77e31ae82e63601f6784e8a3df411d72b37864da?s=96&d=mm&r=g\",\"caption\":\"Leonardo Francisco\"},\"url\":\"https:\\\/\\\/redenoticiaz.com.br\\\/litoralsp\\\/author\\\/leonardo-francisco\"}]}<\/script>\n<!-- \/ Yoast SEO plugin. -->","yoast_head_json":{"title":"Quarto lote de restitui\u00e7\u00e3o do Imposto de Renda ser\u00e1 aberta para consultas - Litoral SP","description":"Nesta ter\u00e7a-feira (24), a Receita Federal vai abrir a partir das 10h, as consultas ao quarto lote de restitui\u00e7\u00e3o do Imposto de Renda","robots":{"index":"index","follow":"follow","max-snippet":"max-snippet:-1","max-image-preview":"max-image-preview:large","max-video-preview":"max-video-preview:-1"},"canonical":"https:\/\/redenoticiaz.com.br\/litoralsp\/2021\/08\/23\/quarto-lote-de-restituicao-do-imposto-de-renda-sera-aberta-para-consultas","og_locale":"pt_BR","og_type":"article","og_title":"Quarto lote de restitui\u00e7\u00e3o do Imposto de Renda ser\u00e1 aberta para consultas - Litoral SP","og_description":"Nesta ter\u00e7a-feira (24), a Receita Federal vai abrir a partir das 10h, as consultas ao quarto lote de restitui\u00e7\u00e3o do Imposto de Renda","og_url":"https:\/\/redenoticiaz.com.br\/litoralsp\/2021\/08\/23\/quarto-lote-de-restituicao-do-imposto-de-renda-sera-aberta-para-consultas","og_site_name":"Litoral SP","article_published_time":"2021-08-23T14:38:00+00:00","article_modified_time":"2021-08-23T14:43:34+00:00","og_image":[{"width":1280,"height":720,"url":"https:\/\/redenoticiaz.com.br\/litoralsp\/wp-content\/uploads\/sites\/3\/2021\/08\/imposto-de-renda.jpg","type":"image\/jpeg"}],"author":"Leonardo Francisco","twitter_card":"summary_large_image","twitter_misc":{"Escrito por":"Leonardo Francisco","Est. tempo de leitura":"2 minutos"},"schema":{"@context":"https:\/\/schema.org","@graph":[{"@type":"Article","@id":"https:\/\/redenoticiaz.com.br\/litoralsp\/2021\/08\/23\/quarto-lote-de-restituicao-do-imposto-de-renda-sera-aberta-para-consultas#article","isPartOf":{"@id":"https:\/\/redenoticiaz.com.br\/litoralsp\/2021\/08\/23\/quarto-lote-de-restituicao-do-imposto-de-renda-sera-aberta-para-consultas"},"author":{"name":"Leonardo Francisco","@id":"https:\/\/redenoticiaz.com.br\/litoralsp\/#\/schema\/person\/0f0b8a5bdafefe82841e07ae8d81ecb3"},"headline":"Quarto lote de restitui\u00e7\u00e3o do Imposto de Renda ser\u00e1 aberta para consultas","datePublished":"2021-08-23T14:38:00+00:00","dateModified":"2021-08-23T14:43:34+00:00","mainEntityOfPage":{"@id":"https:\/\/redenoticiaz.com.br\/litoralsp\/2021\/08\/23\/quarto-lote-de-restituicao-do-imposto-de-renda-sera-aberta-para-consultas"},"wordCount":339,"commentCount":0,"publisher":{"@id":"https:\/\/redenoticiaz.com.br\/litoralsp\/#organization"},"image":{"@id":"https:\/\/redenoticiaz.com.br\/litoralsp\/2021\/08\/23\/quarto-lote-de-restituicao-do-imposto-de-renda-sera-aberta-para-consultas#primaryimage"},"thumbnailUrl":"https:\/\/redenoticiaz.com.br\/litoralsp\/wp-content\/uploads\/sites\/3\/2021\/08\/imposto-de-renda.jpg","keywords":["Brasil","CONSULTA","IMPOSTO DE RENDA","LOTE DE RESTITUI\u00c7\u00c3O","Receita Federal"],"articleSection":["Economia"],"inLanguage":"pt-BR","potentialAction":[{"@type":"CommentAction","name":"Comment","target":["https:\/\/redenoticiaz.com.br\/litoralsp\/2021\/08\/23\/quarto-lote-de-restituicao-do-imposto-de-renda-sera-aberta-para-consultas#respond"]}]},{"@type":"WebPage","@id":"https:\/\/redenoticiaz.com.br\/litoralsp\/2021\/08\/23\/quarto-lote-de-restituicao-do-imposto-de-renda-sera-aberta-para-consultas","url":"https:\/\/redenoticiaz.com.br\/litoralsp\/2021\/08\/23\/quarto-lote-de-restituicao-do-imposto-de-renda-sera-aberta-para-consultas","name":"Quarto lote de restitui\u00e7\u00e3o do Imposto de Renda ser\u00e1 aberta para consultas - Litoral SP","isPartOf":{"@id":"https:\/\/redenoticiaz.com.br\/litoralsp\/#website"},"primaryImageOfPage":{"@id":"https:\/\/redenoticiaz.com.br\/litoralsp\/2021\/08\/23\/quarto-lote-de-restituicao-do-imposto-de-renda-sera-aberta-para-consultas#primaryimage"},"image":{"@id":"https:\/\/redenoticiaz.com.br\/litoralsp\/2021\/08\/23\/quarto-lote-de-restituicao-do-imposto-de-renda-sera-aberta-para-consultas#primaryimage"},"thumbnailUrl":"https:\/\/redenoticiaz.com.br\/litoralsp\/wp-content\/uploads\/sites\/3\/2021\/08\/imposto-de-renda.jpg","datePublished":"2021-08-23T14:38:00+00:00","dateModified":"2021-08-23T14:43:34+00:00","description":"Nesta ter\u00e7a-feira (24), a Receita Federal vai abrir a partir das 10h, as consultas ao quarto lote de restitui\u00e7\u00e3o do Imposto de Renda","inLanguage":"pt-BR","potentialAction":[{"@type":"ReadAction","target":["https:\/\/redenoticiaz.com.br\/litoralsp\/2021\/08\/23\/quarto-lote-de-restituicao-do-imposto-de-renda-sera-aberta-para-consultas"]}]},{"@type":"ImageObject","inLanguage":"pt-BR","@id":"https:\/\/redenoticiaz.com.br\/litoralsp\/2021\/08\/23\/quarto-lote-de-restituicao-do-imposto-de-renda-sera-aberta-para-consultas#primaryimage","url":"https:\/\/redenoticiaz.com.br\/litoralsp\/wp-content\/uploads\/sites\/3\/2021\/08\/imposto-de-renda.jpg","contentUrl":"https:\/\/redenoticiaz.com.br\/litoralsp\/wp-content\/uploads\/sites\/3\/2021\/08\/imposto-de-renda.jpg","width":1280,"height":720},{"@type":"WebSite","@id":"https:\/\/redenoticiaz.com.br\/litoralsp\/#website","url":"https:\/\/redenoticiaz.com.br\/litoralsp\/","name":"Litoral SP","description":"Rede NoticiaZ","publisher":{"@id":"https:\/\/redenoticiaz.com.br\/litoralsp\/#organization"},"potentialAction":[{"@type":"SearchAction","target":{"@type":"EntryPoint","urlTemplate":"https:\/\/redenoticiaz.com.br\/litoralsp\/?s={search_term_string}"},"query-input":{"@type":"PropertyValueSpecification","valueRequired":true,"valueName":"search_term_string"}}],"inLanguage":"pt-BR"},{"@type":"Organization","@id":"https:\/\/redenoticiaz.com.br\/litoralsp\/#organization","name":"Litoral SP","url":"https:\/\/redenoticiaz.com.br\/litoralsp\/","logo":{"@type":"ImageObject","inLanguage":"pt-BR","@id":"https:\/\/redenoticiaz.com.br\/litoralsp\/#\/schema\/logo\/image\/","url":"https:\/\/redenoticiaz.com.br\/litoralsp\/wp-content\/uploads\/sites\/3\/2020\/11\/logo.jpg","contentUrl":"https:\/\/redenoticiaz.com.br\/litoralsp\/wp-content\/uploads\/sites\/3\/2020\/11\/logo.jpg","width":400,"height":250,"caption":"Litoral SP"},"image":{"@id":"https:\/\/redenoticiaz.com.br\/litoralsp\/#\/schema\/logo\/image\/"}},{"@type":"Person","@id":"https:\/\/redenoticiaz.com.br\/litoralsp\/#\/schema\/person\/0f0b8a5bdafefe82841e07ae8d81ecb3","name":"Leonardo Francisco","image":{"@type":"ImageObject","inLanguage":"pt-BR","@id":"https:\/\/secure.gravatar.com\/avatar\/a7358cb406a99b682ec6df1e77e31ae82e63601f6784e8a3df411d72b37864da?s=96&d=mm&r=g","url":"https:\/\/secure.gravatar.com\/avatar\/a7358cb406a99b682ec6df1e77e31ae82e63601f6784e8a3df411d72b37864da?s=96&d=mm&r=g","contentUrl":"https:\/\/secure.gravatar.com\/avatar\/a7358cb406a99b682ec6df1e77e31ae82e63601f6784e8a3df411d72b37864da?s=96&d=mm&r=g","caption":"Leonardo Francisco"},"url":"https:\/\/redenoticiaz.com.br\/litoralsp\/author\/leonardo-francisco"}]}},"_links":{"self":[{"href":"https:\/\/redenoticiaz.com.br\/litoralsp\/wp-json\/wp\/v2\/posts\/13102","targetHints":{"allow":["GET"]}}],"collection":[{"href":"https:\/\/redenoticiaz.com.br\/litoralsp\/wp-json\/wp\/v2\/posts"}],"about":[{"href":"https:\/\/redenoticiaz.com.br\/litoralsp\/wp-json\/wp\/v2\/types\/post"}],"author":[{"embeddable":true,"href":"https:\/\/redenoticiaz.com.br\/litoralsp\/wp-json\/wp\/v2\/users\/6"}],"replies":[{"embeddable":true,"href":"https:\/\/redenoticiaz.com.br\/litoralsp\/wp-json\/wp\/v2\/comments?post=13102"}],"version-history":[{"count":2,"href":"https:\/\/redenoticiaz.com.br\/litoralsp\/wp-json\/wp\/v2\/posts\/13102\/revisions"}],"predecessor-version":[{"id":13105,"href":"https:\/\/redenoticiaz.com.br\/litoralsp\/wp-json\/wp\/v2\/posts\/13102\/revisions\/13105"}],"wp:featuredmedia":[{"embeddable":true,"href":"https:\/\/redenoticiaz.com.br\/litoralsp\/wp-json\/wp\/v2\/media\/13104"}],"wp:attachment":[{"href":"https:\/\/redenoticiaz.com.br\/litoralsp\/wp-json\/wp\/v2\/media?parent=13102"}],"wp:term":[{"taxonomy":"category","embeddable":true,"href":"https:\/\/redenoticiaz.com.br\/litoralsp\/wp-json\/wp\/v2\/categories?post=13102"},{"taxonomy":"post_tag","embeddable":true,"href":"https:\/\/redenoticiaz.com.br\/litoralsp\/wp-json\/wp\/v2\/tags?post=13102"}],"curies":[{"name":"wp","href":"https:\/\/api.w.org\/{rel}","templated":true}]}}