{"id":13158,"date":"2021-08-24T11:30:38","date_gmt":"2021-08-24T14:30:38","guid":{"rendered":"https:\/\/redenoticiaz.com.br\/litoralsp\/2021\/08\/24\/um-dia-de-caos-na-cptm-funcionarios-paralisam-circulacao-de-trens"},"modified":"2021-08-24T11:34:21","modified_gmt":"2021-08-24T14:34:21","slug":"um-dia-de-caos-na-cptm-funcionarios-paralisam-circulacao-de-trens","status":"publish","type":"post","link":"https:\/\/redenoticiaz.com.br\/litoralsp\/2021\/08\/24\/um-dia-de-caos-na-cptm-funcionarios-paralisam-circulacao-de-trens","title":{"rendered":"Um dia de caos na CPTM. Funcion\u00e1rios paralisam circula\u00e7\u00e3o de trens"},"content":{"rendered":"<p>Quem depende dos trens da Companhia Paulista de Trens Metropolitanos (<a href=\"https:\/\/www.cptm.sp.gov.br\/Pages\/Home.aspx\">CPTM<\/a>) teve uma ter\u00e7a-feira (24) de caos. <strong>Funcion\u00e1rios<\/strong> que trabalham nas linhas 11-Coral, 12-Safira e 13-Jade come\u00e7aram uma greve e <strong>paralisaram de forma parcial<\/strong> a circula\u00e7\u00e3o dos trens.<\/p>\n<p>Em alguns trechos foi necess\u00e1ria a implanta\u00e7\u00e3o do sistema Paese, onde os \u00f4nibus s\u00e3o colocados para circularem no trajeto que \u00e9 feito por estas linhas de trem. Geralmente elas s\u00e3o acionadas em caso de emerg\u00eancia no sistema ferrovi\u00e1rio. Al\u00e9m disso, o Metr\u00f4 tamb\u00e9m aumentou a demanda para ajudar a popula\u00e7\u00e3o. A Linha 3-Vermelha, que faz o transporte entre as zonas Oeste e Leste conta com mais trens. E tamb\u00e9m liberou a integra\u00e7\u00e3o gratuita nas esta\u00e7\u00f5es Itaquera e Tatuap\u00e9. Demais linhas do Metr\u00f4 operam normalmente.<\/p>\n<p>Por causa da greve, a SPTrans acionou o Plano de Atendimento entre Empresas de Transporte em Situa\u00e7\u00e3o de Emerg\u00eancia\u00a0<span class=\"highlight highlighted\">(Paese) desde 4h entre as esta\u00e7\u00f5es Jd. Romano e Tatuap\u00e9<\/span>. O presidente da CPTM, Pedro Moro, explicou que os \u00f4nibus da opera\u00e7\u00e3o Paese foram acionados para minimizar o impacto da paralisa\u00e7\u00e3o. Mas n\u00e3o conseguem atender a demanda de passageiros e prestar o servi\u00e7o na mesma velocidade.<\/p>\n<div class=\"mc-column content-text active-extra-styles \" data-block-type=\"unstyled\" data-block-weight=\"55\" data-block-id=\"16\">\n<p class=\"content-text__container \" data-track-category=\"Link no Texto\" data-track-links=\"\">&#8220;Um trem da CPTM comporta cerca de 2, 2 mil pessoas. Um \u00f4nibus transporta 60. Ent\u00e3o, para voc\u00ea atender toda a demanda, n\u00e3o h\u00e1 \u00f4nibus suficiente. N\u00f3s solicitamos todos os \u00f4nibus que pudemos, por que \u00e9 uma frota reserva da companhia para poder atender, mas infelizmente n\u00e3o d\u00e1 conta de todo o movimento&#8221;, afirmou.<\/p>\n<h5 data-track-category=\"Link no Texto\">Confira como est\u00e1 o transporte ferrovi\u00e1rio da CPTM:<\/h5>\n<ul class=\"content-unordered-list\">\n<li><strong>Linha 7 &#8211; Rubi<\/strong>: opera\u00e7\u00e3o normal<\/li>\n<li><strong>8 &#8211; Diamante<\/strong>: opera\u00e7\u00e3o normal<\/li>\n<li><strong>9 &#8211; Esmeralda<\/strong>: opera\u00e7\u00e3o normal<\/li>\n<li><strong>10 &#8211; Turquesa<\/strong>: opera\u00e7\u00e3o normal<\/li>\n<li><strong>11 &#8211; Coral<\/strong>:\u00a0<span class=\"highlight highlighted\">opera\u00e7\u00e3o parcial<\/span><\/li>\n<li><strong>12 &#8211; Safira<\/strong>:\u00a0<span class=\"highlight highlighted\">paralisada<\/span><\/li>\n<li><strong>13 &#8211; Jade<\/strong>:\u00a0<span class=\"highlight highlighted\">paralisada<\/span><\/li>\n<\/ul>\n<h3 data-track-category=\"Link no Texto\">Pedidos dos trabalhadores<\/h3>\n<p>Segundo o sindicato que representa as linhas 11-Coral, 12-Safira e 13-Jade pedem reposi\u00e7\u00e3o da infla\u00e7\u00e3o e retroativo pago em agosto e setembro. A CPTM oferece reajuste de 4% em agosto de 2021 e 6% em janeiro de 2022, com parcelamento do retroativo a partir de fevereiro de 2022.<\/p>\n<div class=\"mc-column content-text active-extra-styles \" data-block-type=\"unstyled\" data-block-weight=\"28\" data-block-id=\"20\">\n<p class=\"content-text__container \" data-track-category=\"Link no Texto\" data-track-links=\"\">O secret\u00e1rio-geral do sindicato, M\u00facio Alexandre Bracarense, afirma que a categoria tenta negociar h\u00e1 dois anos, e relata o descaso e desrespeito nas tratativas com a empresa. Segundo ele, o sindicato foi chamado pelo secret\u00e1rio de Transportes para uma conversa e, ap\u00f3s mais de duas horas de espera, o encontro foi cancelado.<\/p>\n<\/div>\n<div class=\"mc-column content-text active-extra-styles \" data-block-type=\"unstyled\" data-block-weight=\"40\" data-block-id=\"22\">\n<p class=\"content-text__container \" data-track-category=\"Link no Texto\" data-track-links=\"\">Ele tamb\u00e9m afirma o governo tenta mudar a narrativa da greve para colocar a popula\u00e7\u00e3o contra. Bracarense diz que a categoria n\u00e3o pleiteia aumento mas, sim, um reajuste. &#8220;Ningu\u00e9m est\u00e1 falando em aumento. Estamos falando em reajuste&#8221;, diz.<\/p>\n<\/div>\n<div class=\"mc-column content-text active-extra-styles \" data-block-type=\"unstyled\" data-block-weight=\"18\" data-block-id=\"23\">\n<p class=\"content-text__container \" data-track-category=\"Link no Texto\" data-track-links=\"\">Ainda de acordo com o secret\u00e1rio-geral, 65 a 70% [dos trabalhadores] ganham em torno de R$ 3,5 mil. &#8220;Existe um reajuste que tem que ser retroativo a mar\u00e7o do ano passado e a mar\u00e7o deste ano. Que isso n\u00e3o seja feito em dez parcelas. (&#8230;) Queremos que o governo nos fa\u00e7a uma proposta realmente poss\u00edvel de ser aceita. Pague um retroativo em agosto e outro em setembro&#8221;.<\/p>\n<h3 data-track-category=\"Link no Texto\">Preju\u00edzos para a popula\u00e7\u00e3o<\/h3>\n<p>As tr\u00eas linhas afetadas pela greve\u00a0 atendem a 560 mil passageiros por dia \u00fatil. A paralisa\u00e7\u00e3o, decidida ap\u00f3s assembleia na noite de segunda-feira (23), \u00e9 por tempo indeterminado.<\/p>\n<div class=\"mc-column content-text active-extra-styles \" data-block-type=\"unstyled\" data-block-weight=\"34\" data-block-id=\"27\">\n<p class=\"content-text__container \" data-track-category=\"Link no Texto\" data-track-links=\"\">Em decis\u00e3o liminar feita a pedido da CPTM, o desembargador Rafael E. Pugliese Ribeiro determinou que os grevistas mantenham pelo menos 70% dos trens funcionando e dos funcion\u00e1rios trabalhando nos hor\u00e1rios de pico.<\/p>\n<\/div>\n<div class=\"mc-column content-text active-extra-styles \" data-block-type=\"unstyled\" data-block-weight=\"30\" data-block-id=\"28\">\n<p class=\"content-text__container \" data-track-category=\"Link no Texto\" data-track-links=\"\">A exig\u00eancia vale para os per\u00edodos das 5h \u00e0s 9h e das 17h \u00e0s 20h. No restante do dia, os grevistas devem manter em funcionamento, pelo menos, 50% dos trens.<\/p>\n<p data-track-category=\"Link no Texto\" data-track-links=\"\"><strong>LEIA TAMB\u00c9M<\/strong><\/p>\n<p data-track-category=\"Link no Texto\" data-track-links=\"\"><a href=\"https:\/\/redenoticiaz.com.br\/blog\/2021\/08\/13\/linha-7-rubi-da-cptm-terao-mudancas-na-circulacao\">Linha 7 \u2013 Rubi da CPTM ter\u00e3o mudan\u00e7as na circula\u00e7\u00e3o<\/a><\/p>\n<\/div>\n<\/div>\n<\/div>\n","protected":false},"excerpt":{"rendered":"<p>Quem depende dos trens da Companhia Paulista de Trens Metropolitanos (CPTM) teve uma ter\u00e7a-feira (24) de caos. Funcion\u00e1rios que trabalham nas linhas 11-Coral, 12-Safira e 13-Jade come\u00e7aram uma greve e paralisaram de forma parcial a circula\u00e7\u00e3o dos trens. Em alguns trechos foi necess\u00e1ria a implanta\u00e7\u00e3o do sistema Paese, onde os \u00f4nibus s\u00e3o colocados para circularem &hellip;<\/p>\n","protected":false},"author":6,"featured_media":13159,"comment_status":"open","ping_status":"closed","sticky":false,"template":"","format":"standard","meta":{"footnotes":""},"categories":[88],"tags":[31007,31008,31009,31010,31011,31012,31013,2834,65],"class_list":["post-13158","post","type-post","status-publish","format-standard","has-post-thumbnail","hentry","category-transportes","tag-companhia-paulista-de-trens-metropolitanos","tag-cptm","tag-grande-sao-paulo","tag-greve-dos-ferroviarios","tag-linha-11-coral","tag-linha-12-safira","tag-linha-13-jade","tag-paralisacao","tag-sao-paulo"],"yoast_head":"<!-- This site is optimized with the Yoast SEO plugin v27.5 - https:\/\/yoast.com\/product\/yoast-seo-wordpress\/ -->\n<title>Um dia de caos na CPTM. Funcion\u00e1rios paralisam circula\u00e7\u00e3o de trens - Litoral SP<\/title>\n<meta name=\"description\" content=\"Quem depende dos trens da Companhia Paulista de Trens Metropolitanos (CPTM) teve uma ter\u00e7a-feira (24) de caos. Funcion\u00e1rios\" \/>\n<meta name=\"robots\" content=\"index, follow, max-snippet:-1, max-image-preview:large, max-video-preview:-1\" \/>\n<link rel=\"canonical\" href=\"https:\/\/redenoticiaz.com.br\/litoralsp\/2021\/08\/24\/um-dia-de-caos-na-cptm-funcionarios-paralisam-circulacao-de-trens\" \/>\n<meta property=\"og:locale\" content=\"pt_BR\" \/>\n<meta property=\"og:type\" content=\"article\" \/>\n<meta property=\"og:title\" content=\"Um dia de caos na CPTM. Funcion\u00e1rios paralisam circula\u00e7\u00e3o de trens - Litoral SP\" \/>\n<meta property=\"og:description\" content=\"Quem depende dos trens da Companhia Paulista de Trens Metropolitanos (CPTM) teve uma ter\u00e7a-feira (24) de caos. Funcion\u00e1rios\" \/>\n<meta property=\"og:url\" content=\"https:\/\/redenoticiaz.com.br\/litoralsp\/2021\/08\/24\/um-dia-de-caos-na-cptm-funcionarios-paralisam-circulacao-de-trens\" \/>\n<meta property=\"og:site_name\" content=\"Litoral SP\" \/>\n<meta property=\"article:published_time\" content=\"2021-08-24T14:30:38+00:00\" \/>\n<meta property=\"article:modified_time\" content=\"2021-08-24T14:34:21+00:00\" \/>\n<meta property=\"og:image\" content=\"https:\/\/redenoticiaz.com.br\/litoralsp\/wp-content\/uploads\/sites\/3\/2021\/08\/cptm.jpeg\" \/>\n\t<meta property=\"og:image:width\" content=\"1000\" \/>\n\t<meta property=\"og:image:height\" content=\"563\" \/>\n\t<meta property=\"og:image:type\" content=\"image\/jpeg\" \/>\n<meta name=\"author\" content=\"Leonardo Francisco\" \/>\n<meta name=\"twitter:card\" content=\"summary_large_image\" \/>\n<meta name=\"twitter:label1\" content=\"Escrito por\" \/>\n\t<meta name=\"twitter:data1\" content=\"Leonardo Francisco\" \/>\n\t<meta name=\"twitter:label2\" content=\"Est. tempo de leitura\" \/>\n\t<meta name=\"twitter:data2\" content=\"3 minutos\" \/>\n<script type=\"application\/ld+json\" class=\"yoast-schema-graph\">{\"@context\":\"https:\\\/\\\/schema.org\",\"@graph\":[{\"@type\":\"Article\",\"@id\":\"https:\\\/\\\/redenoticiaz.com.br\\\/litoralsp\\\/2021\\\/08\\\/24\\\/um-dia-de-caos-na-cptm-funcionarios-paralisam-circulacao-de-trens#article\",\"isPartOf\":{\"@id\":\"https:\\\/\\\/redenoticiaz.com.br\\\/litoralsp\\\/2021\\\/08\\\/24\\\/um-dia-de-caos-na-cptm-funcionarios-paralisam-circulacao-de-trens\"},\"author\":{\"name\":\"Leonardo Francisco\",\"@id\":\"https:\\\/\\\/redenoticiaz.com.br\\\/litoralsp\\\/#\\\/schema\\\/person\\\/0f0b8a5bdafefe82841e07ae8d81ecb3\"},\"headline\":\"Um dia de caos na CPTM. Funcion\u00e1rios paralisam circula\u00e7\u00e3o de trens\",\"datePublished\":\"2021-08-24T14:30:38+00:00\",\"dateModified\":\"2021-08-24T14:34:21+00:00\",\"mainEntityOfPage\":{\"@id\":\"https:\\\/\\\/redenoticiaz.com.br\\\/litoralsp\\\/2021\\\/08\\\/24\\\/um-dia-de-caos-na-cptm-funcionarios-paralisam-circulacao-de-trens\"},\"wordCount\":645,\"commentCount\":0,\"publisher\":{\"@id\":\"https:\\\/\\\/redenoticiaz.com.br\\\/litoralsp\\\/#organization\"},\"image\":{\"@id\":\"https:\\\/\\\/redenoticiaz.com.br\\\/litoralsp\\\/2021\\\/08\\\/24\\\/um-dia-de-caos-na-cptm-funcionarios-paralisam-circulacao-de-trens#primaryimage\"},\"thumbnailUrl\":\"https:\\\/\\\/redenoticiaz.com.br\\\/litoralsp\\\/wp-content\\\/uploads\\\/sites\\\/3\\\/2021\\\/08\\\/cptm.jpeg\",\"keywords\":[\"COMPANHIA PAULISTA DE TRENS METROPOLITANOS\",\"cptm\",\"GRANDE S\u00c3O PAULO\",\"GREVE DOS FERROVI\u00c1RIOS\",\"LINHA 11-CORAL\",\"LINHA 12-SAFIRA\",\"LINHA 13-JADE\",\"PARALISA\u00c7\u00c3O\",\"S\u00e3o Paulo\"],\"articleSection\":[\"Transportes\"],\"inLanguage\":\"pt-BR\",\"potentialAction\":[{\"@type\":\"CommentAction\",\"name\":\"Comment\",\"target\":[\"https:\\\/\\\/redenoticiaz.com.br\\\/litoralsp\\\/2021\\\/08\\\/24\\\/um-dia-de-caos-na-cptm-funcionarios-paralisam-circulacao-de-trens#respond\"]}]},{\"@type\":\"WebPage\",\"@id\":\"https:\\\/\\\/redenoticiaz.com.br\\\/litoralsp\\\/2021\\\/08\\\/24\\\/um-dia-de-caos-na-cptm-funcionarios-paralisam-circulacao-de-trens\",\"url\":\"https:\\\/\\\/redenoticiaz.com.br\\\/litoralsp\\\/2021\\\/08\\\/24\\\/um-dia-de-caos-na-cptm-funcionarios-paralisam-circulacao-de-trens\",\"name\":\"Um dia de caos na CPTM. Funcion\u00e1rios paralisam circula\u00e7\u00e3o de trens - Litoral SP\",\"isPartOf\":{\"@id\":\"https:\\\/\\\/redenoticiaz.com.br\\\/litoralsp\\\/#website\"},\"primaryImageOfPage\":{\"@id\":\"https:\\\/\\\/redenoticiaz.com.br\\\/litoralsp\\\/2021\\\/08\\\/24\\\/um-dia-de-caos-na-cptm-funcionarios-paralisam-circulacao-de-trens#primaryimage\"},\"image\":{\"@id\":\"https:\\\/\\\/redenoticiaz.com.br\\\/litoralsp\\\/2021\\\/08\\\/24\\\/um-dia-de-caos-na-cptm-funcionarios-paralisam-circulacao-de-trens#primaryimage\"},\"thumbnailUrl\":\"https:\\\/\\\/redenoticiaz.com.br\\\/litoralsp\\\/wp-content\\\/uploads\\\/sites\\\/3\\\/2021\\\/08\\\/cptm.jpeg\",\"datePublished\":\"2021-08-24T14:30:38+00:00\",\"dateModified\":\"2021-08-24T14:34:21+00:00\",\"description\":\"Quem depende dos trens da Companhia Paulista de Trens Metropolitanos (CPTM) teve uma ter\u00e7a-feira (24) de caos. Funcion\u00e1rios\",\"inLanguage\":\"pt-BR\",\"potentialAction\":[{\"@type\":\"ReadAction\",\"target\":[\"https:\\\/\\\/redenoticiaz.com.br\\\/litoralsp\\\/2021\\\/08\\\/24\\\/um-dia-de-caos-na-cptm-funcionarios-paralisam-circulacao-de-trens\"]}]},{\"@type\":\"ImageObject\",\"inLanguage\":\"pt-BR\",\"@id\":\"https:\\\/\\\/redenoticiaz.com.br\\\/litoralsp\\\/2021\\\/08\\\/24\\\/um-dia-de-caos-na-cptm-funcionarios-paralisam-circulacao-de-trens#primaryimage\",\"url\":\"https:\\\/\\\/redenoticiaz.com.br\\\/litoralsp\\\/wp-content\\\/uploads\\\/sites\\\/3\\\/2021\\\/08\\\/cptm.jpeg\",\"contentUrl\":\"https:\\\/\\\/redenoticiaz.com.br\\\/litoralsp\\\/wp-content\\\/uploads\\\/sites\\\/3\\\/2021\\\/08\\\/cptm.jpeg\",\"width\":1000,\"height\":563,\"caption\":\"Por causa da greve, a aglomera\u00e7\u00e3o, que j\u00e1 \u00e9 frequente foi ainda maior e muita gente foi prejudicada para chegar aos seus respectivos compromissos.\"},{\"@type\":\"WebSite\",\"@id\":\"https:\\\/\\\/redenoticiaz.com.br\\\/litoralsp\\\/#website\",\"url\":\"https:\\\/\\\/redenoticiaz.com.br\\\/litoralsp\\\/\",\"name\":\"Litoral SP\",\"description\":\"Rede NoticiaZ\",\"publisher\":{\"@id\":\"https:\\\/\\\/redenoticiaz.com.br\\\/litoralsp\\\/#organization\"},\"potentialAction\":[{\"@type\":\"SearchAction\",\"target\":{\"@type\":\"EntryPoint\",\"urlTemplate\":\"https:\\\/\\\/redenoticiaz.com.br\\\/litoralsp\\\/?s={search_term_string}\"},\"query-input\":{\"@type\":\"PropertyValueSpecification\",\"valueRequired\":true,\"valueName\":\"search_term_string\"}}],\"inLanguage\":\"pt-BR\"},{\"@type\":\"Organization\",\"@id\":\"https:\\\/\\\/redenoticiaz.com.br\\\/litoralsp\\\/#organization\",\"name\":\"Litoral SP\",\"url\":\"https:\\\/\\\/redenoticiaz.com.br\\\/litoralsp\\\/\",\"logo\":{\"@type\":\"ImageObject\",\"inLanguage\":\"pt-BR\",\"@id\":\"https:\\\/\\\/redenoticiaz.com.br\\\/litoralsp\\\/#\\\/schema\\\/logo\\\/image\\\/\",\"url\":\"https:\\\/\\\/redenoticiaz.com.br\\\/litoralsp\\\/wp-content\\\/uploads\\\/sites\\\/3\\\/2020\\\/11\\\/logo.jpg\",\"contentUrl\":\"https:\\\/\\\/redenoticiaz.com.br\\\/litoralsp\\\/wp-content\\\/uploads\\\/sites\\\/3\\\/2020\\\/11\\\/logo.jpg\",\"width\":400,\"height\":250,\"caption\":\"Litoral SP\"},\"image\":{\"@id\":\"https:\\\/\\\/redenoticiaz.com.br\\\/litoralsp\\\/#\\\/schema\\\/logo\\\/image\\\/\"}},{\"@type\":\"Person\",\"@id\":\"https:\\\/\\\/redenoticiaz.com.br\\\/litoralsp\\\/#\\\/schema\\\/person\\\/0f0b8a5bdafefe82841e07ae8d81ecb3\",\"name\":\"Leonardo Francisco\",\"image\":{\"@type\":\"ImageObject\",\"inLanguage\":\"pt-BR\",\"@id\":\"https:\\\/\\\/secure.gravatar.com\\\/avatar\\\/a7358cb406a99b682ec6df1e77e31ae82e63601f6784e8a3df411d72b37864da?s=96&d=mm&r=g\",\"url\":\"https:\\\/\\\/secure.gravatar.com\\\/avatar\\\/a7358cb406a99b682ec6df1e77e31ae82e63601f6784e8a3df411d72b37864da?s=96&d=mm&r=g\",\"contentUrl\":\"https:\\\/\\\/secure.gravatar.com\\\/avatar\\\/a7358cb406a99b682ec6df1e77e31ae82e63601f6784e8a3df411d72b37864da?s=96&d=mm&r=g\",\"caption\":\"Leonardo Francisco\"},\"url\":\"https:\\\/\\\/redenoticiaz.com.br\\\/litoralsp\\\/author\\\/leonardo-francisco\"}]}<\/script>\n<!-- \/ Yoast SEO plugin. -->","yoast_head_json":{"title":"Um dia de caos na CPTM. Funcion\u00e1rios paralisam circula\u00e7\u00e3o de trens - Litoral SP","description":"Quem depende dos trens da Companhia Paulista de Trens Metropolitanos (CPTM) teve uma ter\u00e7a-feira (24) de caos. Funcion\u00e1rios","robots":{"index":"index","follow":"follow","max-snippet":"max-snippet:-1","max-image-preview":"max-image-preview:large","max-video-preview":"max-video-preview:-1"},"canonical":"https:\/\/redenoticiaz.com.br\/litoralsp\/2021\/08\/24\/um-dia-de-caos-na-cptm-funcionarios-paralisam-circulacao-de-trens","og_locale":"pt_BR","og_type":"article","og_title":"Um dia de caos na CPTM. Funcion\u00e1rios paralisam circula\u00e7\u00e3o de trens - Litoral SP","og_description":"Quem depende dos trens da Companhia Paulista de Trens Metropolitanos (CPTM) teve uma ter\u00e7a-feira (24) de caos. Funcion\u00e1rios","og_url":"https:\/\/redenoticiaz.com.br\/litoralsp\/2021\/08\/24\/um-dia-de-caos-na-cptm-funcionarios-paralisam-circulacao-de-trens","og_site_name":"Litoral SP","article_published_time":"2021-08-24T14:30:38+00:00","article_modified_time":"2021-08-24T14:34:21+00:00","og_image":[{"width":1000,"height":563,"url":"https:\/\/redenoticiaz.com.br\/litoralsp\/wp-content\/uploads\/sites\/3\/2021\/08\/cptm.jpeg","type":"image\/jpeg"}],"author":"Leonardo Francisco","twitter_card":"summary_large_image","twitter_misc":{"Escrito por":"Leonardo Francisco","Est. tempo de leitura":"3 minutos"},"schema":{"@context":"https:\/\/schema.org","@graph":[{"@type":"Article","@id":"https:\/\/redenoticiaz.com.br\/litoralsp\/2021\/08\/24\/um-dia-de-caos-na-cptm-funcionarios-paralisam-circulacao-de-trens#article","isPartOf":{"@id":"https:\/\/redenoticiaz.com.br\/litoralsp\/2021\/08\/24\/um-dia-de-caos-na-cptm-funcionarios-paralisam-circulacao-de-trens"},"author":{"name":"Leonardo Francisco","@id":"https:\/\/redenoticiaz.com.br\/litoralsp\/#\/schema\/person\/0f0b8a5bdafefe82841e07ae8d81ecb3"},"headline":"Um dia de caos na CPTM. Funcion\u00e1rios paralisam circula\u00e7\u00e3o de trens","datePublished":"2021-08-24T14:30:38+00:00","dateModified":"2021-08-24T14:34:21+00:00","mainEntityOfPage":{"@id":"https:\/\/redenoticiaz.com.br\/litoralsp\/2021\/08\/24\/um-dia-de-caos-na-cptm-funcionarios-paralisam-circulacao-de-trens"},"wordCount":645,"commentCount":0,"publisher":{"@id":"https:\/\/redenoticiaz.com.br\/litoralsp\/#organization"},"image":{"@id":"https:\/\/redenoticiaz.com.br\/litoralsp\/2021\/08\/24\/um-dia-de-caos-na-cptm-funcionarios-paralisam-circulacao-de-trens#primaryimage"},"thumbnailUrl":"https:\/\/redenoticiaz.com.br\/litoralsp\/wp-content\/uploads\/sites\/3\/2021\/08\/cptm.jpeg","keywords":["COMPANHIA PAULISTA DE TRENS METROPOLITANOS","cptm","GRANDE S\u00c3O PAULO","GREVE DOS FERROVI\u00c1RIOS","LINHA 11-CORAL","LINHA 12-SAFIRA","LINHA 13-JADE","PARALISA\u00c7\u00c3O","S\u00e3o Paulo"],"articleSection":["Transportes"],"inLanguage":"pt-BR","potentialAction":[{"@type":"CommentAction","name":"Comment","target":["https:\/\/redenoticiaz.com.br\/litoralsp\/2021\/08\/24\/um-dia-de-caos-na-cptm-funcionarios-paralisam-circulacao-de-trens#respond"]}]},{"@type":"WebPage","@id":"https:\/\/redenoticiaz.com.br\/litoralsp\/2021\/08\/24\/um-dia-de-caos-na-cptm-funcionarios-paralisam-circulacao-de-trens","url":"https:\/\/redenoticiaz.com.br\/litoralsp\/2021\/08\/24\/um-dia-de-caos-na-cptm-funcionarios-paralisam-circulacao-de-trens","name":"Um dia de caos na CPTM. Funcion\u00e1rios paralisam circula\u00e7\u00e3o de trens - Litoral SP","isPartOf":{"@id":"https:\/\/redenoticiaz.com.br\/litoralsp\/#website"},"primaryImageOfPage":{"@id":"https:\/\/redenoticiaz.com.br\/litoralsp\/2021\/08\/24\/um-dia-de-caos-na-cptm-funcionarios-paralisam-circulacao-de-trens#primaryimage"},"image":{"@id":"https:\/\/redenoticiaz.com.br\/litoralsp\/2021\/08\/24\/um-dia-de-caos-na-cptm-funcionarios-paralisam-circulacao-de-trens#primaryimage"},"thumbnailUrl":"https:\/\/redenoticiaz.com.br\/litoralsp\/wp-content\/uploads\/sites\/3\/2021\/08\/cptm.jpeg","datePublished":"2021-08-24T14:30:38+00:00","dateModified":"2021-08-24T14:34:21+00:00","description":"Quem depende dos trens da Companhia Paulista de Trens Metropolitanos (CPTM) teve uma ter\u00e7a-feira (24) de caos. Funcion\u00e1rios","inLanguage":"pt-BR","potentialAction":[{"@type":"ReadAction","target":["https:\/\/redenoticiaz.com.br\/litoralsp\/2021\/08\/24\/um-dia-de-caos-na-cptm-funcionarios-paralisam-circulacao-de-trens"]}]},{"@type":"ImageObject","inLanguage":"pt-BR","@id":"https:\/\/redenoticiaz.com.br\/litoralsp\/2021\/08\/24\/um-dia-de-caos-na-cptm-funcionarios-paralisam-circulacao-de-trens#primaryimage","url":"https:\/\/redenoticiaz.com.br\/litoralsp\/wp-content\/uploads\/sites\/3\/2021\/08\/cptm.jpeg","contentUrl":"https:\/\/redenoticiaz.com.br\/litoralsp\/wp-content\/uploads\/sites\/3\/2021\/08\/cptm.jpeg","width":1000,"height":563,"caption":"Por causa da greve, a aglomera\u00e7\u00e3o, que j\u00e1 \u00e9 frequente foi ainda maior e muita gente foi prejudicada para chegar aos seus respectivos compromissos."},{"@type":"WebSite","@id":"https:\/\/redenoticiaz.com.br\/litoralsp\/#website","url":"https:\/\/redenoticiaz.com.br\/litoralsp\/","name":"Litoral SP","description":"Rede NoticiaZ","publisher":{"@id":"https:\/\/redenoticiaz.com.br\/litoralsp\/#organization"},"potentialAction":[{"@type":"SearchAction","target":{"@type":"EntryPoint","urlTemplate":"https:\/\/redenoticiaz.com.br\/litoralsp\/?s={search_term_string}"},"query-input":{"@type":"PropertyValueSpecification","valueRequired":true,"valueName":"search_term_string"}}],"inLanguage":"pt-BR"},{"@type":"Organization","@id":"https:\/\/redenoticiaz.com.br\/litoralsp\/#organization","name":"Litoral SP","url":"https:\/\/redenoticiaz.com.br\/litoralsp\/","logo":{"@type":"ImageObject","inLanguage":"pt-BR","@id":"https:\/\/redenoticiaz.com.br\/litoralsp\/#\/schema\/logo\/image\/","url":"https:\/\/redenoticiaz.com.br\/litoralsp\/wp-content\/uploads\/sites\/3\/2020\/11\/logo.jpg","contentUrl":"https:\/\/redenoticiaz.com.br\/litoralsp\/wp-content\/uploads\/sites\/3\/2020\/11\/logo.jpg","width":400,"height":250,"caption":"Litoral SP"},"image":{"@id":"https:\/\/redenoticiaz.com.br\/litoralsp\/#\/schema\/logo\/image\/"}},{"@type":"Person","@id":"https:\/\/redenoticiaz.com.br\/litoralsp\/#\/schema\/person\/0f0b8a5bdafefe82841e07ae8d81ecb3","name":"Leonardo Francisco","image":{"@type":"ImageObject","inLanguage":"pt-BR","@id":"https:\/\/secure.gravatar.com\/avatar\/a7358cb406a99b682ec6df1e77e31ae82e63601f6784e8a3df411d72b37864da?s=96&d=mm&r=g","url":"https:\/\/secure.gravatar.com\/avatar\/a7358cb406a99b682ec6df1e77e31ae82e63601f6784e8a3df411d72b37864da?s=96&d=mm&r=g","contentUrl":"https:\/\/secure.gravatar.com\/avatar\/a7358cb406a99b682ec6df1e77e31ae82e63601f6784e8a3df411d72b37864da?s=96&d=mm&r=g","caption":"Leonardo Francisco"},"url":"https:\/\/redenoticiaz.com.br\/litoralsp\/author\/leonardo-francisco"}]}},"_links":{"self":[{"href":"https:\/\/redenoticiaz.com.br\/litoralsp\/wp-json\/wp\/v2\/posts\/13158","targetHints":{"allow":["GET"]}}],"collection":[{"href":"https:\/\/redenoticiaz.com.br\/litoralsp\/wp-json\/wp\/v2\/posts"}],"about":[{"href":"https:\/\/redenoticiaz.com.br\/litoralsp\/wp-json\/wp\/v2\/types\/post"}],"author":[{"embeddable":true,"href":"https:\/\/redenoticiaz.com.br\/litoralsp\/wp-json\/wp\/v2\/users\/6"}],"replies":[{"embeddable":true,"href":"https:\/\/redenoticiaz.com.br\/litoralsp\/wp-json\/wp\/v2\/comments?post=13158"}],"version-history":[{"count":2,"href":"https:\/\/redenoticiaz.com.br\/litoralsp\/wp-json\/wp\/v2\/posts\/13158\/revisions"}],"predecessor-version":[{"id":13161,"href":"https:\/\/redenoticiaz.com.br\/litoralsp\/wp-json\/wp\/v2\/posts\/13158\/revisions\/13161"}],"wp:featuredmedia":[{"embeddable":true,"href":"https:\/\/redenoticiaz.com.br\/litoralsp\/wp-json\/wp\/v2\/media\/13159"}],"wp:attachment":[{"href":"https:\/\/redenoticiaz.com.br\/litoralsp\/wp-json\/wp\/v2\/media?parent=13158"}],"wp:term":[{"taxonomy":"category","embeddable":true,"href":"https:\/\/redenoticiaz.com.br\/litoralsp\/wp-json\/wp\/v2\/categories?post=13158"},{"taxonomy":"post_tag","embeddable":true,"href":"https:\/\/redenoticiaz.com.br\/litoralsp\/wp-json\/wp\/v2\/tags?post=13158"}],"curies":[{"name":"wp","href":"https:\/\/api.w.org\/{rel}","templated":true}]}}