{"id":13194,"date":"2021-08-24T14:38:05","date_gmt":"2021-08-24T17:38:05","guid":{"rendered":"https:\/\/redenoticiaz.com.br\/litoralsp\/?p=13194"},"modified":"2021-08-24T14:38:05","modified_gmt":"2021-08-24T17:38:05","slug":"guaruja-comeca-a-vacinar-adolescentes-de-15-a-17-anos-quarta-feira","status":"publish","type":"post","link":"https:\/\/redenoticiaz.com.br\/litoralsp\/2021\/08\/24\/guaruja-comeca-a-vacinar-adolescentes-de-15-a-17-anos-quarta-feira","title":{"rendered":"Guaruj\u00e1 come\u00e7a a vacinar adolescentes de 15 a 17 anos quarta-feira"},"content":{"rendered":"<p data-raofz=\"17\"><span data-raofz=\"17\">Nesta semana, a campanha de vacina\u00e7\u00e3o contra a Covid-19 em Guaruj\u00e1 avan\u00e7a mais uma etapa. A partir desta quarta-feira (25), <strong>adolescentes com idade entre 15 a 17 anos, poder\u00e3o buscar pela primeira dose<\/strong> no Gin\u00e1sio do Guaib\u00ea, em <a href=\"https:\/\/www.guaruja.sp.gov.br\/\">Guaruj\u00e1<\/a><\/span><span data-raofz=\"17\">.<\/span><\/p>\n<p data-raofz=\"17\"><span data-raofz=\"17\">O p\u00fablico estimado \u00e9 de 10 mil pessoas nesta faixa et\u00e1ria na Cidade, que possui doses suficientes para realizar a imuniza\u00e7\u00e3o. O Guaib\u00ea funciona \u00e0s\u00a0<\/span><span data-raofz=\"17\">segundas e quintas-feiras, das 13 \u00e0s 19 horas; e ter\u00e7as, quartas e sextas, das 9 \u00e0s 15 horas.\u00a0<\/span><span data-raofz=\"17\">Guaruj\u00e1 mant\u00e9m a vacina\u00e7\u00e3o do p\u00fablico com mais de 18 anos, e o Gin\u00e1sio tamb\u00e9m presta atendimento \u00e0s segundas doses.<\/span><\/p>\n<p data-raofz=\"17\"><span data-raofz=\"17\">O Munic\u00edpio est\u00e1 dentro do per\u00edodo estipulado pelo Governo do Estado, atrav\u00e9s do cronograma do Plano Estadual de Imuniza\u00e7\u00e3o (PEI), que inclui adolescentes de 12 a 17 anos,\u00a0<\/span><span data-raofz=\"17\">no per\u00edodo de 18 a 29 deste m\u00eas.<\/span><\/p>\n<p data-raofz=\"17\"><span data-raofz=\"17\">Para garantir a vacina, o adolescente precisa apresentar documento com foto, CPF e comprovante de resid\u00eancia na Cidade (que pode ser\u00a0<\/span><span data-raofz=\"17\">em nome dos pais), al\u00e9m de levar o cadastro do Vacivida devidamente preenchido. Em caso de adolescentes como comorbidades \u00e9 necess\u00e1ria apresenta\u00e7\u00e3o de laudo m\u00e9dico.<\/span><\/p>\n<p data-raofz=\"17\"><span data-raofz=\"17\">N\u00e3o \u00e9 obrigat\u00f3rio que o menor esteja acompanhado dos pais. No sentido de evitar aglomera\u00e7\u00f5es, a Secretaria de Sa\u00fade explica que os respons\u00e1veis ser\u00e3o encaminhados a outros espa\u00e7os, de modo que ele n\u00e3o poder\u00e1 permanecer na mesma fila que o adolescente.<\/span><\/p>\n<h2 data-raofz=\"17\"><strong><span data-raofz=\"17\">Doses, Locais e hor\u00e1rios<\/span><\/strong><\/h2>\n<p data-raofz=\"17\"><span data-raofz=\"17\">S\u00e3o seis unidades de sa\u00fade da Aten\u00e7\u00e3o B\u00e1sica, para o recebimento da segunda dose: UBS da Vila Baiana, UBS Morrinhos, Pae Car\u00e1; e as Unidades de Sa\u00fade da Fam\u00edlia (Usafas) do Perequ\u00ea, Las Palmas e Boa Esperan\u00e7a. Todas funcionam das 9 \u00e0s 15 horas. Al\u00e9m das primeiras doses, o Guaib\u00ea tamb\u00e9m continua aplicando as segundas doses, mas provisoriamente. O funcionamento permanece \u00e0s segundas e quintas-feiras, das 13 \u00e0s 19 horas; e ter\u00e7as, quartas e sextas, das 9 \u00e0s 15 horas.<\/span><\/p>\n<h2 data-raofz=\"17\"><strong><span data-raofz=\"17\">Cadastro pr\u00e9vio<\/span><\/strong><\/h2>\n<p data-raofz=\"17\"><span data-raofz=\"17\">O cadastro pr\u00e9vio no site oficial do Governo do Estado (<\/span><span data-raofz=\"17\"><a role=\"link\" href=\"https:\/\/www.vacinaja.sp.gov.br\/\" data-raofz=\"17\">https:\/\/www.vacinaja.sp.gov.br\/<\/a><\/span><span data-raofz=\"17\">) \u00e9 fundamental para agilizar o atendimento na hora da imuniza\u00e7\u00e3o. A inscri\u00e7\u00e3o pode ser feita pelo pr\u00f3prio candidato \u00e0 imuniza\u00e7\u00e3o ou por algum familiar. Completar o passo a passo diminui consideravelmente o tempo de atendimento no posto de vacina\u00e7\u00e3o desde a chegada at\u00e9 o momento de sair de l\u00e1 com a vacina no bra\u00e7o e o comprovante nas m\u00e3os.<\/span><\/p>\n<p><strong>LEIA TAMB\u00c9M<\/strong><\/p>\n<p><a href=\"https:\/\/redenoticiaz.com.br\/litoralsp\/2021\/08\/24\/video-ladras-de-condominios-sao-identificadas-em-guaruja\">V\u00cdDEO: Ladras de condom\u00ednios s\u00e3o identificadas em Guaruj\u00e1<\/a><\/p>\n","protected":false},"excerpt":{"rendered":"<p>Nesta semana, a campanha de vacina\u00e7\u00e3o contra a Covid-19 em Guaruj\u00e1 avan\u00e7a mais uma etapa. A partir desta quarta-feira (25), adolescentes com idade entre 15 a 17 anos, poder\u00e3o buscar pela primeira dose no Gin\u00e1sio do Guaib\u00ea, em Guaruj\u00e1. O p\u00fablico estimado \u00e9 de 10 mil pessoas nesta faixa et\u00e1ria na Cidade, que possui doses &hellip;<\/p>\n","protected":false},"author":11,"featured_media":13195,"comment_status":"open","ping_status":"closed","sticky":false,"template":"","format":"standard","meta":{"footnotes":""},"categories":[4,187],"tags":[31100,16372,27009,1006,1811],"class_list":["post-13194","post","type-post","status-publish","format-standard","has-post-thumbnail","hentry","category-geral","category-guaruja","tag-15-a-17-anos","tag-adolescentes","tag-guaibe","tag-guaruja","tag-vacinas"],"yoast_head":"<!-- This site is optimized with the Yoast SEO plugin v27.5 - https:\/\/yoast.com\/product\/yoast-seo-wordpress\/ -->\n<title>Guaruj\u00e1 come\u00e7a a vacinar adolescentes de 15 a 17 anos quarta-feira - Litoral SP<\/title>\n<meta name=\"description\" content=\"Nesta quarta-feira, adolescentes com idade entre 15 a 17 anos, poder\u00e3o buscar pela primeira dose no Gin\u00e1sio do Guaib\u00ea, em Guaruj\u00e1.\" \/>\n<meta name=\"robots\" content=\"index, follow, max-snippet:-1, max-image-preview:large, max-video-preview:-1\" \/>\n<link rel=\"canonical\" href=\"https:\/\/redenoticiaz.com.br\/litoralsp\/2021\/08\/24\/guaruja-comeca-a-vacinar-adolescentes-de-15-a-17-anos-quarta-feira\" \/>\n<meta property=\"og:locale\" content=\"pt_BR\" \/>\n<meta property=\"og:type\" content=\"article\" \/>\n<meta property=\"og:title\" content=\"Guaruj\u00e1 come\u00e7a a vacinar adolescentes de 15 a 17 anos quarta-feira - Litoral SP\" \/>\n<meta property=\"og:description\" content=\"Nesta quarta-feira, adolescentes com idade entre 15 a 17 anos, poder\u00e3o buscar pela primeira dose no Gin\u00e1sio do Guaib\u00ea, em Guaruj\u00e1.\" \/>\n<meta property=\"og:url\" content=\"https:\/\/redenoticiaz.com.br\/litoralsp\/2021\/08\/24\/guaruja-comeca-a-vacinar-adolescentes-de-15-a-17-anos-quarta-feira\" \/>\n<meta property=\"og:site_name\" content=\"Litoral SP\" \/>\n<meta property=\"article:published_time\" content=\"2021-08-24T17:38:05+00:00\" \/>\n<meta property=\"og:image\" content=\"https:\/\/redenoticiaz.com.br\/litoralsp\/wp-content\/uploads\/sites\/3\/2021\/08\/vacinaguaruja-1.jpg\" \/>\n\t<meta property=\"og:image:width\" content=\"900\" \/>\n\t<meta property=\"og:image:height\" content=\"600\" \/>\n\t<meta property=\"og:image:type\" content=\"image\/jpeg\" \/>\n<meta name=\"twitter:card\" content=\"summary_large_image\" \/>\n<meta name=\"twitter:label1\" content=\"Escrito por\" \/>\n\t<meta name=\"twitter:data1\" content=\"\" \/>\n\t<meta name=\"twitter:label2\" content=\"Est. tempo de leitura\" \/>\n\t<meta name=\"twitter:data2\" content=\"2 minutos\" \/>\n<script type=\"application\/ld+json\" class=\"yoast-schema-graph\">{\"@context\":\"https:\\\/\\\/schema.org\",\"@graph\":[{\"@type\":\"Article\",\"@id\":\"https:\\\/\\\/redenoticiaz.com.br\\\/litoralsp\\\/2021\\\/08\\\/24\\\/guaruja-comeca-a-vacinar-adolescentes-de-15-a-17-anos-quarta-feira#article\",\"isPartOf\":{\"@id\":\"https:\\\/\\\/redenoticiaz.com.br\\\/litoralsp\\\/2021\\\/08\\\/24\\\/guaruja-comeca-a-vacinar-adolescentes-de-15-a-17-anos-quarta-feira\"},\"author\":{\"name\":\"\",\"@id\":\"\"},\"headline\":\"Guaruj\u00e1 come\u00e7a a vacinar adolescentes de 15 a 17 anos quarta-feira\",\"datePublished\":\"2021-08-24T17:38:05+00:00\",\"mainEntityOfPage\":{\"@id\":\"https:\\\/\\\/redenoticiaz.com.br\\\/litoralsp\\\/2021\\\/08\\\/24\\\/guaruja-comeca-a-vacinar-adolescentes-de-15-a-17-anos-quarta-feira\"},\"wordCount\":438,\"commentCount\":0,\"publisher\":{\"@id\":\"https:\\\/\\\/redenoticiaz.com.br\\\/litoralsp\\\/#organization\"},\"image\":{\"@id\":\"https:\\\/\\\/redenoticiaz.com.br\\\/litoralsp\\\/2021\\\/08\\\/24\\\/guaruja-comeca-a-vacinar-adolescentes-de-15-a-17-anos-quarta-feira#primaryimage\"},\"thumbnailUrl\":\"https:\\\/\\\/redenoticiaz.com.br\\\/litoralsp\\\/wp-content\\\/uploads\\\/sites\\\/3\\\/2021\\\/08\\\/vacinaguaruja-1.jpg\",\"keywords\":[\"15 A 17 ANOS\",\"Adolescentes\",\"GUAIB\u00ca\",\"GUARUJ\u00c1\",\"vacinas\"],\"articleSection\":[\"Geral\",\"Guaruj\u00e1\"],\"inLanguage\":\"pt-BR\",\"potentialAction\":[{\"@type\":\"CommentAction\",\"name\":\"Comment\",\"target\":[\"https:\\\/\\\/redenoticiaz.com.br\\\/litoralsp\\\/2021\\\/08\\\/24\\\/guaruja-comeca-a-vacinar-adolescentes-de-15-a-17-anos-quarta-feira#respond\"]}]},{\"@type\":\"WebPage\",\"@id\":\"https:\\\/\\\/redenoticiaz.com.br\\\/litoralsp\\\/2021\\\/08\\\/24\\\/guaruja-comeca-a-vacinar-adolescentes-de-15-a-17-anos-quarta-feira\",\"url\":\"https:\\\/\\\/redenoticiaz.com.br\\\/litoralsp\\\/2021\\\/08\\\/24\\\/guaruja-comeca-a-vacinar-adolescentes-de-15-a-17-anos-quarta-feira\",\"name\":\"Guaruj\u00e1 come\u00e7a a vacinar adolescentes de 15 a 17 anos quarta-feira - Litoral SP\",\"isPartOf\":{\"@id\":\"https:\\\/\\\/redenoticiaz.com.br\\\/litoralsp\\\/#website\"},\"primaryImageOfPage\":{\"@id\":\"https:\\\/\\\/redenoticiaz.com.br\\\/litoralsp\\\/2021\\\/08\\\/24\\\/guaruja-comeca-a-vacinar-adolescentes-de-15-a-17-anos-quarta-feira#primaryimage\"},\"image\":{\"@id\":\"https:\\\/\\\/redenoticiaz.com.br\\\/litoralsp\\\/2021\\\/08\\\/24\\\/guaruja-comeca-a-vacinar-adolescentes-de-15-a-17-anos-quarta-feira#primaryimage\"},\"thumbnailUrl\":\"https:\\\/\\\/redenoticiaz.com.br\\\/litoralsp\\\/wp-content\\\/uploads\\\/sites\\\/3\\\/2021\\\/08\\\/vacinaguaruja-1.jpg\",\"datePublished\":\"2021-08-24T17:38:05+00:00\",\"description\":\"Nesta quarta-feira, adolescentes com idade entre 15 a 17 anos, poder\u00e3o buscar pela primeira dose no Gin\u00e1sio do Guaib\u00ea, em Guaruj\u00e1.\",\"inLanguage\":\"pt-BR\",\"potentialAction\":[{\"@type\":\"ReadAction\",\"target\":[\"https:\\\/\\\/redenoticiaz.com.br\\\/litoralsp\\\/2021\\\/08\\\/24\\\/guaruja-comeca-a-vacinar-adolescentes-de-15-a-17-anos-quarta-feira\"]}]},{\"@type\":\"ImageObject\",\"inLanguage\":\"pt-BR\",\"@id\":\"https:\\\/\\\/redenoticiaz.com.br\\\/litoralsp\\\/2021\\\/08\\\/24\\\/guaruja-comeca-a-vacinar-adolescentes-de-15-a-17-anos-quarta-feira#primaryimage\",\"url\":\"https:\\\/\\\/redenoticiaz.com.br\\\/litoralsp\\\/wp-content\\\/uploads\\\/sites\\\/3\\\/2021\\\/08\\\/vacinaguaruja-1.jpg\",\"contentUrl\":\"https:\\\/\\\/redenoticiaz.com.br\\\/litoralsp\\\/wp-content\\\/uploads\\\/sites\\\/3\\\/2021\\\/08\\\/vacinaguaruja-1.jpg\",\"width\":900,\"height\":600,\"caption\":\"Foto: Divulga\u00e7\u00e3o.\"},{\"@type\":\"WebSite\",\"@id\":\"https:\\\/\\\/redenoticiaz.com.br\\\/litoralsp\\\/#website\",\"url\":\"https:\\\/\\\/redenoticiaz.com.br\\\/litoralsp\\\/\",\"name\":\"Litoral SP\",\"description\":\"Rede NoticiaZ\",\"publisher\":{\"@id\":\"https:\\\/\\\/redenoticiaz.com.br\\\/litoralsp\\\/#organization\"},\"potentialAction\":[{\"@type\":\"SearchAction\",\"target\":{\"@type\":\"EntryPoint\",\"urlTemplate\":\"https:\\\/\\\/redenoticiaz.com.br\\\/litoralsp\\\/?s={search_term_string}\"},\"query-input\":{\"@type\":\"PropertyValueSpecification\",\"valueRequired\":true,\"valueName\":\"search_term_string\"}}],\"inLanguage\":\"pt-BR\"},{\"@type\":\"Organization\",\"@id\":\"https:\\\/\\\/redenoticiaz.com.br\\\/litoralsp\\\/#organization\",\"name\":\"Litoral SP\",\"url\":\"https:\\\/\\\/redenoticiaz.com.br\\\/litoralsp\\\/\",\"logo\":{\"@type\":\"ImageObject\",\"inLanguage\":\"pt-BR\",\"@id\":\"https:\\\/\\\/redenoticiaz.com.br\\\/litoralsp\\\/#\\\/schema\\\/logo\\\/image\\\/\",\"url\":\"https:\\\/\\\/redenoticiaz.com.br\\\/litoralsp\\\/wp-content\\\/uploads\\\/sites\\\/3\\\/2020\\\/11\\\/logo.jpg\",\"contentUrl\":\"https:\\\/\\\/redenoticiaz.com.br\\\/litoralsp\\\/wp-content\\\/uploads\\\/sites\\\/3\\\/2020\\\/11\\\/logo.jpg\",\"width\":400,\"height\":250,\"caption\":\"Litoral SP\"},\"image\":{\"@id\":\"https:\\\/\\\/redenoticiaz.com.br\\\/litoralsp\\\/#\\\/schema\\\/logo\\\/image\\\/\"}},{\"@type\":\"Person\",\"@id\":\"\",\"url\":\"https:\\\/\\\/redenoticiaz.com.br\\\/litoralsp\\\/author\"}]}<\/script>\n<!-- \/ Yoast SEO plugin. -->","yoast_head_json":{"title":"Guaruj\u00e1 come\u00e7a a vacinar adolescentes de 15 a 17 anos quarta-feira - Litoral SP","description":"Nesta quarta-feira, adolescentes com idade entre 15 a 17 anos, poder\u00e3o buscar pela primeira dose no Gin\u00e1sio do Guaib\u00ea, em Guaruj\u00e1.","robots":{"index":"index","follow":"follow","max-snippet":"max-snippet:-1","max-image-preview":"max-image-preview:large","max-video-preview":"max-video-preview:-1"},"canonical":"https:\/\/redenoticiaz.com.br\/litoralsp\/2021\/08\/24\/guaruja-comeca-a-vacinar-adolescentes-de-15-a-17-anos-quarta-feira","og_locale":"pt_BR","og_type":"article","og_title":"Guaruj\u00e1 come\u00e7a a vacinar adolescentes de 15 a 17 anos quarta-feira - Litoral SP","og_description":"Nesta quarta-feira, adolescentes com idade entre 15 a 17 anos, poder\u00e3o buscar pela primeira dose no Gin\u00e1sio do Guaib\u00ea, em Guaruj\u00e1.","og_url":"https:\/\/redenoticiaz.com.br\/litoralsp\/2021\/08\/24\/guaruja-comeca-a-vacinar-adolescentes-de-15-a-17-anos-quarta-feira","og_site_name":"Litoral SP","article_published_time":"2021-08-24T17:38:05+00:00","og_image":[{"width":900,"height":600,"url":"https:\/\/redenoticiaz.com.br\/litoralsp\/wp-content\/uploads\/sites\/3\/2021\/08\/vacinaguaruja-1.jpg","type":"image\/jpeg"}],"twitter_card":"summary_large_image","twitter_misc":{"Escrito por":"","Est. tempo de leitura":"2 minutos"},"schema":{"@context":"https:\/\/schema.org","@graph":[{"@type":"Article","@id":"https:\/\/redenoticiaz.com.br\/litoralsp\/2021\/08\/24\/guaruja-comeca-a-vacinar-adolescentes-de-15-a-17-anos-quarta-feira#article","isPartOf":{"@id":"https:\/\/redenoticiaz.com.br\/litoralsp\/2021\/08\/24\/guaruja-comeca-a-vacinar-adolescentes-de-15-a-17-anos-quarta-feira"},"author":{"name":"","@id":""},"headline":"Guaruj\u00e1 come\u00e7a a vacinar adolescentes de 15 a 17 anos quarta-feira","datePublished":"2021-08-24T17:38:05+00:00","mainEntityOfPage":{"@id":"https:\/\/redenoticiaz.com.br\/litoralsp\/2021\/08\/24\/guaruja-comeca-a-vacinar-adolescentes-de-15-a-17-anos-quarta-feira"},"wordCount":438,"commentCount":0,"publisher":{"@id":"https:\/\/redenoticiaz.com.br\/litoralsp\/#organization"},"image":{"@id":"https:\/\/redenoticiaz.com.br\/litoralsp\/2021\/08\/24\/guaruja-comeca-a-vacinar-adolescentes-de-15-a-17-anos-quarta-feira#primaryimage"},"thumbnailUrl":"https:\/\/redenoticiaz.com.br\/litoralsp\/wp-content\/uploads\/sites\/3\/2021\/08\/vacinaguaruja-1.jpg","keywords":["15 A 17 ANOS","Adolescentes","GUAIB\u00ca","GUARUJ\u00c1","vacinas"],"articleSection":["Geral","Guaruj\u00e1"],"inLanguage":"pt-BR","potentialAction":[{"@type":"CommentAction","name":"Comment","target":["https:\/\/redenoticiaz.com.br\/litoralsp\/2021\/08\/24\/guaruja-comeca-a-vacinar-adolescentes-de-15-a-17-anos-quarta-feira#respond"]}]},{"@type":"WebPage","@id":"https:\/\/redenoticiaz.com.br\/litoralsp\/2021\/08\/24\/guaruja-comeca-a-vacinar-adolescentes-de-15-a-17-anos-quarta-feira","url":"https:\/\/redenoticiaz.com.br\/litoralsp\/2021\/08\/24\/guaruja-comeca-a-vacinar-adolescentes-de-15-a-17-anos-quarta-feira","name":"Guaruj\u00e1 come\u00e7a a vacinar adolescentes de 15 a 17 anos quarta-feira - Litoral SP","isPartOf":{"@id":"https:\/\/redenoticiaz.com.br\/litoralsp\/#website"},"primaryImageOfPage":{"@id":"https:\/\/redenoticiaz.com.br\/litoralsp\/2021\/08\/24\/guaruja-comeca-a-vacinar-adolescentes-de-15-a-17-anos-quarta-feira#primaryimage"},"image":{"@id":"https:\/\/redenoticiaz.com.br\/litoralsp\/2021\/08\/24\/guaruja-comeca-a-vacinar-adolescentes-de-15-a-17-anos-quarta-feira#primaryimage"},"thumbnailUrl":"https:\/\/redenoticiaz.com.br\/litoralsp\/wp-content\/uploads\/sites\/3\/2021\/08\/vacinaguaruja-1.jpg","datePublished":"2021-08-24T17:38:05+00:00","description":"Nesta quarta-feira, adolescentes com idade entre 15 a 17 anos, poder\u00e3o buscar pela primeira dose no Gin\u00e1sio do Guaib\u00ea, em Guaruj\u00e1.","inLanguage":"pt-BR","potentialAction":[{"@type":"ReadAction","target":["https:\/\/redenoticiaz.com.br\/litoralsp\/2021\/08\/24\/guaruja-comeca-a-vacinar-adolescentes-de-15-a-17-anos-quarta-feira"]}]},{"@type":"ImageObject","inLanguage":"pt-BR","@id":"https:\/\/redenoticiaz.com.br\/litoralsp\/2021\/08\/24\/guaruja-comeca-a-vacinar-adolescentes-de-15-a-17-anos-quarta-feira#primaryimage","url":"https:\/\/redenoticiaz.com.br\/litoralsp\/wp-content\/uploads\/sites\/3\/2021\/08\/vacinaguaruja-1.jpg","contentUrl":"https:\/\/redenoticiaz.com.br\/litoralsp\/wp-content\/uploads\/sites\/3\/2021\/08\/vacinaguaruja-1.jpg","width":900,"height":600,"caption":"Foto: Divulga\u00e7\u00e3o."},{"@type":"WebSite","@id":"https:\/\/redenoticiaz.com.br\/litoralsp\/#website","url":"https:\/\/redenoticiaz.com.br\/litoralsp\/","name":"Litoral SP","description":"Rede NoticiaZ","publisher":{"@id":"https:\/\/redenoticiaz.com.br\/litoralsp\/#organization"},"potentialAction":[{"@type":"SearchAction","target":{"@type":"EntryPoint","urlTemplate":"https:\/\/redenoticiaz.com.br\/litoralsp\/?s={search_term_string}"},"query-input":{"@type":"PropertyValueSpecification","valueRequired":true,"valueName":"search_term_string"}}],"inLanguage":"pt-BR"},{"@type":"Organization","@id":"https:\/\/redenoticiaz.com.br\/litoralsp\/#organization","name":"Litoral SP","url":"https:\/\/redenoticiaz.com.br\/litoralsp\/","logo":{"@type":"ImageObject","inLanguage":"pt-BR","@id":"https:\/\/redenoticiaz.com.br\/litoralsp\/#\/schema\/logo\/image\/","url":"https:\/\/redenoticiaz.com.br\/litoralsp\/wp-content\/uploads\/sites\/3\/2020\/11\/logo.jpg","contentUrl":"https:\/\/redenoticiaz.com.br\/litoralsp\/wp-content\/uploads\/sites\/3\/2020\/11\/logo.jpg","width":400,"height":250,"caption":"Litoral SP"},"image":{"@id":"https:\/\/redenoticiaz.com.br\/litoralsp\/#\/schema\/logo\/image\/"}},{"@type":"Person","@id":"","url":"https:\/\/redenoticiaz.com.br\/litoralsp\/author"}]}},"_links":{"self":[{"href":"https:\/\/redenoticiaz.com.br\/litoralsp\/wp-json\/wp\/v2\/posts\/13194","targetHints":{"allow":["GET"]}}],"collection":[{"href":"https:\/\/redenoticiaz.com.br\/litoralsp\/wp-json\/wp\/v2\/posts"}],"about":[{"href":"https:\/\/redenoticiaz.com.br\/litoralsp\/wp-json\/wp\/v2\/types\/post"}],"author":[{"embeddable":true,"href":"https:\/\/redenoticiaz.com.br\/litoralsp\/wp-json\/wp\/v2\/users\/11"}],"replies":[{"embeddable":true,"href":"https:\/\/redenoticiaz.com.br\/litoralsp\/wp-json\/wp\/v2\/comments?post=13194"}],"version-history":[{"count":1,"href":"https:\/\/redenoticiaz.com.br\/litoralsp\/wp-json\/wp\/v2\/posts\/13194\/revisions"}],"predecessor-version":[{"id":13196,"href":"https:\/\/redenoticiaz.com.br\/litoralsp\/wp-json\/wp\/v2\/posts\/13194\/revisions\/13196"}],"wp:featuredmedia":[{"embeddable":true,"href":"https:\/\/redenoticiaz.com.br\/litoralsp\/wp-json\/wp\/v2\/media\/13195"}],"wp:attachment":[{"href":"https:\/\/redenoticiaz.com.br\/litoralsp\/wp-json\/wp\/v2\/media?parent=13194"}],"wp:term":[{"taxonomy":"category","embeddable":true,"href":"https:\/\/redenoticiaz.com.br\/litoralsp\/wp-json\/wp\/v2\/categories?post=13194"},{"taxonomy":"post_tag","embeddable":true,"href":"https:\/\/redenoticiaz.com.br\/litoralsp\/wp-json\/wp\/v2\/tags?post=13194"}],"curies":[{"name":"wp","href":"https:\/\/api.w.org\/{rel}","templated":true}]}}