{"id":13252,"date":"2021-08-25T13:07:35","date_gmt":"2021-08-25T16:07:35","guid":{"rendered":"https:\/\/redenoticiaz.com.br\/litoralsp\/?p=13252"},"modified":"2021-08-25T13:07:35","modified_gmt":"2021-08-25T16:07:35","slug":"acidente-provoca-8km-de-congestionamento-na-imigrantes","status":"publish","type":"post","link":"https:\/\/redenoticiaz.com.br\/litoralsp\/2021\/08\/25\/acidente-provoca-8km-de-congestionamento-na-imigrantes","title":{"rendered":"Acidente provoca 8km de congestionamento na Imigrantes"},"content":{"rendered":"<div class=\"Block__Component-sc-179lk0t-0 hzZKMR\">\n<div class=\"Block__Component-sc-179lk0t-0 hzZKMR\">\n<p class=\"styled__Paragraph-sc-1bxdmvf-6 iGEnUi\">O tr\u00e1fego est\u00e1 congestionado no trecho de serra da rodovia dos <a href=\"https:\/\/www.ecovias.com.br\/institucional\/sistema-anchieta-imigrantes\">Imigrantes<\/a>, sentido S\u00e3o Paulo, do km 60 ao km 52, devido reflexo de um acidente.<\/p>\n<\/div>\n<div class=\"Block__Component-sc-179lk0t-0 hzZKMR\">\n<p class=\"styled__Paragraph-sc-1bxdmvf-6 iGEnUi\">Motorista <strong>encontra lentid\u00e3o na rodovia Padre Manoel da N\u00f3brega, sentido S\u00e3o Paulo, do km 271 ao km 274<\/strong>, devido reflexo de acidente na pista norte da Imigrantes.<\/p>\n<\/div>\n<p class=\"styled__Paragraph-sc-1bxdmvf-6 iGEnUi\">As demais rodovias do SAI est\u00e3o com tr\u00e1fego normal, tanto em dire\u00e7\u00e3o ao litoral quanto no sentido S\u00e3o Paulo. O tempo est\u00e1 bom e a visibilidade \u00e9 boa nos trechos de concess\u00e3o.<\/p>\n<\/div>\n<div class=\"Block__Component-sc-179lk0t-0 hzZKMR\">\n<p class=\"styled__Paragraph-sc-1bxdmvf-6 iGEnUi\">A pista sul da via Anchieta est\u00e1 bloqueada no trecho de serra para obras. A previs\u00e3o de libera\u00e7\u00e3o est\u00e1 marcada para 17h.<\/p>\n<p>O SAI est\u00e1 em Opera\u00e7\u00e3o 5X3. A descida \u00e9 feita pela pista sul e norte da Anchieta e pela pista sul da rodovia dos Imigrantes. A subida \u00e9 realizada somente pela pista norte da Imigrantes.<\/p>\n<p><strong>LEIA TAMB\u00c9M<\/strong><\/p>\n<p><a href=\"https:\/\/redenoticiaz.com.br\/litoralsp\/2021\/08\/25\/mulher-esfaqueia-ex-amiga-apos-discussao-em-praia-grande\">Mulher esfaqueia ex-amiga ap\u00f3s discuss\u00e3o em Praia Grande<\/a><\/p>\n<\/div>\n","protected":false},"excerpt":{"rendered":"<p>O tr\u00e1fego est\u00e1 congestionado no trecho de serra da rodovia dos Imigrantes, sentido S\u00e3o Paulo, do km 60 ao km 52, devido reflexo de um acidente. Motorista encontra lentid\u00e3o na rodovia Padre Manoel da N\u00f3brega, sentido S\u00e3o Paulo, do km 271 ao km 274, devido reflexo de acidente na pista norte da Imigrantes. As demais &hellip;<\/p>\n","protected":false},"author":11,"featured_media":13253,"comment_status":"open","ping_status":"closed","sticky":false,"template":"","format":"standard","meta":{"footnotes":""},"categories":[2,5],"tags":[27048,31217,9872,1480,31216,65],"class_list":["post-13252","post","type-post","status-publish","format-standard","has-post-thumbnail","hentry","category-cidades","category-transito","tag-acidente-grave","tag-acidente-na-pista","tag-congestionamento","tag-ecovias","tag-imigrantes","tag-sao-paulo"],"yoast_head":"<!-- This site is optimized with the Yoast SEO plugin v27.5 - https:\/\/yoast.com\/product\/yoast-seo-wordpress\/ -->\n<title>Acidente provoca 8km de congestionamento na Imigrantes - Litoral SP<\/title>\n<meta name=\"description\" content=\"O tr\u00e1fego est\u00e1 congestionado no trecho de serra da rodovia dos Imigrantes, sentido S\u00e3o Paulo, do km 60 ao km 52, devido reflexo de um acidente.\" \/>\n<meta name=\"robots\" content=\"index, follow, max-snippet:-1, max-image-preview:large, max-video-preview:-1\" \/>\n<link rel=\"canonical\" href=\"https:\/\/redenoticiaz.com.br\/litoralsp\/2021\/08\/25\/acidente-provoca-8km-de-congestionamento-na-imigrantes\" \/>\n<meta property=\"og:locale\" content=\"pt_BR\" \/>\n<meta property=\"og:type\" content=\"article\" \/>\n<meta property=\"og:title\" content=\"Acidente provoca 8km de congestionamento na Imigrantes - Litoral SP\" \/>\n<meta property=\"og:description\" content=\"O tr\u00e1fego est\u00e1 congestionado no trecho de serra da rodovia dos Imigrantes, sentido S\u00e3o Paulo, do km 60 ao km 52, devido reflexo de um acidente.\" \/>\n<meta property=\"og:url\" content=\"https:\/\/redenoticiaz.com.br\/litoralsp\/2021\/08\/25\/acidente-provoca-8km-de-congestionamento-na-imigrantes\" \/>\n<meta property=\"og:site_name\" content=\"Litoral SP\" \/>\n<meta property=\"article:published_time\" content=\"2021-08-25T16:07:35+00:00\" \/>\n<meta property=\"og:image\" content=\"https:\/\/redenoticiaz.com.br\/litoralsp\/wp-content\/uploads\/sites\/3\/2021\/08\/image-5.jpg\" \/>\n\t<meta property=\"og:image:width\" content=\"1016\" \/>\n\t<meta property=\"og:image:height\" content=\"508\" \/>\n\t<meta property=\"og:image:type\" content=\"image\/jpeg\" \/>\n<meta name=\"twitter:card\" content=\"summary_large_image\" \/>\n<meta name=\"twitter:label1\" content=\"Escrito por\" \/>\n\t<meta name=\"twitter:data1\" content=\"\" \/>\n\t<meta name=\"twitter:label2\" content=\"Est. tempo de leitura\" \/>\n\t<meta name=\"twitter:data2\" content=\"1 minuto\" \/>\n<script type=\"application\/ld+json\" class=\"yoast-schema-graph\">{\"@context\":\"https:\\\/\\\/schema.org\",\"@graph\":[{\"@type\":\"Article\",\"@id\":\"https:\\\/\\\/redenoticiaz.com.br\\\/litoralsp\\\/2021\\\/08\\\/25\\\/acidente-provoca-8km-de-congestionamento-na-imigrantes#article\",\"isPartOf\":{\"@id\":\"https:\\\/\\\/redenoticiaz.com.br\\\/litoralsp\\\/2021\\\/08\\\/25\\\/acidente-provoca-8km-de-congestionamento-na-imigrantes\"},\"author\":{\"name\":\"\",\"@id\":\"\"},\"headline\":\"Acidente provoca 8km de congestionamento na Imigrantes\",\"datePublished\":\"2021-08-25T16:07:35+00:00\",\"mainEntityOfPage\":{\"@id\":\"https:\\\/\\\/redenoticiaz.com.br\\\/litoralsp\\\/2021\\\/08\\\/25\\\/acidente-provoca-8km-de-congestionamento-na-imigrantes\"},\"wordCount\":168,\"commentCount\":0,\"publisher\":{\"@id\":\"https:\\\/\\\/redenoticiaz.com.br\\\/litoralsp\\\/#organization\"},\"image\":{\"@id\":\"https:\\\/\\\/redenoticiaz.com.br\\\/litoralsp\\\/2021\\\/08\\\/25\\\/acidente-provoca-8km-de-congestionamento-na-imigrantes#primaryimage\"},\"thumbnailUrl\":\"https:\\\/\\\/redenoticiaz.com.br\\\/litoralsp\\\/wp-content\\\/uploads\\\/sites\\\/3\\\/2021\\\/08\\\/image-5.jpg\",\"keywords\":[\"ACIDENTE GRAVE\",\"ACIDENTE NA PISTA\",\"CONGESTIONAMENTO\",\"ECOVIAS\",\"IMIGRANTES\",\"S\u00e3o Paulo\"],\"articleSection\":[\"Cidades\",\"Tr\u00e2nsito\"],\"inLanguage\":\"pt-BR\",\"potentialAction\":[{\"@type\":\"CommentAction\",\"name\":\"Comment\",\"target\":[\"https:\\\/\\\/redenoticiaz.com.br\\\/litoralsp\\\/2021\\\/08\\\/25\\\/acidente-provoca-8km-de-congestionamento-na-imigrantes#respond\"]}]},{\"@type\":\"WebPage\",\"@id\":\"https:\\\/\\\/redenoticiaz.com.br\\\/litoralsp\\\/2021\\\/08\\\/25\\\/acidente-provoca-8km-de-congestionamento-na-imigrantes\",\"url\":\"https:\\\/\\\/redenoticiaz.com.br\\\/litoralsp\\\/2021\\\/08\\\/25\\\/acidente-provoca-8km-de-congestionamento-na-imigrantes\",\"name\":\"Acidente provoca 8km de congestionamento na Imigrantes - Litoral SP\",\"isPartOf\":{\"@id\":\"https:\\\/\\\/redenoticiaz.com.br\\\/litoralsp\\\/#website\"},\"primaryImageOfPage\":{\"@id\":\"https:\\\/\\\/redenoticiaz.com.br\\\/litoralsp\\\/2021\\\/08\\\/25\\\/acidente-provoca-8km-de-congestionamento-na-imigrantes#primaryimage\"},\"image\":{\"@id\":\"https:\\\/\\\/redenoticiaz.com.br\\\/litoralsp\\\/2021\\\/08\\\/25\\\/acidente-provoca-8km-de-congestionamento-na-imigrantes#primaryimage\"},\"thumbnailUrl\":\"https:\\\/\\\/redenoticiaz.com.br\\\/litoralsp\\\/wp-content\\\/uploads\\\/sites\\\/3\\\/2021\\\/08\\\/image-5.jpg\",\"datePublished\":\"2021-08-25T16:07:35+00:00\",\"description\":\"O tr\u00e1fego est\u00e1 congestionado no trecho de serra da rodovia dos Imigrantes, sentido S\u00e3o Paulo, do km 60 ao km 52, devido reflexo de um acidente.\",\"inLanguage\":\"pt-BR\",\"potentialAction\":[{\"@type\":\"ReadAction\",\"target\":[\"https:\\\/\\\/redenoticiaz.com.br\\\/litoralsp\\\/2021\\\/08\\\/25\\\/acidente-provoca-8km-de-congestionamento-na-imigrantes\"]}]},{\"@type\":\"ImageObject\",\"inLanguage\":\"pt-BR\",\"@id\":\"https:\\\/\\\/redenoticiaz.com.br\\\/litoralsp\\\/2021\\\/08\\\/25\\\/acidente-provoca-8km-de-congestionamento-na-imigrantes#primaryimage\",\"url\":\"https:\\\/\\\/redenoticiaz.com.br\\\/litoralsp\\\/wp-content\\\/uploads\\\/sites\\\/3\\\/2021\\\/08\\\/image-5.jpg\",\"contentUrl\":\"https:\\\/\\\/redenoticiaz.com.br\\\/litoralsp\\\/wp-content\\\/uploads\\\/sites\\\/3\\\/2021\\\/08\\\/image-5.jpg\",\"width\":1016,\"height\":508,\"caption\":\"O tr\u00e1fego est\u00e1 congestionado no trecho de serra da rodovia dos Imigrantes, sentido S\u00e3o Paulo, do km 60 ao km 52, devido reflexo de um acidente.\"},{\"@type\":\"WebSite\",\"@id\":\"https:\\\/\\\/redenoticiaz.com.br\\\/litoralsp\\\/#website\",\"url\":\"https:\\\/\\\/redenoticiaz.com.br\\\/litoralsp\\\/\",\"name\":\"Litoral SP\",\"description\":\"Rede NoticiaZ\",\"publisher\":{\"@id\":\"https:\\\/\\\/redenoticiaz.com.br\\\/litoralsp\\\/#organization\"},\"potentialAction\":[{\"@type\":\"SearchAction\",\"target\":{\"@type\":\"EntryPoint\",\"urlTemplate\":\"https:\\\/\\\/redenoticiaz.com.br\\\/litoralsp\\\/?s={search_term_string}\"},\"query-input\":{\"@type\":\"PropertyValueSpecification\",\"valueRequired\":true,\"valueName\":\"search_term_string\"}}],\"inLanguage\":\"pt-BR\"},{\"@type\":\"Organization\",\"@id\":\"https:\\\/\\\/redenoticiaz.com.br\\\/litoralsp\\\/#organization\",\"name\":\"Litoral SP\",\"url\":\"https:\\\/\\\/redenoticiaz.com.br\\\/litoralsp\\\/\",\"logo\":{\"@type\":\"ImageObject\",\"inLanguage\":\"pt-BR\",\"@id\":\"https:\\\/\\\/redenoticiaz.com.br\\\/litoralsp\\\/#\\\/schema\\\/logo\\\/image\\\/\",\"url\":\"https:\\\/\\\/redenoticiaz.com.br\\\/litoralsp\\\/wp-content\\\/uploads\\\/sites\\\/3\\\/2020\\\/11\\\/logo.jpg\",\"contentUrl\":\"https:\\\/\\\/redenoticiaz.com.br\\\/litoralsp\\\/wp-content\\\/uploads\\\/sites\\\/3\\\/2020\\\/11\\\/logo.jpg\",\"width\":400,\"height\":250,\"caption\":\"Litoral SP\"},\"image\":{\"@id\":\"https:\\\/\\\/redenoticiaz.com.br\\\/litoralsp\\\/#\\\/schema\\\/logo\\\/image\\\/\"}},{\"@type\":\"Person\",\"@id\":\"\",\"url\":\"https:\\\/\\\/redenoticiaz.com.br\\\/litoralsp\\\/author\"}]}<\/script>\n<!-- \/ Yoast SEO plugin. -->","yoast_head_json":{"title":"Acidente provoca 8km de congestionamento na Imigrantes - Litoral SP","description":"O tr\u00e1fego est\u00e1 congestionado no trecho de serra da rodovia dos Imigrantes, sentido S\u00e3o Paulo, do km 60 ao km 52, devido reflexo de um acidente.","robots":{"index":"index","follow":"follow","max-snippet":"max-snippet:-1","max-image-preview":"max-image-preview:large","max-video-preview":"max-video-preview:-1"},"canonical":"https:\/\/redenoticiaz.com.br\/litoralsp\/2021\/08\/25\/acidente-provoca-8km-de-congestionamento-na-imigrantes","og_locale":"pt_BR","og_type":"article","og_title":"Acidente provoca 8km de congestionamento na Imigrantes - Litoral SP","og_description":"O tr\u00e1fego est\u00e1 congestionado no trecho de serra da rodovia dos Imigrantes, sentido S\u00e3o Paulo, do km 60 ao km 52, devido reflexo de um acidente.","og_url":"https:\/\/redenoticiaz.com.br\/litoralsp\/2021\/08\/25\/acidente-provoca-8km-de-congestionamento-na-imigrantes","og_site_name":"Litoral SP","article_published_time":"2021-08-25T16:07:35+00:00","og_image":[{"width":1016,"height":508,"url":"https:\/\/redenoticiaz.com.br\/litoralsp\/wp-content\/uploads\/sites\/3\/2021\/08\/image-5.jpg","type":"image\/jpeg"}],"twitter_card":"summary_large_image","twitter_misc":{"Escrito por":"","Est. tempo de leitura":"1 minuto"},"schema":{"@context":"https:\/\/schema.org","@graph":[{"@type":"Article","@id":"https:\/\/redenoticiaz.com.br\/litoralsp\/2021\/08\/25\/acidente-provoca-8km-de-congestionamento-na-imigrantes#article","isPartOf":{"@id":"https:\/\/redenoticiaz.com.br\/litoralsp\/2021\/08\/25\/acidente-provoca-8km-de-congestionamento-na-imigrantes"},"author":{"name":"","@id":""},"headline":"Acidente provoca 8km de congestionamento na Imigrantes","datePublished":"2021-08-25T16:07:35+00:00","mainEntityOfPage":{"@id":"https:\/\/redenoticiaz.com.br\/litoralsp\/2021\/08\/25\/acidente-provoca-8km-de-congestionamento-na-imigrantes"},"wordCount":168,"commentCount":0,"publisher":{"@id":"https:\/\/redenoticiaz.com.br\/litoralsp\/#organization"},"image":{"@id":"https:\/\/redenoticiaz.com.br\/litoralsp\/2021\/08\/25\/acidente-provoca-8km-de-congestionamento-na-imigrantes#primaryimage"},"thumbnailUrl":"https:\/\/redenoticiaz.com.br\/litoralsp\/wp-content\/uploads\/sites\/3\/2021\/08\/image-5.jpg","keywords":["ACIDENTE GRAVE","ACIDENTE NA PISTA","CONGESTIONAMENTO","ECOVIAS","IMIGRANTES","S\u00e3o Paulo"],"articleSection":["Cidades","Tr\u00e2nsito"],"inLanguage":"pt-BR","potentialAction":[{"@type":"CommentAction","name":"Comment","target":["https:\/\/redenoticiaz.com.br\/litoralsp\/2021\/08\/25\/acidente-provoca-8km-de-congestionamento-na-imigrantes#respond"]}]},{"@type":"WebPage","@id":"https:\/\/redenoticiaz.com.br\/litoralsp\/2021\/08\/25\/acidente-provoca-8km-de-congestionamento-na-imigrantes","url":"https:\/\/redenoticiaz.com.br\/litoralsp\/2021\/08\/25\/acidente-provoca-8km-de-congestionamento-na-imigrantes","name":"Acidente provoca 8km de congestionamento na Imigrantes - Litoral SP","isPartOf":{"@id":"https:\/\/redenoticiaz.com.br\/litoralsp\/#website"},"primaryImageOfPage":{"@id":"https:\/\/redenoticiaz.com.br\/litoralsp\/2021\/08\/25\/acidente-provoca-8km-de-congestionamento-na-imigrantes#primaryimage"},"image":{"@id":"https:\/\/redenoticiaz.com.br\/litoralsp\/2021\/08\/25\/acidente-provoca-8km-de-congestionamento-na-imigrantes#primaryimage"},"thumbnailUrl":"https:\/\/redenoticiaz.com.br\/litoralsp\/wp-content\/uploads\/sites\/3\/2021\/08\/image-5.jpg","datePublished":"2021-08-25T16:07:35+00:00","description":"O tr\u00e1fego est\u00e1 congestionado no trecho de serra da rodovia dos Imigrantes, sentido S\u00e3o Paulo, do km 60 ao km 52, devido reflexo de um acidente.","inLanguage":"pt-BR","potentialAction":[{"@type":"ReadAction","target":["https:\/\/redenoticiaz.com.br\/litoralsp\/2021\/08\/25\/acidente-provoca-8km-de-congestionamento-na-imigrantes"]}]},{"@type":"ImageObject","inLanguage":"pt-BR","@id":"https:\/\/redenoticiaz.com.br\/litoralsp\/2021\/08\/25\/acidente-provoca-8km-de-congestionamento-na-imigrantes#primaryimage","url":"https:\/\/redenoticiaz.com.br\/litoralsp\/wp-content\/uploads\/sites\/3\/2021\/08\/image-5.jpg","contentUrl":"https:\/\/redenoticiaz.com.br\/litoralsp\/wp-content\/uploads\/sites\/3\/2021\/08\/image-5.jpg","width":1016,"height":508,"caption":"O tr\u00e1fego est\u00e1 congestionado no trecho de serra da rodovia dos Imigrantes, sentido S\u00e3o Paulo, do km 60 ao km 52, devido reflexo de um acidente."},{"@type":"WebSite","@id":"https:\/\/redenoticiaz.com.br\/litoralsp\/#website","url":"https:\/\/redenoticiaz.com.br\/litoralsp\/","name":"Litoral SP","description":"Rede NoticiaZ","publisher":{"@id":"https:\/\/redenoticiaz.com.br\/litoralsp\/#organization"},"potentialAction":[{"@type":"SearchAction","target":{"@type":"EntryPoint","urlTemplate":"https:\/\/redenoticiaz.com.br\/litoralsp\/?s={search_term_string}"},"query-input":{"@type":"PropertyValueSpecification","valueRequired":true,"valueName":"search_term_string"}}],"inLanguage":"pt-BR"},{"@type":"Organization","@id":"https:\/\/redenoticiaz.com.br\/litoralsp\/#organization","name":"Litoral SP","url":"https:\/\/redenoticiaz.com.br\/litoralsp\/","logo":{"@type":"ImageObject","inLanguage":"pt-BR","@id":"https:\/\/redenoticiaz.com.br\/litoralsp\/#\/schema\/logo\/image\/","url":"https:\/\/redenoticiaz.com.br\/litoralsp\/wp-content\/uploads\/sites\/3\/2020\/11\/logo.jpg","contentUrl":"https:\/\/redenoticiaz.com.br\/litoralsp\/wp-content\/uploads\/sites\/3\/2020\/11\/logo.jpg","width":400,"height":250,"caption":"Litoral SP"},"image":{"@id":"https:\/\/redenoticiaz.com.br\/litoralsp\/#\/schema\/logo\/image\/"}},{"@type":"Person","@id":"","url":"https:\/\/redenoticiaz.com.br\/litoralsp\/author"}]}},"_links":{"self":[{"href":"https:\/\/redenoticiaz.com.br\/litoralsp\/wp-json\/wp\/v2\/posts\/13252","targetHints":{"allow":["GET"]}}],"collection":[{"href":"https:\/\/redenoticiaz.com.br\/litoralsp\/wp-json\/wp\/v2\/posts"}],"about":[{"href":"https:\/\/redenoticiaz.com.br\/litoralsp\/wp-json\/wp\/v2\/types\/post"}],"author":[{"embeddable":true,"href":"https:\/\/redenoticiaz.com.br\/litoralsp\/wp-json\/wp\/v2\/users\/11"}],"replies":[{"embeddable":true,"href":"https:\/\/redenoticiaz.com.br\/litoralsp\/wp-json\/wp\/v2\/comments?post=13252"}],"version-history":[{"count":1,"href":"https:\/\/redenoticiaz.com.br\/litoralsp\/wp-json\/wp\/v2\/posts\/13252\/revisions"}],"predecessor-version":[{"id":13254,"href":"https:\/\/redenoticiaz.com.br\/litoralsp\/wp-json\/wp\/v2\/posts\/13252\/revisions\/13254"}],"wp:featuredmedia":[{"embeddable":true,"href":"https:\/\/redenoticiaz.com.br\/litoralsp\/wp-json\/wp\/v2\/media\/13253"}],"wp:attachment":[{"href":"https:\/\/redenoticiaz.com.br\/litoralsp\/wp-json\/wp\/v2\/media?parent=13252"}],"wp:term":[{"taxonomy":"category","embeddable":true,"href":"https:\/\/redenoticiaz.com.br\/litoralsp\/wp-json\/wp\/v2\/categories?post=13252"},{"taxonomy":"post_tag","embeddable":true,"href":"https:\/\/redenoticiaz.com.br\/litoralsp\/wp-json\/wp\/v2\/tags?post=13252"}],"curies":[{"name":"wp","href":"https:\/\/api.w.org\/{rel}","templated":true}]}}