{"id":13421,"date":"2021-08-27T12:42:34","date_gmt":"2021-08-27T15:42:34","guid":{"rendered":"https:\/\/redenoticiaz.com.br\/litoralsp\/2021\/08\/27\/governo-federal-rescinde-contrato-com-a-fabricante-da-vacina-covaxin"},"modified":"2021-08-27T12:45:54","modified_gmt":"2021-08-27T15:45:54","slug":"governo-federal-rescinde-contrato-com-a-fabricante-da-vacina-covaxin","status":"publish","type":"post","link":"https:\/\/redenoticiaz.com.br\/litoralsp\/2021\/08\/27\/governo-federal-rescinde-contrato-com-a-fabricante-da-vacina-covaxin","title":{"rendered":"Governo Federal rescinde contrato com a fabricante da vacina Covaxin"},"content":{"rendered":"<p>Nesta sexta-feira (27), o <a href=\"https:\/\/www.gov.br\/pt-br\">Governo Federal<\/a> comunicou que fez a rescis\u00e3o unilateral do contrato com a Bharat Biotech, respons\u00e1vel por ser a <strong>fabricante da Covaxin<\/strong>, vacina contra a Covid-19.<\/p>\n<div class=\"wall protected-content\">\n<div class=\"mc-column content-text active-extra-styles \" data-block-type=\"unstyled\" data-block-weight=\"49\" data-block-id=\"3\">\n<p class=\"content-text__container \" data-track-category=\"Link no Texto\" data-track-links=\"\">O\u00a0an\u00fancio do cancelamento j\u00e1 havia sido feito em julho, diante das suspeitas de irregularidades envolvendo as negocia\u00e7\u00f5es entre o Minist\u00e9rio da Sa\u00fade e a Precisa Medicamentos, que intermediou o contrato. Mas na \u00e9poca, o governo dizia que iria negociar a rescis\u00e3o. Contudo, agora tomou a decis\u00e3o unilateralmente.<\/p>\n<\/div>\n<div class=\"mc-column content-text active-extra-styles \" data-block-type=\"unstyled\" data-block-weight=\"36\" data-block-id=\"4\">\n<p class=\"content-text__container \" data-track-category=\"Link no Texto\" data-track-links=\"\">A Covaxin foi a vacina mais cara negociada pelo governo. As negocia\u00e7\u00f5es se tornaram alvos de investiga\u00e7\u00f5es da\u00a0CPI da Covid, do\u00a0Minist\u00e9rio P\u00fablico Federal, da\u00a0Pol\u00edcia Federal\u00a0e do\u00a0Tribunal de Contas da Uni\u00e3o (TCU). Al\u00e9m disso, n\u00e3o havia uma comprova\u00e7\u00e3o da efic\u00e1cia dela.<\/p>\n<\/div>\n<div class=\"mc-column content-text active-extra-styles \" data-block-type=\"unstyled\" data-block-weight=\"40\" data-block-id=\"5\">\n<p class=\"content-text__container \" data-track-category=\"Link no Texto\" data-track-links=\"\">Em julho, a Ag\u00eancia Nacional de Vigil\u00e2ncia Sanit\u00e1ria (Anvisa)\u00a0suspendeu a autoriza\u00e7\u00e3o de importa\u00e7\u00e3o\u00a0da Covaxin. A decis\u00e3o foi tomada ap\u00f3s a Bharat ter informado que a Precisa Medicamentos\u00a0n\u00e3o tinha mais autoriza\u00e7\u00e3o para representar a empresa indiana no Brasil.<\/p>\n<\/div>\n<div class=\"mc-column content-text active-extra-styles \" data-block-type=\"unstyled\" data-block-weight=\"27\" data-block-id=\"7\">\n<p class=\"content-text__container \" data-track-category=\"Link no Texto\" data-track-links=\"\">Em depoimento \u00e0 CPI, o servidor do Minist\u00e9rio da Sa\u00fade Luis Ricardo Miranda disse que houve press\u00e3o at\u00edpica para que a Covaxin fosse comprada pelo governo federal.<\/p>\n<p data-track-category=\"Link no Texto\" data-track-links=\"\"><strong>LEIA TAMB\u00c9M<\/strong><\/p>\n<p data-track-category=\"Link no Texto\" data-track-links=\"\"><a href=\"https:\/\/redenoticiaz.com.br\/blog\/2021\/08\/27\/ir-para-espacos-de-lazer-e-centros-esportivos-do-rio-so-com-o-certificado-de-vacina\">Ir para espa\u00e7os de lazer e centros esportivos do Rio s\u00f3 com o certificado de vacina<\/a><\/p>\n<\/div>\n<\/div>\n","protected":false},"excerpt":{"rendered":"<p>Nesta sexta-feira (27), o Governo Federal comunicou que fez a rescis\u00e3o unilateral do contrato com a Bharat Biotech, respons\u00e1vel por ser a fabricante da Covaxin, vacina contra a Covid-19. O\u00a0an\u00fancio do cancelamento j\u00e1 havia sido feito em julho, diante das suspeitas de irregularidades envolvendo as negocia\u00e7\u00f5es entre o Minist\u00e9rio da Sa\u00fade e a Precisa Medicamentos, &hellip;<\/p>\n","protected":false},"author":6,"featured_media":13422,"comment_status":"open","ping_status":"closed","sticky":false,"template":"","format":"standard","meta":{"footnotes":""},"categories":[22,23],"tags":[173,28358,11017,20391,31520,3790],"class_list":["post-13421","post","type-post","status-publish","format-standard","has-post-thumbnail","hentry","category-justica","category-saude","tag-brasil","tag-contrato-rescindido","tag-covaxin","tag-cpi-da-covid","tag-empresa-bharat-biotech","tag-governo-federal"],"yoast_head":"<!-- This site is optimized with the Yoast SEO plugin v27.5 - https:\/\/yoast.com\/product\/yoast-seo-wordpress\/ -->\n<title>Governo Federal rescinde contrato com a fabricante da vacina Covaxin - Litoral SP<\/title>\n<meta name=\"description\" content=\"o Governo Federal comunicou que fez a rescis\u00e3o unilateral do contrato com a Bharat Biotech, respons\u00e1vel por ser a fabricante da Covaxin\" \/>\n<meta name=\"robots\" content=\"index, follow, max-snippet:-1, max-image-preview:large, max-video-preview:-1\" \/>\n<link rel=\"canonical\" href=\"https:\/\/redenoticiaz.com.br\/litoralsp\/2021\/08\/27\/governo-federal-rescinde-contrato-com-a-fabricante-da-vacina-covaxin\" \/>\n<meta property=\"og:locale\" content=\"pt_BR\" \/>\n<meta property=\"og:type\" content=\"article\" \/>\n<meta property=\"og:title\" content=\"Governo Federal rescinde contrato com a fabricante da vacina Covaxin - Litoral SP\" \/>\n<meta property=\"og:description\" content=\"o Governo Federal comunicou que fez a rescis\u00e3o unilateral do contrato com a Bharat Biotech, respons\u00e1vel por ser a fabricante da Covaxin\" \/>\n<meta property=\"og:url\" content=\"https:\/\/redenoticiaz.com.br\/litoralsp\/2021\/08\/27\/governo-federal-rescinde-contrato-com-a-fabricante-da-vacina-covaxin\" \/>\n<meta property=\"og:site_name\" content=\"Litoral SP\" \/>\n<meta property=\"article:published_time\" content=\"2021-08-27T15:42:34+00:00\" \/>\n<meta property=\"article:modified_time\" content=\"2021-08-27T15:45:54+00:00\" \/>\n<meta property=\"og:image\" content=\"https:\/\/redenoticiaz.com.br\/litoralsp\/wp-content\/uploads\/sites\/3\/2021\/08\/gettyimages-1230630346-1.jpg\" \/>\n\t<meta property=\"og:image:width\" content=\"1024\" \/>\n\t<meta property=\"og:image:height\" content=\"683\" \/>\n\t<meta property=\"og:image:type\" content=\"image\/jpeg\" \/>\n<meta name=\"author\" content=\"Leonardo Francisco\" \/>\n<meta name=\"twitter:card\" content=\"summary_large_image\" \/>\n<meta name=\"twitter:label1\" content=\"Escrito por\" \/>\n\t<meta name=\"twitter:data1\" content=\"Leonardo Francisco\" \/>\n\t<meta name=\"twitter:label2\" content=\"Est. tempo de leitura\" \/>\n\t<meta name=\"twitter:data2\" content=\"1 minuto\" \/>\n<script type=\"application\/ld+json\" class=\"yoast-schema-graph\">{\"@context\":\"https:\\\/\\\/schema.org\",\"@graph\":[{\"@type\":\"Article\",\"@id\":\"https:\\\/\\\/redenoticiaz.com.br\\\/litoralsp\\\/2021\\\/08\\\/27\\\/governo-federal-rescinde-contrato-com-a-fabricante-da-vacina-covaxin#article\",\"isPartOf\":{\"@id\":\"https:\\\/\\\/redenoticiaz.com.br\\\/litoralsp\\\/2021\\\/08\\\/27\\\/governo-federal-rescinde-contrato-com-a-fabricante-da-vacina-covaxin\"},\"author\":{\"name\":\"Leonardo Francisco\",\"@id\":\"https:\\\/\\\/redenoticiaz.com.br\\\/litoralsp\\\/#\\\/schema\\\/person\\\/0f0b8a5bdafefe82841e07ae8d81ecb3\"},\"headline\":\"Governo Federal rescinde contrato com a fabricante da vacina Covaxin\",\"datePublished\":\"2021-08-27T15:42:34+00:00\",\"dateModified\":\"2021-08-27T15:45:54+00:00\",\"mainEntityOfPage\":{\"@id\":\"https:\\\/\\\/redenoticiaz.com.br\\\/litoralsp\\\/2021\\\/08\\\/27\\\/governo-federal-rescinde-contrato-com-a-fabricante-da-vacina-covaxin\"},\"wordCount\":248,\"commentCount\":0,\"publisher\":{\"@id\":\"https:\\\/\\\/redenoticiaz.com.br\\\/litoralsp\\\/#organization\"},\"image\":{\"@id\":\"https:\\\/\\\/redenoticiaz.com.br\\\/litoralsp\\\/2021\\\/08\\\/27\\\/governo-federal-rescinde-contrato-com-a-fabricante-da-vacina-covaxin#primaryimage\"},\"thumbnailUrl\":\"https:\\\/\\\/redenoticiaz.com.br\\\/litoralsp\\\/wp-content\\\/uploads\\\/sites\\\/3\\\/2021\\\/08\\\/gettyimages-1230630346-1.jpg\",\"keywords\":[\"Brasil\",\"CONTRATO RESCINDIDO\",\"COVAXIN\",\"CPI DA COVID\",\"EMPRESA BHARAT BIOTECH\",\"GOVERNO FEDERAL\"],\"articleSection\":[\"Justi\u00e7a\",\"Sa\u00fade\"],\"inLanguage\":\"pt-BR\",\"potentialAction\":[{\"@type\":\"CommentAction\",\"name\":\"Comment\",\"target\":[\"https:\\\/\\\/redenoticiaz.com.br\\\/litoralsp\\\/2021\\\/08\\\/27\\\/governo-federal-rescinde-contrato-com-a-fabricante-da-vacina-covaxin#respond\"]}]},{\"@type\":\"WebPage\",\"@id\":\"https:\\\/\\\/redenoticiaz.com.br\\\/litoralsp\\\/2021\\\/08\\\/27\\\/governo-federal-rescinde-contrato-com-a-fabricante-da-vacina-covaxin\",\"url\":\"https:\\\/\\\/redenoticiaz.com.br\\\/litoralsp\\\/2021\\\/08\\\/27\\\/governo-federal-rescinde-contrato-com-a-fabricante-da-vacina-covaxin\",\"name\":\"Governo Federal rescinde contrato com a fabricante da vacina Covaxin - Litoral SP\",\"isPartOf\":{\"@id\":\"https:\\\/\\\/redenoticiaz.com.br\\\/litoralsp\\\/#website\"},\"primaryImageOfPage\":{\"@id\":\"https:\\\/\\\/redenoticiaz.com.br\\\/litoralsp\\\/2021\\\/08\\\/27\\\/governo-federal-rescinde-contrato-com-a-fabricante-da-vacina-covaxin#primaryimage\"},\"image\":{\"@id\":\"https:\\\/\\\/redenoticiaz.com.br\\\/litoralsp\\\/2021\\\/08\\\/27\\\/governo-federal-rescinde-contrato-com-a-fabricante-da-vacina-covaxin#primaryimage\"},\"thumbnailUrl\":\"https:\\\/\\\/redenoticiaz.com.br\\\/litoralsp\\\/wp-content\\\/uploads\\\/sites\\\/3\\\/2021\\\/08\\\/gettyimages-1230630346-1.jpg\",\"datePublished\":\"2021-08-27T15:42:34+00:00\",\"dateModified\":\"2021-08-27T15:45:54+00:00\",\"description\":\"o Governo Federal comunicou que fez a rescis\u00e3o unilateral do contrato com a Bharat Biotech, respons\u00e1vel por ser a fabricante da Covaxin\",\"inLanguage\":\"pt-BR\",\"potentialAction\":[{\"@type\":\"ReadAction\",\"target\":[\"https:\\\/\\\/redenoticiaz.com.br\\\/litoralsp\\\/2021\\\/08\\\/27\\\/governo-federal-rescinde-contrato-com-a-fabricante-da-vacina-covaxin\"]}]},{\"@type\":\"ImageObject\",\"inLanguage\":\"pt-BR\",\"@id\":\"https:\\\/\\\/redenoticiaz.com.br\\\/litoralsp\\\/2021\\\/08\\\/27\\\/governo-federal-rescinde-contrato-com-a-fabricante-da-vacina-covaxin#primaryimage\",\"url\":\"https:\\\/\\\/redenoticiaz.com.br\\\/litoralsp\\\/wp-content\\\/uploads\\\/sites\\\/3\\\/2021\\\/08\\\/gettyimages-1230630346-1.jpg\",\"contentUrl\":\"https:\\\/\\\/redenoticiaz.com.br\\\/litoralsp\\\/wp-content\\\/uploads\\\/sites\\\/3\\\/2021\\\/08\\\/gettyimages-1230630346-1.jpg\",\"width\":1024,\"height\":683,\"caption\":\"Vacina ainda n\u00e3o tem a efic\u00e1cia comprovada contra o coronav\u00edrus. Cr\u00e9ditos: Getty Images.\"},{\"@type\":\"WebSite\",\"@id\":\"https:\\\/\\\/redenoticiaz.com.br\\\/litoralsp\\\/#website\",\"url\":\"https:\\\/\\\/redenoticiaz.com.br\\\/litoralsp\\\/\",\"name\":\"Litoral SP\",\"description\":\"Rede NoticiaZ\",\"publisher\":{\"@id\":\"https:\\\/\\\/redenoticiaz.com.br\\\/litoralsp\\\/#organization\"},\"potentialAction\":[{\"@type\":\"SearchAction\",\"target\":{\"@type\":\"EntryPoint\",\"urlTemplate\":\"https:\\\/\\\/redenoticiaz.com.br\\\/litoralsp\\\/?s={search_term_string}\"},\"query-input\":{\"@type\":\"PropertyValueSpecification\",\"valueRequired\":true,\"valueName\":\"search_term_string\"}}],\"inLanguage\":\"pt-BR\"},{\"@type\":\"Organization\",\"@id\":\"https:\\\/\\\/redenoticiaz.com.br\\\/litoralsp\\\/#organization\",\"name\":\"Litoral SP\",\"url\":\"https:\\\/\\\/redenoticiaz.com.br\\\/litoralsp\\\/\",\"logo\":{\"@type\":\"ImageObject\",\"inLanguage\":\"pt-BR\",\"@id\":\"https:\\\/\\\/redenoticiaz.com.br\\\/litoralsp\\\/#\\\/schema\\\/logo\\\/image\\\/\",\"url\":\"https:\\\/\\\/redenoticiaz.com.br\\\/litoralsp\\\/wp-content\\\/uploads\\\/sites\\\/3\\\/2020\\\/11\\\/logo.jpg\",\"contentUrl\":\"https:\\\/\\\/redenoticiaz.com.br\\\/litoralsp\\\/wp-content\\\/uploads\\\/sites\\\/3\\\/2020\\\/11\\\/logo.jpg\",\"width\":400,\"height\":250,\"caption\":\"Litoral SP\"},\"image\":{\"@id\":\"https:\\\/\\\/redenoticiaz.com.br\\\/litoralsp\\\/#\\\/schema\\\/logo\\\/image\\\/\"}},{\"@type\":\"Person\",\"@id\":\"https:\\\/\\\/redenoticiaz.com.br\\\/litoralsp\\\/#\\\/schema\\\/person\\\/0f0b8a5bdafefe82841e07ae8d81ecb3\",\"name\":\"Leonardo Francisco\",\"image\":{\"@type\":\"ImageObject\",\"inLanguage\":\"pt-BR\",\"@id\":\"https:\\\/\\\/secure.gravatar.com\\\/avatar\\\/a7358cb406a99b682ec6df1e77e31ae82e63601f6784e8a3df411d72b37864da?s=96&d=mm&r=g\",\"url\":\"https:\\\/\\\/secure.gravatar.com\\\/avatar\\\/a7358cb406a99b682ec6df1e77e31ae82e63601f6784e8a3df411d72b37864da?s=96&d=mm&r=g\",\"contentUrl\":\"https:\\\/\\\/secure.gravatar.com\\\/avatar\\\/a7358cb406a99b682ec6df1e77e31ae82e63601f6784e8a3df411d72b37864da?s=96&d=mm&r=g\",\"caption\":\"Leonardo Francisco\"},\"url\":\"https:\\\/\\\/redenoticiaz.com.br\\\/litoralsp\\\/author\\\/leonardo-francisco\"}]}<\/script>\n<!-- \/ Yoast SEO plugin. -->","yoast_head_json":{"title":"Governo Federal rescinde contrato com a fabricante da vacina Covaxin - Litoral SP","description":"o Governo Federal comunicou que fez a rescis\u00e3o unilateral do contrato com a Bharat Biotech, respons\u00e1vel por ser a fabricante da Covaxin","robots":{"index":"index","follow":"follow","max-snippet":"max-snippet:-1","max-image-preview":"max-image-preview:large","max-video-preview":"max-video-preview:-1"},"canonical":"https:\/\/redenoticiaz.com.br\/litoralsp\/2021\/08\/27\/governo-federal-rescinde-contrato-com-a-fabricante-da-vacina-covaxin","og_locale":"pt_BR","og_type":"article","og_title":"Governo Federal rescinde contrato com a fabricante da vacina Covaxin - Litoral SP","og_description":"o Governo Federal comunicou que fez a rescis\u00e3o unilateral do contrato com a Bharat Biotech, respons\u00e1vel por ser a fabricante da Covaxin","og_url":"https:\/\/redenoticiaz.com.br\/litoralsp\/2021\/08\/27\/governo-federal-rescinde-contrato-com-a-fabricante-da-vacina-covaxin","og_site_name":"Litoral SP","article_published_time":"2021-08-27T15:42:34+00:00","article_modified_time":"2021-08-27T15:45:54+00:00","og_image":[{"width":1024,"height":683,"url":"https:\/\/redenoticiaz.com.br\/litoralsp\/wp-content\/uploads\/sites\/3\/2021\/08\/gettyimages-1230630346-1.jpg","type":"image\/jpeg"}],"author":"Leonardo Francisco","twitter_card":"summary_large_image","twitter_misc":{"Escrito por":"Leonardo Francisco","Est. tempo de leitura":"1 minuto"},"schema":{"@context":"https:\/\/schema.org","@graph":[{"@type":"Article","@id":"https:\/\/redenoticiaz.com.br\/litoralsp\/2021\/08\/27\/governo-federal-rescinde-contrato-com-a-fabricante-da-vacina-covaxin#article","isPartOf":{"@id":"https:\/\/redenoticiaz.com.br\/litoralsp\/2021\/08\/27\/governo-federal-rescinde-contrato-com-a-fabricante-da-vacina-covaxin"},"author":{"name":"Leonardo Francisco","@id":"https:\/\/redenoticiaz.com.br\/litoralsp\/#\/schema\/person\/0f0b8a5bdafefe82841e07ae8d81ecb3"},"headline":"Governo Federal rescinde contrato com a fabricante da vacina Covaxin","datePublished":"2021-08-27T15:42:34+00:00","dateModified":"2021-08-27T15:45:54+00:00","mainEntityOfPage":{"@id":"https:\/\/redenoticiaz.com.br\/litoralsp\/2021\/08\/27\/governo-federal-rescinde-contrato-com-a-fabricante-da-vacina-covaxin"},"wordCount":248,"commentCount":0,"publisher":{"@id":"https:\/\/redenoticiaz.com.br\/litoralsp\/#organization"},"image":{"@id":"https:\/\/redenoticiaz.com.br\/litoralsp\/2021\/08\/27\/governo-federal-rescinde-contrato-com-a-fabricante-da-vacina-covaxin#primaryimage"},"thumbnailUrl":"https:\/\/redenoticiaz.com.br\/litoralsp\/wp-content\/uploads\/sites\/3\/2021\/08\/gettyimages-1230630346-1.jpg","keywords":["Brasil","CONTRATO RESCINDIDO","COVAXIN","CPI DA COVID","EMPRESA BHARAT BIOTECH","GOVERNO FEDERAL"],"articleSection":["Justi\u00e7a","Sa\u00fade"],"inLanguage":"pt-BR","potentialAction":[{"@type":"CommentAction","name":"Comment","target":["https:\/\/redenoticiaz.com.br\/litoralsp\/2021\/08\/27\/governo-federal-rescinde-contrato-com-a-fabricante-da-vacina-covaxin#respond"]}]},{"@type":"WebPage","@id":"https:\/\/redenoticiaz.com.br\/litoralsp\/2021\/08\/27\/governo-federal-rescinde-contrato-com-a-fabricante-da-vacina-covaxin","url":"https:\/\/redenoticiaz.com.br\/litoralsp\/2021\/08\/27\/governo-federal-rescinde-contrato-com-a-fabricante-da-vacina-covaxin","name":"Governo Federal rescinde contrato com a fabricante da vacina Covaxin - Litoral SP","isPartOf":{"@id":"https:\/\/redenoticiaz.com.br\/litoralsp\/#website"},"primaryImageOfPage":{"@id":"https:\/\/redenoticiaz.com.br\/litoralsp\/2021\/08\/27\/governo-federal-rescinde-contrato-com-a-fabricante-da-vacina-covaxin#primaryimage"},"image":{"@id":"https:\/\/redenoticiaz.com.br\/litoralsp\/2021\/08\/27\/governo-federal-rescinde-contrato-com-a-fabricante-da-vacina-covaxin#primaryimage"},"thumbnailUrl":"https:\/\/redenoticiaz.com.br\/litoralsp\/wp-content\/uploads\/sites\/3\/2021\/08\/gettyimages-1230630346-1.jpg","datePublished":"2021-08-27T15:42:34+00:00","dateModified":"2021-08-27T15:45:54+00:00","description":"o Governo Federal comunicou que fez a rescis\u00e3o unilateral do contrato com a Bharat Biotech, respons\u00e1vel por ser a fabricante da Covaxin","inLanguage":"pt-BR","potentialAction":[{"@type":"ReadAction","target":["https:\/\/redenoticiaz.com.br\/litoralsp\/2021\/08\/27\/governo-federal-rescinde-contrato-com-a-fabricante-da-vacina-covaxin"]}]},{"@type":"ImageObject","inLanguage":"pt-BR","@id":"https:\/\/redenoticiaz.com.br\/litoralsp\/2021\/08\/27\/governo-federal-rescinde-contrato-com-a-fabricante-da-vacina-covaxin#primaryimage","url":"https:\/\/redenoticiaz.com.br\/litoralsp\/wp-content\/uploads\/sites\/3\/2021\/08\/gettyimages-1230630346-1.jpg","contentUrl":"https:\/\/redenoticiaz.com.br\/litoralsp\/wp-content\/uploads\/sites\/3\/2021\/08\/gettyimages-1230630346-1.jpg","width":1024,"height":683,"caption":"Vacina ainda n\u00e3o tem a efic\u00e1cia comprovada contra o coronav\u00edrus. Cr\u00e9ditos: Getty Images."},{"@type":"WebSite","@id":"https:\/\/redenoticiaz.com.br\/litoralsp\/#website","url":"https:\/\/redenoticiaz.com.br\/litoralsp\/","name":"Litoral SP","description":"Rede NoticiaZ","publisher":{"@id":"https:\/\/redenoticiaz.com.br\/litoralsp\/#organization"},"potentialAction":[{"@type":"SearchAction","target":{"@type":"EntryPoint","urlTemplate":"https:\/\/redenoticiaz.com.br\/litoralsp\/?s={search_term_string}"},"query-input":{"@type":"PropertyValueSpecification","valueRequired":true,"valueName":"search_term_string"}}],"inLanguage":"pt-BR"},{"@type":"Organization","@id":"https:\/\/redenoticiaz.com.br\/litoralsp\/#organization","name":"Litoral SP","url":"https:\/\/redenoticiaz.com.br\/litoralsp\/","logo":{"@type":"ImageObject","inLanguage":"pt-BR","@id":"https:\/\/redenoticiaz.com.br\/litoralsp\/#\/schema\/logo\/image\/","url":"https:\/\/redenoticiaz.com.br\/litoralsp\/wp-content\/uploads\/sites\/3\/2020\/11\/logo.jpg","contentUrl":"https:\/\/redenoticiaz.com.br\/litoralsp\/wp-content\/uploads\/sites\/3\/2020\/11\/logo.jpg","width":400,"height":250,"caption":"Litoral SP"},"image":{"@id":"https:\/\/redenoticiaz.com.br\/litoralsp\/#\/schema\/logo\/image\/"}},{"@type":"Person","@id":"https:\/\/redenoticiaz.com.br\/litoralsp\/#\/schema\/person\/0f0b8a5bdafefe82841e07ae8d81ecb3","name":"Leonardo Francisco","image":{"@type":"ImageObject","inLanguage":"pt-BR","@id":"https:\/\/secure.gravatar.com\/avatar\/a7358cb406a99b682ec6df1e77e31ae82e63601f6784e8a3df411d72b37864da?s=96&d=mm&r=g","url":"https:\/\/secure.gravatar.com\/avatar\/a7358cb406a99b682ec6df1e77e31ae82e63601f6784e8a3df411d72b37864da?s=96&d=mm&r=g","contentUrl":"https:\/\/secure.gravatar.com\/avatar\/a7358cb406a99b682ec6df1e77e31ae82e63601f6784e8a3df411d72b37864da?s=96&d=mm&r=g","caption":"Leonardo Francisco"},"url":"https:\/\/redenoticiaz.com.br\/litoralsp\/author\/leonardo-francisco"}]}},"_links":{"self":[{"href":"https:\/\/redenoticiaz.com.br\/litoralsp\/wp-json\/wp\/v2\/posts\/13421","targetHints":{"allow":["GET"]}}],"collection":[{"href":"https:\/\/redenoticiaz.com.br\/litoralsp\/wp-json\/wp\/v2\/posts"}],"about":[{"href":"https:\/\/redenoticiaz.com.br\/litoralsp\/wp-json\/wp\/v2\/types\/post"}],"author":[{"embeddable":true,"href":"https:\/\/redenoticiaz.com.br\/litoralsp\/wp-json\/wp\/v2\/users\/6"}],"replies":[{"embeddable":true,"href":"https:\/\/redenoticiaz.com.br\/litoralsp\/wp-json\/wp\/v2\/comments?post=13421"}],"version-history":[{"count":1,"href":"https:\/\/redenoticiaz.com.br\/litoralsp\/wp-json\/wp\/v2\/posts\/13421\/revisions"}],"predecessor-version":[{"id":13423,"href":"https:\/\/redenoticiaz.com.br\/litoralsp\/wp-json\/wp\/v2\/posts\/13421\/revisions\/13423"}],"wp:featuredmedia":[{"embeddable":true,"href":"https:\/\/redenoticiaz.com.br\/litoralsp\/wp-json\/wp\/v2\/media\/13422"}],"wp:attachment":[{"href":"https:\/\/redenoticiaz.com.br\/litoralsp\/wp-json\/wp\/v2\/media?parent=13421"}],"wp:term":[{"taxonomy":"category","embeddable":true,"href":"https:\/\/redenoticiaz.com.br\/litoralsp\/wp-json\/wp\/v2\/categories?post=13421"},{"taxonomy":"post_tag","embeddable":true,"href":"https:\/\/redenoticiaz.com.br\/litoralsp\/wp-json\/wp\/v2\/tags?post=13421"}],"curies":[{"name":"wp","href":"https:\/\/api.w.org\/{rel}","templated":true}]}}