{"id":13436,"date":"2021-08-29T08:00:25","date_gmt":"2021-08-29T11:00:25","guid":{"rendered":"https:\/\/redenoticiaz.com.br\/litoralsp\/?p=13436"},"modified":"2021-08-27T14:39:36","modified_gmt":"2021-08-27T17:39:36","slug":"antes-da-pandemia-462-das-familias-no-brasil-vivem-com-contas-atrasadas","status":"publish","type":"post","link":"https:\/\/redenoticiaz.com.br\/litoralsp\/2021\/08\/29\/antes-da-pandemia-462-das-familias-no-brasil-vivem-com-contas-atrasadas","title":{"rendered":"Antes da pandemia: 46,2% das fam\u00edlias no Brasil vivem com contas atrasadas"},"content":{"rendered":"<p>Segundo uma pesquisa realizada pelo <a href=\"https:\/\/www.ibge.gov.br\/\">Instituto Brasileiro de Geografia e Estat\u00edstica (IBGE)<\/a>, aproximadamente <strong>46,2% das fam\u00edlias brasileiras vivem com suas contas fixas em atraso por dificuldades financeiras<\/strong>.<\/p>\n<p>O estudo realizado entre 2017 e 2018 apresentou que as contas b\u00e1sicas, como \u00e1gua e luz, s\u00e3o as principais atingidas pelo atraso. \u201c37,5% dos brasileiros vivem em uma resid\u00eancia que n\u00e3o paga as contas b\u00e1sicas em dia. 26,6% atrasam as presta\u00e7\u00f5es de bens e servi\u00e7os e cerca de 7,8% da popula\u00e7\u00e3o possui problemas em pagar o aluguel at\u00e9 a data do vencimento\u201d, explica Jo\u00e3o Esposito, economista e CEO da Express CTB \u2013\u00a0<em>accountech\u00a0<\/em>de contabilidade.<\/p>\n<p>A pesquisa tamb\u00e9m demonstra que dentre as fam\u00edlias que possuem dificuldades para honrar as contas b\u00e1sicas, 30,4% s\u00e3o chefiadas por pretos ou pardos, a maioria com baixo rendimento financeiro e n\u00edvel de escolaridade inferior, com apenas o ensino fundamental completo.<\/p>\n<p>\u201cOs resultados divulgados pelo IBGE apresentam a exist\u00eancia da desigualdade racial at\u00e9 mesmo na hora de pagarmos nossas contas. Para se ter uma no\u00e7\u00e3o, 16,7% dos brasileiros vivem em lares sem acesso a servi\u00e7os financeiros. Deste n\u00famero, 11,7% s\u00e3o integrantes de fam\u00edlias chefiadas por pretos ou pardos\u201d, destaca o economista.<\/p>\n<p><strong>Sobre a Express CTB<\/strong><\/p>\n<p>A Express CTB \u00e9 uma accountech que tem o objetivo de democratizar as solu\u00e7\u00f5es empresariais para neg\u00f3cios. A Express CTB auxilia na legaliza\u00e7\u00e3o de empresas, certifica\u00e7\u00f5es digitais, impostos, finan\u00e7as, assuntos jur\u00eddicos, departamentos de contas, entre outros, em poucos minutos, com tecnologia e consultoria especializada. www.expressctb.com.br.<\/p>\n<p><strong>LEIA TAMB\u00c9M<\/strong><\/p>\n<p><a href=\"https:\/\/redenoticiaz.com.br\/blog\/2021\/08\/27\/o-bom-filho-a-casa-torna-cristiano-ronaldo-e-contratado-pelo-manchester-united\">O bom filho a casa torna. Cristiano Ronaldo \u00e9 contratado pelo Manchester United<\/a><\/p>\n","protected":false},"excerpt":{"rendered":"<p>Segundo uma pesquisa realizada pelo Instituto Brasileiro de Geografia e Estat\u00edstica (IBGE), aproximadamente 46,2% das fam\u00edlias brasileiras vivem com suas contas fixas em atraso por dificuldades financeiras. O estudo realizado entre 2017 e 2018 apresentou que as contas b\u00e1sicas, como \u00e1gua e luz, s\u00e3o as principais atingidas pelo atraso. \u201c37,5% dos brasileiros vivem em uma &hellip;<\/p>\n","protected":false},"author":11,"featured_media":13437,"comment_status":"open","ping_status":"closed","sticky":false,"template":"","format":"standard","meta":{"footnotes":""},"categories":[97,4],"tags":[31575,173,31576,31577,31578,1613,31579],"class_list":["post-13436","post","type-post","status-publish","format-standard","has-post-thumbnail","hentry","category-economia","category-geral","tag-antes-da-pandemia","tag-brasil","tag-brasileiros","tag-contas","tag-contas-atrasadas","tag-economia","tag-pos-pandemia"],"yoast_head":"<!-- This site is optimized with the Yoast SEO plugin v27.5 - https:\/\/yoast.com\/product\/yoast-seo-wordpress\/ -->\n<title>Antes da pandemia: 46,2% das fam\u00edlias no Brasil vivem com contas atrasadas - Litoral SP<\/title>\n<meta name=\"description\" content=\"Aproximadamente 46,2% das fam\u00edlias brasileiras vivem com suas contas fixas em atraso por dificuldades financeiras, antes da pandemia.\" \/>\n<meta name=\"robots\" content=\"index, follow, max-snippet:-1, max-image-preview:large, max-video-preview:-1\" \/>\n<link rel=\"canonical\" href=\"https:\/\/redenoticiaz.com.br\/litoralsp\/2021\/08\/29\/antes-da-pandemia-462-das-familias-no-brasil-vivem-com-contas-atrasadas\" \/>\n<meta property=\"og:locale\" content=\"pt_BR\" \/>\n<meta property=\"og:type\" content=\"article\" \/>\n<meta property=\"og:title\" content=\"Antes da pandemia: 46,2% das fam\u00edlias no Brasil vivem com contas atrasadas - Litoral SP\" \/>\n<meta property=\"og:description\" content=\"Aproximadamente 46,2% das fam\u00edlias brasileiras vivem com suas contas fixas em atraso por dificuldades financeiras, antes da pandemia.\" \/>\n<meta property=\"og:url\" content=\"https:\/\/redenoticiaz.com.br\/litoralsp\/2021\/08\/29\/antes-da-pandemia-462-das-familias-no-brasil-vivem-com-contas-atrasadas\" \/>\n<meta property=\"og:site_name\" content=\"Litoral SP\" \/>\n<meta property=\"article:published_time\" content=\"2021-08-29T11:00:25+00:00\" \/>\n<meta property=\"og:image\" content=\"https:\/\/redenoticiaz.com.br\/litoralsp\/wp-content\/uploads\/sites\/3\/2021\/08\/economia-pos-pandemia.jpg\" \/>\n\t<meta property=\"og:image:width\" content=\"984\" \/>\n\t<meta property=\"og:image:height\" content=\"637\" \/>\n\t<meta property=\"og:image:type\" content=\"image\/jpeg\" \/>\n<meta name=\"twitter:card\" content=\"summary_large_image\" \/>\n<meta name=\"twitter:label1\" content=\"Escrito por\" \/>\n\t<meta name=\"twitter:data1\" content=\"\" \/>\n\t<meta name=\"twitter:label2\" content=\"Est. tempo de leitura\" \/>\n\t<meta name=\"twitter:data2\" content=\"1 minuto\" \/>\n<script type=\"application\/ld+json\" class=\"yoast-schema-graph\">{\"@context\":\"https:\\\/\\\/schema.org\",\"@graph\":[{\"@type\":\"Article\",\"@id\":\"https:\\\/\\\/redenoticiaz.com.br\\\/litoralsp\\\/2021\\\/08\\\/29\\\/antes-da-pandemia-462-das-familias-no-brasil-vivem-com-contas-atrasadas#article\",\"isPartOf\":{\"@id\":\"https:\\\/\\\/redenoticiaz.com.br\\\/litoralsp\\\/2021\\\/08\\\/29\\\/antes-da-pandemia-462-das-familias-no-brasil-vivem-com-contas-atrasadas\"},\"author\":{\"name\":\"\",\"@id\":\"\"},\"headline\":\"Antes da pandemia: 46,2% das fam\u00edlias no Brasil vivem com contas atrasadas\",\"datePublished\":\"2021-08-29T11:00:25+00:00\",\"mainEntityOfPage\":{\"@id\":\"https:\\\/\\\/redenoticiaz.com.br\\\/litoralsp\\\/2021\\\/08\\\/29\\\/antes-da-pandemia-462-das-familias-no-brasil-vivem-com-contas-atrasadas\"},\"wordCount\":288,\"commentCount\":0,\"publisher\":{\"@id\":\"https:\\\/\\\/redenoticiaz.com.br\\\/litoralsp\\\/#organization\"},\"image\":{\"@id\":\"https:\\\/\\\/redenoticiaz.com.br\\\/litoralsp\\\/2021\\\/08\\\/29\\\/antes-da-pandemia-462-das-familias-no-brasil-vivem-com-contas-atrasadas#primaryimage\"},\"thumbnailUrl\":\"https:\\\/\\\/redenoticiaz.com.br\\\/litoralsp\\\/wp-content\\\/uploads\\\/sites\\\/3\\\/2021\\\/08\\\/economia-pos-pandemia.jpg\",\"keywords\":[\"ANTES DA PANDEMIA\",\"Brasil\",\"BRASILEIROS\",\"CONTAS\",\"CONTAS ATRASADAS\",\"economia\",\"P\u00d3S PANDEMIA\"],\"articleSection\":[\"Economia\",\"Geral\"],\"inLanguage\":\"pt-BR\",\"potentialAction\":[{\"@type\":\"CommentAction\",\"name\":\"Comment\",\"target\":[\"https:\\\/\\\/redenoticiaz.com.br\\\/litoralsp\\\/2021\\\/08\\\/29\\\/antes-da-pandemia-462-das-familias-no-brasil-vivem-com-contas-atrasadas#respond\"]}]},{\"@type\":\"WebPage\",\"@id\":\"https:\\\/\\\/redenoticiaz.com.br\\\/litoralsp\\\/2021\\\/08\\\/29\\\/antes-da-pandemia-462-das-familias-no-brasil-vivem-com-contas-atrasadas\",\"url\":\"https:\\\/\\\/redenoticiaz.com.br\\\/litoralsp\\\/2021\\\/08\\\/29\\\/antes-da-pandemia-462-das-familias-no-brasil-vivem-com-contas-atrasadas\",\"name\":\"Antes da pandemia: 46,2% das fam\u00edlias no Brasil vivem com contas atrasadas - Litoral SP\",\"isPartOf\":{\"@id\":\"https:\\\/\\\/redenoticiaz.com.br\\\/litoralsp\\\/#website\"},\"primaryImageOfPage\":{\"@id\":\"https:\\\/\\\/redenoticiaz.com.br\\\/litoralsp\\\/2021\\\/08\\\/29\\\/antes-da-pandemia-462-das-familias-no-brasil-vivem-com-contas-atrasadas#primaryimage\"},\"image\":{\"@id\":\"https:\\\/\\\/redenoticiaz.com.br\\\/litoralsp\\\/2021\\\/08\\\/29\\\/antes-da-pandemia-462-das-familias-no-brasil-vivem-com-contas-atrasadas#primaryimage\"},\"thumbnailUrl\":\"https:\\\/\\\/redenoticiaz.com.br\\\/litoralsp\\\/wp-content\\\/uploads\\\/sites\\\/3\\\/2021\\\/08\\\/economia-pos-pandemia.jpg\",\"datePublished\":\"2021-08-29T11:00:25+00:00\",\"description\":\"Aproximadamente 46,2% das fam\u00edlias brasileiras vivem com suas contas fixas em atraso por dificuldades financeiras, antes da pandemia.\",\"inLanguage\":\"pt-BR\",\"potentialAction\":[{\"@type\":\"ReadAction\",\"target\":[\"https:\\\/\\\/redenoticiaz.com.br\\\/litoralsp\\\/2021\\\/08\\\/29\\\/antes-da-pandemia-462-das-familias-no-brasil-vivem-com-contas-atrasadas\"]}]},{\"@type\":\"ImageObject\",\"inLanguage\":\"pt-BR\",\"@id\":\"https:\\\/\\\/redenoticiaz.com.br\\\/litoralsp\\\/2021\\\/08\\\/29\\\/antes-da-pandemia-462-das-familias-no-brasil-vivem-com-contas-atrasadas#primaryimage\",\"url\":\"https:\\\/\\\/redenoticiaz.com.br\\\/litoralsp\\\/wp-content\\\/uploads\\\/sites\\\/3\\\/2021\\\/08\\\/economia-pos-pandemia.jpg\",\"contentUrl\":\"https:\\\/\\\/redenoticiaz.com.br\\\/litoralsp\\\/wp-content\\\/uploads\\\/sites\\\/3\\\/2021\\\/08\\\/economia-pos-pandemia.jpg\",\"width\":984,\"height\":637,\"caption\":\"Foto: iStock\"},{\"@type\":\"WebSite\",\"@id\":\"https:\\\/\\\/redenoticiaz.com.br\\\/litoralsp\\\/#website\",\"url\":\"https:\\\/\\\/redenoticiaz.com.br\\\/litoralsp\\\/\",\"name\":\"Litoral SP\",\"description\":\"Rede NoticiaZ\",\"publisher\":{\"@id\":\"https:\\\/\\\/redenoticiaz.com.br\\\/litoralsp\\\/#organization\"},\"potentialAction\":[{\"@type\":\"SearchAction\",\"target\":{\"@type\":\"EntryPoint\",\"urlTemplate\":\"https:\\\/\\\/redenoticiaz.com.br\\\/litoralsp\\\/?s={search_term_string}\"},\"query-input\":{\"@type\":\"PropertyValueSpecification\",\"valueRequired\":true,\"valueName\":\"search_term_string\"}}],\"inLanguage\":\"pt-BR\"},{\"@type\":\"Organization\",\"@id\":\"https:\\\/\\\/redenoticiaz.com.br\\\/litoralsp\\\/#organization\",\"name\":\"Litoral SP\",\"url\":\"https:\\\/\\\/redenoticiaz.com.br\\\/litoralsp\\\/\",\"logo\":{\"@type\":\"ImageObject\",\"inLanguage\":\"pt-BR\",\"@id\":\"https:\\\/\\\/redenoticiaz.com.br\\\/litoralsp\\\/#\\\/schema\\\/logo\\\/image\\\/\",\"url\":\"https:\\\/\\\/redenoticiaz.com.br\\\/litoralsp\\\/wp-content\\\/uploads\\\/sites\\\/3\\\/2020\\\/11\\\/logo.jpg\",\"contentUrl\":\"https:\\\/\\\/redenoticiaz.com.br\\\/litoralsp\\\/wp-content\\\/uploads\\\/sites\\\/3\\\/2020\\\/11\\\/logo.jpg\",\"width\":400,\"height\":250,\"caption\":\"Litoral SP\"},\"image\":{\"@id\":\"https:\\\/\\\/redenoticiaz.com.br\\\/litoralsp\\\/#\\\/schema\\\/logo\\\/image\\\/\"}},{\"@type\":\"Person\",\"@id\":\"\",\"url\":\"https:\\\/\\\/redenoticiaz.com.br\\\/litoralsp\\\/author\"}]}<\/script>\n<!-- \/ Yoast SEO plugin. -->","yoast_head_json":{"title":"Antes da pandemia: 46,2% das fam\u00edlias no Brasil vivem com contas atrasadas - Litoral SP","description":"Aproximadamente 46,2% das fam\u00edlias brasileiras vivem com suas contas fixas em atraso por dificuldades financeiras, antes da pandemia.","robots":{"index":"index","follow":"follow","max-snippet":"max-snippet:-1","max-image-preview":"max-image-preview:large","max-video-preview":"max-video-preview:-1"},"canonical":"https:\/\/redenoticiaz.com.br\/litoralsp\/2021\/08\/29\/antes-da-pandemia-462-das-familias-no-brasil-vivem-com-contas-atrasadas","og_locale":"pt_BR","og_type":"article","og_title":"Antes da pandemia: 46,2% das fam\u00edlias no Brasil vivem com contas atrasadas - Litoral SP","og_description":"Aproximadamente 46,2% das fam\u00edlias brasileiras vivem com suas contas fixas em atraso por dificuldades financeiras, antes da pandemia.","og_url":"https:\/\/redenoticiaz.com.br\/litoralsp\/2021\/08\/29\/antes-da-pandemia-462-das-familias-no-brasil-vivem-com-contas-atrasadas","og_site_name":"Litoral SP","article_published_time":"2021-08-29T11:00:25+00:00","og_image":[{"width":984,"height":637,"url":"https:\/\/redenoticiaz.com.br\/litoralsp\/wp-content\/uploads\/sites\/3\/2021\/08\/economia-pos-pandemia.jpg","type":"image\/jpeg"}],"twitter_card":"summary_large_image","twitter_misc":{"Escrito por":"","Est. tempo de leitura":"1 minuto"},"schema":{"@context":"https:\/\/schema.org","@graph":[{"@type":"Article","@id":"https:\/\/redenoticiaz.com.br\/litoralsp\/2021\/08\/29\/antes-da-pandemia-462-das-familias-no-brasil-vivem-com-contas-atrasadas#article","isPartOf":{"@id":"https:\/\/redenoticiaz.com.br\/litoralsp\/2021\/08\/29\/antes-da-pandemia-462-das-familias-no-brasil-vivem-com-contas-atrasadas"},"author":{"name":"","@id":""},"headline":"Antes da pandemia: 46,2% das fam\u00edlias no Brasil vivem com contas atrasadas","datePublished":"2021-08-29T11:00:25+00:00","mainEntityOfPage":{"@id":"https:\/\/redenoticiaz.com.br\/litoralsp\/2021\/08\/29\/antes-da-pandemia-462-das-familias-no-brasil-vivem-com-contas-atrasadas"},"wordCount":288,"commentCount":0,"publisher":{"@id":"https:\/\/redenoticiaz.com.br\/litoralsp\/#organization"},"image":{"@id":"https:\/\/redenoticiaz.com.br\/litoralsp\/2021\/08\/29\/antes-da-pandemia-462-das-familias-no-brasil-vivem-com-contas-atrasadas#primaryimage"},"thumbnailUrl":"https:\/\/redenoticiaz.com.br\/litoralsp\/wp-content\/uploads\/sites\/3\/2021\/08\/economia-pos-pandemia.jpg","keywords":["ANTES DA PANDEMIA","Brasil","BRASILEIROS","CONTAS","CONTAS ATRASADAS","economia","P\u00d3S PANDEMIA"],"articleSection":["Economia","Geral"],"inLanguage":"pt-BR","potentialAction":[{"@type":"CommentAction","name":"Comment","target":["https:\/\/redenoticiaz.com.br\/litoralsp\/2021\/08\/29\/antes-da-pandemia-462-das-familias-no-brasil-vivem-com-contas-atrasadas#respond"]}]},{"@type":"WebPage","@id":"https:\/\/redenoticiaz.com.br\/litoralsp\/2021\/08\/29\/antes-da-pandemia-462-das-familias-no-brasil-vivem-com-contas-atrasadas","url":"https:\/\/redenoticiaz.com.br\/litoralsp\/2021\/08\/29\/antes-da-pandemia-462-das-familias-no-brasil-vivem-com-contas-atrasadas","name":"Antes da pandemia: 46,2% das fam\u00edlias no Brasil vivem com contas atrasadas - Litoral SP","isPartOf":{"@id":"https:\/\/redenoticiaz.com.br\/litoralsp\/#website"},"primaryImageOfPage":{"@id":"https:\/\/redenoticiaz.com.br\/litoralsp\/2021\/08\/29\/antes-da-pandemia-462-das-familias-no-brasil-vivem-com-contas-atrasadas#primaryimage"},"image":{"@id":"https:\/\/redenoticiaz.com.br\/litoralsp\/2021\/08\/29\/antes-da-pandemia-462-das-familias-no-brasil-vivem-com-contas-atrasadas#primaryimage"},"thumbnailUrl":"https:\/\/redenoticiaz.com.br\/litoralsp\/wp-content\/uploads\/sites\/3\/2021\/08\/economia-pos-pandemia.jpg","datePublished":"2021-08-29T11:00:25+00:00","description":"Aproximadamente 46,2% das fam\u00edlias brasileiras vivem com suas contas fixas em atraso por dificuldades financeiras, antes da pandemia.","inLanguage":"pt-BR","potentialAction":[{"@type":"ReadAction","target":["https:\/\/redenoticiaz.com.br\/litoralsp\/2021\/08\/29\/antes-da-pandemia-462-das-familias-no-brasil-vivem-com-contas-atrasadas"]}]},{"@type":"ImageObject","inLanguage":"pt-BR","@id":"https:\/\/redenoticiaz.com.br\/litoralsp\/2021\/08\/29\/antes-da-pandemia-462-das-familias-no-brasil-vivem-com-contas-atrasadas#primaryimage","url":"https:\/\/redenoticiaz.com.br\/litoralsp\/wp-content\/uploads\/sites\/3\/2021\/08\/economia-pos-pandemia.jpg","contentUrl":"https:\/\/redenoticiaz.com.br\/litoralsp\/wp-content\/uploads\/sites\/3\/2021\/08\/economia-pos-pandemia.jpg","width":984,"height":637,"caption":"Foto: iStock"},{"@type":"WebSite","@id":"https:\/\/redenoticiaz.com.br\/litoralsp\/#website","url":"https:\/\/redenoticiaz.com.br\/litoralsp\/","name":"Litoral SP","description":"Rede NoticiaZ","publisher":{"@id":"https:\/\/redenoticiaz.com.br\/litoralsp\/#organization"},"potentialAction":[{"@type":"SearchAction","target":{"@type":"EntryPoint","urlTemplate":"https:\/\/redenoticiaz.com.br\/litoralsp\/?s={search_term_string}"},"query-input":{"@type":"PropertyValueSpecification","valueRequired":true,"valueName":"search_term_string"}}],"inLanguage":"pt-BR"},{"@type":"Organization","@id":"https:\/\/redenoticiaz.com.br\/litoralsp\/#organization","name":"Litoral SP","url":"https:\/\/redenoticiaz.com.br\/litoralsp\/","logo":{"@type":"ImageObject","inLanguage":"pt-BR","@id":"https:\/\/redenoticiaz.com.br\/litoralsp\/#\/schema\/logo\/image\/","url":"https:\/\/redenoticiaz.com.br\/litoralsp\/wp-content\/uploads\/sites\/3\/2020\/11\/logo.jpg","contentUrl":"https:\/\/redenoticiaz.com.br\/litoralsp\/wp-content\/uploads\/sites\/3\/2020\/11\/logo.jpg","width":400,"height":250,"caption":"Litoral SP"},"image":{"@id":"https:\/\/redenoticiaz.com.br\/litoralsp\/#\/schema\/logo\/image\/"}},{"@type":"Person","@id":"","url":"https:\/\/redenoticiaz.com.br\/litoralsp\/author"}]}},"_links":{"self":[{"href":"https:\/\/redenoticiaz.com.br\/litoralsp\/wp-json\/wp\/v2\/posts\/13436","targetHints":{"allow":["GET"]}}],"collection":[{"href":"https:\/\/redenoticiaz.com.br\/litoralsp\/wp-json\/wp\/v2\/posts"}],"about":[{"href":"https:\/\/redenoticiaz.com.br\/litoralsp\/wp-json\/wp\/v2\/types\/post"}],"author":[{"embeddable":true,"href":"https:\/\/redenoticiaz.com.br\/litoralsp\/wp-json\/wp\/v2\/users\/11"}],"replies":[{"embeddable":true,"href":"https:\/\/redenoticiaz.com.br\/litoralsp\/wp-json\/wp\/v2\/comments?post=13436"}],"version-history":[{"count":2,"href":"https:\/\/redenoticiaz.com.br\/litoralsp\/wp-json\/wp\/v2\/posts\/13436\/revisions"}],"predecessor-version":[{"id":13439,"href":"https:\/\/redenoticiaz.com.br\/litoralsp\/wp-json\/wp\/v2\/posts\/13436\/revisions\/13439"}],"wp:featuredmedia":[{"embeddable":true,"href":"https:\/\/redenoticiaz.com.br\/litoralsp\/wp-json\/wp\/v2\/media\/13437"}],"wp:attachment":[{"href":"https:\/\/redenoticiaz.com.br\/litoralsp\/wp-json\/wp\/v2\/media?parent=13436"}],"wp:term":[{"taxonomy":"category","embeddable":true,"href":"https:\/\/redenoticiaz.com.br\/litoralsp\/wp-json\/wp\/v2\/categories?post=13436"},{"taxonomy":"post_tag","embeddable":true,"href":"https:\/\/redenoticiaz.com.br\/litoralsp\/wp-json\/wp\/v2\/tags?post=13436"}],"curies":[{"name":"wp","href":"https:\/\/api.w.org\/{rel}","templated":true}]}}