{"id":13562,"date":"2021-08-29T12:42:15","date_gmt":"2021-08-29T15:42:15","guid":{"rendered":"https:\/\/redenoticiaz.com.br\/litoralsp\/?p=13562"},"modified":"2021-08-29T12:42:15","modified_gmt":"2021-08-29T15:42:15","slug":"policia-flagra-caminhao-carregando-madeira-nativa-ilegalmente","status":"publish","type":"post","link":"https:\/\/redenoticiaz.com.br\/litoralsp\/2021\/08\/29\/policia-flagra-caminhao-carregando-madeira-nativa-ilegalmente","title":{"rendered":"Pol\u00edcia flagra caminh\u00e3o carregando madeira nativa ilegalmente"},"content":{"rendered":"<p>Policiais militares da 3\u00aa Companhia de Pol\u00edcia Militar Ambiental,<strong> flagraram caminh\u00e3o carregado de forma incorreta com madeira nativa<\/strong>, em Guaratinguet\u00e1. Caso aconteceu neste s\u00e1bado.<\/p>\n<p>Durante a fiscaliza\u00e7\u00e3o o motorista informou n\u00e3o possuir as documenta\u00e7\u00f5es inerentes ao transporte de madeira nativa (nota fiscal e DOF), apresentando apenas documenta\u00e7\u00e3o do veiculo. Conclu\u00edda a confer\u00eancia, ficou identificando um total de 5,5 m\u00b3 de madeira nativa da esp\u00e9cie Tauari. E tamb\u00e9m, diversos tipos de ripa, vigas e prancha.<\/p>\n<p>Todo material lenhoso foi apreendido e ficou armazenado na sede do 3\u00ba Pelot\u00e3o Ambiental em<a href=\"http:\/\/www.saosebastiao.sp.gov.br\/\"> S\u00e3o Sebasti\u00e3o<\/a>, onde aguardar\u00e1 julgamento para destina\u00e7\u00e3o ou destrui\u00e7\u00e3o.<\/p>\n<p>Foi elaborado o Auto de Infra\u00e7\u00e3o Ambiental, em desfavor do motorista, na empresa respons\u00e1vel pelas madeiras localizada no munic\u00edpio de Guaratinguet\u00e1 e no propriet\u00e1rio da empresa, por transportar madeira nativa sem documento de origem exigidos pela autoridade ambiental.<\/p>\n<p>Com aplica\u00e7\u00e3o de multa no valor de R$ 1.650,00 reais para cada autor, perfazendo um total de R$ 4.950,00 reais. Foi solicitado ainda a inativa\u00e7\u00e3o de ve\u00edculos junto ao sistema DOF e a suspens\u00e3o das atividades.<\/p>\n<p><strong>LEIA TAMB\u00c9M<\/strong><\/p>\n<p><a href=\"https:\/\/redenoticiaz.com.br\/litoralsp\/2021\/08\/29\/decisao-obriga-presenca-indigena-no-comite-das-bacias\">Decis\u00e3o obriga presen\u00e7a ind\u00edgena no Comit\u00ea das Bacias<\/a><\/p>\n","protected":false},"excerpt":{"rendered":"<p>Policiais militares da 3\u00aa Companhia de Pol\u00edcia Militar Ambiental, flagraram caminh\u00e3o carregado de forma incorreta com madeira nativa, em Guaratinguet\u00e1. Caso aconteceu neste s\u00e1bado. Durante a fiscaliza\u00e7\u00e3o o motorista informou n\u00e3o possuir as documenta\u00e7\u00f5es inerentes ao transporte de madeira nativa (nota fiscal e DOF), apresentando apenas documenta\u00e7\u00e3o do veiculo. Conclu\u00edda a confer\u00eancia, ficou identificando um &hellip;<\/p>\n","protected":false},"author":11,"featured_media":13563,"comment_status":"open","ping_status":"closed","sticky":false,"template":"","format":"standard","meta":{"footnotes":""},"categories":[1487,188],"tags":[26000,31934,31933,12263,2685,3707],"class_list":["post-13562","post","type-post","status-publish","format-standard","has-post-thumbnail","hentry","category-meio-ambiente","category-sao-sebastiao","tag-guaratingueta","tag-ilegal","tag-madeira-apreendida","tag-meio-ambiente","tag-policia-ambiental","tag-sao-sebastiao"],"yoast_head":"<!-- This site is optimized with the Yoast SEO plugin v27.5 - https:\/\/yoast.com\/product\/yoast-seo-wordpress\/ -->\n<title>Pol\u00edcia flagra caminh\u00e3o carregando madeira nativa ilegalmente - Litoral SP<\/title>\n<meta name=\"description\" content=\"Policiais militares da 3\u00aa Companhia de Pol\u00edcia Militar Ambiental, flagraram caminh\u00e3o carregado de forma incorreta com madeira nativa, em Guaratinguet\u00e1.\" \/>\n<meta name=\"robots\" content=\"index, follow, max-snippet:-1, max-image-preview:large, max-video-preview:-1\" \/>\n<link rel=\"canonical\" href=\"https:\/\/redenoticiaz.com.br\/litoralsp\/2021\/08\/29\/policia-flagra-caminhao-carregando-madeira-nativa-ilegalmente\" \/>\n<meta property=\"og:locale\" content=\"pt_BR\" \/>\n<meta property=\"og:type\" content=\"article\" \/>\n<meta property=\"og:title\" content=\"Pol\u00edcia flagra caminh\u00e3o carregando madeira nativa ilegalmente - Litoral SP\" \/>\n<meta property=\"og:description\" content=\"Policiais militares da 3\u00aa Companhia de Pol\u00edcia Militar Ambiental, flagraram caminh\u00e3o carregado de forma incorreta com madeira nativa, em Guaratinguet\u00e1.\" \/>\n<meta property=\"og:url\" content=\"https:\/\/redenoticiaz.com.br\/litoralsp\/2021\/08\/29\/policia-flagra-caminhao-carregando-madeira-nativa-ilegalmente\" \/>\n<meta property=\"og:site_name\" content=\"Litoral SP\" \/>\n<meta property=\"article:published_time\" content=\"2021-08-29T15:42:15+00:00\" \/>\n<meta property=\"og:image\" content=\"https:\/\/redenoticiaz.com.br\/litoralsp\/wp-content\/uploads\/sites\/3\/2021\/08\/madeira_nativa-810x608-1.jpeg\" \/>\n\t<meta property=\"og:image:width\" content=\"810\" \/>\n\t<meta property=\"og:image:height\" content=\"608\" \/>\n\t<meta property=\"og:image:type\" content=\"image\/jpeg\" \/>\n<meta name=\"twitter:card\" content=\"summary_large_image\" \/>\n<meta name=\"twitter:label1\" content=\"Escrito por\" \/>\n\t<meta name=\"twitter:data1\" content=\"\" \/>\n\t<meta name=\"twitter:label2\" content=\"Est. tempo de leitura\" \/>\n\t<meta name=\"twitter:data2\" content=\"1 minuto\" \/>\n<script type=\"application\/ld+json\" class=\"yoast-schema-graph\">{\"@context\":\"https:\\\/\\\/schema.org\",\"@graph\":[{\"@type\":\"Article\",\"@id\":\"https:\\\/\\\/redenoticiaz.com.br\\\/litoralsp\\\/2021\\\/08\\\/29\\\/policia-flagra-caminhao-carregando-madeira-nativa-ilegalmente#article\",\"isPartOf\":{\"@id\":\"https:\\\/\\\/redenoticiaz.com.br\\\/litoralsp\\\/2021\\\/08\\\/29\\\/policia-flagra-caminhao-carregando-madeira-nativa-ilegalmente\"},\"author\":{\"name\":\"\",\"@id\":\"\"},\"headline\":\"Pol\u00edcia flagra caminh\u00e3o carregando madeira nativa ilegalmente\",\"datePublished\":\"2021-08-29T15:42:15+00:00\",\"mainEntityOfPage\":{\"@id\":\"https:\\\/\\\/redenoticiaz.com.br\\\/litoralsp\\\/2021\\\/08\\\/29\\\/policia-flagra-caminhao-carregando-madeira-nativa-ilegalmente\"},\"wordCount\":214,\"commentCount\":0,\"publisher\":{\"@id\":\"https:\\\/\\\/redenoticiaz.com.br\\\/litoralsp\\\/#organization\"},\"image\":{\"@id\":\"https:\\\/\\\/redenoticiaz.com.br\\\/litoralsp\\\/2021\\\/08\\\/29\\\/policia-flagra-caminhao-carregando-madeira-nativa-ilegalmente#primaryimage\"},\"thumbnailUrl\":\"https:\\\/\\\/redenoticiaz.com.br\\\/litoralsp\\\/wp-content\\\/uploads\\\/sites\\\/3\\\/2021\\\/08\\\/madeira_nativa-810x608-1.jpeg\",\"keywords\":[\"GUARATINGUET\u00c1\",\"ilegal\",\"MADEIRA APREENDIDA\",\"MEIO AMBIENTE\",\"POL\u00cdCIA AMBIENTAL\",\"S\u00c3O SEBASTI\u00c3O\"],\"articleSection\":[\"Meio Ambiente\",\"S\u00e3o Sebasti\u00e3o\"],\"inLanguage\":\"pt-BR\",\"potentialAction\":[{\"@type\":\"CommentAction\",\"name\":\"Comment\",\"target\":[\"https:\\\/\\\/redenoticiaz.com.br\\\/litoralsp\\\/2021\\\/08\\\/29\\\/policia-flagra-caminhao-carregando-madeira-nativa-ilegalmente#respond\"]}]},{\"@type\":\"WebPage\",\"@id\":\"https:\\\/\\\/redenoticiaz.com.br\\\/litoralsp\\\/2021\\\/08\\\/29\\\/policia-flagra-caminhao-carregando-madeira-nativa-ilegalmente\",\"url\":\"https:\\\/\\\/redenoticiaz.com.br\\\/litoralsp\\\/2021\\\/08\\\/29\\\/policia-flagra-caminhao-carregando-madeira-nativa-ilegalmente\",\"name\":\"Pol\u00edcia flagra caminh\u00e3o carregando madeira nativa ilegalmente - Litoral SP\",\"isPartOf\":{\"@id\":\"https:\\\/\\\/redenoticiaz.com.br\\\/litoralsp\\\/#website\"},\"primaryImageOfPage\":{\"@id\":\"https:\\\/\\\/redenoticiaz.com.br\\\/litoralsp\\\/2021\\\/08\\\/29\\\/policia-flagra-caminhao-carregando-madeira-nativa-ilegalmente#primaryimage\"},\"image\":{\"@id\":\"https:\\\/\\\/redenoticiaz.com.br\\\/litoralsp\\\/2021\\\/08\\\/29\\\/policia-flagra-caminhao-carregando-madeira-nativa-ilegalmente#primaryimage\"},\"thumbnailUrl\":\"https:\\\/\\\/redenoticiaz.com.br\\\/litoralsp\\\/wp-content\\\/uploads\\\/sites\\\/3\\\/2021\\\/08\\\/madeira_nativa-810x608-1.jpeg\",\"datePublished\":\"2021-08-29T15:42:15+00:00\",\"description\":\"Policiais militares da 3\u00aa Companhia de Pol\u00edcia Militar Ambiental, flagraram caminh\u00e3o carregado de forma incorreta com madeira nativa, em Guaratinguet\u00e1.\",\"inLanguage\":\"pt-BR\",\"potentialAction\":[{\"@type\":\"ReadAction\",\"target\":[\"https:\\\/\\\/redenoticiaz.com.br\\\/litoralsp\\\/2021\\\/08\\\/29\\\/policia-flagra-caminhao-carregando-madeira-nativa-ilegalmente\"]}]},{\"@type\":\"ImageObject\",\"inLanguage\":\"pt-BR\",\"@id\":\"https:\\\/\\\/redenoticiaz.com.br\\\/litoralsp\\\/2021\\\/08\\\/29\\\/policia-flagra-caminhao-carregando-madeira-nativa-ilegalmente#primaryimage\",\"url\":\"https:\\\/\\\/redenoticiaz.com.br\\\/litoralsp\\\/wp-content\\\/uploads\\\/sites\\\/3\\\/2021\\\/08\\\/madeira_nativa-810x608-1.jpeg\",\"contentUrl\":\"https:\\\/\\\/redenoticiaz.com.br\\\/litoralsp\\\/wp-content\\\/uploads\\\/sites\\\/3\\\/2021\\\/08\\\/madeira_nativa-810x608-1.jpeg\",\"width\":810,\"height\":608,\"caption\":\"Foto: Pol\u00edcia Ambiental.\"},{\"@type\":\"WebSite\",\"@id\":\"https:\\\/\\\/redenoticiaz.com.br\\\/litoralsp\\\/#website\",\"url\":\"https:\\\/\\\/redenoticiaz.com.br\\\/litoralsp\\\/\",\"name\":\"Litoral SP\",\"description\":\"Rede NoticiaZ\",\"publisher\":{\"@id\":\"https:\\\/\\\/redenoticiaz.com.br\\\/litoralsp\\\/#organization\"},\"potentialAction\":[{\"@type\":\"SearchAction\",\"target\":{\"@type\":\"EntryPoint\",\"urlTemplate\":\"https:\\\/\\\/redenoticiaz.com.br\\\/litoralsp\\\/?s={search_term_string}\"},\"query-input\":{\"@type\":\"PropertyValueSpecification\",\"valueRequired\":true,\"valueName\":\"search_term_string\"}}],\"inLanguage\":\"pt-BR\"},{\"@type\":\"Organization\",\"@id\":\"https:\\\/\\\/redenoticiaz.com.br\\\/litoralsp\\\/#organization\",\"name\":\"Litoral SP\",\"url\":\"https:\\\/\\\/redenoticiaz.com.br\\\/litoralsp\\\/\",\"logo\":{\"@type\":\"ImageObject\",\"inLanguage\":\"pt-BR\",\"@id\":\"https:\\\/\\\/redenoticiaz.com.br\\\/litoralsp\\\/#\\\/schema\\\/logo\\\/image\\\/\",\"url\":\"https:\\\/\\\/redenoticiaz.com.br\\\/litoralsp\\\/wp-content\\\/uploads\\\/sites\\\/3\\\/2020\\\/11\\\/logo.jpg\",\"contentUrl\":\"https:\\\/\\\/redenoticiaz.com.br\\\/litoralsp\\\/wp-content\\\/uploads\\\/sites\\\/3\\\/2020\\\/11\\\/logo.jpg\",\"width\":400,\"height\":250,\"caption\":\"Litoral SP\"},\"image\":{\"@id\":\"https:\\\/\\\/redenoticiaz.com.br\\\/litoralsp\\\/#\\\/schema\\\/logo\\\/image\\\/\"}},{\"@type\":\"Person\",\"@id\":\"\",\"url\":\"https:\\\/\\\/redenoticiaz.com.br\\\/litoralsp\\\/author\"}]}<\/script>\n<!-- \/ Yoast SEO plugin. -->","yoast_head_json":{"title":"Pol\u00edcia flagra caminh\u00e3o carregando madeira nativa ilegalmente - Litoral SP","description":"Policiais militares da 3\u00aa Companhia de Pol\u00edcia Militar Ambiental, flagraram caminh\u00e3o carregado de forma incorreta com madeira nativa, em Guaratinguet\u00e1.","robots":{"index":"index","follow":"follow","max-snippet":"max-snippet:-1","max-image-preview":"max-image-preview:large","max-video-preview":"max-video-preview:-1"},"canonical":"https:\/\/redenoticiaz.com.br\/litoralsp\/2021\/08\/29\/policia-flagra-caminhao-carregando-madeira-nativa-ilegalmente","og_locale":"pt_BR","og_type":"article","og_title":"Pol\u00edcia flagra caminh\u00e3o carregando madeira nativa ilegalmente - Litoral SP","og_description":"Policiais militares da 3\u00aa Companhia de Pol\u00edcia Militar Ambiental, flagraram caminh\u00e3o carregado de forma incorreta com madeira nativa, em Guaratinguet\u00e1.","og_url":"https:\/\/redenoticiaz.com.br\/litoralsp\/2021\/08\/29\/policia-flagra-caminhao-carregando-madeira-nativa-ilegalmente","og_site_name":"Litoral SP","article_published_time":"2021-08-29T15:42:15+00:00","og_image":[{"width":810,"height":608,"url":"https:\/\/redenoticiaz.com.br\/litoralsp\/wp-content\/uploads\/sites\/3\/2021\/08\/madeira_nativa-810x608-1.jpeg","type":"image\/jpeg"}],"twitter_card":"summary_large_image","twitter_misc":{"Escrito por":"","Est. tempo de leitura":"1 minuto"},"schema":{"@context":"https:\/\/schema.org","@graph":[{"@type":"Article","@id":"https:\/\/redenoticiaz.com.br\/litoralsp\/2021\/08\/29\/policia-flagra-caminhao-carregando-madeira-nativa-ilegalmente#article","isPartOf":{"@id":"https:\/\/redenoticiaz.com.br\/litoralsp\/2021\/08\/29\/policia-flagra-caminhao-carregando-madeira-nativa-ilegalmente"},"author":{"name":"","@id":""},"headline":"Pol\u00edcia flagra caminh\u00e3o carregando madeira nativa ilegalmente","datePublished":"2021-08-29T15:42:15+00:00","mainEntityOfPage":{"@id":"https:\/\/redenoticiaz.com.br\/litoralsp\/2021\/08\/29\/policia-flagra-caminhao-carregando-madeira-nativa-ilegalmente"},"wordCount":214,"commentCount":0,"publisher":{"@id":"https:\/\/redenoticiaz.com.br\/litoralsp\/#organization"},"image":{"@id":"https:\/\/redenoticiaz.com.br\/litoralsp\/2021\/08\/29\/policia-flagra-caminhao-carregando-madeira-nativa-ilegalmente#primaryimage"},"thumbnailUrl":"https:\/\/redenoticiaz.com.br\/litoralsp\/wp-content\/uploads\/sites\/3\/2021\/08\/madeira_nativa-810x608-1.jpeg","keywords":["GUARATINGUET\u00c1","ilegal","MADEIRA APREENDIDA","MEIO AMBIENTE","POL\u00cdCIA AMBIENTAL","S\u00c3O SEBASTI\u00c3O"],"articleSection":["Meio Ambiente","S\u00e3o Sebasti\u00e3o"],"inLanguage":"pt-BR","potentialAction":[{"@type":"CommentAction","name":"Comment","target":["https:\/\/redenoticiaz.com.br\/litoralsp\/2021\/08\/29\/policia-flagra-caminhao-carregando-madeira-nativa-ilegalmente#respond"]}]},{"@type":"WebPage","@id":"https:\/\/redenoticiaz.com.br\/litoralsp\/2021\/08\/29\/policia-flagra-caminhao-carregando-madeira-nativa-ilegalmente","url":"https:\/\/redenoticiaz.com.br\/litoralsp\/2021\/08\/29\/policia-flagra-caminhao-carregando-madeira-nativa-ilegalmente","name":"Pol\u00edcia flagra caminh\u00e3o carregando madeira nativa ilegalmente - Litoral SP","isPartOf":{"@id":"https:\/\/redenoticiaz.com.br\/litoralsp\/#website"},"primaryImageOfPage":{"@id":"https:\/\/redenoticiaz.com.br\/litoralsp\/2021\/08\/29\/policia-flagra-caminhao-carregando-madeira-nativa-ilegalmente#primaryimage"},"image":{"@id":"https:\/\/redenoticiaz.com.br\/litoralsp\/2021\/08\/29\/policia-flagra-caminhao-carregando-madeira-nativa-ilegalmente#primaryimage"},"thumbnailUrl":"https:\/\/redenoticiaz.com.br\/litoralsp\/wp-content\/uploads\/sites\/3\/2021\/08\/madeira_nativa-810x608-1.jpeg","datePublished":"2021-08-29T15:42:15+00:00","description":"Policiais militares da 3\u00aa Companhia de Pol\u00edcia Militar Ambiental, flagraram caminh\u00e3o carregado de forma incorreta com madeira nativa, em Guaratinguet\u00e1.","inLanguage":"pt-BR","potentialAction":[{"@type":"ReadAction","target":["https:\/\/redenoticiaz.com.br\/litoralsp\/2021\/08\/29\/policia-flagra-caminhao-carregando-madeira-nativa-ilegalmente"]}]},{"@type":"ImageObject","inLanguage":"pt-BR","@id":"https:\/\/redenoticiaz.com.br\/litoralsp\/2021\/08\/29\/policia-flagra-caminhao-carregando-madeira-nativa-ilegalmente#primaryimage","url":"https:\/\/redenoticiaz.com.br\/litoralsp\/wp-content\/uploads\/sites\/3\/2021\/08\/madeira_nativa-810x608-1.jpeg","contentUrl":"https:\/\/redenoticiaz.com.br\/litoralsp\/wp-content\/uploads\/sites\/3\/2021\/08\/madeira_nativa-810x608-1.jpeg","width":810,"height":608,"caption":"Foto: Pol\u00edcia Ambiental."},{"@type":"WebSite","@id":"https:\/\/redenoticiaz.com.br\/litoralsp\/#website","url":"https:\/\/redenoticiaz.com.br\/litoralsp\/","name":"Litoral SP","description":"Rede NoticiaZ","publisher":{"@id":"https:\/\/redenoticiaz.com.br\/litoralsp\/#organization"},"potentialAction":[{"@type":"SearchAction","target":{"@type":"EntryPoint","urlTemplate":"https:\/\/redenoticiaz.com.br\/litoralsp\/?s={search_term_string}"},"query-input":{"@type":"PropertyValueSpecification","valueRequired":true,"valueName":"search_term_string"}}],"inLanguage":"pt-BR"},{"@type":"Organization","@id":"https:\/\/redenoticiaz.com.br\/litoralsp\/#organization","name":"Litoral SP","url":"https:\/\/redenoticiaz.com.br\/litoralsp\/","logo":{"@type":"ImageObject","inLanguage":"pt-BR","@id":"https:\/\/redenoticiaz.com.br\/litoralsp\/#\/schema\/logo\/image\/","url":"https:\/\/redenoticiaz.com.br\/litoralsp\/wp-content\/uploads\/sites\/3\/2020\/11\/logo.jpg","contentUrl":"https:\/\/redenoticiaz.com.br\/litoralsp\/wp-content\/uploads\/sites\/3\/2020\/11\/logo.jpg","width":400,"height":250,"caption":"Litoral SP"},"image":{"@id":"https:\/\/redenoticiaz.com.br\/litoralsp\/#\/schema\/logo\/image\/"}},{"@type":"Person","@id":"","url":"https:\/\/redenoticiaz.com.br\/litoralsp\/author"}]}},"_links":{"self":[{"href":"https:\/\/redenoticiaz.com.br\/litoralsp\/wp-json\/wp\/v2\/posts\/13562","targetHints":{"allow":["GET"]}}],"collection":[{"href":"https:\/\/redenoticiaz.com.br\/litoralsp\/wp-json\/wp\/v2\/posts"}],"about":[{"href":"https:\/\/redenoticiaz.com.br\/litoralsp\/wp-json\/wp\/v2\/types\/post"}],"author":[{"embeddable":true,"href":"https:\/\/redenoticiaz.com.br\/litoralsp\/wp-json\/wp\/v2\/users\/11"}],"replies":[{"embeddable":true,"href":"https:\/\/redenoticiaz.com.br\/litoralsp\/wp-json\/wp\/v2\/comments?post=13562"}],"version-history":[{"count":1,"href":"https:\/\/redenoticiaz.com.br\/litoralsp\/wp-json\/wp\/v2\/posts\/13562\/revisions"}],"predecessor-version":[{"id":13564,"href":"https:\/\/redenoticiaz.com.br\/litoralsp\/wp-json\/wp\/v2\/posts\/13562\/revisions\/13564"}],"wp:featuredmedia":[{"embeddable":true,"href":"https:\/\/redenoticiaz.com.br\/litoralsp\/wp-json\/wp\/v2\/media\/13563"}],"wp:attachment":[{"href":"https:\/\/redenoticiaz.com.br\/litoralsp\/wp-json\/wp\/v2\/media?parent=13562"}],"wp:term":[{"taxonomy":"category","embeddable":true,"href":"https:\/\/redenoticiaz.com.br\/litoralsp\/wp-json\/wp\/v2\/categories?post=13562"},{"taxonomy":"post_tag","embeddable":true,"href":"https:\/\/redenoticiaz.com.br\/litoralsp\/wp-json\/wp\/v2\/tags?post=13562"}],"curies":[{"name":"wp","href":"https:\/\/api.w.org\/{rel}","templated":true}]}}