{"id":13586,"date":"2021-08-30T12:28:07","date_gmt":"2021-08-30T15:28:07","guid":{"rendered":"https:\/\/redenoticiaz.com.br\/litoralsp\/?p=13586"},"modified":"2021-08-30T12:28:36","modified_gmt":"2021-08-30T15:28:36","slug":"video-comeca-a-funcionar-o-lab-movel-do-butantan-em-santos","status":"publish","type":"post","link":"https:\/\/redenoticiaz.com.br\/litoralsp\/2021\/08\/30\/video-comeca-a-funcionar-o-lab-movel-do-butantan-em-santos","title":{"rendered":"V\u00cdDEO &#8211; Come\u00e7a a funcionar o Lab M\u00f3vel do Butantan em Santos"},"content":{"rendered":"<p>Nesta segunda-feira (30), come\u00e7ou a funcionar em <a href=\"https:\/\/www.santos.sp.gov.br\/\">Santos<\/a>, o laborat\u00f3rio itinerante do Instituto Butantan, o <strong>Lab M\u00f3vel<\/strong>. A estrutura est\u00e1 instalada na Pra\u00e7a Mau\u00e1, no Centro da cidade e ela ser\u00e1 a respons\u00e1vel por coletar todos os testes enviados pelas secretarias de Sa\u00fade da Baixada Santista.<\/p>\n<p>De acordo com o Butantan, o objetivo reduzir o intervalo para entrega dos resultados dos testes de coronav\u00edrus, e realizar o sequenciamento das variantes do v\u00edrus que circulam na Baixada Santista. \u00c9 o que explica o m\u00e9dico Ant\u00f4nio Jorge Martins, respons\u00e1vel pela rede de alerta de variantes.<\/p>\n<p>&#8220;O laborat\u00f3rio m\u00f3vel fica instalado em uma determinada regi\u00e3o do Estado, em ambiente fechado, mas \u00e9 p\u00fablico para ajudar a popula\u00e7\u00e3o. Ele ficar\u00e1 instalado at\u00e9 o dia 10 de setembro e neste per\u00edodo vai ajudar a realizar exames e a expectativa \u00e9 de fazer at\u00e9 1.400 testes por semana. S\u00f3 que este n\u00famero pode aumentar devido a demanda&#8221;, explica.<\/p>\n<p>Ainda de acordo com Ant\u00f4nio, todos os resultados dos testes ser\u00e3o coletado e levados para o Lab M\u00f3vel. L\u00e1, al\u00e9m de confirmarem os casos de coronav\u00edrus, ser\u00e1 feito um sequenciamento que dura de 7 a 10 dias para saber se h\u00e1 variante e qual variante da doen\u00e7a est\u00e1 circulando. O motivo \u00e9 o perigo da variante Delta. Somente em Santos, quatro casos foram diagnosticados.<\/p>\n<p><strong>Veja o v\u00eddeo:<\/strong><\/p>\n<div style=\"width: 640px;\" class=\"wp-video\"><video class=\"wp-video-shortcode\" id=\"video-13586-1\" width=\"640\" height=\"352\" preload=\"metadata\" controls=\"controls\"><source type=\"video\/mp4\" src=\"https:\/\/redenoticiaz.com.br\/litoralsp\/wp-content\/uploads\/sites\/3\/2021\/08\/whatsapp-video-2021-08-30-at-10-19-26.mp4?_=1\" \/><a href=\"https:\/\/redenoticiaz.com.br\/litoralsp\/wp-content\/uploads\/sites\/3\/2021\/08\/whatsapp-video-2021-08-30-at-10-19-26.mp4\">https:\/\/redenoticiaz.com.br\/litoralsp\/wp-content\/uploads\/sites\/3\/2021\/08\/whatsapp-video-2021-08-30-at-10-19-26.mp4<\/a><\/video><\/div>\n<h3>Pr\u00f3ximas medidas<\/h3>\n<p>Ant\u00f4nio Jorge Martins explica que ap\u00f3s o recebimento dos testes, ser\u00e1 feita a extra\u00e7\u00e3o do RT-PCR para confirmar ou n\u00e3o se teve Covid-19. Os casos positivos ir\u00e3o passar por um sequenciamento gen\u00e9tico, onde ser\u00e1 feita uma an\u00e1lise sobre qual variante circula na Baixada. Se \u00e9 Alfa Beta, Gama ou Delta.<\/p>\n<figure id=\"attachment_13596\" aria-describedby=\"caption-attachment-13596\" style=\"width: 300px\" class=\"wp-caption alignleft\"><img loading=\"lazy\" decoding=\"async\" class=\"size-medium wp-image-13596\" src=\"https:\/\/redenoticiaz.com.br\/litoralsp\/wp-content\/uploads\/sites\/3\/2021\/08\/whatsapp-image-2021-08-30-at-10-19-26-300x224.jpeg\" alt=\"\" width=\"300\" height=\"224\" srcset=\"https:\/\/redenoticiaz.com.br\/litoralsp\/wp-content\/uploads\/sites\/3\/2021\/08\/whatsapp-image-2021-08-30-at-10-19-26-300x224.jpeg 300w, https:\/\/redenoticiaz.com.br\/litoralsp\/wp-content\/uploads\/sites\/3\/2021\/08\/whatsapp-image-2021-08-30-at-10-19-26-1024x765.jpeg 1024w, https:\/\/redenoticiaz.com.br\/litoralsp\/wp-content\/uploads\/sites\/3\/2021\/08\/whatsapp-image-2021-08-30-at-10-19-26-768x574.jpeg 768w, https:\/\/redenoticiaz.com.br\/litoralsp\/wp-content\/uploads\/sites\/3\/2021\/08\/whatsapp-image-2021-08-30-at-10-19-26-1536x1148.jpeg 1536w, https:\/\/redenoticiaz.com.br\/litoralsp\/wp-content\/uploads\/sites\/3\/2021\/08\/whatsapp-image-2021-08-30-at-10-19-26.jpeg 1600w\" sizes=\"auto, (max-width: 300px) 100vw, 300px\" \/><figcaption id=\"caption-attachment-13596\" class=\"wp-caption-text\">A estrutura bem equipada promete agilizar na divulga\u00e7\u00e3o de testes e tamb\u00e9m monitorar a doen\u00e7a n a Regi\u00e3o. Cr\u00e9ditos: Leonardo Francisco<\/figcaption><\/figure>\n<p>Enquanto isso, os resultados para diagn\u00f3sticos positivos no PCR \u00e9 oferecido em 24 horas. A ideia \u00e9 oferecer ao munic\u00edpio o isolamento e fazer um rastreamento maior. &#8220;Sabendo as variantes que circulam na regi\u00e3o, ser\u00e1 poss\u00edvel saber se as vacinas aplicadas cobrem estas variantes ou n\u00e3o. A ideia \u00e9 neutralizar a circula\u00e7\u00e3o destas variantes.<\/p>\n<p>J\u00e1 o CEO do laborat\u00f3rio de biotecnologia Loccus, Eduardo Ara\u00fajo, conta sobre a import\u00e2ncia da parceria feita com o Instituto Butantan. A ideia \u00e9 agilizar a testagem em massa contra a Covid-19.\u00a0&#8220;Desde o in\u00edcio da pandemia, estabelecemos uma parceria com o Instituto Butantan para oferecer uma coopera\u00e7\u00e3o tecnol\u00f3gica, onde provemos os reagentes para a extra\u00e7\u00e3o e o material para agilizar o diagn\u00f3stico. Dessa forma eliminamos em poucas semanas a fila de espera do SUS para os testes de Covid&#8221;.<\/p>\n<p>Eduardo tamb\u00e9m fala sobre a estrutura do Lab M\u00f3vel. &#8220;Conseguimos montar uma estrutura compacta, mas com alta tecnologia de biosseguran\u00e7a, que vai ajudar na acelera\u00e7\u00e3o dos resultados dos testes da Covid-19&#8221;.<\/p>\n<h3>Perigo da variante Delta<\/h3>\n<div class=\"mc-column content-text active-extra-styles \" data-block-type=\"unstyled\" data-block-weight=\"47\" data-block-id=\"8\">\n<p class=\"content-text__container \" data-track-category=\"Link no Texto\" data-track-links=\"\">At\u00e9 a \u00faltima sexta-feira (27), quatro casos da variante delta da Covid-19 haviam sido confirmados entre residentes de Santos. O primeiro caso foi o de uma mulher, que testou positivo para o v\u00edrus em 11 de julho. Ela n\u00e3o precisou ser internada e j\u00e1 retornou ao trabalho.<\/p>\n<div class=\"mid-mc-placeholder\">J\u00e1 na quinta-feira (26), foram confirmados mais tr\u00eas casos: duas mulheres e um homem. A Secretaria de Sa\u00fade est\u00e1 fazendo o monitoramento dos contactantes dessas tr\u00eas pessoas, que n\u00e3o est\u00e3o internadas.<\/div>\n<div><\/div>\n<div>Por isso a Prefeitura de Santos come\u00e7ou a realizar estes em idosos e funcion\u00e1rios de Institui\u00e7\u00f5es de Longa Perman\u00eancia de Idosos (ILPIs), para eventuais detec\u00e7\u00f5es da variante delta da Covid-19 nesse p\u00fablico. Eles tamb\u00e9m ser\u00e3o enviados para o Lab M\u00f3vel.<\/div>\n<div><\/div>\n<div>\n<div class=\"mc-column content-text active-extra-styles \" data-block-type=\"unstyled\" data-block-weight=\"66\" data-block-id=\"3\">\n<p class=\"content-text__container \" data-track-category=\"Link no Texto\" data-track-links=\"\">No primeiro dia, devem ser coletados mais de 100 testes. No decorrer da semana, a perspectiva \u00e9 da coleta de 50 testes di\u00e1rios. As equipes far\u00e3o as testagens em todas as 54 ILPIs credenciadas no munic\u00edpio.<\/p>\n<\/div>\n<div class=\"mc-column content-text active-extra-styles \" data-block-type=\"unstyled\" data-block-weight=\"44\" data-block-id=\"4\">\n<p class=\"content-text__container \" data-track-category=\"Link no Texto\" data-track-links=\"\">Segundo o secret\u00e1rio de Sa\u00fade de Santos, Adriano Catapreta, apesar das duas doses da vacina, a cidade registrou um pequeno aumento na contamina\u00e7\u00e3o desse grupo. Por isso, \u00e9 necess\u00e1rio identificar os tipos de variantes presentes nesses locais, para que as medidas necess\u00e1rias sejam tomadas.<\/p>\n<\/div>\n<\/div>\n<div><strong>LEIA TAMB\u00c9M<\/strong><\/div>\n<\/div>\n<div><\/div>\n<div><a href=\"https:\/\/redenoticiaz.com.br\/litoralsp\/2021\/08\/26\/santos-vai-contar-com-laboratorio-movel-do-butantan\">Santos vai contar com laborat\u00f3rio m\u00f3vel do Butantan<\/a><\/div>\n","protected":false},"excerpt":{"rendered":"<p>Nesta segunda-feira (30), come\u00e7ou a funcionar em Santos, o laborat\u00f3rio itinerante do Instituto Butantan, o Lab M\u00f3vel. A estrutura est\u00e1 instalada na Pra\u00e7a Mau\u00e1, no Centro da cidade e ela ser\u00e1 a respons\u00e1vel por coletar todos os testes enviados pelas secretarias de Sa\u00fade da Baixada Santista. De acordo com o Butantan, o objetivo reduzir o &hellip;<\/p>\n","protected":false},"author":6,"featured_media":13597,"comment_status":"open","ping_status":"closed","sticky":false,"template":"","format":"standard","meta":{"footnotes":""},"categories":[180,23],"tags":[19165,1412,31381,32037,4851,986,32036,25755,32038],"class_list":["post-13586","post","type-post","status-publish","format-standard","has-post-thumbnail","hentry","category-santos","category-saude","tag-centro-de-santos","tag-instituto-butantan","tag-lab-movel","tag-monitoramento-do-coronavirus","tag-praca-maua","tag-santos","tag-testes-de-covid-19","tag-variante-delta","tag-variantes-do-coronavirus"],"yoast_head":"<!-- This site is optimized with the Yoast SEO plugin v27.5 - https:\/\/yoast.com\/product\/yoast-seo-wordpress\/ -->\n<title>V\u00cdDEO - Come\u00e7a a funcionar o Lab M\u00f3vel do Butantan em Santos - Litoral SP<\/title>\n<meta name=\"description\" content=\"Nesta segunda-feira (30), come\u00e7ou a funcionar em Santos, o laborat\u00f3rio itinerante do Instituto Butantan, o Lab M\u00f3vel. A estrutura est\u00e1\" \/>\n<meta name=\"robots\" content=\"index, follow, max-snippet:-1, max-image-preview:large, max-video-preview:-1\" \/>\n<link rel=\"canonical\" href=\"https:\/\/redenoticiaz.com.br\/litoralsp\/2021\/08\/30\/video-comeca-a-funcionar-o-lab-movel-do-butantan-em-santos\" \/>\n<meta property=\"og:locale\" content=\"pt_BR\" \/>\n<meta property=\"og:type\" content=\"article\" \/>\n<meta property=\"og:title\" content=\"V\u00cdDEO - Come\u00e7a a funcionar o Lab M\u00f3vel do Butantan em Santos - Litoral SP\" \/>\n<meta property=\"og:description\" content=\"Nesta segunda-feira (30), come\u00e7ou a funcionar em Santos, o laborat\u00f3rio itinerante do Instituto Butantan, o Lab M\u00f3vel. A estrutura est\u00e1\" \/>\n<meta property=\"og:url\" content=\"https:\/\/redenoticiaz.com.br\/litoralsp\/2021\/08\/30\/video-comeca-a-funcionar-o-lab-movel-do-butantan-em-santos\" \/>\n<meta property=\"og:site_name\" content=\"Litoral SP\" \/>\n<meta property=\"article:published_time\" content=\"2021-08-30T15:28:07+00:00\" \/>\n<meta property=\"article:modified_time\" content=\"2021-08-30T15:28:36+00:00\" \/>\n<meta property=\"og:image\" content=\"https:\/\/redenoticiaz.com.br\/litoralsp\/wp-content\/uploads\/sites\/3\/2021\/08\/whatsapp-image-2021-08-30-at-09-28-57.jpeg\" \/>\n\t<meta property=\"og:image:width\" content=\"1445\" \/>\n\t<meta property=\"og:image:height\" content=\"1080\" \/>\n\t<meta property=\"og:image:type\" content=\"image\/jpeg\" \/>\n<meta name=\"author\" content=\"Leonardo Francisco\" \/>\n<meta name=\"twitter:card\" content=\"summary_large_image\" \/>\n<meta name=\"twitter:label1\" content=\"Escrito por\" \/>\n\t<meta name=\"twitter:data1\" content=\"Leonardo Francisco\" \/>\n\t<meta name=\"twitter:label2\" content=\"Est. tempo de leitura\" \/>\n\t<meta name=\"twitter:data2\" content=\"4 minutos\" \/>\n<script type=\"application\/ld+json\" class=\"yoast-schema-graph\">{\"@context\":\"https:\\\/\\\/schema.org\",\"@graph\":[{\"@type\":\"Article\",\"@id\":\"https:\\\/\\\/redenoticiaz.com.br\\\/litoralsp\\\/2021\\\/08\\\/30\\\/video-comeca-a-funcionar-o-lab-movel-do-butantan-em-santos#article\",\"isPartOf\":{\"@id\":\"https:\\\/\\\/redenoticiaz.com.br\\\/litoralsp\\\/2021\\\/08\\\/30\\\/video-comeca-a-funcionar-o-lab-movel-do-butantan-em-santos\"},\"author\":{\"name\":\"Leonardo Francisco\",\"@id\":\"https:\\\/\\\/redenoticiaz.com.br\\\/litoralsp\\\/#\\\/schema\\\/person\\\/0f0b8a5bdafefe82841e07ae8d81ecb3\"},\"headline\":\"V\u00cdDEO &#8211; Come\u00e7a a funcionar o Lab M\u00f3vel do Butantan em Santos\",\"datePublished\":\"2021-08-30T15:28:07+00:00\",\"dateModified\":\"2021-08-30T15:28:36+00:00\",\"mainEntityOfPage\":{\"@id\":\"https:\\\/\\\/redenoticiaz.com.br\\\/litoralsp\\\/2021\\\/08\\\/30\\\/video-comeca-a-funcionar-o-lab-movel-do-butantan-em-santos\"},\"wordCount\":771,\"commentCount\":0,\"publisher\":{\"@id\":\"https:\\\/\\\/redenoticiaz.com.br\\\/litoralsp\\\/#organization\"},\"image\":{\"@id\":\"https:\\\/\\\/redenoticiaz.com.br\\\/litoralsp\\\/2021\\\/08\\\/30\\\/video-comeca-a-funcionar-o-lab-movel-do-butantan-em-santos#primaryimage\"},\"thumbnailUrl\":\"https:\\\/\\\/redenoticiaz.com.br\\\/litoralsp\\\/wp-content\\\/uploads\\\/sites\\\/3\\\/2021\\\/08\\\/whatsapp-image-2021-08-30-at-09-28-57.jpeg\",\"keywords\":[\"CENTRO DE SANTOS\",\"Instituto Butantan\",\"LAB M\u00d3VEL\",\"MONITORAMENTO DO CORONAV\u00cdRUS\",\"PRA\u00c7A MAU\u00c1\",\"Santos\",\"TESTES DE COVID-19\",\"VARIANTE DELTA\",\"VARIANTES DO CORONAV\u00cdRUS\"],\"articleSection\":[\"Santos\",\"Sa\u00fade\"],\"inLanguage\":\"pt-BR\",\"potentialAction\":[{\"@type\":\"CommentAction\",\"name\":\"Comment\",\"target\":[\"https:\\\/\\\/redenoticiaz.com.br\\\/litoralsp\\\/2021\\\/08\\\/30\\\/video-comeca-a-funcionar-o-lab-movel-do-butantan-em-santos#respond\"]}]},{\"@type\":\"WebPage\",\"@id\":\"https:\\\/\\\/redenoticiaz.com.br\\\/litoralsp\\\/2021\\\/08\\\/30\\\/video-comeca-a-funcionar-o-lab-movel-do-butantan-em-santos\",\"url\":\"https:\\\/\\\/redenoticiaz.com.br\\\/litoralsp\\\/2021\\\/08\\\/30\\\/video-comeca-a-funcionar-o-lab-movel-do-butantan-em-santos\",\"name\":\"V\u00cdDEO - Come\u00e7a a funcionar o Lab M\u00f3vel do Butantan em Santos - Litoral SP\",\"isPartOf\":{\"@id\":\"https:\\\/\\\/redenoticiaz.com.br\\\/litoralsp\\\/#website\"},\"primaryImageOfPage\":{\"@id\":\"https:\\\/\\\/redenoticiaz.com.br\\\/litoralsp\\\/2021\\\/08\\\/30\\\/video-comeca-a-funcionar-o-lab-movel-do-butantan-em-santos#primaryimage\"},\"image\":{\"@id\":\"https:\\\/\\\/redenoticiaz.com.br\\\/litoralsp\\\/2021\\\/08\\\/30\\\/video-comeca-a-funcionar-o-lab-movel-do-butantan-em-santos#primaryimage\"},\"thumbnailUrl\":\"https:\\\/\\\/redenoticiaz.com.br\\\/litoralsp\\\/wp-content\\\/uploads\\\/sites\\\/3\\\/2021\\\/08\\\/whatsapp-image-2021-08-30-at-09-28-57.jpeg\",\"datePublished\":\"2021-08-30T15:28:07+00:00\",\"dateModified\":\"2021-08-30T15:28:36+00:00\",\"description\":\"Nesta segunda-feira (30), come\u00e7ou a funcionar em Santos, o laborat\u00f3rio itinerante do Instituto Butantan, o Lab M\u00f3vel. A estrutura est\u00e1\",\"inLanguage\":\"pt-BR\",\"potentialAction\":[{\"@type\":\"ReadAction\",\"target\":[\"https:\\\/\\\/redenoticiaz.com.br\\\/litoralsp\\\/2021\\\/08\\\/30\\\/video-comeca-a-funcionar-o-lab-movel-do-butantan-em-santos\"]}]},{\"@type\":\"ImageObject\",\"inLanguage\":\"pt-BR\",\"@id\":\"https:\\\/\\\/redenoticiaz.com.br\\\/litoralsp\\\/2021\\\/08\\\/30\\\/video-comeca-a-funcionar-o-lab-movel-do-butantan-em-santos#primaryimage\",\"url\":\"https:\\\/\\\/redenoticiaz.com.br\\\/litoralsp\\\/wp-content\\\/uploads\\\/sites\\\/3\\\/2021\\\/08\\\/whatsapp-image-2021-08-30-at-09-28-57.jpeg\",\"contentUrl\":\"https:\\\/\\\/redenoticiaz.com.br\\\/litoralsp\\\/wp-content\\\/uploads\\\/sites\\\/3\\\/2021\\\/08\\\/whatsapp-image-2021-08-30-at-09-28-57.jpeg\",\"width\":1445,\"height\":1080,\"caption\":\"Ap\u00f3s as divulga\u00e7\u00f5es de resultados e o monitoramento, as prefeituras podem definir novas medidas contra a Covid-19. Cr\u00e9ditos: Leonardo Francisco.\"},{\"@type\":\"WebSite\",\"@id\":\"https:\\\/\\\/redenoticiaz.com.br\\\/litoralsp\\\/#website\",\"url\":\"https:\\\/\\\/redenoticiaz.com.br\\\/litoralsp\\\/\",\"name\":\"Litoral SP\",\"description\":\"Rede NoticiaZ\",\"publisher\":{\"@id\":\"https:\\\/\\\/redenoticiaz.com.br\\\/litoralsp\\\/#organization\"},\"potentialAction\":[{\"@type\":\"SearchAction\",\"target\":{\"@type\":\"EntryPoint\",\"urlTemplate\":\"https:\\\/\\\/redenoticiaz.com.br\\\/litoralsp\\\/?s={search_term_string}\"},\"query-input\":{\"@type\":\"PropertyValueSpecification\",\"valueRequired\":true,\"valueName\":\"search_term_string\"}}],\"inLanguage\":\"pt-BR\"},{\"@type\":\"Organization\",\"@id\":\"https:\\\/\\\/redenoticiaz.com.br\\\/litoralsp\\\/#organization\",\"name\":\"Litoral SP\",\"url\":\"https:\\\/\\\/redenoticiaz.com.br\\\/litoralsp\\\/\",\"logo\":{\"@type\":\"ImageObject\",\"inLanguage\":\"pt-BR\",\"@id\":\"https:\\\/\\\/redenoticiaz.com.br\\\/litoralsp\\\/#\\\/schema\\\/logo\\\/image\\\/\",\"url\":\"https:\\\/\\\/redenoticiaz.com.br\\\/litoralsp\\\/wp-content\\\/uploads\\\/sites\\\/3\\\/2020\\\/11\\\/logo.jpg\",\"contentUrl\":\"https:\\\/\\\/redenoticiaz.com.br\\\/litoralsp\\\/wp-content\\\/uploads\\\/sites\\\/3\\\/2020\\\/11\\\/logo.jpg\",\"width\":400,\"height\":250,\"caption\":\"Litoral SP\"},\"image\":{\"@id\":\"https:\\\/\\\/redenoticiaz.com.br\\\/litoralsp\\\/#\\\/schema\\\/logo\\\/image\\\/\"}},{\"@type\":\"Person\",\"@id\":\"https:\\\/\\\/redenoticiaz.com.br\\\/litoralsp\\\/#\\\/schema\\\/person\\\/0f0b8a5bdafefe82841e07ae8d81ecb3\",\"name\":\"Leonardo Francisco\",\"image\":{\"@type\":\"ImageObject\",\"inLanguage\":\"pt-BR\",\"@id\":\"https:\\\/\\\/secure.gravatar.com\\\/avatar\\\/a7358cb406a99b682ec6df1e77e31ae82e63601f6784e8a3df411d72b37864da?s=96&d=mm&r=g\",\"url\":\"https:\\\/\\\/secure.gravatar.com\\\/avatar\\\/a7358cb406a99b682ec6df1e77e31ae82e63601f6784e8a3df411d72b37864da?s=96&d=mm&r=g\",\"contentUrl\":\"https:\\\/\\\/secure.gravatar.com\\\/avatar\\\/a7358cb406a99b682ec6df1e77e31ae82e63601f6784e8a3df411d72b37864da?s=96&d=mm&r=g\",\"caption\":\"Leonardo Francisco\"},\"url\":\"https:\\\/\\\/redenoticiaz.com.br\\\/litoralsp\\\/author\\\/leonardo-francisco\"}]}<\/script>\n<!-- \/ Yoast SEO plugin. -->","yoast_head_json":{"title":"V\u00cdDEO - Come\u00e7a a funcionar o Lab M\u00f3vel do Butantan em Santos - Litoral SP","description":"Nesta segunda-feira (30), come\u00e7ou a funcionar em Santos, o laborat\u00f3rio itinerante do Instituto Butantan, o Lab M\u00f3vel. A estrutura est\u00e1","robots":{"index":"index","follow":"follow","max-snippet":"max-snippet:-1","max-image-preview":"max-image-preview:large","max-video-preview":"max-video-preview:-1"},"canonical":"https:\/\/redenoticiaz.com.br\/litoralsp\/2021\/08\/30\/video-comeca-a-funcionar-o-lab-movel-do-butantan-em-santos","og_locale":"pt_BR","og_type":"article","og_title":"V\u00cdDEO - Come\u00e7a a funcionar o Lab M\u00f3vel do Butantan em Santos - Litoral SP","og_description":"Nesta segunda-feira (30), come\u00e7ou a funcionar em Santos, o laborat\u00f3rio itinerante do Instituto Butantan, o Lab M\u00f3vel. A estrutura est\u00e1","og_url":"https:\/\/redenoticiaz.com.br\/litoralsp\/2021\/08\/30\/video-comeca-a-funcionar-o-lab-movel-do-butantan-em-santos","og_site_name":"Litoral SP","article_published_time":"2021-08-30T15:28:07+00:00","article_modified_time":"2021-08-30T15:28:36+00:00","og_image":[{"width":1445,"height":1080,"url":"https:\/\/redenoticiaz.com.br\/litoralsp\/wp-content\/uploads\/sites\/3\/2021\/08\/whatsapp-image-2021-08-30-at-09-28-57.jpeg","type":"image\/jpeg"}],"author":"Leonardo Francisco","twitter_card":"summary_large_image","twitter_misc":{"Escrito por":"Leonardo Francisco","Est. tempo de leitura":"4 minutos"},"schema":{"@context":"https:\/\/schema.org","@graph":[{"@type":"Article","@id":"https:\/\/redenoticiaz.com.br\/litoralsp\/2021\/08\/30\/video-comeca-a-funcionar-o-lab-movel-do-butantan-em-santos#article","isPartOf":{"@id":"https:\/\/redenoticiaz.com.br\/litoralsp\/2021\/08\/30\/video-comeca-a-funcionar-o-lab-movel-do-butantan-em-santos"},"author":{"name":"Leonardo Francisco","@id":"https:\/\/redenoticiaz.com.br\/litoralsp\/#\/schema\/person\/0f0b8a5bdafefe82841e07ae8d81ecb3"},"headline":"V\u00cdDEO &#8211; Come\u00e7a a funcionar o Lab M\u00f3vel do Butantan em Santos","datePublished":"2021-08-30T15:28:07+00:00","dateModified":"2021-08-30T15:28:36+00:00","mainEntityOfPage":{"@id":"https:\/\/redenoticiaz.com.br\/litoralsp\/2021\/08\/30\/video-comeca-a-funcionar-o-lab-movel-do-butantan-em-santos"},"wordCount":771,"commentCount":0,"publisher":{"@id":"https:\/\/redenoticiaz.com.br\/litoralsp\/#organization"},"image":{"@id":"https:\/\/redenoticiaz.com.br\/litoralsp\/2021\/08\/30\/video-comeca-a-funcionar-o-lab-movel-do-butantan-em-santos#primaryimage"},"thumbnailUrl":"https:\/\/redenoticiaz.com.br\/litoralsp\/wp-content\/uploads\/sites\/3\/2021\/08\/whatsapp-image-2021-08-30-at-09-28-57.jpeg","keywords":["CENTRO DE SANTOS","Instituto Butantan","LAB M\u00d3VEL","MONITORAMENTO DO CORONAV\u00cdRUS","PRA\u00c7A MAU\u00c1","Santos","TESTES DE COVID-19","VARIANTE DELTA","VARIANTES DO CORONAV\u00cdRUS"],"articleSection":["Santos","Sa\u00fade"],"inLanguage":"pt-BR","potentialAction":[{"@type":"CommentAction","name":"Comment","target":["https:\/\/redenoticiaz.com.br\/litoralsp\/2021\/08\/30\/video-comeca-a-funcionar-o-lab-movel-do-butantan-em-santos#respond"]}]},{"@type":"WebPage","@id":"https:\/\/redenoticiaz.com.br\/litoralsp\/2021\/08\/30\/video-comeca-a-funcionar-o-lab-movel-do-butantan-em-santos","url":"https:\/\/redenoticiaz.com.br\/litoralsp\/2021\/08\/30\/video-comeca-a-funcionar-o-lab-movel-do-butantan-em-santos","name":"V\u00cdDEO - Come\u00e7a a funcionar o Lab M\u00f3vel do Butantan em Santos - Litoral SP","isPartOf":{"@id":"https:\/\/redenoticiaz.com.br\/litoralsp\/#website"},"primaryImageOfPage":{"@id":"https:\/\/redenoticiaz.com.br\/litoralsp\/2021\/08\/30\/video-comeca-a-funcionar-o-lab-movel-do-butantan-em-santos#primaryimage"},"image":{"@id":"https:\/\/redenoticiaz.com.br\/litoralsp\/2021\/08\/30\/video-comeca-a-funcionar-o-lab-movel-do-butantan-em-santos#primaryimage"},"thumbnailUrl":"https:\/\/redenoticiaz.com.br\/litoralsp\/wp-content\/uploads\/sites\/3\/2021\/08\/whatsapp-image-2021-08-30-at-09-28-57.jpeg","datePublished":"2021-08-30T15:28:07+00:00","dateModified":"2021-08-30T15:28:36+00:00","description":"Nesta segunda-feira (30), come\u00e7ou a funcionar em Santos, o laborat\u00f3rio itinerante do Instituto Butantan, o Lab M\u00f3vel. A estrutura est\u00e1","inLanguage":"pt-BR","potentialAction":[{"@type":"ReadAction","target":["https:\/\/redenoticiaz.com.br\/litoralsp\/2021\/08\/30\/video-comeca-a-funcionar-o-lab-movel-do-butantan-em-santos"]}]},{"@type":"ImageObject","inLanguage":"pt-BR","@id":"https:\/\/redenoticiaz.com.br\/litoralsp\/2021\/08\/30\/video-comeca-a-funcionar-o-lab-movel-do-butantan-em-santos#primaryimage","url":"https:\/\/redenoticiaz.com.br\/litoralsp\/wp-content\/uploads\/sites\/3\/2021\/08\/whatsapp-image-2021-08-30-at-09-28-57.jpeg","contentUrl":"https:\/\/redenoticiaz.com.br\/litoralsp\/wp-content\/uploads\/sites\/3\/2021\/08\/whatsapp-image-2021-08-30-at-09-28-57.jpeg","width":1445,"height":1080,"caption":"Ap\u00f3s as divulga\u00e7\u00f5es de resultados e o monitoramento, as prefeituras podem definir novas medidas contra a Covid-19. Cr\u00e9ditos: Leonardo Francisco."},{"@type":"WebSite","@id":"https:\/\/redenoticiaz.com.br\/litoralsp\/#website","url":"https:\/\/redenoticiaz.com.br\/litoralsp\/","name":"Litoral SP","description":"Rede NoticiaZ","publisher":{"@id":"https:\/\/redenoticiaz.com.br\/litoralsp\/#organization"},"potentialAction":[{"@type":"SearchAction","target":{"@type":"EntryPoint","urlTemplate":"https:\/\/redenoticiaz.com.br\/litoralsp\/?s={search_term_string}"},"query-input":{"@type":"PropertyValueSpecification","valueRequired":true,"valueName":"search_term_string"}}],"inLanguage":"pt-BR"},{"@type":"Organization","@id":"https:\/\/redenoticiaz.com.br\/litoralsp\/#organization","name":"Litoral SP","url":"https:\/\/redenoticiaz.com.br\/litoralsp\/","logo":{"@type":"ImageObject","inLanguage":"pt-BR","@id":"https:\/\/redenoticiaz.com.br\/litoralsp\/#\/schema\/logo\/image\/","url":"https:\/\/redenoticiaz.com.br\/litoralsp\/wp-content\/uploads\/sites\/3\/2020\/11\/logo.jpg","contentUrl":"https:\/\/redenoticiaz.com.br\/litoralsp\/wp-content\/uploads\/sites\/3\/2020\/11\/logo.jpg","width":400,"height":250,"caption":"Litoral SP"},"image":{"@id":"https:\/\/redenoticiaz.com.br\/litoralsp\/#\/schema\/logo\/image\/"}},{"@type":"Person","@id":"https:\/\/redenoticiaz.com.br\/litoralsp\/#\/schema\/person\/0f0b8a5bdafefe82841e07ae8d81ecb3","name":"Leonardo Francisco","image":{"@type":"ImageObject","inLanguage":"pt-BR","@id":"https:\/\/secure.gravatar.com\/avatar\/a7358cb406a99b682ec6df1e77e31ae82e63601f6784e8a3df411d72b37864da?s=96&d=mm&r=g","url":"https:\/\/secure.gravatar.com\/avatar\/a7358cb406a99b682ec6df1e77e31ae82e63601f6784e8a3df411d72b37864da?s=96&d=mm&r=g","contentUrl":"https:\/\/secure.gravatar.com\/avatar\/a7358cb406a99b682ec6df1e77e31ae82e63601f6784e8a3df411d72b37864da?s=96&d=mm&r=g","caption":"Leonardo Francisco"},"url":"https:\/\/redenoticiaz.com.br\/litoralsp\/author\/leonardo-francisco"}]}},"_links":{"self":[{"href":"https:\/\/redenoticiaz.com.br\/litoralsp\/wp-json\/wp\/v2\/posts\/13586","targetHints":{"allow":["GET"]}}],"collection":[{"href":"https:\/\/redenoticiaz.com.br\/litoralsp\/wp-json\/wp\/v2\/posts"}],"about":[{"href":"https:\/\/redenoticiaz.com.br\/litoralsp\/wp-json\/wp\/v2\/types\/post"}],"author":[{"embeddable":true,"href":"https:\/\/redenoticiaz.com.br\/litoralsp\/wp-json\/wp\/v2\/users\/6"}],"replies":[{"embeddable":true,"href":"https:\/\/redenoticiaz.com.br\/litoralsp\/wp-json\/wp\/v2\/comments?post=13586"}],"version-history":[{"count":1,"href":"https:\/\/redenoticiaz.com.br\/litoralsp\/wp-json\/wp\/v2\/posts\/13586\/revisions"}],"predecessor-version":[{"id":13598,"href":"https:\/\/redenoticiaz.com.br\/litoralsp\/wp-json\/wp\/v2\/posts\/13586\/revisions\/13598"}],"wp:featuredmedia":[{"embeddable":true,"href":"https:\/\/redenoticiaz.com.br\/litoralsp\/wp-json\/wp\/v2\/media\/13597"}],"wp:attachment":[{"href":"https:\/\/redenoticiaz.com.br\/litoralsp\/wp-json\/wp\/v2\/media?parent=13586"}],"wp:term":[{"taxonomy":"category","embeddable":true,"href":"https:\/\/redenoticiaz.com.br\/litoralsp\/wp-json\/wp\/v2\/categories?post=13586"},{"taxonomy":"post_tag","embeddable":true,"href":"https:\/\/redenoticiaz.com.br\/litoralsp\/wp-json\/wp\/v2\/tags?post=13586"}],"curies":[{"name":"wp","href":"https:\/\/api.w.org\/{rel}","templated":true}]}}