{"id":13694,"date":"2021-08-31T11:29:27","date_gmt":"2021-08-31T14:29:27","guid":{"rendered":"https:\/\/redenoticiaz.com.br\/litoralsp\/?p=13694"},"modified":"2021-08-31T11:29:27","modified_gmt":"2021-08-31T14:29:27","slug":"video-golfinho-morto-e-flagrado-na-praia-da-enseada-em-bertioga","status":"publish","type":"post","link":"https:\/\/redenoticiaz.com.br\/litoralsp\/2021\/08\/31\/video-golfinho-morto-e-flagrado-na-praia-da-enseada-em-bertioga","title":{"rendered":"V\u00cdDEO &#8211; Golfinho morto \u00e9 flagrado na praia da Enseada em Bertioga"},"content":{"rendered":"<div class=\"Block__Component-sc-179lk0t-0 hzZKMR\">\n<p class=\"styled__Paragraph-sc-1bxdmvf-6 iGEnUi\"><strong>Golfinho \u00e9 encontrado morto na praia da Enseada<\/strong> em <a href=\"https:\/\/www.bertioga.sp.gov.br\/\">Bertioga<\/a>, pr\u00f3ximo ao Sesc. Um ciclista de 22 anos que pedalava pela praia, no bairro Rio da Praia, por volta das 6h30 da manh\u00e3, flagrou a cena triste.<\/p>\n<p class=\"styled__Paragraph-sc-1bxdmvf-6 iGEnUi\">De acordo com ele, quando passou pelo local os urubus estavam em cima do cet\u00e1ceo e, aparentemente, j\u00e1 haviam rolado o animal na areia.<\/p>\n<div style=\"width: 640px;\" class=\"wp-video\"><video class=\"wp-video-shortcode\" id=\"video-13694-1\" width=\"640\" height=\"352\" preload=\"metadata\" controls=\"controls\"><source type=\"video\/mp4\" src=\"https:\/\/redenoticiaz.com.br\/litoralsp\/wp-content\/uploads\/sites\/3\/2021\/08\/whatsapp-video-2021-08-31-at-11-27-16.mp4?_=1\" \/><a href=\"https:\/\/redenoticiaz.com.br\/litoralsp\/wp-content\/uploads\/sites\/3\/2021\/08\/whatsapp-video-2021-08-31-at-11-27-16.mp4\">https:\/\/redenoticiaz.com.br\/litoralsp\/wp-content\/uploads\/sites\/3\/2021\/08\/whatsapp-video-2021-08-31-at-11-27-16.mp4<\/a><\/video><\/div>\n<\/div>\n<div class=\"Block__Component-sc-179lk0t-0 hzZKMR\">\n<p>\u201cO que mais me chocou n\u00e3o foi ver o golfinho morto, e sim dois casais que estavam tirando selfie com o animal\u201d, completou o ciclista.<\/p>\n<p>Ainda n\u00e3o h\u00e1 informa\u00e7\u00f5es sobre a causa da morte. O Instituto Gremar foi acionado e resgatou o golfinho ainda nesta manh\u00e3.<\/p>\n<p><strong>LEIA TAMB\u00c9M<\/strong><\/p>\n<p><a href=\"https:\/\/redenoticiaz.com.br\/litoralsp\/2021\/08\/31\/mae-abandona-bebe-de-5-meses-em-frente-a-casa-do-pai-em-sao-vicente\">M\u00e3e abandona beb\u00ea de 5 meses em frente a casa do pai em S\u00e3o Vicente<\/a><\/p>\n<\/div>\n","protected":false},"excerpt":{"rendered":"<p>Golfinho \u00e9 encontrado morto na praia da Enseada em Bertioga, pr\u00f3ximo ao Sesc. Um ciclista de 22 anos que pedalava pela praia, no bairro Rio da Praia, por volta das 6h30 da manh\u00e3, flagrou a cena triste. De acordo com ele, quando passou pelo local os urubus estavam em cima do cet\u00e1ceo e, aparentemente, j\u00e1 &hellip;<\/p>\n","protected":false},"author":11,"featured_media":13699,"comment_status":"open","ping_status":"closed","sticky":false,"template":"","format":"standard","meta":{"footnotes":""},"categories":[1107,1487],"tags":[1038,32337,7597,12263,8373,8547],"class_list":["post-13694","post","type-post","status-publish","format-standard","has-post-thumbnail","hentry","category-bertioga","category-meio-ambiente","tag-bertioga","tag-golfinho-morto","tag-mar","tag-meio-ambiente","tag-praia","tag-praia-da-enseada"],"yoast_head":"<!-- This site is optimized with the Yoast SEO plugin v27.5 - https:\/\/yoast.com\/product\/yoast-seo-wordpress\/ -->\n<title>V\u00cdDEO - Golfinho morto \u00e9 flagrado na praia da Enseada em Bertioga - Litoral SP<\/title>\n<meta name=\"description\" content=\"Golfinho \u00e9 encontrado morto na praia da Enseada em Bertioga, pr\u00f3ximo ao Sesc por um ciclista de 22 anos que pedalava pela praia, no bairro Rio da Praia.\" \/>\n<meta name=\"robots\" content=\"index, follow, max-snippet:-1, max-image-preview:large, max-video-preview:-1\" \/>\n<link rel=\"canonical\" href=\"https:\/\/redenoticiaz.com.br\/litoralsp\/2021\/08\/31\/video-golfinho-morto-e-flagrado-na-praia-da-enseada-em-bertioga\" \/>\n<meta property=\"og:locale\" content=\"pt_BR\" \/>\n<meta property=\"og:type\" content=\"article\" \/>\n<meta property=\"og:title\" content=\"V\u00cdDEO - Golfinho morto \u00e9 flagrado na praia da Enseada em Bertioga - Litoral SP\" \/>\n<meta property=\"og:description\" content=\"Golfinho \u00e9 encontrado morto na praia da Enseada em Bertioga, pr\u00f3ximo ao Sesc por um ciclista de 22 anos que pedalava pela praia, no bairro Rio da Praia.\" \/>\n<meta property=\"og:url\" content=\"https:\/\/redenoticiaz.com.br\/litoralsp\/2021\/08\/31\/video-golfinho-morto-e-flagrado-na-praia-da-enseada-em-bertioga\" \/>\n<meta property=\"og:site_name\" content=\"Litoral SP\" \/>\n<meta property=\"article:published_time\" content=\"2021-08-31T14:29:27+00:00\" \/>\n<meta property=\"og:image\" content=\"https:\/\/redenoticiaz.com.br\/litoralsp\/wp-content\/uploads\/sites\/3\/2021\/08\/image-28.jpg\" \/>\n\t<meta property=\"og:image:width\" content=\"1016\" \/>\n\t<meta property=\"og:image:height\" content=\"508\" \/>\n\t<meta property=\"og:image:type\" content=\"image\/jpeg\" \/>\n<meta name=\"twitter:card\" content=\"summary_large_image\" \/>\n<meta name=\"twitter:label1\" content=\"Escrito por\" \/>\n\t<meta name=\"twitter:data1\" content=\"\" \/>\n\t<meta name=\"twitter:label2\" content=\"Est. tempo de leitura\" \/>\n\t<meta name=\"twitter:data2\" content=\"1 minuto\" \/>\n<script type=\"application\/ld+json\" class=\"yoast-schema-graph\">{\"@context\":\"https:\\\/\\\/schema.org\",\"@graph\":[{\"@type\":\"Article\",\"@id\":\"https:\\\/\\\/redenoticiaz.com.br\\\/litoralsp\\\/2021\\\/08\\\/31\\\/video-golfinho-morto-e-flagrado-na-praia-da-enseada-em-bertioga#article\",\"isPartOf\":{\"@id\":\"https:\\\/\\\/redenoticiaz.com.br\\\/litoralsp\\\/2021\\\/08\\\/31\\\/video-golfinho-morto-e-flagrado-na-praia-da-enseada-em-bertioga\"},\"author\":{\"name\":\"\",\"@id\":\"\"},\"headline\":\"V\u00cdDEO &#8211; Golfinho morto \u00e9 flagrado na praia da Enseada em Bertioga\",\"datePublished\":\"2021-08-31T14:29:27+00:00\",\"mainEntityOfPage\":{\"@id\":\"https:\\\/\\\/redenoticiaz.com.br\\\/litoralsp\\\/2021\\\/08\\\/31\\\/video-golfinho-morto-e-flagrado-na-praia-da-enseada-em-bertioga\"},\"wordCount\":161,\"commentCount\":0,\"publisher\":{\"@id\":\"https:\\\/\\\/redenoticiaz.com.br\\\/litoralsp\\\/#organization\"},\"image\":{\"@id\":\"https:\\\/\\\/redenoticiaz.com.br\\\/litoralsp\\\/2021\\\/08\\\/31\\\/video-golfinho-morto-e-flagrado-na-praia-da-enseada-em-bertioga#primaryimage\"},\"thumbnailUrl\":\"https:\\\/\\\/redenoticiaz.com.br\\\/litoralsp\\\/wp-content\\\/uploads\\\/sites\\\/3\\\/2021\\\/08\\\/image-28.jpg\",\"keywords\":[\"BERTIOGA\",\"GOLFINHO MORTO\",\"MAR\",\"MEIO AMBIENTE\",\"PRAIA\",\"PRAIA DA ENSEADA\"],\"articleSection\":[\"Bertioga\",\"Meio Ambiente\"],\"inLanguage\":\"pt-BR\",\"potentialAction\":[{\"@type\":\"CommentAction\",\"name\":\"Comment\",\"target\":[\"https:\\\/\\\/redenoticiaz.com.br\\\/litoralsp\\\/2021\\\/08\\\/31\\\/video-golfinho-morto-e-flagrado-na-praia-da-enseada-em-bertioga#respond\"]}]},{\"@type\":\"WebPage\",\"@id\":\"https:\\\/\\\/redenoticiaz.com.br\\\/litoralsp\\\/2021\\\/08\\\/31\\\/video-golfinho-morto-e-flagrado-na-praia-da-enseada-em-bertioga\",\"url\":\"https:\\\/\\\/redenoticiaz.com.br\\\/litoralsp\\\/2021\\\/08\\\/31\\\/video-golfinho-morto-e-flagrado-na-praia-da-enseada-em-bertioga\",\"name\":\"V\u00cdDEO - Golfinho morto \u00e9 flagrado na praia da Enseada em Bertioga - Litoral SP\",\"isPartOf\":{\"@id\":\"https:\\\/\\\/redenoticiaz.com.br\\\/litoralsp\\\/#website\"},\"primaryImageOfPage\":{\"@id\":\"https:\\\/\\\/redenoticiaz.com.br\\\/litoralsp\\\/2021\\\/08\\\/31\\\/video-golfinho-morto-e-flagrado-na-praia-da-enseada-em-bertioga#primaryimage\"},\"image\":{\"@id\":\"https:\\\/\\\/redenoticiaz.com.br\\\/litoralsp\\\/2021\\\/08\\\/31\\\/video-golfinho-morto-e-flagrado-na-praia-da-enseada-em-bertioga#primaryimage\"},\"thumbnailUrl\":\"https:\\\/\\\/redenoticiaz.com.br\\\/litoralsp\\\/wp-content\\\/uploads\\\/sites\\\/3\\\/2021\\\/08\\\/image-28.jpg\",\"datePublished\":\"2021-08-31T14:29:27+00:00\",\"description\":\"Golfinho \u00e9 encontrado morto na praia da Enseada em Bertioga, pr\u00f3ximo ao Sesc por um ciclista de 22 anos que pedalava pela praia, no bairro Rio da Praia.\",\"inLanguage\":\"pt-BR\",\"potentialAction\":[{\"@type\":\"ReadAction\",\"target\":[\"https:\\\/\\\/redenoticiaz.com.br\\\/litoralsp\\\/2021\\\/08\\\/31\\\/video-golfinho-morto-e-flagrado-na-praia-da-enseada-em-bertioga\"]}]},{\"@type\":\"ImageObject\",\"inLanguage\":\"pt-BR\",\"@id\":\"https:\\\/\\\/redenoticiaz.com.br\\\/litoralsp\\\/2021\\\/08\\\/31\\\/video-golfinho-morto-e-flagrado-na-praia-da-enseada-em-bertioga#primaryimage\",\"url\":\"https:\\\/\\\/redenoticiaz.com.br\\\/litoralsp\\\/wp-content\\\/uploads\\\/sites\\\/3\\\/2021\\\/08\\\/image-28.jpg\",\"contentUrl\":\"https:\\\/\\\/redenoticiaz.com.br\\\/litoralsp\\\/wp-content\\\/uploads\\\/sites\\\/3\\\/2021\\\/08\\\/image-28.jpg\",\"width\":1016,\"height\":508,\"caption\":\"Foto: Arquivo Pessoal.\"},{\"@type\":\"WebSite\",\"@id\":\"https:\\\/\\\/redenoticiaz.com.br\\\/litoralsp\\\/#website\",\"url\":\"https:\\\/\\\/redenoticiaz.com.br\\\/litoralsp\\\/\",\"name\":\"Litoral SP\",\"description\":\"Rede NoticiaZ\",\"publisher\":{\"@id\":\"https:\\\/\\\/redenoticiaz.com.br\\\/litoralsp\\\/#organization\"},\"potentialAction\":[{\"@type\":\"SearchAction\",\"target\":{\"@type\":\"EntryPoint\",\"urlTemplate\":\"https:\\\/\\\/redenoticiaz.com.br\\\/litoralsp\\\/?s={search_term_string}\"},\"query-input\":{\"@type\":\"PropertyValueSpecification\",\"valueRequired\":true,\"valueName\":\"search_term_string\"}}],\"inLanguage\":\"pt-BR\"},{\"@type\":\"Organization\",\"@id\":\"https:\\\/\\\/redenoticiaz.com.br\\\/litoralsp\\\/#organization\",\"name\":\"Litoral SP\",\"url\":\"https:\\\/\\\/redenoticiaz.com.br\\\/litoralsp\\\/\",\"logo\":{\"@type\":\"ImageObject\",\"inLanguage\":\"pt-BR\",\"@id\":\"https:\\\/\\\/redenoticiaz.com.br\\\/litoralsp\\\/#\\\/schema\\\/logo\\\/image\\\/\",\"url\":\"https:\\\/\\\/redenoticiaz.com.br\\\/litoralsp\\\/wp-content\\\/uploads\\\/sites\\\/3\\\/2020\\\/11\\\/logo.jpg\",\"contentUrl\":\"https:\\\/\\\/redenoticiaz.com.br\\\/litoralsp\\\/wp-content\\\/uploads\\\/sites\\\/3\\\/2020\\\/11\\\/logo.jpg\",\"width\":400,\"height\":250,\"caption\":\"Litoral SP\"},\"image\":{\"@id\":\"https:\\\/\\\/redenoticiaz.com.br\\\/litoralsp\\\/#\\\/schema\\\/logo\\\/image\\\/\"}},{\"@type\":\"Person\",\"@id\":\"\",\"url\":\"https:\\\/\\\/redenoticiaz.com.br\\\/litoralsp\\\/author\"}]}<\/script>\n<!-- \/ Yoast SEO plugin. -->","yoast_head_json":{"title":"V\u00cdDEO - Golfinho morto \u00e9 flagrado na praia da Enseada em Bertioga - Litoral SP","description":"Golfinho \u00e9 encontrado morto na praia da Enseada em Bertioga, pr\u00f3ximo ao Sesc por um ciclista de 22 anos que pedalava pela praia, no bairro Rio da Praia.","robots":{"index":"index","follow":"follow","max-snippet":"max-snippet:-1","max-image-preview":"max-image-preview:large","max-video-preview":"max-video-preview:-1"},"canonical":"https:\/\/redenoticiaz.com.br\/litoralsp\/2021\/08\/31\/video-golfinho-morto-e-flagrado-na-praia-da-enseada-em-bertioga","og_locale":"pt_BR","og_type":"article","og_title":"V\u00cdDEO - Golfinho morto \u00e9 flagrado na praia da Enseada em Bertioga - Litoral SP","og_description":"Golfinho \u00e9 encontrado morto na praia da Enseada em Bertioga, pr\u00f3ximo ao Sesc por um ciclista de 22 anos que pedalava pela praia, no bairro Rio da Praia.","og_url":"https:\/\/redenoticiaz.com.br\/litoralsp\/2021\/08\/31\/video-golfinho-morto-e-flagrado-na-praia-da-enseada-em-bertioga","og_site_name":"Litoral SP","article_published_time":"2021-08-31T14:29:27+00:00","og_image":[{"width":1016,"height":508,"url":"https:\/\/redenoticiaz.com.br\/litoralsp\/wp-content\/uploads\/sites\/3\/2021\/08\/image-28.jpg","type":"image\/jpeg"}],"twitter_card":"summary_large_image","twitter_misc":{"Escrito por":"","Est. tempo de leitura":"1 minuto"},"schema":{"@context":"https:\/\/schema.org","@graph":[{"@type":"Article","@id":"https:\/\/redenoticiaz.com.br\/litoralsp\/2021\/08\/31\/video-golfinho-morto-e-flagrado-na-praia-da-enseada-em-bertioga#article","isPartOf":{"@id":"https:\/\/redenoticiaz.com.br\/litoralsp\/2021\/08\/31\/video-golfinho-morto-e-flagrado-na-praia-da-enseada-em-bertioga"},"author":{"name":"","@id":""},"headline":"V\u00cdDEO &#8211; Golfinho morto \u00e9 flagrado na praia da Enseada em Bertioga","datePublished":"2021-08-31T14:29:27+00:00","mainEntityOfPage":{"@id":"https:\/\/redenoticiaz.com.br\/litoralsp\/2021\/08\/31\/video-golfinho-morto-e-flagrado-na-praia-da-enseada-em-bertioga"},"wordCount":161,"commentCount":0,"publisher":{"@id":"https:\/\/redenoticiaz.com.br\/litoralsp\/#organization"},"image":{"@id":"https:\/\/redenoticiaz.com.br\/litoralsp\/2021\/08\/31\/video-golfinho-morto-e-flagrado-na-praia-da-enseada-em-bertioga#primaryimage"},"thumbnailUrl":"https:\/\/redenoticiaz.com.br\/litoralsp\/wp-content\/uploads\/sites\/3\/2021\/08\/image-28.jpg","keywords":["BERTIOGA","GOLFINHO MORTO","MAR","MEIO AMBIENTE","PRAIA","PRAIA DA ENSEADA"],"articleSection":["Bertioga","Meio Ambiente"],"inLanguage":"pt-BR","potentialAction":[{"@type":"CommentAction","name":"Comment","target":["https:\/\/redenoticiaz.com.br\/litoralsp\/2021\/08\/31\/video-golfinho-morto-e-flagrado-na-praia-da-enseada-em-bertioga#respond"]}]},{"@type":"WebPage","@id":"https:\/\/redenoticiaz.com.br\/litoralsp\/2021\/08\/31\/video-golfinho-morto-e-flagrado-na-praia-da-enseada-em-bertioga","url":"https:\/\/redenoticiaz.com.br\/litoralsp\/2021\/08\/31\/video-golfinho-morto-e-flagrado-na-praia-da-enseada-em-bertioga","name":"V\u00cdDEO - Golfinho morto \u00e9 flagrado na praia da Enseada em Bertioga - Litoral SP","isPartOf":{"@id":"https:\/\/redenoticiaz.com.br\/litoralsp\/#website"},"primaryImageOfPage":{"@id":"https:\/\/redenoticiaz.com.br\/litoralsp\/2021\/08\/31\/video-golfinho-morto-e-flagrado-na-praia-da-enseada-em-bertioga#primaryimage"},"image":{"@id":"https:\/\/redenoticiaz.com.br\/litoralsp\/2021\/08\/31\/video-golfinho-morto-e-flagrado-na-praia-da-enseada-em-bertioga#primaryimage"},"thumbnailUrl":"https:\/\/redenoticiaz.com.br\/litoralsp\/wp-content\/uploads\/sites\/3\/2021\/08\/image-28.jpg","datePublished":"2021-08-31T14:29:27+00:00","description":"Golfinho \u00e9 encontrado morto na praia da Enseada em Bertioga, pr\u00f3ximo ao Sesc por um ciclista de 22 anos que pedalava pela praia, no bairro Rio da Praia.","inLanguage":"pt-BR","potentialAction":[{"@type":"ReadAction","target":["https:\/\/redenoticiaz.com.br\/litoralsp\/2021\/08\/31\/video-golfinho-morto-e-flagrado-na-praia-da-enseada-em-bertioga"]}]},{"@type":"ImageObject","inLanguage":"pt-BR","@id":"https:\/\/redenoticiaz.com.br\/litoralsp\/2021\/08\/31\/video-golfinho-morto-e-flagrado-na-praia-da-enseada-em-bertioga#primaryimage","url":"https:\/\/redenoticiaz.com.br\/litoralsp\/wp-content\/uploads\/sites\/3\/2021\/08\/image-28.jpg","contentUrl":"https:\/\/redenoticiaz.com.br\/litoralsp\/wp-content\/uploads\/sites\/3\/2021\/08\/image-28.jpg","width":1016,"height":508,"caption":"Foto: Arquivo Pessoal."},{"@type":"WebSite","@id":"https:\/\/redenoticiaz.com.br\/litoralsp\/#website","url":"https:\/\/redenoticiaz.com.br\/litoralsp\/","name":"Litoral SP","description":"Rede NoticiaZ","publisher":{"@id":"https:\/\/redenoticiaz.com.br\/litoralsp\/#organization"},"potentialAction":[{"@type":"SearchAction","target":{"@type":"EntryPoint","urlTemplate":"https:\/\/redenoticiaz.com.br\/litoralsp\/?s={search_term_string}"},"query-input":{"@type":"PropertyValueSpecification","valueRequired":true,"valueName":"search_term_string"}}],"inLanguage":"pt-BR"},{"@type":"Organization","@id":"https:\/\/redenoticiaz.com.br\/litoralsp\/#organization","name":"Litoral SP","url":"https:\/\/redenoticiaz.com.br\/litoralsp\/","logo":{"@type":"ImageObject","inLanguage":"pt-BR","@id":"https:\/\/redenoticiaz.com.br\/litoralsp\/#\/schema\/logo\/image\/","url":"https:\/\/redenoticiaz.com.br\/litoralsp\/wp-content\/uploads\/sites\/3\/2020\/11\/logo.jpg","contentUrl":"https:\/\/redenoticiaz.com.br\/litoralsp\/wp-content\/uploads\/sites\/3\/2020\/11\/logo.jpg","width":400,"height":250,"caption":"Litoral SP"},"image":{"@id":"https:\/\/redenoticiaz.com.br\/litoralsp\/#\/schema\/logo\/image\/"}},{"@type":"Person","@id":"","url":"https:\/\/redenoticiaz.com.br\/litoralsp\/author"}]}},"_links":{"self":[{"href":"https:\/\/redenoticiaz.com.br\/litoralsp\/wp-json\/wp\/v2\/posts\/13694","targetHints":{"allow":["GET"]}}],"collection":[{"href":"https:\/\/redenoticiaz.com.br\/litoralsp\/wp-json\/wp\/v2\/posts"}],"about":[{"href":"https:\/\/redenoticiaz.com.br\/litoralsp\/wp-json\/wp\/v2\/types\/post"}],"author":[{"embeddable":true,"href":"https:\/\/redenoticiaz.com.br\/litoralsp\/wp-json\/wp\/v2\/users\/11"}],"replies":[{"embeddable":true,"href":"https:\/\/redenoticiaz.com.br\/litoralsp\/wp-json\/wp\/v2\/comments?post=13694"}],"version-history":[{"count":1,"href":"https:\/\/redenoticiaz.com.br\/litoralsp\/wp-json\/wp\/v2\/posts\/13694\/revisions"}],"predecessor-version":[{"id":13700,"href":"https:\/\/redenoticiaz.com.br\/litoralsp\/wp-json\/wp\/v2\/posts\/13694\/revisions\/13700"}],"wp:featuredmedia":[{"embeddable":true,"href":"https:\/\/redenoticiaz.com.br\/litoralsp\/wp-json\/wp\/v2\/media\/13699"}],"wp:attachment":[{"href":"https:\/\/redenoticiaz.com.br\/litoralsp\/wp-json\/wp\/v2\/media?parent=13694"}],"wp:term":[{"taxonomy":"category","embeddable":true,"href":"https:\/\/redenoticiaz.com.br\/litoralsp\/wp-json\/wp\/v2\/categories?post=13694"},{"taxonomy":"post_tag","embeddable":true,"href":"https:\/\/redenoticiaz.com.br\/litoralsp\/wp-json\/wp\/v2\/tags?post=13694"}],"curies":[{"name":"wp","href":"https:\/\/api.w.org\/{rel}","templated":true}]}}