{"id":13729,"date":"2021-08-31T19:49:25","date_gmt":"2021-08-31T22:49:25","guid":{"rendered":"https:\/\/redenoticiaz.com.br\/litoralsp\/?p=13729"},"modified":"2021-08-31T19:54:32","modified_gmt":"2021-08-31T22:54:32","slug":"motorista-de-aplicativo-e-sequestrado-e-bandidos-exigem-pix-em-sao-vicente","status":"publish","type":"post","link":"https:\/\/redenoticiaz.com.br\/litoralsp\/2021\/08\/31\/motorista-de-aplicativo-e-sequestrado-e-bandidos-exigem-pix-em-sao-vicente","title":{"rendered":"Motorista de aplicativo \u00e9 sequestrado e bandidos exigem PIX em S\u00e3o Vicente"},"content":{"rendered":"<p>Um <strong>motorista<\/strong> de 32 anos foi salvo pela Pol\u00edcia Civil em <a href=\"https:\/\/www.saovicente.sp.gov.br\/publico\/\">S\u00e3o Vicente<\/a> ap\u00f3s ser sequestrado e mantido em cativeiro nesta ter\u00e7a-feira (31). Ele trabalha com transporte de aplicativo e o sequestro ocorreu durante uma corrida. Os criminosos exigiram que ele e a fam\u00edlia fizessem uma transpar\u00eancia em PIX. Tamb\u00e9m houve a apreens\u00e3o de objetos e de uma embarca\u00e7\u00e3o.<\/p>\n<p>De acordo com os policiais, o crime ocorreu ainda pela manh\u00e3, quando o motorista aceitou uma corrida de Mongagu\u00e1 para Praia Grande. Durante o trajeto, os tr\u00eas criminosos obrigaram que ele fosse at\u00e9 o cativeiro, quando come\u00e7aram a exigir transfer\u00eancia de dinheiro por parte da fam\u00edlia do motorista.<\/p>\n<div class=\"mc-column content-text active-extra-styles \" data-block-type=\"unstyled\" data-block-weight=\"51\" data-block-id=\"4\">\n<p class=\"content-text__container \" data-track-category=\"Link no Texto\" data-track-links=\"\">Segundo o boletim de ocorr\u00eancia, os suspeitos pediam R$ 2 mil. S\u00f3 que os familiares n\u00e3o conseguiam fazer a transfer\u00eancia. A irm\u00e3 dele chegou a pedir que uma amiga fizesse um PIX de R$ 1 mil para garantir a liberdade do irm\u00e3o, mas mesmo assim ele permaneceu como ref\u00e9m dos criminosos.<\/p>\n<\/div>\n<div class=\"mc-column content-text active-extra-styles \" data-block-type=\"unstyled\" data-block-weight=\"60\" data-block-id=\"5\">\n<p class=\"content-text__container \" data-track-category=\"Link no Texto\" data-track-links=\"\">O sequestro do motorista foi compartilhado pela redes sociais, meio pelo qual um agente da Pol\u00edcia Civil viu o que estava acontecendo. Ele passou a verificar o que ocorreu e que a localiza\u00e7\u00e3o do carro da v\u00edtima permanecia em um mesmo ponto, na Vila Margarida. Em contato com a irm\u00e3, soube do sequestro e dos pedidos de transfer\u00eancia de dinheiro.<\/p>\n<h3 data-track-category=\"Link no Texto\">Localiza\u00e7\u00e3o do cativeiro<\/h3>\n<figure id=\"attachment_13730\" aria-describedby=\"caption-attachment-13730\" style=\"width: 300px\" class=\"wp-caption alignleft\"><img loading=\"lazy\" decoding=\"async\" class=\"size-medium wp-image-13730\" src=\"https:\/\/redenoticiaz.com.br\/litoralsp\/wp-content\/uploads\/sites\/3\/2021\/08\/barco-300x219.jpeg\" alt=\"\" width=\"300\" height=\"219\" srcset=\"https:\/\/redenoticiaz.com.br\/litoralsp\/wp-content\/uploads\/sites\/3\/2021\/08\/barco-300x219.jpeg 300w, https:\/\/redenoticiaz.com.br\/litoralsp\/wp-content\/uploads\/sites\/3\/2021\/08\/barco-768x560.jpeg 768w, https:\/\/redenoticiaz.com.br\/litoralsp\/wp-content\/uploads\/sites\/3\/2021\/08\/barco.jpeg 1000w\" sizes=\"auto, (max-width: 300px) 100vw, 300px\" \/><figcaption id=\"caption-attachment-13730\" class=\"wp-caption-text\">Cr\u00e9ditos: Reprodu\u00e7\u00e3o.<\/figcaption><\/figure>\n<p>Ao chegarem no local citado, os policiais encontraram um barco e o motorista contou que os criminosos iriam lev\u00e1-lo na embarca\u00e7\u00e3o para outro espa\u00e7o desconhecido. A pol\u00edcia se mobilizou para conseguir libertar o motorista. Equipes foram at\u00e9 o endere\u00e7o em que identificaram um barraco, que seria a casa dos pais de um dos envolvidos, encontrando a v\u00edtima e a libertando do cativeiro.<\/p>\n<div class=\"mc-column content-text active-extra-styles \" data-block-type=\"unstyled\" data-block-weight=\"30\" data-block-id=\"9\">\n<p class=\"content-text__container \" data-track-category=\"Link no Texto\" data-track-links=\"\">Dois dos suspeitos foram identificados, ambos tinham 22 anos. Um dos suspeitos conseguiu fugir pulando na mar\u00e9 e outro foi contido pela equipe, sendo preso por extors\u00e3o mediante sequestro.<\/p>\n<\/div>\n<div class=\"mc-column content-text active-extra-styles \" data-block-type=\"unstyled\" data-block-weight=\"50\" data-block-id=\"10\">\n<p class=\"content-text__container \" data-track-category=\"Link no Texto\" data-track-links=\"\">A equipe tamb\u00e9m encontrou o ve\u00edculo da v\u00edtima, que foi deixado em uma rua, e apreendeu um barco utilizado pelos criminosos. A Pol\u00edcia Civil seguir\u00e1 com as investiga\u00e7\u00f5es para localizar os outros suspeitos. O caso foi registrado como extors\u00e3o mediante sequestro e roubo no 2\u00ba Distrito Policial de S\u00e3o Vicente.<\/p>\n<p data-track-category=\"Link no Texto\" data-track-links=\"\"><strong>LEIA TAMB\u00c9M<\/strong><\/p>\n<p data-track-category=\"Link no Texto\" data-track-links=\"\"><a href=\"https:\/\/redenoticiaz.com.br\/litoralsp\/2021\/08\/30\/foragido-tenta-enganar-a-pm-com-identidade-falsa-e-vai-preso-em-iguape\">Foragido tenta enganar a PM com identidade falsa e vai preso em Iguape<\/a><\/p>\n<\/div>\n<\/div>\n","protected":false},"excerpt":{"rendered":"<p>Um motorista de 32 anos foi salvo pela Pol\u00edcia Civil em S\u00e3o Vicente ap\u00f3s ser sequestrado e mantido em cativeiro nesta ter\u00e7a-feira (31). Ele trabalha com transporte de aplicativo e o sequestro ocorreu durante uma corrida. Os criminosos exigiram que ele e a fam\u00edlia fizessem uma transpar\u00eancia em PIX. Tamb\u00e9m houve a apreens\u00e3o de objetos &hellip;<\/p>\n","protected":false},"author":6,"featured_media":13731,"comment_status":"open","ping_status":"closed","sticky":false,"template":"","format":"standard","meta":{"footnotes":""},"categories":[10,181],"tags":[32409,939,1762,33,1764,7431],"class_list":["post-13729","post","type-post","status-publish","format-standard","has-post-thumbnail","hentry","category-policia","category-sao-vicente","tag-motorista-de-aplicativo","tag-pix","tag-policia-civil","tag-sao-vicente","tag-sequestro","tag-vila-margarida"],"yoast_head":"<!-- This site is optimized with the Yoast SEO plugin v27.5 - https:\/\/yoast.com\/product\/yoast-seo-wordpress\/ -->\n<title>Motorista de aplicativo \u00e9 sequestrado e bandidos exigem PIX em S\u00e3o Vicente - Litoral SP<\/title>\n<meta name=\"description\" content=\"Um motorista de 32 anos foi salvo pela Pol\u00edcia Civil em S\u00e3o Vicente ap\u00f3s ser sequestrado e mantido em cativeiro nesta ter\u00e7a-feira (31). Ele\" \/>\n<meta name=\"robots\" content=\"index, follow, max-snippet:-1, max-image-preview:large, max-video-preview:-1\" \/>\n<link rel=\"canonical\" href=\"https:\/\/redenoticiaz.com.br\/litoralsp\/2021\/08\/31\/motorista-de-aplicativo-e-sequestrado-e-bandidos-exigem-pix-em-sao-vicente\" \/>\n<meta property=\"og:locale\" content=\"pt_BR\" \/>\n<meta property=\"og:type\" content=\"article\" \/>\n<meta property=\"og:title\" content=\"Motorista de aplicativo \u00e9 sequestrado e bandidos exigem PIX em S\u00e3o Vicente - Litoral SP\" \/>\n<meta property=\"og:description\" content=\"Um motorista de 32 anos foi salvo pela Pol\u00edcia Civil em S\u00e3o Vicente ap\u00f3s ser sequestrado e mantido em cativeiro nesta ter\u00e7a-feira (31). Ele\" \/>\n<meta property=\"og:url\" content=\"https:\/\/redenoticiaz.com.br\/litoralsp\/2021\/08\/31\/motorista-de-aplicativo-e-sequestrado-e-bandidos-exigem-pix-em-sao-vicente\" \/>\n<meta property=\"og:site_name\" content=\"Litoral SP\" \/>\n<meta property=\"article:published_time\" content=\"2021-08-31T22:49:25+00:00\" \/>\n<meta property=\"article:modified_time\" content=\"2021-08-31T22:54:32+00:00\" \/>\n<meta property=\"og:image\" content=\"https:\/\/redenoticiaz.com.br\/litoralsp\/wp-content\/uploads\/sites\/3\/2021\/08\/cativeiro-e1630450108753.jpg\" \/>\n\t<meta property=\"og:image:width\" content=\"734\" \/>\n\t<meta property=\"og:image:height\" content=\"704\" \/>\n\t<meta property=\"og:image:type\" content=\"image\/jpeg\" \/>\n<meta name=\"author\" content=\"Leonardo Francisco\" \/>\n<meta name=\"twitter:card\" content=\"summary_large_image\" \/>\n<meta name=\"twitter:label1\" content=\"Escrito por\" \/>\n\t<meta name=\"twitter:data1\" content=\"Leonardo Francisco\" \/>\n\t<meta name=\"twitter:label2\" content=\"Est. tempo de leitura\" \/>\n\t<meta name=\"twitter:data2\" content=\"2 minutos\" \/>\n<script type=\"application\/ld+json\" class=\"yoast-schema-graph\">{\"@context\":\"https:\\\/\\\/schema.org\",\"@graph\":[{\"@type\":\"Article\",\"@id\":\"https:\\\/\\\/redenoticiaz.com.br\\\/litoralsp\\\/2021\\\/08\\\/31\\\/motorista-de-aplicativo-e-sequestrado-e-bandidos-exigem-pix-em-sao-vicente#article\",\"isPartOf\":{\"@id\":\"https:\\\/\\\/redenoticiaz.com.br\\\/litoralsp\\\/2021\\\/08\\\/31\\\/motorista-de-aplicativo-e-sequestrado-e-bandidos-exigem-pix-em-sao-vicente\"},\"author\":{\"name\":\"Leonardo Francisco\",\"@id\":\"https:\\\/\\\/redenoticiaz.com.br\\\/litoralsp\\\/#\\\/schema\\\/person\\\/0f0b8a5bdafefe82841e07ae8d81ecb3\"},\"headline\":\"Motorista de aplicativo \u00e9 sequestrado e bandidos exigem PIX em S\u00e3o Vicente\",\"datePublished\":\"2021-08-31T22:49:25+00:00\",\"dateModified\":\"2021-08-31T22:54:32+00:00\",\"mainEntityOfPage\":{\"@id\":\"https:\\\/\\\/redenoticiaz.com.br\\\/litoralsp\\\/2021\\\/08\\\/31\\\/motorista-de-aplicativo-e-sequestrado-e-bandidos-exigem-pix-em-sao-vicente\"},\"wordCount\":432,\"commentCount\":0,\"publisher\":{\"@id\":\"https:\\\/\\\/redenoticiaz.com.br\\\/litoralsp\\\/#organization\"},\"image\":{\"@id\":\"https:\\\/\\\/redenoticiaz.com.br\\\/litoralsp\\\/2021\\\/08\\\/31\\\/motorista-de-aplicativo-e-sequestrado-e-bandidos-exigem-pix-em-sao-vicente#primaryimage\"},\"thumbnailUrl\":\"https:\\\/\\\/redenoticiaz.com.br\\\/litoralsp\\\/wp-content\\\/uploads\\\/sites\\\/3\\\/2021\\\/08\\\/cativeiro-e1630450108753.jpg\",\"keywords\":[\"MOTORISTA DE APLICATIVO\",\"pix\",\"POL\u00cdCIA CIVIL\",\"S\u00e3o Vicente\",\"SEQUESTRO\",\"VILA MARGARIDA\"],\"articleSection\":[\"Pol\u00edcia\",\"S\u00e3o Vicente\"],\"inLanguage\":\"pt-BR\",\"potentialAction\":[{\"@type\":\"CommentAction\",\"name\":\"Comment\",\"target\":[\"https:\\\/\\\/redenoticiaz.com.br\\\/litoralsp\\\/2021\\\/08\\\/31\\\/motorista-de-aplicativo-e-sequestrado-e-bandidos-exigem-pix-em-sao-vicente#respond\"]}]},{\"@type\":\"WebPage\",\"@id\":\"https:\\\/\\\/redenoticiaz.com.br\\\/litoralsp\\\/2021\\\/08\\\/31\\\/motorista-de-aplicativo-e-sequestrado-e-bandidos-exigem-pix-em-sao-vicente\",\"url\":\"https:\\\/\\\/redenoticiaz.com.br\\\/litoralsp\\\/2021\\\/08\\\/31\\\/motorista-de-aplicativo-e-sequestrado-e-bandidos-exigem-pix-em-sao-vicente\",\"name\":\"Motorista de aplicativo \u00e9 sequestrado e bandidos exigem PIX em S\u00e3o Vicente - Litoral SP\",\"isPartOf\":{\"@id\":\"https:\\\/\\\/redenoticiaz.com.br\\\/litoralsp\\\/#website\"},\"primaryImageOfPage\":{\"@id\":\"https:\\\/\\\/redenoticiaz.com.br\\\/litoralsp\\\/2021\\\/08\\\/31\\\/motorista-de-aplicativo-e-sequestrado-e-bandidos-exigem-pix-em-sao-vicente#primaryimage\"},\"image\":{\"@id\":\"https:\\\/\\\/redenoticiaz.com.br\\\/litoralsp\\\/2021\\\/08\\\/31\\\/motorista-de-aplicativo-e-sequestrado-e-bandidos-exigem-pix-em-sao-vicente#primaryimage\"},\"thumbnailUrl\":\"https:\\\/\\\/redenoticiaz.com.br\\\/litoralsp\\\/wp-content\\\/uploads\\\/sites\\\/3\\\/2021\\\/08\\\/cativeiro-e1630450108753.jpg\",\"datePublished\":\"2021-08-31T22:49:25+00:00\",\"dateModified\":\"2021-08-31T22:54:32+00:00\",\"description\":\"Um motorista de 32 anos foi salvo pela Pol\u00edcia Civil em S\u00e3o Vicente ap\u00f3s ser sequestrado e mantido em cativeiro nesta ter\u00e7a-feira (31). Ele\",\"inLanguage\":\"pt-BR\",\"potentialAction\":[{\"@type\":\"ReadAction\",\"target\":[\"https:\\\/\\\/redenoticiaz.com.br\\\/litoralsp\\\/2021\\\/08\\\/31\\\/motorista-de-aplicativo-e-sequestrado-e-bandidos-exigem-pix-em-sao-vicente\"]}]},{\"@type\":\"ImageObject\",\"inLanguage\":\"pt-BR\",\"@id\":\"https:\\\/\\\/redenoticiaz.com.br\\\/litoralsp\\\/2021\\\/08\\\/31\\\/motorista-de-aplicativo-e-sequestrado-e-bandidos-exigem-pix-em-sao-vicente#primaryimage\",\"url\":\"https:\\\/\\\/redenoticiaz.com.br\\\/litoralsp\\\/wp-content\\\/uploads\\\/sites\\\/3\\\/2021\\\/08\\\/cativeiro-e1630450108753.jpg\",\"contentUrl\":\"https:\\\/\\\/redenoticiaz.com.br\\\/litoralsp\\\/wp-content\\\/uploads\\\/sites\\\/3\\\/2021\\\/08\\\/cativeiro-e1630450108753.jpg\",\"width\":734,\"height\":704,\"caption\":\"Cr\u00e9ditos: Reprodu\u00e7\u00e3o.\"},{\"@type\":\"WebSite\",\"@id\":\"https:\\\/\\\/redenoticiaz.com.br\\\/litoralsp\\\/#website\",\"url\":\"https:\\\/\\\/redenoticiaz.com.br\\\/litoralsp\\\/\",\"name\":\"Litoral SP\",\"description\":\"Rede NoticiaZ\",\"publisher\":{\"@id\":\"https:\\\/\\\/redenoticiaz.com.br\\\/litoralsp\\\/#organization\"},\"potentialAction\":[{\"@type\":\"SearchAction\",\"target\":{\"@type\":\"EntryPoint\",\"urlTemplate\":\"https:\\\/\\\/redenoticiaz.com.br\\\/litoralsp\\\/?s={search_term_string}\"},\"query-input\":{\"@type\":\"PropertyValueSpecification\",\"valueRequired\":true,\"valueName\":\"search_term_string\"}}],\"inLanguage\":\"pt-BR\"},{\"@type\":\"Organization\",\"@id\":\"https:\\\/\\\/redenoticiaz.com.br\\\/litoralsp\\\/#organization\",\"name\":\"Litoral SP\",\"url\":\"https:\\\/\\\/redenoticiaz.com.br\\\/litoralsp\\\/\",\"logo\":{\"@type\":\"ImageObject\",\"inLanguage\":\"pt-BR\",\"@id\":\"https:\\\/\\\/redenoticiaz.com.br\\\/litoralsp\\\/#\\\/schema\\\/logo\\\/image\\\/\",\"url\":\"https:\\\/\\\/redenoticiaz.com.br\\\/litoralsp\\\/wp-content\\\/uploads\\\/sites\\\/3\\\/2020\\\/11\\\/logo.jpg\",\"contentUrl\":\"https:\\\/\\\/redenoticiaz.com.br\\\/litoralsp\\\/wp-content\\\/uploads\\\/sites\\\/3\\\/2020\\\/11\\\/logo.jpg\",\"width\":400,\"height\":250,\"caption\":\"Litoral SP\"},\"image\":{\"@id\":\"https:\\\/\\\/redenoticiaz.com.br\\\/litoralsp\\\/#\\\/schema\\\/logo\\\/image\\\/\"}},{\"@type\":\"Person\",\"@id\":\"https:\\\/\\\/redenoticiaz.com.br\\\/litoralsp\\\/#\\\/schema\\\/person\\\/0f0b8a5bdafefe82841e07ae8d81ecb3\",\"name\":\"Leonardo Francisco\",\"image\":{\"@type\":\"ImageObject\",\"inLanguage\":\"pt-BR\",\"@id\":\"https:\\\/\\\/secure.gravatar.com\\\/avatar\\\/a7358cb406a99b682ec6df1e77e31ae82e63601f6784e8a3df411d72b37864da?s=96&d=mm&r=g\",\"url\":\"https:\\\/\\\/secure.gravatar.com\\\/avatar\\\/a7358cb406a99b682ec6df1e77e31ae82e63601f6784e8a3df411d72b37864da?s=96&d=mm&r=g\",\"contentUrl\":\"https:\\\/\\\/secure.gravatar.com\\\/avatar\\\/a7358cb406a99b682ec6df1e77e31ae82e63601f6784e8a3df411d72b37864da?s=96&d=mm&r=g\",\"caption\":\"Leonardo Francisco\"},\"url\":\"https:\\\/\\\/redenoticiaz.com.br\\\/litoralsp\\\/author\\\/leonardo-francisco\"}]}<\/script>\n<!-- \/ Yoast SEO plugin. -->","yoast_head_json":{"title":"Motorista de aplicativo \u00e9 sequestrado e bandidos exigem PIX em S\u00e3o Vicente - Litoral SP","description":"Um motorista de 32 anos foi salvo pela Pol\u00edcia Civil em S\u00e3o Vicente ap\u00f3s ser sequestrado e mantido em cativeiro nesta ter\u00e7a-feira (31). Ele","robots":{"index":"index","follow":"follow","max-snippet":"max-snippet:-1","max-image-preview":"max-image-preview:large","max-video-preview":"max-video-preview:-1"},"canonical":"https:\/\/redenoticiaz.com.br\/litoralsp\/2021\/08\/31\/motorista-de-aplicativo-e-sequestrado-e-bandidos-exigem-pix-em-sao-vicente","og_locale":"pt_BR","og_type":"article","og_title":"Motorista de aplicativo \u00e9 sequestrado e bandidos exigem PIX em S\u00e3o Vicente - Litoral SP","og_description":"Um motorista de 32 anos foi salvo pela Pol\u00edcia Civil em S\u00e3o Vicente ap\u00f3s ser sequestrado e mantido em cativeiro nesta ter\u00e7a-feira (31). Ele","og_url":"https:\/\/redenoticiaz.com.br\/litoralsp\/2021\/08\/31\/motorista-de-aplicativo-e-sequestrado-e-bandidos-exigem-pix-em-sao-vicente","og_site_name":"Litoral SP","article_published_time":"2021-08-31T22:49:25+00:00","article_modified_time":"2021-08-31T22:54:32+00:00","og_image":[{"width":734,"height":704,"url":"https:\/\/redenoticiaz.com.br\/litoralsp\/wp-content\/uploads\/sites\/3\/2021\/08\/cativeiro-e1630450108753.jpg","type":"image\/jpeg"}],"author":"Leonardo Francisco","twitter_card":"summary_large_image","twitter_misc":{"Escrito por":"Leonardo Francisco","Est. tempo de leitura":"2 minutos"},"schema":{"@context":"https:\/\/schema.org","@graph":[{"@type":"Article","@id":"https:\/\/redenoticiaz.com.br\/litoralsp\/2021\/08\/31\/motorista-de-aplicativo-e-sequestrado-e-bandidos-exigem-pix-em-sao-vicente#article","isPartOf":{"@id":"https:\/\/redenoticiaz.com.br\/litoralsp\/2021\/08\/31\/motorista-de-aplicativo-e-sequestrado-e-bandidos-exigem-pix-em-sao-vicente"},"author":{"name":"Leonardo Francisco","@id":"https:\/\/redenoticiaz.com.br\/litoralsp\/#\/schema\/person\/0f0b8a5bdafefe82841e07ae8d81ecb3"},"headline":"Motorista de aplicativo \u00e9 sequestrado e bandidos exigem PIX em S\u00e3o Vicente","datePublished":"2021-08-31T22:49:25+00:00","dateModified":"2021-08-31T22:54:32+00:00","mainEntityOfPage":{"@id":"https:\/\/redenoticiaz.com.br\/litoralsp\/2021\/08\/31\/motorista-de-aplicativo-e-sequestrado-e-bandidos-exigem-pix-em-sao-vicente"},"wordCount":432,"commentCount":0,"publisher":{"@id":"https:\/\/redenoticiaz.com.br\/litoralsp\/#organization"},"image":{"@id":"https:\/\/redenoticiaz.com.br\/litoralsp\/2021\/08\/31\/motorista-de-aplicativo-e-sequestrado-e-bandidos-exigem-pix-em-sao-vicente#primaryimage"},"thumbnailUrl":"https:\/\/redenoticiaz.com.br\/litoralsp\/wp-content\/uploads\/sites\/3\/2021\/08\/cativeiro-e1630450108753.jpg","keywords":["MOTORISTA DE APLICATIVO","pix","POL\u00cdCIA CIVIL","S\u00e3o Vicente","SEQUESTRO","VILA MARGARIDA"],"articleSection":["Pol\u00edcia","S\u00e3o Vicente"],"inLanguage":"pt-BR","potentialAction":[{"@type":"CommentAction","name":"Comment","target":["https:\/\/redenoticiaz.com.br\/litoralsp\/2021\/08\/31\/motorista-de-aplicativo-e-sequestrado-e-bandidos-exigem-pix-em-sao-vicente#respond"]}]},{"@type":"WebPage","@id":"https:\/\/redenoticiaz.com.br\/litoralsp\/2021\/08\/31\/motorista-de-aplicativo-e-sequestrado-e-bandidos-exigem-pix-em-sao-vicente","url":"https:\/\/redenoticiaz.com.br\/litoralsp\/2021\/08\/31\/motorista-de-aplicativo-e-sequestrado-e-bandidos-exigem-pix-em-sao-vicente","name":"Motorista de aplicativo \u00e9 sequestrado e bandidos exigem PIX em S\u00e3o Vicente - Litoral SP","isPartOf":{"@id":"https:\/\/redenoticiaz.com.br\/litoralsp\/#website"},"primaryImageOfPage":{"@id":"https:\/\/redenoticiaz.com.br\/litoralsp\/2021\/08\/31\/motorista-de-aplicativo-e-sequestrado-e-bandidos-exigem-pix-em-sao-vicente#primaryimage"},"image":{"@id":"https:\/\/redenoticiaz.com.br\/litoralsp\/2021\/08\/31\/motorista-de-aplicativo-e-sequestrado-e-bandidos-exigem-pix-em-sao-vicente#primaryimage"},"thumbnailUrl":"https:\/\/redenoticiaz.com.br\/litoralsp\/wp-content\/uploads\/sites\/3\/2021\/08\/cativeiro-e1630450108753.jpg","datePublished":"2021-08-31T22:49:25+00:00","dateModified":"2021-08-31T22:54:32+00:00","description":"Um motorista de 32 anos foi salvo pela Pol\u00edcia Civil em S\u00e3o Vicente ap\u00f3s ser sequestrado e mantido em cativeiro nesta ter\u00e7a-feira (31). Ele","inLanguage":"pt-BR","potentialAction":[{"@type":"ReadAction","target":["https:\/\/redenoticiaz.com.br\/litoralsp\/2021\/08\/31\/motorista-de-aplicativo-e-sequestrado-e-bandidos-exigem-pix-em-sao-vicente"]}]},{"@type":"ImageObject","inLanguage":"pt-BR","@id":"https:\/\/redenoticiaz.com.br\/litoralsp\/2021\/08\/31\/motorista-de-aplicativo-e-sequestrado-e-bandidos-exigem-pix-em-sao-vicente#primaryimage","url":"https:\/\/redenoticiaz.com.br\/litoralsp\/wp-content\/uploads\/sites\/3\/2021\/08\/cativeiro-e1630450108753.jpg","contentUrl":"https:\/\/redenoticiaz.com.br\/litoralsp\/wp-content\/uploads\/sites\/3\/2021\/08\/cativeiro-e1630450108753.jpg","width":734,"height":704,"caption":"Cr\u00e9ditos: Reprodu\u00e7\u00e3o."},{"@type":"WebSite","@id":"https:\/\/redenoticiaz.com.br\/litoralsp\/#website","url":"https:\/\/redenoticiaz.com.br\/litoralsp\/","name":"Litoral SP","description":"Rede NoticiaZ","publisher":{"@id":"https:\/\/redenoticiaz.com.br\/litoralsp\/#organization"},"potentialAction":[{"@type":"SearchAction","target":{"@type":"EntryPoint","urlTemplate":"https:\/\/redenoticiaz.com.br\/litoralsp\/?s={search_term_string}"},"query-input":{"@type":"PropertyValueSpecification","valueRequired":true,"valueName":"search_term_string"}}],"inLanguage":"pt-BR"},{"@type":"Organization","@id":"https:\/\/redenoticiaz.com.br\/litoralsp\/#organization","name":"Litoral SP","url":"https:\/\/redenoticiaz.com.br\/litoralsp\/","logo":{"@type":"ImageObject","inLanguage":"pt-BR","@id":"https:\/\/redenoticiaz.com.br\/litoralsp\/#\/schema\/logo\/image\/","url":"https:\/\/redenoticiaz.com.br\/litoralsp\/wp-content\/uploads\/sites\/3\/2020\/11\/logo.jpg","contentUrl":"https:\/\/redenoticiaz.com.br\/litoralsp\/wp-content\/uploads\/sites\/3\/2020\/11\/logo.jpg","width":400,"height":250,"caption":"Litoral SP"},"image":{"@id":"https:\/\/redenoticiaz.com.br\/litoralsp\/#\/schema\/logo\/image\/"}},{"@type":"Person","@id":"https:\/\/redenoticiaz.com.br\/litoralsp\/#\/schema\/person\/0f0b8a5bdafefe82841e07ae8d81ecb3","name":"Leonardo Francisco","image":{"@type":"ImageObject","inLanguage":"pt-BR","@id":"https:\/\/secure.gravatar.com\/avatar\/a7358cb406a99b682ec6df1e77e31ae82e63601f6784e8a3df411d72b37864da?s=96&d=mm&r=g","url":"https:\/\/secure.gravatar.com\/avatar\/a7358cb406a99b682ec6df1e77e31ae82e63601f6784e8a3df411d72b37864da?s=96&d=mm&r=g","contentUrl":"https:\/\/secure.gravatar.com\/avatar\/a7358cb406a99b682ec6df1e77e31ae82e63601f6784e8a3df411d72b37864da?s=96&d=mm&r=g","caption":"Leonardo Francisco"},"url":"https:\/\/redenoticiaz.com.br\/litoralsp\/author\/leonardo-francisco"}]}},"_links":{"self":[{"href":"https:\/\/redenoticiaz.com.br\/litoralsp\/wp-json\/wp\/v2\/posts\/13729","targetHints":{"allow":["GET"]}}],"collection":[{"href":"https:\/\/redenoticiaz.com.br\/litoralsp\/wp-json\/wp\/v2\/posts"}],"about":[{"href":"https:\/\/redenoticiaz.com.br\/litoralsp\/wp-json\/wp\/v2\/types\/post"}],"author":[{"embeddable":true,"href":"https:\/\/redenoticiaz.com.br\/litoralsp\/wp-json\/wp\/v2\/users\/6"}],"replies":[{"embeddable":true,"href":"https:\/\/redenoticiaz.com.br\/litoralsp\/wp-json\/wp\/v2\/comments?post=13729"}],"version-history":[{"count":1,"href":"https:\/\/redenoticiaz.com.br\/litoralsp\/wp-json\/wp\/v2\/posts\/13729\/revisions"}],"predecessor-version":[{"id":13732,"href":"https:\/\/redenoticiaz.com.br\/litoralsp\/wp-json\/wp\/v2\/posts\/13729\/revisions\/13732"}],"wp:featuredmedia":[{"embeddable":true,"href":"https:\/\/redenoticiaz.com.br\/litoralsp\/wp-json\/wp\/v2\/media\/13731"}],"wp:attachment":[{"href":"https:\/\/redenoticiaz.com.br\/litoralsp\/wp-json\/wp\/v2\/media?parent=13729"}],"wp:term":[{"taxonomy":"category","embeddable":true,"href":"https:\/\/redenoticiaz.com.br\/litoralsp\/wp-json\/wp\/v2\/categories?post=13729"},{"taxonomy":"post_tag","embeddable":true,"href":"https:\/\/redenoticiaz.com.br\/litoralsp\/wp-json\/wp\/v2\/tags?post=13729"}],"curies":[{"name":"wp","href":"https:\/\/api.w.org\/{rel}","templated":true}]}}