{"id":13822,"date":"2021-09-02T10:26:37","date_gmt":"2021-09-02T13:26:37","guid":{"rendered":"https:\/\/redenoticiaz.com.br\/litoralsp\/?p=13822"},"modified":"2021-09-02T10:26:37","modified_gmt":"2021-09-02T13:26:37","slug":"video-menino-de-12-anos-furta-van-e-foge-em-alta-velocidade-da-policia","status":"publish","type":"post","link":"https:\/\/redenoticiaz.com.br\/litoralsp\/2021\/09\/02\/video-menino-de-12-anos-furta-van-e-foge-em-alta-velocidade-da-policia","title":{"rendered":"V\u00cdDEO &#8211; Menino de 12 anos furta van e foge em alta velocidade da pol\u00edcia"},"content":{"rendered":"<div class=\"mc-column content-text active-extra-styles \" data-block-type=\"unstyled\" data-block-weight=\"54\" data-block-id=\"2\">\n<p class=\"content-text__container \" data-track-category=\"Link no Texto\" data-track-links=\"\">Menino de 12 anos \u00e9 preso pela Pol\u00edcia Militar ap\u00f3s furtar uma van e ser flagrado dirigindo o ve\u00edculo em S\u00e3o Vicente, no litoral de S\u00e3o Paulo. As imagens obtidas pela <strong><em>Rede Not\u00edcia Z<\/em><\/strong>,\u00a0mostram o adolescente conduzindo o autom\u00f3vel em alta velocidade e sendo perseguido por equipes da pol\u00edcia que tentavam det\u00ea-lo.<\/p>\n<\/div>\n<div class=\"wall protected-content\">\n<div class=\"mc-column content-text active-extra-styles \" data-block-type=\"unstyled\" data-block-weight=\"41\" data-block-id=\"3\">\n<p class=\"content-text__container \" data-track-category=\"Link no Texto\" data-track-links=\"\">Segundo a Pol\u00edcia Civil, o crime aconteceu por volta das 20h45 na Avenida Presidente Costa e Silva, bairro Boqueir\u00e3o, em <a href=\"https:\/\/www.praiagrande.sp.gov.br\/\">Praia Grande<\/a>. Os policiais militares estavam em patrulhamento quando viram o ve\u00edculo em alta velocidade, acreditando que uma crian\u00e7a o conduzia.<\/p>\n<\/div>\n<div class=\"row medium-uncollapsed content-media content-gifv\" data-block-type=\"backstage-gif\" data-block-id=\"4\">\n<div class=\"mc-column content-media__container\">A equipe come\u00e7ou, ent\u00e3o, o acompanhamento da van. Com aux\u00edlio de pesquisa, descobriram que se tratava de um ve\u00edculo que foi furtado de um supermercado localizado na avenida da cidade de Praia Grande. A persegui\u00e7\u00e3o aconteceu at\u00e9 o M\u00e9xico 70, em S\u00e3o Vicente.<\/div>\n<\/div>\n<\/div>\n<div><\/div>\n<div>No bairro, v\u00e1rias pessoas gravaram o momento que o adolescente passava em alta velocidade tentando despistar os policiais. Os v\u00eddeos tiveram repercuss\u00e3o nas redes sociais ap\u00f3s serem compartilhados por moradores.<\/div>\n<div><\/div>\n<div>\n<div style=\"width: 640px;\" class=\"wp-video\"><video class=\"wp-video-shortcode\" id=\"video-13822-1\" width=\"640\" height=\"352\" preload=\"metadata\" controls=\"controls\"><source type=\"video\/mp4\" src=\"https:\/\/redenoticiaz.com.br\/litoralsp\/wp-content\/uploads\/sites\/3\/2021\/09\/whatsapp-video-2021-09-02-at-10-22-39.mp4?_=1\" \/><a href=\"https:\/\/redenoticiaz.com.br\/litoralsp\/wp-content\/uploads\/sites\/3\/2021\/09\/whatsapp-video-2021-09-02-at-10-22-39.mp4\">https:\/\/redenoticiaz.com.br\/litoralsp\/wp-content\/uploads\/sites\/3\/2021\/09\/whatsapp-video-2021-09-02-at-10-22-39.mp4<\/a><\/video><\/div>\n<\/div>\n<div><\/div>\n<div>\n<div class=\"mc-column content-text active-extra-styles \" data-block-type=\"unstyled\" data-block-weight=\"55\" data-block-id=\"9\">\n<p class=\"content-text__container \" data-track-category=\"Link no Texto\" data-track-links=\"\">Apesar da tentativa, o menino foi alcan\u00e7ado e detido pela equipe da PM. Ap\u00f3s a apreens\u00e3o, o menor de idade informou que recebeu uma quantia em dinheiro para transportar o autom\u00f3vel at\u00e9 S\u00e3o Vicente. Entretanto, n\u00e3o especificou o quanto ganhou, onde deixaria o ve\u00edculo e tamb\u00e9m n\u00e3o relatou quem seria a pessoa por tr\u00e1s disso.<\/p>\n<\/div>\n<div class=\"mc-column content-text active-extra-styles \" data-block-type=\"unstyled\" data-block-weight=\"29\" data-block-id=\"10\">\n<p class=\"content-text__container \" data-track-category=\"Link no Texto\" data-track-links=\"\">O caso foi registrado como ato infracional de furto e recepta\u00e7\u00e3o pela Delegacia Sede de S\u00e3o Vicente. O Juizado da Inf\u00e2ncia e Juventude e o Conselho Tutela foram acionados.<\/p>\n<p data-track-category=\"Link no Texto\" data-track-links=\"\"><strong>LEIA TAMB\u00c9M<\/strong><\/p>\n<p data-track-category=\"Link no Texto\" data-track-links=\"\"><a href=\"https:\/\/redenoticiaz.com.br\/litoralsp\/2021\/09\/01\/feira-livre-do-macuco-muda-de-endereco-e-altera-transito\">Feira livre do Macuco muda de endere\u00e7o e altera tr\u00e2nsito<\/a><\/p>\n<\/div>\n<\/div>\n","protected":false},"excerpt":{"rendered":"<p>Menino de 12 anos \u00e9 preso pela Pol\u00edcia Militar ap\u00f3s furtar uma van e ser flagrado dirigindo o ve\u00edculo em S\u00e3o Vicente, no litoral de S\u00e3o Paulo. As imagens obtidas pela Rede Not\u00edcia Z,\u00a0mostram o adolescente conduzindo o autom\u00f3vel em alta velocidade e sendo perseguido por equipes da pol\u00edcia que tentavam det\u00ea-lo. Segundo a Pol\u00edcia &hellip;<\/p>\n","protected":false},"author":11,"featured_media":13824,"comment_status":"open","ping_status":"closed","sticky":false,"template":"","format":"standard","meta":{"footnotes":""},"categories":[10,182],"tags":[143,14626,32606,32605,1101],"class_list":["post-13822","post","type-post","status-publish","format-standard","has-post-thumbnail","hentry","category-policia","category-praia-grande","tag-alta-velocidade","tag-conselho-tutelar","tag-furto-de-van","tag-menino-de-12-anos","tag-praia-grande"],"yoast_head":"<!-- This site is optimized with the Yoast SEO plugin v27.4 - https:\/\/yoast.com\/product\/yoast-seo-wordpress\/ -->\n<title>V\u00cdDEO - Menino de 12 anos furta van e foge em alta velocidade da pol\u00edcia - Litoral SP<\/title>\n<meta name=\"description\" content=\"Menino de 12 anos \u00e9 preso pela Pol\u00edcia Militar ap\u00f3s furtar uma van e ser flagrado dirigindo em alta velocidade em S\u00e3o Vicente, no litoral de S\u00e3o Paulo.\" \/>\n<meta name=\"robots\" content=\"index, follow, max-snippet:-1, max-image-preview:large, max-video-preview:-1\" \/>\n<link rel=\"canonical\" href=\"https:\/\/redenoticiaz.com.br\/litoralsp\/2021\/09\/02\/video-menino-de-12-anos-furta-van-e-foge-em-alta-velocidade-da-policia\" \/>\n<meta property=\"og:locale\" content=\"pt_BR\" \/>\n<meta property=\"og:type\" content=\"article\" \/>\n<meta property=\"og:title\" content=\"V\u00cdDEO - Menino de 12 anos furta van e foge em alta velocidade da pol\u00edcia - Litoral SP\" \/>\n<meta property=\"og:description\" content=\"Menino de 12 anos \u00e9 preso pela Pol\u00edcia Militar ap\u00f3s furtar uma van e ser flagrado dirigindo em alta velocidade em S\u00e3o Vicente, no litoral de S\u00e3o Paulo.\" \/>\n<meta property=\"og:url\" content=\"https:\/\/redenoticiaz.com.br\/litoralsp\/2021\/09\/02\/video-menino-de-12-anos-furta-van-e-foge-em-alta-velocidade-da-policia\" \/>\n<meta property=\"og:site_name\" content=\"Litoral SP\" \/>\n<meta property=\"article:published_time\" content=\"2021-09-02T13:26:37+00:00\" \/>\n<meta property=\"og:image\" content=\"https:\/\/redenoticiaz.com.br\/litoralsp\/wp-content\/uploads\/sites\/3\/2021\/09\/framefuga.jpg\" \/>\n\t<meta property=\"og:image:width\" content=\"984\" \/>\n\t<meta property=\"og:image:height\" content=\"554\" \/>\n\t<meta property=\"og:image:type\" content=\"image\/jpeg\" \/>\n<meta name=\"twitter:card\" content=\"summary_large_image\" \/>\n<meta name=\"twitter:label1\" content=\"Escrito por\" \/>\n\t<meta name=\"twitter:data1\" content=\"\" \/>\n\t<meta name=\"twitter:label2\" content=\"Est. tempo de leitura\" \/>\n\t<meta name=\"twitter:data2\" content=\"2 minutos\" \/>\n<script type=\"application\/ld+json\" class=\"yoast-schema-graph\">{\"@context\":\"https:\\\/\\\/schema.org\",\"@graph\":[{\"@type\":\"Article\",\"@id\":\"https:\\\/\\\/redenoticiaz.com.br\\\/litoralsp\\\/2021\\\/09\\\/02\\\/video-menino-de-12-anos-furta-van-e-foge-em-alta-velocidade-da-policia#article\",\"isPartOf\":{\"@id\":\"https:\\\/\\\/redenoticiaz.com.br\\\/litoralsp\\\/2021\\\/09\\\/02\\\/video-menino-de-12-anos-furta-van-e-foge-em-alta-velocidade-da-policia\"},\"author\":{\"name\":\"\",\"@id\":\"\"},\"headline\":\"V\u00cdDEO &#8211; Menino de 12 anos furta van e foge em alta velocidade da pol\u00edcia\",\"datePublished\":\"2021-09-02T13:26:37+00:00\",\"mainEntityOfPage\":{\"@id\":\"https:\\\/\\\/redenoticiaz.com.br\\\/litoralsp\\\/2021\\\/09\\\/02\\\/video-menino-de-12-anos-furta-van-e-foge-em-alta-velocidade-da-policia\"},\"wordCount\":336,\"commentCount\":0,\"publisher\":{\"@id\":\"https:\\\/\\\/redenoticiaz.com.br\\\/litoralsp\\\/#organization\"},\"image\":{\"@id\":\"https:\\\/\\\/redenoticiaz.com.br\\\/litoralsp\\\/2021\\\/09\\\/02\\\/video-menino-de-12-anos-furta-van-e-foge-em-alta-velocidade-da-policia#primaryimage\"},\"thumbnailUrl\":\"https:\\\/\\\/redenoticiaz.com.br\\\/litoralsp\\\/wp-content\\\/uploads\\\/sites\\\/3\\\/2021\\\/09\\\/framefuga.jpg\",\"keywords\":[\"ALTA VELOCIDADE\",\"conselho tutelar\",\"FURTO DE VAN\",\"MENINO DE 12 ANOS\",\"PRAIA GRANDE\"],\"articleSection\":[\"Pol\u00edcia\",\"Praia Grande\"],\"inLanguage\":\"pt-BR\",\"potentialAction\":[{\"@type\":\"CommentAction\",\"name\":\"Comment\",\"target\":[\"https:\\\/\\\/redenoticiaz.com.br\\\/litoralsp\\\/2021\\\/09\\\/02\\\/video-menino-de-12-anos-furta-van-e-foge-em-alta-velocidade-da-policia#respond\"]}]},{\"@type\":\"WebPage\",\"@id\":\"https:\\\/\\\/redenoticiaz.com.br\\\/litoralsp\\\/2021\\\/09\\\/02\\\/video-menino-de-12-anos-furta-van-e-foge-em-alta-velocidade-da-policia\",\"url\":\"https:\\\/\\\/redenoticiaz.com.br\\\/litoralsp\\\/2021\\\/09\\\/02\\\/video-menino-de-12-anos-furta-van-e-foge-em-alta-velocidade-da-policia\",\"name\":\"V\u00cdDEO - Menino de 12 anos furta van e foge em alta velocidade da pol\u00edcia - Litoral SP\",\"isPartOf\":{\"@id\":\"https:\\\/\\\/redenoticiaz.com.br\\\/litoralsp\\\/#website\"},\"primaryImageOfPage\":{\"@id\":\"https:\\\/\\\/redenoticiaz.com.br\\\/litoralsp\\\/2021\\\/09\\\/02\\\/video-menino-de-12-anos-furta-van-e-foge-em-alta-velocidade-da-policia#primaryimage\"},\"image\":{\"@id\":\"https:\\\/\\\/redenoticiaz.com.br\\\/litoralsp\\\/2021\\\/09\\\/02\\\/video-menino-de-12-anos-furta-van-e-foge-em-alta-velocidade-da-policia#primaryimage\"},\"thumbnailUrl\":\"https:\\\/\\\/redenoticiaz.com.br\\\/litoralsp\\\/wp-content\\\/uploads\\\/sites\\\/3\\\/2021\\\/09\\\/framefuga.jpg\",\"datePublished\":\"2021-09-02T13:26:37+00:00\",\"description\":\"Menino de 12 anos \u00e9 preso pela Pol\u00edcia Militar ap\u00f3s furtar uma van e ser flagrado dirigindo em alta velocidade em S\u00e3o Vicente, no litoral de S\u00e3o Paulo.\",\"inLanguage\":\"pt-BR\",\"potentialAction\":[{\"@type\":\"ReadAction\",\"target\":[\"https:\\\/\\\/redenoticiaz.com.br\\\/litoralsp\\\/2021\\\/09\\\/02\\\/video-menino-de-12-anos-furta-van-e-foge-em-alta-velocidade-da-policia\"]}]},{\"@type\":\"ImageObject\",\"inLanguage\":\"pt-BR\",\"@id\":\"https:\\\/\\\/redenoticiaz.com.br\\\/litoralsp\\\/2021\\\/09\\\/02\\\/video-menino-de-12-anos-furta-van-e-foge-em-alta-velocidade-da-policia#primaryimage\",\"url\":\"https:\\\/\\\/redenoticiaz.com.br\\\/litoralsp\\\/wp-content\\\/uploads\\\/sites\\\/3\\\/2021\\\/09\\\/framefuga.jpg\",\"contentUrl\":\"https:\\\/\\\/redenoticiaz.com.br\\\/litoralsp\\\/wp-content\\\/uploads\\\/sites\\\/3\\\/2021\\\/09\\\/framefuga.jpg\",\"width\":984,\"height\":554,\"caption\":\"Adolescente dirigia a van em alta velocidade em S\u00e3o Vicente, SP \u2014 Foto: Reprodu\u00e7\u00e3o\"},{\"@type\":\"WebSite\",\"@id\":\"https:\\\/\\\/redenoticiaz.com.br\\\/litoralsp\\\/#website\",\"url\":\"https:\\\/\\\/redenoticiaz.com.br\\\/litoralsp\\\/\",\"name\":\"Litoral SP\",\"description\":\"Rede NoticiaZ\",\"publisher\":{\"@id\":\"https:\\\/\\\/redenoticiaz.com.br\\\/litoralsp\\\/#organization\"},\"potentialAction\":[{\"@type\":\"SearchAction\",\"target\":{\"@type\":\"EntryPoint\",\"urlTemplate\":\"https:\\\/\\\/redenoticiaz.com.br\\\/litoralsp\\\/?s={search_term_string}\"},\"query-input\":{\"@type\":\"PropertyValueSpecification\",\"valueRequired\":true,\"valueName\":\"search_term_string\"}}],\"inLanguage\":\"pt-BR\"},{\"@type\":\"Organization\",\"@id\":\"https:\\\/\\\/redenoticiaz.com.br\\\/litoralsp\\\/#organization\",\"name\":\"Litoral SP\",\"url\":\"https:\\\/\\\/redenoticiaz.com.br\\\/litoralsp\\\/\",\"logo\":{\"@type\":\"ImageObject\",\"inLanguage\":\"pt-BR\",\"@id\":\"https:\\\/\\\/redenoticiaz.com.br\\\/litoralsp\\\/#\\\/schema\\\/logo\\\/image\\\/\",\"url\":\"https:\\\/\\\/redenoticiaz.com.br\\\/litoralsp\\\/wp-content\\\/uploads\\\/sites\\\/3\\\/2020\\\/11\\\/logo.jpg\",\"contentUrl\":\"https:\\\/\\\/redenoticiaz.com.br\\\/litoralsp\\\/wp-content\\\/uploads\\\/sites\\\/3\\\/2020\\\/11\\\/logo.jpg\",\"width\":400,\"height\":250,\"caption\":\"Litoral SP\"},\"image\":{\"@id\":\"https:\\\/\\\/redenoticiaz.com.br\\\/litoralsp\\\/#\\\/schema\\\/logo\\\/image\\\/\"}},{\"@type\":\"Person\",\"@id\":\"\",\"url\":\"https:\\\/\\\/redenoticiaz.com.br\\\/litoralsp\\\/author\"}]}<\/script>\n<!-- \/ Yoast SEO plugin. -->","yoast_head_json":{"title":"V\u00cdDEO - Menino de 12 anos furta van e foge em alta velocidade da pol\u00edcia - Litoral SP","description":"Menino de 12 anos \u00e9 preso pela Pol\u00edcia Militar ap\u00f3s furtar uma van e ser flagrado dirigindo em alta velocidade em S\u00e3o Vicente, no litoral de S\u00e3o Paulo.","robots":{"index":"index","follow":"follow","max-snippet":"max-snippet:-1","max-image-preview":"max-image-preview:large","max-video-preview":"max-video-preview:-1"},"canonical":"https:\/\/redenoticiaz.com.br\/litoralsp\/2021\/09\/02\/video-menino-de-12-anos-furta-van-e-foge-em-alta-velocidade-da-policia","og_locale":"pt_BR","og_type":"article","og_title":"V\u00cdDEO - Menino de 12 anos furta van e foge em alta velocidade da pol\u00edcia - Litoral SP","og_description":"Menino de 12 anos \u00e9 preso pela Pol\u00edcia Militar ap\u00f3s furtar uma van e ser flagrado dirigindo em alta velocidade em S\u00e3o Vicente, no litoral de S\u00e3o Paulo.","og_url":"https:\/\/redenoticiaz.com.br\/litoralsp\/2021\/09\/02\/video-menino-de-12-anos-furta-van-e-foge-em-alta-velocidade-da-policia","og_site_name":"Litoral SP","article_published_time":"2021-09-02T13:26:37+00:00","og_image":[{"width":984,"height":554,"url":"https:\/\/redenoticiaz.com.br\/litoralsp\/wp-content\/uploads\/sites\/3\/2021\/09\/framefuga.jpg","type":"image\/jpeg"}],"twitter_card":"summary_large_image","twitter_misc":{"Escrito por":"","Est. tempo de leitura":"2 minutos"},"schema":{"@context":"https:\/\/schema.org","@graph":[{"@type":"Article","@id":"https:\/\/redenoticiaz.com.br\/litoralsp\/2021\/09\/02\/video-menino-de-12-anos-furta-van-e-foge-em-alta-velocidade-da-policia#article","isPartOf":{"@id":"https:\/\/redenoticiaz.com.br\/litoralsp\/2021\/09\/02\/video-menino-de-12-anos-furta-van-e-foge-em-alta-velocidade-da-policia"},"author":{"name":"","@id":""},"headline":"V\u00cdDEO &#8211; Menino de 12 anos furta van e foge em alta velocidade da pol\u00edcia","datePublished":"2021-09-02T13:26:37+00:00","mainEntityOfPage":{"@id":"https:\/\/redenoticiaz.com.br\/litoralsp\/2021\/09\/02\/video-menino-de-12-anos-furta-van-e-foge-em-alta-velocidade-da-policia"},"wordCount":336,"commentCount":0,"publisher":{"@id":"https:\/\/redenoticiaz.com.br\/litoralsp\/#organization"},"image":{"@id":"https:\/\/redenoticiaz.com.br\/litoralsp\/2021\/09\/02\/video-menino-de-12-anos-furta-van-e-foge-em-alta-velocidade-da-policia#primaryimage"},"thumbnailUrl":"https:\/\/redenoticiaz.com.br\/litoralsp\/wp-content\/uploads\/sites\/3\/2021\/09\/framefuga.jpg","keywords":["ALTA VELOCIDADE","conselho tutelar","FURTO DE VAN","MENINO DE 12 ANOS","PRAIA GRANDE"],"articleSection":["Pol\u00edcia","Praia Grande"],"inLanguage":"pt-BR","potentialAction":[{"@type":"CommentAction","name":"Comment","target":["https:\/\/redenoticiaz.com.br\/litoralsp\/2021\/09\/02\/video-menino-de-12-anos-furta-van-e-foge-em-alta-velocidade-da-policia#respond"]}]},{"@type":"WebPage","@id":"https:\/\/redenoticiaz.com.br\/litoralsp\/2021\/09\/02\/video-menino-de-12-anos-furta-van-e-foge-em-alta-velocidade-da-policia","url":"https:\/\/redenoticiaz.com.br\/litoralsp\/2021\/09\/02\/video-menino-de-12-anos-furta-van-e-foge-em-alta-velocidade-da-policia","name":"V\u00cdDEO - Menino de 12 anos furta van e foge em alta velocidade da pol\u00edcia - Litoral SP","isPartOf":{"@id":"https:\/\/redenoticiaz.com.br\/litoralsp\/#website"},"primaryImageOfPage":{"@id":"https:\/\/redenoticiaz.com.br\/litoralsp\/2021\/09\/02\/video-menino-de-12-anos-furta-van-e-foge-em-alta-velocidade-da-policia#primaryimage"},"image":{"@id":"https:\/\/redenoticiaz.com.br\/litoralsp\/2021\/09\/02\/video-menino-de-12-anos-furta-van-e-foge-em-alta-velocidade-da-policia#primaryimage"},"thumbnailUrl":"https:\/\/redenoticiaz.com.br\/litoralsp\/wp-content\/uploads\/sites\/3\/2021\/09\/framefuga.jpg","datePublished":"2021-09-02T13:26:37+00:00","description":"Menino de 12 anos \u00e9 preso pela Pol\u00edcia Militar ap\u00f3s furtar uma van e ser flagrado dirigindo em alta velocidade em S\u00e3o Vicente, no litoral de S\u00e3o Paulo.","inLanguage":"pt-BR","potentialAction":[{"@type":"ReadAction","target":["https:\/\/redenoticiaz.com.br\/litoralsp\/2021\/09\/02\/video-menino-de-12-anos-furta-van-e-foge-em-alta-velocidade-da-policia"]}]},{"@type":"ImageObject","inLanguage":"pt-BR","@id":"https:\/\/redenoticiaz.com.br\/litoralsp\/2021\/09\/02\/video-menino-de-12-anos-furta-van-e-foge-em-alta-velocidade-da-policia#primaryimage","url":"https:\/\/redenoticiaz.com.br\/litoralsp\/wp-content\/uploads\/sites\/3\/2021\/09\/framefuga.jpg","contentUrl":"https:\/\/redenoticiaz.com.br\/litoralsp\/wp-content\/uploads\/sites\/3\/2021\/09\/framefuga.jpg","width":984,"height":554,"caption":"Adolescente dirigia a van em alta velocidade em S\u00e3o Vicente, SP \u2014 Foto: Reprodu\u00e7\u00e3o"},{"@type":"WebSite","@id":"https:\/\/redenoticiaz.com.br\/litoralsp\/#website","url":"https:\/\/redenoticiaz.com.br\/litoralsp\/","name":"Litoral SP","description":"Rede NoticiaZ","publisher":{"@id":"https:\/\/redenoticiaz.com.br\/litoralsp\/#organization"},"potentialAction":[{"@type":"SearchAction","target":{"@type":"EntryPoint","urlTemplate":"https:\/\/redenoticiaz.com.br\/litoralsp\/?s={search_term_string}"},"query-input":{"@type":"PropertyValueSpecification","valueRequired":true,"valueName":"search_term_string"}}],"inLanguage":"pt-BR"},{"@type":"Organization","@id":"https:\/\/redenoticiaz.com.br\/litoralsp\/#organization","name":"Litoral SP","url":"https:\/\/redenoticiaz.com.br\/litoralsp\/","logo":{"@type":"ImageObject","inLanguage":"pt-BR","@id":"https:\/\/redenoticiaz.com.br\/litoralsp\/#\/schema\/logo\/image\/","url":"https:\/\/redenoticiaz.com.br\/litoralsp\/wp-content\/uploads\/sites\/3\/2020\/11\/logo.jpg","contentUrl":"https:\/\/redenoticiaz.com.br\/litoralsp\/wp-content\/uploads\/sites\/3\/2020\/11\/logo.jpg","width":400,"height":250,"caption":"Litoral SP"},"image":{"@id":"https:\/\/redenoticiaz.com.br\/litoralsp\/#\/schema\/logo\/image\/"}},{"@type":"Person","@id":"","url":"https:\/\/redenoticiaz.com.br\/litoralsp\/author"}]}},"_links":{"self":[{"href":"https:\/\/redenoticiaz.com.br\/litoralsp\/wp-json\/wp\/v2\/posts\/13822","targetHints":{"allow":["GET"]}}],"collection":[{"href":"https:\/\/redenoticiaz.com.br\/litoralsp\/wp-json\/wp\/v2\/posts"}],"about":[{"href":"https:\/\/redenoticiaz.com.br\/litoralsp\/wp-json\/wp\/v2\/types\/post"}],"author":[{"embeddable":true,"href":"https:\/\/redenoticiaz.com.br\/litoralsp\/wp-json\/wp\/v2\/users\/11"}],"replies":[{"embeddable":true,"href":"https:\/\/redenoticiaz.com.br\/litoralsp\/wp-json\/wp\/v2\/comments?post=13822"}],"version-history":[{"count":1,"href":"https:\/\/redenoticiaz.com.br\/litoralsp\/wp-json\/wp\/v2\/posts\/13822\/revisions"}],"predecessor-version":[{"id":13825,"href":"https:\/\/redenoticiaz.com.br\/litoralsp\/wp-json\/wp\/v2\/posts\/13822\/revisions\/13825"}],"wp:featuredmedia":[{"embeddable":true,"href":"https:\/\/redenoticiaz.com.br\/litoralsp\/wp-json\/wp\/v2\/media\/13824"}],"wp:attachment":[{"href":"https:\/\/redenoticiaz.com.br\/litoralsp\/wp-json\/wp\/v2\/media?parent=13822"}],"wp:term":[{"taxonomy":"category","embeddable":true,"href":"https:\/\/redenoticiaz.com.br\/litoralsp\/wp-json\/wp\/v2\/categories?post=13822"},{"taxonomy":"post_tag","embeddable":true,"href":"https:\/\/redenoticiaz.com.br\/litoralsp\/wp-json\/wp\/v2\/tags?post=13822"}],"curies":[{"name":"wp","href":"https:\/\/api.w.org\/{rel}","templated":true}]}}