{"id":14062,"date":"2021-09-06T10:24:43","date_gmt":"2021-09-06T13:24:43","guid":{"rendered":"https:\/\/redenoticiaz.com.br\/litoralsp\/?p=14062"},"modified":"2021-09-06T10:24:43","modified_gmt":"2021-09-06T13:24:43","slug":"video-rolezinho-acaba-em-vandalismo-em-caraguatatuba","status":"publish","type":"post","link":"https:\/\/redenoticiaz.com.br\/litoralsp\/2021\/09\/06\/video-rolezinho-acaba-em-vandalismo-em-caraguatatuba","title":{"rendered":"V\u00cdDEO &#8211; &#8216;Rolezinho&#8217; acaba em vandalismo em Caraguatatuba"},"content":{"rendered":"<div class=\"Block__Component-sc-179lk0t-0 hzZKMR\">\n<p class=\"styled__Paragraph-sc-1bxdmvf-6 iGEnUi\">V\u00eddeos divulgados pela Pol\u00edcia Militar, na manh\u00e3 desta segunda-feira (6), mostram o <strong>&#8216;rolezinho&#8217; que virou vandalismo<\/strong> em <a href=\"http:\/\/www.caraguatatuba.sp.gov.br\/pmc\/\">Caraguatatuba<\/a>, no Litoral Norte de S\u00e3o Paulo, na madrugada de s\u00e1bado (4) para domingo (5).<\/p>\n<\/div>\n<div class=\"Block__Component-sc-179lk0t-0 hzZKMR\">\n<p class=\"styled__Paragraph-sc-1bxdmvf-6 iGEnUi\">No v\u00eddeo, \u00e9 poss\u00edvel ver alguns jovens quebrando a porta de estabelecimentos comerciais com voadoras, chutes e pontap\u00e9s.<\/p>\n<div style=\"width: 640px;\" class=\"wp-video\"><video class=\"wp-video-shortcode\" id=\"video-14062-1\" width=\"640\" height=\"352\" preload=\"metadata\" controls=\"controls\"><source type=\"video\/mp4\" src=\"https:\/\/redenoticiaz.com.br\/litoralsp\/wp-content\/uploads\/sites\/3\/2021\/09\/whatsapp-video-2021-09-06-at-10-21-22.mp4?_=1\" \/><a href=\"https:\/\/redenoticiaz.com.br\/litoralsp\/wp-content\/uploads\/sites\/3\/2021\/09\/whatsapp-video-2021-09-06-at-10-21-22.mp4\">https:\/\/redenoticiaz.com.br\/litoralsp\/wp-content\/uploads\/sites\/3\/2021\/09\/whatsapp-video-2021-09-06-at-10-21-22.mp4<\/a><\/video><\/div>\n<div class=\"Block__Component-sc-179lk0t-0 hzZKMR\">\n<p class=\"styled__Paragraph-sc-1bxdmvf-6 iGEnUi\">A a\u00e7\u00e3o da Pol\u00edcia Militar para intervir o \u2018rolezinho\u2019 prendeu cinco equipamentos de som port\u00e1til e deteve 10 pessoas com drogas. Elas foram levadas para delegacia.<\/p>\n<\/div>\n<div class=\"Block__Component-sc-179lk0t-0 fPTuCa\">\n<div class=\"Block__Component-sc-179lk0t-0 ijcVUX\">\n<div class=\"Block__Component-sc-179lk0t-0 hzZKMR\">\n<p class=\"styled__Paragraph-sc-1bxdmvf-6 iGEnUi\">De acordo com a PM, cerca de 300 jovens estavam na Pra\u00e7a Ton Ferreira (Pra\u00e7a do Skate) da cidade fazendo uso drogas e bebidas alco\u00f3licas.<\/p>\n<\/div>\n<div class=\"Block__Component-sc-179lk0t-0 cPIFkh\">\n<div class=\"sc-nonqh2-0 bJTSzd\">\n<div class=\"amp-hidden\">\n<div class=\"Block__Component-sc-179lk0t-0 hzZKMR\">\n<p class=\"styled__Paragraph-sc-1bxdmvf-6 iGEnUi\">Pessoas que passavam pelo cal\u00e7ad\u00e3o eram abordadas. Houve tentativa de furto a rel\u00f3gios e carteiras de turistas e moradores.<\/p>\n<p><strong>LEIA TAMB\u00c9M<\/strong><\/p>\n<\/div>\n<\/div>\n<div class=\"Block__Component-sc-179lk0t-0 hzZKMR\"><a href=\"https:\/\/redenoticiaz.com.br\/litoralsp\/2021\/09\/06\/josy-do-bbb9-morre-aos-43-anos-nesta-semana\">Josy do BBB9 morre aos 43 anos nesta semana<\/a><\/div>\n<\/div>\n<\/div>\n<\/div>\n<\/div>\n<\/div>\n","protected":false},"excerpt":{"rendered":"<p>V\u00eddeos divulgados pela Pol\u00edcia Militar, na manh\u00e3 desta segunda-feira (6), mostram o &#8216;rolezinho&#8217; que virou vandalismo em Caraguatatuba, no Litoral Norte de S\u00e3o Paulo, na madrugada de s\u00e1bado (4) para domingo (5). No v\u00eddeo, \u00e9 poss\u00edvel ver alguns jovens quebrando a porta de estabelecimentos comerciais com voadoras, chutes e pontap\u00e9s. A a\u00e7\u00e3o da Pol\u00edcia Militar &hellip;<\/p>\n","protected":false},"author":11,"featured_media":14064,"comment_status":"open","ping_status":"closed","sticky":false,"template":"","format":"standard","meta":{"footnotes":""},"categories":[2881,10],"tags":[2742,9702,20855,33162,2260,33163],"class_list":["post-14062","post","type-post","status-publish","format-standard","has-post-thumbnail","hentry","category-caraguatatuba","category-policia","tag-caraguatatuba","tag-jovens","tag-policia","tag-rolezinho","tag-vandalismo","tag-vandalos"],"yoast_head":"<!-- This site is optimized with the Yoast SEO plugin v27.5 - https:\/\/yoast.com\/product\/yoast-seo-wordpress\/ -->\n<title>V\u00cdDEO - &#039;Rolezinho&#039; acaba em vandalismo em Caraguatatuba - Litoral SP<\/title>\n<meta name=\"description\" content=\"V\u00eddeos divulgados pela Pol\u00edcia Militar, na manh\u00e3 desta segunda-feira (6), mostram o &#039;rolezinho&#039; que virou vandalismo em Caraguatatuba.\" \/>\n<meta name=\"robots\" content=\"index, follow, max-snippet:-1, max-image-preview:large, max-video-preview:-1\" \/>\n<link rel=\"canonical\" href=\"https:\/\/redenoticiaz.com.br\/litoralsp\/2021\/09\/06\/video-rolezinho-acaba-em-vandalismo-em-caraguatatuba\" \/>\n<meta property=\"og:locale\" content=\"pt_BR\" \/>\n<meta property=\"og:type\" content=\"article\" \/>\n<meta property=\"og:title\" content=\"V\u00cdDEO - &#039;Rolezinho&#039; acaba em vandalismo em Caraguatatuba - Litoral SP\" \/>\n<meta property=\"og:description\" content=\"V\u00eddeos divulgados pela Pol\u00edcia Militar, na manh\u00e3 desta segunda-feira (6), mostram o &#039;rolezinho&#039; que virou vandalismo em Caraguatatuba.\" \/>\n<meta property=\"og:url\" content=\"https:\/\/redenoticiaz.com.br\/litoralsp\/2021\/09\/06\/video-rolezinho-acaba-em-vandalismo-em-caraguatatuba\" \/>\n<meta property=\"og:site_name\" content=\"Litoral SP\" \/>\n<meta property=\"article:published_time\" content=\"2021-09-06T13:24:43+00:00\" \/>\n<meta property=\"og:image\" content=\"https:\/\/redenoticiaz.com.br\/litoralsp\/wp-content\/uploads\/sites\/3\/2021\/09\/239606876_2387405324725756_6855143589449938329_n.jpg\" \/>\n\t<meta property=\"og:image:width\" content=\"700\" \/>\n\t<meta property=\"og:image:height\" content=\"525\" \/>\n\t<meta property=\"og:image:type\" content=\"image\/jpeg\" \/>\n<meta name=\"twitter:card\" content=\"summary_large_image\" \/>\n<meta name=\"twitter:label1\" content=\"Escrito por\" \/>\n\t<meta name=\"twitter:data1\" content=\"\" \/>\n\t<meta name=\"twitter:label2\" content=\"Est. tempo de leitura\" \/>\n\t<meta name=\"twitter:data2\" content=\"1 minuto\" \/>\n<script type=\"application\/ld+json\" class=\"yoast-schema-graph\">{\"@context\":\"https:\\\/\\\/schema.org\",\"@graph\":[{\"@type\":\"Article\",\"@id\":\"https:\\\/\\\/redenoticiaz.com.br\\\/litoralsp\\\/2021\\\/09\\\/06\\\/video-rolezinho-acaba-em-vandalismo-em-caraguatatuba#article\",\"isPartOf\":{\"@id\":\"https:\\\/\\\/redenoticiaz.com.br\\\/litoralsp\\\/2021\\\/09\\\/06\\\/video-rolezinho-acaba-em-vandalismo-em-caraguatatuba\"},\"author\":{\"name\":\"\",\"@id\":\"\"},\"headline\":\"V\u00cdDEO &#8211; &#8216;Rolezinho&#8217; acaba em vandalismo em Caraguatatuba\",\"datePublished\":\"2021-09-06T13:24:43+00:00\",\"mainEntityOfPage\":{\"@id\":\"https:\\\/\\\/redenoticiaz.com.br\\\/litoralsp\\\/2021\\\/09\\\/06\\\/video-rolezinho-acaba-em-vandalismo-em-caraguatatuba\"},\"wordCount\":170,\"commentCount\":0,\"publisher\":{\"@id\":\"https:\\\/\\\/redenoticiaz.com.br\\\/litoralsp\\\/#organization\"},\"image\":{\"@id\":\"https:\\\/\\\/redenoticiaz.com.br\\\/litoralsp\\\/2021\\\/09\\\/06\\\/video-rolezinho-acaba-em-vandalismo-em-caraguatatuba#primaryimage\"},\"thumbnailUrl\":\"https:\\\/\\\/redenoticiaz.com.br\\\/litoralsp\\\/wp-content\\\/uploads\\\/sites\\\/3\\\/2021\\\/09\\\/239606876_2387405324725756_6855143589449938329_n.jpg\",\"keywords\":[\"CARAGUATATUBA\",\"JOVENS\",\"Pol\u00edcia\",\"ROLEZINHO\",\"VANDALISMO\",\"VANDALOS\"],\"articleSection\":[\"Caraguatatuba\",\"Pol\u00edcia\"],\"inLanguage\":\"pt-BR\",\"potentialAction\":[{\"@type\":\"CommentAction\",\"name\":\"Comment\",\"target\":[\"https:\\\/\\\/redenoticiaz.com.br\\\/litoralsp\\\/2021\\\/09\\\/06\\\/video-rolezinho-acaba-em-vandalismo-em-caraguatatuba#respond\"]}]},{\"@type\":\"WebPage\",\"@id\":\"https:\\\/\\\/redenoticiaz.com.br\\\/litoralsp\\\/2021\\\/09\\\/06\\\/video-rolezinho-acaba-em-vandalismo-em-caraguatatuba\",\"url\":\"https:\\\/\\\/redenoticiaz.com.br\\\/litoralsp\\\/2021\\\/09\\\/06\\\/video-rolezinho-acaba-em-vandalismo-em-caraguatatuba\",\"name\":\"V\u00cdDEO - 'Rolezinho' acaba em vandalismo em Caraguatatuba - Litoral SP\",\"isPartOf\":{\"@id\":\"https:\\\/\\\/redenoticiaz.com.br\\\/litoralsp\\\/#website\"},\"primaryImageOfPage\":{\"@id\":\"https:\\\/\\\/redenoticiaz.com.br\\\/litoralsp\\\/2021\\\/09\\\/06\\\/video-rolezinho-acaba-em-vandalismo-em-caraguatatuba#primaryimage\"},\"image\":{\"@id\":\"https:\\\/\\\/redenoticiaz.com.br\\\/litoralsp\\\/2021\\\/09\\\/06\\\/video-rolezinho-acaba-em-vandalismo-em-caraguatatuba#primaryimage\"},\"thumbnailUrl\":\"https:\\\/\\\/redenoticiaz.com.br\\\/litoralsp\\\/wp-content\\\/uploads\\\/sites\\\/3\\\/2021\\\/09\\\/239606876_2387405324725756_6855143589449938329_n.jpg\",\"datePublished\":\"2021-09-06T13:24:43+00:00\",\"description\":\"V\u00eddeos divulgados pela Pol\u00edcia Militar, na manh\u00e3 desta segunda-feira (6), mostram o 'rolezinho' que virou vandalismo em Caraguatatuba.\",\"inLanguage\":\"pt-BR\",\"potentialAction\":[{\"@type\":\"ReadAction\",\"target\":[\"https:\\\/\\\/redenoticiaz.com.br\\\/litoralsp\\\/2021\\\/09\\\/06\\\/video-rolezinho-acaba-em-vandalismo-em-caraguatatuba\"]}]},{\"@type\":\"ImageObject\",\"inLanguage\":\"pt-BR\",\"@id\":\"https:\\\/\\\/redenoticiaz.com.br\\\/litoralsp\\\/2021\\\/09\\\/06\\\/video-rolezinho-acaba-em-vandalismo-em-caraguatatuba#primaryimage\",\"url\":\"https:\\\/\\\/redenoticiaz.com.br\\\/litoralsp\\\/wp-content\\\/uploads\\\/sites\\\/3\\\/2021\\\/09\\\/239606876_2387405324725756_6855143589449938329_n.jpg\",\"contentUrl\":\"https:\\\/\\\/redenoticiaz.com.br\\\/litoralsp\\\/wp-content\\\/uploads\\\/sites\\\/3\\\/2021\\\/09\\\/239606876_2387405324725756_6855143589449938329_n.jpg\",\"width\":700,\"height\":525,\"caption\":\"Foto: Pol\u00edcia Militar.\"},{\"@type\":\"WebSite\",\"@id\":\"https:\\\/\\\/redenoticiaz.com.br\\\/litoralsp\\\/#website\",\"url\":\"https:\\\/\\\/redenoticiaz.com.br\\\/litoralsp\\\/\",\"name\":\"Litoral SP\",\"description\":\"Rede NoticiaZ\",\"publisher\":{\"@id\":\"https:\\\/\\\/redenoticiaz.com.br\\\/litoralsp\\\/#organization\"},\"potentialAction\":[{\"@type\":\"SearchAction\",\"target\":{\"@type\":\"EntryPoint\",\"urlTemplate\":\"https:\\\/\\\/redenoticiaz.com.br\\\/litoralsp\\\/?s={search_term_string}\"},\"query-input\":{\"@type\":\"PropertyValueSpecification\",\"valueRequired\":true,\"valueName\":\"search_term_string\"}}],\"inLanguage\":\"pt-BR\"},{\"@type\":\"Organization\",\"@id\":\"https:\\\/\\\/redenoticiaz.com.br\\\/litoralsp\\\/#organization\",\"name\":\"Litoral SP\",\"url\":\"https:\\\/\\\/redenoticiaz.com.br\\\/litoralsp\\\/\",\"logo\":{\"@type\":\"ImageObject\",\"inLanguage\":\"pt-BR\",\"@id\":\"https:\\\/\\\/redenoticiaz.com.br\\\/litoralsp\\\/#\\\/schema\\\/logo\\\/image\\\/\",\"url\":\"https:\\\/\\\/redenoticiaz.com.br\\\/litoralsp\\\/wp-content\\\/uploads\\\/sites\\\/3\\\/2020\\\/11\\\/logo.jpg\",\"contentUrl\":\"https:\\\/\\\/redenoticiaz.com.br\\\/litoralsp\\\/wp-content\\\/uploads\\\/sites\\\/3\\\/2020\\\/11\\\/logo.jpg\",\"width\":400,\"height\":250,\"caption\":\"Litoral SP\"},\"image\":{\"@id\":\"https:\\\/\\\/redenoticiaz.com.br\\\/litoralsp\\\/#\\\/schema\\\/logo\\\/image\\\/\"}},{\"@type\":\"Person\",\"@id\":\"\",\"url\":\"https:\\\/\\\/redenoticiaz.com.br\\\/litoralsp\\\/author\"}]}<\/script>\n<!-- \/ Yoast SEO plugin. -->","yoast_head_json":{"title":"V\u00cdDEO - 'Rolezinho' acaba em vandalismo em Caraguatatuba - Litoral SP","description":"V\u00eddeos divulgados pela Pol\u00edcia Militar, na manh\u00e3 desta segunda-feira (6), mostram o 'rolezinho' que virou vandalismo em Caraguatatuba.","robots":{"index":"index","follow":"follow","max-snippet":"max-snippet:-1","max-image-preview":"max-image-preview:large","max-video-preview":"max-video-preview:-1"},"canonical":"https:\/\/redenoticiaz.com.br\/litoralsp\/2021\/09\/06\/video-rolezinho-acaba-em-vandalismo-em-caraguatatuba","og_locale":"pt_BR","og_type":"article","og_title":"V\u00cdDEO - 'Rolezinho' acaba em vandalismo em Caraguatatuba - Litoral SP","og_description":"V\u00eddeos divulgados pela Pol\u00edcia Militar, na manh\u00e3 desta segunda-feira (6), mostram o 'rolezinho' que virou vandalismo em Caraguatatuba.","og_url":"https:\/\/redenoticiaz.com.br\/litoralsp\/2021\/09\/06\/video-rolezinho-acaba-em-vandalismo-em-caraguatatuba","og_site_name":"Litoral SP","article_published_time":"2021-09-06T13:24:43+00:00","og_image":[{"width":700,"height":525,"url":"https:\/\/redenoticiaz.com.br\/litoralsp\/wp-content\/uploads\/sites\/3\/2021\/09\/239606876_2387405324725756_6855143589449938329_n.jpg","type":"image\/jpeg"}],"twitter_card":"summary_large_image","twitter_misc":{"Escrito por":"","Est. tempo de leitura":"1 minuto"},"schema":{"@context":"https:\/\/schema.org","@graph":[{"@type":"Article","@id":"https:\/\/redenoticiaz.com.br\/litoralsp\/2021\/09\/06\/video-rolezinho-acaba-em-vandalismo-em-caraguatatuba#article","isPartOf":{"@id":"https:\/\/redenoticiaz.com.br\/litoralsp\/2021\/09\/06\/video-rolezinho-acaba-em-vandalismo-em-caraguatatuba"},"author":{"name":"","@id":""},"headline":"V\u00cdDEO &#8211; &#8216;Rolezinho&#8217; acaba em vandalismo em Caraguatatuba","datePublished":"2021-09-06T13:24:43+00:00","mainEntityOfPage":{"@id":"https:\/\/redenoticiaz.com.br\/litoralsp\/2021\/09\/06\/video-rolezinho-acaba-em-vandalismo-em-caraguatatuba"},"wordCount":170,"commentCount":0,"publisher":{"@id":"https:\/\/redenoticiaz.com.br\/litoralsp\/#organization"},"image":{"@id":"https:\/\/redenoticiaz.com.br\/litoralsp\/2021\/09\/06\/video-rolezinho-acaba-em-vandalismo-em-caraguatatuba#primaryimage"},"thumbnailUrl":"https:\/\/redenoticiaz.com.br\/litoralsp\/wp-content\/uploads\/sites\/3\/2021\/09\/239606876_2387405324725756_6855143589449938329_n.jpg","keywords":["CARAGUATATUBA","JOVENS","Pol\u00edcia","ROLEZINHO","VANDALISMO","VANDALOS"],"articleSection":["Caraguatatuba","Pol\u00edcia"],"inLanguage":"pt-BR","potentialAction":[{"@type":"CommentAction","name":"Comment","target":["https:\/\/redenoticiaz.com.br\/litoralsp\/2021\/09\/06\/video-rolezinho-acaba-em-vandalismo-em-caraguatatuba#respond"]}]},{"@type":"WebPage","@id":"https:\/\/redenoticiaz.com.br\/litoralsp\/2021\/09\/06\/video-rolezinho-acaba-em-vandalismo-em-caraguatatuba","url":"https:\/\/redenoticiaz.com.br\/litoralsp\/2021\/09\/06\/video-rolezinho-acaba-em-vandalismo-em-caraguatatuba","name":"V\u00cdDEO - 'Rolezinho' acaba em vandalismo em Caraguatatuba - Litoral SP","isPartOf":{"@id":"https:\/\/redenoticiaz.com.br\/litoralsp\/#website"},"primaryImageOfPage":{"@id":"https:\/\/redenoticiaz.com.br\/litoralsp\/2021\/09\/06\/video-rolezinho-acaba-em-vandalismo-em-caraguatatuba#primaryimage"},"image":{"@id":"https:\/\/redenoticiaz.com.br\/litoralsp\/2021\/09\/06\/video-rolezinho-acaba-em-vandalismo-em-caraguatatuba#primaryimage"},"thumbnailUrl":"https:\/\/redenoticiaz.com.br\/litoralsp\/wp-content\/uploads\/sites\/3\/2021\/09\/239606876_2387405324725756_6855143589449938329_n.jpg","datePublished":"2021-09-06T13:24:43+00:00","description":"V\u00eddeos divulgados pela Pol\u00edcia Militar, na manh\u00e3 desta segunda-feira (6), mostram o 'rolezinho' que virou vandalismo em Caraguatatuba.","inLanguage":"pt-BR","potentialAction":[{"@type":"ReadAction","target":["https:\/\/redenoticiaz.com.br\/litoralsp\/2021\/09\/06\/video-rolezinho-acaba-em-vandalismo-em-caraguatatuba"]}]},{"@type":"ImageObject","inLanguage":"pt-BR","@id":"https:\/\/redenoticiaz.com.br\/litoralsp\/2021\/09\/06\/video-rolezinho-acaba-em-vandalismo-em-caraguatatuba#primaryimage","url":"https:\/\/redenoticiaz.com.br\/litoralsp\/wp-content\/uploads\/sites\/3\/2021\/09\/239606876_2387405324725756_6855143589449938329_n.jpg","contentUrl":"https:\/\/redenoticiaz.com.br\/litoralsp\/wp-content\/uploads\/sites\/3\/2021\/09\/239606876_2387405324725756_6855143589449938329_n.jpg","width":700,"height":525,"caption":"Foto: Pol\u00edcia Militar."},{"@type":"WebSite","@id":"https:\/\/redenoticiaz.com.br\/litoralsp\/#website","url":"https:\/\/redenoticiaz.com.br\/litoralsp\/","name":"Litoral SP","description":"Rede NoticiaZ","publisher":{"@id":"https:\/\/redenoticiaz.com.br\/litoralsp\/#organization"},"potentialAction":[{"@type":"SearchAction","target":{"@type":"EntryPoint","urlTemplate":"https:\/\/redenoticiaz.com.br\/litoralsp\/?s={search_term_string}"},"query-input":{"@type":"PropertyValueSpecification","valueRequired":true,"valueName":"search_term_string"}}],"inLanguage":"pt-BR"},{"@type":"Organization","@id":"https:\/\/redenoticiaz.com.br\/litoralsp\/#organization","name":"Litoral SP","url":"https:\/\/redenoticiaz.com.br\/litoralsp\/","logo":{"@type":"ImageObject","inLanguage":"pt-BR","@id":"https:\/\/redenoticiaz.com.br\/litoralsp\/#\/schema\/logo\/image\/","url":"https:\/\/redenoticiaz.com.br\/litoralsp\/wp-content\/uploads\/sites\/3\/2020\/11\/logo.jpg","contentUrl":"https:\/\/redenoticiaz.com.br\/litoralsp\/wp-content\/uploads\/sites\/3\/2020\/11\/logo.jpg","width":400,"height":250,"caption":"Litoral SP"},"image":{"@id":"https:\/\/redenoticiaz.com.br\/litoralsp\/#\/schema\/logo\/image\/"}},{"@type":"Person","@id":"","url":"https:\/\/redenoticiaz.com.br\/litoralsp\/author"}]}},"_links":{"self":[{"href":"https:\/\/redenoticiaz.com.br\/litoralsp\/wp-json\/wp\/v2\/posts\/14062","targetHints":{"allow":["GET"]}}],"collection":[{"href":"https:\/\/redenoticiaz.com.br\/litoralsp\/wp-json\/wp\/v2\/posts"}],"about":[{"href":"https:\/\/redenoticiaz.com.br\/litoralsp\/wp-json\/wp\/v2\/types\/post"}],"author":[{"embeddable":true,"href":"https:\/\/redenoticiaz.com.br\/litoralsp\/wp-json\/wp\/v2\/users\/11"}],"replies":[{"embeddable":true,"href":"https:\/\/redenoticiaz.com.br\/litoralsp\/wp-json\/wp\/v2\/comments?post=14062"}],"version-history":[{"count":1,"href":"https:\/\/redenoticiaz.com.br\/litoralsp\/wp-json\/wp\/v2\/posts\/14062\/revisions"}],"predecessor-version":[{"id":14065,"href":"https:\/\/redenoticiaz.com.br\/litoralsp\/wp-json\/wp\/v2\/posts\/14062\/revisions\/14065"}],"wp:featuredmedia":[{"embeddable":true,"href":"https:\/\/redenoticiaz.com.br\/litoralsp\/wp-json\/wp\/v2\/media\/14064"}],"wp:attachment":[{"href":"https:\/\/redenoticiaz.com.br\/litoralsp\/wp-json\/wp\/v2\/media?parent=14062"}],"wp:term":[{"taxonomy":"category","embeddable":true,"href":"https:\/\/redenoticiaz.com.br\/litoralsp\/wp-json\/wp\/v2\/categories?post=14062"},{"taxonomy":"post_tag","embeddable":true,"href":"https:\/\/redenoticiaz.com.br\/litoralsp\/wp-json\/wp\/v2\/tags?post=14062"}],"curies":[{"name":"wp","href":"https:\/\/api.w.org\/{rel}","templated":true}]}}