{"id":14334,"date":"2021-09-10T15:39:15","date_gmt":"2021-09-10T18:39:15","guid":{"rendered":"https:\/\/redenoticiaz.com.br\/litoralsp\/2021\/09\/10\/fim-da-historia-de-daniel-alves-no-sao-paulo-clube-informa-que-atleta-nao-joga-mais"},"modified":"2021-09-10T15:42:47","modified_gmt":"2021-09-10T18:42:47","slug":"fim-da-historia-de-daniel-alves-no-sao-paulo-clube-informa-que-atleta-nao-joga-mais","status":"publish","type":"post","link":"https:\/\/redenoticiaz.com.br\/litoralsp\/2021\/09\/10\/fim-da-historia-de-daniel-alves-no-sao-paulo-clube-informa-que-atleta-nao-joga-mais","title":{"rendered":"Fim da hist\u00f3ria de Daniel Alves no S\u00e3o Paulo? Clube informa que atleta n\u00e3o joga mais"},"content":{"rendered":"<p><strong>Daniel Alves<\/strong> voltou da Sele\u00e7\u00e3o Brasileira para o <a href=\"http:\/\/www.saopaulofc.net\/\">S\u00e3o Paulo<\/a>. Mas ele n\u00e3o se reapresentou nesta sexta-feira (10) e informou que n\u00e3o vai jogar, enquanto a d\u00edvida que o clube tem n\u00e3o for paga. O Tricolor informou nas redes sociais que o atleta n\u00e3o vai mais jogar no clube. A d\u00edvida \u00e9 de R$ 11 milh\u00f5es.<\/p>\n<p>&#8220;Daniel Alves e Miranda estavam servindo a sele\u00e7\u00e3o brasileira e deveriam se apresentar hoje para come\u00e7arem os treinamentos normais visando os pr\u00f3ximos jogos. Miranda compareceu, treinou normalmente. Daniel Alves n\u00e3o compareceu. Fomos comunicados pelos representares que o Daniel Alves n\u00e3o retornar\u00e1 ao S\u00e3o Paulo at\u00e9 o ajuste da d\u00edvida financeira que o S\u00e3o Paulo tem com o atleta. D\u00edvida essa que o S\u00e3o Paulo reconhece e na \u00faltima semana fez uma proposta buscando o acerto, que n\u00e3o foi aceita pelos representantes. A negocia\u00e7\u00e3o seguir\u00e1 com o departamento jur\u00eddico e financeiro&#8221;, afirmou o diretor de futebol Carlos Belmonte, em v\u00eddeo divulgado pelo clube.<\/p>\n<div class=\"mc-column content-text active-extra-styles \" data-block-type=\"unstyled\" data-block-weight=\"46\" data-block-id=\"4\">\n<p class=\"content-text__container \" data-track-category=\"Link no Texto\" data-track-links=\"\"><span class=\"highlight highlighted\">&#8220;Do ponto de vista do departamento de futebol, n\u00f3s comunicamos, tomamos a decis\u00e3o e comunicamos ao Hern\u00e1n Crespo que Daniel Alves n\u00e3o estar\u00e1 mais a disposi\u00e7\u00e3o para atuar no time do S\u00e3o Paulo<\/span>. O S\u00e3o Paulo \u00e9 mais importante do que todos n\u00f3s&#8221;, completou.<\/p>\n<h3 data-track-category=\"Link no Texto\">Entenda a crise<\/h3>\n<p>Daniel Alves foi contratado pelo S\u00e3o Paulo em 2019 e passou a ganhar um sal\u00e1rio de R$ 1,5 milh\u00e3o por m\u00eas. A expectativa da gest\u00e3o passada, presidida por Carlos Augusto de Barros e Silva, o Leco, era ter parceiros para ajudar a bancar os vencimentos, mas isso nunca aconteceu.<\/p>\n<div class=\"mc-column content-text active-extra-styles \" data-block-type=\"unstyled\" data-block-weight=\"39\" data-block-id=\"9\">\n<p class=\"content-text__container \" data-track-category=\"Link no Texto\" data-track-links=\"\">Por conta da pandemia do novo coronav\u00edrus, o clube fez corte em parte dos sal\u00e1rios dos jogadores, inclusive Daniel Alves. No acordo, ficou decidido que o montante seria quitado posteriormente, o aumentou ainda mais a d\u00edvida com o atleta.<\/p>\n<\/div>\n<div class=\"mc-column content-text active-extra-styles \" data-block-type=\"unstyled\" data-block-weight=\"46\" data-block-id=\"10\">\n<p class=\"content-text__container \" data-track-category=\"Link no Texto\" data-track-links=\"\">Ap\u00f3s os Jogos Ol\u00edmpicos de T\u00f3quio,\u00a0Daniel Alves exp\u00f4s publicamente a insatisfa\u00e7\u00e3o com os atrasos. Ele disse que nunca tinha falhado com o S\u00e3o Paulo, mas que o clube j\u00e1 tinha falhado com ele. Desde ent\u00e3o, a rela\u00e7\u00e3o entre clube e jogador ficou completamente abalada.<\/p>\n<\/div>\n<div class=\"mc-column content-text active-extra-styles \" data-block-type=\"unstyled\" data-block-weight=\"25\" data-block-id=\"12\">\n<p class=\"content-text__container \" data-track-category=\"Link no Texto\" data-track-links=\"\">Embora tenha atuado normalmente ap\u00f3s retornar da sele\u00e7\u00e3o ol\u00edmpica, as cr\u00edticas da torcida reca\u00edam sempre sobre Daniel Alves. A sua situa\u00e7\u00e3o come\u00e7ou a ficar insustent\u00e1vel.<\/p>\n<\/div>\n<div class=\"mc-column content-text active-extra-styles \" data-block-type=\"unstyled\" data-block-weight=\"41\" data-block-id=\"13\">\n<p class=\"content-text__container \" data-track-category=\"Link no Texto\" data-track-links=\"\">O S\u00e3o Paulo e os representantes do atleta come\u00e7aram a conversar por um acordo dos mais de R$ 11 milh\u00f5es devidos. Daniel Alves e os empres\u00e1rios n\u00e3o aceitaram a proposta e agora passam a decidir qual ser\u00e1 o futuro do jogador.<\/p>\n<h3 data-track-category=\"Link no Texto\">Futuro de Daniel Alves<\/h3>\n<p>Com a camisa do S\u00e3o Paulo, Daniel Alves jogou 95 partidas e marcou dez gols. S\u00e3o-paulino declarado, ele deixa o Tricolor com a conquista do Campeonato Paulista deste ano.<\/p>\n<div class=\"mc-column content-text active-extra-styles \" data-block-type=\"unstyled\" data-block-weight=\"27\" data-block-id=\"16\">\n<p class=\"content-text__container \" data-track-category=\"Link no Texto\" data-track-links=\"\">J\u00e1 pelo Campeonato Brasileiro deste ano, Dani fez seis jogos disputados. Portanto o lateral-direito ainda pode ser negociado com equipes nacionais. N\u00e3o h\u00e1, at\u00e9 o momento, sinaliza\u00e7\u00e3o de interessados no jogador. Para a lateral direita, Hern\u00e1n Crespo tem \u00e0 disposi\u00e7\u00e3o Igor Vinicius e Orejuela. Ambos ainda n\u00e3o conseguiram ter bons desempenhos nesta temporada. Com a janela de transfer\u00eancias fechada, o Tricolor n\u00e3o deve contratar um novo nome.<\/p>\n<p data-track-category=\"Link no Texto\" data-track-links=\"\"><strong>LEIA TAMB\u00c9M<\/strong><\/p>\n<p data-track-category=\"Link no Texto\" data-track-links=\"\"><a href=\"https:\/\/redenoticiaz.com.br\/blog\/2021\/09\/10\/brasil-vence-o-peru-e-mantem-100-de-aproveitamento-nas-eliminatorias-da-copa\">Brasil vence o Peru e mant\u00e9m 100% de aproveitamento nas Eliminat\u00f3rias da Copa<\/a><\/p>\n<\/div>\n<\/div>\n<\/div>\n","protected":false},"excerpt":{"rendered":"<p>Daniel Alves voltou da Sele\u00e7\u00e3o Brasileira para o S\u00e3o Paulo. Mas ele n\u00e3o se reapresentou nesta sexta-feira (10) e informou que n\u00e3o vai jogar, enquanto a d\u00edvida que o clube tem n\u00e3o for paga. O Tricolor informou nas redes sociais que o atleta n\u00e3o vai mais jogar no clube. A d\u00edvida \u00e9 de R$ 11 &hellip;<\/p>\n","protected":false},"author":6,"featured_media":14335,"comment_status":"open","ping_status":"closed","sticky":false,"template":"","format":"standard","meta":{"footnotes":""},"categories":[35],"tags":[23339,31590,33703,10713,10557,33704],"class_list":["post-14334","post","type-post","status-publish","format-standard","has-post-thumbnail","hentry","category-esporte","tag-daniel-alves","tag-dividas","tag-fim-da-carreira","tag-polemica","tag-sao-paulo-fc","tag-tricolor-paulista"],"yoast_head":"<!-- This site is optimized with the Yoast SEO plugin v27.5 - https:\/\/yoast.com\/product\/yoast-seo-wordpress\/ -->\n<title>Fim da hist\u00f3ria de Daniel Alves no S\u00e3o Paulo? Clube informa que atleta n\u00e3o joga mais - Litoral SP<\/title>\n<meta name=\"description\" content=\"Daniel Alves voltou da Sele\u00e7\u00e3o Brasileira para o S\u00e3o Paulo. Mas ele n\u00e3o se reapresentou nesta sexta-feira (10) e informou que n\u00e3o vai jogar,\" \/>\n<meta name=\"robots\" content=\"index, follow, max-snippet:-1, max-image-preview:large, max-video-preview:-1\" \/>\n<link rel=\"canonical\" href=\"https:\/\/redenoticiaz.com.br\/litoralsp\/2021\/09\/10\/fim-da-historia-de-daniel-alves-no-sao-paulo-clube-informa-que-atleta-nao-joga-mais\" \/>\n<meta property=\"og:locale\" content=\"pt_BR\" \/>\n<meta property=\"og:type\" content=\"article\" \/>\n<meta property=\"og:title\" content=\"Fim da hist\u00f3ria de Daniel Alves no S\u00e3o Paulo? Clube informa que atleta n\u00e3o joga mais - Litoral SP\" \/>\n<meta property=\"og:description\" content=\"Daniel Alves voltou da Sele\u00e7\u00e3o Brasileira para o S\u00e3o Paulo. Mas ele n\u00e3o se reapresentou nesta sexta-feira (10) e informou que n\u00e3o vai jogar,\" \/>\n<meta property=\"og:url\" content=\"https:\/\/redenoticiaz.com.br\/litoralsp\/2021\/09\/10\/fim-da-historia-de-daniel-alves-no-sao-paulo-clube-informa-que-atleta-nao-joga-mais\" \/>\n<meta property=\"og:site_name\" content=\"Litoral SP\" \/>\n<meta property=\"article:published_time\" content=\"2021-09-10T18:39:15+00:00\" \/>\n<meta property=\"article:modified_time\" content=\"2021-09-10T18:42:47+00:00\" \/>\n<meta property=\"og:image\" content=\"https:\/\/redenoticiaz.com.br\/litoralsp\/wp-content\/uploads\/sites\/3\/2021\/09\/dani-alves-2-600x400-1.jpg\" \/>\n\t<meta property=\"og:image:width\" content=\"600\" \/>\n\t<meta property=\"og:image:height\" content=\"400\" \/>\n\t<meta property=\"og:image:type\" content=\"image\/jpeg\" \/>\n<meta name=\"author\" content=\"Leonardo Francisco\" \/>\n<meta name=\"twitter:card\" content=\"summary_large_image\" \/>\n<meta name=\"twitter:label1\" content=\"Escrito por\" \/>\n\t<meta name=\"twitter:data1\" content=\"Leonardo Francisco\" \/>\n\t<meta name=\"twitter:label2\" content=\"Est. tempo de leitura\" \/>\n\t<meta name=\"twitter:data2\" content=\"3 minutos\" \/>\n<script type=\"application\/ld+json\" class=\"yoast-schema-graph\">{\"@context\":\"https:\\\/\\\/schema.org\",\"@graph\":[{\"@type\":\"Article\",\"@id\":\"https:\\\/\\\/redenoticiaz.com.br\\\/litoralsp\\\/2021\\\/09\\\/10\\\/fim-da-historia-de-daniel-alves-no-sao-paulo-clube-informa-que-atleta-nao-joga-mais#article\",\"isPartOf\":{\"@id\":\"https:\\\/\\\/redenoticiaz.com.br\\\/litoralsp\\\/2021\\\/09\\\/10\\\/fim-da-historia-de-daniel-alves-no-sao-paulo-clube-informa-que-atleta-nao-joga-mais\"},\"author\":{\"name\":\"Leonardo Francisco\",\"@id\":\"https:\\\/\\\/redenoticiaz.com.br\\\/litoralsp\\\/#\\\/schema\\\/person\\\/0f0b8a5bdafefe82841e07ae8d81ecb3\"},\"headline\":\"Fim da hist\u00f3ria de Daniel Alves no S\u00e3o Paulo? Clube informa que atleta n\u00e3o joga mais\",\"datePublished\":\"2021-09-10T18:39:15+00:00\",\"dateModified\":\"2021-09-10T18:42:47+00:00\",\"mainEntityOfPage\":{\"@id\":\"https:\\\/\\\/redenoticiaz.com.br\\\/litoralsp\\\/2021\\\/09\\\/10\\\/fim-da-historia-de-daniel-alves-no-sao-paulo-clube-informa-que-atleta-nao-joga-mais\"},\"wordCount\":600,\"commentCount\":0,\"publisher\":{\"@id\":\"https:\\\/\\\/redenoticiaz.com.br\\\/litoralsp\\\/#organization\"},\"image\":{\"@id\":\"https:\\\/\\\/redenoticiaz.com.br\\\/litoralsp\\\/2021\\\/09\\\/10\\\/fim-da-historia-de-daniel-alves-no-sao-paulo-clube-informa-que-atleta-nao-joga-mais#primaryimage\"},\"thumbnailUrl\":\"https:\\\/\\\/redenoticiaz.com.br\\\/litoralsp\\\/wp-content\\\/uploads\\\/sites\\\/3\\\/2021\\\/09\\\/dani-alves-2-600x400-1.jpg\",\"keywords\":[\"DANIEL ALVES\",\"D\u00edvidas\",\"FIM DA CARREIRA\",\"POL\u00caMICA\",\"S\u00c3O PAULO FC\",\"TRICOLOR PAULISTA\"],\"articleSection\":[\"Esporte\"],\"inLanguage\":\"pt-BR\",\"potentialAction\":[{\"@type\":\"CommentAction\",\"name\":\"Comment\",\"target\":[\"https:\\\/\\\/redenoticiaz.com.br\\\/litoralsp\\\/2021\\\/09\\\/10\\\/fim-da-historia-de-daniel-alves-no-sao-paulo-clube-informa-que-atleta-nao-joga-mais#respond\"]}]},{\"@type\":\"WebPage\",\"@id\":\"https:\\\/\\\/redenoticiaz.com.br\\\/litoralsp\\\/2021\\\/09\\\/10\\\/fim-da-historia-de-daniel-alves-no-sao-paulo-clube-informa-que-atleta-nao-joga-mais\",\"url\":\"https:\\\/\\\/redenoticiaz.com.br\\\/litoralsp\\\/2021\\\/09\\\/10\\\/fim-da-historia-de-daniel-alves-no-sao-paulo-clube-informa-que-atleta-nao-joga-mais\",\"name\":\"Fim da hist\u00f3ria de Daniel Alves no S\u00e3o Paulo? Clube informa que atleta n\u00e3o joga mais - Litoral SP\",\"isPartOf\":{\"@id\":\"https:\\\/\\\/redenoticiaz.com.br\\\/litoralsp\\\/#website\"},\"primaryImageOfPage\":{\"@id\":\"https:\\\/\\\/redenoticiaz.com.br\\\/litoralsp\\\/2021\\\/09\\\/10\\\/fim-da-historia-de-daniel-alves-no-sao-paulo-clube-informa-que-atleta-nao-joga-mais#primaryimage\"},\"image\":{\"@id\":\"https:\\\/\\\/redenoticiaz.com.br\\\/litoralsp\\\/2021\\\/09\\\/10\\\/fim-da-historia-de-daniel-alves-no-sao-paulo-clube-informa-que-atleta-nao-joga-mais#primaryimage\"},\"thumbnailUrl\":\"https:\\\/\\\/redenoticiaz.com.br\\\/litoralsp\\\/wp-content\\\/uploads\\\/sites\\\/3\\\/2021\\\/09\\\/dani-alves-2-600x400-1.jpg\",\"datePublished\":\"2021-09-10T18:39:15+00:00\",\"dateModified\":\"2021-09-10T18:42:47+00:00\",\"description\":\"Daniel Alves voltou da Sele\u00e7\u00e3o Brasileira para o S\u00e3o Paulo. Mas ele n\u00e3o se reapresentou nesta sexta-feira (10) e informou que n\u00e3o vai jogar,\",\"inLanguage\":\"pt-BR\",\"potentialAction\":[{\"@type\":\"ReadAction\",\"target\":[\"https:\\\/\\\/redenoticiaz.com.br\\\/litoralsp\\\/2021\\\/09\\\/10\\\/fim-da-historia-de-daniel-alves-no-sao-paulo-clube-informa-que-atleta-nao-joga-mais\"]}]},{\"@type\":\"ImageObject\",\"inLanguage\":\"pt-BR\",\"@id\":\"https:\\\/\\\/redenoticiaz.com.br\\\/litoralsp\\\/2021\\\/09\\\/10\\\/fim-da-historia-de-daniel-alves-no-sao-paulo-clube-informa-que-atleta-nao-joga-mais#primaryimage\",\"url\":\"https:\\\/\\\/redenoticiaz.com.br\\\/litoralsp\\\/wp-content\\\/uploads\\\/sites\\\/3\\\/2021\\\/09\\\/dani-alves-2-600x400-1.jpg\",\"contentUrl\":\"https:\\\/\\\/redenoticiaz.com.br\\\/litoralsp\\\/wp-content\\\/uploads\\\/sites\\\/3\\\/2021\\\/09\\\/dani-alves-2-600x400-1.jpg\",\"width\":600,\"height\":400,\"caption\":\"Jogador pode defender outro clube brasileiro ou acertar a pend\u00eancia salarial e permanecer no Tricolor.\"},{\"@type\":\"WebSite\",\"@id\":\"https:\\\/\\\/redenoticiaz.com.br\\\/litoralsp\\\/#website\",\"url\":\"https:\\\/\\\/redenoticiaz.com.br\\\/litoralsp\\\/\",\"name\":\"Litoral SP\",\"description\":\"Rede NoticiaZ\",\"publisher\":{\"@id\":\"https:\\\/\\\/redenoticiaz.com.br\\\/litoralsp\\\/#organization\"},\"potentialAction\":[{\"@type\":\"SearchAction\",\"target\":{\"@type\":\"EntryPoint\",\"urlTemplate\":\"https:\\\/\\\/redenoticiaz.com.br\\\/litoralsp\\\/?s={search_term_string}\"},\"query-input\":{\"@type\":\"PropertyValueSpecification\",\"valueRequired\":true,\"valueName\":\"search_term_string\"}}],\"inLanguage\":\"pt-BR\"},{\"@type\":\"Organization\",\"@id\":\"https:\\\/\\\/redenoticiaz.com.br\\\/litoralsp\\\/#organization\",\"name\":\"Litoral SP\",\"url\":\"https:\\\/\\\/redenoticiaz.com.br\\\/litoralsp\\\/\",\"logo\":{\"@type\":\"ImageObject\",\"inLanguage\":\"pt-BR\",\"@id\":\"https:\\\/\\\/redenoticiaz.com.br\\\/litoralsp\\\/#\\\/schema\\\/logo\\\/image\\\/\",\"url\":\"https:\\\/\\\/redenoticiaz.com.br\\\/litoralsp\\\/wp-content\\\/uploads\\\/sites\\\/3\\\/2020\\\/11\\\/logo.jpg\",\"contentUrl\":\"https:\\\/\\\/redenoticiaz.com.br\\\/litoralsp\\\/wp-content\\\/uploads\\\/sites\\\/3\\\/2020\\\/11\\\/logo.jpg\",\"width\":400,\"height\":250,\"caption\":\"Litoral SP\"},\"image\":{\"@id\":\"https:\\\/\\\/redenoticiaz.com.br\\\/litoralsp\\\/#\\\/schema\\\/logo\\\/image\\\/\"}},{\"@type\":\"Person\",\"@id\":\"https:\\\/\\\/redenoticiaz.com.br\\\/litoralsp\\\/#\\\/schema\\\/person\\\/0f0b8a5bdafefe82841e07ae8d81ecb3\",\"name\":\"Leonardo Francisco\",\"image\":{\"@type\":\"ImageObject\",\"inLanguage\":\"pt-BR\",\"@id\":\"https:\\\/\\\/secure.gravatar.com\\\/avatar\\\/a7358cb406a99b682ec6df1e77e31ae82e63601f6784e8a3df411d72b37864da?s=96&d=mm&r=g\",\"url\":\"https:\\\/\\\/secure.gravatar.com\\\/avatar\\\/a7358cb406a99b682ec6df1e77e31ae82e63601f6784e8a3df411d72b37864da?s=96&d=mm&r=g\",\"contentUrl\":\"https:\\\/\\\/secure.gravatar.com\\\/avatar\\\/a7358cb406a99b682ec6df1e77e31ae82e63601f6784e8a3df411d72b37864da?s=96&d=mm&r=g\",\"caption\":\"Leonardo Francisco\"},\"url\":\"https:\\\/\\\/redenoticiaz.com.br\\\/litoralsp\\\/author\\\/leonardo-francisco\"}]}<\/script>\n<!-- \/ Yoast SEO plugin. -->","yoast_head_json":{"title":"Fim da hist\u00f3ria de Daniel Alves no S\u00e3o Paulo? Clube informa que atleta n\u00e3o joga mais - Litoral SP","description":"Daniel Alves voltou da Sele\u00e7\u00e3o Brasileira para o S\u00e3o Paulo. Mas ele n\u00e3o se reapresentou nesta sexta-feira (10) e informou que n\u00e3o vai jogar,","robots":{"index":"index","follow":"follow","max-snippet":"max-snippet:-1","max-image-preview":"max-image-preview:large","max-video-preview":"max-video-preview:-1"},"canonical":"https:\/\/redenoticiaz.com.br\/litoralsp\/2021\/09\/10\/fim-da-historia-de-daniel-alves-no-sao-paulo-clube-informa-que-atleta-nao-joga-mais","og_locale":"pt_BR","og_type":"article","og_title":"Fim da hist\u00f3ria de Daniel Alves no S\u00e3o Paulo? Clube informa que atleta n\u00e3o joga mais - Litoral SP","og_description":"Daniel Alves voltou da Sele\u00e7\u00e3o Brasileira para o S\u00e3o Paulo. Mas ele n\u00e3o se reapresentou nesta sexta-feira (10) e informou que n\u00e3o vai jogar,","og_url":"https:\/\/redenoticiaz.com.br\/litoralsp\/2021\/09\/10\/fim-da-historia-de-daniel-alves-no-sao-paulo-clube-informa-que-atleta-nao-joga-mais","og_site_name":"Litoral SP","article_published_time":"2021-09-10T18:39:15+00:00","article_modified_time":"2021-09-10T18:42:47+00:00","og_image":[{"width":600,"height":400,"url":"https:\/\/redenoticiaz.com.br\/litoralsp\/wp-content\/uploads\/sites\/3\/2021\/09\/dani-alves-2-600x400-1.jpg","type":"image\/jpeg"}],"author":"Leonardo Francisco","twitter_card":"summary_large_image","twitter_misc":{"Escrito por":"Leonardo Francisco","Est. tempo de leitura":"3 minutos"},"schema":{"@context":"https:\/\/schema.org","@graph":[{"@type":"Article","@id":"https:\/\/redenoticiaz.com.br\/litoralsp\/2021\/09\/10\/fim-da-historia-de-daniel-alves-no-sao-paulo-clube-informa-que-atleta-nao-joga-mais#article","isPartOf":{"@id":"https:\/\/redenoticiaz.com.br\/litoralsp\/2021\/09\/10\/fim-da-historia-de-daniel-alves-no-sao-paulo-clube-informa-que-atleta-nao-joga-mais"},"author":{"name":"Leonardo Francisco","@id":"https:\/\/redenoticiaz.com.br\/litoralsp\/#\/schema\/person\/0f0b8a5bdafefe82841e07ae8d81ecb3"},"headline":"Fim da hist\u00f3ria de Daniel Alves no S\u00e3o Paulo? Clube informa que atleta n\u00e3o joga mais","datePublished":"2021-09-10T18:39:15+00:00","dateModified":"2021-09-10T18:42:47+00:00","mainEntityOfPage":{"@id":"https:\/\/redenoticiaz.com.br\/litoralsp\/2021\/09\/10\/fim-da-historia-de-daniel-alves-no-sao-paulo-clube-informa-que-atleta-nao-joga-mais"},"wordCount":600,"commentCount":0,"publisher":{"@id":"https:\/\/redenoticiaz.com.br\/litoralsp\/#organization"},"image":{"@id":"https:\/\/redenoticiaz.com.br\/litoralsp\/2021\/09\/10\/fim-da-historia-de-daniel-alves-no-sao-paulo-clube-informa-que-atleta-nao-joga-mais#primaryimage"},"thumbnailUrl":"https:\/\/redenoticiaz.com.br\/litoralsp\/wp-content\/uploads\/sites\/3\/2021\/09\/dani-alves-2-600x400-1.jpg","keywords":["DANIEL ALVES","D\u00edvidas","FIM DA CARREIRA","POL\u00caMICA","S\u00c3O PAULO FC","TRICOLOR PAULISTA"],"articleSection":["Esporte"],"inLanguage":"pt-BR","potentialAction":[{"@type":"CommentAction","name":"Comment","target":["https:\/\/redenoticiaz.com.br\/litoralsp\/2021\/09\/10\/fim-da-historia-de-daniel-alves-no-sao-paulo-clube-informa-que-atleta-nao-joga-mais#respond"]}]},{"@type":"WebPage","@id":"https:\/\/redenoticiaz.com.br\/litoralsp\/2021\/09\/10\/fim-da-historia-de-daniel-alves-no-sao-paulo-clube-informa-que-atleta-nao-joga-mais","url":"https:\/\/redenoticiaz.com.br\/litoralsp\/2021\/09\/10\/fim-da-historia-de-daniel-alves-no-sao-paulo-clube-informa-que-atleta-nao-joga-mais","name":"Fim da hist\u00f3ria de Daniel Alves no S\u00e3o Paulo? Clube informa que atleta n\u00e3o joga mais - Litoral SP","isPartOf":{"@id":"https:\/\/redenoticiaz.com.br\/litoralsp\/#website"},"primaryImageOfPage":{"@id":"https:\/\/redenoticiaz.com.br\/litoralsp\/2021\/09\/10\/fim-da-historia-de-daniel-alves-no-sao-paulo-clube-informa-que-atleta-nao-joga-mais#primaryimage"},"image":{"@id":"https:\/\/redenoticiaz.com.br\/litoralsp\/2021\/09\/10\/fim-da-historia-de-daniel-alves-no-sao-paulo-clube-informa-que-atleta-nao-joga-mais#primaryimage"},"thumbnailUrl":"https:\/\/redenoticiaz.com.br\/litoralsp\/wp-content\/uploads\/sites\/3\/2021\/09\/dani-alves-2-600x400-1.jpg","datePublished":"2021-09-10T18:39:15+00:00","dateModified":"2021-09-10T18:42:47+00:00","description":"Daniel Alves voltou da Sele\u00e7\u00e3o Brasileira para o S\u00e3o Paulo. Mas ele n\u00e3o se reapresentou nesta sexta-feira (10) e informou que n\u00e3o vai jogar,","inLanguage":"pt-BR","potentialAction":[{"@type":"ReadAction","target":["https:\/\/redenoticiaz.com.br\/litoralsp\/2021\/09\/10\/fim-da-historia-de-daniel-alves-no-sao-paulo-clube-informa-que-atleta-nao-joga-mais"]}]},{"@type":"ImageObject","inLanguage":"pt-BR","@id":"https:\/\/redenoticiaz.com.br\/litoralsp\/2021\/09\/10\/fim-da-historia-de-daniel-alves-no-sao-paulo-clube-informa-que-atleta-nao-joga-mais#primaryimage","url":"https:\/\/redenoticiaz.com.br\/litoralsp\/wp-content\/uploads\/sites\/3\/2021\/09\/dani-alves-2-600x400-1.jpg","contentUrl":"https:\/\/redenoticiaz.com.br\/litoralsp\/wp-content\/uploads\/sites\/3\/2021\/09\/dani-alves-2-600x400-1.jpg","width":600,"height":400,"caption":"Jogador pode defender outro clube brasileiro ou acertar a pend\u00eancia salarial e permanecer no Tricolor."},{"@type":"WebSite","@id":"https:\/\/redenoticiaz.com.br\/litoralsp\/#website","url":"https:\/\/redenoticiaz.com.br\/litoralsp\/","name":"Litoral SP","description":"Rede NoticiaZ","publisher":{"@id":"https:\/\/redenoticiaz.com.br\/litoralsp\/#organization"},"potentialAction":[{"@type":"SearchAction","target":{"@type":"EntryPoint","urlTemplate":"https:\/\/redenoticiaz.com.br\/litoralsp\/?s={search_term_string}"},"query-input":{"@type":"PropertyValueSpecification","valueRequired":true,"valueName":"search_term_string"}}],"inLanguage":"pt-BR"},{"@type":"Organization","@id":"https:\/\/redenoticiaz.com.br\/litoralsp\/#organization","name":"Litoral SP","url":"https:\/\/redenoticiaz.com.br\/litoralsp\/","logo":{"@type":"ImageObject","inLanguage":"pt-BR","@id":"https:\/\/redenoticiaz.com.br\/litoralsp\/#\/schema\/logo\/image\/","url":"https:\/\/redenoticiaz.com.br\/litoralsp\/wp-content\/uploads\/sites\/3\/2020\/11\/logo.jpg","contentUrl":"https:\/\/redenoticiaz.com.br\/litoralsp\/wp-content\/uploads\/sites\/3\/2020\/11\/logo.jpg","width":400,"height":250,"caption":"Litoral SP"},"image":{"@id":"https:\/\/redenoticiaz.com.br\/litoralsp\/#\/schema\/logo\/image\/"}},{"@type":"Person","@id":"https:\/\/redenoticiaz.com.br\/litoralsp\/#\/schema\/person\/0f0b8a5bdafefe82841e07ae8d81ecb3","name":"Leonardo Francisco","image":{"@type":"ImageObject","inLanguage":"pt-BR","@id":"https:\/\/secure.gravatar.com\/avatar\/a7358cb406a99b682ec6df1e77e31ae82e63601f6784e8a3df411d72b37864da?s=96&d=mm&r=g","url":"https:\/\/secure.gravatar.com\/avatar\/a7358cb406a99b682ec6df1e77e31ae82e63601f6784e8a3df411d72b37864da?s=96&d=mm&r=g","contentUrl":"https:\/\/secure.gravatar.com\/avatar\/a7358cb406a99b682ec6df1e77e31ae82e63601f6784e8a3df411d72b37864da?s=96&d=mm&r=g","caption":"Leonardo Francisco"},"url":"https:\/\/redenoticiaz.com.br\/litoralsp\/author\/leonardo-francisco"}]}},"_links":{"self":[{"href":"https:\/\/redenoticiaz.com.br\/litoralsp\/wp-json\/wp\/v2\/posts\/14334","targetHints":{"allow":["GET"]}}],"collection":[{"href":"https:\/\/redenoticiaz.com.br\/litoralsp\/wp-json\/wp\/v2\/posts"}],"about":[{"href":"https:\/\/redenoticiaz.com.br\/litoralsp\/wp-json\/wp\/v2\/types\/post"}],"author":[{"embeddable":true,"href":"https:\/\/redenoticiaz.com.br\/litoralsp\/wp-json\/wp\/v2\/users\/6"}],"replies":[{"embeddable":true,"href":"https:\/\/redenoticiaz.com.br\/litoralsp\/wp-json\/wp\/v2\/comments?post=14334"}],"version-history":[{"count":1,"href":"https:\/\/redenoticiaz.com.br\/litoralsp\/wp-json\/wp\/v2\/posts\/14334\/revisions"}],"predecessor-version":[{"id":14336,"href":"https:\/\/redenoticiaz.com.br\/litoralsp\/wp-json\/wp\/v2\/posts\/14334\/revisions\/14336"}],"wp:featuredmedia":[{"embeddable":true,"href":"https:\/\/redenoticiaz.com.br\/litoralsp\/wp-json\/wp\/v2\/media\/14335"}],"wp:attachment":[{"href":"https:\/\/redenoticiaz.com.br\/litoralsp\/wp-json\/wp\/v2\/media?parent=14334"}],"wp:term":[{"taxonomy":"category","embeddable":true,"href":"https:\/\/redenoticiaz.com.br\/litoralsp\/wp-json\/wp\/v2\/categories?post=14334"},{"taxonomy":"post_tag","embeddable":true,"href":"https:\/\/redenoticiaz.com.br\/litoralsp\/wp-json\/wp\/v2\/tags?post=14334"}],"curies":[{"name":"wp","href":"https:\/\/api.w.org\/{rel}","templated":true}]}}