{"id":14404,"date":"2021-09-12T14:12:39","date_gmt":"2021-09-12T17:12:39","guid":{"rendered":"https:\/\/redenoticiaz.com.br\/litoralsp\/?p=14404"},"modified":"2021-09-12T14:12:39","modified_gmt":"2021-09-12T17:12:39","slug":"homem-e-preso-apos-agredir-e-ameacar-esposa","status":"publish","type":"post","link":"https:\/\/redenoticiaz.com.br\/litoralsp\/2021\/09\/12\/homem-e-preso-apos-agredir-e-ameacar-esposa","title":{"rendered":"Homem \u00e9 preso ap\u00f3s agredir e amea\u00e7ar esposa"},"content":{"rendered":"<div class=\"mc-column content-text active-extra-styles \" data-block-type=\"unstyled\" data-block-weight=\"37\" data-block-id=\"2\">\n<p class=\"content-text__container \" data-track-category=\"Link no Texto\" data-track-links=\"\">Um homem, de 49 anos,<strong> foi preso por posse ilegal de arma de fogo ap\u00f3s agredir e amea\u00e7ar a esposa<\/strong> com o armamento, em <a href=\"https:\/\/www.registro.sp.gov.br\/\">Registro<\/a>. Duas armas foram encontradas na resid\u00eancia dele.<\/p>\n<\/div>\n<div class=\"wall protected-content\">\n<div class=\"mc-column content-text active-extra-styles \" data-block-type=\"unstyled\" data-block-weight=\"59\" data-block-id=\"3\">\n<p class=\"content-text__container \" data-track-category=\"Link no Texto\" data-track-links=\"\">Segundo a Pol\u00edcia Civil, policiais da Delegacia de Defesa da Mulher (DDM) se dirigiram \u00e0 casa do suspeito, no bairro Serrote, na tarde de sexta-feira (10), ap\u00f3s o registro de uma ocorr\u00eancia por policiais militares de que um homem estaria na posse de duas armas de fogo em sua resid\u00eancia e que o mesmo agredia e amea\u00e7ava sua esposa.<\/p>\n<\/div>\n<div class=\"mc-column content-text active-extra-styles \" data-block-type=\"unstyled\" data-block-weight=\"47\" data-block-id=\"4\">\n<p class=\"content-text__container \" data-track-category=\"Link no Texto\" data-track-links=\"\">As investigadoras da DDM, acompanhadas de policiais militares, foram at\u00e9 o local, onde o indiv\u00edduo autorizou a entrada da equipe. Na casa, foram localizadas uma espingarda e outra arma de fogo. Em uma sacola, foi encontrada uma grande quantidade de muni\u00e7\u00f5es e tr\u00eas potes com chumbo.<\/p>\n<\/div>\n<div class=\"mc-column content-text active-extra-styles \" data-block-type=\"unstyled\" data-block-weight=\"37\" data-block-id=\"5\">\n<p class=\"content-text__container \" data-track-category=\"Link no Texto\" data-track-links=\"\">Questionado, o homem reconheceu a propriedade das armas e muni\u00e7\u00f5es, informando que se tratavam de heran\u00e7as, e que serviam para sua prote\u00e7\u00e3o, j\u00e1 que ele reside em zona rural. Todo material apreendido foi encaminhado para per\u00edcia.<\/p>\n<\/div>\n<div class=\"mc-column content-text active-extra-styles \" data-block-type=\"unstyled\" data-block-weight=\"30\" data-block-id=\"6\">\n<p class=\"content-text__container \" data-track-category=\"Link no Texto\" data-track-links=\"\">O homem foi conduzido \u00e0 delegacia, onde foi determinada a pris\u00e3o em flagrante delito do suspeito, por posse irregular de arma de fogo. A autoridade policial segue investigando o caso.<\/p>\n<p data-track-category=\"Link no Texto\" data-track-links=\"\"><strong>LEIA TAMB\u00c9M<\/strong><\/p>\n<p data-track-category=\"Link no Texto\" data-track-links=\"\"><a href=\"https:\/\/redenoticiaz.com.br\/litoralsp\/2021\/09\/12\/homens-sao-presos-apos-furtar-portao-de-predio-em-santos\">Homens s\u00e3o presos ap\u00f3s furtar port\u00e3o de pr\u00e9dio em Santos<\/a><\/p>\n<\/div>\n<\/div>\n","protected":false},"excerpt":{"rendered":"<p>Um homem, de 49 anos, foi preso por posse ilegal de arma de fogo ap\u00f3s agredir e amea\u00e7ar a esposa com o armamento, em Registro. Duas armas foram encontradas na resid\u00eancia dele. Segundo a Pol\u00edcia Civil, policiais da Delegacia de Defesa da Mulher (DDM) se dirigiram \u00e0 casa do suspeito, no bairro Serrote, na tarde &hellip;<\/p>\n","protected":false},"author":11,"featured_media":14405,"comment_status":"open","ping_status":"closed","sticky":false,"template":"","format":"standard","meta":{"footnotes":""},"categories":[2,10],"tags":[9085,33852,6342,6733],"class_list":["post-14404","post","type-post","status-publish","format-standard","has-post-thumbnail","hentry","category-cidades","category-policia","tag-esposa","tag-homem-ameaca","tag-homem-preso","tag-registro"],"yoast_head":"<!-- This site is optimized with the Yoast SEO plugin v27.4 - https:\/\/yoast.com\/product\/yoast-seo-wordpress\/ -->\n<title>Homem \u00e9 preso ap\u00f3s agredir e amea\u00e7ar esposa - Litoral SP<\/title>\n<meta name=\"description\" content=\"Um homem, de 49 anos, foi preso por posse ilegal de arma de fogo ap\u00f3s agredir e amea\u00e7ar a esposa com o armamento, em Registro.\" \/>\n<meta name=\"robots\" content=\"index, follow, max-snippet:-1, max-image-preview:large, max-video-preview:-1\" \/>\n<link rel=\"canonical\" href=\"https:\/\/redenoticiaz.com.br\/litoralsp\/2021\/09\/12\/homem-e-preso-apos-agredir-e-ameacar-esposa\" \/>\n<meta property=\"og:locale\" content=\"pt_BR\" \/>\n<meta property=\"og:type\" content=\"article\" \/>\n<meta property=\"og:title\" content=\"Homem \u00e9 preso ap\u00f3s agredir e amea\u00e7ar esposa - Litoral SP\" \/>\n<meta property=\"og:description\" content=\"Um homem, de 49 anos, foi preso por posse ilegal de arma de fogo ap\u00f3s agredir e amea\u00e7ar a esposa com o armamento, em Registro.\" \/>\n<meta property=\"og:url\" content=\"https:\/\/redenoticiaz.com.br\/litoralsp\/2021\/09\/12\/homem-e-preso-apos-agredir-e-ameacar-esposa\" \/>\n<meta property=\"og:site_name\" content=\"Litoral SP\" \/>\n<meta property=\"article:published_time\" content=\"2021-09-12T17:12:39+00:00\" \/>\n<meta property=\"og:image\" content=\"https:\/\/redenoticiaz.com.br\/litoralsp\/wp-content\/uploads\/sites\/3\/2021\/09\/whatsapp-image-2021-09-11-at-15-30-13.jpeg\" \/>\n\t<meta property=\"og:image:width\" content=\"984\" \/>\n\t<meta property=\"og:image:height\" content=\"651\" \/>\n\t<meta property=\"og:image:type\" content=\"image\/jpeg\" \/>\n<meta name=\"twitter:card\" content=\"summary_large_image\" \/>\n<meta name=\"twitter:label1\" content=\"Escrito por\" \/>\n\t<meta name=\"twitter:data1\" content=\"\" \/>\n\t<meta name=\"twitter:label2\" content=\"Est. tempo de leitura\" \/>\n\t<meta name=\"twitter:data2\" content=\"1 minuto\" \/>\n<script type=\"application\/ld+json\" class=\"yoast-schema-graph\">{\"@context\":\"https:\\\/\\\/schema.org\",\"@graph\":[{\"@type\":\"Article\",\"@id\":\"https:\\\/\\\/redenoticiaz.com.br\\\/litoralsp\\\/2021\\\/09\\\/12\\\/homem-e-preso-apos-agredir-e-ameacar-esposa#article\",\"isPartOf\":{\"@id\":\"https:\\\/\\\/redenoticiaz.com.br\\\/litoralsp\\\/2021\\\/09\\\/12\\\/homem-e-preso-apos-agredir-e-ameacar-esposa\"},\"author\":{\"name\":\"\",\"@id\":\"\"},\"headline\":\"Homem \u00e9 preso ap\u00f3s agredir e amea\u00e7ar esposa\",\"datePublished\":\"2021-09-12T17:12:39+00:00\",\"mainEntityOfPage\":{\"@id\":\"https:\\\/\\\/redenoticiaz.com.br\\\/litoralsp\\\/2021\\\/09\\\/12\\\/homem-e-preso-apos-agredir-e-ameacar-esposa\"},\"wordCount\":241,\"commentCount\":0,\"publisher\":{\"@id\":\"https:\\\/\\\/redenoticiaz.com.br\\\/litoralsp\\\/#organization\"},\"image\":{\"@id\":\"https:\\\/\\\/redenoticiaz.com.br\\\/litoralsp\\\/2021\\\/09\\\/12\\\/homem-e-preso-apos-agredir-e-ameacar-esposa#primaryimage\"},\"thumbnailUrl\":\"https:\\\/\\\/redenoticiaz.com.br\\\/litoralsp\\\/wp-content\\\/uploads\\\/sites\\\/3\\\/2021\\\/09\\\/whatsapp-image-2021-09-11-at-15-30-13.jpeg\",\"keywords\":[\"ESPOSA\",\"HOMEM AMEA\u00c7A\",\"HOMEM PRESO\",\"REGISTRO\"],\"articleSection\":[\"Cidades\",\"Pol\u00edcia\"],\"inLanguage\":\"pt-BR\",\"potentialAction\":[{\"@type\":\"CommentAction\",\"name\":\"Comment\",\"target\":[\"https:\\\/\\\/redenoticiaz.com.br\\\/litoralsp\\\/2021\\\/09\\\/12\\\/homem-e-preso-apos-agredir-e-ameacar-esposa#respond\"]}]},{\"@type\":\"WebPage\",\"@id\":\"https:\\\/\\\/redenoticiaz.com.br\\\/litoralsp\\\/2021\\\/09\\\/12\\\/homem-e-preso-apos-agredir-e-ameacar-esposa\",\"url\":\"https:\\\/\\\/redenoticiaz.com.br\\\/litoralsp\\\/2021\\\/09\\\/12\\\/homem-e-preso-apos-agredir-e-ameacar-esposa\",\"name\":\"Homem \u00e9 preso ap\u00f3s agredir e amea\u00e7ar esposa - Litoral SP\",\"isPartOf\":{\"@id\":\"https:\\\/\\\/redenoticiaz.com.br\\\/litoralsp\\\/#website\"},\"primaryImageOfPage\":{\"@id\":\"https:\\\/\\\/redenoticiaz.com.br\\\/litoralsp\\\/2021\\\/09\\\/12\\\/homem-e-preso-apos-agredir-e-ameacar-esposa#primaryimage\"},\"image\":{\"@id\":\"https:\\\/\\\/redenoticiaz.com.br\\\/litoralsp\\\/2021\\\/09\\\/12\\\/homem-e-preso-apos-agredir-e-ameacar-esposa#primaryimage\"},\"thumbnailUrl\":\"https:\\\/\\\/redenoticiaz.com.br\\\/litoralsp\\\/wp-content\\\/uploads\\\/sites\\\/3\\\/2021\\\/09\\\/whatsapp-image-2021-09-11-at-15-30-13.jpeg\",\"datePublished\":\"2021-09-12T17:12:39+00:00\",\"description\":\"Um homem, de 49 anos, foi preso por posse ilegal de arma de fogo ap\u00f3s agredir e amea\u00e7ar a esposa com o armamento, em Registro.\",\"inLanguage\":\"pt-BR\",\"potentialAction\":[{\"@type\":\"ReadAction\",\"target\":[\"https:\\\/\\\/redenoticiaz.com.br\\\/litoralsp\\\/2021\\\/09\\\/12\\\/homem-e-preso-apos-agredir-e-ameacar-esposa\"]}]},{\"@type\":\"ImageObject\",\"inLanguage\":\"pt-BR\",\"@id\":\"https:\\\/\\\/redenoticiaz.com.br\\\/litoralsp\\\/2021\\\/09\\\/12\\\/homem-e-preso-apos-agredir-e-ameacar-esposa#primaryimage\",\"url\":\"https:\\\/\\\/redenoticiaz.com.br\\\/litoralsp\\\/wp-content\\\/uploads\\\/sites\\\/3\\\/2021\\\/09\\\/whatsapp-image-2021-09-11-at-15-30-13.jpeg\",\"contentUrl\":\"https:\\\/\\\/redenoticiaz.com.br\\\/litoralsp\\\/wp-content\\\/uploads\\\/sites\\\/3\\\/2021\\\/09\\\/whatsapp-image-2021-09-11-at-15-30-13.jpeg\",\"width\":984,\"height\":651,\"caption\":\"Foto: Divulga\u00e7\u00e3o\\\/Pol\u00edcia Civil\"},{\"@type\":\"WebSite\",\"@id\":\"https:\\\/\\\/redenoticiaz.com.br\\\/litoralsp\\\/#website\",\"url\":\"https:\\\/\\\/redenoticiaz.com.br\\\/litoralsp\\\/\",\"name\":\"Litoral SP\",\"description\":\"Rede NoticiaZ\",\"publisher\":{\"@id\":\"https:\\\/\\\/redenoticiaz.com.br\\\/litoralsp\\\/#organization\"},\"potentialAction\":[{\"@type\":\"SearchAction\",\"target\":{\"@type\":\"EntryPoint\",\"urlTemplate\":\"https:\\\/\\\/redenoticiaz.com.br\\\/litoralsp\\\/?s={search_term_string}\"},\"query-input\":{\"@type\":\"PropertyValueSpecification\",\"valueRequired\":true,\"valueName\":\"search_term_string\"}}],\"inLanguage\":\"pt-BR\"},{\"@type\":\"Organization\",\"@id\":\"https:\\\/\\\/redenoticiaz.com.br\\\/litoralsp\\\/#organization\",\"name\":\"Litoral SP\",\"url\":\"https:\\\/\\\/redenoticiaz.com.br\\\/litoralsp\\\/\",\"logo\":{\"@type\":\"ImageObject\",\"inLanguage\":\"pt-BR\",\"@id\":\"https:\\\/\\\/redenoticiaz.com.br\\\/litoralsp\\\/#\\\/schema\\\/logo\\\/image\\\/\",\"url\":\"https:\\\/\\\/redenoticiaz.com.br\\\/litoralsp\\\/wp-content\\\/uploads\\\/sites\\\/3\\\/2020\\\/11\\\/logo.jpg\",\"contentUrl\":\"https:\\\/\\\/redenoticiaz.com.br\\\/litoralsp\\\/wp-content\\\/uploads\\\/sites\\\/3\\\/2020\\\/11\\\/logo.jpg\",\"width\":400,\"height\":250,\"caption\":\"Litoral SP\"},\"image\":{\"@id\":\"https:\\\/\\\/redenoticiaz.com.br\\\/litoralsp\\\/#\\\/schema\\\/logo\\\/image\\\/\"}},{\"@type\":\"Person\",\"@id\":\"\",\"url\":\"https:\\\/\\\/redenoticiaz.com.br\\\/litoralsp\\\/author\"}]}<\/script>\n<!-- \/ Yoast SEO plugin. -->","yoast_head_json":{"title":"Homem \u00e9 preso ap\u00f3s agredir e amea\u00e7ar esposa - Litoral SP","description":"Um homem, de 49 anos, foi preso por posse ilegal de arma de fogo ap\u00f3s agredir e amea\u00e7ar a esposa com o armamento, em Registro.","robots":{"index":"index","follow":"follow","max-snippet":"max-snippet:-1","max-image-preview":"max-image-preview:large","max-video-preview":"max-video-preview:-1"},"canonical":"https:\/\/redenoticiaz.com.br\/litoralsp\/2021\/09\/12\/homem-e-preso-apos-agredir-e-ameacar-esposa","og_locale":"pt_BR","og_type":"article","og_title":"Homem \u00e9 preso ap\u00f3s agredir e amea\u00e7ar esposa - Litoral SP","og_description":"Um homem, de 49 anos, foi preso por posse ilegal de arma de fogo ap\u00f3s agredir e amea\u00e7ar a esposa com o armamento, em Registro.","og_url":"https:\/\/redenoticiaz.com.br\/litoralsp\/2021\/09\/12\/homem-e-preso-apos-agredir-e-ameacar-esposa","og_site_name":"Litoral SP","article_published_time":"2021-09-12T17:12:39+00:00","og_image":[{"width":984,"height":651,"url":"https:\/\/redenoticiaz.com.br\/litoralsp\/wp-content\/uploads\/sites\/3\/2021\/09\/whatsapp-image-2021-09-11-at-15-30-13.jpeg","type":"image\/jpeg"}],"twitter_card":"summary_large_image","twitter_misc":{"Escrito por":"","Est. tempo de leitura":"1 minuto"},"schema":{"@context":"https:\/\/schema.org","@graph":[{"@type":"Article","@id":"https:\/\/redenoticiaz.com.br\/litoralsp\/2021\/09\/12\/homem-e-preso-apos-agredir-e-ameacar-esposa#article","isPartOf":{"@id":"https:\/\/redenoticiaz.com.br\/litoralsp\/2021\/09\/12\/homem-e-preso-apos-agredir-e-ameacar-esposa"},"author":{"name":"","@id":""},"headline":"Homem \u00e9 preso ap\u00f3s agredir e amea\u00e7ar esposa","datePublished":"2021-09-12T17:12:39+00:00","mainEntityOfPage":{"@id":"https:\/\/redenoticiaz.com.br\/litoralsp\/2021\/09\/12\/homem-e-preso-apos-agredir-e-ameacar-esposa"},"wordCount":241,"commentCount":0,"publisher":{"@id":"https:\/\/redenoticiaz.com.br\/litoralsp\/#organization"},"image":{"@id":"https:\/\/redenoticiaz.com.br\/litoralsp\/2021\/09\/12\/homem-e-preso-apos-agredir-e-ameacar-esposa#primaryimage"},"thumbnailUrl":"https:\/\/redenoticiaz.com.br\/litoralsp\/wp-content\/uploads\/sites\/3\/2021\/09\/whatsapp-image-2021-09-11-at-15-30-13.jpeg","keywords":["ESPOSA","HOMEM AMEA\u00c7A","HOMEM PRESO","REGISTRO"],"articleSection":["Cidades","Pol\u00edcia"],"inLanguage":"pt-BR","potentialAction":[{"@type":"CommentAction","name":"Comment","target":["https:\/\/redenoticiaz.com.br\/litoralsp\/2021\/09\/12\/homem-e-preso-apos-agredir-e-ameacar-esposa#respond"]}]},{"@type":"WebPage","@id":"https:\/\/redenoticiaz.com.br\/litoralsp\/2021\/09\/12\/homem-e-preso-apos-agredir-e-ameacar-esposa","url":"https:\/\/redenoticiaz.com.br\/litoralsp\/2021\/09\/12\/homem-e-preso-apos-agredir-e-ameacar-esposa","name":"Homem \u00e9 preso ap\u00f3s agredir e amea\u00e7ar esposa - Litoral SP","isPartOf":{"@id":"https:\/\/redenoticiaz.com.br\/litoralsp\/#website"},"primaryImageOfPage":{"@id":"https:\/\/redenoticiaz.com.br\/litoralsp\/2021\/09\/12\/homem-e-preso-apos-agredir-e-ameacar-esposa#primaryimage"},"image":{"@id":"https:\/\/redenoticiaz.com.br\/litoralsp\/2021\/09\/12\/homem-e-preso-apos-agredir-e-ameacar-esposa#primaryimage"},"thumbnailUrl":"https:\/\/redenoticiaz.com.br\/litoralsp\/wp-content\/uploads\/sites\/3\/2021\/09\/whatsapp-image-2021-09-11-at-15-30-13.jpeg","datePublished":"2021-09-12T17:12:39+00:00","description":"Um homem, de 49 anos, foi preso por posse ilegal de arma de fogo ap\u00f3s agredir e amea\u00e7ar a esposa com o armamento, em Registro.","inLanguage":"pt-BR","potentialAction":[{"@type":"ReadAction","target":["https:\/\/redenoticiaz.com.br\/litoralsp\/2021\/09\/12\/homem-e-preso-apos-agredir-e-ameacar-esposa"]}]},{"@type":"ImageObject","inLanguage":"pt-BR","@id":"https:\/\/redenoticiaz.com.br\/litoralsp\/2021\/09\/12\/homem-e-preso-apos-agredir-e-ameacar-esposa#primaryimage","url":"https:\/\/redenoticiaz.com.br\/litoralsp\/wp-content\/uploads\/sites\/3\/2021\/09\/whatsapp-image-2021-09-11-at-15-30-13.jpeg","contentUrl":"https:\/\/redenoticiaz.com.br\/litoralsp\/wp-content\/uploads\/sites\/3\/2021\/09\/whatsapp-image-2021-09-11-at-15-30-13.jpeg","width":984,"height":651,"caption":"Foto: Divulga\u00e7\u00e3o\/Pol\u00edcia Civil"},{"@type":"WebSite","@id":"https:\/\/redenoticiaz.com.br\/litoralsp\/#website","url":"https:\/\/redenoticiaz.com.br\/litoralsp\/","name":"Litoral SP","description":"Rede NoticiaZ","publisher":{"@id":"https:\/\/redenoticiaz.com.br\/litoralsp\/#organization"},"potentialAction":[{"@type":"SearchAction","target":{"@type":"EntryPoint","urlTemplate":"https:\/\/redenoticiaz.com.br\/litoralsp\/?s={search_term_string}"},"query-input":{"@type":"PropertyValueSpecification","valueRequired":true,"valueName":"search_term_string"}}],"inLanguage":"pt-BR"},{"@type":"Organization","@id":"https:\/\/redenoticiaz.com.br\/litoralsp\/#organization","name":"Litoral SP","url":"https:\/\/redenoticiaz.com.br\/litoralsp\/","logo":{"@type":"ImageObject","inLanguage":"pt-BR","@id":"https:\/\/redenoticiaz.com.br\/litoralsp\/#\/schema\/logo\/image\/","url":"https:\/\/redenoticiaz.com.br\/litoralsp\/wp-content\/uploads\/sites\/3\/2020\/11\/logo.jpg","contentUrl":"https:\/\/redenoticiaz.com.br\/litoralsp\/wp-content\/uploads\/sites\/3\/2020\/11\/logo.jpg","width":400,"height":250,"caption":"Litoral SP"},"image":{"@id":"https:\/\/redenoticiaz.com.br\/litoralsp\/#\/schema\/logo\/image\/"}},{"@type":"Person","@id":"","url":"https:\/\/redenoticiaz.com.br\/litoralsp\/author"}]}},"_links":{"self":[{"href":"https:\/\/redenoticiaz.com.br\/litoralsp\/wp-json\/wp\/v2\/posts\/14404","targetHints":{"allow":["GET"]}}],"collection":[{"href":"https:\/\/redenoticiaz.com.br\/litoralsp\/wp-json\/wp\/v2\/posts"}],"about":[{"href":"https:\/\/redenoticiaz.com.br\/litoralsp\/wp-json\/wp\/v2\/types\/post"}],"author":[{"embeddable":true,"href":"https:\/\/redenoticiaz.com.br\/litoralsp\/wp-json\/wp\/v2\/users\/11"}],"replies":[{"embeddable":true,"href":"https:\/\/redenoticiaz.com.br\/litoralsp\/wp-json\/wp\/v2\/comments?post=14404"}],"version-history":[{"count":1,"href":"https:\/\/redenoticiaz.com.br\/litoralsp\/wp-json\/wp\/v2\/posts\/14404\/revisions"}],"predecessor-version":[{"id":14406,"href":"https:\/\/redenoticiaz.com.br\/litoralsp\/wp-json\/wp\/v2\/posts\/14404\/revisions\/14406"}],"wp:featuredmedia":[{"embeddable":true,"href":"https:\/\/redenoticiaz.com.br\/litoralsp\/wp-json\/wp\/v2\/media\/14405"}],"wp:attachment":[{"href":"https:\/\/redenoticiaz.com.br\/litoralsp\/wp-json\/wp\/v2\/media?parent=14404"}],"wp:term":[{"taxonomy":"category","embeddable":true,"href":"https:\/\/redenoticiaz.com.br\/litoralsp\/wp-json\/wp\/v2\/categories?post=14404"},{"taxonomy":"post_tag","embeddable":true,"href":"https:\/\/redenoticiaz.com.br\/litoralsp\/wp-json\/wp\/v2\/tags?post=14404"}],"curies":[{"name":"wp","href":"https:\/\/api.w.org\/{rel}","templated":true}]}}