{"id":14582,"date":"2021-09-15T10:56:14","date_gmt":"2021-09-15T13:56:14","guid":{"rendered":"https:\/\/redenoticiaz.com.br\/litoralsp\/?p=14582"},"modified":"2021-09-15T10:56:14","modified_gmt":"2021-09-15T13:56:14","slug":"adolescente-e-homem-sao-presos-vendendo-drogas-em-sao-vicente","status":"publish","type":"post","link":"https:\/\/redenoticiaz.com.br\/litoralsp\/2021\/09\/15\/adolescente-e-homem-sao-presos-vendendo-drogas-em-sao-vicente","title":{"rendered":"Adolescente e homem s\u00e3o presos vendendo drogas em S\u00e3o Vicente"},"content":{"rendered":"<p><strong>Um homem de 33 anos e um adolescente de 17 foram detidos<\/strong> pela Pol\u00edcia Civil em <a href=\"https:\/\/www.saovicente.sp.gov.br\/\">S\u00e3o Vicente<\/a> na tarde desta ter\u00e7a-feira (14) ap\u00f3s serem flagrados vendendo drogas no bairro Esplanada dos Barreiros.<\/p>\n<p>Os policiais civis acompanhavam a dupla \u00e0 dist\u00e2ncia quando viram os investigados entrando em um im\u00f3vel e entregando as drogas para usu\u00e1rios.<\/p>\n<p>Imediatamente os investigadores abordaram a dupla e apreenderam 74 pedras de crack (15 gramas), sete por\u00e7\u00f5es de maconha (20 gramas) e 85 pinos com coca\u00edna (90 gramas).<\/p>\n<p>Al\u00e9m da droga, os policiais civis recolheram R$ 109,00 oriundos da venda dos il\u00edcitos. O suspeito foi preso e conduzido ao sistema penitenci\u00e1rio. O menor foi apreendido e encaminhado a Funda\u00e7\u00e3o Casa.<\/p>\n<p><strong>LEIA TAMB\u00c9M<\/strong><\/p>\n<p><a href=\"https:\/\/redenoticiaz.com.br\/litoralsp\/2021\/09\/15\/santos-perde-para-o-athletico-paranaense-e-da-adeus-a-copa-do-brasil\">Santos perde para o Athletico Paranaense e d\u00e1 adeus a Copa do Brasil<\/a><\/p>\n","protected":false},"excerpt":{"rendered":"<p>Um homem de 33 anos e um adolescente de 17 foram detidos pela Pol\u00edcia Civil em S\u00e3o Vicente na tarde desta ter\u00e7a-feira (14) ap\u00f3s serem flagrados vendendo drogas no bairro Esplanada dos Barreiros. Os policiais civis acompanhavam a dupla \u00e0 dist\u00e2ncia quando viram os investigados entrando em um im\u00f3vel e entregando as drogas para usu\u00e1rios. &hellip;<\/p>\n","protected":false},"author":11,"featured_media":14587,"comment_status":"open","ping_status":"closed","sticky":false,"template":"","format":"standard","meta":{"footnotes":""},"categories":[10,181],"tags":[7779,9493,72,1346,33,7568],"class_list":["post-14582","post","type-post","status-publish","format-standard","has-post-thumbnail","hentry","category-policia","category-sao-vicente","tag-adolescente","tag-dinheiro","tag-drogas","tag-prisao","tag-sao-vicente","tag-trafico"],"yoast_head":"<!-- This site is optimized with the Yoast SEO plugin v27.5 - https:\/\/yoast.com\/product\/yoast-seo-wordpress\/ -->\n<title>Adolescente e homem s\u00e3o presos vendendo drogas em S\u00e3o Vicente - Litoral SP<\/title>\n<meta name=\"description\" content=\"Um homem de 33 anos e um adolescente de 17 foram detidos pela Pol\u00edcia Civil em S\u00e3o Vicente na tarde desta ter\u00e7a-feira (14), vendendo drogas.\" \/>\n<meta name=\"robots\" content=\"index, follow, max-snippet:-1, max-image-preview:large, max-video-preview:-1\" \/>\n<link rel=\"canonical\" href=\"https:\/\/redenoticiaz.com.br\/litoralsp\/2021\/09\/15\/adolescente-e-homem-sao-presos-vendendo-drogas-em-sao-vicente\" \/>\n<meta property=\"og:locale\" content=\"pt_BR\" \/>\n<meta property=\"og:type\" content=\"article\" \/>\n<meta property=\"og:title\" content=\"Adolescente e homem s\u00e3o presos vendendo drogas em S\u00e3o Vicente - Litoral SP\" \/>\n<meta property=\"og:description\" content=\"Um homem de 33 anos e um adolescente de 17 foram detidos pela Pol\u00edcia Civil em S\u00e3o Vicente na tarde desta ter\u00e7a-feira (14), vendendo drogas.\" \/>\n<meta property=\"og:url\" content=\"https:\/\/redenoticiaz.com.br\/litoralsp\/2021\/09\/15\/adolescente-e-homem-sao-presos-vendendo-drogas-em-sao-vicente\" \/>\n<meta property=\"og:site_name\" content=\"Litoral SP\" \/>\n<meta property=\"article:published_time\" content=\"2021-09-15T13:56:14+00:00\" \/>\n<meta property=\"og:image\" content=\"https:\/\/redenoticiaz.com.br\/litoralsp\/wp-content\/uploads\/sites\/3\/2021\/09\/drogassssssssssssssssssss.jpg\" \/>\n\t<meta property=\"og:image:width\" content=\"900\" \/>\n\t<meta property=\"og:image:height\" content=\"600\" \/>\n\t<meta property=\"og:image:type\" content=\"image\/jpeg\" \/>\n<meta name=\"twitter:card\" content=\"summary_large_image\" \/>\n<meta name=\"twitter:label1\" content=\"Escrito por\" \/>\n\t<meta name=\"twitter:data1\" content=\"\" \/>\n\t<meta name=\"twitter:label2\" content=\"Est. tempo de leitura\" \/>\n\t<meta name=\"twitter:data2\" content=\"1 minuto\" \/>\n<script type=\"application\/ld+json\" class=\"yoast-schema-graph\">{\"@context\":\"https:\\\/\\\/schema.org\",\"@graph\":[{\"@type\":\"Article\",\"@id\":\"https:\\\/\\\/redenoticiaz.com.br\\\/litoralsp\\\/2021\\\/09\\\/15\\\/adolescente-e-homem-sao-presos-vendendo-drogas-em-sao-vicente#article\",\"isPartOf\":{\"@id\":\"https:\\\/\\\/redenoticiaz.com.br\\\/litoralsp\\\/2021\\\/09\\\/15\\\/adolescente-e-homem-sao-presos-vendendo-drogas-em-sao-vicente\"},\"author\":{\"name\":\"\",\"@id\":\"\"},\"headline\":\"Adolescente e homem s\u00e3o presos vendendo drogas em S\u00e3o Vicente\",\"datePublished\":\"2021-09-15T13:56:14+00:00\",\"mainEntityOfPage\":{\"@id\":\"https:\\\/\\\/redenoticiaz.com.br\\\/litoralsp\\\/2021\\\/09\\\/15\\\/adolescente-e-homem-sao-presos-vendendo-drogas-em-sao-vicente\"},\"wordCount\":145,\"commentCount\":0,\"publisher\":{\"@id\":\"https:\\\/\\\/redenoticiaz.com.br\\\/litoralsp\\\/#organization\"},\"image\":{\"@id\":\"https:\\\/\\\/redenoticiaz.com.br\\\/litoralsp\\\/2021\\\/09\\\/15\\\/adolescente-e-homem-sao-presos-vendendo-drogas-em-sao-vicente#primaryimage\"},\"thumbnailUrl\":\"https:\\\/\\\/redenoticiaz.com.br\\\/litoralsp\\\/wp-content\\\/uploads\\\/sites\\\/3\\\/2021\\\/09\\\/drogassssssssssssssssssss.jpg\",\"keywords\":[\"ADOLESCENTE\",\"dinheiro\",\"drogas\",\"PRIS\u00c3O\",\"S\u00e3o Vicente\",\"Tr\u00e1fico\"],\"articleSection\":[\"Pol\u00edcia\",\"S\u00e3o Vicente\"],\"inLanguage\":\"pt-BR\",\"potentialAction\":[{\"@type\":\"CommentAction\",\"name\":\"Comment\",\"target\":[\"https:\\\/\\\/redenoticiaz.com.br\\\/litoralsp\\\/2021\\\/09\\\/15\\\/adolescente-e-homem-sao-presos-vendendo-drogas-em-sao-vicente#respond\"]}]},{\"@type\":\"WebPage\",\"@id\":\"https:\\\/\\\/redenoticiaz.com.br\\\/litoralsp\\\/2021\\\/09\\\/15\\\/adolescente-e-homem-sao-presos-vendendo-drogas-em-sao-vicente\",\"url\":\"https:\\\/\\\/redenoticiaz.com.br\\\/litoralsp\\\/2021\\\/09\\\/15\\\/adolescente-e-homem-sao-presos-vendendo-drogas-em-sao-vicente\",\"name\":\"Adolescente e homem s\u00e3o presos vendendo drogas em S\u00e3o Vicente - Litoral SP\",\"isPartOf\":{\"@id\":\"https:\\\/\\\/redenoticiaz.com.br\\\/litoralsp\\\/#website\"},\"primaryImageOfPage\":{\"@id\":\"https:\\\/\\\/redenoticiaz.com.br\\\/litoralsp\\\/2021\\\/09\\\/15\\\/adolescente-e-homem-sao-presos-vendendo-drogas-em-sao-vicente#primaryimage\"},\"image\":{\"@id\":\"https:\\\/\\\/redenoticiaz.com.br\\\/litoralsp\\\/2021\\\/09\\\/15\\\/adolescente-e-homem-sao-presos-vendendo-drogas-em-sao-vicente#primaryimage\"},\"thumbnailUrl\":\"https:\\\/\\\/redenoticiaz.com.br\\\/litoralsp\\\/wp-content\\\/uploads\\\/sites\\\/3\\\/2021\\\/09\\\/drogassssssssssssssssssss.jpg\",\"datePublished\":\"2021-09-15T13:56:14+00:00\",\"description\":\"Um homem de 33 anos e um adolescente de 17 foram detidos pela Pol\u00edcia Civil em S\u00e3o Vicente na tarde desta ter\u00e7a-feira (14), vendendo drogas.\",\"inLanguage\":\"pt-BR\",\"potentialAction\":[{\"@type\":\"ReadAction\",\"target\":[\"https:\\\/\\\/redenoticiaz.com.br\\\/litoralsp\\\/2021\\\/09\\\/15\\\/adolescente-e-homem-sao-presos-vendendo-drogas-em-sao-vicente\"]}]},{\"@type\":\"ImageObject\",\"inLanguage\":\"pt-BR\",\"@id\":\"https:\\\/\\\/redenoticiaz.com.br\\\/litoralsp\\\/2021\\\/09\\\/15\\\/adolescente-e-homem-sao-presos-vendendo-drogas-em-sao-vicente#primaryimage\",\"url\":\"https:\\\/\\\/redenoticiaz.com.br\\\/litoralsp\\\/wp-content\\\/uploads\\\/sites\\\/3\\\/2021\\\/09\\\/drogassssssssssssssssssss.jpg\",\"contentUrl\":\"https:\\\/\\\/redenoticiaz.com.br\\\/litoralsp\\\/wp-content\\\/uploads\\\/sites\\\/3\\\/2021\\\/09\\\/drogassssssssssssssssssss.jpg\",\"width\":900,\"height\":600,\"caption\":\"Foto: Divulga\u00e7\u00e3o.\"},{\"@type\":\"WebSite\",\"@id\":\"https:\\\/\\\/redenoticiaz.com.br\\\/litoralsp\\\/#website\",\"url\":\"https:\\\/\\\/redenoticiaz.com.br\\\/litoralsp\\\/\",\"name\":\"Litoral SP\",\"description\":\"Rede NoticiaZ\",\"publisher\":{\"@id\":\"https:\\\/\\\/redenoticiaz.com.br\\\/litoralsp\\\/#organization\"},\"potentialAction\":[{\"@type\":\"SearchAction\",\"target\":{\"@type\":\"EntryPoint\",\"urlTemplate\":\"https:\\\/\\\/redenoticiaz.com.br\\\/litoralsp\\\/?s={search_term_string}\"},\"query-input\":{\"@type\":\"PropertyValueSpecification\",\"valueRequired\":true,\"valueName\":\"search_term_string\"}}],\"inLanguage\":\"pt-BR\"},{\"@type\":\"Organization\",\"@id\":\"https:\\\/\\\/redenoticiaz.com.br\\\/litoralsp\\\/#organization\",\"name\":\"Litoral SP\",\"url\":\"https:\\\/\\\/redenoticiaz.com.br\\\/litoralsp\\\/\",\"logo\":{\"@type\":\"ImageObject\",\"inLanguage\":\"pt-BR\",\"@id\":\"https:\\\/\\\/redenoticiaz.com.br\\\/litoralsp\\\/#\\\/schema\\\/logo\\\/image\\\/\",\"url\":\"https:\\\/\\\/redenoticiaz.com.br\\\/litoralsp\\\/wp-content\\\/uploads\\\/sites\\\/3\\\/2020\\\/11\\\/logo.jpg\",\"contentUrl\":\"https:\\\/\\\/redenoticiaz.com.br\\\/litoralsp\\\/wp-content\\\/uploads\\\/sites\\\/3\\\/2020\\\/11\\\/logo.jpg\",\"width\":400,\"height\":250,\"caption\":\"Litoral SP\"},\"image\":{\"@id\":\"https:\\\/\\\/redenoticiaz.com.br\\\/litoralsp\\\/#\\\/schema\\\/logo\\\/image\\\/\"}},{\"@type\":\"Person\",\"@id\":\"\",\"url\":\"https:\\\/\\\/redenoticiaz.com.br\\\/litoralsp\\\/author\"}]}<\/script>\n<!-- \/ Yoast SEO plugin. -->","yoast_head_json":{"title":"Adolescente e homem s\u00e3o presos vendendo drogas em S\u00e3o Vicente - Litoral SP","description":"Um homem de 33 anos e um adolescente de 17 foram detidos pela Pol\u00edcia Civil em S\u00e3o Vicente na tarde desta ter\u00e7a-feira (14), vendendo drogas.","robots":{"index":"index","follow":"follow","max-snippet":"max-snippet:-1","max-image-preview":"max-image-preview:large","max-video-preview":"max-video-preview:-1"},"canonical":"https:\/\/redenoticiaz.com.br\/litoralsp\/2021\/09\/15\/adolescente-e-homem-sao-presos-vendendo-drogas-em-sao-vicente","og_locale":"pt_BR","og_type":"article","og_title":"Adolescente e homem s\u00e3o presos vendendo drogas em S\u00e3o Vicente - Litoral SP","og_description":"Um homem de 33 anos e um adolescente de 17 foram detidos pela Pol\u00edcia Civil em S\u00e3o Vicente na tarde desta ter\u00e7a-feira (14), vendendo drogas.","og_url":"https:\/\/redenoticiaz.com.br\/litoralsp\/2021\/09\/15\/adolescente-e-homem-sao-presos-vendendo-drogas-em-sao-vicente","og_site_name":"Litoral SP","article_published_time":"2021-09-15T13:56:14+00:00","og_image":[{"width":900,"height":600,"url":"https:\/\/redenoticiaz.com.br\/litoralsp\/wp-content\/uploads\/sites\/3\/2021\/09\/drogassssssssssssssssssss.jpg","type":"image\/jpeg"}],"twitter_card":"summary_large_image","twitter_misc":{"Escrito por":"","Est. tempo de leitura":"1 minuto"},"schema":{"@context":"https:\/\/schema.org","@graph":[{"@type":"Article","@id":"https:\/\/redenoticiaz.com.br\/litoralsp\/2021\/09\/15\/adolescente-e-homem-sao-presos-vendendo-drogas-em-sao-vicente#article","isPartOf":{"@id":"https:\/\/redenoticiaz.com.br\/litoralsp\/2021\/09\/15\/adolescente-e-homem-sao-presos-vendendo-drogas-em-sao-vicente"},"author":{"name":"","@id":""},"headline":"Adolescente e homem s\u00e3o presos vendendo drogas em S\u00e3o Vicente","datePublished":"2021-09-15T13:56:14+00:00","mainEntityOfPage":{"@id":"https:\/\/redenoticiaz.com.br\/litoralsp\/2021\/09\/15\/adolescente-e-homem-sao-presos-vendendo-drogas-em-sao-vicente"},"wordCount":145,"commentCount":0,"publisher":{"@id":"https:\/\/redenoticiaz.com.br\/litoralsp\/#organization"},"image":{"@id":"https:\/\/redenoticiaz.com.br\/litoralsp\/2021\/09\/15\/adolescente-e-homem-sao-presos-vendendo-drogas-em-sao-vicente#primaryimage"},"thumbnailUrl":"https:\/\/redenoticiaz.com.br\/litoralsp\/wp-content\/uploads\/sites\/3\/2021\/09\/drogassssssssssssssssssss.jpg","keywords":["ADOLESCENTE","dinheiro","drogas","PRIS\u00c3O","S\u00e3o Vicente","Tr\u00e1fico"],"articleSection":["Pol\u00edcia","S\u00e3o Vicente"],"inLanguage":"pt-BR","potentialAction":[{"@type":"CommentAction","name":"Comment","target":["https:\/\/redenoticiaz.com.br\/litoralsp\/2021\/09\/15\/adolescente-e-homem-sao-presos-vendendo-drogas-em-sao-vicente#respond"]}]},{"@type":"WebPage","@id":"https:\/\/redenoticiaz.com.br\/litoralsp\/2021\/09\/15\/adolescente-e-homem-sao-presos-vendendo-drogas-em-sao-vicente","url":"https:\/\/redenoticiaz.com.br\/litoralsp\/2021\/09\/15\/adolescente-e-homem-sao-presos-vendendo-drogas-em-sao-vicente","name":"Adolescente e homem s\u00e3o presos vendendo drogas em S\u00e3o Vicente - Litoral SP","isPartOf":{"@id":"https:\/\/redenoticiaz.com.br\/litoralsp\/#website"},"primaryImageOfPage":{"@id":"https:\/\/redenoticiaz.com.br\/litoralsp\/2021\/09\/15\/adolescente-e-homem-sao-presos-vendendo-drogas-em-sao-vicente#primaryimage"},"image":{"@id":"https:\/\/redenoticiaz.com.br\/litoralsp\/2021\/09\/15\/adolescente-e-homem-sao-presos-vendendo-drogas-em-sao-vicente#primaryimage"},"thumbnailUrl":"https:\/\/redenoticiaz.com.br\/litoralsp\/wp-content\/uploads\/sites\/3\/2021\/09\/drogassssssssssssssssssss.jpg","datePublished":"2021-09-15T13:56:14+00:00","description":"Um homem de 33 anos e um adolescente de 17 foram detidos pela Pol\u00edcia Civil em S\u00e3o Vicente na tarde desta ter\u00e7a-feira (14), vendendo drogas.","inLanguage":"pt-BR","potentialAction":[{"@type":"ReadAction","target":["https:\/\/redenoticiaz.com.br\/litoralsp\/2021\/09\/15\/adolescente-e-homem-sao-presos-vendendo-drogas-em-sao-vicente"]}]},{"@type":"ImageObject","inLanguage":"pt-BR","@id":"https:\/\/redenoticiaz.com.br\/litoralsp\/2021\/09\/15\/adolescente-e-homem-sao-presos-vendendo-drogas-em-sao-vicente#primaryimage","url":"https:\/\/redenoticiaz.com.br\/litoralsp\/wp-content\/uploads\/sites\/3\/2021\/09\/drogassssssssssssssssssss.jpg","contentUrl":"https:\/\/redenoticiaz.com.br\/litoralsp\/wp-content\/uploads\/sites\/3\/2021\/09\/drogassssssssssssssssssss.jpg","width":900,"height":600,"caption":"Foto: Divulga\u00e7\u00e3o."},{"@type":"WebSite","@id":"https:\/\/redenoticiaz.com.br\/litoralsp\/#website","url":"https:\/\/redenoticiaz.com.br\/litoralsp\/","name":"Litoral SP","description":"Rede NoticiaZ","publisher":{"@id":"https:\/\/redenoticiaz.com.br\/litoralsp\/#organization"},"potentialAction":[{"@type":"SearchAction","target":{"@type":"EntryPoint","urlTemplate":"https:\/\/redenoticiaz.com.br\/litoralsp\/?s={search_term_string}"},"query-input":{"@type":"PropertyValueSpecification","valueRequired":true,"valueName":"search_term_string"}}],"inLanguage":"pt-BR"},{"@type":"Organization","@id":"https:\/\/redenoticiaz.com.br\/litoralsp\/#organization","name":"Litoral SP","url":"https:\/\/redenoticiaz.com.br\/litoralsp\/","logo":{"@type":"ImageObject","inLanguage":"pt-BR","@id":"https:\/\/redenoticiaz.com.br\/litoralsp\/#\/schema\/logo\/image\/","url":"https:\/\/redenoticiaz.com.br\/litoralsp\/wp-content\/uploads\/sites\/3\/2020\/11\/logo.jpg","contentUrl":"https:\/\/redenoticiaz.com.br\/litoralsp\/wp-content\/uploads\/sites\/3\/2020\/11\/logo.jpg","width":400,"height":250,"caption":"Litoral SP"},"image":{"@id":"https:\/\/redenoticiaz.com.br\/litoralsp\/#\/schema\/logo\/image\/"}},{"@type":"Person","@id":"","url":"https:\/\/redenoticiaz.com.br\/litoralsp\/author"}]}},"_links":{"self":[{"href":"https:\/\/redenoticiaz.com.br\/litoralsp\/wp-json\/wp\/v2\/posts\/14582","targetHints":{"allow":["GET"]}}],"collection":[{"href":"https:\/\/redenoticiaz.com.br\/litoralsp\/wp-json\/wp\/v2\/posts"}],"about":[{"href":"https:\/\/redenoticiaz.com.br\/litoralsp\/wp-json\/wp\/v2\/types\/post"}],"author":[{"embeddable":true,"href":"https:\/\/redenoticiaz.com.br\/litoralsp\/wp-json\/wp\/v2\/users\/11"}],"replies":[{"embeddable":true,"href":"https:\/\/redenoticiaz.com.br\/litoralsp\/wp-json\/wp\/v2\/comments?post=14582"}],"version-history":[{"count":1,"href":"https:\/\/redenoticiaz.com.br\/litoralsp\/wp-json\/wp\/v2\/posts\/14582\/revisions"}],"predecessor-version":[{"id":14588,"href":"https:\/\/redenoticiaz.com.br\/litoralsp\/wp-json\/wp\/v2\/posts\/14582\/revisions\/14588"}],"wp:featuredmedia":[{"embeddable":true,"href":"https:\/\/redenoticiaz.com.br\/litoralsp\/wp-json\/wp\/v2\/media\/14587"}],"wp:attachment":[{"href":"https:\/\/redenoticiaz.com.br\/litoralsp\/wp-json\/wp\/v2\/media?parent=14582"}],"wp:term":[{"taxonomy":"category","embeddable":true,"href":"https:\/\/redenoticiaz.com.br\/litoralsp\/wp-json\/wp\/v2\/categories?post=14582"},{"taxonomy":"post_tag","embeddable":true,"href":"https:\/\/redenoticiaz.com.br\/litoralsp\/wp-json\/wp\/v2\/tags?post=14582"}],"curies":[{"name":"wp","href":"https:\/\/api.w.org\/{rel}","templated":true}]}}