{"id":14626,"date":"2021-09-15T15:19:53","date_gmt":"2021-09-15T18:19:53","guid":{"rendered":"https:\/\/redenoticiaz.com.br\/litoralsp\/2021\/09\/15\/ministro-da-saude-contesta-falta-de-doses-e-diz-que-ha-excesso-de-vacinas-no-brasil"},"modified":"2021-09-15T15:24:18","modified_gmt":"2021-09-15T18:24:18","slug":"ministro-da-saude-contesta-falta-de-doses-e-diz-que-ha-excesso-de-vacinas-no-brasil","status":"publish","type":"post","link":"https:\/\/redenoticiaz.com.br\/litoralsp\/2021\/09\/15\/ministro-da-saude-contesta-falta-de-doses-e-diz-que-ha-excesso-de-vacinas-no-brasil","title":{"rendered":"Ministro da Sa\u00fade contesta falta de doses e diz que h\u00e1 &#8216;excesso de vacinas no Brasil&#8217;"},"content":{"rendered":"<p>Seis estados brasileiros sofrem com o atraso do recebimento da <strong>vacina AstraZeneca<\/strong> contra a Covid-19. Mas o ministro da <a href=\"https:\/\/www.gov.br\/saude\/pt-br\">Sa\u00fade<\/a>, Marcelo Queiroga, discorda das reclama\u00e7\u00f5es e alega que h\u00e1 &#8220;excesso de vacinas&#8221; no Brasil. Al\u00e9m disso, elogiou o sistema de distribui\u00e7\u00e3o do governo federal.<\/p>\n<p>O problema de atraso da vacina ocorre nos estados de S\u00e3o Paulo, que acionou o Supremo Tribunal Federal (STF)\u00a0por conta da aus\u00eancia de imunizante, Bahia, Rio Grande do Sul, Santa Catarina, Esp\u00edrito Santo e Rio Grande do Norte.<\/p>\n<p>Marcelo Queiroga veio \u00e0 Guarulhos para um evento da entrega de novo lote de vacinas da Pfizer e falou sobre o assunto. &#8220;H\u00e1 excesso de vacina na realidade. O Brasil j\u00e1 distribuiu 170 milh\u00f5es de doses de vacinas, 210 milh\u00f5es j\u00e1 foram aplicadas, hoje n\u00f3s j\u00e1 temos doses pra vacinar todos os brasileiros acima de 18 anos com a primeira dose, agora, naturalmente, h\u00e1 um anseio de avan\u00e7ar, por exemplo, nessa dose de refor\u00e7o, ou terceira dose, naqueles indiv\u00edduos que s\u00e3o mais vulner\u00e1veis&#8221;, disse.<\/p>\n<div class=\"mc-column content-text active-extra-styles \" data-block-type=\"unstyled\" data-block-weight=\"34\" data-block-id=\"6\">\n<p class=\"content-text__container \" data-track-category=\"Link no Texto\" data-track-links=\"\">Ao ser questionado sobre o desabastecimento de AstraZeneca, negou que exista algum problema. S\u00e3o Paulo, por exemplo, zerou os estoques e aplica a vacina da Pfizer no lugar da segunda dose da AstraZeneca. &#8220;Precisa acabar com essas narrativas de falta de vacina. Isso n\u00e3o \u00e9 procedente, o Brasil vai muito bem. O Brasil j\u00e1 \u00e9 dos pa\u00edses que mais vacinam no mundo&#8221;, disse Queiroga.<\/p>\n<\/div>\n<div class=\"mc-column content-text active-extra-styles \" data-block-type=\"unstyled\" data-block-weight=\"36\" data-block-id=\"9\">\n<p class=\"content-text__container \" data-track-category=\"Link no Texto\" data-track-links=\"\">O ministro acusa os estados de terem usado vacinas destinadas \u00e0 segunda dose para acelerar o calend\u00e1rio. O governo paulista nega e alega atrasos e falhas na entrega de vacinas por parte do governo federal.<\/p>\n<p data-track-category=\"Link no Texto\" data-track-links=\"\"><strong>LEIA TAMB\u00c9M<\/strong><\/p>\n<p data-track-category=\"Link no Texto\" data-track-links=\"\"><a href=\"https:\/\/redenoticiaz.com.br\/blog\/2021\/09\/14\/duas-semanas-depois-fiocruz-libera-17-milhao-de-doses-da-astrazeneca\">Duas semanas depois, Fiocruz libera 1,7 milh\u00e3o de doses da AstraZeneca<\/a><\/p>\n<\/div>\n","protected":false},"excerpt":{"rendered":"<p>Seis estados brasileiros sofrem com o atraso do recebimento da vacina AstraZeneca contra a Covid-19. Mas o ministro da Sa\u00fade, Marcelo Queiroga, discorda das reclama\u00e7\u00f5es e alega que h\u00e1 &#8220;excesso de vacinas&#8221; no Brasil. Al\u00e9m disso, elogiou o sistema de distribui\u00e7\u00e3o do governo federal. O problema de atraso da vacina ocorre nos estados de S\u00e3o &hellip;<\/p>\n","protected":false},"author":6,"featured_media":14627,"comment_status":"open","ping_status":"closed","sticky":false,"template":"","format":"standard","meta":{"footnotes":""},"categories":[23],"tags":[1454,4421,173,14212,4654,1249,16382,1548,2923,65,34308,18808],"class_list":["post-14626","post","type-post","status-publish","format-standard","has-post-thumbnail","hentry","category-saude","tag-astrazeneca","tag-bahia","tag-brasil","tag-espirito-santo","tag-guarulhos","tag-pfizer","tag-rio-grande-do-norte","tag-rio-grande-do-sul","tag-santa-catarina","tag-sao-paulo","tag-segunda-dose-atrasada","tag-vacina-contra-a-covid"],"yoast_head":"<!-- This site is optimized with the Yoast SEO plugin v27.5 - https:\/\/yoast.com\/product\/yoast-seo-wordpress\/ -->\n<title>Ministro da Sa\u00fade contesta falta de doses e diz que h\u00e1 &#039;excesso de vacinas no Brasil&#039; - Litoral SP<\/title>\n<meta name=\"description\" content=\"Seis estados brasileiros sofrem com o atraso do recebimento da vacina AstraZeneca contra a Covid-19. Mas o ministro da Sa\u00fade, Marcelo\" \/>\n<meta name=\"robots\" content=\"index, follow, max-snippet:-1, max-image-preview:large, max-video-preview:-1\" \/>\n<link rel=\"canonical\" href=\"https:\/\/redenoticiaz.com.br\/litoralsp\/2021\/09\/15\/ministro-da-saude-contesta-falta-de-doses-e-diz-que-ha-excesso-de-vacinas-no-brasil\" \/>\n<meta property=\"og:locale\" content=\"pt_BR\" \/>\n<meta property=\"og:type\" content=\"article\" \/>\n<meta property=\"og:title\" content=\"Ministro da Sa\u00fade contesta falta de doses e diz que h\u00e1 &#039;excesso de vacinas no Brasil&#039; - Litoral SP\" \/>\n<meta property=\"og:description\" content=\"Seis estados brasileiros sofrem com o atraso do recebimento da vacina AstraZeneca contra a Covid-19. Mas o ministro da Sa\u00fade, Marcelo\" \/>\n<meta property=\"og:url\" content=\"https:\/\/redenoticiaz.com.br\/litoralsp\/2021\/09\/15\/ministro-da-saude-contesta-falta-de-doses-e-diz-que-ha-excesso-de-vacinas-no-brasil\" \/>\n<meta property=\"og:site_name\" content=\"Litoral SP\" \/>\n<meta property=\"article:published_time\" content=\"2021-09-15T18:19:53+00:00\" \/>\n<meta property=\"article:modified_time\" content=\"2021-09-15T18:24:18+00:00\" \/>\n<meta property=\"og:image\" content=\"https:\/\/redenoticiaz.com.br\/litoralsp\/wp-content\/uploads\/sites\/3\/2021\/09\/queiroga.jpeg\" \/>\n\t<meta property=\"og:image:width\" content=\"1000\" \/>\n\t<meta property=\"og:image:height\" content=\"563\" \/>\n\t<meta property=\"og:image:type\" content=\"image\/jpeg\" \/>\n<meta name=\"author\" content=\"Leonardo Francisco\" \/>\n<meta name=\"twitter:card\" content=\"summary_large_image\" \/>\n<meta name=\"twitter:label1\" content=\"Escrito por\" \/>\n\t<meta name=\"twitter:data1\" content=\"Leonardo Francisco\" \/>\n\t<meta name=\"twitter:label2\" content=\"Est. tempo de leitura\" \/>\n\t<meta name=\"twitter:data2\" content=\"1 minuto\" \/>\n<script type=\"application\/ld+json\" class=\"yoast-schema-graph\">{\"@context\":\"https:\\\/\\\/schema.org\",\"@graph\":[{\"@type\":\"Article\",\"@id\":\"https:\\\/\\\/redenoticiaz.com.br\\\/litoralsp\\\/2021\\\/09\\\/15\\\/ministro-da-saude-contesta-falta-de-doses-e-diz-que-ha-excesso-de-vacinas-no-brasil#article\",\"isPartOf\":{\"@id\":\"https:\\\/\\\/redenoticiaz.com.br\\\/litoralsp\\\/2021\\\/09\\\/15\\\/ministro-da-saude-contesta-falta-de-doses-e-diz-que-ha-excesso-de-vacinas-no-brasil\"},\"author\":{\"name\":\"Leonardo Francisco\",\"@id\":\"https:\\\/\\\/redenoticiaz.com.br\\\/litoralsp\\\/#\\\/schema\\\/person\\\/0f0b8a5bdafefe82841e07ae8d81ecb3\"},\"headline\":\"Ministro da Sa\u00fade contesta falta de doses e diz que h\u00e1 &#8216;excesso de vacinas no Brasil&#8217;\",\"datePublished\":\"2021-09-15T18:19:53+00:00\",\"dateModified\":\"2021-09-15T18:24:18+00:00\",\"mainEntityOfPage\":{\"@id\":\"https:\\\/\\\/redenoticiaz.com.br\\\/litoralsp\\\/2021\\\/09\\\/15\\\/ministro-da-saude-contesta-falta-de-doses-e-diz-que-ha-excesso-de-vacinas-no-brasil\"},\"wordCount\":309,\"commentCount\":0,\"publisher\":{\"@id\":\"https:\\\/\\\/redenoticiaz.com.br\\\/litoralsp\\\/#organization\"},\"image\":{\"@id\":\"https:\\\/\\\/redenoticiaz.com.br\\\/litoralsp\\\/2021\\\/09\\\/15\\\/ministro-da-saude-contesta-falta-de-doses-e-diz-que-ha-excesso-de-vacinas-no-brasil#primaryimage\"},\"thumbnailUrl\":\"https:\\\/\\\/redenoticiaz.com.br\\\/litoralsp\\\/wp-content\\\/uploads\\\/sites\\\/3\\\/2021\\\/09\\\/queiroga.jpeg\",\"keywords\":[\"Astrazeneca\",\"BAHIA\",\"Brasil\",\"ESP\u00cdRITO SANTO\",\"Guarulhos\",\"Pfizer\",\"RIO GRANDE DO NORTE\",\"RIO GRANDE DO SUL\",\"SANTA CATARINA\",\"S\u00e3o Paulo\",\"SEGUNDA DOSE ATRASADA\",\"VACINA CONTRA A COVID\"],\"articleSection\":[\"Sa\u00fade\"],\"inLanguage\":\"pt-BR\",\"potentialAction\":[{\"@type\":\"CommentAction\",\"name\":\"Comment\",\"target\":[\"https:\\\/\\\/redenoticiaz.com.br\\\/litoralsp\\\/2021\\\/09\\\/15\\\/ministro-da-saude-contesta-falta-de-doses-e-diz-que-ha-excesso-de-vacinas-no-brasil#respond\"]}]},{\"@type\":\"WebPage\",\"@id\":\"https:\\\/\\\/redenoticiaz.com.br\\\/litoralsp\\\/2021\\\/09\\\/15\\\/ministro-da-saude-contesta-falta-de-doses-e-diz-que-ha-excesso-de-vacinas-no-brasil\",\"url\":\"https:\\\/\\\/redenoticiaz.com.br\\\/litoralsp\\\/2021\\\/09\\\/15\\\/ministro-da-saude-contesta-falta-de-doses-e-diz-que-ha-excesso-de-vacinas-no-brasil\",\"name\":\"Ministro da Sa\u00fade contesta falta de doses e diz que h\u00e1 'excesso de vacinas no Brasil' - Litoral SP\",\"isPartOf\":{\"@id\":\"https:\\\/\\\/redenoticiaz.com.br\\\/litoralsp\\\/#website\"},\"primaryImageOfPage\":{\"@id\":\"https:\\\/\\\/redenoticiaz.com.br\\\/litoralsp\\\/2021\\\/09\\\/15\\\/ministro-da-saude-contesta-falta-de-doses-e-diz-que-ha-excesso-de-vacinas-no-brasil#primaryimage\"},\"image\":{\"@id\":\"https:\\\/\\\/redenoticiaz.com.br\\\/litoralsp\\\/2021\\\/09\\\/15\\\/ministro-da-saude-contesta-falta-de-doses-e-diz-que-ha-excesso-de-vacinas-no-brasil#primaryimage\"},\"thumbnailUrl\":\"https:\\\/\\\/redenoticiaz.com.br\\\/litoralsp\\\/wp-content\\\/uploads\\\/sites\\\/3\\\/2021\\\/09\\\/queiroga.jpeg\",\"datePublished\":\"2021-09-15T18:19:53+00:00\",\"dateModified\":\"2021-09-15T18:24:18+00:00\",\"description\":\"Seis estados brasileiros sofrem com o atraso do recebimento da vacina AstraZeneca contra a Covid-19. Mas o ministro da Sa\u00fade, Marcelo\",\"inLanguage\":\"pt-BR\",\"potentialAction\":[{\"@type\":\"ReadAction\",\"target\":[\"https:\\\/\\\/redenoticiaz.com.br\\\/litoralsp\\\/2021\\\/09\\\/15\\\/ministro-da-saude-contesta-falta-de-doses-e-diz-que-ha-excesso-de-vacinas-no-brasil\"]}]},{\"@type\":\"ImageObject\",\"inLanguage\":\"pt-BR\",\"@id\":\"https:\\\/\\\/redenoticiaz.com.br\\\/litoralsp\\\/2021\\\/09\\\/15\\\/ministro-da-saude-contesta-falta-de-doses-e-diz-que-ha-excesso-de-vacinas-no-brasil#primaryimage\",\"url\":\"https:\\\/\\\/redenoticiaz.com.br\\\/litoralsp\\\/wp-content\\\/uploads\\\/sites\\\/3\\\/2021\\\/09\\\/queiroga.jpeg\",\"contentUrl\":\"https:\\\/\\\/redenoticiaz.com.br\\\/litoralsp\\\/wp-content\\\/uploads\\\/sites\\\/3\\\/2021\\\/09\\\/queiroga.jpeg\",\"width\":1000,\"height\":563,\"caption\":\"Cr\u00e9ditos: Reprodu\u00e7\u00e3o.\"},{\"@type\":\"WebSite\",\"@id\":\"https:\\\/\\\/redenoticiaz.com.br\\\/litoralsp\\\/#website\",\"url\":\"https:\\\/\\\/redenoticiaz.com.br\\\/litoralsp\\\/\",\"name\":\"Litoral SP\",\"description\":\"Rede NoticiaZ\",\"publisher\":{\"@id\":\"https:\\\/\\\/redenoticiaz.com.br\\\/litoralsp\\\/#organization\"},\"potentialAction\":[{\"@type\":\"SearchAction\",\"target\":{\"@type\":\"EntryPoint\",\"urlTemplate\":\"https:\\\/\\\/redenoticiaz.com.br\\\/litoralsp\\\/?s={search_term_string}\"},\"query-input\":{\"@type\":\"PropertyValueSpecification\",\"valueRequired\":true,\"valueName\":\"search_term_string\"}}],\"inLanguage\":\"pt-BR\"},{\"@type\":\"Organization\",\"@id\":\"https:\\\/\\\/redenoticiaz.com.br\\\/litoralsp\\\/#organization\",\"name\":\"Litoral SP\",\"url\":\"https:\\\/\\\/redenoticiaz.com.br\\\/litoralsp\\\/\",\"logo\":{\"@type\":\"ImageObject\",\"inLanguage\":\"pt-BR\",\"@id\":\"https:\\\/\\\/redenoticiaz.com.br\\\/litoralsp\\\/#\\\/schema\\\/logo\\\/image\\\/\",\"url\":\"https:\\\/\\\/redenoticiaz.com.br\\\/litoralsp\\\/wp-content\\\/uploads\\\/sites\\\/3\\\/2020\\\/11\\\/logo.jpg\",\"contentUrl\":\"https:\\\/\\\/redenoticiaz.com.br\\\/litoralsp\\\/wp-content\\\/uploads\\\/sites\\\/3\\\/2020\\\/11\\\/logo.jpg\",\"width\":400,\"height\":250,\"caption\":\"Litoral SP\"},\"image\":{\"@id\":\"https:\\\/\\\/redenoticiaz.com.br\\\/litoralsp\\\/#\\\/schema\\\/logo\\\/image\\\/\"}},{\"@type\":\"Person\",\"@id\":\"https:\\\/\\\/redenoticiaz.com.br\\\/litoralsp\\\/#\\\/schema\\\/person\\\/0f0b8a5bdafefe82841e07ae8d81ecb3\",\"name\":\"Leonardo Francisco\",\"image\":{\"@type\":\"ImageObject\",\"inLanguage\":\"pt-BR\",\"@id\":\"https:\\\/\\\/secure.gravatar.com\\\/avatar\\\/a7358cb406a99b682ec6df1e77e31ae82e63601f6784e8a3df411d72b37864da?s=96&d=mm&r=g\",\"url\":\"https:\\\/\\\/secure.gravatar.com\\\/avatar\\\/a7358cb406a99b682ec6df1e77e31ae82e63601f6784e8a3df411d72b37864da?s=96&d=mm&r=g\",\"contentUrl\":\"https:\\\/\\\/secure.gravatar.com\\\/avatar\\\/a7358cb406a99b682ec6df1e77e31ae82e63601f6784e8a3df411d72b37864da?s=96&d=mm&r=g\",\"caption\":\"Leonardo Francisco\"},\"url\":\"https:\\\/\\\/redenoticiaz.com.br\\\/litoralsp\\\/author\\\/leonardo-francisco\"}]}<\/script>\n<!-- \/ Yoast SEO plugin. -->","yoast_head_json":{"title":"Ministro da Sa\u00fade contesta falta de doses e diz que h\u00e1 'excesso de vacinas no Brasil' - Litoral SP","description":"Seis estados brasileiros sofrem com o atraso do recebimento da vacina AstraZeneca contra a Covid-19. Mas o ministro da Sa\u00fade, Marcelo","robots":{"index":"index","follow":"follow","max-snippet":"max-snippet:-1","max-image-preview":"max-image-preview:large","max-video-preview":"max-video-preview:-1"},"canonical":"https:\/\/redenoticiaz.com.br\/litoralsp\/2021\/09\/15\/ministro-da-saude-contesta-falta-de-doses-e-diz-que-ha-excesso-de-vacinas-no-brasil","og_locale":"pt_BR","og_type":"article","og_title":"Ministro da Sa\u00fade contesta falta de doses e diz que h\u00e1 'excesso de vacinas no Brasil' - Litoral SP","og_description":"Seis estados brasileiros sofrem com o atraso do recebimento da vacina AstraZeneca contra a Covid-19. Mas o ministro da Sa\u00fade, Marcelo","og_url":"https:\/\/redenoticiaz.com.br\/litoralsp\/2021\/09\/15\/ministro-da-saude-contesta-falta-de-doses-e-diz-que-ha-excesso-de-vacinas-no-brasil","og_site_name":"Litoral SP","article_published_time":"2021-09-15T18:19:53+00:00","article_modified_time":"2021-09-15T18:24:18+00:00","og_image":[{"width":1000,"height":563,"url":"https:\/\/redenoticiaz.com.br\/litoralsp\/wp-content\/uploads\/sites\/3\/2021\/09\/queiroga.jpeg","type":"image\/jpeg"}],"author":"Leonardo Francisco","twitter_card":"summary_large_image","twitter_misc":{"Escrito por":"Leonardo Francisco","Est. tempo de leitura":"1 minuto"},"schema":{"@context":"https:\/\/schema.org","@graph":[{"@type":"Article","@id":"https:\/\/redenoticiaz.com.br\/litoralsp\/2021\/09\/15\/ministro-da-saude-contesta-falta-de-doses-e-diz-que-ha-excesso-de-vacinas-no-brasil#article","isPartOf":{"@id":"https:\/\/redenoticiaz.com.br\/litoralsp\/2021\/09\/15\/ministro-da-saude-contesta-falta-de-doses-e-diz-que-ha-excesso-de-vacinas-no-brasil"},"author":{"name":"Leonardo Francisco","@id":"https:\/\/redenoticiaz.com.br\/litoralsp\/#\/schema\/person\/0f0b8a5bdafefe82841e07ae8d81ecb3"},"headline":"Ministro da Sa\u00fade contesta falta de doses e diz que h\u00e1 &#8216;excesso de vacinas no Brasil&#8217;","datePublished":"2021-09-15T18:19:53+00:00","dateModified":"2021-09-15T18:24:18+00:00","mainEntityOfPage":{"@id":"https:\/\/redenoticiaz.com.br\/litoralsp\/2021\/09\/15\/ministro-da-saude-contesta-falta-de-doses-e-diz-que-ha-excesso-de-vacinas-no-brasil"},"wordCount":309,"commentCount":0,"publisher":{"@id":"https:\/\/redenoticiaz.com.br\/litoralsp\/#organization"},"image":{"@id":"https:\/\/redenoticiaz.com.br\/litoralsp\/2021\/09\/15\/ministro-da-saude-contesta-falta-de-doses-e-diz-que-ha-excesso-de-vacinas-no-brasil#primaryimage"},"thumbnailUrl":"https:\/\/redenoticiaz.com.br\/litoralsp\/wp-content\/uploads\/sites\/3\/2021\/09\/queiroga.jpeg","keywords":["Astrazeneca","BAHIA","Brasil","ESP\u00cdRITO SANTO","Guarulhos","Pfizer","RIO GRANDE DO NORTE","RIO GRANDE DO SUL","SANTA CATARINA","S\u00e3o Paulo","SEGUNDA DOSE ATRASADA","VACINA CONTRA A COVID"],"articleSection":["Sa\u00fade"],"inLanguage":"pt-BR","potentialAction":[{"@type":"CommentAction","name":"Comment","target":["https:\/\/redenoticiaz.com.br\/litoralsp\/2021\/09\/15\/ministro-da-saude-contesta-falta-de-doses-e-diz-que-ha-excesso-de-vacinas-no-brasil#respond"]}]},{"@type":"WebPage","@id":"https:\/\/redenoticiaz.com.br\/litoralsp\/2021\/09\/15\/ministro-da-saude-contesta-falta-de-doses-e-diz-que-ha-excesso-de-vacinas-no-brasil","url":"https:\/\/redenoticiaz.com.br\/litoralsp\/2021\/09\/15\/ministro-da-saude-contesta-falta-de-doses-e-diz-que-ha-excesso-de-vacinas-no-brasil","name":"Ministro da Sa\u00fade contesta falta de doses e diz que h\u00e1 'excesso de vacinas no Brasil' - Litoral SP","isPartOf":{"@id":"https:\/\/redenoticiaz.com.br\/litoralsp\/#website"},"primaryImageOfPage":{"@id":"https:\/\/redenoticiaz.com.br\/litoralsp\/2021\/09\/15\/ministro-da-saude-contesta-falta-de-doses-e-diz-que-ha-excesso-de-vacinas-no-brasil#primaryimage"},"image":{"@id":"https:\/\/redenoticiaz.com.br\/litoralsp\/2021\/09\/15\/ministro-da-saude-contesta-falta-de-doses-e-diz-que-ha-excesso-de-vacinas-no-brasil#primaryimage"},"thumbnailUrl":"https:\/\/redenoticiaz.com.br\/litoralsp\/wp-content\/uploads\/sites\/3\/2021\/09\/queiroga.jpeg","datePublished":"2021-09-15T18:19:53+00:00","dateModified":"2021-09-15T18:24:18+00:00","description":"Seis estados brasileiros sofrem com o atraso do recebimento da vacina AstraZeneca contra a Covid-19. Mas o ministro da Sa\u00fade, Marcelo","inLanguage":"pt-BR","potentialAction":[{"@type":"ReadAction","target":["https:\/\/redenoticiaz.com.br\/litoralsp\/2021\/09\/15\/ministro-da-saude-contesta-falta-de-doses-e-diz-que-ha-excesso-de-vacinas-no-brasil"]}]},{"@type":"ImageObject","inLanguage":"pt-BR","@id":"https:\/\/redenoticiaz.com.br\/litoralsp\/2021\/09\/15\/ministro-da-saude-contesta-falta-de-doses-e-diz-que-ha-excesso-de-vacinas-no-brasil#primaryimage","url":"https:\/\/redenoticiaz.com.br\/litoralsp\/wp-content\/uploads\/sites\/3\/2021\/09\/queiroga.jpeg","contentUrl":"https:\/\/redenoticiaz.com.br\/litoralsp\/wp-content\/uploads\/sites\/3\/2021\/09\/queiroga.jpeg","width":1000,"height":563,"caption":"Cr\u00e9ditos: Reprodu\u00e7\u00e3o."},{"@type":"WebSite","@id":"https:\/\/redenoticiaz.com.br\/litoralsp\/#website","url":"https:\/\/redenoticiaz.com.br\/litoralsp\/","name":"Litoral SP","description":"Rede NoticiaZ","publisher":{"@id":"https:\/\/redenoticiaz.com.br\/litoralsp\/#organization"},"potentialAction":[{"@type":"SearchAction","target":{"@type":"EntryPoint","urlTemplate":"https:\/\/redenoticiaz.com.br\/litoralsp\/?s={search_term_string}"},"query-input":{"@type":"PropertyValueSpecification","valueRequired":true,"valueName":"search_term_string"}}],"inLanguage":"pt-BR"},{"@type":"Organization","@id":"https:\/\/redenoticiaz.com.br\/litoralsp\/#organization","name":"Litoral SP","url":"https:\/\/redenoticiaz.com.br\/litoralsp\/","logo":{"@type":"ImageObject","inLanguage":"pt-BR","@id":"https:\/\/redenoticiaz.com.br\/litoralsp\/#\/schema\/logo\/image\/","url":"https:\/\/redenoticiaz.com.br\/litoralsp\/wp-content\/uploads\/sites\/3\/2020\/11\/logo.jpg","contentUrl":"https:\/\/redenoticiaz.com.br\/litoralsp\/wp-content\/uploads\/sites\/3\/2020\/11\/logo.jpg","width":400,"height":250,"caption":"Litoral SP"},"image":{"@id":"https:\/\/redenoticiaz.com.br\/litoralsp\/#\/schema\/logo\/image\/"}},{"@type":"Person","@id":"https:\/\/redenoticiaz.com.br\/litoralsp\/#\/schema\/person\/0f0b8a5bdafefe82841e07ae8d81ecb3","name":"Leonardo Francisco","image":{"@type":"ImageObject","inLanguage":"pt-BR","@id":"https:\/\/secure.gravatar.com\/avatar\/a7358cb406a99b682ec6df1e77e31ae82e63601f6784e8a3df411d72b37864da?s=96&d=mm&r=g","url":"https:\/\/secure.gravatar.com\/avatar\/a7358cb406a99b682ec6df1e77e31ae82e63601f6784e8a3df411d72b37864da?s=96&d=mm&r=g","contentUrl":"https:\/\/secure.gravatar.com\/avatar\/a7358cb406a99b682ec6df1e77e31ae82e63601f6784e8a3df411d72b37864da?s=96&d=mm&r=g","caption":"Leonardo Francisco"},"url":"https:\/\/redenoticiaz.com.br\/litoralsp\/author\/leonardo-francisco"}]}},"_links":{"self":[{"href":"https:\/\/redenoticiaz.com.br\/litoralsp\/wp-json\/wp\/v2\/posts\/14626","targetHints":{"allow":["GET"]}}],"collection":[{"href":"https:\/\/redenoticiaz.com.br\/litoralsp\/wp-json\/wp\/v2\/posts"}],"about":[{"href":"https:\/\/redenoticiaz.com.br\/litoralsp\/wp-json\/wp\/v2\/types\/post"}],"author":[{"embeddable":true,"href":"https:\/\/redenoticiaz.com.br\/litoralsp\/wp-json\/wp\/v2\/users\/6"}],"replies":[{"embeddable":true,"href":"https:\/\/redenoticiaz.com.br\/litoralsp\/wp-json\/wp\/v2\/comments?post=14626"}],"version-history":[{"count":1,"href":"https:\/\/redenoticiaz.com.br\/litoralsp\/wp-json\/wp\/v2\/posts\/14626\/revisions"}],"predecessor-version":[{"id":14628,"href":"https:\/\/redenoticiaz.com.br\/litoralsp\/wp-json\/wp\/v2\/posts\/14626\/revisions\/14628"}],"wp:featuredmedia":[{"embeddable":true,"href":"https:\/\/redenoticiaz.com.br\/litoralsp\/wp-json\/wp\/v2\/media\/14627"}],"wp:attachment":[{"href":"https:\/\/redenoticiaz.com.br\/litoralsp\/wp-json\/wp\/v2\/media?parent=14626"}],"wp:term":[{"taxonomy":"category","embeddable":true,"href":"https:\/\/redenoticiaz.com.br\/litoralsp\/wp-json\/wp\/v2\/categories?post=14626"},{"taxonomy":"post_tag","embeddable":true,"href":"https:\/\/redenoticiaz.com.br\/litoralsp\/wp-json\/wp\/v2\/tags?post=14626"}],"curies":[{"name":"wp","href":"https:\/\/api.w.org\/{rel}","templated":true}]}}