{"id":14638,"date":"2021-09-15T18:02:44","date_gmt":"2021-09-15T21:02:44","guid":{"rendered":"https:\/\/redenoticiaz.com.br\/litoralsp\/?p=14638"},"modified":"2021-09-15T18:03:01","modified_gmt":"2021-09-15T21:03:01","slug":"doze-pessoas-sao-presas-durante-operacao-amazonas-na-baixada-santista","status":"publish","type":"post","link":"https:\/\/redenoticiaz.com.br\/litoralsp\/2021\/09\/15\/doze-pessoas-sao-presas-durante-operacao-amazonas-na-baixada-santista","title":{"rendered":"Doze pessoas s\u00e3o presas durante Opera\u00e7\u00e3o Amazonas na Baixada Santista"},"content":{"rendered":"<p>A <a href=\"https:\/\/www.policiacivil.sp.gov.br\/portal\/faces\/pages_home?_afrLoop=1361347967782977&amp;_afrWindowMode=0&amp;_afrWindowId=teaser#!%40%40%3F_afrWindowId%3Dteaser%26_afrLoop%3D1361347967782977%26_afrWindowMode%3D0%26_adf.ctrl-state%3Duuvx652e1_4\">Pol\u00edcia Civil<\/a> executou a <strong>Opera\u00e7\u00e3o Amazonas<\/strong> nesta quarta-feira (15) nas cidades de Mongagu\u00e1 e Praia Grande. E realizou as pris\u00f5es de 12 pessoas, al\u00e9m de apreender dois adolescentes sob a acusa\u00e7\u00e3o de tr\u00e1fico de drogas.<\/p>\n<p>Segundo a Delegacia de Investiga\u00e7\u00f5es sobre Entorpecentes (Dise) de Itanha\u00e9m, o objetivo da opera\u00e7\u00e3o foi localizar o propriet\u00e1rio e outros &#8216;funcion\u00e1rios&#8217; do tr\u00e1fico de drogas do litoral sul. Durante as investiga\u00e7\u00f5es, a pol\u00edcia verificou que os agentes encontravam maior dificuldade em combater o tr\u00e1fico em Mongagu\u00e1, principalmente, em um ponto de tr\u00e1fico localizado na Rua Amazonas, no bairro Jardim Praia Grande.<\/p>\n<div class=\"mc-column content-text active-extra-styles \" data-block-type=\"unstyled\" data-block-weight=\"43\" data-block-id=\"4\">\n<figure id=\"attachment_14640\" aria-describedby=\"caption-attachment-14640\" style=\"width: 300px\" class=\"wp-caption alignleft\"><img loading=\"lazy\" decoding=\"async\" class=\"size-medium wp-image-14640\" src=\"https:\/\/redenoticiaz.com.br\/litoralsp\/wp-content\/uploads\/sites\/3\/2021\/09\/trafico44-300x226.jpg\" alt=\"\" width=\"300\" height=\"226\" srcset=\"https:\/\/redenoticiaz.com.br\/litoralsp\/wp-content\/uploads\/sites\/3\/2021\/09\/trafico44-300x226.jpg 300w, https:\/\/redenoticiaz.com.br\/litoralsp\/wp-content\/uploads\/sites\/3\/2021\/09\/trafico44-768x578.jpg 768w, https:\/\/redenoticiaz.com.br\/litoralsp\/wp-content\/uploads\/sites\/3\/2021\/09\/trafico44.jpg 1000w\" sizes=\"auto, (max-width: 300px) 100vw, 300px\" \/><figcaption id=\"caption-attachment-14640\" class=\"wp-caption-text\">Cr\u00e9ditos: Reprodu\u00e7\u00e3o.<\/figcaption><\/figure>\n<p class=\"content-text__container \" data-track-category=\"Link no Texto\" data-track-links=\"\">Para identificar os suspeitos, a Pol\u00edcia Civil instalou c\u00e2meras escondidas pela regi\u00e3o. Dessa forma foi poss\u00edvel registrar o trabalho do tr\u00e1fico no local durante quatro dias. No total, 13 pessoas foram identificadas, sendo desde o respons\u00e1vel pelo ponto, vendedores, auxiliares at\u00e9 a pessoa respons\u00e1vel pela contabilidade.<\/p>\n<h3 data-track-category=\"Link no Texto\">As pris\u00f5es<\/h3>\n<div class=\"mc-column content-text active-extra-styles \" data-block-type=\"unstyled\" data-block-weight=\"47\" data-block-id=\"8\">\n<p class=\"content-text__container \" data-track-category=\"Link no Texto\" data-track-links=\"\">Dos mandados de pris\u00e3o, 12 foram cumpridos em Mongagu\u00e1 e apenas um em Praia Grande, onde estava o respons\u00e1vel pelo ponto de tr\u00e1fico de drogas investigado. A pol\u00edcia informou que um dos indiciados teria uma poss\u00edvel liga\u00e7\u00e3o com o PCC, organiza\u00e7\u00e3o criminosa que atua em pres\u00eddios paulistas.<\/p>\n<div class=\"mid-mc-placeholder\">A pol\u00edcia prendeu 11 homens, incluindo o chefe do tr\u00e1fico, uma mulher &#8211; esposa de um dos &#8216;funcion\u00e1rios&#8217; do ponto de venda de drogas e que prestaria aux\u00edlio \u00e0s opera\u00e7\u00f5es do marido &#8211; e, ainda, dois adolescentes, tamb\u00e9m envolvidos com a venda de drogas.<\/div>\n<\/div>\n<\/div>\n<div><\/div>\n<div>O delegado Bruno Mateo Lazaro diz que com as pris\u00f5es realizadas, a ger\u00eancia do tr\u00e1fico de drogas foi desmantelada. &#8220;Pegamos todo o n\u00facleo. Da base at\u00e9 o topo&#8221;. Al\u00e9m disso, nas resid\u00eancias dos acusados, tamb\u00e9m foi encontrada uma grande quantidade de drogas, como coca\u00edna pura, crack e aparelhos celulares.<\/div>\n<div><\/div>\n<div><strong>LEIA TAMB\u00c9M<\/strong><\/div>\n<div><\/div>\n<div><a href=\"https:\/\/redenoticiaz.com.br\/litoralsp\/2021\/09\/15\/ladroes-sao-procurados-apos-roubar-28-toneladas-de-carne-bovina\">Ladr\u00f5es s\u00e3o procurados ap\u00f3s roubar 28 toneladas de carne bovina<\/a><\/div>\n","protected":false},"excerpt":{"rendered":"<p>A Pol\u00edcia Civil executou a Opera\u00e7\u00e3o Amazonas nesta quarta-feira (15) nas cidades de Mongagu\u00e1 e Praia Grande. E realizou as pris\u00f5es de 12 pessoas, al\u00e9m de apreender dois adolescentes sob a acusa\u00e7\u00e3o de tr\u00e1fico de drogas. Segundo a Delegacia de Investiga\u00e7\u00f5es sobre Entorpecentes (Dise) de Itanha\u00e9m, o objetivo da opera\u00e7\u00e3o foi localizar o propriet\u00e1rio e &hellip;<\/p>\n","protected":false},"author":6,"featured_media":14639,"comment_status":"open","ping_status":"closed","sticky":false,"template":"","format":"standard","meta":{"footnotes":""},"categories":[183,10,182],"tags":[1051,34337,1762,1101,34338,61],"class_list":["post-14638","post","type-post","status-publish","format-standard","has-post-thumbnail","hentry","category-mongagua","category-policia","category-praia-grande","tag-mongagua","tag-operacao-amazonas","tag-policia-civil","tag-praia-grande","tag-prisoes-e-apreensoes","tag-trafico-de-drogas"],"yoast_head":"<!-- This site is optimized with the Yoast SEO plugin v27.5 - https:\/\/yoast.com\/product\/yoast-seo-wordpress\/ -->\n<title>Doze pessoas s\u00e3o presas durante Opera\u00e7\u00e3o Amazonas na Baixada Santista - Litoral SP<\/title>\n<meta name=\"description\" content=\"A Pol\u00edcia Civil executou a Opera\u00e7\u00e3o Amazonas nesta quarta-feira (15) nas cidades de Mongagu\u00e1 e Praia Grande. E realizou as pris\u00f5es\" \/>\n<meta name=\"robots\" content=\"index, follow, max-snippet:-1, max-image-preview:large, max-video-preview:-1\" \/>\n<link rel=\"canonical\" href=\"https:\/\/redenoticiaz.com.br\/litoralsp\/2021\/09\/15\/doze-pessoas-sao-presas-durante-operacao-amazonas-na-baixada-santista\" \/>\n<meta property=\"og:locale\" content=\"pt_BR\" \/>\n<meta property=\"og:type\" content=\"article\" \/>\n<meta property=\"og:title\" content=\"Doze pessoas s\u00e3o presas durante Opera\u00e7\u00e3o Amazonas na Baixada Santista - Litoral SP\" \/>\n<meta property=\"og:description\" content=\"A Pol\u00edcia Civil executou a Opera\u00e7\u00e3o Amazonas nesta quarta-feira (15) nas cidades de Mongagu\u00e1 e Praia Grande. E realizou as pris\u00f5es\" \/>\n<meta property=\"og:url\" content=\"https:\/\/redenoticiaz.com.br\/litoralsp\/2021\/09\/15\/doze-pessoas-sao-presas-durante-operacao-amazonas-na-baixada-santista\" \/>\n<meta property=\"og:site_name\" content=\"Litoral SP\" \/>\n<meta property=\"article:published_time\" content=\"2021-09-15T21:02:44+00:00\" \/>\n<meta property=\"article:modified_time\" content=\"2021-09-15T21:03:01+00:00\" \/>\n<meta property=\"og:image\" content=\"https:\/\/redenoticiaz.com.br\/litoralsp\/wp-content\/uploads\/sites\/3\/2021\/09\/celulares.jpeg\" \/>\n\t<meta property=\"og:image:width\" content=\"1000\" \/>\n\t<meta property=\"og:image:height\" content=\"750\" \/>\n\t<meta property=\"og:image:type\" content=\"image\/jpeg\" \/>\n<meta name=\"author\" content=\"Leonardo Francisco\" \/>\n<meta name=\"twitter:card\" content=\"summary_large_image\" \/>\n<meta name=\"twitter:label1\" content=\"Escrito por\" \/>\n\t<meta name=\"twitter:data1\" content=\"Leonardo Francisco\" \/>\n\t<meta name=\"twitter:label2\" content=\"Est. tempo de leitura\" \/>\n\t<meta name=\"twitter:data2\" content=\"2 minutos\" \/>\n<script type=\"application\/ld+json\" class=\"yoast-schema-graph\">{\"@context\":\"https:\\\/\\\/schema.org\",\"@graph\":[{\"@type\":\"Article\",\"@id\":\"https:\\\/\\\/redenoticiaz.com.br\\\/litoralsp\\\/2021\\\/09\\\/15\\\/doze-pessoas-sao-presas-durante-operacao-amazonas-na-baixada-santista#article\",\"isPartOf\":{\"@id\":\"https:\\\/\\\/redenoticiaz.com.br\\\/litoralsp\\\/2021\\\/09\\\/15\\\/doze-pessoas-sao-presas-durante-operacao-amazonas-na-baixada-santista\"},\"author\":{\"name\":\"Leonardo Francisco\",\"@id\":\"https:\\\/\\\/redenoticiaz.com.br\\\/litoralsp\\\/#\\\/schema\\\/person\\\/0f0b8a5bdafefe82841e07ae8d81ecb3\"},\"headline\":\"Doze pessoas s\u00e3o presas durante Opera\u00e7\u00e3o Amazonas na Baixada Santista\",\"datePublished\":\"2021-09-15T21:02:44+00:00\",\"dateModified\":\"2021-09-15T21:03:01+00:00\",\"mainEntityOfPage\":{\"@id\":\"https:\\\/\\\/redenoticiaz.com.br\\\/litoralsp\\\/2021\\\/09\\\/15\\\/doze-pessoas-sao-presas-durante-operacao-amazonas-na-baixada-santista\"},\"wordCount\":364,\"commentCount\":0,\"publisher\":{\"@id\":\"https:\\\/\\\/redenoticiaz.com.br\\\/litoralsp\\\/#organization\"},\"image\":{\"@id\":\"https:\\\/\\\/redenoticiaz.com.br\\\/litoralsp\\\/2021\\\/09\\\/15\\\/doze-pessoas-sao-presas-durante-operacao-amazonas-na-baixada-santista#primaryimage\"},\"thumbnailUrl\":\"https:\\\/\\\/redenoticiaz.com.br\\\/litoralsp\\\/wp-content\\\/uploads\\\/sites\\\/3\\\/2021\\\/09\\\/celulares.jpeg\",\"keywords\":[\"MONGAGU\u00c1\",\"OPERA\u00c7\u00c3O AMAZONAS\",\"POL\u00cdCIA CIVIL\",\"PRAIA GRANDE\",\"PRIS\u00d5ES E APREENS\u00d5ES\",\"TR\u00c1FICO DE DROGAS\"],\"articleSection\":[\"Mongagu\u00e1\",\"Pol\u00edcia\",\"Praia Grande\"],\"inLanguage\":\"pt-BR\",\"potentialAction\":[{\"@type\":\"CommentAction\",\"name\":\"Comment\",\"target\":[\"https:\\\/\\\/redenoticiaz.com.br\\\/litoralsp\\\/2021\\\/09\\\/15\\\/doze-pessoas-sao-presas-durante-operacao-amazonas-na-baixada-santista#respond\"]}]},{\"@type\":\"WebPage\",\"@id\":\"https:\\\/\\\/redenoticiaz.com.br\\\/litoralsp\\\/2021\\\/09\\\/15\\\/doze-pessoas-sao-presas-durante-operacao-amazonas-na-baixada-santista\",\"url\":\"https:\\\/\\\/redenoticiaz.com.br\\\/litoralsp\\\/2021\\\/09\\\/15\\\/doze-pessoas-sao-presas-durante-operacao-amazonas-na-baixada-santista\",\"name\":\"Doze pessoas s\u00e3o presas durante Opera\u00e7\u00e3o Amazonas na Baixada Santista - Litoral SP\",\"isPartOf\":{\"@id\":\"https:\\\/\\\/redenoticiaz.com.br\\\/litoralsp\\\/#website\"},\"primaryImageOfPage\":{\"@id\":\"https:\\\/\\\/redenoticiaz.com.br\\\/litoralsp\\\/2021\\\/09\\\/15\\\/doze-pessoas-sao-presas-durante-operacao-amazonas-na-baixada-santista#primaryimage\"},\"image\":{\"@id\":\"https:\\\/\\\/redenoticiaz.com.br\\\/litoralsp\\\/2021\\\/09\\\/15\\\/doze-pessoas-sao-presas-durante-operacao-amazonas-na-baixada-santista#primaryimage\"},\"thumbnailUrl\":\"https:\\\/\\\/redenoticiaz.com.br\\\/litoralsp\\\/wp-content\\\/uploads\\\/sites\\\/3\\\/2021\\\/09\\\/celulares.jpeg\",\"datePublished\":\"2021-09-15T21:02:44+00:00\",\"dateModified\":\"2021-09-15T21:03:01+00:00\",\"description\":\"A Pol\u00edcia Civil executou a Opera\u00e7\u00e3o Amazonas nesta quarta-feira (15) nas cidades de Mongagu\u00e1 e Praia Grande. E realizou as pris\u00f5es\",\"inLanguage\":\"pt-BR\",\"potentialAction\":[{\"@type\":\"ReadAction\",\"target\":[\"https:\\\/\\\/redenoticiaz.com.br\\\/litoralsp\\\/2021\\\/09\\\/15\\\/doze-pessoas-sao-presas-durante-operacao-amazonas-na-baixada-santista\"]}]},{\"@type\":\"ImageObject\",\"inLanguage\":\"pt-BR\",\"@id\":\"https:\\\/\\\/redenoticiaz.com.br\\\/litoralsp\\\/2021\\\/09\\\/15\\\/doze-pessoas-sao-presas-durante-operacao-amazonas-na-baixada-santista#primaryimage\",\"url\":\"https:\\\/\\\/redenoticiaz.com.br\\\/litoralsp\\\/wp-content\\\/uploads\\\/sites\\\/3\\\/2021\\\/09\\\/celulares.jpeg\",\"contentUrl\":\"https:\\\/\\\/redenoticiaz.com.br\\\/litoralsp\\\/wp-content\\\/uploads\\\/sites\\\/3\\\/2021\\\/09\\\/celulares.jpeg\",\"width\":1000,\"height\":750,\"caption\":\"Materiais usados no crime foram apreendidos.\"},{\"@type\":\"WebSite\",\"@id\":\"https:\\\/\\\/redenoticiaz.com.br\\\/litoralsp\\\/#website\",\"url\":\"https:\\\/\\\/redenoticiaz.com.br\\\/litoralsp\\\/\",\"name\":\"Litoral SP\",\"description\":\"Rede NoticiaZ\",\"publisher\":{\"@id\":\"https:\\\/\\\/redenoticiaz.com.br\\\/litoralsp\\\/#organization\"},\"potentialAction\":[{\"@type\":\"SearchAction\",\"target\":{\"@type\":\"EntryPoint\",\"urlTemplate\":\"https:\\\/\\\/redenoticiaz.com.br\\\/litoralsp\\\/?s={search_term_string}\"},\"query-input\":{\"@type\":\"PropertyValueSpecification\",\"valueRequired\":true,\"valueName\":\"search_term_string\"}}],\"inLanguage\":\"pt-BR\"},{\"@type\":\"Organization\",\"@id\":\"https:\\\/\\\/redenoticiaz.com.br\\\/litoralsp\\\/#organization\",\"name\":\"Litoral SP\",\"url\":\"https:\\\/\\\/redenoticiaz.com.br\\\/litoralsp\\\/\",\"logo\":{\"@type\":\"ImageObject\",\"inLanguage\":\"pt-BR\",\"@id\":\"https:\\\/\\\/redenoticiaz.com.br\\\/litoralsp\\\/#\\\/schema\\\/logo\\\/image\\\/\",\"url\":\"https:\\\/\\\/redenoticiaz.com.br\\\/litoralsp\\\/wp-content\\\/uploads\\\/sites\\\/3\\\/2020\\\/11\\\/logo.jpg\",\"contentUrl\":\"https:\\\/\\\/redenoticiaz.com.br\\\/litoralsp\\\/wp-content\\\/uploads\\\/sites\\\/3\\\/2020\\\/11\\\/logo.jpg\",\"width\":400,\"height\":250,\"caption\":\"Litoral SP\"},\"image\":{\"@id\":\"https:\\\/\\\/redenoticiaz.com.br\\\/litoralsp\\\/#\\\/schema\\\/logo\\\/image\\\/\"}},{\"@type\":\"Person\",\"@id\":\"https:\\\/\\\/redenoticiaz.com.br\\\/litoralsp\\\/#\\\/schema\\\/person\\\/0f0b8a5bdafefe82841e07ae8d81ecb3\",\"name\":\"Leonardo Francisco\",\"image\":{\"@type\":\"ImageObject\",\"inLanguage\":\"pt-BR\",\"@id\":\"https:\\\/\\\/secure.gravatar.com\\\/avatar\\\/a7358cb406a99b682ec6df1e77e31ae82e63601f6784e8a3df411d72b37864da?s=96&d=mm&r=g\",\"url\":\"https:\\\/\\\/secure.gravatar.com\\\/avatar\\\/a7358cb406a99b682ec6df1e77e31ae82e63601f6784e8a3df411d72b37864da?s=96&d=mm&r=g\",\"contentUrl\":\"https:\\\/\\\/secure.gravatar.com\\\/avatar\\\/a7358cb406a99b682ec6df1e77e31ae82e63601f6784e8a3df411d72b37864da?s=96&d=mm&r=g\",\"caption\":\"Leonardo Francisco\"},\"url\":\"https:\\\/\\\/redenoticiaz.com.br\\\/litoralsp\\\/author\\\/leonardo-francisco\"}]}<\/script>\n<!-- \/ Yoast SEO plugin. -->","yoast_head_json":{"title":"Doze pessoas s\u00e3o presas durante Opera\u00e7\u00e3o Amazonas na Baixada Santista - Litoral SP","description":"A Pol\u00edcia Civil executou a Opera\u00e7\u00e3o Amazonas nesta quarta-feira (15) nas cidades de Mongagu\u00e1 e Praia Grande. E realizou as pris\u00f5es","robots":{"index":"index","follow":"follow","max-snippet":"max-snippet:-1","max-image-preview":"max-image-preview:large","max-video-preview":"max-video-preview:-1"},"canonical":"https:\/\/redenoticiaz.com.br\/litoralsp\/2021\/09\/15\/doze-pessoas-sao-presas-durante-operacao-amazonas-na-baixada-santista","og_locale":"pt_BR","og_type":"article","og_title":"Doze pessoas s\u00e3o presas durante Opera\u00e7\u00e3o Amazonas na Baixada Santista - Litoral SP","og_description":"A Pol\u00edcia Civil executou a Opera\u00e7\u00e3o Amazonas nesta quarta-feira (15) nas cidades de Mongagu\u00e1 e Praia Grande. E realizou as pris\u00f5es","og_url":"https:\/\/redenoticiaz.com.br\/litoralsp\/2021\/09\/15\/doze-pessoas-sao-presas-durante-operacao-amazonas-na-baixada-santista","og_site_name":"Litoral SP","article_published_time":"2021-09-15T21:02:44+00:00","article_modified_time":"2021-09-15T21:03:01+00:00","og_image":[{"width":1000,"height":750,"url":"https:\/\/redenoticiaz.com.br\/litoralsp\/wp-content\/uploads\/sites\/3\/2021\/09\/celulares.jpeg","type":"image\/jpeg"}],"author":"Leonardo Francisco","twitter_card":"summary_large_image","twitter_misc":{"Escrito por":"Leonardo Francisco","Est. tempo de leitura":"2 minutos"},"schema":{"@context":"https:\/\/schema.org","@graph":[{"@type":"Article","@id":"https:\/\/redenoticiaz.com.br\/litoralsp\/2021\/09\/15\/doze-pessoas-sao-presas-durante-operacao-amazonas-na-baixada-santista#article","isPartOf":{"@id":"https:\/\/redenoticiaz.com.br\/litoralsp\/2021\/09\/15\/doze-pessoas-sao-presas-durante-operacao-amazonas-na-baixada-santista"},"author":{"name":"Leonardo Francisco","@id":"https:\/\/redenoticiaz.com.br\/litoralsp\/#\/schema\/person\/0f0b8a5bdafefe82841e07ae8d81ecb3"},"headline":"Doze pessoas s\u00e3o presas durante Opera\u00e7\u00e3o Amazonas na Baixada Santista","datePublished":"2021-09-15T21:02:44+00:00","dateModified":"2021-09-15T21:03:01+00:00","mainEntityOfPage":{"@id":"https:\/\/redenoticiaz.com.br\/litoralsp\/2021\/09\/15\/doze-pessoas-sao-presas-durante-operacao-amazonas-na-baixada-santista"},"wordCount":364,"commentCount":0,"publisher":{"@id":"https:\/\/redenoticiaz.com.br\/litoralsp\/#organization"},"image":{"@id":"https:\/\/redenoticiaz.com.br\/litoralsp\/2021\/09\/15\/doze-pessoas-sao-presas-durante-operacao-amazonas-na-baixada-santista#primaryimage"},"thumbnailUrl":"https:\/\/redenoticiaz.com.br\/litoralsp\/wp-content\/uploads\/sites\/3\/2021\/09\/celulares.jpeg","keywords":["MONGAGU\u00c1","OPERA\u00c7\u00c3O AMAZONAS","POL\u00cdCIA CIVIL","PRAIA GRANDE","PRIS\u00d5ES E APREENS\u00d5ES","TR\u00c1FICO DE DROGAS"],"articleSection":["Mongagu\u00e1","Pol\u00edcia","Praia Grande"],"inLanguage":"pt-BR","potentialAction":[{"@type":"CommentAction","name":"Comment","target":["https:\/\/redenoticiaz.com.br\/litoralsp\/2021\/09\/15\/doze-pessoas-sao-presas-durante-operacao-amazonas-na-baixada-santista#respond"]}]},{"@type":"WebPage","@id":"https:\/\/redenoticiaz.com.br\/litoralsp\/2021\/09\/15\/doze-pessoas-sao-presas-durante-operacao-amazonas-na-baixada-santista","url":"https:\/\/redenoticiaz.com.br\/litoralsp\/2021\/09\/15\/doze-pessoas-sao-presas-durante-operacao-amazonas-na-baixada-santista","name":"Doze pessoas s\u00e3o presas durante Opera\u00e7\u00e3o Amazonas na Baixada Santista - Litoral SP","isPartOf":{"@id":"https:\/\/redenoticiaz.com.br\/litoralsp\/#website"},"primaryImageOfPage":{"@id":"https:\/\/redenoticiaz.com.br\/litoralsp\/2021\/09\/15\/doze-pessoas-sao-presas-durante-operacao-amazonas-na-baixada-santista#primaryimage"},"image":{"@id":"https:\/\/redenoticiaz.com.br\/litoralsp\/2021\/09\/15\/doze-pessoas-sao-presas-durante-operacao-amazonas-na-baixada-santista#primaryimage"},"thumbnailUrl":"https:\/\/redenoticiaz.com.br\/litoralsp\/wp-content\/uploads\/sites\/3\/2021\/09\/celulares.jpeg","datePublished":"2021-09-15T21:02:44+00:00","dateModified":"2021-09-15T21:03:01+00:00","description":"A Pol\u00edcia Civil executou a Opera\u00e7\u00e3o Amazonas nesta quarta-feira (15) nas cidades de Mongagu\u00e1 e Praia Grande. E realizou as pris\u00f5es","inLanguage":"pt-BR","potentialAction":[{"@type":"ReadAction","target":["https:\/\/redenoticiaz.com.br\/litoralsp\/2021\/09\/15\/doze-pessoas-sao-presas-durante-operacao-amazonas-na-baixada-santista"]}]},{"@type":"ImageObject","inLanguage":"pt-BR","@id":"https:\/\/redenoticiaz.com.br\/litoralsp\/2021\/09\/15\/doze-pessoas-sao-presas-durante-operacao-amazonas-na-baixada-santista#primaryimage","url":"https:\/\/redenoticiaz.com.br\/litoralsp\/wp-content\/uploads\/sites\/3\/2021\/09\/celulares.jpeg","contentUrl":"https:\/\/redenoticiaz.com.br\/litoralsp\/wp-content\/uploads\/sites\/3\/2021\/09\/celulares.jpeg","width":1000,"height":750,"caption":"Materiais usados no crime foram apreendidos."},{"@type":"WebSite","@id":"https:\/\/redenoticiaz.com.br\/litoralsp\/#website","url":"https:\/\/redenoticiaz.com.br\/litoralsp\/","name":"Litoral SP","description":"Rede NoticiaZ","publisher":{"@id":"https:\/\/redenoticiaz.com.br\/litoralsp\/#organization"},"potentialAction":[{"@type":"SearchAction","target":{"@type":"EntryPoint","urlTemplate":"https:\/\/redenoticiaz.com.br\/litoralsp\/?s={search_term_string}"},"query-input":{"@type":"PropertyValueSpecification","valueRequired":true,"valueName":"search_term_string"}}],"inLanguage":"pt-BR"},{"@type":"Organization","@id":"https:\/\/redenoticiaz.com.br\/litoralsp\/#organization","name":"Litoral SP","url":"https:\/\/redenoticiaz.com.br\/litoralsp\/","logo":{"@type":"ImageObject","inLanguage":"pt-BR","@id":"https:\/\/redenoticiaz.com.br\/litoralsp\/#\/schema\/logo\/image\/","url":"https:\/\/redenoticiaz.com.br\/litoralsp\/wp-content\/uploads\/sites\/3\/2020\/11\/logo.jpg","contentUrl":"https:\/\/redenoticiaz.com.br\/litoralsp\/wp-content\/uploads\/sites\/3\/2020\/11\/logo.jpg","width":400,"height":250,"caption":"Litoral SP"},"image":{"@id":"https:\/\/redenoticiaz.com.br\/litoralsp\/#\/schema\/logo\/image\/"}},{"@type":"Person","@id":"https:\/\/redenoticiaz.com.br\/litoralsp\/#\/schema\/person\/0f0b8a5bdafefe82841e07ae8d81ecb3","name":"Leonardo Francisco","image":{"@type":"ImageObject","inLanguage":"pt-BR","@id":"https:\/\/secure.gravatar.com\/avatar\/a7358cb406a99b682ec6df1e77e31ae82e63601f6784e8a3df411d72b37864da?s=96&d=mm&r=g","url":"https:\/\/secure.gravatar.com\/avatar\/a7358cb406a99b682ec6df1e77e31ae82e63601f6784e8a3df411d72b37864da?s=96&d=mm&r=g","contentUrl":"https:\/\/secure.gravatar.com\/avatar\/a7358cb406a99b682ec6df1e77e31ae82e63601f6784e8a3df411d72b37864da?s=96&d=mm&r=g","caption":"Leonardo Francisco"},"url":"https:\/\/redenoticiaz.com.br\/litoralsp\/author\/leonardo-francisco"}]}},"_links":{"self":[{"href":"https:\/\/redenoticiaz.com.br\/litoralsp\/wp-json\/wp\/v2\/posts\/14638","targetHints":{"allow":["GET"]}}],"collection":[{"href":"https:\/\/redenoticiaz.com.br\/litoralsp\/wp-json\/wp\/v2\/posts"}],"about":[{"href":"https:\/\/redenoticiaz.com.br\/litoralsp\/wp-json\/wp\/v2\/types\/post"}],"author":[{"embeddable":true,"href":"https:\/\/redenoticiaz.com.br\/litoralsp\/wp-json\/wp\/v2\/users\/6"}],"replies":[{"embeddable":true,"href":"https:\/\/redenoticiaz.com.br\/litoralsp\/wp-json\/wp\/v2\/comments?post=14638"}],"version-history":[{"count":1,"href":"https:\/\/redenoticiaz.com.br\/litoralsp\/wp-json\/wp\/v2\/posts\/14638\/revisions"}],"predecessor-version":[{"id":14641,"href":"https:\/\/redenoticiaz.com.br\/litoralsp\/wp-json\/wp\/v2\/posts\/14638\/revisions\/14641"}],"wp:featuredmedia":[{"embeddable":true,"href":"https:\/\/redenoticiaz.com.br\/litoralsp\/wp-json\/wp\/v2\/media\/14639"}],"wp:attachment":[{"href":"https:\/\/redenoticiaz.com.br\/litoralsp\/wp-json\/wp\/v2\/media?parent=14638"}],"wp:term":[{"taxonomy":"category","embeddable":true,"href":"https:\/\/redenoticiaz.com.br\/litoralsp\/wp-json\/wp\/v2\/categories?post=14638"},{"taxonomy":"post_tag","embeddable":true,"href":"https:\/\/redenoticiaz.com.br\/litoralsp\/wp-json\/wp\/v2\/tags?post=14638"}],"curies":[{"name":"wp","href":"https:\/\/api.w.org\/{rel}","templated":true}]}}