{"id":14699,"date":"2021-09-19T14:00:11","date_gmt":"2021-09-19T17:00:11","guid":{"rendered":"https:\/\/redenoticiaz.com.br\/litoralsp\/?p=14699"},"modified":"2021-09-19T14:54:01","modified_gmt":"2021-09-19T17:54:01","slug":"zona-de-conforto-mais-conhecida-como-bundamolice","status":"publish","type":"post","link":"https:\/\/redenoticiaz.com.br\/litoralsp\/2021\/09\/19\/zona-de-conforto-mais-conhecida-como-bundamolice","title":{"rendered":"Zona de conforto mais conhecida como: BUNDAMOLICE!"},"content":{"rendered":"<p>J\u00e1 ouviu falar de zona de conforto? Lugar confort\u00e1vel onde voc\u00ea sempre acha que est\u00e1 bom assim. Ela ganhou novo nome. Agora, se chama: <em>bundamolice<\/em>!<\/p>\n<p><strong>*por Adalberto Ceolin<\/strong><\/p>\n<p>Que tal esperar que as coisas mudem para come\u00e7ar um novo plano?! Mudar de emprego, mudar de academia, come\u00e7ar uma dieta, casar, descasar, entrar de cabe\u00e7a em um relacionamento, sair de um relacionamento.<\/p>\n<p>Talvez seja melhor deixar isso para o ano que vem. Dieta?! Segunda-feira em come\u00e7o.<\/p>\n<p>Ah, j\u00e1 estamos no meio da semana. Puts. J\u00e1 chegou na metade do m\u00eas. Nossa!!!!!! como o ano passou r\u00e1pido!<\/p>\n<p>E assim vai mais desculpas para procrastinar nunca ir\u00e3o faltar.<\/p>\n<p>O nome disso \u00e9 \u201cbundamolice\u201d, o\u00a0apelido mas apropriado para aquilo que chamamos de zona de conforto.<\/p>\n<p>Mudar, muitas vezes da trabalho e por isso, inconscientemente nossas limita\u00e7\u00f5es ou cren\u00e7as limitadoras se afloram, nos protegendo dos sacrif\u00edcios da mudan\u00e7a.<\/p>\n<p>Se voc\u00ea j\u00e1 \u00e9 feliz e n\u00e3o quer mudar, est\u00e1 tudo ok. N\u00e3o h\u00e1 nada de errado com isso.<\/p>\n<p>Mas se pretende caminhar em dire\u00e7\u00e3o \u00e0 sua auto evolu\u00e7\u00e3o, n\u00e3o arranje desculpas ou coloque a culpa em fatores externos, pessoas, calend\u00e1rio, chefe, namorada, no diabo, em Deus etc.<\/p>\n<p>Somente voc\u00ea mesmo pode interromper sua caminhada se quiser arrumar boas desculpas para isso. Lembre-se: elas est\u00e3o a\u00ed e s\u00e3o f\u00e1ceis de arrumar.<\/p>\n<p>O passo \u00e0 frente s\u00f3 depende de voc\u00ea. Pare de colocar a culpa nos outros e v\u00e1 em busca de seus sonhos.<\/p>\n<p>E a\u00ed?! Qual seu primeiro passo em dire\u00e7\u00e3o aos sonhos??<\/p>\n<p><a href=\"https:\/\/www.facebook.com\/Adalberto-Ceolin-2515424785216686\/\"><strong><em>Adalberto Ceolin<\/em><\/strong><\/a><br \/>\n<strong><em>Coach e PNL Master Practitioner e<\/em><\/strong><br \/>\n<strong><em>Delegado de Pol\u00edcia do Estado de S\u00e3o Paulo<\/em><\/strong><\/p>\n","protected":false},"excerpt":{"rendered":"<p>J\u00e1 ouviu falar de zona de conforto? Lugar confort\u00e1vel onde voc\u00ea sempre acha que est\u00e1 bom assim. Ela ganhou novo nome. Agora, se chama: bundamolice! *por Adalberto Ceolin Que tal esperar que as coisas mudem para come\u00e7ar um novo plano?! Mudar de emprego, mudar de academia, come\u00e7ar uma dieta, casar, descasar, entrar de cabe\u00e7a em &hellip;<\/p>\n","protected":false},"author":5,"featured_media":14700,"comment_status":"open","ping_status":"closed","sticky":false,"template":"","format":"standard","meta":{"footnotes":""},"categories":[1],"tags":[34438,34439,16098,16444,34440],"class_list":["post-14699","post","type-post","status-publish","format-standard","has-post-thumbnail","hentry","category-sem","tag-bundamolice","tag-coach","tag-felicidade","tag-mudancas","tag-zona-de-conforto"],"yoast_head":"<!-- This site is optimized with the Yoast SEO plugin v27.5 - https:\/\/yoast.com\/product\/yoast-seo-wordpress\/ -->\n<title>Zona de conforto mais conhecida como: BUNDAMOLICE! - Litoral SP<\/title>\n<meta name=\"description\" content=\"J\u00e1 ouviu falar de zona de conforto? Lugar confort\u00e1vel onde voc\u00ea sempre acha que est\u00e1 bom assim. Ela ganhou novo nome. Agora, se chama: bundamolice!\" \/>\n<meta name=\"robots\" content=\"index, follow, max-snippet:-1, max-image-preview:large, max-video-preview:-1\" \/>\n<link rel=\"canonical\" href=\"https:\/\/redenoticiaz.com.br\/litoralsp\/2021\/09\/19\/zona-de-conforto-mais-conhecida-como-bundamolice\" \/>\n<meta property=\"og:locale\" content=\"pt_BR\" \/>\n<meta property=\"og:type\" content=\"article\" \/>\n<meta property=\"og:title\" content=\"Zona de conforto mais conhecida como: BUNDAMOLICE! - Litoral SP\" \/>\n<meta property=\"og:description\" content=\"J\u00e1 ouviu falar de zona de conforto? Lugar confort\u00e1vel onde voc\u00ea sempre acha que est\u00e1 bom assim. Ela ganhou novo nome. Agora, se chama: bundamolice!\" \/>\n<meta property=\"og:url\" content=\"https:\/\/redenoticiaz.com.br\/litoralsp\/2021\/09\/19\/zona-de-conforto-mais-conhecida-como-bundamolice\" \/>\n<meta property=\"og:site_name\" content=\"Litoral SP\" \/>\n<meta property=\"article:published_time\" content=\"2021-09-19T17:00:11+00:00\" \/>\n<meta property=\"article:modified_time\" content=\"2021-09-19T17:54:01+00:00\" \/>\n<meta property=\"og:image\" content=\"https:\/\/redenoticiaz.com.br\/litoralsp\/wp-content\/uploads\/sites\/3\/2021\/09\/zona-de-conforto.jpg\" \/>\n\t<meta property=\"og:image:width\" content=\"1050\" \/>\n\t<meta property=\"og:image:height\" content=\"700\" \/>\n\t<meta property=\"og:image:type\" content=\"image\/jpeg\" \/>\n<meta name=\"author\" content=\"Patr\u00edcia Prado\" \/>\n<meta name=\"twitter:card\" content=\"summary_large_image\" \/>\n<meta name=\"twitter:label1\" content=\"Escrito por\" \/>\n\t<meta name=\"twitter:data1\" content=\"Patr\u00edcia Prado\" \/>\n\t<meta name=\"twitter:label2\" content=\"Est. tempo de leitura\" \/>\n\t<meta name=\"twitter:data2\" content=\"1 minuto\" \/>\n<script type=\"application\/ld+json\" class=\"yoast-schema-graph\">{\"@context\":\"https:\\\/\\\/schema.org\",\"@graph\":[{\"@type\":\"Article\",\"@id\":\"https:\\\/\\\/redenoticiaz.com.br\\\/litoralsp\\\/2021\\\/09\\\/19\\\/zona-de-conforto-mais-conhecida-como-bundamolice#article\",\"isPartOf\":{\"@id\":\"https:\\\/\\\/redenoticiaz.com.br\\\/litoralsp\\\/2021\\\/09\\\/19\\\/zona-de-conforto-mais-conhecida-como-bundamolice\"},\"author\":{\"name\":\"Patr\u00edcia Prado\",\"@id\":\"https:\\\/\\\/redenoticiaz.com.br\\\/litoralsp\\\/#\\\/schema\\\/person\\\/e1b0bd8c2637e2c1b6ddcbc2c33b116f\"},\"headline\":\"Zona de conforto mais conhecida como: BUNDAMOLICE!\",\"datePublished\":\"2021-09-19T17:00:11+00:00\",\"dateModified\":\"2021-09-19T17:54:01+00:00\",\"mainEntityOfPage\":{\"@id\":\"https:\\\/\\\/redenoticiaz.com.br\\\/litoralsp\\\/2021\\\/09\\\/19\\\/zona-de-conforto-mais-conhecida-como-bundamolice\"},\"wordCount\":290,\"commentCount\":0,\"publisher\":{\"@id\":\"https:\\\/\\\/redenoticiaz.com.br\\\/litoralsp\\\/#organization\"},\"image\":{\"@id\":\"https:\\\/\\\/redenoticiaz.com.br\\\/litoralsp\\\/2021\\\/09\\\/19\\\/zona-de-conforto-mais-conhecida-como-bundamolice#primaryimage\"},\"thumbnailUrl\":\"https:\\\/\\\/redenoticiaz.com.br\\\/litoralsp\\\/wp-content\\\/uploads\\\/sites\\\/3\\\/2021\\\/09\\\/zona-de-conforto.jpg\",\"keywords\":[\"BUNDAMOLICE\",\"Coach\",\"FELICIDADE\",\"MUDAN\u00c7AS\",\"ZONA DE CONFORTO\"],\"articleSection\":[\"sem\"],\"inLanguage\":\"pt-BR\",\"potentialAction\":[{\"@type\":\"CommentAction\",\"name\":\"Comment\",\"target\":[\"https:\\\/\\\/redenoticiaz.com.br\\\/litoralsp\\\/2021\\\/09\\\/19\\\/zona-de-conforto-mais-conhecida-como-bundamolice#respond\"]}]},{\"@type\":\"WebPage\",\"@id\":\"https:\\\/\\\/redenoticiaz.com.br\\\/litoralsp\\\/2021\\\/09\\\/19\\\/zona-de-conforto-mais-conhecida-como-bundamolice\",\"url\":\"https:\\\/\\\/redenoticiaz.com.br\\\/litoralsp\\\/2021\\\/09\\\/19\\\/zona-de-conforto-mais-conhecida-como-bundamolice\",\"name\":\"Zona de conforto mais conhecida como: BUNDAMOLICE! - Litoral SP\",\"isPartOf\":{\"@id\":\"https:\\\/\\\/redenoticiaz.com.br\\\/litoralsp\\\/#website\"},\"primaryImageOfPage\":{\"@id\":\"https:\\\/\\\/redenoticiaz.com.br\\\/litoralsp\\\/2021\\\/09\\\/19\\\/zona-de-conforto-mais-conhecida-como-bundamolice#primaryimage\"},\"image\":{\"@id\":\"https:\\\/\\\/redenoticiaz.com.br\\\/litoralsp\\\/2021\\\/09\\\/19\\\/zona-de-conforto-mais-conhecida-como-bundamolice#primaryimage\"},\"thumbnailUrl\":\"https:\\\/\\\/redenoticiaz.com.br\\\/litoralsp\\\/wp-content\\\/uploads\\\/sites\\\/3\\\/2021\\\/09\\\/zona-de-conforto.jpg\",\"datePublished\":\"2021-09-19T17:00:11+00:00\",\"dateModified\":\"2021-09-19T17:54:01+00:00\",\"description\":\"J\u00e1 ouviu falar de zona de conforto? Lugar confort\u00e1vel onde voc\u00ea sempre acha que est\u00e1 bom assim. Ela ganhou novo nome. Agora, se chama: bundamolice!\",\"inLanguage\":\"pt-BR\",\"potentialAction\":[{\"@type\":\"ReadAction\",\"target\":[\"https:\\\/\\\/redenoticiaz.com.br\\\/litoralsp\\\/2021\\\/09\\\/19\\\/zona-de-conforto-mais-conhecida-como-bundamolice\"]}]},{\"@type\":\"ImageObject\",\"inLanguage\":\"pt-BR\",\"@id\":\"https:\\\/\\\/redenoticiaz.com.br\\\/litoralsp\\\/2021\\\/09\\\/19\\\/zona-de-conforto-mais-conhecida-como-bundamolice#primaryimage\",\"url\":\"https:\\\/\\\/redenoticiaz.com.br\\\/litoralsp\\\/wp-content\\\/uploads\\\/sites\\\/3\\\/2021\\\/09\\\/zona-de-conforto.jpg\",\"contentUrl\":\"https:\\\/\\\/redenoticiaz.com.br\\\/litoralsp\\\/wp-content\\\/uploads\\\/sites\\\/3\\\/2021\\\/09\\\/zona-de-conforto.jpg\",\"width\":1050,\"height\":700,\"caption\":\"Foto: Reprodu\u00e7\u00e3o.\"},{\"@type\":\"WebSite\",\"@id\":\"https:\\\/\\\/redenoticiaz.com.br\\\/litoralsp\\\/#website\",\"url\":\"https:\\\/\\\/redenoticiaz.com.br\\\/litoralsp\\\/\",\"name\":\"Litoral SP\",\"description\":\"Rede NoticiaZ\",\"publisher\":{\"@id\":\"https:\\\/\\\/redenoticiaz.com.br\\\/litoralsp\\\/#organization\"},\"potentialAction\":[{\"@type\":\"SearchAction\",\"target\":{\"@type\":\"EntryPoint\",\"urlTemplate\":\"https:\\\/\\\/redenoticiaz.com.br\\\/litoralsp\\\/?s={search_term_string}\"},\"query-input\":{\"@type\":\"PropertyValueSpecification\",\"valueRequired\":true,\"valueName\":\"search_term_string\"}}],\"inLanguage\":\"pt-BR\"},{\"@type\":\"Organization\",\"@id\":\"https:\\\/\\\/redenoticiaz.com.br\\\/litoralsp\\\/#organization\",\"name\":\"Litoral SP\",\"url\":\"https:\\\/\\\/redenoticiaz.com.br\\\/litoralsp\\\/\",\"logo\":{\"@type\":\"ImageObject\",\"inLanguage\":\"pt-BR\",\"@id\":\"https:\\\/\\\/redenoticiaz.com.br\\\/litoralsp\\\/#\\\/schema\\\/logo\\\/image\\\/\",\"url\":\"https:\\\/\\\/redenoticiaz.com.br\\\/litoralsp\\\/wp-content\\\/uploads\\\/sites\\\/3\\\/2020\\\/11\\\/logo.jpg\",\"contentUrl\":\"https:\\\/\\\/redenoticiaz.com.br\\\/litoralsp\\\/wp-content\\\/uploads\\\/sites\\\/3\\\/2020\\\/11\\\/logo.jpg\",\"width\":400,\"height\":250,\"caption\":\"Litoral SP\"},\"image\":{\"@id\":\"https:\\\/\\\/redenoticiaz.com.br\\\/litoralsp\\\/#\\\/schema\\\/logo\\\/image\\\/\"}},{\"@type\":\"Person\",\"@id\":\"https:\\\/\\\/redenoticiaz.com.br\\\/litoralsp\\\/#\\\/schema\\\/person\\\/e1b0bd8c2637e2c1b6ddcbc2c33b116f\",\"name\":\"Patr\u00edcia Prado\",\"image\":{\"@type\":\"ImageObject\",\"inLanguage\":\"pt-BR\",\"@id\":\"https:\\\/\\\/secure.gravatar.com\\\/avatar\\\/92e358bef22cfcec15e054ae4d9fee04dadf0c772dc4a17b382b8a34a15354c2?s=96&d=mm&r=g\",\"url\":\"https:\\\/\\\/secure.gravatar.com\\\/avatar\\\/92e358bef22cfcec15e054ae4d9fee04dadf0c772dc4a17b382b8a34a15354c2?s=96&d=mm&r=g\",\"contentUrl\":\"https:\\\/\\\/secure.gravatar.com\\\/avatar\\\/92e358bef22cfcec15e054ae4d9fee04dadf0c772dc4a17b382b8a34a15354c2?s=96&d=mm&r=g\",\"caption\":\"Patr\u00edcia Prado\"},\"url\":\"https:\\\/\\\/redenoticiaz.com.br\\\/litoralsp\\\/author\\\/patricia-prado\"}]}<\/script>\n<!-- \/ Yoast SEO plugin. -->","yoast_head_json":{"title":"Zona de conforto mais conhecida como: BUNDAMOLICE! - Litoral SP","description":"J\u00e1 ouviu falar de zona de conforto? Lugar confort\u00e1vel onde voc\u00ea sempre acha que est\u00e1 bom assim. Ela ganhou novo nome. Agora, se chama: bundamolice!","robots":{"index":"index","follow":"follow","max-snippet":"max-snippet:-1","max-image-preview":"max-image-preview:large","max-video-preview":"max-video-preview:-1"},"canonical":"https:\/\/redenoticiaz.com.br\/litoralsp\/2021\/09\/19\/zona-de-conforto-mais-conhecida-como-bundamolice","og_locale":"pt_BR","og_type":"article","og_title":"Zona de conforto mais conhecida como: BUNDAMOLICE! - Litoral SP","og_description":"J\u00e1 ouviu falar de zona de conforto? Lugar confort\u00e1vel onde voc\u00ea sempre acha que est\u00e1 bom assim. Ela ganhou novo nome. Agora, se chama: bundamolice!","og_url":"https:\/\/redenoticiaz.com.br\/litoralsp\/2021\/09\/19\/zona-de-conforto-mais-conhecida-como-bundamolice","og_site_name":"Litoral SP","article_published_time":"2021-09-19T17:00:11+00:00","article_modified_time":"2021-09-19T17:54:01+00:00","og_image":[{"width":1050,"height":700,"url":"https:\/\/redenoticiaz.com.br\/litoralsp\/wp-content\/uploads\/sites\/3\/2021\/09\/zona-de-conforto.jpg","type":"image\/jpeg"}],"author":"Patr\u00edcia Prado","twitter_card":"summary_large_image","twitter_misc":{"Escrito por":"Patr\u00edcia Prado","Est. tempo de leitura":"1 minuto"},"schema":{"@context":"https:\/\/schema.org","@graph":[{"@type":"Article","@id":"https:\/\/redenoticiaz.com.br\/litoralsp\/2021\/09\/19\/zona-de-conforto-mais-conhecida-como-bundamolice#article","isPartOf":{"@id":"https:\/\/redenoticiaz.com.br\/litoralsp\/2021\/09\/19\/zona-de-conforto-mais-conhecida-como-bundamolice"},"author":{"name":"Patr\u00edcia Prado","@id":"https:\/\/redenoticiaz.com.br\/litoralsp\/#\/schema\/person\/e1b0bd8c2637e2c1b6ddcbc2c33b116f"},"headline":"Zona de conforto mais conhecida como: BUNDAMOLICE!","datePublished":"2021-09-19T17:00:11+00:00","dateModified":"2021-09-19T17:54:01+00:00","mainEntityOfPage":{"@id":"https:\/\/redenoticiaz.com.br\/litoralsp\/2021\/09\/19\/zona-de-conforto-mais-conhecida-como-bundamolice"},"wordCount":290,"commentCount":0,"publisher":{"@id":"https:\/\/redenoticiaz.com.br\/litoralsp\/#organization"},"image":{"@id":"https:\/\/redenoticiaz.com.br\/litoralsp\/2021\/09\/19\/zona-de-conforto-mais-conhecida-como-bundamolice#primaryimage"},"thumbnailUrl":"https:\/\/redenoticiaz.com.br\/litoralsp\/wp-content\/uploads\/sites\/3\/2021\/09\/zona-de-conforto.jpg","keywords":["BUNDAMOLICE","Coach","FELICIDADE","MUDAN\u00c7AS","ZONA DE CONFORTO"],"articleSection":["sem"],"inLanguage":"pt-BR","potentialAction":[{"@type":"CommentAction","name":"Comment","target":["https:\/\/redenoticiaz.com.br\/litoralsp\/2021\/09\/19\/zona-de-conforto-mais-conhecida-como-bundamolice#respond"]}]},{"@type":"WebPage","@id":"https:\/\/redenoticiaz.com.br\/litoralsp\/2021\/09\/19\/zona-de-conforto-mais-conhecida-como-bundamolice","url":"https:\/\/redenoticiaz.com.br\/litoralsp\/2021\/09\/19\/zona-de-conforto-mais-conhecida-como-bundamolice","name":"Zona de conforto mais conhecida como: BUNDAMOLICE! - Litoral SP","isPartOf":{"@id":"https:\/\/redenoticiaz.com.br\/litoralsp\/#website"},"primaryImageOfPage":{"@id":"https:\/\/redenoticiaz.com.br\/litoralsp\/2021\/09\/19\/zona-de-conforto-mais-conhecida-como-bundamolice#primaryimage"},"image":{"@id":"https:\/\/redenoticiaz.com.br\/litoralsp\/2021\/09\/19\/zona-de-conforto-mais-conhecida-como-bundamolice#primaryimage"},"thumbnailUrl":"https:\/\/redenoticiaz.com.br\/litoralsp\/wp-content\/uploads\/sites\/3\/2021\/09\/zona-de-conforto.jpg","datePublished":"2021-09-19T17:00:11+00:00","dateModified":"2021-09-19T17:54:01+00:00","description":"J\u00e1 ouviu falar de zona de conforto? Lugar confort\u00e1vel onde voc\u00ea sempre acha que est\u00e1 bom assim. Ela ganhou novo nome. Agora, se chama: bundamolice!","inLanguage":"pt-BR","potentialAction":[{"@type":"ReadAction","target":["https:\/\/redenoticiaz.com.br\/litoralsp\/2021\/09\/19\/zona-de-conforto-mais-conhecida-como-bundamolice"]}]},{"@type":"ImageObject","inLanguage":"pt-BR","@id":"https:\/\/redenoticiaz.com.br\/litoralsp\/2021\/09\/19\/zona-de-conforto-mais-conhecida-como-bundamolice#primaryimage","url":"https:\/\/redenoticiaz.com.br\/litoralsp\/wp-content\/uploads\/sites\/3\/2021\/09\/zona-de-conforto.jpg","contentUrl":"https:\/\/redenoticiaz.com.br\/litoralsp\/wp-content\/uploads\/sites\/3\/2021\/09\/zona-de-conforto.jpg","width":1050,"height":700,"caption":"Foto: Reprodu\u00e7\u00e3o."},{"@type":"WebSite","@id":"https:\/\/redenoticiaz.com.br\/litoralsp\/#website","url":"https:\/\/redenoticiaz.com.br\/litoralsp\/","name":"Litoral SP","description":"Rede NoticiaZ","publisher":{"@id":"https:\/\/redenoticiaz.com.br\/litoralsp\/#organization"},"potentialAction":[{"@type":"SearchAction","target":{"@type":"EntryPoint","urlTemplate":"https:\/\/redenoticiaz.com.br\/litoralsp\/?s={search_term_string}"},"query-input":{"@type":"PropertyValueSpecification","valueRequired":true,"valueName":"search_term_string"}}],"inLanguage":"pt-BR"},{"@type":"Organization","@id":"https:\/\/redenoticiaz.com.br\/litoralsp\/#organization","name":"Litoral SP","url":"https:\/\/redenoticiaz.com.br\/litoralsp\/","logo":{"@type":"ImageObject","inLanguage":"pt-BR","@id":"https:\/\/redenoticiaz.com.br\/litoralsp\/#\/schema\/logo\/image\/","url":"https:\/\/redenoticiaz.com.br\/litoralsp\/wp-content\/uploads\/sites\/3\/2020\/11\/logo.jpg","contentUrl":"https:\/\/redenoticiaz.com.br\/litoralsp\/wp-content\/uploads\/sites\/3\/2020\/11\/logo.jpg","width":400,"height":250,"caption":"Litoral SP"},"image":{"@id":"https:\/\/redenoticiaz.com.br\/litoralsp\/#\/schema\/logo\/image\/"}},{"@type":"Person","@id":"https:\/\/redenoticiaz.com.br\/litoralsp\/#\/schema\/person\/e1b0bd8c2637e2c1b6ddcbc2c33b116f","name":"Patr\u00edcia Prado","image":{"@type":"ImageObject","inLanguage":"pt-BR","@id":"https:\/\/secure.gravatar.com\/avatar\/92e358bef22cfcec15e054ae4d9fee04dadf0c772dc4a17b382b8a34a15354c2?s=96&d=mm&r=g","url":"https:\/\/secure.gravatar.com\/avatar\/92e358bef22cfcec15e054ae4d9fee04dadf0c772dc4a17b382b8a34a15354c2?s=96&d=mm&r=g","contentUrl":"https:\/\/secure.gravatar.com\/avatar\/92e358bef22cfcec15e054ae4d9fee04dadf0c772dc4a17b382b8a34a15354c2?s=96&d=mm&r=g","caption":"Patr\u00edcia Prado"},"url":"https:\/\/redenoticiaz.com.br\/litoralsp\/author\/patricia-prado"}]}},"_links":{"self":[{"href":"https:\/\/redenoticiaz.com.br\/litoralsp\/wp-json\/wp\/v2\/posts\/14699","targetHints":{"allow":["GET"]}}],"collection":[{"href":"https:\/\/redenoticiaz.com.br\/litoralsp\/wp-json\/wp\/v2\/posts"}],"about":[{"href":"https:\/\/redenoticiaz.com.br\/litoralsp\/wp-json\/wp\/v2\/types\/post"}],"author":[{"embeddable":true,"href":"https:\/\/redenoticiaz.com.br\/litoralsp\/wp-json\/wp\/v2\/users\/5"}],"replies":[{"embeddable":true,"href":"https:\/\/redenoticiaz.com.br\/litoralsp\/wp-json\/wp\/v2\/comments?post=14699"}],"version-history":[{"count":1,"href":"https:\/\/redenoticiaz.com.br\/litoralsp\/wp-json\/wp\/v2\/posts\/14699\/revisions"}],"predecessor-version":[{"id":14703,"href":"https:\/\/redenoticiaz.com.br\/litoralsp\/wp-json\/wp\/v2\/posts\/14699\/revisions\/14703"}],"wp:featuredmedia":[{"embeddable":true,"href":"https:\/\/redenoticiaz.com.br\/litoralsp\/wp-json\/wp\/v2\/media\/14700"}],"wp:attachment":[{"href":"https:\/\/redenoticiaz.com.br\/litoralsp\/wp-json\/wp\/v2\/media?parent=14699"}],"wp:term":[{"taxonomy":"category","embeddable":true,"href":"https:\/\/redenoticiaz.com.br\/litoralsp\/wp-json\/wp\/v2\/categories?post=14699"},{"taxonomy":"post_tag","embeddable":true,"href":"https:\/\/redenoticiaz.com.br\/litoralsp\/wp-json\/wp\/v2\/tags?post=14699"}],"curies":[{"name":"wp","href":"https:\/\/api.w.org\/{rel}","templated":true}]}}