{"id":14914,"date":"2021-09-20T11:01:10","date_gmt":"2021-09-20T14:01:10","guid":{"rendered":"https:\/\/redenoticiaz.com.br\/litoralsp\/2021\/09\/20\/willian-estreia-mas-o-corinthians-fica-no-empate-com-o-america-mg-em-casa"},"modified":"2021-09-20T11:04:42","modified_gmt":"2021-09-20T14:04:42","slug":"willian-estreia-mas-o-corinthians-fica-no-empate-com-o-america-mg-em-casa","status":"publish","type":"post","link":"https:\/\/redenoticiaz.com.br\/litoralsp\/2021\/09\/20\/willian-estreia-mas-o-corinthians-fica-no-empate-com-o-america-mg-em-casa","title":{"rendered":"Willian estreia, mas o Corinthians fica no empate com o Am\u00e9rica-MG em casa"},"content":{"rendered":"<p>Neste domingo (19) o <strong>Corinthians recebeu o Am\u00e9rica-MG<\/strong> na Neo Qu\u00edmica Arena pela 21\u00aa rodada do <a href=\"https:\/\/www.cbf.com.br\/\">Campeonato Brasileiro<\/a>. A partida marcou a estreia do meia Willian, destaque do futebol ingl\u00eas, mas que foi revelado pelo Tim\u00e3o. S\u00f3 que apesar disso, ele n\u00e3o p\u00f4de ajudar os paulistas a vencerem e o empate acabou sendo o mais justo.<\/p>\n<p>Tudo porque no primeiro, os mineiros exerceram uma tremenda press\u00e3o contra o Corinthians. Em dez minutos, foram cinco chances de gol. Uma delas a rede balan\u00e7ou. Mauro Z\u00e1rate se livrou de Gabriel, cruzou na \u00e1rea e encontrou Marlon livre na esquerda para chutar e abrir o placar.<\/p>\n<p>Enquanto isso, Willian, come\u00e7ou aberto pelo lado direito, mas ainda retomando ritmo. Tanto que na jogada do gol do Am\u00e9rica, ele n\u00e3o acompanhou Marlon. Depois do \u201csufoco\u201d inicial dos mineiros, o Tim\u00e3o reagiu e come\u00e7ou a acionar mais seu camisa 10. Pela direita, Willian iniciou a jogada do gol de empate com Gabriel Pereira e cruzou rasteiro para tr\u00e1s. R\u00f3ger Guedes e J\u00f4 pararam em Matheus Cavichioli, e Giuliano mandou para as redes \u2013 primeiro gol dele pelo Corinthians. Depois, com o jogo aberto, as duas equipes tiveram chances: Z\u00e1rate aproveitou passe errado de Gabriel Pereira e deixou Ademir na cara do gol, mas C\u00e1ssio defendeu. E Gabriel acertou o travess\u00e3o em chute de longe.<\/p>\n<h3>Segundo tempo<\/h3>\n<p>Veio a etapa final e as oportunidades de gol diminu\u00edram. Pelo Am\u00e9rica-MG, Z\u00e1rate continuou ditando o ritmo e deixando seus companheiros em boas condi\u00e7\u00f5es. Pelo Tim\u00e3o, Giuliano teve pelo menos tr\u00eas oportunidades para desempatar o duelo: um chute foi para fora, ap\u00f3s \u00f3timo passe de R\u00f3ger Guedes, e o outro bem defendido por Matheus Cavichioli.<\/p>\n<p>Depois, o goleiro do Am\u00e9rica fez milagre em cabe\u00e7ada \u00e0 queima roupa do camisa 11. Willian deu lugar a Renato Augusto, com o confronto ficando ainda mais cadenciado. E Z\u00e1rate deixou o campo para a entrada de Yan Sasse. O empate acabou de bom tamanho para os dois times.<\/p>\n<p>O empate atrapalhou as pretens\u00f5es das duas equipes. O Corinthians chegou aos 30 pontos, ainda em sexto lugar, mas pode ser ultrapassado pelo Fluminense, que joga nesta segunda contra o Cuiab\u00e1, na Arena Pantanal. J\u00e1 o Am\u00e9rica vai a 22 e abre a zona de rebaixamento, a um ponto do Bahia, 16\u00ba colocado.<\/p>\n<p><strong>LEIA TAMB\u00c9M<\/strong><\/p>\n<p><a href=\"https:\/\/redenoticiaz.com.br\/blog\/2021\/09\/19\/sao-paulo-bate-o-atletico-go-e-espanta-a-ma-fase-no-brasileirao\">S\u00e3o Paulo bate o Atl\u00e9tico-GO e espanta a m\u00e1 fase no Brasileir\u00e3o<\/a><\/p>\n","protected":false},"excerpt":{"rendered":"<p>Neste domingo (19) o Corinthians recebeu o Am\u00e9rica-MG na Neo Qu\u00edmica Arena pela 21\u00aa rodada do Campeonato Brasileiro. A partida marcou a estreia do meia Willian, destaque do futebol ingl\u00eas, mas que foi revelado pelo Tim\u00e3o. S\u00f3 que apesar disso, ele n\u00e3o p\u00f4de ajudar os paulistas a vencerem e o empate acabou sendo o mais &hellip;<\/p>\n","protected":false},"author":6,"featured_media":14915,"comment_status":"open","ping_status":"closed","sticky":false,"template":"","format":"standard","meta":{"footnotes":""},"categories":[35],"tags":[5857,24152,3088,3454,14311],"class_list":["post-14914","post","type-post","status-publish","format-standard","has-post-thumbnail","hentry","category-esporte","tag-america-mg","tag-brasileirao-2021","tag-campeonato-brasileiro","tag-corinthians","tag-neo-quimica-arena"],"yoast_head":"<!-- This site is optimized with the Yoast SEO plugin v27.4 - https:\/\/yoast.com\/product\/yoast-seo-wordpress\/ -->\n<title>Willian estreia, mas o Corinthians fica no empate com o Am\u00e9rica-MG em casa - Litoral SP<\/title>\n<meta name=\"description\" content=\"domingo (19) o Corinthians recebeu o Am\u00e9rica-MG na Neo Qu\u00edmica Arena pela 21\u00aa rodada do Campeonato Brasileiro. A partida\" \/>\n<meta name=\"robots\" content=\"index, follow, max-snippet:-1, max-image-preview:large, max-video-preview:-1\" \/>\n<link rel=\"canonical\" href=\"https:\/\/redenoticiaz.com.br\/litoralsp\/2021\/09\/20\/willian-estreia-mas-o-corinthians-fica-no-empate-com-o-america-mg-em-casa\" \/>\n<meta property=\"og:locale\" content=\"pt_BR\" \/>\n<meta property=\"og:type\" content=\"article\" \/>\n<meta property=\"og:title\" content=\"Willian estreia, mas o Corinthians fica no empate com o Am\u00e9rica-MG em casa - Litoral SP\" \/>\n<meta property=\"og:description\" content=\"domingo (19) o Corinthians recebeu o Am\u00e9rica-MG na Neo Qu\u00edmica Arena pela 21\u00aa rodada do Campeonato Brasileiro. A partida\" \/>\n<meta property=\"og:url\" content=\"https:\/\/redenoticiaz.com.br\/litoralsp\/2021\/09\/20\/willian-estreia-mas-o-corinthians-fica-no-empate-com-o-america-mg-em-casa\" \/>\n<meta property=\"og:site_name\" content=\"Litoral SP\" \/>\n<meta property=\"article:published_time\" content=\"2021-09-20T14:01:10+00:00\" \/>\n<meta property=\"article:modified_time\" content=\"2021-09-20T14:04:42+00:00\" \/>\n<meta property=\"og:image\" content=\"https:\/\/redenoticiaz.com.br\/litoralsp\/wp-content\/uploads\/sites\/3\/2021\/09\/timao.jpg\" \/>\n\t<meta property=\"og:image:width\" content=\"640\" \/>\n\t<meta property=\"og:image:height\" content=\"360\" \/>\n\t<meta property=\"og:image:type\" content=\"image\/jpeg\" \/>\n<meta name=\"author\" content=\"Leonardo Francisco\" \/>\n<meta name=\"twitter:card\" content=\"summary_large_image\" \/>\n<meta name=\"twitter:label1\" content=\"Escrito por\" \/>\n\t<meta name=\"twitter:data1\" content=\"Leonardo Francisco\" \/>\n\t<meta name=\"twitter:label2\" content=\"Est. tempo de leitura\" \/>\n\t<meta name=\"twitter:data2\" content=\"2 minutos\" \/>\n<script type=\"application\/ld+json\" class=\"yoast-schema-graph\">{\"@context\":\"https:\\\/\\\/schema.org\",\"@graph\":[{\"@type\":\"Article\",\"@id\":\"https:\\\/\\\/redenoticiaz.com.br\\\/litoralsp\\\/2021\\\/09\\\/20\\\/willian-estreia-mas-o-corinthians-fica-no-empate-com-o-america-mg-em-casa#article\",\"isPartOf\":{\"@id\":\"https:\\\/\\\/redenoticiaz.com.br\\\/litoralsp\\\/2021\\\/09\\\/20\\\/willian-estreia-mas-o-corinthians-fica-no-empate-com-o-america-mg-em-casa\"},\"author\":{\"name\":\"Leonardo Francisco\",\"@id\":\"https:\\\/\\\/redenoticiaz.com.br\\\/litoralsp\\\/#\\\/schema\\\/person\\\/0f0b8a5bdafefe82841e07ae8d81ecb3\"},\"headline\":\"Willian estreia, mas o Corinthians fica no empate com o Am\u00e9rica-MG em casa\",\"datePublished\":\"2021-09-20T14:01:10+00:00\",\"dateModified\":\"2021-09-20T14:04:42+00:00\",\"mainEntityOfPage\":{\"@id\":\"https:\\\/\\\/redenoticiaz.com.br\\\/litoralsp\\\/2021\\\/09\\\/20\\\/willian-estreia-mas-o-corinthians-fica-no-empate-com-o-america-mg-em-casa\"},\"wordCount\":432,\"commentCount\":0,\"publisher\":{\"@id\":\"https:\\\/\\\/redenoticiaz.com.br\\\/litoralsp\\\/#organization\"},\"image\":{\"@id\":\"https:\\\/\\\/redenoticiaz.com.br\\\/litoralsp\\\/2021\\\/09\\\/20\\\/willian-estreia-mas-o-corinthians-fica-no-empate-com-o-america-mg-em-casa#primaryimage\"},\"thumbnailUrl\":\"https:\\\/\\\/redenoticiaz.com.br\\\/litoralsp\\\/wp-content\\\/uploads\\\/sites\\\/3\\\/2021\\\/09\\\/timao.jpg\",\"keywords\":[\"AM\u00c9RICA-MG\",\"BRASILEIR\u00c3O 2021\",\"CAMPEONATO BRASILEIRO\",\"Corinthians\",\"NEO QUIMICA ARENA\"],\"articleSection\":[\"Esporte\"],\"inLanguage\":\"pt-BR\",\"potentialAction\":[{\"@type\":\"CommentAction\",\"name\":\"Comment\",\"target\":[\"https:\\\/\\\/redenoticiaz.com.br\\\/litoralsp\\\/2021\\\/09\\\/20\\\/willian-estreia-mas-o-corinthians-fica-no-empate-com-o-america-mg-em-casa#respond\"]}]},{\"@type\":\"WebPage\",\"@id\":\"https:\\\/\\\/redenoticiaz.com.br\\\/litoralsp\\\/2021\\\/09\\\/20\\\/willian-estreia-mas-o-corinthians-fica-no-empate-com-o-america-mg-em-casa\",\"url\":\"https:\\\/\\\/redenoticiaz.com.br\\\/litoralsp\\\/2021\\\/09\\\/20\\\/willian-estreia-mas-o-corinthians-fica-no-empate-com-o-america-mg-em-casa\",\"name\":\"Willian estreia, mas o Corinthians fica no empate com o Am\u00e9rica-MG em casa - Litoral SP\",\"isPartOf\":{\"@id\":\"https:\\\/\\\/redenoticiaz.com.br\\\/litoralsp\\\/#website\"},\"primaryImageOfPage\":{\"@id\":\"https:\\\/\\\/redenoticiaz.com.br\\\/litoralsp\\\/2021\\\/09\\\/20\\\/willian-estreia-mas-o-corinthians-fica-no-empate-com-o-america-mg-em-casa#primaryimage\"},\"image\":{\"@id\":\"https:\\\/\\\/redenoticiaz.com.br\\\/litoralsp\\\/2021\\\/09\\\/20\\\/willian-estreia-mas-o-corinthians-fica-no-empate-com-o-america-mg-em-casa#primaryimage\"},\"thumbnailUrl\":\"https:\\\/\\\/redenoticiaz.com.br\\\/litoralsp\\\/wp-content\\\/uploads\\\/sites\\\/3\\\/2021\\\/09\\\/timao.jpg\",\"datePublished\":\"2021-09-20T14:01:10+00:00\",\"dateModified\":\"2021-09-20T14:04:42+00:00\",\"description\":\"domingo (19) o Corinthians recebeu o Am\u00e9rica-MG na Neo Qu\u00edmica Arena pela 21\u00aa rodada do Campeonato Brasileiro. A partida\",\"inLanguage\":\"pt-BR\",\"potentialAction\":[{\"@type\":\"ReadAction\",\"target\":[\"https:\\\/\\\/redenoticiaz.com.br\\\/litoralsp\\\/2021\\\/09\\\/20\\\/willian-estreia-mas-o-corinthians-fica-no-empate-com-o-america-mg-em-casa\"]}]},{\"@type\":\"ImageObject\",\"inLanguage\":\"pt-BR\",\"@id\":\"https:\\\/\\\/redenoticiaz.com.br\\\/litoralsp\\\/2021\\\/09\\\/20\\\/willian-estreia-mas-o-corinthians-fica-no-empate-com-o-america-mg-em-casa#primaryimage\",\"url\":\"https:\\\/\\\/redenoticiaz.com.br\\\/litoralsp\\\/wp-content\\\/uploads\\\/sites\\\/3\\\/2021\\\/09\\\/timao.jpg\",\"contentUrl\":\"https:\\\/\\\/redenoticiaz.com.br\\\/litoralsp\\\/wp-content\\\/uploads\\\/sites\\\/3\\\/2021\\\/09\\\/timao.jpg\",\"width\":640,\"height\":360,\"caption\":\"Time do Parque S\u00e3o Jorge permanece na sexta posi\u00e7\u00e3o.\"},{\"@type\":\"WebSite\",\"@id\":\"https:\\\/\\\/redenoticiaz.com.br\\\/litoralsp\\\/#website\",\"url\":\"https:\\\/\\\/redenoticiaz.com.br\\\/litoralsp\\\/\",\"name\":\"Litoral SP\",\"description\":\"Rede NoticiaZ\",\"publisher\":{\"@id\":\"https:\\\/\\\/redenoticiaz.com.br\\\/litoralsp\\\/#organization\"},\"potentialAction\":[{\"@type\":\"SearchAction\",\"target\":{\"@type\":\"EntryPoint\",\"urlTemplate\":\"https:\\\/\\\/redenoticiaz.com.br\\\/litoralsp\\\/?s={search_term_string}\"},\"query-input\":{\"@type\":\"PropertyValueSpecification\",\"valueRequired\":true,\"valueName\":\"search_term_string\"}}],\"inLanguage\":\"pt-BR\"},{\"@type\":\"Organization\",\"@id\":\"https:\\\/\\\/redenoticiaz.com.br\\\/litoralsp\\\/#organization\",\"name\":\"Litoral SP\",\"url\":\"https:\\\/\\\/redenoticiaz.com.br\\\/litoralsp\\\/\",\"logo\":{\"@type\":\"ImageObject\",\"inLanguage\":\"pt-BR\",\"@id\":\"https:\\\/\\\/redenoticiaz.com.br\\\/litoralsp\\\/#\\\/schema\\\/logo\\\/image\\\/\",\"url\":\"https:\\\/\\\/redenoticiaz.com.br\\\/litoralsp\\\/wp-content\\\/uploads\\\/sites\\\/3\\\/2020\\\/11\\\/logo.jpg\",\"contentUrl\":\"https:\\\/\\\/redenoticiaz.com.br\\\/litoralsp\\\/wp-content\\\/uploads\\\/sites\\\/3\\\/2020\\\/11\\\/logo.jpg\",\"width\":400,\"height\":250,\"caption\":\"Litoral SP\"},\"image\":{\"@id\":\"https:\\\/\\\/redenoticiaz.com.br\\\/litoralsp\\\/#\\\/schema\\\/logo\\\/image\\\/\"}},{\"@type\":\"Person\",\"@id\":\"https:\\\/\\\/redenoticiaz.com.br\\\/litoralsp\\\/#\\\/schema\\\/person\\\/0f0b8a5bdafefe82841e07ae8d81ecb3\",\"name\":\"Leonardo Francisco\",\"image\":{\"@type\":\"ImageObject\",\"inLanguage\":\"pt-BR\",\"@id\":\"https:\\\/\\\/secure.gravatar.com\\\/avatar\\\/a7358cb406a99b682ec6df1e77e31ae82e63601f6784e8a3df411d72b37864da?s=96&d=mm&r=g\",\"url\":\"https:\\\/\\\/secure.gravatar.com\\\/avatar\\\/a7358cb406a99b682ec6df1e77e31ae82e63601f6784e8a3df411d72b37864da?s=96&d=mm&r=g\",\"contentUrl\":\"https:\\\/\\\/secure.gravatar.com\\\/avatar\\\/a7358cb406a99b682ec6df1e77e31ae82e63601f6784e8a3df411d72b37864da?s=96&d=mm&r=g\",\"caption\":\"Leonardo Francisco\"},\"url\":\"https:\\\/\\\/redenoticiaz.com.br\\\/litoralsp\\\/author\\\/leonardo-francisco\"}]}<\/script>\n<!-- \/ Yoast SEO plugin. -->","yoast_head_json":{"title":"Willian estreia, mas o Corinthians fica no empate com o Am\u00e9rica-MG em casa - Litoral SP","description":"domingo (19) o Corinthians recebeu o Am\u00e9rica-MG na Neo Qu\u00edmica Arena pela 21\u00aa rodada do Campeonato Brasileiro. A partida","robots":{"index":"index","follow":"follow","max-snippet":"max-snippet:-1","max-image-preview":"max-image-preview:large","max-video-preview":"max-video-preview:-1"},"canonical":"https:\/\/redenoticiaz.com.br\/litoralsp\/2021\/09\/20\/willian-estreia-mas-o-corinthians-fica-no-empate-com-o-america-mg-em-casa","og_locale":"pt_BR","og_type":"article","og_title":"Willian estreia, mas o Corinthians fica no empate com o Am\u00e9rica-MG em casa - Litoral SP","og_description":"domingo (19) o Corinthians recebeu o Am\u00e9rica-MG na Neo Qu\u00edmica Arena pela 21\u00aa rodada do Campeonato Brasileiro. A partida","og_url":"https:\/\/redenoticiaz.com.br\/litoralsp\/2021\/09\/20\/willian-estreia-mas-o-corinthians-fica-no-empate-com-o-america-mg-em-casa","og_site_name":"Litoral SP","article_published_time":"2021-09-20T14:01:10+00:00","article_modified_time":"2021-09-20T14:04:42+00:00","og_image":[{"width":640,"height":360,"url":"https:\/\/redenoticiaz.com.br\/litoralsp\/wp-content\/uploads\/sites\/3\/2021\/09\/timao.jpg","type":"image\/jpeg"}],"author":"Leonardo Francisco","twitter_card":"summary_large_image","twitter_misc":{"Escrito por":"Leonardo Francisco","Est. tempo de leitura":"2 minutos"},"schema":{"@context":"https:\/\/schema.org","@graph":[{"@type":"Article","@id":"https:\/\/redenoticiaz.com.br\/litoralsp\/2021\/09\/20\/willian-estreia-mas-o-corinthians-fica-no-empate-com-o-america-mg-em-casa#article","isPartOf":{"@id":"https:\/\/redenoticiaz.com.br\/litoralsp\/2021\/09\/20\/willian-estreia-mas-o-corinthians-fica-no-empate-com-o-america-mg-em-casa"},"author":{"name":"Leonardo Francisco","@id":"https:\/\/redenoticiaz.com.br\/litoralsp\/#\/schema\/person\/0f0b8a5bdafefe82841e07ae8d81ecb3"},"headline":"Willian estreia, mas o Corinthians fica no empate com o Am\u00e9rica-MG em casa","datePublished":"2021-09-20T14:01:10+00:00","dateModified":"2021-09-20T14:04:42+00:00","mainEntityOfPage":{"@id":"https:\/\/redenoticiaz.com.br\/litoralsp\/2021\/09\/20\/willian-estreia-mas-o-corinthians-fica-no-empate-com-o-america-mg-em-casa"},"wordCount":432,"commentCount":0,"publisher":{"@id":"https:\/\/redenoticiaz.com.br\/litoralsp\/#organization"},"image":{"@id":"https:\/\/redenoticiaz.com.br\/litoralsp\/2021\/09\/20\/willian-estreia-mas-o-corinthians-fica-no-empate-com-o-america-mg-em-casa#primaryimage"},"thumbnailUrl":"https:\/\/redenoticiaz.com.br\/litoralsp\/wp-content\/uploads\/sites\/3\/2021\/09\/timao.jpg","keywords":["AM\u00c9RICA-MG","BRASILEIR\u00c3O 2021","CAMPEONATO BRASILEIRO","Corinthians","NEO QUIMICA ARENA"],"articleSection":["Esporte"],"inLanguage":"pt-BR","potentialAction":[{"@type":"CommentAction","name":"Comment","target":["https:\/\/redenoticiaz.com.br\/litoralsp\/2021\/09\/20\/willian-estreia-mas-o-corinthians-fica-no-empate-com-o-america-mg-em-casa#respond"]}]},{"@type":"WebPage","@id":"https:\/\/redenoticiaz.com.br\/litoralsp\/2021\/09\/20\/willian-estreia-mas-o-corinthians-fica-no-empate-com-o-america-mg-em-casa","url":"https:\/\/redenoticiaz.com.br\/litoralsp\/2021\/09\/20\/willian-estreia-mas-o-corinthians-fica-no-empate-com-o-america-mg-em-casa","name":"Willian estreia, mas o Corinthians fica no empate com o Am\u00e9rica-MG em casa - Litoral SP","isPartOf":{"@id":"https:\/\/redenoticiaz.com.br\/litoralsp\/#website"},"primaryImageOfPage":{"@id":"https:\/\/redenoticiaz.com.br\/litoralsp\/2021\/09\/20\/willian-estreia-mas-o-corinthians-fica-no-empate-com-o-america-mg-em-casa#primaryimage"},"image":{"@id":"https:\/\/redenoticiaz.com.br\/litoralsp\/2021\/09\/20\/willian-estreia-mas-o-corinthians-fica-no-empate-com-o-america-mg-em-casa#primaryimage"},"thumbnailUrl":"https:\/\/redenoticiaz.com.br\/litoralsp\/wp-content\/uploads\/sites\/3\/2021\/09\/timao.jpg","datePublished":"2021-09-20T14:01:10+00:00","dateModified":"2021-09-20T14:04:42+00:00","description":"domingo (19) o Corinthians recebeu o Am\u00e9rica-MG na Neo Qu\u00edmica Arena pela 21\u00aa rodada do Campeonato Brasileiro. A partida","inLanguage":"pt-BR","potentialAction":[{"@type":"ReadAction","target":["https:\/\/redenoticiaz.com.br\/litoralsp\/2021\/09\/20\/willian-estreia-mas-o-corinthians-fica-no-empate-com-o-america-mg-em-casa"]}]},{"@type":"ImageObject","inLanguage":"pt-BR","@id":"https:\/\/redenoticiaz.com.br\/litoralsp\/2021\/09\/20\/willian-estreia-mas-o-corinthians-fica-no-empate-com-o-america-mg-em-casa#primaryimage","url":"https:\/\/redenoticiaz.com.br\/litoralsp\/wp-content\/uploads\/sites\/3\/2021\/09\/timao.jpg","contentUrl":"https:\/\/redenoticiaz.com.br\/litoralsp\/wp-content\/uploads\/sites\/3\/2021\/09\/timao.jpg","width":640,"height":360,"caption":"Time do Parque S\u00e3o Jorge permanece na sexta posi\u00e7\u00e3o."},{"@type":"WebSite","@id":"https:\/\/redenoticiaz.com.br\/litoralsp\/#website","url":"https:\/\/redenoticiaz.com.br\/litoralsp\/","name":"Litoral SP","description":"Rede NoticiaZ","publisher":{"@id":"https:\/\/redenoticiaz.com.br\/litoralsp\/#organization"},"potentialAction":[{"@type":"SearchAction","target":{"@type":"EntryPoint","urlTemplate":"https:\/\/redenoticiaz.com.br\/litoralsp\/?s={search_term_string}"},"query-input":{"@type":"PropertyValueSpecification","valueRequired":true,"valueName":"search_term_string"}}],"inLanguage":"pt-BR"},{"@type":"Organization","@id":"https:\/\/redenoticiaz.com.br\/litoralsp\/#organization","name":"Litoral SP","url":"https:\/\/redenoticiaz.com.br\/litoralsp\/","logo":{"@type":"ImageObject","inLanguage":"pt-BR","@id":"https:\/\/redenoticiaz.com.br\/litoralsp\/#\/schema\/logo\/image\/","url":"https:\/\/redenoticiaz.com.br\/litoralsp\/wp-content\/uploads\/sites\/3\/2020\/11\/logo.jpg","contentUrl":"https:\/\/redenoticiaz.com.br\/litoralsp\/wp-content\/uploads\/sites\/3\/2020\/11\/logo.jpg","width":400,"height":250,"caption":"Litoral SP"},"image":{"@id":"https:\/\/redenoticiaz.com.br\/litoralsp\/#\/schema\/logo\/image\/"}},{"@type":"Person","@id":"https:\/\/redenoticiaz.com.br\/litoralsp\/#\/schema\/person\/0f0b8a5bdafefe82841e07ae8d81ecb3","name":"Leonardo Francisco","image":{"@type":"ImageObject","inLanguage":"pt-BR","@id":"https:\/\/secure.gravatar.com\/avatar\/a7358cb406a99b682ec6df1e77e31ae82e63601f6784e8a3df411d72b37864da?s=96&d=mm&r=g","url":"https:\/\/secure.gravatar.com\/avatar\/a7358cb406a99b682ec6df1e77e31ae82e63601f6784e8a3df411d72b37864da?s=96&d=mm&r=g","contentUrl":"https:\/\/secure.gravatar.com\/avatar\/a7358cb406a99b682ec6df1e77e31ae82e63601f6784e8a3df411d72b37864da?s=96&d=mm&r=g","caption":"Leonardo Francisco"},"url":"https:\/\/redenoticiaz.com.br\/litoralsp\/author\/leonardo-francisco"}]}},"_links":{"self":[{"href":"https:\/\/redenoticiaz.com.br\/litoralsp\/wp-json\/wp\/v2\/posts\/14914","targetHints":{"allow":["GET"]}}],"collection":[{"href":"https:\/\/redenoticiaz.com.br\/litoralsp\/wp-json\/wp\/v2\/posts"}],"about":[{"href":"https:\/\/redenoticiaz.com.br\/litoralsp\/wp-json\/wp\/v2\/types\/post"}],"author":[{"embeddable":true,"href":"https:\/\/redenoticiaz.com.br\/litoralsp\/wp-json\/wp\/v2\/users\/6"}],"replies":[{"embeddable":true,"href":"https:\/\/redenoticiaz.com.br\/litoralsp\/wp-json\/wp\/v2\/comments?post=14914"}],"version-history":[{"count":1,"href":"https:\/\/redenoticiaz.com.br\/litoralsp\/wp-json\/wp\/v2\/posts\/14914\/revisions"}],"predecessor-version":[{"id":14916,"href":"https:\/\/redenoticiaz.com.br\/litoralsp\/wp-json\/wp\/v2\/posts\/14914\/revisions\/14916"}],"wp:featuredmedia":[{"embeddable":true,"href":"https:\/\/redenoticiaz.com.br\/litoralsp\/wp-json\/wp\/v2\/media\/14915"}],"wp:attachment":[{"href":"https:\/\/redenoticiaz.com.br\/litoralsp\/wp-json\/wp\/v2\/media?parent=14914"}],"wp:term":[{"taxonomy":"category","embeddable":true,"href":"https:\/\/redenoticiaz.com.br\/litoralsp\/wp-json\/wp\/v2\/categories?post=14914"},{"taxonomy":"post_tag","embeddable":true,"href":"https:\/\/redenoticiaz.com.br\/litoralsp\/wp-json\/wp\/v2\/tags?post=14914"}],"curies":[{"name":"wp","href":"https:\/\/api.w.org\/{rel}","templated":true}]}}