{"id":14975,"date":"2021-09-20T15:36:13","date_gmt":"2021-09-20T18:36:13","guid":{"rendered":"https:\/\/redenoticiaz.com.br\/litoralsp\/?p=14975"},"modified":"2021-09-20T15:36:39","modified_gmt":"2021-09-20T18:36:39","slug":"homem-e-preso-apos-agredir-a-mulher-em-avenida-de-santos","status":"publish","type":"post","link":"https:\/\/redenoticiaz.com.br\/litoralsp\/2021\/09\/20\/homem-e-preso-apos-agredir-a-mulher-em-avenida-de-santos","title":{"rendered":"Homem \u00e9 preso ap\u00f3s agredir a mulher em avenida de Santos"},"content":{"rendered":"<p>A Guarda Civil Municipal (GCM) de <a href=\"https:\/\/www.santos.sp.gov.br\/\">Santos<\/a> prendeu um <strong>homem<\/strong> de 29 anos na Ponta da Praia. Ele foi flagrado agredindo uma mulher na Avenida Saldanha da Gama e a pris\u00e3o foi realizada gra\u00e7as a den\u00fancia feita por populares.<\/p>\n<p>Segundo a corpora\u00e7\u00e3o, uma viatura passava pelo bairro, quando mun\u00edcipes vieram em dire\u00e7\u00e3o aos agentes e contaram que viram um homem e outras duas jovens agredindo uma mulher. Os guardas chegaram e viram o homem dando golpes, mesmo a v\u00edtima estando ca\u00edda.<\/p>\n<p>O homem viu a chegada da Guarda Municipal, pegou o carro e fugiu em dire\u00e7\u00e3o \u00e0 Avenida Rodrigues Alves. J\u00e1 as suspeitas desembarcaram entre o Canal 5 e a Avenida Afonso Pena, conseguindo escapar. O suspeito foi abordado e a Pol\u00edcia Militar chegou momentos depois para o atendimento da ocorr\u00eancia. Ele ainda jogou a chave do carro no ch\u00e3o e apresentava sinais de embriaguez.<\/p>\n<p>O homem foi preso e levado para o 3\u00ba DP de Santos. A Pol\u00edcia Civil informa que ele foi autuado por les\u00e3o corporal e embriaguez ao volante.<\/p>\n<p><strong>LEIA TAMB\u00c9M<\/strong><\/p>\n<p><a href=\"https:\/\/redenoticiaz.com.br\/litoralsp\/2021\/09\/20\/casal-e-rendido-e-criminosos-roubam-r-13-mil-por-pix-em-bertioga\">Casal \u00e9 rendido e criminosos roubam R$ 13 mil por PIX em Bertioga<\/a><\/p>\n","protected":false},"excerpt":{"rendered":"<p>A Guarda Civil Municipal (GCM) de Santos prendeu um homem de 29 anos na Ponta da Praia. Ele foi flagrado agredindo uma mulher na Avenida Saldanha da Gama e a pris\u00e3o foi realizada gra\u00e7as a den\u00fancia feita por populares. Segundo a corpora\u00e7\u00e3o, uma viatura passava pelo bairro, quando mun\u00edcipes vieram em dire\u00e7\u00e3o aos agentes e &hellip;<\/p>\n","protected":false},"author":6,"featured_media":14976,"comment_status":"open","ping_status":"closed","sticky":false,"template":"","format":"standard","meta":{"footnotes":""},"categories":[10,180],"tags":[35081,6342,1762,11382,986],"class_list":["post-14975","post","type-post","status-publish","format-standard","has-post-thumbnail","hentry","category-policia","category-santos","tag-agressao-a-mulher","tag-homem-preso","tag-policia-civil","tag-ponta-da-praia","tag-santos"],"yoast_head":"<!-- This site is optimized with the Yoast SEO plugin v27.5 - https:\/\/yoast.com\/product\/yoast-seo-wordpress\/ -->\n<title>Homem \u00e9 preso ap\u00f3s agredir a mulher em avenida de Santos - Litoral SP<\/title>\n<meta name=\"description\" content=\"A Guarda Civil Municipal (GCM) de Santos prendeu um homem de 29 anos na Ponta da Praia. Ele foi flagrado agredindo uma mulher\" \/>\n<meta name=\"robots\" content=\"index, follow, max-snippet:-1, max-image-preview:large, max-video-preview:-1\" \/>\n<link rel=\"canonical\" href=\"https:\/\/redenoticiaz.com.br\/litoralsp\/2021\/09\/20\/homem-e-preso-apos-agredir-a-mulher-em-avenida-de-santos\" \/>\n<meta property=\"og:locale\" content=\"pt_BR\" \/>\n<meta property=\"og:type\" content=\"article\" \/>\n<meta property=\"og:title\" content=\"Homem \u00e9 preso ap\u00f3s agredir a mulher em avenida de Santos - Litoral SP\" \/>\n<meta property=\"og:description\" content=\"A Guarda Civil Municipal (GCM) de Santos prendeu um homem de 29 anos na Ponta da Praia. Ele foi flagrado agredindo uma mulher\" \/>\n<meta property=\"og:url\" content=\"https:\/\/redenoticiaz.com.br\/litoralsp\/2021\/09\/20\/homem-e-preso-apos-agredir-a-mulher-em-avenida-de-santos\" \/>\n<meta property=\"og:site_name\" content=\"Litoral SP\" \/>\n<meta property=\"article:published_time\" content=\"2021-09-20T18:36:13+00:00\" \/>\n<meta property=\"article:modified_time\" content=\"2021-09-20T18:36:39+00:00\" \/>\n<meta property=\"og:image\" content=\"https:\/\/redenoticiaz.com.br\/litoralsp\/wp-content\/uploads\/sites\/3\/2021\/09\/suspeitogcm.jpg\" \/>\n\t<meta property=\"og:image:width\" content=\"900\" \/>\n\t<meta property=\"og:image:height\" content=\"601\" \/>\n\t<meta property=\"og:image:type\" content=\"image\/jpeg\" \/>\n<meta name=\"author\" content=\"Leonardo Francisco\" \/>\n<meta name=\"twitter:card\" content=\"summary_large_image\" \/>\n<meta name=\"twitter:label1\" content=\"Escrito por\" \/>\n\t<meta name=\"twitter:data1\" content=\"Leonardo Francisco\" \/>\n\t<meta name=\"twitter:label2\" content=\"Est. tempo de leitura\" \/>\n\t<meta name=\"twitter:data2\" content=\"1 minuto\" \/>\n<script type=\"application\/ld+json\" class=\"yoast-schema-graph\">{\"@context\":\"https:\\\/\\\/schema.org\",\"@graph\":[{\"@type\":\"Article\",\"@id\":\"https:\\\/\\\/redenoticiaz.com.br\\\/litoralsp\\\/2021\\\/09\\\/20\\\/homem-e-preso-apos-agredir-a-mulher-em-avenida-de-santos#article\",\"isPartOf\":{\"@id\":\"https:\\\/\\\/redenoticiaz.com.br\\\/litoralsp\\\/2021\\\/09\\\/20\\\/homem-e-preso-apos-agredir-a-mulher-em-avenida-de-santos\"},\"author\":{\"name\":\"Leonardo Francisco\",\"@id\":\"https:\\\/\\\/redenoticiaz.com.br\\\/litoralsp\\\/#\\\/schema\\\/person\\\/0f0b8a5bdafefe82841e07ae8d81ecb3\"},\"headline\":\"Homem \u00e9 preso ap\u00f3s agredir a mulher em avenida de Santos\",\"datePublished\":\"2021-09-20T18:36:13+00:00\",\"dateModified\":\"2021-09-20T18:36:39+00:00\",\"mainEntityOfPage\":{\"@id\":\"https:\\\/\\\/redenoticiaz.com.br\\\/litoralsp\\\/2021\\\/09\\\/20\\\/homem-e-preso-apos-agredir-a-mulher-em-avenida-de-santos\"},\"wordCount\":207,\"commentCount\":0,\"publisher\":{\"@id\":\"https:\\\/\\\/redenoticiaz.com.br\\\/litoralsp\\\/#organization\"},\"image\":{\"@id\":\"https:\\\/\\\/redenoticiaz.com.br\\\/litoralsp\\\/2021\\\/09\\\/20\\\/homem-e-preso-apos-agredir-a-mulher-em-avenida-de-santos#primaryimage\"},\"thumbnailUrl\":\"https:\\\/\\\/redenoticiaz.com.br\\\/litoralsp\\\/wp-content\\\/uploads\\\/sites\\\/3\\\/2021\\\/09\\\/suspeitogcm.jpg\",\"keywords\":[\"AGRESS\u00c3O A MULHER\",\"HOMEM PRESO\",\"POL\u00cdCIA CIVIL\",\"PONTA DA PRAIA\",\"Santos\"],\"articleSection\":[\"Pol\u00edcia\",\"Santos\"],\"inLanguage\":\"pt-BR\",\"potentialAction\":[{\"@type\":\"CommentAction\",\"name\":\"Comment\",\"target\":[\"https:\\\/\\\/redenoticiaz.com.br\\\/litoralsp\\\/2021\\\/09\\\/20\\\/homem-e-preso-apos-agredir-a-mulher-em-avenida-de-santos#respond\"]}]},{\"@type\":\"WebPage\",\"@id\":\"https:\\\/\\\/redenoticiaz.com.br\\\/litoralsp\\\/2021\\\/09\\\/20\\\/homem-e-preso-apos-agredir-a-mulher-em-avenida-de-santos\",\"url\":\"https:\\\/\\\/redenoticiaz.com.br\\\/litoralsp\\\/2021\\\/09\\\/20\\\/homem-e-preso-apos-agredir-a-mulher-em-avenida-de-santos\",\"name\":\"Homem \u00e9 preso ap\u00f3s agredir a mulher em avenida de Santos - Litoral SP\",\"isPartOf\":{\"@id\":\"https:\\\/\\\/redenoticiaz.com.br\\\/litoralsp\\\/#website\"},\"primaryImageOfPage\":{\"@id\":\"https:\\\/\\\/redenoticiaz.com.br\\\/litoralsp\\\/2021\\\/09\\\/20\\\/homem-e-preso-apos-agredir-a-mulher-em-avenida-de-santos#primaryimage\"},\"image\":{\"@id\":\"https:\\\/\\\/redenoticiaz.com.br\\\/litoralsp\\\/2021\\\/09\\\/20\\\/homem-e-preso-apos-agredir-a-mulher-em-avenida-de-santos#primaryimage\"},\"thumbnailUrl\":\"https:\\\/\\\/redenoticiaz.com.br\\\/litoralsp\\\/wp-content\\\/uploads\\\/sites\\\/3\\\/2021\\\/09\\\/suspeitogcm.jpg\",\"datePublished\":\"2021-09-20T18:36:13+00:00\",\"dateModified\":\"2021-09-20T18:36:39+00:00\",\"description\":\"A Guarda Civil Municipal (GCM) de Santos prendeu um homem de 29 anos na Ponta da Praia. Ele foi flagrado agredindo uma mulher\",\"inLanguage\":\"pt-BR\",\"potentialAction\":[{\"@type\":\"ReadAction\",\"target\":[\"https:\\\/\\\/redenoticiaz.com.br\\\/litoralsp\\\/2021\\\/09\\\/20\\\/homem-e-preso-apos-agredir-a-mulher-em-avenida-de-santos\"]}]},{\"@type\":\"ImageObject\",\"inLanguage\":\"pt-BR\",\"@id\":\"https:\\\/\\\/redenoticiaz.com.br\\\/litoralsp\\\/2021\\\/09\\\/20\\\/homem-e-preso-apos-agredir-a-mulher-em-avenida-de-santos#primaryimage\",\"url\":\"https:\\\/\\\/redenoticiaz.com.br\\\/litoralsp\\\/wp-content\\\/uploads\\\/sites\\\/3\\\/2021\\\/09\\\/suspeitogcm.jpg\",\"contentUrl\":\"https:\\\/\\\/redenoticiaz.com.br\\\/litoralsp\\\/wp-content\\\/uploads\\\/sites\\\/3\\\/2021\\\/09\\\/suspeitogcm.jpg\",\"width\":900,\"height\":601,\"caption\":\"Cr\u00e9ditos: Divulga\u00e7\u00e3o\\\/Prefeitura de Santos.\"},{\"@type\":\"WebSite\",\"@id\":\"https:\\\/\\\/redenoticiaz.com.br\\\/litoralsp\\\/#website\",\"url\":\"https:\\\/\\\/redenoticiaz.com.br\\\/litoralsp\\\/\",\"name\":\"Litoral SP\",\"description\":\"Rede NoticiaZ\",\"publisher\":{\"@id\":\"https:\\\/\\\/redenoticiaz.com.br\\\/litoralsp\\\/#organization\"},\"potentialAction\":[{\"@type\":\"SearchAction\",\"target\":{\"@type\":\"EntryPoint\",\"urlTemplate\":\"https:\\\/\\\/redenoticiaz.com.br\\\/litoralsp\\\/?s={search_term_string}\"},\"query-input\":{\"@type\":\"PropertyValueSpecification\",\"valueRequired\":true,\"valueName\":\"search_term_string\"}}],\"inLanguage\":\"pt-BR\"},{\"@type\":\"Organization\",\"@id\":\"https:\\\/\\\/redenoticiaz.com.br\\\/litoralsp\\\/#organization\",\"name\":\"Litoral SP\",\"url\":\"https:\\\/\\\/redenoticiaz.com.br\\\/litoralsp\\\/\",\"logo\":{\"@type\":\"ImageObject\",\"inLanguage\":\"pt-BR\",\"@id\":\"https:\\\/\\\/redenoticiaz.com.br\\\/litoralsp\\\/#\\\/schema\\\/logo\\\/image\\\/\",\"url\":\"https:\\\/\\\/redenoticiaz.com.br\\\/litoralsp\\\/wp-content\\\/uploads\\\/sites\\\/3\\\/2020\\\/11\\\/logo.jpg\",\"contentUrl\":\"https:\\\/\\\/redenoticiaz.com.br\\\/litoralsp\\\/wp-content\\\/uploads\\\/sites\\\/3\\\/2020\\\/11\\\/logo.jpg\",\"width\":400,\"height\":250,\"caption\":\"Litoral SP\"},\"image\":{\"@id\":\"https:\\\/\\\/redenoticiaz.com.br\\\/litoralsp\\\/#\\\/schema\\\/logo\\\/image\\\/\"}},{\"@type\":\"Person\",\"@id\":\"https:\\\/\\\/redenoticiaz.com.br\\\/litoralsp\\\/#\\\/schema\\\/person\\\/0f0b8a5bdafefe82841e07ae8d81ecb3\",\"name\":\"Leonardo Francisco\",\"image\":{\"@type\":\"ImageObject\",\"inLanguage\":\"pt-BR\",\"@id\":\"https:\\\/\\\/secure.gravatar.com\\\/avatar\\\/a7358cb406a99b682ec6df1e77e31ae82e63601f6784e8a3df411d72b37864da?s=96&d=mm&r=g\",\"url\":\"https:\\\/\\\/secure.gravatar.com\\\/avatar\\\/a7358cb406a99b682ec6df1e77e31ae82e63601f6784e8a3df411d72b37864da?s=96&d=mm&r=g\",\"contentUrl\":\"https:\\\/\\\/secure.gravatar.com\\\/avatar\\\/a7358cb406a99b682ec6df1e77e31ae82e63601f6784e8a3df411d72b37864da?s=96&d=mm&r=g\",\"caption\":\"Leonardo Francisco\"},\"url\":\"https:\\\/\\\/redenoticiaz.com.br\\\/litoralsp\\\/author\\\/leonardo-francisco\"}]}<\/script>\n<!-- \/ Yoast SEO plugin. -->","yoast_head_json":{"title":"Homem \u00e9 preso ap\u00f3s agredir a mulher em avenida de Santos - Litoral SP","description":"A Guarda Civil Municipal (GCM) de Santos prendeu um homem de 29 anos na Ponta da Praia. Ele foi flagrado agredindo uma mulher","robots":{"index":"index","follow":"follow","max-snippet":"max-snippet:-1","max-image-preview":"max-image-preview:large","max-video-preview":"max-video-preview:-1"},"canonical":"https:\/\/redenoticiaz.com.br\/litoralsp\/2021\/09\/20\/homem-e-preso-apos-agredir-a-mulher-em-avenida-de-santos","og_locale":"pt_BR","og_type":"article","og_title":"Homem \u00e9 preso ap\u00f3s agredir a mulher em avenida de Santos - Litoral SP","og_description":"A Guarda Civil Municipal (GCM) de Santos prendeu um homem de 29 anos na Ponta da Praia. Ele foi flagrado agredindo uma mulher","og_url":"https:\/\/redenoticiaz.com.br\/litoralsp\/2021\/09\/20\/homem-e-preso-apos-agredir-a-mulher-em-avenida-de-santos","og_site_name":"Litoral SP","article_published_time":"2021-09-20T18:36:13+00:00","article_modified_time":"2021-09-20T18:36:39+00:00","og_image":[{"width":900,"height":601,"url":"https:\/\/redenoticiaz.com.br\/litoralsp\/wp-content\/uploads\/sites\/3\/2021\/09\/suspeitogcm.jpg","type":"image\/jpeg"}],"author":"Leonardo Francisco","twitter_card":"summary_large_image","twitter_misc":{"Escrito por":"Leonardo Francisco","Est. tempo de leitura":"1 minuto"},"schema":{"@context":"https:\/\/schema.org","@graph":[{"@type":"Article","@id":"https:\/\/redenoticiaz.com.br\/litoralsp\/2021\/09\/20\/homem-e-preso-apos-agredir-a-mulher-em-avenida-de-santos#article","isPartOf":{"@id":"https:\/\/redenoticiaz.com.br\/litoralsp\/2021\/09\/20\/homem-e-preso-apos-agredir-a-mulher-em-avenida-de-santos"},"author":{"name":"Leonardo Francisco","@id":"https:\/\/redenoticiaz.com.br\/litoralsp\/#\/schema\/person\/0f0b8a5bdafefe82841e07ae8d81ecb3"},"headline":"Homem \u00e9 preso ap\u00f3s agredir a mulher em avenida de Santos","datePublished":"2021-09-20T18:36:13+00:00","dateModified":"2021-09-20T18:36:39+00:00","mainEntityOfPage":{"@id":"https:\/\/redenoticiaz.com.br\/litoralsp\/2021\/09\/20\/homem-e-preso-apos-agredir-a-mulher-em-avenida-de-santos"},"wordCount":207,"commentCount":0,"publisher":{"@id":"https:\/\/redenoticiaz.com.br\/litoralsp\/#organization"},"image":{"@id":"https:\/\/redenoticiaz.com.br\/litoralsp\/2021\/09\/20\/homem-e-preso-apos-agredir-a-mulher-em-avenida-de-santos#primaryimage"},"thumbnailUrl":"https:\/\/redenoticiaz.com.br\/litoralsp\/wp-content\/uploads\/sites\/3\/2021\/09\/suspeitogcm.jpg","keywords":["AGRESS\u00c3O A MULHER","HOMEM PRESO","POL\u00cdCIA CIVIL","PONTA DA PRAIA","Santos"],"articleSection":["Pol\u00edcia","Santos"],"inLanguage":"pt-BR","potentialAction":[{"@type":"CommentAction","name":"Comment","target":["https:\/\/redenoticiaz.com.br\/litoralsp\/2021\/09\/20\/homem-e-preso-apos-agredir-a-mulher-em-avenida-de-santos#respond"]}]},{"@type":"WebPage","@id":"https:\/\/redenoticiaz.com.br\/litoralsp\/2021\/09\/20\/homem-e-preso-apos-agredir-a-mulher-em-avenida-de-santos","url":"https:\/\/redenoticiaz.com.br\/litoralsp\/2021\/09\/20\/homem-e-preso-apos-agredir-a-mulher-em-avenida-de-santos","name":"Homem \u00e9 preso ap\u00f3s agredir a mulher em avenida de Santos - Litoral SP","isPartOf":{"@id":"https:\/\/redenoticiaz.com.br\/litoralsp\/#website"},"primaryImageOfPage":{"@id":"https:\/\/redenoticiaz.com.br\/litoralsp\/2021\/09\/20\/homem-e-preso-apos-agredir-a-mulher-em-avenida-de-santos#primaryimage"},"image":{"@id":"https:\/\/redenoticiaz.com.br\/litoralsp\/2021\/09\/20\/homem-e-preso-apos-agredir-a-mulher-em-avenida-de-santos#primaryimage"},"thumbnailUrl":"https:\/\/redenoticiaz.com.br\/litoralsp\/wp-content\/uploads\/sites\/3\/2021\/09\/suspeitogcm.jpg","datePublished":"2021-09-20T18:36:13+00:00","dateModified":"2021-09-20T18:36:39+00:00","description":"A Guarda Civil Municipal (GCM) de Santos prendeu um homem de 29 anos na Ponta da Praia. Ele foi flagrado agredindo uma mulher","inLanguage":"pt-BR","potentialAction":[{"@type":"ReadAction","target":["https:\/\/redenoticiaz.com.br\/litoralsp\/2021\/09\/20\/homem-e-preso-apos-agredir-a-mulher-em-avenida-de-santos"]}]},{"@type":"ImageObject","inLanguage":"pt-BR","@id":"https:\/\/redenoticiaz.com.br\/litoralsp\/2021\/09\/20\/homem-e-preso-apos-agredir-a-mulher-em-avenida-de-santos#primaryimage","url":"https:\/\/redenoticiaz.com.br\/litoralsp\/wp-content\/uploads\/sites\/3\/2021\/09\/suspeitogcm.jpg","contentUrl":"https:\/\/redenoticiaz.com.br\/litoralsp\/wp-content\/uploads\/sites\/3\/2021\/09\/suspeitogcm.jpg","width":900,"height":601,"caption":"Cr\u00e9ditos: Divulga\u00e7\u00e3o\/Prefeitura de Santos."},{"@type":"WebSite","@id":"https:\/\/redenoticiaz.com.br\/litoralsp\/#website","url":"https:\/\/redenoticiaz.com.br\/litoralsp\/","name":"Litoral SP","description":"Rede NoticiaZ","publisher":{"@id":"https:\/\/redenoticiaz.com.br\/litoralsp\/#organization"},"potentialAction":[{"@type":"SearchAction","target":{"@type":"EntryPoint","urlTemplate":"https:\/\/redenoticiaz.com.br\/litoralsp\/?s={search_term_string}"},"query-input":{"@type":"PropertyValueSpecification","valueRequired":true,"valueName":"search_term_string"}}],"inLanguage":"pt-BR"},{"@type":"Organization","@id":"https:\/\/redenoticiaz.com.br\/litoralsp\/#organization","name":"Litoral SP","url":"https:\/\/redenoticiaz.com.br\/litoralsp\/","logo":{"@type":"ImageObject","inLanguage":"pt-BR","@id":"https:\/\/redenoticiaz.com.br\/litoralsp\/#\/schema\/logo\/image\/","url":"https:\/\/redenoticiaz.com.br\/litoralsp\/wp-content\/uploads\/sites\/3\/2020\/11\/logo.jpg","contentUrl":"https:\/\/redenoticiaz.com.br\/litoralsp\/wp-content\/uploads\/sites\/3\/2020\/11\/logo.jpg","width":400,"height":250,"caption":"Litoral SP"},"image":{"@id":"https:\/\/redenoticiaz.com.br\/litoralsp\/#\/schema\/logo\/image\/"}},{"@type":"Person","@id":"https:\/\/redenoticiaz.com.br\/litoralsp\/#\/schema\/person\/0f0b8a5bdafefe82841e07ae8d81ecb3","name":"Leonardo Francisco","image":{"@type":"ImageObject","inLanguage":"pt-BR","@id":"https:\/\/secure.gravatar.com\/avatar\/a7358cb406a99b682ec6df1e77e31ae82e63601f6784e8a3df411d72b37864da?s=96&d=mm&r=g","url":"https:\/\/secure.gravatar.com\/avatar\/a7358cb406a99b682ec6df1e77e31ae82e63601f6784e8a3df411d72b37864da?s=96&d=mm&r=g","contentUrl":"https:\/\/secure.gravatar.com\/avatar\/a7358cb406a99b682ec6df1e77e31ae82e63601f6784e8a3df411d72b37864da?s=96&d=mm&r=g","caption":"Leonardo Francisco"},"url":"https:\/\/redenoticiaz.com.br\/litoralsp\/author\/leonardo-francisco"}]}},"_links":{"self":[{"href":"https:\/\/redenoticiaz.com.br\/litoralsp\/wp-json\/wp\/v2\/posts\/14975","targetHints":{"allow":["GET"]}}],"collection":[{"href":"https:\/\/redenoticiaz.com.br\/litoralsp\/wp-json\/wp\/v2\/posts"}],"about":[{"href":"https:\/\/redenoticiaz.com.br\/litoralsp\/wp-json\/wp\/v2\/types\/post"}],"author":[{"embeddable":true,"href":"https:\/\/redenoticiaz.com.br\/litoralsp\/wp-json\/wp\/v2\/users\/6"}],"replies":[{"embeddable":true,"href":"https:\/\/redenoticiaz.com.br\/litoralsp\/wp-json\/wp\/v2\/comments?post=14975"}],"version-history":[{"count":1,"href":"https:\/\/redenoticiaz.com.br\/litoralsp\/wp-json\/wp\/v2\/posts\/14975\/revisions"}],"predecessor-version":[{"id":14977,"href":"https:\/\/redenoticiaz.com.br\/litoralsp\/wp-json\/wp\/v2\/posts\/14975\/revisions\/14977"}],"wp:featuredmedia":[{"embeddable":true,"href":"https:\/\/redenoticiaz.com.br\/litoralsp\/wp-json\/wp\/v2\/media\/14976"}],"wp:attachment":[{"href":"https:\/\/redenoticiaz.com.br\/litoralsp\/wp-json\/wp\/v2\/media?parent=14975"}],"wp:term":[{"taxonomy":"category","embeddable":true,"href":"https:\/\/redenoticiaz.com.br\/litoralsp\/wp-json\/wp\/v2\/categories?post=14975"},{"taxonomy":"post_tag","embeddable":true,"href":"https:\/\/redenoticiaz.com.br\/litoralsp\/wp-json\/wp\/v2\/tags?post=14975"}],"curies":[{"name":"wp","href":"https:\/\/api.w.org\/{rel}","templated":true}]}}